{"id":22493,"date":"2023-10-23T10:12:24","date_gmt":"2023-10-23T08:12:24","guid":{"rendered":"https:\/\/www.organisator.ch\/?p=22493"},"modified":"2023-10-23T10:12:24","modified_gmt":"2023-10-23T08:12:24","slug":"strategische-neuausrichtung-job-suche-in-den-mittelpunkt","status":"publish","type":"post","link":"https:\/\/www.organisator.ch\/de\/management\/2023-10-23\/strategische-neuausrichtung-job-suche-in-den-mittelpunkt\/","title":{"rendered":"Strategische Neuausrichtung: Job-Suche in den Mittelpunkt"},"content":{"rendered":"<figure id=\"attachment_22510\" aria-describedby=\"caption-attachment-22510\" style=\"width: 680px\" class=\"wp-caption alignnone\"><img loading=\"lazy\" decoding=\"async\" class=\"wp-image-22510 size-full\" src=\"https:\/\/www.organisator.ch\/wp-content\/uploads\/2023\/10\/XING_Bild2_ps.jpg\" alt=\"\" width=\"680\" height=\"523\" srcset=\"https:\/\/www.organisator.ch\/wp-content\/uploads\/2023\/10\/XING_Bild2_ps.jpg 680w, https:\/\/www.organisator.ch\/wp-content\/uploads\/2023\/10\/XING_Bild2_ps-16x12.jpg 16w, https:\/\/www.organisator.ch\/wp-content\/uploads\/2023\/10\/XING_Bild2_ps-375x288.jpg 375w, https:\/\/www.organisator.ch\/wp-content\/uploads\/2023\/10\/XING_Bild2_ps-455x350.jpg 455w\" sizes=\"auto, (max-width: 680px) 100vw, 680px\" \/><figcaption id=\"caption-attachment-22510\" class=\"wp-caption-text\">XING: Job-Suche auf die smarte Art. (Bild: www.xing.ch)<\/figcaption><\/figure>\n<p>\u201eWir leben heute in einem Arbeitnehmermarkt mit gen\u00fcgend offenen Stellen aber zu\u00a0wenigen Arbeitskr\u00e4ften. Arbeitnehmerinnen und Arbeitnehmer haben heutzutage die Wahl f\u00fcr\u00a0welchen Arbeitgeber sie sich entscheiden. Als Jobs-Netzwerk ist es unser Ziel sie dabei zu\u00a0unterst\u00fctzen den Job zu finden, der wirklich zu ihnen passt\u201c, sagt Thomas Kindler, Managing Director\u00a0XING.<\/p>\n<p>Dass der Fokus bei XING zuk\u00fcnftig auf dem Thema Jobs liegt, wird bereits beim \u00d6ffnen der App oder der XING-Webseite deutlich. Auf der neu geschaffenen Startseite werden Nutzerinnen und Nutzer mit auf sie zugeschnittenen Vorschl\u00e4gen inspiriert, sich umzuschauen, sogar dann, wenn sie aktuell nicht aktiv auf Jobsuche sind. So finden sich hier auch Jobs f\u00fcr Quereinsteiger oder Unternehmen, die eine ganz besondere Unternehmenskultur bieten. \u00dcber die neue Funktion \u201eJob-W\u00fcnsche\u201c erhalten XING-Mitglieder k\u00fcnftig personalisierte Jobvorschl\u00e4ge auf Basis ihrer zuvor angegebenen Pr\u00e4ferenzen und Profil-Angaben. Nutzerinnen und Nutzer erhalten dadurch die M\u00f6glichkeit noch gezielter anzugeben, was ihnen bei einem potenziellen Arbeitgeber oder einem neuen Job wichtig ist.<\/p>\n<p>Aktiv Job-Suchende k\u00f6nnen damit um bis zu 70 Prozent ihre Chancen erh\u00f6hen, zu ihnen passende Job-Empfehlungen direkt bei XING angezeigt zu bekommen. Mehr als 20&#8217;000 Recruiter auf der Plattform machen XING jedoch nicht nur f\u00fcr aktiv Job-Suchende spannend, sondern bieten auch passiv Job-Suchenden Vorteile.<\/p>\n<p>XING Managing Director Thomas Kindler freut sich \u00fcber die positiven Reaktionen der Nutzerinnen und Nutzer auf das neue Angebot: \u201eDie ausgiebigen Tests, die wir im Vorfeld des Rollouts der neuen XING-Startseite umgesetzt haben, zeigen, dass unsere Mitglieder den Wandel von XING hin zu einem Jobs-Netzwerk annehmen. Der Traffic im Jobs-Bereich hat sich verdoppelt, Nutzerinnen und Nutzer haben sich circa viermal h\u00e4ufiger auf Top-Stellenanzeigen beworben und auch die Antwortraten auf Recruiter-Anfragen haben sich um circa 50 Prozent verbessert. Die Transformation von XING ist noch lange nicht abgeschlossen, aber wir sind auf dem richtigen Weg\u201c.<\/p>\n<h3><strong>Der XING-Stellenmarkt<\/strong><\/h3>\n<p>Neben den umfangreichen Stellenangeboten\u00a0profitieren Job-Suchende von direkt in den Job-Postings integrierten Gehaltsprognosen, spannenden\u00a0Infos zur Unternehmenskultur und Arbeitgeberbewertungen. Mitglieder, die ihr Profil vollst\u00e4ndig ausgef\u00fcllt haben und stetig aktualisieren, haben die\u00a0M\u00f6glichkeit, sich mit nur einem Klick auf einen f\u00fcr sie interessanten Job bewerben zu k\u00f6nnen. Der Lebenslaufgenerator \u00abLebenslauf.com\u00bb der DACH-Region ist direkt bei XING\u00a0implementiert. Zuk\u00fcnftig k\u00f6nnen Job-Suchende einfach und bequem die Daten aus ihrem XING\u00a0Profil \u00fcbernehmen, eine der vielen Design-Vorlagen ausw\u00e4hlen, noch Angaben erg\u00e4nzen und\u00a0ihre Bewerbung anschliessend mit einem automatisch generierten Lebenslauf erfolgreich einreichen.<\/p>\n<h3><strong>Netzwerken auch weiterhin m\u00f6glich\u00a0<\/strong><\/h3>\n<p>Auch wenn die neue strategische Ausrichtung von XING die Job-Suche im Fokus hat, besteht auch weiterhin die M\u00f6glichkeit, sich mit den rund 22 Millionen Mitgliedern zu vernetzen und auszutauschen. Ausserdem gibt es auch Artikel und Tipps von mehr als 250 erfahrenen Profis und Insiderinnen rund um die Themen Jobsuche, Jobangebote, Karrierewege und Arbeitsmarkttrends sowie die popul\u00e4ren XING-News, die Interessierte \u00fcber neue Entwicklungen in bestimmten Branchen auf dem Laufenden halten.<\/p>\n<p>Thomas Kindler fasst die Vorteile von XING treffend zusammen: \u201eEs gibt viele Job-Plattformen aber\u00a0nur ein Jobs-Netzwerk und das ist XING. Wir bieten unseren Nutzerinnen und Nutzern eine\u00a0Plattform, auf der sie attraktive Jobs finden und gleichzeitig auch von spannenden Unternehmen und\u00a0f\u00fchrenden Recruitern gefunden werden k\u00f6nnen. Wir unterst\u00fctzen sie beim einfachen Bewerben auf\u00a0interessante Jobs und f\u00f6rdern nat\u00fcrlich auch weiterhin den Austausch untereinander\u201c.<\/p>\n<p><em>Quelle: <a href=\"https:\/\/www.xing.com\/\">www.xing.ch\u00a0<\/a><\/em><\/p>\n","protected":false},"excerpt":{"rendered":"<p>XING transformiert sich von einem allgemeinen beruflichen Netzwerk zu einem Jobs-Netzwerk. Mit der strategischen Neuausrichtung reagiert XING im 20. Jahr seines Bestehens auf eine ver\u00e4nderte Marktsituation, die durch den demographischen Wandel und den Fachkr\u00e4ftemangel entstanden ist. <\/p>\n","protected":false},"author":58,"featured_media":22510,"comment_status":"closed","ping_status":"closed","sticky":false,"template":"","format":"standard","meta":{"_acf_changed":false,"_yoast_wpseo_focuskw":"Job-Suche","_yoast_wpseo_metadesc":"XING transformiert sich von einem allgemeinen beruflichen Netzwerk zu einem Jobs-Netzwerk. Der Grund: eine ver\u00e4nderte Marktsituation.","articlekey":"","footnotes":""},"categories":[28],"tags":[156,194,1463,334],"class_list":["post-22493","post","type-post","status-publish","format-standard","has-post-thumbnail","hentry","category-management","tag-digitalisierung","tag-fachkraeftemangel","tag-job","tag-management"],"acf":[],"yoast_head":"<!-- This site is optimized with the Yoast SEO plugin v27.4 - https:\/\/yoast.com\/product\/yoast-seo-wordpress\/ -->\n<title>Strategische Neuausrichtung: Job-Suche in den Mittelpunkt - Organisator<\/title>\n<meta name=\"description\" content=\"XING transformiert sich von einem allgemeinen beruflichen Netzwerk zu einem Jobs-Netzwerk. Der Grund: eine ver\u00e4nderte Marktsituation.\" \/>\n<meta name=\"robots\" content=\"index, follow, max-snippet:-1, max-image-preview:large, max-video-preview:-1\" \/>\n<link rel=\"canonical\" href=\"https:\/\/www.organisator.ch\/de\/management\/2023-10-23\/strategische-neuausrichtung-job-suche-in-den-mittelpunkt\/\" \/>\n<meta property=\"og:locale\" content=\"de_DE\" \/>\n<meta property=\"og:type\" content=\"article\" \/>\n<meta property=\"og:title\" content=\"Strategische Neuausrichtung: Job-Suche in den Mittelpunkt\" \/>\n<meta property=\"og:description\" content=\"XING transformiert sich von einem allgemeinen beruflichen Netzwerk zu einem Jobs-Netzwerk. Der Grund: eine ver\u00e4nderte Marktsituation.\" \/>\n<meta property=\"og:url\" content=\"https:\/\/www.organisator.ch\/de\/management\/2023-10-23\/strategische-neuausrichtung-job-suche-in-den-mittelpunkt\/\" \/>\n<meta property=\"og:site_name\" content=\"Organisator\" \/>\n<meta property=\"article:publisher\" content=\"https:\/\/www.facebook.com\/OrganisatorFachmagazin\" \/>\n<meta property=\"article:published_time\" content=\"2023-10-23T08:12:24+00:00\" \/>\n<meta property=\"og:image\" content=\"https:\/\/www.organisator.ch\/wp-content\/uploads\/2023\/10\/XING_Bild2_ps.jpg\" \/>\n\t<meta property=\"og:image:width\" content=\"680\" \/>\n\t<meta property=\"og:image:height\" content=\"523\" \/>\n\t<meta property=\"og:image:type\" content=\"image\/jpeg\" \/>\n<meta name=\"author\" content=\"Adelisa Kalajdzini\" \/>\n<meta name=\"twitter:card\" content=\"summary_large_image\" \/>\n<meta name=\"twitter:title\" content=\"Strategische Neuausrichtung: Job-Suche in den Mittelpunkt\" \/>\n<meta name=\"twitter:description\" content=\"#XING transformiert sich von einem allgemeinen beruflichen #Netzwerk zu einem #Jobs-Netzwerk. Der Grund: eine ver\u00e4nderte #Marktsituation.\" \/>\n<meta name=\"twitter:image\" content=\"https:\/\/www.organisator.ch\/wp-content\/uploads\/2023\/10\/XING_Bild2_ps.jpg\" \/>\n<script type=\"application\/ld+json\" class=\"yoast-schema-graph\">{\"@context\":\"https:\\\/\\\/schema.org\",\"@graph\":[{\"@type\":\"Article\",\"@id\":\"https:\\\/\\\/www.organisator.ch\\\/management\\\/2023-10-23\\\/strategische-neuausrichtung-job-suche-in-den-mittelpunkt\\\/#article\",\"isPartOf\":{\"@id\":\"https:\\\/\\\/www.organisator.ch\\\/management\\\/2023-10-23\\\/strategische-neuausrichtung-job-suche-in-den-mittelpunkt\\\/\"},\"author\":{\"name\":\"Adelisa Kalajdzini\",\"@id\":\"https:\\\/\\\/www.organisator.ch\\\/#\\\/schema\\\/person\\\/2e1314a2172123f874db408d8911d3f3\"},\"headline\":\"Strategische Neuausrichtung: Job-Suche in den Mittelpunkt\",\"datePublished\":\"2023-10-23T08:12:24+00:00\",\"mainEntityOfPage\":{\"@id\":\"https:\\\/\\\/www.organisator.ch\\\/management\\\/2023-10-23\\\/strategische-neuausrichtung-job-suche-in-den-mittelpunkt\\\/\"},\"wordCount\":576,\"publisher\":{\"@id\":\"https:\\\/\\\/www.organisator.ch\\\/#organization\"},\"image\":{\"@id\":\"https:\\\/\\\/www.organisator.ch\\\/management\\\/2023-10-23\\\/strategische-neuausrichtung-job-suche-in-den-mittelpunkt\\\/#primaryimage\"},\"thumbnailUrl\":\"https:\\\/\\\/www.organisator.ch\\\/wp-content\\\/uploads\\\/2023\\\/10\\\/XING_Bild2_ps.jpg\",\"keywords\":[\"Digitalisierung\",\"Fachkr\u00e4ftemangel\",\"Job\",\"Management\"],\"articleSection\":[\"MANAGEMENT\"],\"inLanguage\":\"de\"},{\"@type\":\"WebPage\",\"@id\":\"https:\\\/\\\/www.organisator.ch\\\/management\\\/2023-10-23\\\/strategische-neuausrichtung-job-suche-in-den-mittelpunkt\\\/\",\"url\":\"https:\\\/\\\/www.organisator.ch\\\/management\\\/2023-10-23\\\/strategische-neuausrichtung-job-suche-in-den-mittelpunkt\\\/\",\"name\":\"Strategische Neuausrichtung: Job-Suche in den Mittelpunkt - Organisator\",\"isPartOf\":{\"@id\":\"https:\\\/\\\/www.organisator.ch\\\/#website\"},\"primaryImageOfPage\":{\"@id\":\"https:\\\/\\\/www.organisator.ch\\\/management\\\/2023-10-23\\\/strategische-neuausrichtung-job-suche-in-den-mittelpunkt\\\/#primaryimage\"},\"image\":{\"@id\":\"https:\\\/\\\/www.organisator.ch\\\/management\\\/2023-10-23\\\/strategische-neuausrichtung-job-suche-in-den-mittelpunkt\\\/#primaryimage\"},\"thumbnailUrl\":\"https:\\\/\\\/www.organisator.ch\\\/wp-content\\\/uploads\\\/2023\\\/10\\\/XING_Bild2_ps.jpg\",\"datePublished\":\"2023-10-23T08:12:24+00:00\",\"description\":\"XING transformiert sich von einem allgemeinen beruflichen Netzwerk zu einem Jobs-Netzwerk. Der Grund: eine ver\u00e4nderte Marktsituation.\",\"breadcrumb\":{\"@id\":\"https:\\\/\\\/www.organisator.ch\\\/management\\\/2023-10-23\\\/strategische-neuausrichtung-job-suche-in-den-mittelpunkt\\\/#breadcrumb\"},\"inLanguage\":\"de\",\"potentialAction\":[{\"@type\":\"ReadAction\",\"target\":[\"https:\\\/\\\/www.organisator.ch\\\/management\\\/2023-10-23\\\/strategische-neuausrichtung-job-suche-in-den-mittelpunkt\\\/\"]}]},{\"@type\":\"ImageObject\",\"inLanguage\":\"de\",\"@id\":\"https:\\\/\\\/www.organisator.ch\\\/management\\\/2023-10-23\\\/strategische-neuausrichtung-job-suche-in-den-mittelpunkt\\\/#primaryimage\",\"url\":\"https:\\\/\\\/www.organisator.ch\\\/wp-content\\\/uploads\\\/2023\\\/10\\\/XING_Bild2_ps.jpg\",\"contentUrl\":\"https:\\\/\\\/www.organisator.ch\\\/wp-content\\\/uploads\\\/2023\\\/10\\\/XING_Bild2_ps.jpg\",\"width\":680,\"height\":523,\"caption\":\"XING: Entdecke Jobs auf die smarte Art. (Bild: www.xing.ch)\"},{\"@type\":\"BreadcrumbList\",\"@id\":\"https:\\\/\\\/www.organisator.ch\\\/management\\\/2023-10-23\\\/strategische-neuausrichtung-job-suche-in-den-mittelpunkt\\\/#breadcrumb\",\"itemListElement\":[{\"@type\":\"ListItem\",\"position\":1,\"name\":\"Home\",\"item\":\"https:\\\/\\\/www.organisator.ch\\\/\"},{\"@type\":\"ListItem\",\"position\":2,\"name\":\"Strategische Neuausrichtung: Job-Suche in den Mittelpunkt\"}]},{\"@type\":\"WebSite\",\"@id\":\"https:\\\/\\\/www.organisator.ch\\\/#website\",\"url\":\"https:\\\/\\\/www.organisator.ch\\\/\",\"name\":\"Organisator\",\"description\":\"Kompetent. Praxisnah. Der ORGANISATOR bereitet in 10 Ausgaben pro Jahr die wesentlichen Themen f\u00fcr F\u00fchrungskr\u00e4fte von KMU auf.\",\"publisher\":{\"@id\":\"https:\\\/\\\/www.organisator.ch\\\/#organization\"},\"potentialAction\":[{\"@type\":\"SearchAction\",\"target\":{\"@type\":\"EntryPoint\",\"urlTemplate\":\"https:\\\/\\\/www.organisator.ch\\\/?s={search_term_string}\"},\"query-input\":{\"@type\":\"PropertyValueSpecification\",\"valueRequired\":true,\"valueName\":\"search_term_string\"}}],\"inLanguage\":\"de\"},{\"@type\":\"Organization\",\"@id\":\"https:\\\/\\\/www.organisator.ch\\\/#organization\",\"name\":\"Organisator\",\"url\":\"https:\\\/\\\/www.organisator.ch\\\/\",\"logo\":{\"@type\":\"ImageObject\",\"inLanguage\":\"de\",\"@id\":\"https:\\\/\\\/www.organisator.ch\\\/#\\\/schema\\\/logo\\\/image\\\/\",\"url\":\"https:\\\/\\\/www.organisator.ch\\\/wp-content\\\/uploads\\\/2022\\\/01\\\/Logo_Organisator_Website.png\",\"contentUrl\":\"https:\\\/\\\/www.organisator.ch\\\/wp-content\\\/uploads\\\/2022\\\/01\\\/Logo_Organisator_Website.png\",\"width\":800,\"height\":77,\"caption\":\"Organisator\"},\"image\":{\"@id\":\"https:\\\/\\\/www.organisator.ch\\\/#\\\/schema\\\/logo\\\/image\\\/\"},\"sameAs\":[\"https:\\\/\\\/www.facebook.com\\\/OrganisatorFachmagazin\",\"https:\\\/\\\/www.linkedin.com\\\/showcase\\\/organisator-das-magazin-fr-kmu\",\"https:\\\/\\\/www.xing.com\\\/news\\\/pages\\\/organisator-ch-695\",\"https:\\\/\\\/www.youtube.com\\\/channel\\\/UCGP2Sq0iWaZwT3BdIAQFYpw\"]},{\"@type\":\"Person\",\"@id\":\"https:\\\/\\\/www.organisator.ch\\\/#\\\/schema\\\/person\\\/2e1314a2172123f874db408d8911d3f3\",\"name\":\"Adelisa Kalajdzini\",\"image\":{\"@type\":\"ImageObject\",\"inLanguage\":\"de\",\"@id\":\"https:\\\/\\\/secure.gravatar.com\\\/avatar\\\/09a397c22ac58cad6f160ee8306348599df9df58a8ede73696226897b9fa4b24?s=96&d=mm&r=g\",\"url\":\"https:\\\/\\\/secure.gravatar.com\\\/avatar\\\/09a397c22ac58cad6f160ee8306348599df9df58a8ede73696226897b9fa4b24?s=96&d=mm&r=g\",\"contentUrl\":\"https:\\\/\\\/secure.gravatar.com\\\/avatar\\\/09a397c22ac58cad6f160ee8306348599df9df58a8ede73696226897b9fa4b24?s=96&d=mm&r=g\",\"caption\":\"Adelisa Kalajdzini\"},\"url\":\"https:\\\/\\\/www.organisator.ch\\\/de\\\/author\\\/adelisa-kalajdzini\\\/\"}]}<\/script>\n<!-- \/ Yoast SEO plugin. -->","yoast_head_json":{"title":"Strategische Neuausrichtung: Job-Suche in den Mittelpunkt - Organisator","description":"XING transformiert sich von einem allgemeinen beruflichen Netzwerk zu einem Jobs-Netzwerk. Der Grund: eine ver\u00e4nderte Marktsituation.","robots":{"index":"index","follow":"follow","max-snippet":"max-snippet:-1","max-image-preview":"max-image-preview:large","max-video-preview":"max-video-preview:-1"},"canonical":"https:\/\/www.organisator.ch\/de\/management\/2023-10-23\/strategische-neuausrichtung-job-suche-in-den-mittelpunkt\/","og_locale":"de_DE","og_type":"article","og_title":"Strategische Neuausrichtung: Job-Suche in den Mittelpunkt","og_description":"XING transformiert sich von einem allgemeinen beruflichen Netzwerk zu einem Jobs-Netzwerk. Der Grund: eine ver\u00e4nderte Marktsituation.","og_url":"https:\/\/www.organisator.ch\/de\/management\/2023-10-23\/strategische-neuausrichtung-job-suche-in-den-mittelpunkt\/","og_site_name":"Organisator","article_publisher":"https:\/\/www.facebook.com\/OrganisatorFachmagazin","article_published_time":"2023-10-23T08:12:24+00:00","og_image":[{"width":680,"height":523,"url":"https:\/\/www.organisator.ch\/wp-content\/uploads\/2023\/10\/XING_Bild2_ps.jpg","type":"image\/jpeg"}],"author":"Adelisa Kalajdzini","twitter_card":"summary_large_image","twitter_title":"Strategische Neuausrichtung: Job-Suche in den Mittelpunkt","twitter_description":"#XING transformiert sich von einem allgemeinen beruflichen #Netzwerk zu einem #Jobs-Netzwerk. Der Grund: eine ver\u00e4nderte #Marktsituation.","twitter_image":"https:\/\/www.organisator.ch\/wp-content\/uploads\/2023\/10\/XING_Bild2_ps.jpg","schema":{"@context":"https:\/\/schema.org","@graph":[{"@type":"Article","@id":"https:\/\/www.organisator.ch\/management\/2023-10-23\/strategische-neuausrichtung-job-suche-in-den-mittelpunkt\/#article","isPartOf":{"@id":"https:\/\/www.organisator.ch\/management\/2023-10-23\/strategische-neuausrichtung-job-suche-in-den-mittelpunkt\/"},"author":{"name":"Adelisa Kalajdzini","@id":"https:\/\/www.organisator.ch\/#\/schema\/person\/2e1314a2172123f874db408d8911d3f3"},"headline":"Strategische Neuausrichtung: Job-Suche in den Mittelpunkt","datePublished":"2023-10-23T08:12:24+00:00","mainEntityOfPage":{"@id":"https:\/\/www.organisator.ch\/management\/2023-10-23\/strategische-neuausrichtung-job-suche-in-den-mittelpunkt\/"},"wordCount":576,"publisher":{"@id":"https:\/\/www.organisator.ch\/#organization"},"image":{"@id":"https:\/\/www.organisator.ch\/management\/2023-10-23\/strategische-neuausrichtung-job-suche-in-den-mittelpunkt\/#primaryimage"},"thumbnailUrl":"https:\/\/www.organisator.ch\/wp-content\/uploads\/2023\/10\/XING_Bild2_ps.jpg","keywords":["Digitalisierung","Fachkr\u00e4ftemangel","Job","Management"],"articleSection":["MANAGEMENT"],"inLanguage":"de"},{"@type":"WebPage","@id":"https:\/\/www.organisator.ch\/management\/2023-10-23\/strategische-neuausrichtung-job-suche-in-den-mittelpunkt\/","url":"https:\/\/www.organisator.ch\/management\/2023-10-23\/strategische-neuausrichtung-job-suche-in-den-mittelpunkt\/","name":"Strategische Neuausrichtung: Job-Suche in den Mittelpunkt - Organisator","isPartOf":{"@id":"https:\/\/www.organisator.ch\/#website"},"primaryImageOfPage":{"@id":"https:\/\/www.organisator.ch\/management\/2023-10-23\/strategische-neuausrichtung-job-suche-in-den-mittelpunkt\/#primaryimage"},"image":{"@id":"https:\/\/www.organisator.ch\/management\/2023-10-23\/strategische-neuausrichtung-job-suche-in-den-mittelpunkt\/#primaryimage"},"thumbnailUrl":"https:\/\/www.organisator.ch\/wp-content\/uploads\/2023\/10\/XING_Bild2_ps.jpg","datePublished":"2023-10-23T08:12:24+00:00","description":"XING transformiert sich von einem allgemeinen beruflichen Netzwerk zu einem Jobs-Netzwerk. Der Grund: eine ver\u00e4nderte Marktsituation.","breadcrumb":{"@id":"https:\/\/www.organisator.ch\/management\/2023-10-23\/strategische-neuausrichtung-job-suche-in-den-mittelpunkt\/#breadcrumb"},"inLanguage":"de","potentialAction":[{"@type":"ReadAction","target":["https:\/\/www.organisator.ch\/management\/2023-10-23\/strategische-neuausrichtung-job-suche-in-den-mittelpunkt\/"]}]},{"@type":"ImageObject","inLanguage":"de","@id":"https:\/\/www.organisator.ch\/management\/2023-10-23\/strategische-neuausrichtung-job-suche-in-den-mittelpunkt\/#primaryimage","url":"https:\/\/www.organisator.ch\/wp-content\/uploads\/2023\/10\/XING_Bild2_ps.jpg","contentUrl":"https:\/\/www.organisator.ch\/wp-content\/uploads\/2023\/10\/XING_Bild2_ps.jpg","width":680,"height":523,"caption":"XING: Entdecke Jobs auf die smarte Art. (Bild: www.xing.ch)"},{"@type":"BreadcrumbList","@id":"https:\/\/www.organisator.ch\/management\/2023-10-23\/strategische-neuausrichtung-job-suche-in-den-mittelpunkt\/#breadcrumb","itemListElement":[{"@type":"ListItem","position":1,"name":"Home","item":"https:\/\/www.organisator.ch\/"},{"@type":"ListItem","position":2,"name":"Strategische Neuausrichtung: Job-Suche in den Mittelpunkt"}]},{"@type":"WebSite","@id":"https:\/\/www.organisator.ch\/#website","url":"https:\/\/www.organisator.ch\/","name":"Organisator","description":"Kompetent. Praxisnah. Der ORGANISATOR bereitet in 10 Ausgaben pro Jahr die wesentlichen Themen f\u00fcr F\u00fchrungskr\u00e4fte von KMU auf.","publisher":{"@id":"https:\/\/www.organisator.ch\/#organization"},"potentialAction":[{"@type":"SearchAction","target":{"@type":"EntryPoint","urlTemplate":"https:\/\/www.organisator.ch\/?s={search_term_string}"},"query-input":{"@type":"PropertyValueSpecification","valueRequired":true,"valueName":"search_term_string"}}],"inLanguage":"de"},{"@type":"Organization","@id":"https:\/\/www.organisator.ch\/#organization","name":"Organisator","url":"https:\/\/www.organisator.ch\/","logo":{"@type":"ImageObject","inLanguage":"de","@id":"https:\/\/www.organisator.ch\/#\/schema\/logo\/image\/","url":"https:\/\/www.organisator.ch\/wp-content\/uploads\/2022\/01\/Logo_Organisator_Website.png","contentUrl":"https:\/\/www.organisator.ch\/wp-content\/uploads\/2022\/01\/Logo_Organisator_Website.png","width":800,"height":77,"caption":"Organisator"},"image":{"@id":"https:\/\/www.organisator.ch\/#\/schema\/logo\/image\/"},"sameAs":["https:\/\/www.facebook.com\/OrganisatorFachmagazin","https:\/\/www.linkedin.com\/showcase\/organisator-das-magazin-fr-kmu","https:\/\/www.xing.com\/news\/pages\/organisator-ch-695","https:\/\/www.youtube.com\/channel\/UCGP2Sq0iWaZwT3BdIAQFYpw"]},{"@type":"Person","@id":"https:\/\/www.organisator.ch\/#\/schema\/person\/2e1314a2172123f874db408d8911d3f3","name":"Adelisa Kalajdzini","image":{"@type":"ImageObject","inLanguage":"de","@id":"https:\/\/secure.gravatar.com\/avatar\/09a397c22ac58cad6f160ee8306348599df9df58a8ede73696226897b9fa4b24?s=96&d=mm&r=g","url":"https:\/\/secure.gravatar.com\/avatar\/09a397c22ac58cad6f160ee8306348599df9df58a8ede73696226897b9fa4b24?s=96&d=mm&r=g","contentUrl":"https:\/\/secure.gravatar.com\/avatar\/09a397c22ac58cad6f160ee8306348599df9df58a8ede73696226897b9fa4b24?s=96&d=mm&r=g","caption":"Adelisa Kalajdzini"},"url":"https:\/\/www.organisator.ch\/de\/author\/adelisa-kalajdzini\/"}]}},"_links":{"self":[{"href":"https:\/\/www.organisator.ch\/de\/wp-json\/wp\/v2\/posts\/22493","targetHints":{"allow":["GET"]}}],"collection":[{"href":"https:\/\/www.organisator.ch\/de\/wp-json\/wp\/v2\/posts"}],"about":[{"href":"https:\/\/www.organisator.ch\/de\/wp-json\/wp\/v2\/types\/post"}],"author":[{"embeddable":true,"href":"https:\/\/www.organisator.ch\/de\/wp-json\/wp\/v2\/users\/58"}],"replies":[{"embeddable":true,"href":"https:\/\/www.organisator.ch\/de\/wp-json\/wp\/v2\/comments?post=22493"}],"version-history":[{"count":5,"href":"https:\/\/www.organisator.ch\/de\/wp-json\/wp\/v2\/posts\/22493\/revisions"}],"predecessor-version":[{"id":22515,"href":"https:\/\/www.organisator.ch\/de\/wp-json\/wp\/v2\/posts\/22493\/revisions\/22515"}],"wp:featuredmedia":[{"embeddable":true,"href":"https:\/\/www.organisator.ch\/de\/wp-json\/wp\/v2\/media\/22510"}],"wp:attachment":[{"href":"https:\/\/www.organisator.ch\/de\/wp-json\/wp\/v2\/media?parent=22493"}],"wp:term":[{"taxonomy":"category","embeddable":true,"href":"https:\/\/www.organisator.ch\/de\/wp-json\/wp\/v2\/categories?post=22493"},{"taxonomy":"post_tag","embeddable":true,"href":"https:\/\/www.organisator.ch\/de\/wp-json\/wp\/v2\/tags?post=22493"}],"curies":[{"name":"wp","href":"https:\/\/api.w.org\/{rel}","templated":true}]}}