{"id":22547,"date":"2023-10-23T15:50:50","date_gmt":"2023-10-23T13:50:50","guid":{"rendered":"https:\/\/www.organisator.ch\/?p=22547"},"modified":"2023-10-23T15:50:50","modified_gmt":"2023-10-23T13:50:50","slug":"mit-online-ticketing-an-den-digitaltag-zentralschweiz","status":"publish","type":"post","link":"https:\/\/www.organisator.ch\/de\/marketing\/2023-10-23\/mit-online-ticketing-an-den-digitaltag-zentralschweiz\/","title":{"rendered":"Mit Online-Ticketing an den Digitaltag Zentralschweiz"},"content":{"rendered":"<figure id=\"attachment_22548\" aria-describedby=\"caption-attachment-22548\" style=\"width: 680px\" class=\"wp-caption alignnone\"><img loading=\"lazy\" decoding=\"async\" class=\"wp-image-22548 size-full\" src=\"https:\/\/www.organisator.ch\/wp-content\/uploads\/2023\/10\/NextEvent_Bild1_ps.jpg\" alt=\"\" width=\"680\" height=\"453\" srcset=\"https:\/\/www.organisator.ch\/wp-content\/uploads\/2023\/10\/NextEvent_Bild1_ps.jpg 680w, https:\/\/www.organisator.ch\/wp-content\/uploads\/2023\/10\/NextEvent_Bild1_ps-18x12.jpg 18w, https:\/\/www.organisator.ch\/wp-content\/uploads\/2023\/10\/NextEvent_Bild1_ps-375x250.jpg 375w, https:\/\/www.organisator.ch\/wp-content\/uploads\/2023\/10\/NextEvent_Bild1_ps-525x350.jpg 525w\" sizes=\"auto, (max-width: 680px) 100vw, 680px\" \/><figcaption id=\"caption-attachment-22548\" class=\"wp-caption-text\">Online Ticketing-L\u00f6sung f\u00fcr den Digitaltag Zentralschweiz. (Bild: www.unsplash.com)<\/figcaption><\/figure>\n<p>Digitaltag-Besuchende k\u00f6nnen selbstst\u00e4ndig und sicher ihr Ticket digital erwerben. Das auf der digitalswitzerland Zentralschweiz-Website integrierte NextEvent Widget erm\u00f6glicht die Anmeldung und den Kauf eines oder mehrerer Tickets. Zudem kann ein Rabattcode oder Mitgliederkarte eingegeben und aktiviert werden, was nat\u00fcrlich auch f\u00fcr Partner und Sponsoren des Digitaltages sehr wichtig ist. Die Besucher bezahlen die gew\u00e4hlten Tickets mit Kreditkarte, Postcard oder Twint und erhalten ihr Ticket per E-Mail oder direkt im Mobile-Wallet abgespeichert. So werden Teilnehmende schnell und effizient durch den Buchungsvorgang zur Bezahlung gef\u00fchrt und kommen so sicher zum gew\u00fcnschten Ticket.<\/p>\n<p>Bruno Affentranger, Pr\u00e4sident von digitalswitzerland Zentralschweiz, betont: \u00abMit dem effizienten und sicheren Ticketing-Management System von NextEvent bieten wir unseren Digitaltag-Besuchenden einen bequemen online Ticketverkauf mit modernster Webtechnologie an. F\u00fcr unsere Zusammenarbeit ist es wichtig, dass wir NextEvent vertrauen k\u00f6nnen und so den Besuchenden bereits bei der Ticketbuchung ein ansprechendes, digitales Erlebnis und Kundenservice auf h\u00f6chstem Niveau bieten.\u00bb<\/p>\n<h3><strong>Datenschutz ist entscheidend und Vertrauenssache<\/strong><\/h3>\n<p>Jeder Veranstalter hat sein eigenes System und kann somit sichergehen, dass seine Daten ihm geh\u00f6ren und Ressourcen nicht mit anderen Veranstaltern geteilt werden. Der Datenschutz von NextEvent ist f\u00fcr die Veranstalter und die Nutzer der NextEvent Services am wichtigsten.<\/p>\n<p>Der 3. Digitaltag mit Schwerpunktthema \u00abTrust\u00bb findet im Verkehrshaus der Schweiz in Luzern in Zusammenarbeit mit namhaften Partnern und Unterst\u00fctzern statt, organisiert von digitagswitzerland Zentralschweiz. Angeboten wird ein vielseitiges Programm, spannende und \u00fcberraschende Inputs und die M\u00f6glichkeit, sich mit Digitalbegeisterten und Entscheidungstr\u00e4gerinnen und -tr\u00e4gern der Zentralschweiz \u00fcber die neuesten Entwicklungen im Bereich Digitalisierung auszutauschen und zu networken. Fragen wie: Wie gehen wir mit Daten(un)sicherheit um und was hat es mit dem Begriff Vertrauens\u00f6kosystem auf sich, werden diskutiert.<\/p>\n<p>Roger Kobel, CMO bei NextEvent, sagt: \u00abWir sind sehr stolz und freuen uns, dass wir mit unserem technologisch ausgereiften Ticketing-Management System das Vertrauen von digitalswitzerland Zentralschweiz gewonnen haben und diese attraktive, digitale und einfach zu handhabende L\u00f6sung den Besuchenden des 3. Digitaltages Zentralschweiz zur Verf\u00fcgung stellen k\u00f6nnen.\u00bb<\/p>\n<p><em>Quelle: <a href=\"https:\/\/www.nextevent.com\/de\/\">www.nextevent.com\u00a0<\/a><\/em><\/p>\n","protected":false},"excerpt":{"rendered":"<p>Die interaktive Online-Ticketreservation f\u00fcr den 3. Digitaltag Zentralschweiz 2023 mit NextEvent, einer Schweizer Anbieterin von einer bew\u00e4hrten Ticketing-, Event- und Kongress-Management Software, ist ein weiterer Beweis f\u00fcr ihre digitale und praktische L\u00f6sung. Der gesamte Ticketverkauf wird \u00fcber NextEvent.com mit ihrer attraktiven, online Ticketing-L\u00f6sung f\u00fcr den Digitaltag Zentralschweiz mit dem Schwerpunktthema \u00abTrust\u00bb am 7. November 2023 in Luzern abgewickelt.<\/p>\n","protected":false},"author":58,"featured_media":22548,"comment_status":"closed","ping_status":"closed","sticky":false,"template":"","format":"standard","meta":{"_acf_changed":false,"_yoast_wpseo_focuskw":"Digitaltag","_yoast_wpseo_metadesc":"Die Online-Ticketreservation f\u00fcr den Digitaltag Zentralschweiz mit NextEvent, der Ticketing-, Event- und Kongress-Management Software.","articlekey":"","footnotes":""},"categories":[29],"tags":[156,339,492,502],"class_list":["post-22547","post","type-post","status-publish","format-standard","has-post-thumbnail","hentry","category-marketing","tag-digitalisierung","tag-marketing","tag-unternehmen","tag-veranstaltungen"],"acf":[],"yoast_head":"<!-- This site is optimized with the Yoast SEO plugin v27.5 - https:\/\/yoast.com\/product\/yoast-seo-wordpress\/ -->\n<title>Mit Online-Ticketing an den Digitaltag Zentralschweiz - Organisator<\/title>\n<meta name=\"description\" content=\"Die Online-Ticketreservation f\u00fcr den Digitaltag Zentralschweiz mit NextEvent, der Ticketing-, Event- und Kongress-Management Software.\" \/>\n<meta name=\"robots\" content=\"index, follow, max-snippet:-1, max-image-preview:large, max-video-preview:-1\" \/>\n<link rel=\"canonical\" href=\"https:\/\/www.organisator.ch\/de\/marketing\/2023-10-23\/mit-online-ticketing-an-den-digitaltag-zentralschweiz\/\" \/>\n<meta property=\"og:locale\" content=\"de_DE\" \/>\n<meta property=\"og:type\" content=\"article\" \/>\n<meta property=\"og:title\" content=\"Mit Online-Ticketing an den Digitaltag Zentralschweiz\" \/>\n<meta property=\"og:description\" content=\"Die Online-Ticketreservation f\u00fcr den Digitaltag Zentralschweiz mit NextEvent, der Ticketing-, Event- und Kongress-Management Software.\" \/>\n<meta property=\"og:url\" content=\"https:\/\/www.organisator.ch\/de\/marketing\/2023-10-23\/mit-online-ticketing-an-den-digitaltag-zentralschweiz\/\" \/>\n<meta property=\"og:site_name\" content=\"Organisator\" \/>\n<meta property=\"article:publisher\" content=\"https:\/\/www.facebook.com\/OrganisatorFachmagazin\" \/>\n<meta property=\"article:published_time\" content=\"2023-10-23T13:50:50+00:00\" \/>\n<meta property=\"og:image\" content=\"https:\/\/www.organisator.ch\/wp-content\/uploads\/2023\/10\/NextEvent_Bild1_ps.jpg\" \/>\n\t<meta property=\"og:image:width\" content=\"680\" \/>\n\t<meta property=\"og:image:height\" content=\"453\" \/>\n\t<meta property=\"og:image:type\" content=\"image\/jpeg\" \/>\n<meta name=\"author\" content=\"Adelisa Kalajdzini\" \/>\n<meta name=\"twitter:card\" content=\"summary_large_image\" \/>\n<meta name=\"twitter:title\" content=\"Mit Online-Ticketing an den Digitaltag Zentralschweiz\" \/>\n<meta name=\"twitter:description\" content=\"Die #Online-Ticketreservation f\u00fcr den #Digitaltag Zentralschweiz mit #NextEvent, der Ticketing-, Event- und Kongress-Management Software.\" \/>\n<meta name=\"twitter:image\" content=\"https:\/\/www.organisator.ch\/wp-content\/uploads\/2023\/10\/NextEvent_Bild1_ps.jpg\" \/>\n<script type=\"application\/ld+json\" class=\"yoast-schema-graph\">{\"@context\":\"https:\\\/\\\/schema.org\",\"@graph\":[{\"@type\":\"Article\",\"@id\":\"https:\\\/\\\/www.organisator.ch\\\/marketing\\\/2023-10-23\\\/mit-online-ticketing-an-den-digitaltag-zentralschweiz\\\/#article\",\"isPartOf\":{\"@id\":\"https:\\\/\\\/www.organisator.ch\\\/marketing\\\/2023-10-23\\\/mit-online-ticketing-an-den-digitaltag-zentralschweiz\\\/\"},\"author\":{\"name\":\"Adelisa Kalajdzini\",\"@id\":\"https:\\\/\\\/www.organisator.ch\\\/#\\\/schema\\\/person\\\/2e1314a2172123f874db408d8911d3f3\"},\"headline\":\"Mit Online-Ticketing an den Digitaltag Zentralschweiz\",\"datePublished\":\"2023-10-23T13:50:50+00:00\",\"mainEntityOfPage\":{\"@id\":\"https:\\\/\\\/www.organisator.ch\\\/marketing\\\/2023-10-23\\\/mit-online-ticketing-an-den-digitaltag-zentralschweiz\\\/\"},\"wordCount\":366,\"publisher\":{\"@id\":\"https:\\\/\\\/www.organisator.ch\\\/#organization\"},\"image\":{\"@id\":\"https:\\\/\\\/www.organisator.ch\\\/marketing\\\/2023-10-23\\\/mit-online-ticketing-an-den-digitaltag-zentralschweiz\\\/#primaryimage\"},\"thumbnailUrl\":\"https:\\\/\\\/www.organisator.ch\\\/wp-content\\\/uploads\\\/2023\\\/10\\\/NextEvent_Bild1_ps.jpg\",\"keywords\":[\"Digitalisierung\",\"Marketing\",\"Unternehmen\",\"Veranstaltungen\"],\"articleSection\":[\"MARKETING\"],\"inLanguage\":\"de\"},{\"@type\":\"WebPage\",\"@id\":\"https:\\\/\\\/www.organisator.ch\\\/marketing\\\/2023-10-23\\\/mit-online-ticketing-an-den-digitaltag-zentralschweiz\\\/\",\"url\":\"https:\\\/\\\/www.organisator.ch\\\/marketing\\\/2023-10-23\\\/mit-online-ticketing-an-den-digitaltag-zentralschweiz\\\/\",\"name\":\"Mit Online-Ticketing an den Digitaltag Zentralschweiz - Organisator\",\"isPartOf\":{\"@id\":\"https:\\\/\\\/www.organisator.ch\\\/#website\"},\"primaryImageOfPage\":{\"@id\":\"https:\\\/\\\/www.organisator.ch\\\/marketing\\\/2023-10-23\\\/mit-online-ticketing-an-den-digitaltag-zentralschweiz\\\/#primaryimage\"},\"image\":{\"@id\":\"https:\\\/\\\/www.organisator.ch\\\/marketing\\\/2023-10-23\\\/mit-online-ticketing-an-den-digitaltag-zentralschweiz\\\/#primaryimage\"},\"thumbnailUrl\":\"https:\\\/\\\/www.organisator.ch\\\/wp-content\\\/uploads\\\/2023\\\/10\\\/NextEvent_Bild1_ps.jpg\",\"datePublished\":\"2023-10-23T13:50:50+00:00\",\"description\":\"Die Online-Ticketreservation f\u00fcr den Digitaltag Zentralschweiz mit NextEvent, der Ticketing-, Event- und Kongress-Management Software.\",\"breadcrumb\":{\"@id\":\"https:\\\/\\\/www.organisator.ch\\\/marketing\\\/2023-10-23\\\/mit-online-ticketing-an-den-digitaltag-zentralschweiz\\\/#breadcrumb\"},\"inLanguage\":\"de\",\"potentialAction\":[{\"@type\":\"ReadAction\",\"target\":[\"https:\\\/\\\/www.organisator.ch\\\/marketing\\\/2023-10-23\\\/mit-online-ticketing-an-den-digitaltag-zentralschweiz\\\/\"]}]},{\"@type\":\"ImageObject\",\"inLanguage\":\"de\",\"@id\":\"https:\\\/\\\/www.organisator.ch\\\/marketing\\\/2023-10-23\\\/mit-online-ticketing-an-den-digitaltag-zentralschweiz\\\/#primaryimage\",\"url\":\"https:\\\/\\\/www.organisator.ch\\\/wp-content\\\/uploads\\\/2023\\\/10\\\/NextEvent_Bild1_ps.jpg\",\"contentUrl\":\"https:\\\/\\\/www.organisator.ch\\\/wp-content\\\/uploads\\\/2023\\\/10\\\/NextEvent_Bild1_ps.jpg\",\"width\":680,\"height\":453,\"caption\":\"Online Ticketing-L\u00f6sung f\u00fcr den Digitaltag Zentralschweiz mit dem Schwerpunktthema \u00abTrust\u00bb am 7. November 2023 in Luzern. (Bild: www.unsplash.com)\"},{\"@type\":\"BreadcrumbList\",\"@id\":\"https:\\\/\\\/www.organisator.ch\\\/marketing\\\/2023-10-23\\\/mit-online-ticketing-an-den-digitaltag-zentralschweiz\\\/#breadcrumb\",\"itemListElement\":[{\"@type\":\"ListItem\",\"position\":1,\"name\":\"Home\",\"item\":\"https:\\\/\\\/www.organisator.ch\\\/\"},{\"@type\":\"ListItem\",\"position\":2,\"name\":\"Mit Online-Ticketing an den Digitaltag Zentralschweiz\"}]},{\"@type\":\"WebSite\",\"@id\":\"https:\\\/\\\/www.organisator.ch\\\/#website\",\"url\":\"https:\\\/\\\/www.organisator.ch\\\/\",\"name\":\"Organisator\",\"description\":\"Kompetent. Praxisnah. Der ORGANISATOR bereitet in 10 Ausgaben pro Jahr die wesentlichen Themen f\u00fcr F\u00fchrungskr\u00e4fte von KMU auf.\",\"publisher\":{\"@id\":\"https:\\\/\\\/www.organisator.ch\\\/#organization\"},\"potentialAction\":[{\"@type\":\"SearchAction\",\"target\":{\"@type\":\"EntryPoint\",\"urlTemplate\":\"https:\\\/\\\/www.organisator.ch\\\/?s={search_term_string}\"},\"query-input\":{\"@type\":\"PropertyValueSpecification\",\"valueRequired\":true,\"valueName\":\"search_term_string\"}}],\"inLanguage\":\"de\"},{\"@type\":\"Organization\",\"@id\":\"https:\\\/\\\/www.organisator.ch\\\/#organization\",\"name\":\"Organisator\",\"url\":\"https:\\\/\\\/www.organisator.ch\\\/\",\"logo\":{\"@type\":\"ImageObject\",\"inLanguage\":\"de\",\"@id\":\"https:\\\/\\\/www.organisator.ch\\\/#\\\/schema\\\/logo\\\/image\\\/\",\"url\":\"https:\\\/\\\/www.organisator.ch\\\/wp-content\\\/uploads\\\/2022\\\/01\\\/Logo_Organisator_Website.png\",\"contentUrl\":\"https:\\\/\\\/www.organisator.ch\\\/wp-content\\\/uploads\\\/2022\\\/01\\\/Logo_Organisator_Website.png\",\"width\":800,\"height\":77,\"caption\":\"Organisator\"},\"image\":{\"@id\":\"https:\\\/\\\/www.organisator.ch\\\/#\\\/schema\\\/logo\\\/image\\\/\"},\"sameAs\":[\"https:\\\/\\\/www.facebook.com\\\/OrganisatorFachmagazin\",\"https:\\\/\\\/www.linkedin.com\\\/showcase\\\/organisator-das-magazin-fr-kmu\",\"https:\\\/\\\/www.xing.com\\\/news\\\/pages\\\/organisator-ch-695\",\"https:\\\/\\\/www.youtube.com\\\/channel\\\/UCGP2Sq0iWaZwT3BdIAQFYpw\"]},{\"@type\":\"Person\",\"@id\":\"https:\\\/\\\/www.organisator.ch\\\/#\\\/schema\\\/person\\\/2e1314a2172123f874db408d8911d3f3\",\"name\":\"Adelisa Kalajdzini\",\"image\":{\"@type\":\"ImageObject\",\"inLanguage\":\"de\",\"@id\":\"https:\\\/\\\/secure.gravatar.com\\\/avatar\\\/09a397c22ac58cad6f160ee8306348599df9df58a8ede73696226897b9fa4b24?s=96&d=mm&r=g\",\"url\":\"https:\\\/\\\/secure.gravatar.com\\\/avatar\\\/09a397c22ac58cad6f160ee8306348599df9df58a8ede73696226897b9fa4b24?s=96&d=mm&r=g\",\"contentUrl\":\"https:\\\/\\\/secure.gravatar.com\\\/avatar\\\/09a397c22ac58cad6f160ee8306348599df9df58a8ede73696226897b9fa4b24?s=96&d=mm&r=g\",\"caption\":\"Adelisa Kalajdzini\"},\"url\":\"https:\\\/\\\/www.organisator.ch\\\/de\\\/author\\\/adelisa-kalajdzini\\\/\"}]}<\/script>\n<!-- \/ Yoast SEO plugin. -->","yoast_head_json":{"title":"Mit Online-Ticketing an den Digitaltag Zentralschweiz - Organisator","description":"Die Online-Ticketreservation f\u00fcr den Digitaltag Zentralschweiz mit NextEvent, der Ticketing-, Event- und Kongress-Management Software.","robots":{"index":"index","follow":"follow","max-snippet":"max-snippet:-1","max-image-preview":"max-image-preview:large","max-video-preview":"max-video-preview:-1"},"canonical":"https:\/\/www.organisator.ch\/de\/marketing\/2023-10-23\/mit-online-ticketing-an-den-digitaltag-zentralschweiz\/","og_locale":"de_DE","og_type":"article","og_title":"Mit Online-Ticketing an den Digitaltag Zentralschweiz","og_description":"Die Online-Ticketreservation f\u00fcr den Digitaltag Zentralschweiz mit NextEvent, der Ticketing-, Event- und Kongress-Management Software.","og_url":"https:\/\/www.organisator.ch\/de\/marketing\/2023-10-23\/mit-online-ticketing-an-den-digitaltag-zentralschweiz\/","og_site_name":"Organisator","article_publisher":"https:\/\/www.facebook.com\/OrganisatorFachmagazin","article_published_time":"2023-10-23T13:50:50+00:00","og_image":[{"width":680,"height":453,"url":"https:\/\/www.organisator.ch\/wp-content\/uploads\/2023\/10\/NextEvent_Bild1_ps.jpg","type":"image\/jpeg"}],"author":"Adelisa Kalajdzini","twitter_card":"summary_large_image","twitter_title":"Mit Online-Ticketing an den Digitaltag Zentralschweiz","twitter_description":"Die #Online-Ticketreservation f\u00fcr den #Digitaltag Zentralschweiz mit #NextEvent, der Ticketing-, Event- und Kongress-Management Software.","twitter_image":"https:\/\/www.organisator.ch\/wp-content\/uploads\/2023\/10\/NextEvent_Bild1_ps.jpg","schema":{"@context":"https:\/\/schema.org","@graph":[{"@type":"Article","@id":"https:\/\/www.organisator.ch\/marketing\/2023-10-23\/mit-online-ticketing-an-den-digitaltag-zentralschweiz\/#article","isPartOf":{"@id":"https:\/\/www.organisator.ch\/marketing\/2023-10-23\/mit-online-ticketing-an-den-digitaltag-zentralschweiz\/"},"author":{"name":"Adelisa Kalajdzini","@id":"https:\/\/www.organisator.ch\/#\/schema\/person\/2e1314a2172123f874db408d8911d3f3"},"headline":"Mit Online-Ticketing an den Digitaltag Zentralschweiz","datePublished":"2023-10-23T13:50:50+00:00","mainEntityOfPage":{"@id":"https:\/\/www.organisator.ch\/marketing\/2023-10-23\/mit-online-ticketing-an-den-digitaltag-zentralschweiz\/"},"wordCount":366,"publisher":{"@id":"https:\/\/www.organisator.ch\/#organization"},"image":{"@id":"https:\/\/www.organisator.ch\/marketing\/2023-10-23\/mit-online-ticketing-an-den-digitaltag-zentralschweiz\/#primaryimage"},"thumbnailUrl":"https:\/\/www.organisator.ch\/wp-content\/uploads\/2023\/10\/NextEvent_Bild1_ps.jpg","keywords":["Digitalisierung","Marketing","Unternehmen","Veranstaltungen"],"articleSection":["MARKETING"],"inLanguage":"de"},{"@type":"WebPage","@id":"https:\/\/www.organisator.ch\/marketing\/2023-10-23\/mit-online-ticketing-an-den-digitaltag-zentralschweiz\/","url":"https:\/\/www.organisator.ch\/marketing\/2023-10-23\/mit-online-ticketing-an-den-digitaltag-zentralschweiz\/","name":"Mit Online-Ticketing an den Digitaltag Zentralschweiz - Organisator","isPartOf":{"@id":"https:\/\/www.organisator.ch\/#website"},"primaryImageOfPage":{"@id":"https:\/\/www.organisator.ch\/marketing\/2023-10-23\/mit-online-ticketing-an-den-digitaltag-zentralschweiz\/#primaryimage"},"image":{"@id":"https:\/\/www.organisator.ch\/marketing\/2023-10-23\/mit-online-ticketing-an-den-digitaltag-zentralschweiz\/#primaryimage"},"thumbnailUrl":"https:\/\/www.organisator.ch\/wp-content\/uploads\/2023\/10\/NextEvent_Bild1_ps.jpg","datePublished":"2023-10-23T13:50:50+00:00","description":"Die Online-Ticketreservation f\u00fcr den Digitaltag Zentralschweiz mit NextEvent, der Ticketing-, Event- und Kongress-Management Software.","breadcrumb":{"@id":"https:\/\/www.organisator.ch\/marketing\/2023-10-23\/mit-online-ticketing-an-den-digitaltag-zentralschweiz\/#breadcrumb"},"inLanguage":"de","potentialAction":[{"@type":"ReadAction","target":["https:\/\/www.organisator.ch\/marketing\/2023-10-23\/mit-online-ticketing-an-den-digitaltag-zentralschweiz\/"]}]},{"@type":"ImageObject","inLanguage":"de","@id":"https:\/\/www.organisator.ch\/marketing\/2023-10-23\/mit-online-ticketing-an-den-digitaltag-zentralschweiz\/#primaryimage","url":"https:\/\/www.organisator.ch\/wp-content\/uploads\/2023\/10\/NextEvent_Bild1_ps.jpg","contentUrl":"https:\/\/www.organisator.ch\/wp-content\/uploads\/2023\/10\/NextEvent_Bild1_ps.jpg","width":680,"height":453,"caption":"Online Ticketing-L\u00f6sung f\u00fcr den Digitaltag Zentralschweiz mit dem Schwerpunktthema \u00abTrust\u00bb am 7. November 2023 in Luzern. (Bild: www.unsplash.com)"},{"@type":"BreadcrumbList","@id":"https:\/\/www.organisator.ch\/marketing\/2023-10-23\/mit-online-ticketing-an-den-digitaltag-zentralschweiz\/#breadcrumb","itemListElement":[{"@type":"ListItem","position":1,"name":"Home","item":"https:\/\/www.organisator.ch\/"},{"@type":"ListItem","position":2,"name":"Mit Online-Ticketing an den Digitaltag Zentralschweiz"}]},{"@type":"WebSite","@id":"https:\/\/www.organisator.ch\/#website","url":"https:\/\/www.organisator.ch\/","name":"Organisator","description":"Kompetent. Praxisnah. Der ORGANISATOR bereitet in 10 Ausgaben pro Jahr die wesentlichen Themen f\u00fcr F\u00fchrungskr\u00e4fte von KMU auf.","publisher":{"@id":"https:\/\/www.organisator.ch\/#organization"},"potentialAction":[{"@type":"SearchAction","target":{"@type":"EntryPoint","urlTemplate":"https:\/\/www.organisator.ch\/?s={search_term_string}"},"query-input":{"@type":"PropertyValueSpecification","valueRequired":true,"valueName":"search_term_string"}}],"inLanguage":"de"},{"@type":"Organization","@id":"https:\/\/www.organisator.ch\/#organization","name":"Organisator","url":"https:\/\/www.organisator.ch\/","logo":{"@type":"ImageObject","inLanguage":"de","@id":"https:\/\/www.organisator.ch\/#\/schema\/logo\/image\/","url":"https:\/\/www.organisator.ch\/wp-content\/uploads\/2022\/01\/Logo_Organisator_Website.png","contentUrl":"https:\/\/www.organisator.ch\/wp-content\/uploads\/2022\/01\/Logo_Organisator_Website.png","width":800,"height":77,"caption":"Organisator"},"image":{"@id":"https:\/\/www.organisator.ch\/#\/schema\/logo\/image\/"},"sameAs":["https:\/\/www.facebook.com\/OrganisatorFachmagazin","https:\/\/www.linkedin.com\/showcase\/organisator-das-magazin-fr-kmu","https:\/\/www.xing.com\/news\/pages\/organisator-ch-695","https:\/\/www.youtube.com\/channel\/UCGP2Sq0iWaZwT3BdIAQFYpw"]},{"@type":"Person","@id":"https:\/\/www.organisator.ch\/#\/schema\/person\/2e1314a2172123f874db408d8911d3f3","name":"Adelisa Kalajdzini","image":{"@type":"ImageObject","inLanguage":"de","@id":"https:\/\/secure.gravatar.com\/avatar\/09a397c22ac58cad6f160ee8306348599df9df58a8ede73696226897b9fa4b24?s=96&d=mm&r=g","url":"https:\/\/secure.gravatar.com\/avatar\/09a397c22ac58cad6f160ee8306348599df9df58a8ede73696226897b9fa4b24?s=96&d=mm&r=g","contentUrl":"https:\/\/secure.gravatar.com\/avatar\/09a397c22ac58cad6f160ee8306348599df9df58a8ede73696226897b9fa4b24?s=96&d=mm&r=g","caption":"Adelisa Kalajdzini"},"url":"https:\/\/www.organisator.ch\/de\/author\/adelisa-kalajdzini\/"}]}},"_links":{"self":[{"href":"https:\/\/www.organisator.ch\/de\/wp-json\/wp\/v2\/posts\/22547","targetHints":{"allow":["GET"]}}],"collection":[{"href":"https:\/\/www.organisator.ch\/de\/wp-json\/wp\/v2\/posts"}],"about":[{"href":"https:\/\/www.organisator.ch\/de\/wp-json\/wp\/v2\/types\/post"}],"author":[{"embeddable":true,"href":"https:\/\/www.organisator.ch\/de\/wp-json\/wp\/v2\/users\/58"}],"replies":[{"embeddable":true,"href":"https:\/\/www.organisator.ch\/de\/wp-json\/wp\/v2\/comments?post=22547"}],"version-history":[{"count":2,"href":"https:\/\/www.organisator.ch\/de\/wp-json\/wp\/v2\/posts\/22547\/revisions"}],"predecessor-version":[{"id":22550,"href":"https:\/\/www.organisator.ch\/de\/wp-json\/wp\/v2\/posts\/22547\/revisions\/22550"}],"wp:featuredmedia":[{"embeddable":true,"href":"https:\/\/www.organisator.ch\/de\/wp-json\/wp\/v2\/media\/22548"}],"wp:attachment":[{"href":"https:\/\/www.organisator.ch\/de\/wp-json\/wp\/v2\/media?parent=22547"}],"wp:term":[{"taxonomy":"category","embeddable":true,"href":"https:\/\/www.organisator.ch\/de\/wp-json\/wp\/v2\/categories?post=22547"},{"taxonomy":"post_tag","embeddable":true,"href":"https:\/\/www.organisator.ch\/de\/wp-json\/wp\/v2\/tags?post=22547"}],"curies":[{"name":"wp","href":"https:\/\/api.w.org\/{rel}","templated":true}]}}