{"id":22751,"date":"2023-10-25T09:39:09","date_gmt":"2023-10-25T07:39:09","guid":{"rendered":"https:\/\/www.organisator.ch\/?p=22751"},"modified":"2023-11-06T10:34:49","modified_gmt":"2023-11-06T09:34:49","slug":"beste-arbeitgeber-in-der-schweiz","status":"publish","type":"post","link":"https:\/\/www.organisator.ch\/de\/operational-excellence\/2023-10-25\/beste-arbeitgeber-in-der-schweiz\/","title":{"rendered":"Beste Arbeitgeber in der Schweiz"},"content":{"rendered":"<figure id=\"attachment_22755\" aria-describedby=\"caption-attachment-22755\" style=\"width: 680px\" class=\"wp-caption alignnone\"><img loading=\"lazy\" decoding=\"async\" class=\"wp-image-22755 size-full\" src=\"https:\/\/www.organisator.ch\/wp-content\/uploads\/2023\/10\/Beste-Arbeitgeber_Bild1_ps.jpg\" alt=\"\" width=\"680\" height=\"382\" srcset=\"https:\/\/www.organisator.ch\/wp-content\/uploads\/2023\/10\/Beste-Arbeitgeber_Bild1_ps.jpg 680w, https:\/\/www.organisator.ch\/wp-content\/uploads\/2023\/10\/Beste-Arbeitgeber_Bild1_ps-18x10.jpg 18w, https:\/\/www.organisator.ch\/wp-content\/uploads\/2023\/10\/Beste-Arbeitgeber_Bild1_ps-375x211.jpg 375w, https:\/\/www.organisator.ch\/wp-content\/uploads\/2023\/10\/Beste-Arbeitgeber_Bild1_ps-623x350.jpg 623w\" sizes=\"auto, (max-width: 680px) 100vw, 680px\" \/><figcaption id=\"caption-attachment-22755\" class=\"wp-caption-text\">805 Unternehmen werden in der Studie \u201eBeste Arbeitgeber &#8211; Schweiz 2023\u201c bewertet. (Bild: www.servicevalue.de)<\/figcaption><\/figure>\n<p>Viele moderne Volkswirtschaften sehen sich derzeit mit einer alternden Bev\u00f6lkerung und sich wandelnden Arbeitsidealen sowie den daraus resultierenden Herausforderungen auf dem Arbeitsmarkt konfrontiert.<\/p>\n<h3><strong>Methode<\/strong><\/h3>\n<p>Die Untersuchung besteht aus Umfragen \u00fcber Online-Panels. B\u00fcrgerinnen und B\u00fcrger werden darin gebeten, Unternehmen, in denen sie selbst oder Personen aus ihrem Bekanntenkreis arbeiten, in Hinblick auf deren Qualit\u00e4t als Arbeitgeber zu beurteilen. Konkret lautet die Fragestellung: \u201eWie bewerten Sie f\u00fcr [Unternehmen X] das Image bzw. die Attraktivit\u00e4t als Arbeitgeber?\u201c Positive und negative Assoziationen sowie Wahrnehmungen und Informationen von Anderen k\u00f6nnen den Gesamteindruck mitpr\u00e4gen. Anhand der Urteile der Befragten wird mittels einer f\u00fcnfstufigen Antwort-Skala jedes Unternehmen ein ungewichteter Mittelwert gebildet, der dann \u00fcber die Positionierung im Ranking entscheidet. Unternehmen mit \u00fcberdurchschnittlich guten Werten erhalten die Auszeichnung \u201ehohe Attraktivit\u00e4t\u201c. Unternehmen, die auch innerhalb dieser Gruppe \u00fcberdurchschnittlich abschneiden, erhalten die Auszeichnung \u201esehr hohe Attraktivit\u00e4t\u201c. Die Erhebung erfolgt ohne Mitwirkung der bewerteten Unternehmen.<\/p>\n<h3><strong>Arbeitgeber mit \u201esehr hoher Attraktivit\u00e4t\u201c<\/strong><\/h3>\n<p>Die h\u00f6chste Attraktivit\u00e4t als Arbeitgeber weist aus Sicht der Befragten Victorinox auf, gefolgt von Ricola und Zweifel. Sie und 27 weitere Unternehmen sind als die Bestbewerteten aller untersuchten Arbeitgeber im Folgenden aufgef\u00fchrt.<\/p>\n<p>Platzierung | Unternehmen | Mittelwert<br \/>\n1. Victorinox \u00a02,33<br \/>\n2. Ricola 2,34<br \/>\n3. Zweifel 2,35<br \/>\n4. Lindt &amp; Spr\u00fcngli 2,36<br \/>\n5. Chocolat Frey 2,36<br \/>\n6. Tissot 2,37<br \/>\n7. Rolex 2,38<br \/>\n8. Rivella 2,40<br \/>\n9. Montres Longines 2,41<br \/>\n10. Raiffeisen Schweiz 2,42<br \/>\n11. Omega 2,43<br \/>\n12. Google Switzerland 2,43<br \/>\n13. Grand Resort Bad Ragaz 2,44<br \/>\n14. M\u00fcller Schweiz 2,44<br \/>\n15. Richemont 2,44<br \/>\n16. Schweizer Paraplegiker-Stiftung 2,44<br \/>\n17. Schweizerische Mobiliar 2,45<br \/>\n18. Hublot 2,45<br \/>\n19. Jaeger-LeCoultre 2,45<br \/>\n20. Stadler Rail 2,46<br \/>\n21. Rh\u00e4tische Bahn (RhB) 2,46<br \/>\n22. Hirslanden-Gruppe 2,46<br \/>\n23. Ramseier Suisse 2,46<br \/>\n24. Robert Bosch Schweiz 2,47<br \/>\n25. Landi 2,48<br \/>\n26. Breitling 2,48<br \/>\n27. Pilatus Flugzeugwerke 2,48<br \/>\n28. Roche Holding 2,48<br \/>\n29. Geberit 2,48<br \/>\n30. Orell F\u00fcssli 2,49<\/p>\n<p>Weitere Arbeitgeber mit \u201esehr hoher Attraktivit\u00e4t\u201c sind unter anderem The Swatch Group, Emmi, Zurich Insurance Group, Migros-Konzern, Jowa, Schweizer Reisekasse Reka, suva Schweizerische Unfallversicherungsanstalt und Weleda.<\/p>\n<p>\u201eIm internationalen Vergleich sind Arbeitgeber in der Schweiz nicht zuletzt aufgrund des landes\u00fcblichen Lohnniveaus beliebt\u201c, kommentiert Dr. Claus Dethloff, Gesch\u00e4ftsf\u00fchrer der ServiceValue GmbH, und erg\u00e4nzt, \u201eeinen individuell guten Ruf als Arbeitgeber aber erwirbt sich nur, wer auch ansonsten attraktive Arbeitsbedingungen bietet und f\u00fcr ein T\u00e4tigkeitsumfeld sorgt, in dem sich Mitarbeiterinnen und Mitarbeiter langfristig wohlf\u00fchlen.\u201c<\/p>\n<p>Das vollst\u00e4ndige Ranking \u201eBeste Arbeitgeber &#8211; Schweiz 2023\u201c:<em> <a href=\"https:\/\/servicevalue.de\/rankings\/gesamtranking-beste-arbeitgeber-schweiz\/\">https:\/\/servicevalue.de\/rankings\/gesamtranking-beste-arbeitgeber-schweiz\/<\/a><\/em><\/p>\n<p><em>Quelle: <a href=\"https:\/\/servicevalue.de\/\">www.servicevalue.de\u00a0<\/a><\/em><\/p>\n","protected":false},"excerpt":{"rendered":"<p>Welche Unternehmen als Arbeitgeber in der Bev\u00f6lkerung einen guten Ruf geniessen und als attraktiv gelten, hat die Rating- und Rankingagentur ServiceValue in einer grossen landesweiten Erhebung untersucht. 805 Unternehmen werden in der Studie \u201eBeste Arbeitgeber &#8211; Schweiz 2023\u201c aus der Bev\u00f6lkerung heraus bewertet. <\/p>\n","protected":false},"author":58,"featured_media":22755,"comment_status":"closed","ping_status":"closed","sticky":false,"template":"","format":"standard","meta":{"_acf_changed":false,"_yoast_wpseo_focuskw":"Arbeitgeber","_yoast_wpseo_metadesc":"805 Unternehmen werden in der Studie \u201eBeste Arbeitgeber - Schweiz 2023\u201c aus der Bev\u00f6lkerung heraus bewertet.","articlekey":"","footnotes":""},"categories":[582],"tags":[3277,66,424,487,492],"class_list":["post-22751","post","type-post","status-publish","format-standard","has-post-thumbnail","hentry","category-operational-excellence","tag-arbeitgeberattraktivitaet","tag-awards","tag-schweiz","tag-umfrage","tag-unternehmen"],"acf":[],"yoast_head":"<!-- This site is optimized with the Yoast SEO plugin v27.4 - https:\/\/yoast.com\/product\/yoast-seo-wordpress\/ -->\n<title>Beste Arbeitgeber in der Schweiz - Organisator<\/title>\n<meta name=\"description\" content=\"805 Unternehmen werden in der Studie \u201eBeste Arbeitgeber - Schweiz 2023\u201c aus der Bev\u00f6lkerung heraus bewertet.\" \/>\n<meta name=\"robots\" content=\"index, follow, max-snippet:-1, max-image-preview:large, max-video-preview:-1\" \/>\n<link rel=\"canonical\" href=\"https:\/\/www.organisator.ch\/de\/operational-excellence\/2023-10-25\/beste-arbeitgeber-in-der-schweiz\/\" \/>\n<meta property=\"og:locale\" content=\"de_DE\" \/>\n<meta property=\"og:type\" content=\"article\" \/>\n<meta property=\"og:title\" content=\"Beste Arbeitgeber in der Schweiz\" \/>\n<meta property=\"og:description\" content=\"805 Unternehmen werden in der Studie \u201eBeste Arbeitgeber - Schweiz 2023\u201c aus der Bev\u00f6lkerung heraus bewertet.\" \/>\n<meta property=\"og:url\" content=\"https:\/\/www.organisator.ch\/de\/operational-excellence\/2023-10-25\/beste-arbeitgeber-in-der-schweiz\/\" \/>\n<meta property=\"og:site_name\" content=\"Organisator\" \/>\n<meta property=\"article:publisher\" content=\"https:\/\/www.facebook.com\/OrganisatorFachmagazin\" \/>\n<meta property=\"article:published_time\" content=\"2023-10-25T07:39:09+00:00\" \/>\n<meta property=\"article:modified_time\" content=\"2023-11-06T09:34:49+00:00\" \/>\n<meta property=\"og:image\" content=\"https:\/\/www.organisator.ch\/wp-content\/uploads\/2023\/10\/Beste-Arbeitgeber_Bild1_ps.jpg\" \/>\n\t<meta property=\"og:image:width\" content=\"680\" \/>\n\t<meta property=\"og:image:height\" content=\"382\" \/>\n\t<meta property=\"og:image:type\" content=\"image\/jpeg\" \/>\n<meta name=\"author\" content=\"Adelisa Kalajdzini\" \/>\n<meta name=\"twitter:card\" content=\"summary_large_image\" \/>\n<meta name=\"twitter:title\" content=\"Beste Arbeitgeber in der Schweiz\" \/>\n<meta name=\"twitter:description\" content=\"#805 #Unternehmen werden in der Studie #\u201eBeste Arbeitgeber - Schweiz 2023\u201c aus der Bev\u00f6lkerung heraus bewertet.\" \/>\n<meta name=\"twitter:image\" content=\"https:\/\/www.organisator.ch\/wp-content\/uploads\/2023\/10\/Beste-Arbeitgeber_Bild1_ps.jpg\" \/>\n<script type=\"application\/ld+json\" class=\"yoast-schema-graph\">{\"@context\":\"https:\\\/\\\/schema.org\",\"@graph\":[{\"@type\":\"Article\",\"@id\":\"https:\\\/\\\/www.organisator.ch\\\/operational-excellence\\\/2023-10-25\\\/beste-arbeitgeber-in-der-schweiz\\\/#article\",\"isPartOf\":{\"@id\":\"https:\\\/\\\/www.organisator.ch\\\/operational-excellence\\\/2023-10-25\\\/beste-arbeitgeber-in-der-schweiz\\\/\"},\"author\":{\"name\":\"Adelisa Kalajdzini\",\"@id\":\"https:\\\/\\\/www.organisator.ch\\\/#\\\/schema\\\/person\\\/2e1314a2172123f874db408d8911d3f3\"},\"headline\":\"Beste Arbeitgeber in der Schweiz\",\"datePublished\":\"2023-10-25T07:39:09+00:00\",\"dateModified\":\"2023-11-06T09:34:49+00:00\",\"mainEntityOfPage\":{\"@id\":\"https:\\\/\\\/www.organisator.ch\\\/operational-excellence\\\/2023-10-25\\\/beste-arbeitgeber-in-der-schweiz\\\/\"},\"wordCount\":384,\"publisher\":{\"@id\":\"https:\\\/\\\/www.organisator.ch\\\/#organization\"},\"image\":{\"@id\":\"https:\\\/\\\/www.organisator.ch\\\/operational-excellence\\\/2023-10-25\\\/beste-arbeitgeber-in-der-schweiz\\\/#primaryimage\"},\"thumbnailUrl\":\"https:\\\/\\\/www.organisator.ch\\\/wp-content\\\/uploads\\\/2023\\\/10\\\/Beste-Arbeitgeber_Bild1_ps.jpg\",\"keywords\":[\"Arbeitgeberattraktivit\u00e4t\",\"Awards\",\"Schweiz\",\"Umfrage\",\"Unternehmen\"],\"articleSection\":[\"OPERATIONAL EXCELLENCE\"],\"inLanguage\":\"de\"},{\"@type\":\"WebPage\",\"@id\":\"https:\\\/\\\/www.organisator.ch\\\/operational-excellence\\\/2023-10-25\\\/beste-arbeitgeber-in-der-schweiz\\\/\",\"url\":\"https:\\\/\\\/www.organisator.ch\\\/operational-excellence\\\/2023-10-25\\\/beste-arbeitgeber-in-der-schweiz\\\/\",\"name\":\"Beste Arbeitgeber in der Schweiz - Organisator\",\"isPartOf\":{\"@id\":\"https:\\\/\\\/www.organisator.ch\\\/#website\"},\"primaryImageOfPage\":{\"@id\":\"https:\\\/\\\/www.organisator.ch\\\/operational-excellence\\\/2023-10-25\\\/beste-arbeitgeber-in-der-schweiz\\\/#primaryimage\"},\"image\":{\"@id\":\"https:\\\/\\\/www.organisator.ch\\\/operational-excellence\\\/2023-10-25\\\/beste-arbeitgeber-in-der-schweiz\\\/#primaryimage\"},\"thumbnailUrl\":\"https:\\\/\\\/www.organisator.ch\\\/wp-content\\\/uploads\\\/2023\\\/10\\\/Beste-Arbeitgeber_Bild1_ps.jpg\",\"datePublished\":\"2023-10-25T07:39:09+00:00\",\"dateModified\":\"2023-11-06T09:34:49+00:00\",\"description\":\"805 Unternehmen werden in der Studie \u201eBeste Arbeitgeber - Schweiz 2023\u201c aus der Bev\u00f6lkerung heraus bewertet.\",\"breadcrumb\":{\"@id\":\"https:\\\/\\\/www.organisator.ch\\\/operational-excellence\\\/2023-10-25\\\/beste-arbeitgeber-in-der-schweiz\\\/#breadcrumb\"},\"inLanguage\":\"de\",\"potentialAction\":[{\"@type\":\"ReadAction\",\"target\":[\"https:\\\/\\\/www.organisator.ch\\\/operational-excellence\\\/2023-10-25\\\/beste-arbeitgeber-in-der-schweiz\\\/\"]}]},{\"@type\":\"ImageObject\",\"inLanguage\":\"de\",\"@id\":\"https:\\\/\\\/www.organisator.ch\\\/operational-excellence\\\/2023-10-25\\\/beste-arbeitgeber-in-der-schweiz\\\/#primaryimage\",\"url\":\"https:\\\/\\\/www.organisator.ch\\\/wp-content\\\/uploads\\\/2023\\\/10\\\/Beste-Arbeitgeber_Bild1_ps.jpg\",\"contentUrl\":\"https:\\\/\\\/www.organisator.ch\\\/wp-content\\\/uploads\\\/2023\\\/10\\\/Beste-Arbeitgeber_Bild1_ps.jpg\",\"width\":680,\"height\":382,\"caption\":\"805 Unternehmen werden in der Studie \u201eBeste Arbeitgeber - Schweiz 2023\u201c aus der Bev\u00f6lkerung heraus bewertet. (Bild: www.servicevalue.de)\"},{\"@type\":\"BreadcrumbList\",\"@id\":\"https:\\\/\\\/www.organisator.ch\\\/operational-excellence\\\/2023-10-25\\\/beste-arbeitgeber-in-der-schweiz\\\/#breadcrumb\",\"itemListElement\":[{\"@type\":\"ListItem\",\"position\":1,\"name\":\"Home\",\"item\":\"https:\\\/\\\/www.organisator.ch\\\/\"},{\"@type\":\"ListItem\",\"position\":2,\"name\":\"Beste Arbeitgeber in der Schweiz\"}]},{\"@type\":\"WebSite\",\"@id\":\"https:\\\/\\\/www.organisator.ch\\\/#website\",\"url\":\"https:\\\/\\\/www.organisator.ch\\\/\",\"name\":\"Organisator\",\"description\":\"Kompetent. Praxisnah. Der ORGANISATOR bereitet in 10 Ausgaben pro Jahr die wesentlichen Themen f\u00fcr F\u00fchrungskr\u00e4fte von KMU auf.\",\"publisher\":{\"@id\":\"https:\\\/\\\/www.organisator.ch\\\/#organization\"},\"potentialAction\":[{\"@type\":\"SearchAction\",\"target\":{\"@type\":\"EntryPoint\",\"urlTemplate\":\"https:\\\/\\\/www.organisator.ch\\\/?s={search_term_string}\"},\"query-input\":{\"@type\":\"PropertyValueSpecification\",\"valueRequired\":true,\"valueName\":\"search_term_string\"}}],\"inLanguage\":\"de\"},{\"@type\":\"Organization\",\"@id\":\"https:\\\/\\\/www.organisator.ch\\\/#organization\",\"name\":\"Organisator\",\"url\":\"https:\\\/\\\/www.organisator.ch\\\/\",\"logo\":{\"@type\":\"ImageObject\",\"inLanguage\":\"de\",\"@id\":\"https:\\\/\\\/www.organisator.ch\\\/#\\\/schema\\\/logo\\\/image\\\/\",\"url\":\"https:\\\/\\\/www.organisator.ch\\\/wp-content\\\/uploads\\\/2022\\\/01\\\/Logo_Organisator_Website.png\",\"contentUrl\":\"https:\\\/\\\/www.organisator.ch\\\/wp-content\\\/uploads\\\/2022\\\/01\\\/Logo_Organisator_Website.png\",\"width\":800,\"height\":77,\"caption\":\"Organisator\"},\"image\":{\"@id\":\"https:\\\/\\\/www.organisator.ch\\\/#\\\/schema\\\/logo\\\/image\\\/\"},\"sameAs\":[\"https:\\\/\\\/www.facebook.com\\\/OrganisatorFachmagazin\",\"https:\\\/\\\/www.linkedin.com\\\/showcase\\\/organisator-das-magazin-fr-kmu\",\"https:\\\/\\\/www.xing.com\\\/news\\\/pages\\\/organisator-ch-695\",\"https:\\\/\\\/www.youtube.com\\\/channel\\\/UCGP2Sq0iWaZwT3BdIAQFYpw\"]},{\"@type\":\"Person\",\"@id\":\"https:\\\/\\\/www.organisator.ch\\\/#\\\/schema\\\/person\\\/2e1314a2172123f874db408d8911d3f3\",\"name\":\"Adelisa Kalajdzini\",\"image\":{\"@type\":\"ImageObject\",\"inLanguage\":\"de\",\"@id\":\"https:\\\/\\\/secure.gravatar.com\\\/avatar\\\/09a397c22ac58cad6f160ee8306348599df9df58a8ede73696226897b9fa4b24?s=96&d=mm&r=g\",\"url\":\"https:\\\/\\\/secure.gravatar.com\\\/avatar\\\/09a397c22ac58cad6f160ee8306348599df9df58a8ede73696226897b9fa4b24?s=96&d=mm&r=g\",\"contentUrl\":\"https:\\\/\\\/secure.gravatar.com\\\/avatar\\\/09a397c22ac58cad6f160ee8306348599df9df58a8ede73696226897b9fa4b24?s=96&d=mm&r=g\",\"caption\":\"Adelisa Kalajdzini\"},\"url\":\"https:\\\/\\\/www.organisator.ch\\\/de\\\/author\\\/adelisa-kalajdzini\\\/\"}]}<\/script>\n<!-- \/ Yoast SEO plugin. -->","yoast_head_json":{"title":"Beste Arbeitgeber in der Schweiz - Organisator","description":"805 Unternehmen werden in der Studie \u201eBeste Arbeitgeber - Schweiz 2023\u201c aus der Bev\u00f6lkerung heraus bewertet.","robots":{"index":"index","follow":"follow","max-snippet":"max-snippet:-1","max-image-preview":"max-image-preview:large","max-video-preview":"max-video-preview:-1"},"canonical":"https:\/\/www.organisator.ch\/de\/operational-excellence\/2023-10-25\/beste-arbeitgeber-in-der-schweiz\/","og_locale":"de_DE","og_type":"article","og_title":"Beste Arbeitgeber in der Schweiz","og_description":"805 Unternehmen werden in der Studie \u201eBeste Arbeitgeber - Schweiz 2023\u201c aus der Bev\u00f6lkerung heraus bewertet.","og_url":"https:\/\/www.organisator.ch\/de\/operational-excellence\/2023-10-25\/beste-arbeitgeber-in-der-schweiz\/","og_site_name":"Organisator","article_publisher":"https:\/\/www.facebook.com\/OrganisatorFachmagazin","article_published_time":"2023-10-25T07:39:09+00:00","article_modified_time":"2023-11-06T09:34:49+00:00","og_image":[{"width":680,"height":382,"url":"https:\/\/www.organisator.ch\/wp-content\/uploads\/2023\/10\/Beste-Arbeitgeber_Bild1_ps.jpg","type":"image\/jpeg"}],"author":"Adelisa Kalajdzini","twitter_card":"summary_large_image","twitter_title":"Beste Arbeitgeber in der Schweiz","twitter_description":"#805 #Unternehmen werden in der Studie #\u201eBeste Arbeitgeber - Schweiz 2023\u201c aus der Bev\u00f6lkerung heraus bewertet.","twitter_image":"https:\/\/www.organisator.ch\/wp-content\/uploads\/2023\/10\/Beste-Arbeitgeber_Bild1_ps.jpg","schema":{"@context":"https:\/\/schema.org","@graph":[{"@type":"Article","@id":"https:\/\/www.organisator.ch\/operational-excellence\/2023-10-25\/beste-arbeitgeber-in-der-schweiz\/#article","isPartOf":{"@id":"https:\/\/www.organisator.ch\/operational-excellence\/2023-10-25\/beste-arbeitgeber-in-der-schweiz\/"},"author":{"name":"Adelisa Kalajdzini","@id":"https:\/\/www.organisator.ch\/#\/schema\/person\/2e1314a2172123f874db408d8911d3f3"},"headline":"Beste Arbeitgeber in der Schweiz","datePublished":"2023-10-25T07:39:09+00:00","dateModified":"2023-11-06T09:34:49+00:00","mainEntityOfPage":{"@id":"https:\/\/www.organisator.ch\/operational-excellence\/2023-10-25\/beste-arbeitgeber-in-der-schweiz\/"},"wordCount":384,"publisher":{"@id":"https:\/\/www.organisator.ch\/#organization"},"image":{"@id":"https:\/\/www.organisator.ch\/operational-excellence\/2023-10-25\/beste-arbeitgeber-in-der-schweiz\/#primaryimage"},"thumbnailUrl":"https:\/\/www.organisator.ch\/wp-content\/uploads\/2023\/10\/Beste-Arbeitgeber_Bild1_ps.jpg","keywords":["Arbeitgeberattraktivit\u00e4t","Awards","Schweiz","Umfrage","Unternehmen"],"articleSection":["OPERATIONAL EXCELLENCE"],"inLanguage":"de"},{"@type":"WebPage","@id":"https:\/\/www.organisator.ch\/operational-excellence\/2023-10-25\/beste-arbeitgeber-in-der-schweiz\/","url":"https:\/\/www.organisator.ch\/operational-excellence\/2023-10-25\/beste-arbeitgeber-in-der-schweiz\/","name":"Beste Arbeitgeber in der Schweiz - Organisator","isPartOf":{"@id":"https:\/\/www.organisator.ch\/#website"},"primaryImageOfPage":{"@id":"https:\/\/www.organisator.ch\/operational-excellence\/2023-10-25\/beste-arbeitgeber-in-der-schweiz\/#primaryimage"},"image":{"@id":"https:\/\/www.organisator.ch\/operational-excellence\/2023-10-25\/beste-arbeitgeber-in-der-schweiz\/#primaryimage"},"thumbnailUrl":"https:\/\/www.organisator.ch\/wp-content\/uploads\/2023\/10\/Beste-Arbeitgeber_Bild1_ps.jpg","datePublished":"2023-10-25T07:39:09+00:00","dateModified":"2023-11-06T09:34:49+00:00","description":"805 Unternehmen werden in der Studie \u201eBeste Arbeitgeber - Schweiz 2023\u201c aus der Bev\u00f6lkerung heraus bewertet.","breadcrumb":{"@id":"https:\/\/www.organisator.ch\/operational-excellence\/2023-10-25\/beste-arbeitgeber-in-der-schweiz\/#breadcrumb"},"inLanguage":"de","potentialAction":[{"@type":"ReadAction","target":["https:\/\/www.organisator.ch\/operational-excellence\/2023-10-25\/beste-arbeitgeber-in-der-schweiz\/"]}]},{"@type":"ImageObject","inLanguage":"de","@id":"https:\/\/www.organisator.ch\/operational-excellence\/2023-10-25\/beste-arbeitgeber-in-der-schweiz\/#primaryimage","url":"https:\/\/www.organisator.ch\/wp-content\/uploads\/2023\/10\/Beste-Arbeitgeber_Bild1_ps.jpg","contentUrl":"https:\/\/www.organisator.ch\/wp-content\/uploads\/2023\/10\/Beste-Arbeitgeber_Bild1_ps.jpg","width":680,"height":382,"caption":"805 Unternehmen werden in der Studie \u201eBeste Arbeitgeber - Schweiz 2023\u201c aus der Bev\u00f6lkerung heraus bewertet. (Bild: www.servicevalue.de)"},{"@type":"BreadcrumbList","@id":"https:\/\/www.organisator.ch\/operational-excellence\/2023-10-25\/beste-arbeitgeber-in-der-schweiz\/#breadcrumb","itemListElement":[{"@type":"ListItem","position":1,"name":"Home","item":"https:\/\/www.organisator.ch\/"},{"@type":"ListItem","position":2,"name":"Beste Arbeitgeber in der Schweiz"}]},{"@type":"WebSite","@id":"https:\/\/www.organisator.ch\/#website","url":"https:\/\/www.organisator.ch\/","name":"Organisator","description":"Kompetent. Praxisnah. Der ORGANISATOR bereitet in 10 Ausgaben pro Jahr die wesentlichen Themen f\u00fcr F\u00fchrungskr\u00e4fte von KMU auf.","publisher":{"@id":"https:\/\/www.organisator.ch\/#organization"},"potentialAction":[{"@type":"SearchAction","target":{"@type":"EntryPoint","urlTemplate":"https:\/\/www.organisator.ch\/?s={search_term_string}"},"query-input":{"@type":"PropertyValueSpecification","valueRequired":true,"valueName":"search_term_string"}}],"inLanguage":"de"},{"@type":"Organization","@id":"https:\/\/www.organisator.ch\/#organization","name":"Organisator","url":"https:\/\/www.organisator.ch\/","logo":{"@type":"ImageObject","inLanguage":"de","@id":"https:\/\/www.organisator.ch\/#\/schema\/logo\/image\/","url":"https:\/\/www.organisator.ch\/wp-content\/uploads\/2022\/01\/Logo_Organisator_Website.png","contentUrl":"https:\/\/www.organisator.ch\/wp-content\/uploads\/2022\/01\/Logo_Organisator_Website.png","width":800,"height":77,"caption":"Organisator"},"image":{"@id":"https:\/\/www.organisator.ch\/#\/schema\/logo\/image\/"},"sameAs":["https:\/\/www.facebook.com\/OrganisatorFachmagazin","https:\/\/www.linkedin.com\/showcase\/organisator-das-magazin-fr-kmu","https:\/\/www.xing.com\/news\/pages\/organisator-ch-695","https:\/\/www.youtube.com\/channel\/UCGP2Sq0iWaZwT3BdIAQFYpw"]},{"@type":"Person","@id":"https:\/\/www.organisator.ch\/#\/schema\/person\/2e1314a2172123f874db408d8911d3f3","name":"Adelisa Kalajdzini","image":{"@type":"ImageObject","inLanguage":"de","@id":"https:\/\/secure.gravatar.com\/avatar\/09a397c22ac58cad6f160ee8306348599df9df58a8ede73696226897b9fa4b24?s=96&d=mm&r=g","url":"https:\/\/secure.gravatar.com\/avatar\/09a397c22ac58cad6f160ee8306348599df9df58a8ede73696226897b9fa4b24?s=96&d=mm&r=g","contentUrl":"https:\/\/secure.gravatar.com\/avatar\/09a397c22ac58cad6f160ee8306348599df9df58a8ede73696226897b9fa4b24?s=96&d=mm&r=g","caption":"Adelisa Kalajdzini"},"url":"https:\/\/www.organisator.ch\/de\/author\/adelisa-kalajdzini\/"}]}},"_links":{"self":[{"href":"https:\/\/www.organisator.ch\/de\/wp-json\/wp\/v2\/posts\/22751","targetHints":{"allow":["GET"]}}],"collection":[{"href":"https:\/\/www.organisator.ch\/de\/wp-json\/wp\/v2\/posts"}],"about":[{"href":"https:\/\/www.organisator.ch\/de\/wp-json\/wp\/v2\/types\/post"}],"author":[{"embeddable":true,"href":"https:\/\/www.organisator.ch\/de\/wp-json\/wp\/v2\/users\/58"}],"replies":[{"embeddable":true,"href":"https:\/\/www.organisator.ch\/de\/wp-json\/wp\/v2\/comments?post=22751"}],"version-history":[{"count":5,"href":"https:\/\/www.organisator.ch\/de\/wp-json\/wp\/v2\/posts\/22751\/revisions"}],"predecessor-version":[{"id":22815,"href":"https:\/\/www.organisator.ch\/de\/wp-json\/wp\/v2\/posts\/22751\/revisions\/22815"}],"wp:featuredmedia":[{"embeddable":true,"href":"https:\/\/www.organisator.ch\/de\/wp-json\/wp\/v2\/media\/22755"}],"wp:attachment":[{"href":"https:\/\/www.organisator.ch\/de\/wp-json\/wp\/v2\/media?parent=22751"}],"wp:term":[{"taxonomy":"category","embeddable":true,"href":"https:\/\/www.organisator.ch\/de\/wp-json\/wp\/v2\/categories?post=22751"},{"taxonomy":"post_tag","embeddable":true,"href":"https:\/\/www.organisator.ch\/de\/wp-json\/wp\/v2\/tags?post=22751"}],"curies":[{"name":"wp","href":"https:\/\/api.w.org\/{rel}","templated":true}]}}