{"id":2278,"date":"2017-08-07T17:32:48","date_gmt":"2017-08-07T15:32:48","guid":{"rendered":"https:\/\/www.organisator.ch\/?p=2278"},"modified":"2017-08-07T17:32:48","modified_gmt":"2017-08-07T15:32:48","slug":"online-schlaftherapie-in-die-obligatorische-krankenpflegeversicherung-aufgenommen","status":"publish","type":"post","link":"https:\/\/www.organisator.ch\/de\/human-resources\/fit_im_job\/2017-08-07\/online-schlaftherapie-in-die-obligatorische-krankenpflegeversicherung-aufgenommen\/","title":{"rendered":"Online-Schlaftherapie in die obligatorische Krankenpflegeversicherung aufgenommen"},"content":{"rendered":"<figure id=\"attachment_2280\" aria-describedby=\"caption-attachment-2280\" style=\"width: 640px\" class=\"wp-caption alignnone\"><img loading=\"lazy\" decoding=\"async\" class=\"size-full wp-image-2280\" src=\"https:\/\/www.organisator.ch\/wp-content\/uploads\/2017\/08\/Online-Schlaftherapie-in-die-obligatorische-Krankenpflegeversicherung-aufgenommen_Organisator.jpg\" alt=\"\" width=\"640\" height=\"409\" srcset=\"https:\/\/www.organisator.ch\/wp-content\/uploads\/2017\/08\/Online-Schlaftherapie-in-die-obligatorische-Krankenpflegeversicherung-aufgenommen_Organisator.jpg 640w, https:\/\/www.organisator.ch\/wp-content\/uploads\/2017\/08\/Online-Schlaftherapie-in-die-obligatorische-Krankenpflegeversicherung-aufgenommen_Organisator-16x10.jpg 16w, https:\/\/www.organisator.ch\/wp-content\/uploads\/2017\/08\/Online-Schlaftherapie-in-die-obligatorische-Krankenpflegeversicherung-aufgenommen_Organisator-274x175.jpg 274w, https:\/\/www.organisator.ch\/wp-content\/uploads\/2017\/08\/Online-Schlaftherapie-in-die-obligatorische-Krankenpflegeversicherung-aufgenommen_Organisator-548x350.jpg 548w, https:\/\/www.organisator.ch\/wp-content\/uploads\/2017\/08\/Online-Schlaftherapie-in-die-obligatorische-Krankenpflegeversicherung-aufgenommen_Organisator-300x192.jpg 300w\" sizes=\"auto, (max-width: 640px) 100vw, 640px\" \/><figcaption id=\"caption-attachment-2280\" class=\"wp-caption-text\">Wenn man statt nachts am Arbeitsplatz schl\u00e4ft: Die Online-Schlaftherapie KSM SOMNET begleitet Personen, die unter Schlaflosigkeit leiden. (Bild: Fotolia.com)<\/figcaption><\/figure>\n<p align=\"LEFT\">In der Schweiz leiden gesch\u00e4tzt ca. 300\u2018000 &#8211; 800\u2018000 Menschen unter chronischer Schlaflosigkeit. Nur circa ein Prozent der Betroffenen erhalten eine kognitive Verhaltenstherapie. Alle anderen erhalten somit bisher nicht die medizinische Versorgung, welche heute von vielen Experten als der Goldstandard betrachtet wird. Dabei gef\u00e4hrden mit Schlaflosigkeit oder anderen Schlafst\u00f6rungen assoziierte Erkrankungen auch die Arbeitssicherheit, wie wir unl\u00e4ngst an <a href=\"https:\/\/www.organisator.ch\/2191-2\/\">dieser Stelle<\/a> berichtet haben.<\/p>\n<p align=\"LEFT\"><strong>Einzigartige Online-Schlaftherapie in der Schweiz<\/strong><\/p>\n<p align=\"LEFT\">Die Klinik f\u00fcr Schlafmedizin (KSM)\u00a0in Bad Zurzach und Luzern hat unter der Marke KSM SOMNET seit 2010 eine Online-Therapie f\u00fcr chronische Schlaflosigkeit (Insomnie), also Ein- und Durchschlafst\u00f6rungen, entwickelt. Dabei\u00a0begleiten Schlafexperten der KSM die Klienten online durch eine kognitive Verhaltenstherapie. Der Unterschied zur Face-to-Face-Therapie liegt auf der Hand: Die Anwender kommen zu einem Therapiegespr\u00e4ch nicht in die Klinik, sondern bearbeiten unter Anleitung eines Online-Therapeuten oder einer Online-Therapeutin mehrere Therapiemodule an ihrem PC oder Tablet. In der Regel dauert eine Therapie acht bis zw\u00f6lf Wochen. Verwirklicht wurde damit die Vision einer f\u00fcr die Betroffenen zeit- und ortsungebundenen Therapie, die pers\u00f6nlich durch einen Therapeuten betreut wird &#8211; im Unterschied zu vielen anderen Angeboten.<\/p>\n<p align=\"LEFT\"><strong>Ein Meilenstein<\/strong><\/p>\n<p align=\"LEFT\">Die Aufnahme der Leistung \u201eInternet-basierte kognitiv-verhaltens-therapeutische Behandlung der Insomnie\u201c in den Anhang 1 der Krankenpflege-Leistungsverordnung per 1. Januar 2017\u00a0bedeutet f\u00fcr die KSM Klinik f\u00fcr Schlafmedizin ein wahrer Meilenstein, wie es in einer Mitteilung heisst.\u00a0Die Klinik nimmt dies zum Anlass, das Angebot dieser Online-Schlaftherapie\u00a0weiter auszubauen. Mit der Erweiterung des Therapeutenteams, einem Software-Relaunch, der Publikation einer eigenen Informations-Website <a href=\"http:\/\/www.ksm-somnet.ch\">www.ksm-somnet.ch<\/a> und der Eintragung der Marke KSM SOMNET in das Schweizer Markenregister\u00a0sei das Angebot\u00a0heute gut aufgestellt, um der erwarteten Nachfrage nachkommen zu k\u00f6nnen, so die Klinik weiter.<\/p>\n<p>&nbsp;<\/p>\n","protected":false},"excerpt":{"rendered":"<p>In der Schweiz leiden gesch\u00e4tzt ca. 300\u2018000 &#8211; 800\u2018000 Menschen unter chronischer Schlaflosigkeit. Nur circa ein Prozent der Betroffenen erhalten eine kognitive Verhaltenstherapie. Alle anderen erhalten somit bisher nicht die medizinische Versorgung, welche heute von vielen Experten als der Goldstandard betrachtet wird. Dabei gef\u00e4hrden mit Schlaflosigkeit oder anderen Schlafst\u00f6rungen assoziierte Erkrankungen auch die Arbeitssicherheit, wie [&hellip;]<\/p>\n","protected":false},"author":4,"featured_media":2280,"comment_status":"open","ping_status":"open","sticky":false,"template":"","format":"standard","meta":{"_acf_changed":false,"_yoast_wpseo_focuskw":"Online-Schlaftherapie","_yoast_wpseo_metadesc":"Die KSM Klinik f\u00fcr Schlafmedizin kann ihre Online-Schlaftherapie KSM SOMNET neu allen deutschsprachigen Interessenten in der Schweiz anbieten.","articlekey":"","footnotes":""},"categories":[25],"tags":[77,243,393,508],"class_list":["post-2278","post","type-post","status-publish","format-standard","has-post-thumbnail","hentry","category-fit_im_job","tag-betriebliches-gesundheitsmanagement","tag-gesundheit-allgemein","tag-produkte","tag-vermischtes"],"acf":[],"yoast_head":"<!-- This site is optimized with the Yoast SEO plugin v27.4 - https:\/\/yoast.com\/product\/yoast-seo-wordpress\/ -->\n<title>Online-Schlaftherapie in die obligatorische Krankenpflegeversicherung aufgenommen - Organisator<\/title>\n<meta name=\"description\" content=\"Die KSM Klinik f\u00fcr Schlafmedizin kann ihre Online-Schlaftherapie KSM SOMNET neu allen deutschsprachigen Interessenten in der Schweiz anbieten.\" \/>\n<meta name=\"robots\" content=\"index, follow, max-snippet:-1, max-image-preview:large, max-video-preview:-1\" \/>\n<link rel=\"canonical\" href=\"https:\/\/www.organisator.ch\/de\/human-resources\/fit_im_job\/2017-08-07\/online-schlaftherapie-in-die-obligatorische-krankenpflegeversicherung-aufgenommen\/\" \/>\n<meta property=\"og:locale\" content=\"de_DE\" \/>\n<meta property=\"og:type\" content=\"article\" \/>\n<meta property=\"og:title\" content=\"Online-Schlaftherapie in die obligatorische Krankenpflegeversicherung aufgenommen\" \/>\n<meta property=\"og:description\" content=\"Die KSM Klinik f\u00fcr #Schlafmedizin kann ihre #Online-Schlaftherapie KSM SOMNET neu allen deutschsprachigen Interessenten in der Schweiz anbieten.\" \/>\n<meta property=\"og:url\" content=\"https:\/\/www.organisator.ch\/de\/human-resources\/fit_im_job\/2017-08-07\/online-schlaftherapie-in-die-obligatorische-krankenpflegeversicherung-aufgenommen\/\" \/>\n<meta property=\"og:site_name\" content=\"Organisator\" \/>\n<meta property=\"article:publisher\" content=\"https:\/\/www.facebook.com\/OrganisatorFachmagazin\" \/>\n<meta property=\"article:published_time\" content=\"2017-08-07T15:32:48+00:00\" \/>\n<meta property=\"og:image\" content=\"https:\/\/www.organisator.ch\/wp-content\/uploads\/2017\/08\/Online-Schlaftherapie-in-die-obligatorische-Krankenpflegeversicherung-aufgenommen_Organisator.jpg\" \/>\n\t<meta property=\"og:image:width\" content=\"640\" \/>\n\t<meta property=\"og:image:height\" content=\"409\" \/>\n\t<meta property=\"og:image:type\" content=\"image\/jpeg\" \/>\n<meta name=\"author\" content=\"thomas.berner\" \/>\n<meta name=\"twitter:card\" content=\"summary_large_image\" \/>\n<meta name=\"twitter:title\" content=\"#Online-Schlaftherapie in die obligatorische #Krankenpflegeversicherung aufgenommen\" \/>\n<meta name=\"twitter:description\" content=\"Die KSM Klinik f\u00fcr #Schlafmedizin kann ihre #Online-Schlaftherapie KSM SOMNET neu allen deutschsprachigen Interessenten in der Schweiz anbieten.\" \/>\n<meta name=\"twitter:image\" content=\"https:\/\/www.organisator.ch\/wp-content\/uploads\/2017\/08\/Online-Schlaftherapie-in-die-obligatorische-Krankenpflegeversicherung-aufgenommen_Organisator.jpg\" \/>\n<script type=\"application\/ld+json\" class=\"yoast-schema-graph\">{\"@context\":\"https:\\\/\\\/schema.org\",\"@graph\":[{\"@type\":\"Article\",\"@id\":\"https:\\\/\\\/www.organisator.ch\\\/human-resources\\\/fit_im_job\\\/2017-08-07\\\/online-schlaftherapie-in-die-obligatorische-krankenpflegeversicherung-aufgenommen\\\/#article\",\"isPartOf\":{\"@id\":\"https:\\\/\\\/www.organisator.ch\\\/human-resources\\\/fit_im_job\\\/2017-08-07\\\/online-schlaftherapie-in-die-obligatorische-krankenpflegeversicherung-aufgenommen\\\/\"},\"author\":{\"name\":\"thomas.berner\",\"@id\":\"https:\\\/\\\/www.organisator.ch\\\/#\\\/schema\\\/person\\\/6f650f90b2842cd4c0cc334b4e36f67e\"},\"headline\":\"Online-Schlaftherapie in die obligatorische Krankenpflegeversicherung aufgenommen\",\"datePublished\":\"2017-08-07T15:32:48+00:00\",\"mainEntityOfPage\":{\"@id\":\"https:\\\/\\\/www.organisator.ch\\\/human-resources\\\/fit_im_job\\\/2017-08-07\\\/online-schlaftherapie-in-die-obligatorische-krankenpflegeversicherung-aufgenommen\\\/\"},\"wordCount\":314,\"commentCount\":0,\"publisher\":{\"@id\":\"https:\\\/\\\/www.organisator.ch\\\/#organization\"},\"image\":{\"@id\":\"https:\\\/\\\/www.organisator.ch\\\/human-resources\\\/fit_im_job\\\/2017-08-07\\\/online-schlaftherapie-in-die-obligatorische-krankenpflegeversicherung-aufgenommen\\\/#primaryimage\"},\"thumbnailUrl\":\"https:\\\/\\\/www.organisator.ch\\\/wp-content\\\/uploads\\\/2017\\\/08\\\/Online-Schlaftherapie-in-die-obligatorische-Krankenpflegeversicherung-aufgenommen_Organisator.jpg\",\"keywords\":[\"Betriebliches Gesundheitsmanagement\",\"Gesundheit allgemein\",\"Produkte\",\"Vermischtes\"],\"articleSection\":[\"FIT IM JOB\"],\"inLanguage\":\"de\"},{\"@type\":\"WebPage\",\"@id\":\"https:\\\/\\\/www.organisator.ch\\\/human-resources\\\/fit_im_job\\\/2017-08-07\\\/online-schlaftherapie-in-die-obligatorische-krankenpflegeversicherung-aufgenommen\\\/\",\"url\":\"https:\\\/\\\/www.organisator.ch\\\/human-resources\\\/fit_im_job\\\/2017-08-07\\\/online-schlaftherapie-in-die-obligatorische-krankenpflegeversicherung-aufgenommen\\\/\",\"name\":\"Online-Schlaftherapie in die obligatorische Krankenpflegeversicherung aufgenommen - Organisator\",\"isPartOf\":{\"@id\":\"https:\\\/\\\/www.organisator.ch\\\/#website\"},\"primaryImageOfPage\":{\"@id\":\"https:\\\/\\\/www.organisator.ch\\\/human-resources\\\/fit_im_job\\\/2017-08-07\\\/online-schlaftherapie-in-die-obligatorische-krankenpflegeversicherung-aufgenommen\\\/#primaryimage\"},\"image\":{\"@id\":\"https:\\\/\\\/www.organisator.ch\\\/human-resources\\\/fit_im_job\\\/2017-08-07\\\/online-schlaftherapie-in-die-obligatorische-krankenpflegeversicherung-aufgenommen\\\/#primaryimage\"},\"thumbnailUrl\":\"https:\\\/\\\/www.organisator.ch\\\/wp-content\\\/uploads\\\/2017\\\/08\\\/Online-Schlaftherapie-in-die-obligatorische-Krankenpflegeversicherung-aufgenommen_Organisator.jpg\",\"datePublished\":\"2017-08-07T15:32:48+00:00\",\"description\":\"Die KSM Klinik f\u00fcr Schlafmedizin kann ihre Online-Schlaftherapie KSM SOMNET neu allen deutschsprachigen Interessenten in der Schweiz anbieten.\",\"breadcrumb\":{\"@id\":\"https:\\\/\\\/www.organisator.ch\\\/human-resources\\\/fit_im_job\\\/2017-08-07\\\/online-schlaftherapie-in-die-obligatorische-krankenpflegeversicherung-aufgenommen\\\/#breadcrumb\"},\"inLanguage\":\"de\",\"potentialAction\":[{\"@type\":\"ReadAction\",\"target\":[\"https:\\\/\\\/www.organisator.ch\\\/human-resources\\\/fit_im_job\\\/2017-08-07\\\/online-schlaftherapie-in-die-obligatorische-krankenpflegeversicherung-aufgenommen\\\/\"]}]},{\"@type\":\"ImageObject\",\"inLanguage\":\"de\",\"@id\":\"https:\\\/\\\/www.organisator.ch\\\/human-resources\\\/fit_im_job\\\/2017-08-07\\\/online-schlaftherapie-in-die-obligatorische-krankenpflegeversicherung-aufgenommen\\\/#primaryimage\",\"url\":\"https:\\\/\\\/www.organisator.ch\\\/wp-content\\\/uploads\\\/2017\\\/08\\\/Online-Schlaftherapie-in-die-obligatorische-Krankenpflegeversicherung-aufgenommen_Organisator.jpg\",\"contentUrl\":\"https:\\\/\\\/www.organisator.ch\\\/wp-content\\\/uploads\\\/2017\\\/08\\\/Online-Schlaftherapie-in-die-obligatorische-Krankenpflegeversicherung-aufgenommen_Organisator.jpg\",\"width\":640,\"height\":409,\"caption\":\"Wenn man statt nachts am Arbeitsplatz schl\u00e4ft: Die Online-Schlaftherapie KSM SOMNET begleitet Personen, die unter Schlaflosigkeit leiden. (Bild: Fotolia.com)\"},{\"@type\":\"BreadcrumbList\",\"@id\":\"https:\\\/\\\/www.organisator.ch\\\/human-resources\\\/fit_im_job\\\/2017-08-07\\\/online-schlaftherapie-in-die-obligatorische-krankenpflegeversicherung-aufgenommen\\\/#breadcrumb\",\"itemListElement\":[{\"@type\":\"ListItem\",\"position\":1,\"name\":\"Home\",\"item\":\"https:\\\/\\\/www.organisator.ch\\\/\"},{\"@type\":\"ListItem\",\"position\":2,\"name\":\"Online-Schlaftherapie in die obligatorische Krankenpflegeversicherung aufgenommen\"}]},{\"@type\":\"WebSite\",\"@id\":\"https:\\\/\\\/www.organisator.ch\\\/#website\",\"url\":\"https:\\\/\\\/www.organisator.ch\\\/\",\"name\":\"Organisator\",\"description\":\"Kompetent. Praxisnah. Der ORGANISATOR bereitet in 10 Ausgaben pro Jahr die wesentlichen Themen f\u00fcr F\u00fchrungskr\u00e4fte von KMU auf.\",\"publisher\":{\"@id\":\"https:\\\/\\\/www.organisator.ch\\\/#organization\"},\"potentialAction\":[{\"@type\":\"SearchAction\",\"target\":{\"@type\":\"EntryPoint\",\"urlTemplate\":\"https:\\\/\\\/www.organisator.ch\\\/?s={search_term_string}\"},\"query-input\":{\"@type\":\"PropertyValueSpecification\",\"valueRequired\":true,\"valueName\":\"search_term_string\"}}],\"inLanguage\":\"de\"},{\"@type\":\"Organization\",\"@id\":\"https:\\\/\\\/www.organisator.ch\\\/#organization\",\"name\":\"Organisator\",\"url\":\"https:\\\/\\\/www.organisator.ch\\\/\",\"logo\":{\"@type\":\"ImageObject\",\"inLanguage\":\"de\",\"@id\":\"https:\\\/\\\/www.organisator.ch\\\/#\\\/schema\\\/logo\\\/image\\\/\",\"url\":\"https:\\\/\\\/www.organisator.ch\\\/wp-content\\\/uploads\\\/2022\\\/01\\\/Logo_Organisator_Website.png\",\"contentUrl\":\"https:\\\/\\\/www.organisator.ch\\\/wp-content\\\/uploads\\\/2022\\\/01\\\/Logo_Organisator_Website.png\",\"width\":800,\"height\":77,\"caption\":\"Organisator\"},\"image\":{\"@id\":\"https:\\\/\\\/www.organisator.ch\\\/#\\\/schema\\\/logo\\\/image\\\/\"},\"sameAs\":[\"https:\\\/\\\/www.facebook.com\\\/OrganisatorFachmagazin\",\"https:\\\/\\\/www.linkedin.com\\\/showcase\\\/organisator-das-magazin-fr-kmu\",\"https:\\\/\\\/www.xing.com\\\/news\\\/pages\\\/organisator-ch-695\",\"https:\\\/\\\/www.youtube.com\\\/channel\\\/UCGP2Sq0iWaZwT3BdIAQFYpw\"]},{\"@type\":\"Person\",\"@id\":\"https:\\\/\\\/www.organisator.ch\\\/#\\\/schema\\\/person\\\/6f650f90b2842cd4c0cc334b4e36f67e\",\"name\":\"thomas.berner\",\"image\":{\"@type\":\"ImageObject\",\"inLanguage\":\"de\",\"@id\":\"https:\\\/\\\/secure.gravatar.com\\\/avatar\\\/ac5001d2a36cb6c6cd3e50789007ffca834b477b74a2144564522e944eabff61?s=96&d=mm&r=g\",\"url\":\"https:\\\/\\\/secure.gravatar.com\\\/avatar\\\/ac5001d2a36cb6c6cd3e50789007ffca834b477b74a2144564522e944eabff61?s=96&d=mm&r=g\",\"contentUrl\":\"https:\\\/\\\/secure.gravatar.com\\\/avatar\\\/ac5001d2a36cb6c6cd3e50789007ffca834b477b74a2144564522e944eabff61?s=96&d=mm&r=g\",\"caption\":\"thomas.berner\"},\"url\":\"https:\\\/\\\/www.organisator.ch\\\/de\\\/author\\\/thomas-berner\\\/\"}]}<\/script>\n<!-- \/ Yoast SEO plugin. -->","yoast_head_json":{"title":"Online-Schlaftherapie in die obligatorische Krankenpflegeversicherung aufgenommen - Organisator","description":"Die KSM Klinik f\u00fcr Schlafmedizin kann ihre Online-Schlaftherapie KSM SOMNET neu allen deutschsprachigen Interessenten in der Schweiz anbieten.","robots":{"index":"index","follow":"follow","max-snippet":"max-snippet:-1","max-image-preview":"max-image-preview:large","max-video-preview":"max-video-preview:-1"},"canonical":"https:\/\/www.organisator.ch\/de\/human-resources\/fit_im_job\/2017-08-07\/online-schlaftherapie-in-die-obligatorische-krankenpflegeversicherung-aufgenommen\/","og_locale":"de_DE","og_type":"article","og_title":"Online-Schlaftherapie in die obligatorische Krankenpflegeversicherung aufgenommen","og_description":"Die KSM Klinik f\u00fcr #Schlafmedizin kann ihre #Online-Schlaftherapie KSM SOMNET neu allen deutschsprachigen Interessenten in der Schweiz anbieten.","og_url":"https:\/\/www.organisator.ch\/de\/human-resources\/fit_im_job\/2017-08-07\/online-schlaftherapie-in-die-obligatorische-krankenpflegeversicherung-aufgenommen\/","og_site_name":"Organisator","article_publisher":"https:\/\/www.facebook.com\/OrganisatorFachmagazin","article_published_time":"2017-08-07T15:32:48+00:00","og_image":[{"width":640,"height":409,"url":"https:\/\/www.organisator.ch\/wp-content\/uploads\/2017\/08\/Online-Schlaftherapie-in-die-obligatorische-Krankenpflegeversicherung-aufgenommen_Organisator.jpg","type":"image\/jpeg"}],"author":"thomas.berner","twitter_card":"summary_large_image","twitter_title":"#Online-Schlaftherapie in die obligatorische #Krankenpflegeversicherung aufgenommen","twitter_description":"Die KSM Klinik f\u00fcr #Schlafmedizin kann ihre #Online-Schlaftherapie KSM SOMNET neu allen deutschsprachigen Interessenten in der Schweiz anbieten.","twitter_image":"https:\/\/www.organisator.ch\/wp-content\/uploads\/2017\/08\/Online-Schlaftherapie-in-die-obligatorische-Krankenpflegeversicherung-aufgenommen_Organisator.jpg","schema":{"@context":"https:\/\/schema.org","@graph":[{"@type":"Article","@id":"https:\/\/www.organisator.ch\/human-resources\/fit_im_job\/2017-08-07\/online-schlaftherapie-in-die-obligatorische-krankenpflegeversicherung-aufgenommen\/#article","isPartOf":{"@id":"https:\/\/www.organisator.ch\/human-resources\/fit_im_job\/2017-08-07\/online-schlaftherapie-in-die-obligatorische-krankenpflegeversicherung-aufgenommen\/"},"author":{"name":"thomas.berner","@id":"https:\/\/www.organisator.ch\/#\/schema\/person\/6f650f90b2842cd4c0cc334b4e36f67e"},"headline":"Online-Schlaftherapie in die obligatorische Krankenpflegeversicherung aufgenommen","datePublished":"2017-08-07T15:32:48+00:00","mainEntityOfPage":{"@id":"https:\/\/www.organisator.ch\/human-resources\/fit_im_job\/2017-08-07\/online-schlaftherapie-in-die-obligatorische-krankenpflegeversicherung-aufgenommen\/"},"wordCount":314,"commentCount":0,"publisher":{"@id":"https:\/\/www.organisator.ch\/#organization"},"image":{"@id":"https:\/\/www.organisator.ch\/human-resources\/fit_im_job\/2017-08-07\/online-schlaftherapie-in-die-obligatorische-krankenpflegeversicherung-aufgenommen\/#primaryimage"},"thumbnailUrl":"https:\/\/www.organisator.ch\/wp-content\/uploads\/2017\/08\/Online-Schlaftherapie-in-die-obligatorische-Krankenpflegeversicherung-aufgenommen_Organisator.jpg","keywords":["Betriebliches Gesundheitsmanagement","Gesundheit allgemein","Produkte","Vermischtes"],"articleSection":["FIT IM JOB"],"inLanguage":"de"},{"@type":"WebPage","@id":"https:\/\/www.organisator.ch\/human-resources\/fit_im_job\/2017-08-07\/online-schlaftherapie-in-die-obligatorische-krankenpflegeversicherung-aufgenommen\/","url":"https:\/\/www.organisator.ch\/human-resources\/fit_im_job\/2017-08-07\/online-schlaftherapie-in-die-obligatorische-krankenpflegeversicherung-aufgenommen\/","name":"Online-Schlaftherapie in die obligatorische Krankenpflegeversicherung aufgenommen - Organisator","isPartOf":{"@id":"https:\/\/www.organisator.ch\/#website"},"primaryImageOfPage":{"@id":"https:\/\/www.organisator.ch\/human-resources\/fit_im_job\/2017-08-07\/online-schlaftherapie-in-die-obligatorische-krankenpflegeversicherung-aufgenommen\/#primaryimage"},"image":{"@id":"https:\/\/www.organisator.ch\/human-resources\/fit_im_job\/2017-08-07\/online-schlaftherapie-in-die-obligatorische-krankenpflegeversicherung-aufgenommen\/#primaryimage"},"thumbnailUrl":"https:\/\/www.organisator.ch\/wp-content\/uploads\/2017\/08\/Online-Schlaftherapie-in-die-obligatorische-Krankenpflegeversicherung-aufgenommen_Organisator.jpg","datePublished":"2017-08-07T15:32:48+00:00","description":"Die KSM Klinik f\u00fcr Schlafmedizin kann ihre Online-Schlaftherapie KSM SOMNET neu allen deutschsprachigen Interessenten in der Schweiz anbieten.","breadcrumb":{"@id":"https:\/\/www.organisator.ch\/human-resources\/fit_im_job\/2017-08-07\/online-schlaftherapie-in-die-obligatorische-krankenpflegeversicherung-aufgenommen\/#breadcrumb"},"inLanguage":"de","potentialAction":[{"@type":"ReadAction","target":["https:\/\/www.organisator.ch\/human-resources\/fit_im_job\/2017-08-07\/online-schlaftherapie-in-die-obligatorische-krankenpflegeversicherung-aufgenommen\/"]}]},{"@type":"ImageObject","inLanguage":"de","@id":"https:\/\/www.organisator.ch\/human-resources\/fit_im_job\/2017-08-07\/online-schlaftherapie-in-die-obligatorische-krankenpflegeversicherung-aufgenommen\/#primaryimage","url":"https:\/\/www.organisator.ch\/wp-content\/uploads\/2017\/08\/Online-Schlaftherapie-in-die-obligatorische-Krankenpflegeversicherung-aufgenommen_Organisator.jpg","contentUrl":"https:\/\/www.organisator.ch\/wp-content\/uploads\/2017\/08\/Online-Schlaftherapie-in-die-obligatorische-Krankenpflegeversicherung-aufgenommen_Organisator.jpg","width":640,"height":409,"caption":"Wenn man statt nachts am Arbeitsplatz schl\u00e4ft: Die Online-Schlaftherapie KSM SOMNET begleitet Personen, die unter Schlaflosigkeit leiden. (Bild: Fotolia.com)"},{"@type":"BreadcrumbList","@id":"https:\/\/www.organisator.ch\/human-resources\/fit_im_job\/2017-08-07\/online-schlaftherapie-in-die-obligatorische-krankenpflegeversicherung-aufgenommen\/#breadcrumb","itemListElement":[{"@type":"ListItem","position":1,"name":"Home","item":"https:\/\/www.organisator.ch\/"},{"@type":"ListItem","position":2,"name":"Online-Schlaftherapie in die obligatorische Krankenpflegeversicherung aufgenommen"}]},{"@type":"WebSite","@id":"https:\/\/www.organisator.ch\/#website","url":"https:\/\/www.organisator.ch\/","name":"Organisator","description":"Kompetent. Praxisnah. Der ORGANISATOR bereitet in 10 Ausgaben pro Jahr die wesentlichen Themen f\u00fcr F\u00fchrungskr\u00e4fte von KMU auf.","publisher":{"@id":"https:\/\/www.organisator.ch\/#organization"},"potentialAction":[{"@type":"SearchAction","target":{"@type":"EntryPoint","urlTemplate":"https:\/\/www.organisator.ch\/?s={search_term_string}"},"query-input":{"@type":"PropertyValueSpecification","valueRequired":true,"valueName":"search_term_string"}}],"inLanguage":"de"},{"@type":"Organization","@id":"https:\/\/www.organisator.ch\/#organization","name":"Organisator","url":"https:\/\/www.organisator.ch\/","logo":{"@type":"ImageObject","inLanguage":"de","@id":"https:\/\/www.organisator.ch\/#\/schema\/logo\/image\/","url":"https:\/\/www.organisator.ch\/wp-content\/uploads\/2022\/01\/Logo_Organisator_Website.png","contentUrl":"https:\/\/www.organisator.ch\/wp-content\/uploads\/2022\/01\/Logo_Organisator_Website.png","width":800,"height":77,"caption":"Organisator"},"image":{"@id":"https:\/\/www.organisator.ch\/#\/schema\/logo\/image\/"},"sameAs":["https:\/\/www.facebook.com\/OrganisatorFachmagazin","https:\/\/www.linkedin.com\/showcase\/organisator-das-magazin-fr-kmu","https:\/\/www.xing.com\/news\/pages\/organisator-ch-695","https:\/\/www.youtube.com\/channel\/UCGP2Sq0iWaZwT3BdIAQFYpw"]},{"@type":"Person","@id":"https:\/\/www.organisator.ch\/#\/schema\/person\/6f650f90b2842cd4c0cc334b4e36f67e","name":"thomas.berner","image":{"@type":"ImageObject","inLanguage":"de","@id":"https:\/\/secure.gravatar.com\/avatar\/ac5001d2a36cb6c6cd3e50789007ffca834b477b74a2144564522e944eabff61?s=96&d=mm&r=g","url":"https:\/\/secure.gravatar.com\/avatar\/ac5001d2a36cb6c6cd3e50789007ffca834b477b74a2144564522e944eabff61?s=96&d=mm&r=g","contentUrl":"https:\/\/secure.gravatar.com\/avatar\/ac5001d2a36cb6c6cd3e50789007ffca834b477b74a2144564522e944eabff61?s=96&d=mm&r=g","caption":"thomas.berner"},"url":"https:\/\/www.organisator.ch\/de\/author\/thomas-berner\/"}]}},"_links":{"self":[{"href":"https:\/\/www.organisator.ch\/de\/wp-json\/wp\/v2\/posts\/2278","targetHints":{"allow":["GET"]}}],"collection":[{"href":"https:\/\/www.organisator.ch\/de\/wp-json\/wp\/v2\/posts"}],"about":[{"href":"https:\/\/www.organisator.ch\/de\/wp-json\/wp\/v2\/types\/post"}],"author":[{"embeddable":true,"href":"https:\/\/www.organisator.ch\/de\/wp-json\/wp\/v2\/users\/4"}],"replies":[{"embeddable":true,"href":"https:\/\/www.organisator.ch\/de\/wp-json\/wp\/v2\/comments?post=2278"}],"version-history":[{"count":0,"href":"https:\/\/www.organisator.ch\/de\/wp-json\/wp\/v2\/posts\/2278\/revisions"}],"wp:featuredmedia":[{"embeddable":true,"href":"https:\/\/www.organisator.ch\/de\/wp-json\/wp\/v2\/media\/2280"}],"wp:attachment":[{"href":"https:\/\/www.organisator.ch\/de\/wp-json\/wp\/v2\/media?parent=2278"}],"wp:term":[{"taxonomy":"category","embeddable":true,"href":"https:\/\/www.organisator.ch\/de\/wp-json\/wp\/v2\/categories?post=2278"},{"taxonomy":"post_tag","embeddable":true,"href":"https:\/\/www.organisator.ch\/de\/wp-json\/wp\/v2\/tags?post=2278"}],"curies":[{"name":"wp","href":"https:\/\/api.w.org\/{rel}","templated":true}]}}