{"id":22797,"date":"2023-10-27T05:59:44","date_gmt":"2023-10-27T03:59:44","guid":{"rendered":"https:\/\/www.organisator.ch\/?p=22797"},"modified":"2023-10-31T15:07:01","modified_gmt":"2023-10-31T14:07:01","slug":"45-pollutec-zieht-erfolgreiche-bilanz","status":"publish","type":"post","link":"https:\/\/www.organisator.ch\/de\/sustainability\/2023-10-27\/45-pollutec-zieht-erfolgreiche-bilanz\/","title":{"rendered":"45. Pollutec zieht erfolgreiche Bilanz"},"content":{"rendered":"<figure id=\"attachment_22798\" class=\"wp-caption alignnone\" style=\"width: 680px;\" aria-describedby=\"caption-attachment-22798\"><img class=\"size-full wp-image-22798\" src=\"https:\/\/www.organisator.ch\/wp-content\/uploads\/2023\/10\/45-Pollutec-zieht-erfolgreiche-Bilanz_Organisator.jpg\" sizes=\"(max-width: 680px) 100vw, 680px\" srcset=\"https:\/\/www.organisator.ch\/wp-content\/uploads\/2023\/10\/45-Pollutec-zieht-erfolgreiche-Bilanz_Organisator.jpg 680w, https:\/\/www.organisator.ch\/wp-content\/uploads\/2023\/10\/45-Pollutec-zieht-erfolgreiche-Bilanz_Organisator-18x12.jpg 18w, https:\/\/www.organisator.ch\/wp-content\/uploads\/2023\/10\/45-Pollutec-zieht-erfolgreiche-Bilanz_Organisator-375x250.jpg 375w, https:\/\/www.organisator.ch\/wp-content\/uploads\/2023\/10\/45-Pollutec-zieht-erfolgreiche-Bilanz_Organisator-525x350.jpg 525w\" alt=\"\" width=\"680\" height=\"453\" \/><figcaption id=\"caption-attachment-22798\" class=\"wp-caption-text\">Die Umwelt-Fachmesse Pollutec 2023 lockte 51000 Besucherinnen und Besucher nach Lyon. (Bild: flickr.com \/ Pollutec)<\/figcaption><\/figure>\r\nMit \u00fcber 51.000 Fachbesuchern, 2.000 Ausstellern, darunter 200 Start-ups, und 17 regionalen und nationalen Gemeinschaftsst\u00e4nden brachte die Pollutec zwischen dem 10. und 13. Oktober 2023 Vertreterinnen und Vertreter der gesamten Umwelt- und Klimabranche zusammen. Die Messe wurde zum 45. Mal durchgef\u00fchrt.\r\n<h3>Gemeinsames Handeln im Veranstaltungsfokus<\/h3>\r\nDer Klimawandel erfordert in jeder Beziehung eine schnellere Umsetzung von \u00dcbergangsstrategien. Vor diesem Hintergrund traf sich auf dem Messegel\u00e4nde von Lyon die gesamte Umweltbranche, um den Austausch von Best Practices zu f\u00f6rdern und gemeinsame Handlungsans\u00e4tze aufzuzeigen. Die Ausgabe 2023 zeichnete sich durch steigende Besucherzahlen, eine Vielzahl von L\u00f6sungen (120 Innovationen wurden exklusiv auf der Messe vorgestellt) sowie mehrere Veranstaltungshighlights aus:\r\n<ul>\r\n \t<li>Im Rahmen von 30 Podiumsdiskussionen erl\u00e4uterten engagierte Branchenexperten ihre inspirierenden Zukunftsvisionen f\u00fcr den Kampf gegen den Klimawandel.<\/li>\r\n \t<li>400 Vortragsveranstaltungen aus 11 Themenforen fanden statt. Wie beispielsweise das Forum Landwirtschaft &amp; Klima, wo u.a. die konfliktbeladene Frage der Nutzung von Wasserressourcen er\u00f6rtert wurde, sowie das Forum zur Kreislaufwirtschaft vor dem Hintergrund des franz\u00f6sischen Anti-Abfall-Gesetzes AGEC.<\/li>\r\n \t<li>Im Erlebnisbereich Water Hub wurde ein Trinkwassernetz nachgestellt. Es diente dazu, das Bewusstsein des Publikums f\u00fcr den Umgang mit Wasserressourcen zu sch\u00e4rfen und Innovationen aus dem Bereich Wasserwirtschaft hervorzuheben.<\/li>\r\n \t<li>Die Green Days pr\u00e4sentierten sich als Branchentreff internationaler Teilnehmer und europ\u00e4ischer Cluster.<\/li>\r\n<\/ul>\r\n\u201eIn diesem Jahr hat sich die gesamte Umweltbranche in besonderem Masse daf\u00fcr eingesetzt, angesichts der durch den Klimawandel verursachten dringlichen Herausforderungen wirklich konkrete und innovative L\u00f6sungen anzubieten. Die St\u00e4rke des Kollektivs schafft einen Dominoeffekt, der die Entstehung neuer L\u00f6sungen f\u00f6rdert und globale Aktionsstrategien mitgestaltet, und zwar au\u00dferhalb festgefahrener Organisationsstrukturen\u201c, so Anne-Manu\u00e8le H\u00e9bert, Gesch\u00e4ftsf\u00fchrerin der Pollutec. \u201eDas ist auch die Rolle, die wir der Pollutec als Katalysator des \u00f6kologischen Wandels zuschreiben: allen vom Umweltwandel betroffenen Branchen die M\u00f6glichkeit zu geben, Hand in Hand zu arbeiten.\u201c\r\n<h3>Pollutec Innovation Awards 2023<\/h3>\r\nSeit ihrer Gr\u00fcndung hat es sich die Pollutec zur Aufgabe gemacht, Innovationen f\u00fcr die Umwelt zu unterst\u00fctzen und zu f\u00f6rdern, insbesondere durch die Veranstaltung des Wettbewerbs Pollutec Innovation Awards. Bei der Messeveranstaltung 2023 wurden 12 Finalisten in den Fokus ger\u00fcckt, drei Unternehmen erhielten eine Auszeichnung: Grims \u00c9nergie (W\u00e4rmespeicherung),\r\nMTB (Recycling von Lithium-Ionen-Akkus) und Purenat (Textilien zur Entfernung von organischen Schadstoffen in der Luft).\r\n<h3>Pollutec Paris 2024 und Pollutec 2025<\/h3>\r\nDie n\u00e4chste Pollutec findet 2025 wiederum in Lyon statt, und zwar vom 7. bis 10. Oktober 2025. Doch schon im Jahr 2024 trifft sich die Branche in Paris: Pollutec Paris wird in der Halle 1 des Ausstellungsgel\u00e4ndes Paris Expo Porte de Versailles am Dienstag, den 26. und Mittwoch, den 27. November 2024 stattfinden. Das Zweijahres-Format versteht sich als Erg\u00e4nzung zur traditionellen Veranstaltung in Lyon. Vor dem Hintergrund der beschleunigten Umsetzung gesetzlicher Rahmenbedingungen und der damit einhergehenden steigenden Nachfrage von Industrie und \u00f6ffentlichen Interessentr\u00e4gern nach konkreten L\u00f6sungen bietet sich die Pollutec Paris als zweiter Branchentreff an, um Themen wie gesetzliche Vorschriften, Finanzierung und Innovation zu er\u00f6rtern. Die Pollutec-Veranstaltung in Paris zeichnet sich ebenfalls durch ihre geographische N\u00e4he zu Nordeuropa aus und pr\u00e4sentiert die 11 gro\u00dfen Angebotsbereiche, die auch in Lyon vertreten sind. Ziel ist, denselben systemisch orientierten und interdisziplin\u00e4ren Ansatz anzubieten.\r\n\r\n<a href=\"https:\/\/www.pollutec.com\/fr-fr.html\"><em>Quelle und weitere Informationen<\/em><\/a>","protected":false},"excerpt":{"rendered":"<p>Pollutec 2023, die internationale Fachmesse f\u00fcr umweltfreundliche L\u00f6sungen f\u00fcr Industrie, Kommunen und Regionen, schloss die Tore ihrer 45. Jubil\u00e4umsausgabe. Sie fand vom 10. bis 13. Oktober auf dem Ausstellungsgel\u00e4nde Eurexpo Lyon statt. Ziel war es, die erforderlichen L\u00f6sungen f\u00fcr Herausforderungen aufzuzeigen, die sich aus der Brisanz des Klimawandels ergeben.<\/p>\n","protected":false},"author":4,"featured_media":22798,"comment_status":"closed","ping_status":"closed","sticky":false,"template":"","format":"standard","meta":{"_acf_changed":false,"_yoast_wpseo_focuskw":"Pollutec","_yoast_wpseo_metadesc":"Pollutec 2023, internationale Fachmesse f\u00fcr umweltfreundliche L\u00f6sungen f\u00fcr Industrie, Kommunen und Regionen, zieht Bilanz.","articlekey":"","footnotes":""},"categories":[580],"tags":[3788,193,358],"class_list":["post-22797","post","type-post","status-publish","format-standard","has-post-thumbnail","hentry","category-sustainability","tag-abfallwirtschaft","tag-fachkongressfachmesse","tag-nachhaltige-wirtschaft"],"acf":[],"yoast_head":"<!-- This site is optimized with the Yoast SEO plugin v27.4 - https:\/\/yoast.com\/product\/yoast-seo-wordpress\/ -->\n<title>45. Pollutec zieht erfolgreiche Bilanz - Organisator<\/title>\n<meta name=\"description\" content=\"Pollutec 2023, internationale Fachmesse f\u00fcr umweltfreundliche L\u00f6sungen f\u00fcr Industrie, Kommunen und Regionen, zieht Bilanz.\" \/>\n<meta name=\"robots\" content=\"index, follow, max-snippet:-1, max-image-preview:large, max-video-preview:-1\" \/>\n<link rel=\"canonical\" href=\"https:\/\/www.organisator.ch\/de\/sustainability\/2023-10-27\/45-pollutec-zieht-erfolgreiche-bilanz\/\" \/>\n<meta property=\"og:locale\" content=\"de_DE\" \/>\n<meta property=\"og:type\" content=\"article\" \/>\n<meta property=\"og:title\" content=\"45. Pollutec zieht erfolgreiche Bilanz\" \/>\n<meta property=\"og:description\" content=\"Pollutec 2023, internationale Fachmesse f\u00fcr umweltfreundliche L\u00f6sungen f\u00fcr Industrie, Kommunen und Regionen, zieht Bilanz.\" \/>\n<meta property=\"og:url\" content=\"https:\/\/www.organisator.ch\/de\/sustainability\/2023-10-27\/45-pollutec-zieht-erfolgreiche-bilanz\/\" \/>\n<meta property=\"og:site_name\" content=\"Organisator\" \/>\n<meta property=\"article:publisher\" content=\"https:\/\/www.facebook.com\/OrganisatorFachmagazin\" \/>\n<meta property=\"article:published_time\" content=\"2023-10-27T03:59:44+00:00\" \/>\n<meta property=\"article:modified_time\" content=\"2023-10-31T14:07:01+00:00\" \/>\n<meta property=\"og:image\" content=\"https:\/\/www.organisator.ch\/wp-content\/uploads\/2023\/10\/45-Pollutec-zieht-erfolgreiche-Bilanz_Organisator.jpg\" \/>\n\t<meta property=\"og:image:width\" content=\"680\" \/>\n\t<meta property=\"og:image:height\" content=\"453\" \/>\n\t<meta property=\"og:image:type\" content=\"image\/jpeg\" \/>\n<meta name=\"author\" content=\"thomas.berner\" \/>\n<meta name=\"twitter:card\" content=\"summary_large_image\" \/>\n<meta name=\"twitter:title\" content=\"45. Pollutec zieht erfolgreiche Bilanz\" \/>\n<meta name=\"twitter:description\" content=\"Pollutec 2023, internationale Fachmesse f\u00fcr umweltfreundliche L\u00f6sungen f\u00fcr Industrie, Kommunen und Regionen, zieht Bilanz.\" \/>\n<meta name=\"twitter:image\" content=\"https:\/\/www.organisator.ch\/wp-content\/uploads\/2023\/10\/45-Pollutec-zieht-erfolgreiche-Bilanz_Organisator.jpg\" \/>\n<script type=\"application\/ld+json\" class=\"yoast-schema-graph\">{\"@context\":\"https:\\\/\\\/schema.org\",\"@graph\":[{\"@type\":\"Article\",\"@id\":\"https:\\\/\\\/www.organisator.ch\\\/sustainability\\\/2023-10-27\\\/45-pollutec-zieht-erfolgreiche-bilanz\\\/#article\",\"isPartOf\":{\"@id\":\"https:\\\/\\\/www.organisator.ch\\\/sustainability\\\/2023-10-27\\\/45-pollutec-zieht-erfolgreiche-bilanz\\\/\"},\"author\":{\"name\":\"thomas.berner\",\"@id\":\"https:\\\/\\\/www.organisator.ch\\\/#\\\/schema\\\/person\\\/6f650f90b2842cd4c0cc334b4e36f67e\"},\"headline\":\"45. Pollutec zieht erfolgreiche Bilanz\",\"datePublished\":\"2023-10-27T03:59:44+00:00\",\"dateModified\":\"2023-10-31T14:07:01+00:00\",\"mainEntityOfPage\":{\"@id\":\"https:\\\/\\\/www.organisator.ch\\\/sustainability\\\/2023-10-27\\\/45-pollutec-zieht-erfolgreiche-bilanz\\\/\"},\"wordCount\":532,\"publisher\":{\"@id\":\"https:\\\/\\\/www.organisator.ch\\\/#organization\"},\"image\":{\"@id\":\"https:\\\/\\\/www.organisator.ch\\\/sustainability\\\/2023-10-27\\\/45-pollutec-zieht-erfolgreiche-bilanz\\\/#primaryimage\"},\"thumbnailUrl\":\"https:\\\/\\\/www.organisator.ch\\\/wp-content\\\/uploads\\\/2023\\\/10\\\/45-Pollutec-zieht-erfolgreiche-Bilanz_Organisator.jpg\",\"keywords\":[\"Abfallwirtschaft\",\"Fachkongress\\\/Fachmesse\",\"Nachhaltige Wirtschaft\"],\"articleSection\":[\"SUSTAINABILITY\"],\"inLanguage\":\"de\"},{\"@type\":\"WebPage\",\"@id\":\"https:\\\/\\\/www.organisator.ch\\\/sustainability\\\/2023-10-27\\\/45-pollutec-zieht-erfolgreiche-bilanz\\\/\",\"url\":\"https:\\\/\\\/www.organisator.ch\\\/sustainability\\\/2023-10-27\\\/45-pollutec-zieht-erfolgreiche-bilanz\\\/\",\"name\":\"45. Pollutec zieht erfolgreiche Bilanz - Organisator\",\"isPartOf\":{\"@id\":\"https:\\\/\\\/www.organisator.ch\\\/#website\"},\"primaryImageOfPage\":{\"@id\":\"https:\\\/\\\/www.organisator.ch\\\/sustainability\\\/2023-10-27\\\/45-pollutec-zieht-erfolgreiche-bilanz\\\/#primaryimage\"},\"image\":{\"@id\":\"https:\\\/\\\/www.organisator.ch\\\/sustainability\\\/2023-10-27\\\/45-pollutec-zieht-erfolgreiche-bilanz\\\/#primaryimage\"},\"thumbnailUrl\":\"https:\\\/\\\/www.organisator.ch\\\/wp-content\\\/uploads\\\/2023\\\/10\\\/45-Pollutec-zieht-erfolgreiche-Bilanz_Organisator.jpg\",\"datePublished\":\"2023-10-27T03:59:44+00:00\",\"dateModified\":\"2023-10-31T14:07:01+00:00\",\"description\":\"Pollutec 2023, internationale Fachmesse f\u00fcr umweltfreundliche L\u00f6sungen f\u00fcr Industrie, Kommunen und Regionen, zieht Bilanz.\",\"breadcrumb\":{\"@id\":\"https:\\\/\\\/www.organisator.ch\\\/sustainability\\\/2023-10-27\\\/45-pollutec-zieht-erfolgreiche-bilanz\\\/#breadcrumb\"},\"inLanguage\":\"de\",\"potentialAction\":[{\"@type\":\"ReadAction\",\"target\":[\"https:\\\/\\\/www.organisator.ch\\\/sustainability\\\/2023-10-27\\\/45-pollutec-zieht-erfolgreiche-bilanz\\\/\"]}]},{\"@type\":\"ImageObject\",\"inLanguage\":\"de\",\"@id\":\"https:\\\/\\\/www.organisator.ch\\\/sustainability\\\/2023-10-27\\\/45-pollutec-zieht-erfolgreiche-bilanz\\\/#primaryimage\",\"url\":\"https:\\\/\\\/www.organisator.ch\\\/wp-content\\\/uploads\\\/2023\\\/10\\\/45-Pollutec-zieht-erfolgreiche-Bilanz_Organisator.jpg\",\"contentUrl\":\"https:\\\/\\\/www.organisator.ch\\\/wp-content\\\/uploads\\\/2023\\\/10\\\/45-Pollutec-zieht-erfolgreiche-Bilanz_Organisator.jpg\",\"width\":680,\"height\":453,\"caption\":\"Die Umwelt-Fachmesse Pollutec 2023 lockte 51000 Besucherinnen und Besucher nach Lyon. (Bild: flickr.com \\\/ Pollutec)\"},{\"@type\":\"BreadcrumbList\",\"@id\":\"https:\\\/\\\/www.organisator.ch\\\/sustainability\\\/2023-10-27\\\/45-pollutec-zieht-erfolgreiche-bilanz\\\/#breadcrumb\",\"itemListElement\":[{\"@type\":\"ListItem\",\"position\":1,\"name\":\"Home\",\"item\":\"https:\\\/\\\/www.organisator.ch\\\/\"},{\"@type\":\"ListItem\",\"position\":2,\"name\":\"45. Pollutec zieht erfolgreiche Bilanz\"}]},{\"@type\":\"WebSite\",\"@id\":\"https:\\\/\\\/www.organisator.ch\\\/#website\",\"url\":\"https:\\\/\\\/www.organisator.ch\\\/\",\"name\":\"Organisator\",\"description\":\"Kompetent. Praxisnah. Der ORGANISATOR bereitet in 10 Ausgaben pro Jahr die wesentlichen Themen f\u00fcr F\u00fchrungskr\u00e4fte von KMU auf.\",\"publisher\":{\"@id\":\"https:\\\/\\\/www.organisator.ch\\\/#organization\"},\"potentialAction\":[{\"@type\":\"SearchAction\",\"target\":{\"@type\":\"EntryPoint\",\"urlTemplate\":\"https:\\\/\\\/www.organisator.ch\\\/?s={search_term_string}\"},\"query-input\":{\"@type\":\"PropertyValueSpecification\",\"valueRequired\":true,\"valueName\":\"search_term_string\"}}],\"inLanguage\":\"de\"},{\"@type\":\"Organization\",\"@id\":\"https:\\\/\\\/www.organisator.ch\\\/#organization\",\"name\":\"Organisator\",\"url\":\"https:\\\/\\\/www.organisator.ch\\\/\",\"logo\":{\"@type\":\"ImageObject\",\"inLanguage\":\"de\",\"@id\":\"https:\\\/\\\/www.organisator.ch\\\/#\\\/schema\\\/logo\\\/image\\\/\",\"url\":\"https:\\\/\\\/www.organisator.ch\\\/wp-content\\\/uploads\\\/2022\\\/01\\\/Logo_Organisator_Website.png\",\"contentUrl\":\"https:\\\/\\\/www.organisator.ch\\\/wp-content\\\/uploads\\\/2022\\\/01\\\/Logo_Organisator_Website.png\",\"width\":800,\"height\":77,\"caption\":\"Organisator\"},\"image\":{\"@id\":\"https:\\\/\\\/www.organisator.ch\\\/#\\\/schema\\\/logo\\\/image\\\/\"},\"sameAs\":[\"https:\\\/\\\/www.facebook.com\\\/OrganisatorFachmagazin\",\"https:\\\/\\\/www.linkedin.com\\\/showcase\\\/organisator-das-magazin-fr-kmu\",\"https:\\\/\\\/www.xing.com\\\/news\\\/pages\\\/organisator-ch-695\",\"https:\\\/\\\/www.youtube.com\\\/channel\\\/UCGP2Sq0iWaZwT3BdIAQFYpw\"]},{\"@type\":\"Person\",\"@id\":\"https:\\\/\\\/www.organisator.ch\\\/#\\\/schema\\\/person\\\/6f650f90b2842cd4c0cc334b4e36f67e\",\"name\":\"thomas.berner\",\"image\":{\"@type\":\"ImageObject\",\"inLanguage\":\"de\",\"@id\":\"https:\\\/\\\/secure.gravatar.com\\\/avatar\\\/ac5001d2a36cb6c6cd3e50789007ffca834b477b74a2144564522e944eabff61?s=96&d=mm&r=g\",\"url\":\"https:\\\/\\\/secure.gravatar.com\\\/avatar\\\/ac5001d2a36cb6c6cd3e50789007ffca834b477b74a2144564522e944eabff61?s=96&d=mm&r=g\",\"contentUrl\":\"https:\\\/\\\/secure.gravatar.com\\\/avatar\\\/ac5001d2a36cb6c6cd3e50789007ffca834b477b74a2144564522e944eabff61?s=96&d=mm&r=g\",\"caption\":\"thomas.berner\"},\"url\":\"https:\\\/\\\/www.organisator.ch\\\/de\\\/author\\\/thomas-berner\\\/\"}]}<\/script>\n<!-- \/ Yoast SEO plugin. -->","yoast_head_json":{"title":"45. Pollutec zieht erfolgreiche Bilanz - Organisator","description":"Pollutec 2023, internationale Fachmesse f\u00fcr umweltfreundliche L\u00f6sungen f\u00fcr Industrie, Kommunen und Regionen, zieht Bilanz.","robots":{"index":"index","follow":"follow","max-snippet":"max-snippet:-1","max-image-preview":"max-image-preview:large","max-video-preview":"max-video-preview:-1"},"canonical":"https:\/\/www.organisator.ch\/de\/sustainability\/2023-10-27\/45-pollutec-zieht-erfolgreiche-bilanz\/","og_locale":"de_DE","og_type":"article","og_title":"45. Pollutec zieht erfolgreiche Bilanz","og_description":"Pollutec 2023, internationale Fachmesse f\u00fcr umweltfreundliche L\u00f6sungen f\u00fcr Industrie, Kommunen und Regionen, zieht Bilanz.","og_url":"https:\/\/www.organisator.ch\/de\/sustainability\/2023-10-27\/45-pollutec-zieht-erfolgreiche-bilanz\/","og_site_name":"Organisator","article_publisher":"https:\/\/www.facebook.com\/OrganisatorFachmagazin","article_published_time":"2023-10-27T03:59:44+00:00","article_modified_time":"2023-10-31T14:07:01+00:00","og_image":[{"width":680,"height":453,"url":"https:\/\/www.organisator.ch\/wp-content\/uploads\/2023\/10\/45-Pollutec-zieht-erfolgreiche-Bilanz_Organisator.jpg","type":"image\/jpeg"}],"author":"thomas.berner","twitter_card":"summary_large_image","twitter_title":"45. Pollutec zieht erfolgreiche Bilanz","twitter_description":"Pollutec 2023, internationale Fachmesse f\u00fcr umweltfreundliche L\u00f6sungen f\u00fcr Industrie, Kommunen und Regionen, zieht Bilanz.","twitter_image":"https:\/\/www.organisator.ch\/wp-content\/uploads\/2023\/10\/45-Pollutec-zieht-erfolgreiche-Bilanz_Organisator.jpg","schema":{"@context":"https:\/\/schema.org","@graph":[{"@type":"Article","@id":"https:\/\/www.organisator.ch\/sustainability\/2023-10-27\/45-pollutec-zieht-erfolgreiche-bilanz\/#article","isPartOf":{"@id":"https:\/\/www.organisator.ch\/sustainability\/2023-10-27\/45-pollutec-zieht-erfolgreiche-bilanz\/"},"author":{"name":"thomas.berner","@id":"https:\/\/www.organisator.ch\/#\/schema\/person\/6f650f90b2842cd4c0cc334b4e36f67e"},"headline":"45. Pollutec zieht erfolgreiche Bilanz","datePublished":"2023-10-27T03:59:44+00:00","dateModified":"2023-10-31T14:07:01+00:00","mainEntityOfPage":{"@id":"https:\/\/www.organisator.ch\/sustainability\/2023-10-27\/45-pollutec-zieht-erfolgreiche-bilanz\/"},"wordCount":532,"publisher":{"@id":"https:\/\/www.organisator.ch\/#organization"},"image":{"@id":"https:\/\/www.organisator.ch\/sustainability\/2023-10-27\/45-pollutec-zieht-erfolgreiche-bilanz\/#primaryimage"},"thumbnailUrl":"https:\/\/www.organisator.ch\/wp-content\/uploads\/2023\/10\/45-Pollutec-zieht-erfolgreiche-Bilanz_Organisator.jpg","keywords":["Abfallwirtschaft","Fachkongress\/Fachmesse","Nachhaltige Wirtschaft"],"articleSection":["SUSTAINABILITY"],"inLanguage":"de"},{"@type":"WebPage","@id":"https:\/\/www.organisator.ch\/sustainability\/2023-10-27\/45-pollutec-zieht-erfolgreiche-bilanz\/","url":"https:\/\/www.organisator.ch\/sustainability\/2023-10-27\/45-pollutec-zieht-erfolgreiche-bilanz\/","name":"45. Pollutec zieht erfolgreiche Bilanz - Organisator","isPartOf":{"@id":"https:\/\/www.organisator.ch\/#website"},"primaryImageOfPage":{"@id":"https:\/\/www.organisator.ch\/sustainability\/2023-10-27\/45-pollutec-zieht-erfolgreiche-bilanz\/#primaryimage"},"image":{"@id":"https:\/\/www.organisator.ch\/sustainability\/2023-10-27\/45-pollutec-zieht-erfolgreiche-bilanz\/#primaryimage"},"thumbnailUrl":"https:\/\/www.organisator.ch\/wp-content\/uploads\/2023\/10\/45-Pollutec-zieht-erfolgreiche-Bilanz_Organisator.jpg","datePublished":"2023-10-27T03:59:44+00:00","dateModified":"2023-10-31T14:07:01+00:00","description":"Pollutec 2023, internationale Fachmesse f\u00fcr umweltfreundliche L\u00f6sungen f\u00fcr Industrie, Kommunen und Regionen, zieht Bilanz.","breadcrumb":{"@id":"https:\/\/www.organisator.ch\/sustainability\/2023-10-27\/45-pollutec-zieht-erfolgreiche-bilanz\/#breadcrumb"},"inLanguage":"de","potentialAction":[{"@type":"ReadAction","target":["https:\/\/www.organisator.ch\/sustainability\/2023-10-27\/45-pollutec-zieht-erfolgreiche-bilanz\/"]}]},{"@type":"ImageObject","inLanguage":"de","@id":"https:\/\/www.organisator.ch\/sustainability\/2023-10-27\/45-pollutec-zieht-erfolgreiche-bilanz\/#primaryimage","url":"https:\/\/www.organisator.ch\/wp-content\/uploads\/2023\/10\/45-Pollutec-zieht-erfolgreiche-Bilanz_Organisator.jpg","contentUrl":"https:\/\/www.organisator.ch\/wp-content\/uploads\/2023\/10\/45-Pollutec-zieht-erfolgreiche-Bilanz_Organisator.jpg","width":680,"height":453,"caption":"Die Umwelt-Fachmesse Pollutec 2023 lockte 51000 Besucherinnen und Besucher nach Lyon. (Bild: flickr.com \/ Pollutec)"},{"@type":"BreadcrumbList","@id":"https:\/\/www.organisator.ch\/sustainability\/2023-10-27\/45-pollutec-zieht-erfolgreiche-bilanz\/#breadcrumb","itemListElement":[{"@type":"ListItem","position":1,"name":"Home","item":"https:\/\/www.organisator.ch\/"},{"@type":"ListItem","position":2,"name":"45. Pollutec zieht erfolgreiche Bilanz"}]},{"@type":"WebSite","@id":"https:\/\/www.organisator.ch\/#website","url":"https:\/\/www.organisator.ch\/","name":"Organisator","description":"Kompetent. Praxisnah. Der ORGANISATOR bereitet in 10 Ausgaben pro Jahr die wesentlichen Themen f\u00fcr F\u00fchrungskr\u00e4fte von KMU auf.","publisher":{"@id":"https:\/\/www.organisator.ch\/#organization"},"potentialAction":[{"@type":"SearchAction","target":{"@type":"EntryPoint","urlTemplate":"https:\/\/www.organisator.ch\/?s={search_term_string}"},"query-input":{"@type":"PropertyValueSpecification","valueRequired":true,"valueName":"search_term_string"}}],"inLanguage":"de"},{"@type":"Organization","@id":"https:\/\/www.organisator.ch\/#organization","name":"Organisator","url":"https:\/\/www.organisator.ch\/","logo":{"@type":"ImageObject","inLanguage":"de","@id":"https:\/\/www.organisator.ch\/#\/schema\/logo\/image\/","url":"https:\/\/www.organisator.ch\/wp-content\/uploads\/2022\/01\/Logo_Organisator_Website.png","contentUrl":"https:\/\/www.organisator.ch\/wp-content\/uploads\/2022\/01\/Logo_Organisator_Website.png","width":800,"height":77,"caption":"Organisator"},"image":{"@id":"https:\/\/www.organisator.ch\/#\/schema\/logo\/image\/"},"sameAs":["https:\/\/www.facebook.com\/OrganisatorFachmagazin","https:\/\/www.linkedin.com\/showcase\/organisator-das-magazin-fr-kmu","https:\/\/www.xing.com\/news\/pages\/organisator-ch-695","https:\/\/www.youtube.com\/channel\/UCGP2Sq0iWaZwT3BdIAQFYpw"]},{"@type":"Person","@id":"https:\/\/www.organisator.ch\/#\/schema\/person\/6f650f90b2842cd4c0cc334b4e36f67e","name":"thomas.berner","image":{"@type":"ImageObject","inLanguage":"de","@id":"https:\/\/secure.gravatar.com\/avatar\/ac5001d2a36cb6c6cd3e50789007ffca834b477b74a2144564522e944eabff61?s=96&d=mm&r=g","url":"https:\/\/secure.gravatar.com\/avatar\/ac5001d2a36cb6c6cd3e50789007ffca834b477b74a2144564522e944eabff61?s=96&d=mm&r=g","contentUrl":"https:\/\/secure.gravatar.com\/avatar\/ac5001d2a36cb6c6cd3e50789007ffca834b477b74a2144564522e944eabff61?s=96&d=mm&r=g","caption":"thomas.berner"},"url":"https:\/\/www.organisator.ch\/de\/author\/thomas-berner\/"}]}},"_links":{"self":[{"href":"https:\/\/www.organisator.ch\/de\/wp-json\/wp\/v2\/posts\/22797","targetHints":{"allow":["GET"]}}],"collection":[{"href":"https:\/\/www.organisator.ch\/de\/wp-json\/wp\/v2\/posts"}],"about":[{"href":"https:\/\/www.organisator.ch\/de\/wp-json\/wp\/v2\/types\/post"}],"author":[{"embeddable":true,"href":"https:\/\/www.organisator.ch\/de\/wp-json\/wp\/v2\/users\/4"}],"replies":[{"embeddable":true,"href":"https:\/\/www.organisator.ch\/de\/wp-json\/wp\/v2\/comments?post=22797"}],"version-history":[{"count":7,"href":"https:\/\/www.organisator.ch\/de\/wp-json\/wp\/v2\/posts\/22797\/revisions"}],"predecessor-version":[{"id":22887,"href":"https:\/\/www.organisator.ch\/de\/wp-json\/wp\/v2\/posts\/22797\/revisions\/22887"}],"wp:featuredmedia":[{"embeddable":true,"href":"https:\/\/www.organisator.ch\/de\/wp-json\/wp\/v2\/media\/22798"}],"wp:attachment":[{"href":"https:\/\/www.organisator.ch\/de\/wp-json\/wp\/v2\/media?parent=22797"}],"wp:term":[{"taxonomy":"category","embeddable":true,"href":"https:\/\/www.organisator.ch\/de\/wp-json\/wp\/v2\/categories?post=22797"},{"taxonomy":"post_tag","embeddable":true,"href":"https:\/\/www.organisator.ch\/de\/wp-json\/wp\/v2\/tags?post=22797"}],"curies":[{"name":"wp","href":"https:\/\/api.w.org\/{rel}","templated":true}]}}