{"id":22816,"date":"2023-10-27T08:34:32","date_gmt":"2023-10-27T06:34:32","guid":{"rendered":"https:\/\/www.organisator.ch\/?p=22816"},"modified":"2023-10-27T08:34:32","modified_gmt":"2023-10-27T06:34:32","slug":"der-perfekte-ceo-ein-mythos","status":"publish","type":"post","link":"https:\/\/www.organisator.ch\/de\/management\/2023-10-27\/der-perfekte-ceo-ein-mythos\/","title":{"rendered":"Der perfekte CEO: Ein Mythos?"},"content":{"rendered":"<figure id=\"attachment_22819\" aria-describedby=\"caption-attachment-22819\" style=\"width: 680px\" class=\"wp-caption alignnone\"><img loading=\"lazy\" decoding=\"async\" class=\"size-full wp-image-22819\" src=\"https:\/\/www.organisator.ch\/wp-content\/uploads\/2023\/10\/Der-perfekte-CEO-Ein-Mythos_Organisator.jpg\" alt=\"\" width=\"680\" height=\"420\" srcset=\"https:\/\/www.organisator.ch\/wp-content\/uploads\/2023\/10\/Der-perfekte-CEO-Ein-Mythos_Organisator.jpg 680w, https:\/\/www.organisator.ch\/wp-content\/uploads\/2023\/10\/Der-perfekte-CEO-Ein-Mythos_Organisator-18x12.jpg 18w, https:\/\/www.organisator.ch\/wp-content\/uploads\/2023\/10\/Der-perfekte-CEO-Ein-Mythos_Organisator-375x232.jpg 375w, https:\/\/www.organisator.ch\/wp-content\/uploads\/2023\/10\/Der-perfekte-CEO-Ein-Mythos_Organisator-567x350.jpg 567w\" sizes=\"auto, (max-width: 680px) 100vw, 680px\" \/><figcaption id=\"caption-attachment-22819\" class=\"wp-caption-text\">Sieht er so aus, der perfekte CEO? Darum ranken sich viele Legenden und Mythen. (Bild: Pixabay.com)<\/figcaption><\/figure>\n<p>Die Experten von Hogan Assessments, einem f\u00fchrenden Anbieter von Pers\u00f6nlichkeitstests und F\u00fchrungskr\u00e4fteentwicklung, haben drei wichtige Mythen identifiziert, die zu den Vorstellungen vom perfekten CEO beitragen, und untersucht, ob sich ein Erfolg in dieser Rolle wirklich auf diese allgemein verbreiteten Annahmen zur\u00fcckf\u00fchren l\u00e4sst.<\/p>\n<h3>Mythos Nr. 1: Charisma ist die wichtigste Eigenschaft eines CEO<\/h3>\n<p>Auf die Frage, welche Eigenschaften einen perfekten CEO ausmachen, w\u00fcrden die meisten wohl mit Eigenschaften wie ehrgeizig, ergebnisorientiert, engagiert und vor allem charismatisch antworten. Charisma ist eine sehr attraktive Eigenschaft f\u00fcr eine F\u00fchrungspers\u00f6nlichkeit, aber es gibt eine starke Korrelation zwischen Charisma und Narzissmus. In der Tat besteht ein st\u00e4rkerer Zusammenhang zwischen Charisma und Narzissmus als zwischen Gr\u00f6\u00dfe und Gewicht. Wer selbstbewusst, intelligent, charismatisch, interessant und politisch versiert wirkt, wird in der Regel eher bef\u00f6rdert. Sobald diese Personen jedoch in F\u00fchrungspositionen sind, k\u00f6nnen sie eigenn\u00fctzige Entscheidungen treffen, riskante Wetten eingehen und folglich Chaos und Ruin \u00fcber ihr Unternehmen bringen. Sehr charismatische F\u00fchrungspers\u00f6nlichkeiten m\u00f6gen in strategischer Hinsicht ehrgeiziger erscheinen, sind aber in ihrem F\u00fchrungsverhalten weniger effektiv.<\/p>\n<p>W\u00e4hrend Charisma in der Regel mit beruflichem Erfolg korreliert, ist Bescheidenheit ein weitaus besserer Indikator f\u00fcr die Effektivit\u00e4t von F\u00fchrungskr\u00e4ften. \u201eBescheidene Managerinnen und Manager kennen ihre St\u00e4rken und Grenzen, nehmen Feedback an, f\u00f6rdern die Zusammenarbeit und sind effektivere F\u00fchrungskr\u00e4fte\u201c, erkl\u00e4rt Jackie Sahm, Vice President of Integrated Solutions bei Hogan Assessments. \u201eAu\u00dferdem f\u00f6rdern bescheidene F\u00fchrungskr\u00e4fte eher das Engagement, binden gute Mitarbeiter an ihr Unternehmen und bleiben l\u00e4nger im Amt als ihre eher arroganten Kolleginnen und Kollegen. Die von ihnen gef\u00fchrten Unternehmen erzielen auch nach ihrem Ausscheiden noch gute Ergebnisse, da bescheidene F\u00fchrungskr\u00e4fte oft schon vor ihrem Ausscheiden f\u00fcr eine Nachfolgeplanung sorgen.\u201c<\/p>\n<h3>Mythos Nr. 2: Ein echter CEO versagt nie<\/h3>\n<p>Egal, wie sehr wir uns bem\u00fchen, erfolgreich zu sein: Scheitern geh\u00f6rt zum Leben dazu. Wie CEOs mit Misserfolgen umgehen, sagt mehr \u00fcber ihre Eignung aus, als die Tatsache, ob sie scheitern oder nicht. F\u00fcr Unternehmen ist es von gro\u00dfer Bedeutung, wie wir aus unseren Erfahrungen lernen, und es ist ein wichtiger Faktor f\u00fcr den beruflichen und unternehmerischen Erfolg. \u201eViele CEOs nehmen Misserfolge falsch wahr und reagieren falsch darauf. Dadurch f\u00e4llt es ihnen schwer, aus Misserfolgen zu lernen, und sie neigen eher dazu, die Fehler der Vergangenheit zu wiederholen. Wer zum eigenen Vorteil der Verantwortung f\u00fcr Misserfolge ausweicht oder sie anderen in die Schuhe schiebt, muss eher mit negativen Konsequenzen wie dem Vertrauens- oder Respektverlust von Kollegen und Mitarbeitern rechnen\u201c, so Jackie Sahm. \u201eAuf der anderen Seite, wer dagegen nicht belastbar ist oder zu viel Selbstkritik \u00fcbt, kommt in seiner Karriere oft nicht weiter und tritt auf der Stelle.\u201c<\/p>\n<p>CEOs m\u00fcssen diese Tendenzen erkennen und \u00fcberwinden und aus pers\u00f6nlichen und beruflichen Fehlern lernen, um ein produktives F\u00fchrungsumfeld zu schaffen und darin erfolgreich zu sein. Gl\u00fccklicherweise kann man als CEO lernen, besser auf Misserfolge zu reagieren: Die Entwicklung von Selbstvertrauen, das Einholen von Feedback bei vertrauensw\u00fcrdigen Personen und die \u00dcbernahme neuer Strategien zur Bew\u00e4ltigung von R\u00fcckschl\u00e4gen k\u00f6nnen dazu beitragen, k\u00fcnftig besser mit Misserfolgen umzugehen.<\/p>\n<h3>Mythos Nr. 3: CEOs sind \u00fcbernat\u00fcrliche Wesen<\/h3>\n<p>\u201eDie besten CEOs zeichnen sich in der Regel durch vier Eigenschaften aus, die allesamt Vertrauen und Loyalit\u00e4t schaffen \u2013 und keine dieser Eigenschaften hat etwas mit \u00fcbernat\u00fcrlichen Kr\u00e4ften zu tun\u201c, erl\u00e4utert Jackie Sahm. \u201eSie zeigen ein gutes Urteilsverm\u00f6gen, Integrit\u00e4t, Glaubw\u00fcrdigkeit und Unterst\u00fctzung.\u201c Gemeinsam ist diesen vier Eigenschaften, dass der perfekte CEO in der Regel Vertrauen auf mehreren Ebenen schafft, indem er konkurrierende Anforderungen im Gleichgewicht h\u00e4lt. Diese stehen in einem komplexen Spannungsverh\u00e4ltnis zueinander: CEOs m\u00fcssen vision\u00e4r, aber bescheiden sein, ihre Mitarbeitenden unterst\u00fctzen, aber sie auch zur Verantwortung ziehen, und sie m\u00fcssen entschlossen und schnell handeln, aber auch gewissenhaft und korrekt. Die Rolle des CEO ist also paradox und gleicht einem Drahtseilakt. In Anlehnung an Darwin kann man sagen: Es ist nicht der St\u00e4rkste, der \u00fcberlebt, und auch nicht der Intelligenteste. Es ist derjenige, der sich am besten an Ver\u00e4nderungen anpasst.<\/p>\n<p><em>Quelle: <a href=\"http:\/\/www.hoganassessments.com\">Hogan Assessments<\/a><\/em><\/p>\n","protected":false},"excerpt":{"rendered":"<p>Wir alle kennen die Klischees: Gute CEOs sind extrovertiert. Sie sind Selbstdarsteller. Sie sind risikofreudig. Aber sind diese weit verbreiteten Stereotypen tats\u00e4chlich wahr? Hogan Assessments hat die Stereotypen untersucht, die oftmals mit erfolgreichen CEOs in Verbindung gebracht werden.<\/p>\n","protected":false},"author":4,"featured_media":22819,"comment_status":"closed","ping_status":"closed","sticky":false,"template":"","format":"standard","meta":{"_acf_changed":false,"_yoast_wpseo_focuskw":"der perfekte CEO","_yoast_wpseo_metadesc":"Wir kennen die Klischees: Gute CEOs sind extrovertiert. Sie sind Selbstdarsteller. Sie sind risikofreudig. Sieht so der perfekte CEO aus?","articlekey":"","footnotes":""},"categories":[28],"tags":[904,320,335],"class_list":["post-22816","post","type-post","status-publish","format-standard","has-post-thumbnail","hentry","category-management","tag-ceo","tag-leadership","tag-management-und-unternehmensfuehrung"],"acf":[],"yoast_head":"<!-- This site is optimized with the Yoast SEO plugin v27.5 - https:\/\/yoast.com\/product\/yoast-seo-wordpress\/ -->\n<title>Der perfekte CEO: Ein Mythos? - Organisator<\/title>\n<meta name=\"description\" content=\"Wir kennen die Klischees: Gute CEOs sind extrovertiert. Sie sind Selbstdarsteller. Sie sind risikofreudig. Sieht so der perfekte CEO aus?\" \/>\n<meta name=\"robots\" content=\"index, follow, max-snippet:-1, max-image-preview:large, max-video-preview:-1\" \/>\n<link rel=\"canonical\" href=\"https:\/\/www.organisator.ch\/de\/management\/2023-10-27\/der-perfekte-ceo-ein-mythos\/\" \/>\n<meta property=\"og:locale\" content=\"de_DE\" \/>\n<meta property=\"og:type\" content=\"article\" \/>\n<meta property=\"og:title\" content=\"Der perfekte CEO: Ein Mythos?\" \/>\n<meta property=\"og:description\" content=\"Wir kennen die Klischees: Gute CEOs sind extrovertiert. Sie sind Selbstdarsteller. Sie sind risikofreudig. Sieht so der perfekte CEO aus?\" \/>\n<meta property=\"og:url\" content=\"https:\/\/www.organisator.ch\/de\/management\/2023-10-27\/der-perfekte-ceo-ein-mythos\/\" \/>\n<meta property=\"og:site_name\" content=\"Organisator\" \/>\n<meta property=\"article:publisher\" content=\"https:\/\/www.facebook.com\/OrganisatorFachmagazin\" \/>\n<meta property=\"article:published_time\" content=\"2023-10-27T06:34:32+00:00\" \/>\n<meta property=\"og:image\" content=\"https:\/\/www.organisator.ch\/wp-content\/uploads\/2023\/10\/Der-perfekte-CEO-Ein-Mythos_Organisator.jpg\" \/>\n\t<meta property=\"og:image:width\" content=\"680\" \/>\n\t<meta property=\"og:image:height\" content=\"420\" \/>\n\t<meta property=\"og:image:type\" content=\"image\/jpeg\" \/>\n<meta name=\"author\" content=\"thomas.berner\" \/>\n<meta name=\"twitter:card\" content=\"summary_large_image\" \/>\n<meta name=\"twitter:title\" content=\"Der perfekte #CEO: Ein #Mythos?\" \/>\n<meta name=\"twitter:description\" content=\"Wir kennen die Klischees: Gute #CEOs sind extrovertiert. Sie sind #Selbstdarsteller. Sie sind #risikofreudig. Sieht so der perfekte CEO aus?\" \/>\n<meta name=\"twitter:image\" content=\"https:\/\/www.organisator.ch\/wp-content\/uploads\/2023\/10\/Der-perfekte-CEO-Ein-Mythos_Organisator.jpg\" \/>\n<script type=\"application\/ld+json\" class=\"yoast-schema-graph\">{\"@context\":\"https:\\\/\\\/schema.org\",\"@graph\":[{\"@type\":\"Article\",\"@id\":\"https:\\\/\\\/www.organisator.ch\\\/management\\\/2023-10-27\\\/der-perfekte-ceo-ein-mythos\\\/#article\",\"isPartOf\":{\"@id\":\"https:\\\/\\\/www.organisator.ch\\\/management\\\/2023-10-27\\\/der-perfekte-ceo-ein-mythos\\\/\"},\"author\":{\"name\":\"thomas.berner\",\"@id\":\"https:\\\/\\\/www.organisator.ch\\\/#\\\/schema\\\/person\\\/6f650f90b2842cd4c0cc334b4e36f67e\"},\"headline\":\"Der perfekte CEO: Ein Mythos?\",\"datePublished\":\"2023-10-27T06:34:32+00:00\",\"mainEntityOfPage\":{\"@id\":\"https:\\\/\\\/www.organisator.ch\\\/management\\\/2023-10-27\\\/der-perfekte-ceo-ein-mythos\\\/\"},\"wordCount\":735,\"publisher\":{\"@id\":\"https:\\\/\\\/www.organisator.ch\\\/#organization\"},\"image\":{\"@id\":\"https:\\\/\\\/www.organisator.ch\\\/management\\\/2023-10-27\\\/der-perfekte-ceo-ein-mythos\\\/#primaryimage\"},\"thumbnailUrl\":\"https:\\\/\\\/www.organisator.ch\\\/wp-content\\\/uploads\\\/2023\\\/10\\\/Der-perfekte-CEO-Ein-Mythos_Organisator.jpg\",\"keywords\":[\"CEO\",\"Leadership\",\"Management und Unternehmensf\u00fchrung\"],\"articleSection\":[\"MANAGEMENT\"],\"inLanguage\":\"de\"},{\"@type\":\"WebPage\",\"@id\":\"https:\\\/\\\/www.organisator.ch\\\/management\\\/2023-10-27\\\/der-perfekte-ceo-ein-mythos\\\/\",\"url\":\"https:\\\/\\\/www.organisator.ch\\\/management\\\/2023-10-27\\\/der-perfekte-ceo-ein-mythos\\\/\",\"name\":\"Der perfekte CEO: Ein Mythos? - Organisator\",\"isPartOf\":{\"@id\":\"https:\\\/\\\/www.organisator.ch\\\/#website\"},\"primaryImageOfPage\":{\"@id\":\"https:\\\/\\\/www.organisator.ch\\\/management\\\/2023-10-27\\\/der-perfekte-ceo-ein-mythos\\\/#primaryimage\"},\"image\":{\"@id\":\"https:\\\/\\\/www.organisator.ch\\\/management\\\/2023-10-27\\\/der-perfekte-ceo-ein-mythos\\\/#primaryimage\"},\"thumbnailUrl\":\"https:\\\/\\\/www.organisator.ch\\\/wp-content\\\/uploads\\\/2023\\\/10\\\/Der-perfekte-CEO-Ein-Mythos_Organisator.jpg\",\"datePublished\":\"2023-10-27T06:34:32+00:00\",\"description\":\"Wir kennen die Klischees: Gute CEOs sind extrovertiert. Sie sind Selbstdarsteller. Sie sind risikofreudig. Sieht so der perfekte CEO aus?\",\"breadcrumb\":{\"@id\":\"https:\\\/\\\/www.organisator.ch\\\/management\\\/2023-10-27\\\/der-perfekte-ceo-ein-mythos\\\/#breadcrumb\"},\"inLanguage\":\"de\",\"potentialAction\":[{\"@type\":\"ReadAction\",\"target\":[\"https:\\\/\\\/www.organisator.ch\\\/management\\\/2023-10-27\\\/der-perfekte-ceo-ein-mythos\\\/\"]}]},{\"@type\":\"ImageObject\",\"inLanguage\":\"de\",\"@id\":\"https:\\\/\\\/www.organisator.ch\\\/management\\\/2023-10-27\\\/der-perfekte-ceo-ein-mythos\\\/#primaryimage\",\"url\":\"https:\\\/\\\/www.organisator.ch\\\/wp-content\\\/uploads\\\/2023\\\/10\\\/Der-perfekte-CEO-Ein-Mythos_Organisator.jpg\",\"contentUrl\":\"https:\\\/\\\/www.organisator.ch\\\/wp-content\\\/uploads\\\/2023\\\/10\\\/Der-perfekte-CEO-Ein-Mythos_Organisator.jpg\",\"width\":680,\"height\":420,\"caption\":\"Sieht er so aus, der perfekte CEO? Darum ranken sich viele Legenden und Mythen. (Bild: Pixabay.com)\"},{\"@type\":\"BreadcrumbList\",\"@id\":\"https:\\\/\\\/www.organisator.ch\\\/management\\\/2023-10-27\\\/der-perfekte-ceo-ein-mythos\\\/#breadcrumb\",\"itemListElement\":[{\"@type\":\"ListItem\",\"position\":1,\"name\":\"Home\",\"item\":\"https:\\\/\\\/www.organisator.ch\\\/\"},{\"@type\":\"ListItem\",\"position\":2,\"name\":\"Der perfekte CEO: Ein Mythos?\"}]},{\"@type\":\"WebSite\",\"@id\":\"https:\\\/\\\/www.organisator.ch\\\/#website\",\"url\":\"https:\\\/\\\/www.organisator.ch\\\/\",\"name\":\"Organisator\",\"description\":\"Kompetent. Praxisnah. Der ORGANISATOR bereitet in 10 Ausgaben pro Jahr die wesentlichen Themen f\u00fcr F\u00fchrungskr\u00e4fte von KMU auf.\",\"publisher\":{\"@id\":\"https:\\\/\\\/www.organisator.ch\\\/#organization\"},\"potentialAction\":[{\"@type\":\"SearchAction\",\"target\":{\"@type\":\"EntryPoint\",\"urlTemplate\":\"https:\\\/\\\/www.organisator.ch\\\/?s={search_term_string}\"},\"query-input\":{\"@type\":\"PropertyValueSpecification\",\"valueRequired\":true,\"valueName\":\"search_term_string\"}}],\"inLanguage\":\"de\"},{\"@type\":\"Organization\",\"@id\":\"https:\\\/\\\/www.organisator.ch\\\/#organization\",\"name\":\"Organisator\",\"url\":\"https:\\\/\\\/www.organisator.ch\\\/\",\"logo\":{\"@type\":\"ImageObject\",\"inLanguage\":\"de\",\"@id\":\"https:\\\/\\\/www.organisator.ch\\\/#\\\/schema\\\/logo\\\/image\\\/\",\"url\":\"https:\\\/\\\/www.organisator.ch\\\/wp-content\\\/uploads\\\/2022\\\/01\\\/Logo_Organisator_Website.png\",\"contentUrl\":\"https:\\\/\\\/www.organisator.ch\\\/wp-content\\\/uploads\\\/2022\\\/01\\\/Logo_Organisator_Website.png\",\"width\":800,\"height\":77,\"caption\":\"Organisator\"},\"image\":{\"@id\":\"https:\\\/\\\/www.organisator.ch\\\/#\\\/schema\\\/logo\\\/image\\\/\"},\"sameAs\":[\"https:\\\/\\\/www.facebook.com\\\/OrganisatorFachmagazin\",\"https:\\\/\\\/www.linkedin.com\\\/showcase\\\/organisator-das-magazin-fr-kmu\",\"https:\\\/\\\/www.xing.com\\\/news\\\/pages\\\/organisator-ch-695\",\"https:\\\/\\\/www.youtube.com\\\/channel\\\/UCGP2Sq0iWaZwT3BdIAQFYpw\"]},{\"@type\":\"Person\",\"@id\":\"https:\\\/\\\/www.organisator.ch\\\/#\\\/schema\\\/person\\\/6f650f90b2842cd4c0cc334b4e36f67e\",\"name\":\"thomas.berner\",\"image\":{\"@type\":\"ImageObject\",\"inLanguage\":\"de\",\"@id\":\"https:\\\/\\\/secure.gravatar.com\\\/avatar\\\/ac5001d2a36cb6c6cd3e50789007ffca834b477b74a2144564522e944eabff61?s=96&d=mm&r=g\",\"url\":\"https:\\\/\\\/secure.gravatar.com\\\/avatar\\\/ac5001d2a36cb6c6cd3e50789007ffca834b477b74a2144564522e944eabff61?s=96&d=mm&r=g\",\"contentUrl\":\"https:\\\/\\\/secure.gravatar.com\\\/avatar\\\/ac5001d2a36cb6c6cd3e50789007ffca834b477b74a2144564522e944eabff61?s=96&d=mm&r=g\",\"caption\":\"thomas.berner\"},\"url\":\"https:\\\/\\\/www.organisator.ch\\\/de\\\/author\\\/thomas-berner\\\/\"}]}<\/script>\n<!-- \/ Yoast SEO plugin. -->","yoast_head_json":{"title":"Der perfekte CEO: Ein Mythos? - Organisator","description":"Wir kennen die Klischees: Gute CEOs sind extrovertiert. Sie sind Selbstdarsteller. Sie sind risikofreudig. Sieht so der perfekte CEO aus?","robots":{"index":"index","follow":"follow","max-snippet":"max-snippet:-1","max-image-preview":"max-image-preview:large","max-video-preview":"max-video-preview:-1"},"canonical":"https:\/\/www.organisator.ch\/de\/management\/2023-10-27\/der-perfekte-ceo-ein-mythos\/","og_locale":"de_DE","og_type":"article","og_title":"Der perfekte CEO: Ein Mythos?","og_description":"Wir kennen die Klischees: Gute CEOs sind extrovertiert. Sie sind Selbstdarsteller. Sie sind risikofreudig. Sieht so der perfekte CEO aus?","og_url":"https:\/\/www.organisator.ch\/de\/management\/2023-10-27\/der-perfekte-ceo-ein-mythos\/","og_site_name":"Organisator","article_publisher":"https:\/\/www.facebook.com\/OrganisatorFachmagazin","article_published_time":"2023-10-27T06:34:32+00:00","og_image":[{"width":680,"height":420,"url":"https:\/\/www.organisator.ch\/wp-content\/uploads\/2023\/10\/Der-perfekte-CEO-Ein-Mythos_Organisator.jpg","type":"image\/jpeg"}],"author":"thomas.berner","twitter_card":"summary_large_image","twitter_title":"Der perfekte #CEO: Ein #Mythos?","twitter_description":"Wir kennen die Klischees: Gute #CEOs sind extrovertiert. Sie sind #Selbstdarsteller. Sie sind #risikofreudig. Sieht so der perfekte CEO aus?","twitter_image":"https:\/\/www.organisator.ch\/wp-content\/uploads\/2023\/10\/Der-perfekte-CEO-Ein-Mythos_Organisator.jpg","schema":{"@context":"https:\/\/schema.org","@graph":[{"@type":"Article","@id":"https:\/\/www.organisator.ch\/management\/2023-10-27\/der-perfekte-ceo-ein-mythos\/#article","isPartOf":{"@id":"https:\/\/www.organisator.ch\/management\/2023-10-27\/der-perfekte-ceo-ein-mythos\/"},"author":{"name":"thomas.berner","@id":"https:\/\/www.organisator.ch\/#\/schema\/person\/6f650f90b2842cd4c0cc334b4e36f67e"},"headline":"Der perfekte CEO: Ein Mythos?","datePublished":"2023-10-27T06:34:32+00:00","mainEntityOfPage":{"@id":"https:\/\/www.organisator.ch\/management\/2023-10-27\/der-perfekte-ceo-ein-mythos\/"},"wordCount":735,"publisher":{"@id":"https:\/\/www.organisator.ch\/#organization"},"image":{"@id":"https:\/\/www.organisator.ch\/management\/2023-10-27\/der-perfekte-ceo-ein-mythos\/#primaryimage"},"thumbnailUrl":"https:\/\/www.organisator.ch\/wp-content\/uploads\/2023\/10\/Der-perfekte-CEO-Ein-Mythos_Organisator.jpg","keywords":["CEO","Leadership","Management und Unternehmensf\u00fchrung"],"articleSection":["MANAGEMENT"],"inLanguage":"de"},{"@type":"WebPage","@id":"https:\/\/www.organisator.ch\/management\/2023-10-27\/der-perfekte-ceo-ein-mythos\/","url":"https:\/\/www.organisator.ch\/management\/2023-10-27\/der-perfekte-ceo-ein-mythos\/","name":"Der perfekte CEO: Ein Mythos? - Organisator","isPartOf":{"@id":"https:\/\/www.organisator.ch\/#website"},"primaryImageOfPage":{"@id":"https:\/\/www.organisator.ch\/management\/2023-10-27\/der-perfekte-ceo-ein-mythos\/#primaryimage"},"image":{"@id":"https:\/\/www.organisator.ch\/management\/2023-10-27\/der-perfekte-ceo-ein-mythos\/#primaryimage"},"thumbnailUrl":"https:\/\/www.organisator.ch\/wp-content\/uploads\/2023\/10\/Der-perfekte-CEO-Ein-Mythos_Organisator.jpg","datePublished":"2023-10-27T06:34:32+00:00","description":"Wir kennen die Klischees: Gute CEOs sind extrovertiert. Sie sind Selbstdarsteller. Sie sind risikofreudig. Sieht so der perfekte CEO aus?","breadcrumb":{"@id":"https:\/\/www.organisator.ch\/management\/2023-10-27\/der-perfekte-ceo-ein-mythos\/#breadcrumb"},"inLanguage":"de","potentialAction":[{"@type":"ReadAction","target":["https:\/\/www.organisator.ch\/management\/2023-10-27\/der-perfekte-ceo-ein-mythos\/"]}]},{"@type":"ImageObject","inLanguage":"de","@id":"https:\/\/www.organisator.ch\/management\/2023-10-27\/der-perfekte-ceo-ein-mythos\/#primaryimage","url":"https:\/\/www.organisator.ch\/wp-content\/uploads\/2023\/10\/Der-perfekte-CEO-Ein-Mythos_Organisator.jpg","contentUrl":"https:\/\/www.organisator.ch\/wp-content\/uploads\/2023\/10\/Der-perfekte-CEO-Ein-Mythos_Organisator.jpg","width":680,"height":420,"caption":"Sieht er so aus, der perfekte CEO? Darum ranken sich viele Legenden und Mythen. (Bild: Pixabay.com)"},{"@type":"BreadcrumbList","@id":"https:\/\/www.organisator.ch\/management\/2023-10-27\/der-perfekte-ceo-ein-mythos\/#breadcrumb","itemListElement":[{"@type":"ListItem","position":1,"name":"Home","item":"https:\/\/www.organisator.ch\/"},{"@type":"ListItem","position":2,"name":"Der perfekte CEO: Ein Mythos?"}]},{"@type":"WebSite","@id":"https:\/\/www.organisator.ch\/#website","url":"https:\/\/www.organisator.ch\/","name":"Organisator","description":"Kompetent. Praxisnah. Der ORGANISATOR bereitet in 10 Ausgaben pro Jahr die wesentlichen Themen f\u00fcr F\u00fchrungskr\u00e4fte von KMU auf.","publisher":{"@id":"https:\/\/www.organisator.ch\/#organization"},"potentialAction":[{"@type":"SearchAction","target":{"@type":"EntryPoint","urlTemplate":"https:\/\/www.organisator.ch\/?s={search_term_string}"},"query-input":{"@type":"PropertyValueSpecification","valueRequired":true,"valueName":"search_term_string"}}],"inLanguage":"de"},{"@type":"Organization","@id":"https:\/\/www.organisator.ch\/#organization","name":"Organisator","url":"https:\/\/www.organisator.ch\/","logo":{"@type":"ImageObject","inLanguage":"de","@id":"https:\/\/www.organisator.ch\/#\/schema\/logo\/image\/","url":"https:\/\/www.organisator.ch\/wp-content\/uploads\/2022\/01\/Logo_Organisator_Website.png","contentUrl":"https:\/\/www.organisator.ch\/wp-content\/uploads\/2022\/01\/Logo_Organisator_Website.png","width":800,"height":77,"caption":"Organisator"},"image":{"@id":"https:\/\/www.organisator.ch\/#\/schema\/logo\/image\/"},"sameAs":["https:\/\/www.facebook.com\/OrganisatorFachmagazin","https:\/\/www.linkedin.com\/showcase\/organisator-das-magazin-fr-kmu","https:\/\/www.xing.com\/news\/pages\/organisator-ch-695","https:\/\/www.youtube.com\/channel\/UCGP2Sq0iWaZwT3BdIAQFYpw"]},{"@type":"Person","@id":"https:\/\/www.organisator.ch\/#\/schema\/person\/6f650f90b2842cd4c0cc334b4e36f67e","name":"thomas.berner","image":{"@type":"ImageObject","inLanguage":"de","@id":"https:\/\/secure.gravatar.com\/avatar\/ac5001d2a36cb6c6cd3e50789007ffca834b477b74a2144564522e944eabff61?s=96&d=mm&r=g","url":"https:\/\/secure.gravatar.com\/avatar\/ac5001d2a36cb6c6cd3e50789007ffca834b477b74a2144564522e944eabff61?s=96&d=mm&r=g","contentUrl":"https:\/\/secure.gravatar.com\/avatar\/ac5001d2a36cb6c6cd3e50789007ffca834b477b74a2144564522e944eabff61?s=96&d=mm&r=g","caption":"thomas.berner"},"url":"https:\/\/www.organisator.ch\/de\/author\/thomas-berner\/"}]}},"_links":{"self":[{"href":"https:\/\/www.organisator.ch\/de\/wp-json\/wp\/v2\/posts\/22816","targetHints":{"allow":["GET"]}}],"collection":[{"href":"https:\/\/www.organisator.ch\/de\/wp-json\/wp\/v2\/posts"}],"about":[{"href":"https:\/\/www.organisator.ch\/de\/wp-json\/wp\/v2\/types\/post"}],"author":[{"embeddable":true,"href":"https:\/\/www.organisator.ch\/de\/wp-json\/wp\/v2\/users\/4"}],"replies":[{"embeddable":true,"href":"https:\/\/www.organisator.ch\/de\/wp-json\/wp\/v2\/comments?post=22816"}],"version-history":[{"count":1,"href":"https:\/\/www.organisator.ch\/de\/wp-json\/wp\/v2\/posts\/22816\/revisions"}],"predecessor-version":[{"id":22820,"href":"https:\/\/www.organisator.ch\/de\/wp-json\/wp\/v2\/posts\/22816\/revisions\/22820"}],"wp:featuredmedia":[{"embeddable":true,"href":"https:\/\/www.organisator.ch\/de\/wp-json\/wp\/v2\/media\/22819"}],"wp:attachment":[{"href":"https:\/\/www.organisator.ch\/de\/wp-json\/wp\/v2\/media?parent=22816"}],"wp:term":[{"taxonomy":"category","embeddable":true,"href":"https:\/\/www.organisator.ch\/de\/wp-json\/wp\/v2\/categories?post=22816"},{"taxonomy":"post_tag","embeddable":true,"href":"https:\/\/www.organisator.ch\/de\/wp-json\/wp\/v2\/tags?post=22816"}],"curies":[{"name":"wp","href":"https:\/\/api.w.org\/{rel}","templated":true}]}}