{"id":22837,"date":"2023-10-30T11:14:06","date_gmt":"2023-10-30T10:14:06","guid":{"rendered":"https:\/\/www.organisator.ch\/?p=22837"},"modified":"2023-11-13T08:58:29","modified_gmt":"2023-11-13T07:58:29","slug":"rueckblick-kmu-tag-2023-kmu-und-ihr-richtiges-momentum","status":"publish","type":"post","link":"https:\/\/www.organisator.ch\/de\/management\/2023-10-30\/rueckblick-kmu-tag-2023-kmu-und-ihr-richtiges-momentum\/","title":{"rendered":"R\u00fcckblick KMU-Tag 2023: KMU und ihr richtiges Momentum"},"content":{"rendered":"<figure id=\"attachment_22838\" aria-describedby=\"caption-attachment-22838\" style=\"width: 680px\" class=\"wp-caption alignnone\"><img loading=\"lazy\" decoding=\"async\" class=\"size-full wp-image-22838\" src=\"https:\/\/www.organisator.ch\/wp-content\/uploads\/2023\/10\/Rueckblick-KMU-Tag-2023-KMU-und-ihr-richtiges-Momentum-1_Organisator.jpg\" alt=\"\" width=\"680\" height=\"453\" srcset=\"https:\/\/www.organisator.ch\/wp-content\/uploads\/2023\/10\/Rueckblick-KMU-Tag-2023-KMU-und-ihr-richtiges-Momentum-1_Organisator.jpg 680w, https:\/\/www.organisator.ch\/wp-content\/uploads\/2023\/10\/Rueckblick-KMU-Tag-2023-KMU-und-ihr-richtiges-Momentum-1_Organisator-18x12.jpg 18w, https:\/\/www.organisator.ch\/wp-content\/uploads\/2023\/10\/Rueckblick-KMU-Tag-2023-KMU-und-ihr-richtiges-Momentum-1_Organisator-375x250.jpg 375w, https:\/\/www.organisator.ch\/wp-content\/uploads\/2023\/10\/Rueckblick-KMU-Tag-2023-KMU-und-ihr-richtiges-Momentum-1_Organisator-525x350.jpg 525w\" sizes=\"auto, (max-width: 680px) 100vw, 680px\" \/><figcaption id=\"caption-attachment-22838\" class=\"wp-caption-text\">KMU und das richtige Momentum: Til Zollinger, Tanja Zimmermann-Burgerstein und Claudio Minder im Podiumsgespr\u00e4ch mit Arthur Honegger, v.l.n.r. (Bild: KMU-Tag)<\/figcaption><\/figure>\n<p>Der diesj\u00e4hrige Schweizer KMU-Tag feierte ein Jubil\u00e4um: Zum 20. Mal trafen sich F\u00fchrungskr\u00e4fte aus Klein- und Mittelunternehmen zu \u201eihrem\u201c Tag. Was aus einer \u201eBieridee\u201c am KMU-Institut der Uni St.Gallen entstanden ist, hat sich inzwischen zu einem etablierten Wirtschaftsanlass mit schweizweiter Ausstrahlung gemausert. Das Jubil\u00e4um nahmen die Veranstalter zum Anlass, verschiedene \u00c4nderungen an der Tagungs-Gestaltung vorzunehmen: Erstmals gab es ein elektronisches Ticketsystem, und es wurde auf eine \u201eGoodie-Bag\u201c mit Giveaways verzichtet. Und mit dem KMU-Talk wurde ein neues Format auf dem Podium eingef\u00fchrt. F\u00fcr die humorvollen und unerwarteten Zwischent\u00f6ne war am diesj\u00e4hrigen KMU-Tag das \u00abDuo Lapsus\u00bb zust\u00e4ndig.<\/p>\n<h3><strong>KMU mit positivem Momentum<\/strong><\/h3>\n<p>Das Tagungsthema lautete \u201eKMU und Momentum \u2013 was Unternehmertum ausmacht\u201c. In seiner Er\u00f6ffnungsansprache wies Gastgeber Tobi Wolf zun\u00e4chst auf einige Parallelen zwischen heute und der Situation vor 20 Jahren hin: 2003 etwa war das Jahr des Swissair-Groundings \u2013 und dieses Jahr \u201eerwischte\u201c es auf \u00e4hnliche Weise die Grossbank Credit Suisse. Ebenfalls vor 20 Jahren nahmen viele technologische Entwicklungen, die heute selbstverst\u00e4ndlich sind, ihren Anfang: Smartphones, 3D-Drucker oder die Sozialen Medien. Sie hatten also den richtigen Moment erwischt und das Momentum auf ihre Seite gezogen. Und die KMU: Wie halten sie es mit dem \u201erichtigen Momentum\u201c? Dies versuchte die im Vorfeld des KMU-Tags durchgef\u00fchrte Studie in Erfahrung zu bringen. Darin haben \u00fcber 80 Prozent der antwortenden KMU-F\u00fchrungskr\u00e4fte der Aussage zugestimmt, dass das richtige Momentum zentral f\u00fcr den Erfolg eines Unternehmens sei. Auf die Frage, ob ihr Unternehmen r\u00fcckblickend ein Momentum verpasst habe und was der Grund daf\u00fcr gewesen sei, gab es drei haupts\u00e4chliche Aussagen: \u00abWir waren zu wenig mutig\u00bb, \u00abWir hatten zuwenig Ressourcen\u00bb und \u00abWir waren zu langsam.\u00bb Und 60 Prozent der Antwortenden sind \u00fcberzeugt, dass sich in ihrem Unternehmen das Momentum in den letzten Monaten positiv ver\u00e4ndert hat. Tobi Wolf griff bei seinen Erl\u00e4uterungen zum Bild eines Kreisels: Da wisse man nie im Voraus, in welche Richtung es ihn zieht \u2013 eben, wo das Momentum zu liegen kommt. Doch der Vorteil eines Kreisels liege darin, dass man ihn immer wieder neu in Bewegung setzen kann.<\/p>\n<figure id=\"attachment_22841\" aria-describedby=\"caption-attachment-22841\" style=\"width: 680px\" class=\"wp-caption alignnone\"><img loading=\"lazy\" decoding=\"async\" class=\"size-full wp-image-22841\" src=\"https:\/\/www.organisator.ch\/wp-content\/uploads\/2023\/10\/Rueckblick-KMU-Tag-2023-KMU-und-ihr-richtiges-Momentum-2_Organisator.jpg\" alt=\"\" width=\"680\" height=\"497\" srcset=\"https:\/\/www.organisator.ch\/wp-content\/uploads\/2023\/10\/Rueckblick-KMU-Tag-2023-KMU-und-ihr-richtiges-Momentum-2_Organisator.jpg 680w, https:\/\/www.organisator.ch\/wp-content\/uploads\/2023\/10\/Rueckblick-KMU-Tag-2023-KMU-und-ihr-richtiges-Momentum-2_Organisator-16x12.jpg 16w, https:\/\/www.organisator.ch\/wp-content\/uploads\/2023\/10\/Rueckblick-KMU-Tag-2023-KMU-und-ihr-richtiges-Momentum-2_Organisator-375x274.jpg 375w, https:\/\/www.organisator.ch\/wp-content\/uploads\/2023\/10\/Rueckblick-KMU-Tag-2023-KMU-und-ihr-richtiges-Momentum-2_Organisator-479x350.jpg 479w\" sizes=\"auto, (max-width: 680px) 100vw, 680px\" \/><figcaption id=\"caption-attachment-22841\" class=\"wp-caption-text\">Warnte KMU davor, das richtige Momentum f\u00fcr KI nicht zu verpassen: Nicole B\u00fcttner. (Bild: Thomas Berner)<\/figcaption><\/figure>\n<h3><strong>Von KI und bew\u00e4hrten F\u00fchrungsgrunds\u00e4tzen<\/strong><\/h3>\n<p>Zu den grossen Trendthemen des Jahres 2023 geh\u00f6rt die k\u00fcnstliche Intelligenz (KI). Mit ChatGPT wurde diese quasi \u00ab\u00fcber Nacht\u00bb demokratisiert. In nur zwei Monaten verzeichnete dieses Tool \u00fcber 100 Millionen User (zum Vergleich: Das Telefon brauchte dazu 75 Jahre!). Keynote-Speakerin <a href=\"https:\/\/www.organisator.ch\/de\/management\/2023-10-23\/nicole-buettner-wichtig-ist-die-menschenzentriertheit\/\">Nicole B\u00fcttner<\/a> forderte die KMU auf, sich dieser Entwicklung nicht zu verschliessen: Wer heute nicht mitmache, k\u00f6nnte in Zukunft einen Wettbewerbsnachteil erhalten, warnte sie. Dabei gehe es nicht darum, Mitarbeitende durch KI zu ersetzen, sondern ihnen KI-gest\u00fctzte Werkzeuge an die Hand zu geben. So k\u00f6nnten mit Unterst\u00fctzung durch generative KI Vertragspr\u00fcfungen in nur zwei Minuten erledigt werden statt wie bisher in vier bis f\u00fcnf Stunden. Und ebenfalls sollten KMU beginnen, eine Datenstrategie zu schaffen. Dazu geh\u00f6re es u.a., die Unternehmensdaten \u00abwiederverwendbar\u00bb zu machen.<\/p>\n<p>Bernhard Heusler, ehemaliger Pr\u00e4sident des FC Basel und heute als Jurist und Berater t\u00e4tig, unterstrich in seiner anschliessenden Keynote die Bedeutung von F\u00fchrungsqualit\u00e4ten und Zusammenarbeit. Gerade in Zeiten von Digitalisierung und KI sind Empathie und emotionale Intelligenz wieder mehr gefordert. Er unterstrich, dass es heute die Aufgabe von F\u00fchrung sei, Druck in Teams wegzunehmen und daf\u00fcr Vertrauen zu schaffen. \u00abMisstrauen l\u00e4hmt und verursacht Stillstand\u00bb, so Heusler. Aber: F\u00fchren heisse auch, nach vorne zu schauen und auch mal unpopul\u00e4r zu agieren.<\/p>\n<figure id=\"attachment_22842\" aria-describedby=\"caption-attachment-22842\" style=\"width: 680px\" class=\"wp-caption alignnone\"><img loading=\"lazy\" decoding=\"async\" class=\"size-full wp-image-22842\" src=\"https:\/\/www.organisator.ch\/wp-content\/uploads\/2023\/10\/Rueckblick-KMU-Tag-2023-KMU-und-ihr-richtiges-Momentum-3_Organisator.jpg\" alt=\"\" width=\"680\" height=\"477\" srcset=\"https:\/\/www.organisator.ch\/wp-content\/uploads\/2023\/10\/Rueckblick-KMU-Tag-2023-KMU-und-ihr-richtiges-Momentum-3_Organisator.jpg 680w, https:\/\/www.organisator.ch\/wp-content\/uploads\/2023\/10\/Rueckblick-KMU-Tag-2023-KMU-und-ihr-richtiges-Momentum-3_Organisator-18x12.jpg 18w, https:\/\/www.organisator.ch\/wp-content\/uploads\/2023\/10\/Rueckblick-KMU-Tag-2023-KMU-und-ihr-richtiges-Momentum-3_Organisator-375x263.jpg 375w, https:\/\/www.organisator.ch\/wp-content\/uploads\/2023\/10\/Rueckblick-KMU-Tag-2023-KMU-und-ihr-richtiges-Momentum-3_Organisator-499x350.jpg 499w\" sizes=\"auto, (max-width: 680px) 100vw, 680px\" \/><figcaption id=\"caption-attachment-22842\" class=\"wp-caption-text\">Bernhard Heusler sprach \u00fcber wichtige F\u00fchrungsgrunds\u00e4tze. (Bild: Thomas Berner)<\/figcaption><\/figure>\n<h3><strong>Startups und etablierte KMU auf dem Podium<\/strong><\/h3>\n<p>Nach der Mittagspause ging es dann zun\u00e4chst weiter mit der \u00abInspiration Session\u00bb. Drei Startups pitchten dabei um die Gunst des Publikums: So pr\u00e4sentierte Philomena Schwab ihr Unternehmen Strayfawn Studios, welches Computerspiele entwickelt. Das 2016 gegr\u00fcndete Unternehmen bewegt sich damit in einem Markt, der inzwischen gr\u00f6sser ist, als Film- und Musik-Industrie zusammen. Melusine Bliesener und Katharina Lehmkuhl pr\u00e4sentierten mit Papydo ihre Idee von \u00f6kologischem Premium-Geschenkpapier, hergestellt aus Grasfasern. Ihr Claim: Sie wollen das \u00abFest der Liebe\u00bb zu einem \u00abFest der Umwelt\u00bb machen. Denn der Verbrauch an konventionellem Geschenkpapier ist hoch: W\u00fcrde man alles pro Jahr verbrauchte Papier aneinanderreihen, erg\u00e4be es eine Strecke von der Erde zum Mond. Hinzu kommt, dass sich konventionelle Geschenkpapiere kaum rezyklieren lassen. Pascal Bieri wiederum pr\u00e4sentierte mit \u00abPlanted\u00bb ein Startup, das eigentlich kaum mehr eines ist: Das vor vier Jahren gegr\u00fcndete Unternehmen w\u00e4chst rasend schnell und zeigt, dass sein pflanzenbasiertes Fleisch bei den Kundinnen und Kunden gut ankommt. Die Produkte von Planted wie auch die pr\u00e4sentierte Unternehmensstrategie schienen das Publikum denn auch am meisten zu \u00fcberzeugen: Pascal Bieri gewann am Schluss das Voting.<\/p>\n<p>Im KMU-Talk unterhielt sich Moderator Arthur Honegger mit Claudio Minder von Kybun Joya, Tanja Zimmermann-Burgerstein von der Antistress AG und Til Zollinger von Zollinger Bio zu ihren ganz konkreten Erfahrungen mit Momentum und Unternehmer\/-innentum. So erfuhr das Publikum etwa von Anfangsschwierigkeiten nach der Fusion von Kybun und Joya zur neuen Firma. Und ob man nach der weiteren \u00dcbernahme der Schuhmarke \u00abKandahar\u00bb wieder das richtige Momentum findet, k\u00f6nne man noch nicht absch\u00e4tzen, so Claudio Minder. Oder Til Zollinger musste zugeben, vom Hitzesommer 2017 auf dem falschen Fuss erwischt worden zu sein. Man habe daraus aber inzwischen die Lehren gezogen und sei nun besser auf \u00e4hnliche Szenarien vorbereitet. Und Tanja Zimmermann-Burgerstein wusste zu erz\u00e4hlen, wie sich die Corona-Pandemie als Treiber ausgewirkt hat und man mit dem Aufbau von Lagerhaltung dieses \u00abMomentum\u00bb bew\u00e4ltigen konnte.<\/p>\n<figure id=\"attachment_22843\" aria-describedby=\"caption-attachment-22843\" style=\"width: 680px\" class=\"wp-caption alignnone\"><img loading=\"lazy\" decoding=\"async\" class=\"size-full wp-image-22843\" src=\"https:\/\/www.organisator.ch\/wp-content\/uploads\/2023\/10\/Rueckblick-KMU-Tag-2023-KMU-und-ihr-richtiges-Momentum-4_Organisator.jpg\" alt=\"\" width=\"680\" height=\"452\" srcset=\"https:\/\/www.organisator.ch\/wp-content\/uploads\/2023\/10\/Rueckblick-KMU-Tag-2023-KMU-und-ihr-richtiges-Momentum-4_Organisator.jpg 680w, https:\/\/www.organisator.ch\/wp-content\/uploads\/2023\/10\/Rueckblick-KMU-Tag-2023-KMU-und-ihr-richtiges-Momentum-4_Organisator-18x12.jpg 18w, https:\/\/www.organisator.ch\/wp-content\/uploads\/2023\/10\/Rueckblick-KMU-Tag-2023-KMU-und-ihr-richtiges-Momentum-4_Organisator-375x249.jpg 375w, https:\/\/www.organisator.ch\/wp-content\/uploads\/2023\/10\/Rueckblick-KMU-Tag-2023-KMU-und-ihr-richtiges-Momentum-4_Organisator-527x350.jpg 527w\" sizes=\"auto, (max-width: 680px) 100vw, 680px\" \/><figcaption id=\"caption-attachment-22843\" class=\"wp-caption-text\">Zeigte eindr\u00fccklich, wie das Zusammenspiel von Technik, Planung und F\u00fchrung zum Gelingen komplexer Weltraum-Missionen beitr\u00e4gt: Thomas Zurbuchen. (Bild: Thomas Berner)<\/figcaption><\/figure>\n<h3><strong>Auch von der NASA k\u00f6nnen KMU lernen<\/strong><\/h3>\n<p>Thomas Zurbuchen schliesslich sorgte nochmals f\u00fcr ein Momentum bzw. einen H\u00f6hepunkt am Schluss des KMU-Tags: In einem fesselnden Vortrag konnte er zeigen, dass tats\u00e4chlich auch Klein- und Mittelunternehmen von der amerikanischen Weltraumorganisation NASA und ihren Hochtechnologien lernen k\u00f6nnen \u2013 immerhin war er Jahre lang deren Forschungsdirektor. Eine seiner Erkenntnisse: \u00abChange\u00bb, also Wandel, ist immer pr\u00e4sent im Firmenalltag. \u00ab\u00c4nderung ist ein Naturgesetz, nicht die Stabilit\u00e4t!\u00bb So w\u00fcrden die Ver\u00e4nderungen durch KI gr\u00f6sser werden als jene nach der Erfindung des Computers, mahnte er. Und aus seinen Erfahrungen gab er diesen Punkt ans Publikum weiter: \u00abWenn schnelle Ver\u00e4nderungen kommen: Tut was! Lernt aktiv und experimentiert!\u00bb Spezifisch den Unternehmensleiterinnen und -leiter gab er auf den Weg, jeweils nur wenige Entscheide zu f\u00e4llen, daf\u00fcr die wichtigen \u2013 und das seien nur 20 Prozent aller Entscheide. Und: \u00abLange Zeitskalen sind wichtiger als die kurzen \u2013 aber die schwierigeren\u00bb, so Thomas Zurbuchen abschliessend.<\/p>\n<p><em>Der n\u00e4chste KMU-Tag findet am 25. Oktober 2024 statt. Weitere Informationen: <a href=\"http:\/\/www.kmu-tag.ch\">www.kmu-tag.ch<\/a><\/em><\/p>\n","protected":false},"excerpt":{"rendered":"<p>Am 20. Schweizer KMU-Tag begaben sich drei Keynote-Speaker \u2013 Nicole B\u00fcttner, Bernhard Heusler und Thomas Zurbuchen \u2013, und drei KMU-Unternehmer\/-innen sowie gegen 1200 G\u00e4ste im Saal auf die Suche nach dem richtigen \u00abMomentum\u00bb f\u00fcr ihre Unternehmen und Projekte. Den diesj\u00e4hrigen Startup-Pitch gewann Pascal Bieri von Planted, das neue Standards f\u00fcr pflanzenbasiertes Fleisch setzt. <\/p>\n","protected":false},"author":4,"featured_media":22838,"comment_status":"closed","ping_status":"closed","sticky":false,"template":"","format":"standard","meta":{"_acf_changed":false,"_yoast_wpseo_focuskw":"Momentum","_yoast_wpseo_metadesc":"Am 20. Schweizer KMU-Tag begaben sich Keynote-Speaker, Unternehmer\/-innen sowie gegen 1200 G\u00e4ste auf die Suche nach dem richtigen \u00abMomentum\u00bb.","articlekey":"","footnotes":""},"categories":[28],"tags":[193,305,319,335],"class_list":["post-22837","post","type-post","status-publish","format-standard","has-post-thumbnail","hentry","category-management","tag-fachkongressfachmesse","tag-kmu-tag","tag-kuenstliche-intelligenz","tag-management-und-unternehmensfuehrung"],"acf":[],"yoast_head":"<!-- This site is optimized with the Yoast SEO plugin v27.5 - https:\/\/yoast.com\/product\/yoast-seo-wordpress\/ -->\n<title>R\u00fcckblick KMU-Tag 2023: KMU und ihr richtiges Momentum - Organisator<\/title>\n<meta name=\"description\" content=\"Am 20. Schweizer KMU-Tag begaben sich Keynote-Speaker, Unternehmer\/-innen sowie gegen 1200 G\u00e4ste auf die Suche nach dem richtigen \u00abMomentum\u00bb.\" \/>\n<meta name=\"robots\" content=\"index, follow, max-snippet:-1, max-image-preview:large, max-video-preview:-1\" \/>\n<link rel=\"canonical\" href=\"https:\/\/www.organisator.ch\/de\/management\/2023-10-30\/rueckblick-kmu-tag-2023-kmu-und-ihr-richtiges-momentum\/\" \/>\n<meta property=\"og:locale\" content=\"de_DE\" \/>\n<meta property=\"og:type\" content=\"article\" \/>\n<meta property=\"og:title\" content=\"R\u00fcckblick KMU-Tag 2023: KMU und ihr richtiges Momentum\" \/>\n<meta property=\"og:description\" content=\"Am 20. Schweizer KMU-Tag begaben sich Keynote-Speaker, Unternehmer\/-innen sowie gegen 1200 G\u00e4ste auf die Suche nach dem richtigen \u00abMomentum\u00bb.\" \/>\n<meta property=\"og:url\" content=\"https:\/\/www.organisator.ch\/de\/management\/2023-10-30\/rueckblick-kmu-tag-2023-kmu-und-ihr-richtiges-momentum\/\" \/>\n<meta property=\"og:site_name\" content=\"Organisator\" \/>\n<meta property=\"article:publisher\" content=\"https:\/\/www.facebook.com\/OrganisatorFachmagazin\" \/>\n<meta property=\"article:published_time\" content=\"2023-10-30T10:14:06+00:00\" \/>\n<meta property=\"article:modified_time\" content=\"2023-11-13T07:58:29+00:00\" \/>\n<meta property=\"og:image\" content=\"https:\/\/www.organisator.ch\/wp-content\/uploads\/2023\/10\/Rueckblick-KMU-Tag-2023-KMU-und-ihr-richtiges-Momentum-1_Organisator.jpg\" \/>\n\t<meta property=\"og:image:width\" content=\"680\" \/>\n\t<meta property=\"og:image:height\" content=\"453\" \/>\n\t<meta property=\"og:image:type\" content=\"image\/jpeg\" \/>\n<meta name=\"author\" content=\"thomas.berner\" \/>\n<meta name=\"twitter:card\" content=\"summary_large_image\" \/>\n<meta name=\"twitter:title\" content=\"R\u00fcckblick #KMU-Tag 2023: KMU und ihr richtiges #Momentum\" \/>\n<meta name=\"twitter:description\" content=\"Am 20. Schweizer #KMU-Tag begaben sich Keynote-Speaker, #Unternehmer\/-innen sowie gegen 1200 G\u00e4ste auf die Suche nach dem richtigen \u00ab#Momentum\u00bb.\" \/>\n<meta name=\"twitter:image\" content=\"https:\/\/www.organisator.ch\/wp-content\/uploads\/2023\/10\/Rueckblick-KMU-Tag-2023-KMU-und-ihr-richtiges-Momentum-1_Organisator.jpg\" \/>\n<script type=\"application\/ld+json\" class=\"yoast-schema-graph\">{\"@context\":\"https:\\\/\\\/schema.org\",\"@graph\":[{\"@type\":\"Article\",\"@id\":\"https:\\\/\\\/www.organisator.ch\\\/management\\\/2023-10-30\\\/rueckblick-kmu-tag-2023-kmu-und-ihr-richtiges-momentum\\\/#article\",\"isPartOf\":{\"@id\":\"https:\\\/\\\/www.organisator.ch\\\/management\\\/2023-10-30\\\/rueckblick-kmu-tag-2023-kmu-und-ihr-richtiges-momentum\\\/\"},\"author\":{\"name\":\"thomas.berner\",\"@id\":\"https:\\\/\\\/www.organisator.ch\\\/#\\\/schema\\\/person\\\/6f650f90b2842cd4c0cc334b4e36f67e\"},\"headline\":\"R\u00fcckblick KMU-Tag 2023: KMU und ihr richtiges Momentum\",\"datePublished\":\"2023-10-30T10:14:06+00:00\",\"dateModified\":\"2023-11-13T07:58:29+00:00\",\"mainEntityOfPage\":{\"@id\":\"https:\\\/\\\/www.organisator.ch\\\/management\\\/2023-10-30\\\/rueckblick-kmu-tag-2023-kmu-und-ihr-richtiges-momentum\\\/\"},\"wordCount\":1192,\"publisher\":{\"@id\":\"https:\\\/\\\/www.organisator.ch\\\/#organization\"},\"image\":{\"@id\":\"https:\\\/\\\/www.organisator.ch\\\/management\\\/2023-10-30\\\/rueckblick-kmu-tag-2023-kmu-und-ihr-richtiges-momentum\\\/#primaryimage\"},\"thumbnailUrl\":\"https:\\\/\\\/www.organisator.ch\\\/wp-content\\\/uploads\\\/2023\\\/10\\\/Rueckblick-KMU-Tag-2023-KMU-und-ihr-richtiges-Momentum-1_Organisator.jpg\",\"keywords\":[\"Fachkongress\\\/Fachmesse\",\"KMU-Tag\",\"K\u00fcnstliche Intelligenz\",\"Management und Unternehmensf\u00fchrung\"],\"articleSection\":[\"MANAGEMENT\"],\"inLanguage\":\"de\"},{\"@type\":\"WebPage\",\"@id\":\"https:\\\/\\\/www.organisator.ch\\\/management\\\/2023-10-30\\\/rueckblick-kmu-tag-2023-kmu-und-ihr-richtiges-momentum\\\/\",\"url\":\"https:\\\/\\\/www.organisator.ch\\\/management\\\/2023-10-30\\\/rueckblick-kmu-tag-2023-kmu-und-ihr-richtiges-momentum\\\/\",\"name\":\"R\u00fcckblick KMU-Tag 2023: KMU und ihr richtiges Momentum - Organisator\",\"isPartOf\":{\"@id\":\"https:\\\/\\\/www.organisator.ch\\\/#website\"},\"primaryImageOfPage\":{\"@id\":\"https:\\\/\\\/www.organisator.ch\\\/management\\\/2023-10-30\\\/rueckblick-kmu-tag-2023-kmu-und-ihr-richtiges-momentum\\\/#primaryimage\"},\"image\":{\"@id\":\"https:\\\/\\\/www.organisator.ch\\\/management\\\/2023-10-30\\\/rueckblick-kmu-tag-2023-kmu-und-ihr-richtiges-momentum\\\/#primaryimage\"},\"thumbnailUrl\":\"https:\\\/\\\/www.organisator.ch\\\/wp-content\\\/uploads\\\/2023\\\/10\\\/Rueckblick-KMU-Tag-2023-KMU-und-ihr-richtiges-Momentum-1_Organisator.jpg\",\"datePublished\":\"2023-10-30T10:14:06+00:00\",\"dateModified\":\"2023-11-13T07:58:29+00:00\",\"description\":\"Am 20. Schweizer KMU-Tag begaben sich Keynote-Speaker, Unternehmer\\\/-innen sowie gegen 1200 G\u00e4ste auf die Suche nach dem richtigen \u00abMomentum\u00bb.\",\"breadcrumb\":{\"@id\":\"https:\\\/\\\/www.organisator.ch\\\/management\\\/2023-10-30\\\/rueckblick-kmu-tag-2023-kmu-und-ihr-richtiges-momentum\\\/#breadcrumb\"},\"inLanguage\":\"de\",\"potentialAction\":[{\"@type\":\"ReadAction\",\"target\":[\"https:\\\/\\\/www.organisator.ch\\\/management\\\/2023-10-30\\\/rueckblick-kmu-tag-2023-kmu-und-ihr-richtiges-momentum\\\/\"]}]},{\"@type\":\"ImageObject\",\"inLanguage\":\"de\",\"@id\":\"https:\\\/\\\/www.organisator.ch\\\/management\\\/2023-10-30\\\/rueckblick-kmu-tag-2023-kmu-und-ihr-richtiges-momentum\\\/#primaryimage\",\"url\":\"https:\\\/\\\/www.organisator.ch\\\/wp-content\\\/uploads\\\/2023\\\/10\\\/Rueckblick-KMU-Tag-2023-KMU-und-ihr-richtiges-Momentum-1_Organisator.jpg\",\"contentUrl\":\"https:\\\/\\\/www.organisator.ch\\\/wp-content\\\/uploads\\\/2023\\\/10\\\/Rueckblick-KMU-Tag-2023-KMU-und-ihr-richtiges-Momentum-1_Organisator.jpg\",\"width\":680,\"height\":453,\"caption\":\"KMU und das richtige Momentum: Til Zollinger, Tanja Zimmermann-Burgerstein und Claudio Minder im Podiumsgespr\u00e4ch mit Arthur Honegger, v.l.n.r. (Bild: KMU-Tag)\"},{\"@type\":\"BreadcrumbList\",\"@id\":\"https:\\\/\\\/www.organisator.ch\\\/management\\\/2023-10-30\\\/rueckblick-kmu-tag-2023-kmu-und-ihr-richtiges-momentum\\\/#breadcrumb\",\"itemListElement\":[{\"@type\":\"ListItem\",\"position\":1,\"name\":\"Home\",\"item\":\"https:\\\/\\\/www.organisator.ch\\\/\"},{\"@type\":\"ListItem\",\"position\":2,\"name\":\"R\u00fcckblick KMU-Tag 2023: KMU und ihr richtiges Momentum\"}]},{\"@type\":\"WebSite\",\"@id\":\"https:\\\/\\\/www.organisator.ch\\\/#website\",\"url\":\"https:\\\/\\\/www.organisator.ch\\\/\",\"name\":\"Organisator\",\"description\":\"Kompetent. Praxisnah. Der ORGANISATOR bereitet in 10 Ausgaben pro Jahr die wesentlichen Themen f\u00fcr F\u00fchrungskr\u00e4fte von KMU auf.\",\"publisher\":{\"@id\":\"https:\\\/\\\/www.organisator.ch\\\/#organization\"},\"potentialAction\":[{\"@type\":\"SearchAction\",\"target\":{\"@type\":\"EntryPoint\",\"urlTemplate\":\"https:\\\/\\\/www.organisator.ch\\\/?s={search_term_string}\"},\"query-input\":{\"@type\":\"PropertyValueSpecification\",\"valueRequired\":true,\"valueName\":\"search_term_string\"}}],\"inLanguage\":\"de\"},{\"@type\":\"Organization\",\"@id\":\"https:\\\/\\\/www.organisator.ch\\\/#organization\",\"name\":\"Organisator\",\"url\":\"https:\\\/\\\/www.organisator.ch\\\/\",\"logo\":{\"@type\":\"ImageObject\",\"inLanguage\":\"de\",\"@id\":\"https:\\\/\\\/www.organisator.ch\\\/#\\\/schema\\\/logo\\\/image\\\/\",\"url\":\"https:\\\/\\\/www.organisator.ch\\\/wp-content\\\/uploads\\\/2022\\\/01\\\/Logo_Organisator_Website.png\",\"contentUrl\":\"https:\\\/\\\/www.organisator.ch\\\/wp-content\\\/uploads\\\/2022\\\/01\\\/Logo_Organisator_Website.png\",\"width\":800,\"height\":77,\"caption\":\"Organisator\"},\"image\":{\"@id\":\"https:\\\/\\\/www.organisator.ch\\\/#\\\/schema\\\/logo\\\/image\\\/\"},\"sameAs\":[\"https:\\\/\\\/www.facebook.com\\\/OrganisatorFachmagazin\",\"https:\\\/\\\/www.linkedin.com\\\/showcase\\\/organisator-das-magazin-fr-kmu\",\"https:\\\/\\\/www.xing.com\\\/news\\\/pages\\\/organisator-ch-695\",\"https:\\\/\\\/www.youtube.com\\\/channel\\\/UCGP2Sq0iWaZwT3BdIAQFYpw\"]},{\"@type\":\"Person\",\"@id\":\"https:\\\/\\\/www.organisator.ch\\\/#\\\/schema\\\/person\\\/6f650f90b2842cd4c0cc334b4e36f67e\",\"name\":\"thomas.berner\",\"image\":{\"@type\":\"ImageObject\",\"inLanguage\":\"de\",\"@id\":\"https:\\\/\\\/secure.gravatar.com\\\/avatar\\\/ac5001d2a36cb6c6cd3e50789007ffca834b477b74a2144564522e944eabff61?s=96&d=mm&r=g\",\"url\":\"https:\\\/\\\/secure.gravatar.com\\\/avatar\\\/ac5001d2a36cb6c6cd3e50789007ffca834b477b74a2144564522e944eabff61?s=96&d=mm&r=g\",\"contentUrl\":\"https:\\\/\\\/secure.gravatar.com\\\/avatar\\\/ac5001d2a36cb6c6cd3e50789007ffca834b477b74a2144564522e944eabff61?s=96&d=mm&r=g\",\"caption\":\"thomas.berner\"},\"url\":\"https:\\\/\\\/www.organisator.ch\\\/de\\\/author\\\/thomas-berner\\\/\"}]}<\/script>\n<!-- \/ Yoast SEO plugin. -->","yoast_head_json":{"title":"R\u00fcckblick KMU-Tag 2023: KMU und ihr richtiges Momentum - Organisator","description":"Am 20. Schweizer KMU-Tag begaben sich Keynote-Speaker, Unternehmer\/-innen sowie gegen 1200 G\u00e4ste auf die Suche nach dem richtigen \u00abMomentum\u00bb.","robots":{"index":"index","follow":"follow","max-snippet":"max-snippet:-1","max-image-preview":"max-image-preview:large","max-video-preview":"max-video-preview:-1"},"canonical":"https:\/\/www.organisator.ch\/de\/management\/2023-10-30\/rueckblick-kmu-tag-2023-kmu-und-ihr-richtiges-momentum\/","og_locale":"de_DE","og_type":"article","og_title":"R\u00fcckblick KMU-Tag 2023: KMU und ihr richtiges Momentum","og_description":"Am 20. Schweizer KMU-Tag begaben sich Keynote-Speaker, Unternehmer\/-innen sowie gegen 1200 G\u00e4ste auf die Suche nach dem richtigen \u00abMomentum\u00bb.","og_url":"https:\/\/www.organisator.ch\/de\/management\/2023-10-30\/rueckblick-kmu-tag-2023-kmu-und-ihr-richtiges-momentum\/","og_site_name":"Organisator","article_publisher":"https:\/\/www.facebook.com\/OrganisatorFachmagazin","article_published_time":"2023-10-30T10:14:06+00:00","article_modified_time":"2023-11-13T07:58:29+00:00","og_image":[{"width":680,"height":453,"url":"https:\/\/www.organisator.ch\/wp-content\/uploads\/2023\/10\/Rueckblick-KMU-Tag-2023-KMU-und-ihr-richtiges-Momentum-1_Organisator.jpg","type":"image\/jpeg"}],"author":"thomas.berner","twitter_card":"summary_large_image","twitter_title":"R\u00fcckblick #KMU-Tag 2023: KMU und ihr richtiges #Momentum","twitter_description":"Am 20. Schweizer #KMU-Tag begaben sich Keynote-Speaker, #Unternehmer\/-innen sowie gegen 1200 G\u00e4ste auf die Suche nach dem richtigen \u00ab#Momentum\u00bb.","twitter_image":"https:\/\/www.organisator.ch\/wp-content\/uploads\/2023\/10\/Rueckblick-KMU-Tag-2023-KMU-und-ihr-richtiges-Momentum-1_Organisator.jpg","schema":{"@context":"https:\/\/schema.org","@graph":[{"@type":"Article","@id":"https:\/\/www.organisator.ch\/management\/2023-10-30\/rueckblick-kmu-tag-2023-kmu-und-ihr-richtiges-momentum\/#article","isPartOf":{"@id":"https:\/\/www.organisator.ch\/management\/2023-10-30\/rueckblick-kmu-tag-2023-kmu-und-ihr-richtiges-momentum\/"},"author":{"name":"thomas.berner","@id":"https:\/\/www.organisator.ch\/#\/schema\/person\/6f650f90b2842cd4c0cc334b4e36f67e"},"headline":"R\u00fcckblick KMU-Tag 2023: KMU und ihr richtiges Momentum","datePublished":"2023-10-30T10:14:06+00:00","dateModified":"2023-11-13T07:58:29+00:00","mainEntityOfPage":{"@id":"https:\/\/www.organisator.ch\/management\/2023-10-30\/rueckblick-kmu-tag-2023-kmu-und-ihr-richtiges-momentum\/"},"wordCount":1192,"publisher":{"@id":"https:\/\/www.organisator.ch\/#organization"},"image":{"@id":"https:\/\/www.organisator.ch\/management\/2023-10-30\/rueckblick-kmu-tag-2023-kmu-und-ihr-richtiges-momentum\/#primaryimage"},"thumbnailUrl":"https:\/\/www.organisator.ch\/wp-content\/uploads\/2023\/10\/Rueckblick-KMU-Tag-2023-KMU-und-ihr-richtiges-Momentum-1_Organisator.jpg","keywords":["Fachkongress\/Fachmesse","KMU-Tag","K\u00fcnstliche Intelligenz","Management und Unternehmensf\u00fchrung"],"articleSection":["MANAGEMENT"],"inLanguage":"de"},{"@type":"WebPage","@id":"https:\/\/www.organisator.ch\/management\/2023-10-30\/rueckblick-kmu-tag-2023-kmu-und-ihr-richtiges-momentum\/","url":"https:\/\/www.organisator.ch\/management\/2023-10-30\/rueckblick-kmu-tag-2023-kmu-und-ihr-richtiges-momentum\/","name":"R\u00fcckblick KMU-Tag 2023: KMU und ihr richtiges Momentum - Organisator","isPartOf":{"@id":"https:\/\/www.organisator.ch\/#website"},"primaryImageOfPage":{"@id":"https:\/\/www.organisator.ch\/management\/2023-10-30\/rueckblick-kmu-tag-2023-kmu-und-ihr-richtiges-momentum\/#primaryimage"},"image":{"@id":"https:\/\/www.organisator.ch\/management\/2023-10-30\/rueckblick-kmu-tag-2023-kmu-und-ihr-richtiges-momentum\/#primaryimage"},"thumbnailUrl":"https:\/\/www.organisator.ch\/wp-content\/uploads\/2023\/10\/Rueckblick-KMU-Tag-2023-KMU-und-ihr-richtiges-Momentum-1_Organisator.jpg","datePublished":"2023-10-30T10:14:06+00:00","dateModified":"2023-11-13T07:58:29+00:00","description":"Am 20. Schweizer KMU-Tag begaben sich Keynote-Speaker, Unternehmer\/-innen sowie gegen 1200 G\u00e4ste auf die Suche nach dem richtigen \u00abMomentum\u00bb.","breadcrumb":{"@id":"https:\/\/www.organisator.ch\/management\/2023-10-30\/rueckblick-kmu-tag-2023-kmu-und-ihr-richtiges-momentum\/#breadcrumb"},"inLanguage":"de","potentialAction":[{"@type":"ReadAction","target":["https:\/\/www.organisator.ch\/management\/2023-10-30\/rueckblick-kmu-tag-2023-kmu-und-ihr-richtiges-momentum\/"]}]},{"@type":"ImageObject","inLanguage":"de","@id":"https:\/\/www.organisator.ch\/management\/2023-10-30\/rueckblick-kmu-tag-2023-kmu-und-ihr-richtiges-momentum\/#primaryimage","url":"https:\/\/www.organisator.ch\/wp-content\/uploads\/2023\/10\/Rueckblick-KMU-Tag-2023-KMU-und-ihr-richtiges-Momentum-1_Organisator.jpg","contentUrl":"https:\/\/www.organisator.ch\/wp-content\/uploads\/2023\/10\/Rueckblick-KMU-Tag-2023-KMU-und-ihr-richtiges-Momentum-1_Organisator.jpg","width":680,"height":453,"caption":"KMU und das richtige Momentum: Til Zollinger, Tanja Zimmermann-Burgerstein und Claudio Minder im Podiumsgespr\u00e4ch mit Arthur Honegger, v.l.n.r. (Bild: KMU-Tag)"},{"@type":"BreadcrumbList","@id":"https:\/\/www.organisator.ch\/management\/2023-10-30\/rueckblick-kmu-tag-2023-kmu-und-ihr-richtiges-momentum\/#breadcrumb","itemListElement":[{"@type":"ListItem","position":1,"name":"Home","item":"https:\/\/www.organisator.ch\/"},{"@type":"ListItem","position":2,"name":"R\u00fcckblick KMU-Tag 2023: KMU und ihr richtiges Momentum"}]},{"@type":"WebSite","@id":"https:\/\/www.organisator.ch\/#website","url":"https:\/\/www.organisator.ch\/","name":"Organisator","description":"Kompetent. Praxisnah. Der ORGANISATOR bereitet in 10 Ausgaben pro Jahr die wesentlichen Themen f\u00fcr F\u00fchrungskr\u00e4fte von KMU auf.","publisher":{"@id":"https:\/\/www.organisator.ch\/#organization"},"potentialAction":[{"@type":"SearchAction","target":{"@type":"EntryPoint","urlTemplate":"https:\/\/www.organisator.ch\/?s={search_term_string}"},"query-input":{"@type":"PropertyValueSpecification","valueRequired":true,"valueName":"search_term_string"}}],"inLanguage":"de"},{"@type":"Organization","@id":"https:\/\/www.organisator.ch\/#organization","name":"Organisator","url":"https:\/\/www.organisator.ch\/","logo":{"@type":"ImageObject","inLanguage":"de","@id":"https:\/\/www.organisator.ch\/#\/schema\/logo\/image\/","url":"https:\/\/www.organisator.ch\/wp-content\/uploads\/2022\/01\/Logo_Organisator_Website.png","contentUrl":"https:\/\/www.organisator.ch\/wp-content\/uploads\/2022\/01\/Logo_Organisator_Website.png","width":800,"height":77,"caption":"Organisator"},"image":{"@id":"https:\/\/www.organisator.ch\/#\/schema\/logo\/image\/"},"sameAs":["https:\/\/www.facebook.com\/OrganisatorFachmagazin","https:\/\/www.linkedin.com\/showcase\/organisator-das-magazin-fr-kmu","https:\/\/www.xing.com\/news\/pages\/organisator-ch-695","https:\/\/www.youtube.com\/channel\/UCGP2Sq0iWaZwT3BdIAQFYpw"]},{"@type":"Person","@id":"https:\/\/www.organisator.ch\/#\/schema\/person\/6f650f90b2842cd4c0cc334b4e36f67e","name":"thomas.berner","image":{"@type":"ImageObject","inLanguage":"de","@id":"https:\/\/secure.gravatar.com\/avatar\/ac5001d2a36cb6c6cd3e50789007ffca834b477b74a2144564522e944eabff61?s=96&d=mm&r=g","url":"https:\/\/secure.gravatar.com\/avatar\/ac5001d2a36cb6c6cd3e50789007ffca834b477b74a2144564522e944eabff61?s=96&d=mm&r=g","contentUrl":"https:\/\/secure.gravatar.com\/avatar\/ac5001d2a36cb6c6cd3e50789007ffca834b477b74a2144564522e944eabff61?s=96&d=mm&r=g","caption":"thomas.berner"},"url":"https:\/\/www.organisator.ch\/de\/author\/thomas-berner\/"}]}},"_links":{"self":[{"href":"https:\/\/www.organisator.ch\/de\/wp-json\/wp\/v2\/posts\/22837","targetHints":{"allow":["GET"]}}],"collection":[{"href":"https:\/\/www.organisator.ch\/de\/wp-json\/wp\/v2\/posts"}],"about":[{"href":"https:\/\/www.organisator.ch\/de\/wp-json\/wp\/v2\/types\/post"}],"author":[{"embeddable":true,"href":"https:\/\/www.organisator.ch\/de\/wp-json\/wp\/v2\/users\/4"}],"replies":[{"embeddable":true,"href":"https:\/\/www.organisator.ch\/de\/wp-json\/wp\/v2\/comments?post=22837"}],"version-history":[{"count":3,"href":"https:\/\/www.organisator.ch\/de\/wp-json\/wp\/v2\/posts\/22837\/revisions"}],"predecessor-version":[{"id":23156,"href":"https:\/\/www.organisator.ch\/de\/wp-json\/wp\/v2\/posts\/22837\/revisions\/23156"}],"wp:featuredmedia":[{"embeddable":true,"href":"https:\/\/www.organisator.ch\/de\/wp-json\/wp\/v2\/media\/22838"}],"wp:attachment":[{"href":"https:\/\/www.organisator.ch\/de\/wp-json\/wp\/v2\/media?parent=22837"}],"wp:term":[{"taxonomy":"category","embeddable":true,"href":"https:\/\/www.organisator.ch\/de\/wp-json\/wp\/v2\/categories?post=22837"},{"taxonomy":"post_tag","embeddable":true,"href":"https:\/\/www.organisator.ch\/de\/wp-json\/wp\/v2\/tags?post=22837"}],"curies":[{"name":"wp","href":"https:\/\/api.w.org\/{rel}","templated":true}]}}