{"id":22846,"date":"2023-10-30T13:26:00","date_gmt":"2023-10-30T12:26:00","guid":{"rendered":"https:\/\/www.organisator.ch\/?p=22846"},"modified":"2023-11-09T07:58:13","modified_gmt":"2023-11-09T06:58:13","slug":"forum-oe-2023-nachhaltige-entwicklung-als-kompass-fuer-die-zukunft","status":"publish","type":"post","link":"https:\/\/www.organisator.ch\/de\/sustainability\/2023-10-30\/forum-oe-2023-nachhaltige-entwicklung-als-kompass-fuer-die-zukunft\/","title":{"rendered":"Forum \u00f6 2023: Nachhaltige Entwicklung als Kompass f\u00fcr die Zukunft"},"content":{"rendered":"<figure id=\"attachment_22847\" aria-describedby=\"caption-attachment-22847\" style=\"width: 680px\" class=\"wp-caption alignnone\"><img loading=\"lazy\" decoding=\"async\" class=\"size-full wp-image-22847\" src=\"https:\/\/www.organisator.ch\/wp-content\/uploads\/2023\/10\/Forum-Oe1_ps.jpg\" alt=\"\" width=\"680\" height=\"382\" srcset=\"https:\/\/www.organisator.ch\/wp-content\/uploads\/2023\/10\/Forum-Oe1_ps.jpg 680w, https:\/\/www.organisator.ch\/wp-content\/uploads\/2023\/10\/Forum-Oe1_ps-18x10.jpg 18w, https:\/\/www.organisator.ch\/wp-content\/uploads\/2023\/10\/Forum-Oe1_ps-375x211.jpg 375w, https:\/\/www.organisator.ch\/wp-content\/uploads\/2023\/10\/Forum-Oe1_ps-623x350.jpg 623w\" sizes=\"auto, (max-width: 680px) 100vw, 680px\" \/><figcaption id=\"caption-attachment-22847\" class=\"wp-caption-text\">Die Er\u00f6ffnungskeynote mit dem Titel \u201eNeue Wege oder alte Muster? Mutig in Richtung regenerative Wirtschaft.\u201c (Bild: Adelisa Salaji Kalajdzini)<\/figcaption><\/figure>\n<p>Der Grundgedanke der regenerativen Wirtschaft geht einen Schritt weiter: In einem Wirtschaftssystem, das lernen muss, mit Ressourcenknappheit umzugehen, reicht die blosse Erhaltung des Status quo nicht aus. Die regenerative Wirtschaft will nicht nur Bestehendes bewahren, sondern auch zur\u00fcckgeben. Sie strebt positive Auswirkungen auf Umwelt, Gesellschaft und Wirtschaft an.<\/p>\n<p>Inmitten von Biodiversit\u00e4tskrise, Klima-Notstand und sozialen Ungleichheiten setzte dieses Jahr das Forum \u00f6 2023 ein Zeichen f\u00fcr eine regenerative Wirtschaft. Bei der Veranstaltung treffen jedes Jahr rund 300 engagierte Pers\u00f6nlichkeiten aus den Bereichen Nachhaltigkeit, Innovation &amp; Einkauf, Mitglieder der Gesch\u00e4ftsleitung f\u00fchrender Schweizer Unternehmen sowie Pers\u00f6nlichkeiten aus Wissenschaft, Zivilgesellschaft, Politik und Verwaltung zusammen.<\/p>\n<p>Das Forum \u00f6 2023 organisierte abwechslungsreiche Breakout-Sessions und inspirierende Keynotes zu Themen wie \u201ebusiness as unusual\u201c oder \u201eLeadership f\u00fcr eine regenerative Wirtschaft.\u201c<\/p>\n<p>Die Er\u00f6ffnungskeynote mit dem Titel \u201eNeue Wege oder alte Muster? Mutig in Richtung regenerative Wirtschaft\u201c pr\u00e4sentierte an der diesj\u00e4hrigen Konferenz Prof. Dr. Stephan Hankammer aus dem Institut f\u00fcr Regeneratives Wirtschaften (REGWI) Neuss (Deutschland). Seiner Meinung nach brauchen wir eine Wirtschaft, die sich restauriert und regeneriert. Daf\u00fcr brauchen wir aber viele Initiativen und Unternehmen. Weiter diskutierte und pr\u00e4sentierte er auch das Thema \u00abRegeneratives Unternehmen\u00bb und auch \u00abNachhaltige Produkte in Unternehmen\u00bb.<\/p>\n<p>Mit den Breakout-Sessions wie \u00abBusiness as unusual\u00bb von Oxara oder \u00abDigitalisierung\u00bb von esentri brachte das Forum \u00f6 zus\u00e4tzlichen Schwung in die Konferenz. Die Teilnehmenden wurden animiert ihre eigenen Meinungen zu pr\u00e4sentieren und aktiv mitzumachen.<\/p>\n<h3><strong>Die Twin Transformation mit esentri<\/strong><\/h3>\n<p>Die B-Corp zertifizierte Beratungsfirma esentri pr\u00e4sentierte die digitale und nachhaltige Transformation in Unternehmen. Die Firma verbindet Digitalisierung und Nachhaltigkeit. Im Mittelpunkt steht der Mensch. Bei der Breakout-Session wurden die Fragen Wo stehen wir heute mit Nachhaltigkeit? Wo stehen die Unternehmen? Gibt es schon Unternehmen die Nachhaltigkeit und Digitalisierung praktizieren? diskutiert. Es war ein Tanz durch erste Schritte von Nachhaltigkeit und Digitalisierung in den Unternehmen f\u00fcr die Teilnehmenden.<\/p>\n<figure id=\"attachment_22848\" aria-describedby=\"caption-attachment-22848\" style=\"width: 680px\" class=\"wp-caption alignnone\"><img loading=\"lazy\" decoding=\"async\" class=\"size-full wp-image-22848\" src=\"https:\/\/www.organisator.ch\/wp-content\/uploads\/2023\/10\/Forum-Oe7_ps.jpg\" alt=\"\" width=\"680\" height=\"339\" srcset=\"https:\/\/www.organisator.ch\/wp-content\/uploads\/2023\/10\/Forum-Oe7_ps.jpg 680w, https:\/\/www.organisator.ch\/wp-content\/uploads\/2023\/10\/Forum-Oe7_ps-18x9.jpg 18w, https:\/\/www.organisator.ch\/wp-content\/uploads\/2023\/10\/Forum-Oe7_ps-375x187.jpg 375w\" sizes=\"auto, (max-width: 680px) 100vw, 680px\" \/><figcaption id=\"caption-attachment-22848\" class=\"wp-caption-text\">esentri pr\u00e4sentierte die Twin Transformation \u2013 Digitalisierung und Nachhaltigkeit in Unternehmen. (Bild: Adelisa Salaji Kalajdzini)<\/figcaption><\/figure>\n<p>Das Forum \u00f6 bot auch in der diesj\u00e4hrigen Ausgabe verschiedenste Inspirationen und zeigte Paradigmenwechsel sowie praxisnahe Handlungsm\u00f6glichkeiten auf. \u201eGemeinsam definieren wir die Wege in eine regenerative Wirtschaft und mit neuen Kenntnissen, Denkanst\u00f6ssen und n\u00fctzlichen Kontakten k\u00f6nnen sie in die Praxis starten\u201c, heisst es seitens Forum \u00f6.<\/p>\n<p><em>Weitere Informationen: <a href=\"https:\/\/www.oebu.ch\/de\/events\/event-kalender\/forum-oe-2023-neue-wege-oder-alte-muster-mutig-in-richtung-regenerative-wirtschaft-7717.html\">www.oebu.ch\u00a0<\/a><\/em><\/p>\n","protected":false},"excerpt":{"rendered":"<p>Der Verband f\u00fcr nachhaltiges Wirtschaften \u00f6bu hat auch dieses Jahr das Forum \u00f6 durchgef\u00fchrt, das am 26. Oktober in Z\u00fcrich stattfand. Die Konferenz wird einmal im Jahr organisiert und befasst sich mit dem Thema Nachhaltiges Wirtschaften. <\/p>\n","protected":false},"author":58,"featured_media":22847,"comment_status":"closed","ping_status":"closed","sticky":false,"template":"","format":"standard","meta":{"_acf_changed":false,"_yoast_wpseo_focuskw":"Forum \u00f6","_yoast_wpseo_metadesc":"Das Verband f\u00fcr nachhaltiges Wirtschaften \u00f6bu hat auch dieses Jahr das Forum \u00f6 organisiert das am 26. Oktober in Z\u00fcrich stattfand.","articlekey":"","footnotes":""},"categories":[580],"tags":[3343,358,492,502],"class_list":["post-22846","post","type-post","status-publish","format-standard","has-post-thumbnail","hentry","category-sustainability","tag-konferenz","tag-nachhaltige-wirtschaft","tag-unternehmen","tag-veranstaltungen"],"acf":[],"yoast_head":"<!-- This site is optimized with the Yoast SEO plugin v27.5 - https:\/\/yoast.com\/product\/yoast-seo-wordpress\/ -->\n<title>Forum \u00f6 2023: Nachhaltige Entwicklung als Kompass f\u00fcr die Zukunft - Organisator<\/title>\n<meta name=\"description\" content=\"Das Verband f\u00fcr nachhaltiges Wirtschaften \u00f6bu hat auch dieses Jahr das Forum \u00f6 organisiert das am 26. Oktober in Z\u00fcrich stattfand.\" \/>\n<meta name=\"robots\" content=\"index, follow, max-snippet:-1, max-image-preview:large, max-video-preview:-1\" \/>\n<link rel=\"canonical\" href=\"https:\/\/www.organisator.ch\/de\/sustainability\/2023-10-30\/forum-oe-2023-nachhaltige-entwicklung-als-kompass-fuer-die-zukunft\/\" \/>\n<meta property=\"og:locale\" content=\"de_DE\" \/>\n<meta property=\"og:type\" content=\"article\" \/>\n<meta property=\"og:title\" content=\"Forum \u00f6 2023: Nachhaltige Entwicklung als Kompass f\u00fcr die Zukunft\" \/>\n<meta property=\"og:description\" content=\"Das Verband f\u00fcr nachhaltiges Wirtschaften \u00f6bu hat auch dieses Jahr das Forum \u00f6 organisiert das am 26. Oktober in Z\u00fcrich stattfand.\" \/>\n<meta property=\"og:url\" content=\"https:\/\/www.organisator.ch\/de\/sustainability\/2023-10-30\/forum-oe-2023-nachhaltige-entwicklung-als-kompass-fuer-die-zukunft\/\" \/>\n<meta property=\"og:site_name\" content=\"Organisator\" \/>\n<meta property=\"article:publisher\" content=\"https:\/\/www.facebook.com\/OrganisatorFachmagazin\" \/>\n<meta property=\"article:published_time\" content=\"2023-10-30T12:26:00+00:00\" \/>\n<meta property=\"article:modified_time\" content=\"2023-11-09T06:58:13+00:00\" \/>\n<meta property=\"og:image\" content=\"https:\/\/www.organisator.ch\/wp-content\/uploads\/2023\/10\/Forum-Oe1_ps.jpg\" \/>\n\t<meta property=\"og:image:width\" content=\"680\" \/>\n\t<meta property=\"og:image:height\" content=\"382\" \/>\n\t<meta property=\"og:image:type\" content=\"image\/jpeg\" \/>\n<meta name=\"author\" content=\"Adelisa Kalajdzini\" \/>\n<meta name=\"twitter:card\" content=\"summary_large_image\" \/>\n<meta name=\"twitter:title\" content=\"Forum \u00f6 2023: Nachhaltige Entwicklung als Kompass f\u00fcr die Zukunft\" \/>\n<meta name=\"twitter:description\" content=\"Das Verband f\u00fcr nachhaltiges Wirtschaften #\u00f6bu hat auch dieses Jahr das #Forum \u00f6 organisiert das am 26. Oktober in Z\u00fcrich stattfand.\" \/>\n<meta name=\"twitter:image\" content=\"https:\/\/www.organisator.ch\/wp-content\/uploads\/2023\/10\/Forum-Oe1_ps.jpg\" \/>\n<script type=\"application\/ld+json\" class=\"yoast-schema-graph\">{\"@context\":\"https:\\\/\\\/schema.org\",\"@graph\":[{\"@type\":\"Article\",\"@id\":\"https:\\\/\\\/www.organisator.ch\\\/sustainability\\\/2023-10-30\\\/forum-oe-2023-nachhaltige-entwicklung-als-kompass-fuer-die-zukunft\\\/#article\",\"isPartOf\":{\"@id\":\"https:\\\/\\\/www.organisator.ch\\\/sustainability\\\/2023-10-30\\\/forum-oe-2023-nachhaltige-entwicklung-als-kompass-fuer-die-zukunft\\\/\"},\"author\":{\"name\":\"Adelisa Kalajdzini\",\"@id\":\"https:\\\/\\\/www.organisator.ch\\\/#\\\/schema\\\/person\\\/2e1314a2172123f874db408d8911d3f3\"},\"headline\":\"Forum \u00f6 2023: Nachhaltige Entwicklung als Kompass f\u00fcr die Zukunft\",\"datePublished\":\"2023-10-30T12:26:00+00:00\",\"dateModified\":\"2023-11-09T06:58:13+00:00\",\"mainEntityOfPage\":{\"@id\":\"https:\\\/\\\/www.organisator.ch\\\/sustainability\\\/2023-10-30\\\/forum-oe-2023-nachhaltige-entwicklung-als-kompass-fuer-die-zukunft\\\/\"},\"wordCount\":421,\"publisher\":{\"@id\":\"https:\\\/\\\/www.organisator.ch\\\/#organization\"},\"image\":{\"@id\":\"https:\\\/\\\/www.organisator.ch\\\/sustainability\\\/2023-10-30\\\/forum-oe-2023-nachhaltige-entwicklung-als-kompass-fuer-die-zukunft\\\/#primaryimage\"},\"thumbnailUrl\":\"https:\\\/\\\/www.organisator.ch\\\/wp-content\\\/uploads\\\/2023\\\/10\\\/Forum-Oe1_ps.jpg\",\"keywords\":[\"Konferenz\",\"Nachhaltige Wirtschaft\",\"Unternehmen\",\"Veranstaltungen\"],\"articleSection\":[\"SUSTAINABILITY\"],\"inLanguage\":\"de\"},{\"@type\":\"WebPage\",\"@id\":\"https:\\\/\\\/www.organisator.ch\\\/sustainability\\\/2023-10-30\\\/forum-oe-2023-nachhaltige-entwicklung-als-kompass-fuer-die-zukunft\\\/\",\"url\":\"https:\\\/\\\/www.organisator.ch\\\/sustainability\\\/2023-10-30\\\/forum-oe-2023-nachhaltige-entwicklung-als-kompass-fuer-die-zukunft\\\/\",\"name\":\"Forum \u00f6 2023: Nachhaltige Entwicklung als Kompass f\u00fcr die Zukunft - Organisator\",\"isPartOf\":{\"@id\":\"https:\\\/\\\/www.organisator.ch\\\/#website\"},\"primaryImageOfPage\":{\"@id\":\"https:\\\/\\\/www.organisator.ch\\\/sustainability\\\/2023-10-30\\\/forum-oe-2023-nachhaltige-entwicklung-als-kompass-fuer-die-zukunft\\\/#primaryimage\"},\"image\":{\"@id\":\"https:\\\/\\\/www.organisator.ch\\\/sustainability\\\/2023-10-30\\\/forum-oe-2023-nachhaltige-entwicklung-als-kompass-fuer-die-zukunft\\\/#primaryimage\"},\"thumbnailUrl\":\"https:\\\/\\\/www.organisator.ch\\\/wp-content\\\/uploads\\\/2023\\\/10\\\/Forum-Oe1_ps.jpg\",\"datePublished\":\"2023-10-30T12:26:00+00:00\",\"dateModified\":\"2023-11-09T06:58:13+00:00\",\"description\":\"Das Verband f\u00fcr nachhaltiges Wirtschaften \u00f6bu hat auch dieses Jahr das Forum \u00f6 organisiert das am 26. Oktober in Z\u00fcrich stattfand.\",\"breadcrumb\":{\"@id\":\"https:\\\/\\\/www.organisator.ch\\\/sustainability\\\/2023-10-30\\\/forum-oe-2023-nachhaltige-entwicklung-als-kompass-fuer-die-zukunft\\\/#breadcrumb\"},\"inLanguage\":\"de\",\"potentialAction\":[{\"@type\":\"ReadAction\",\"target\":[\"https:\\\/\\\/www.organisator.ch\\\/sustainability\\\/2023-10-30\\\/forum-oe-2023-nachhaltige-entwicklung-als-kompass-fuer-die-zukunft\\\/\"]}]},{\"@type\":\"ImageObject\",\"inLanguage\":\"de\",\"@id\":\"https:\\\/\\\/www.organisator.ch\\\/sustainability\\\/2023-10-30\\\/forum-oe-2023-nachhaltige-entwicklung-als-kompass-fuer-die-zukunft\\\/#primaryimage\",\"url\":\"https:\\\/\\\/www.organisator.ch\\\/wp-content\\\/uploads\\\/2023\\\/10\\\/Forum-Oe1_ps.jpg\",\"contentUrl\":\"https:\\\/\\\/www.organisator.ch\\\/wp-content\\\/uploads\\\/2023\\\/10\\\/Forum-Oe1_ps.jpg\",\"width\":680,\"height\":382,\"caption\":\"Die Er\u00f6ffnungskeynote mit dem Titel \u201eNeue Wege oder alte Muster? Mutig in Richtung regenerative Wirtschaft.\u201c (Bild: Adelisa Salaji Kalajdzini)\"},{\"@type\":\"BreadcrumbList\",\"@id\":\"https:\\\/\\\/www.organisator.ch\\\/sustainability\\\/2023-10-30\\\/forum-oe-2023-nachhaltige-entwicklung-als-kompass-fuer-die-zukunft\\\/#breadcrumb\",\"itemListElement\":[{\"@type\":\"ListItem\",\"position\":1,\"name\":\"Home\",\"item\":\"https:\\\/\\\/www.organisator.ch\\\/\"},{\"@type\":\"ListItem\",\"position\":2,\"name\":\"Forum \u00f6 2023: Nachhaltige Entwicklung als Kompass f\u00fcr die Zukunft\"}]},{\"@type\":\"WebSite\",\"@id\":\"https:\\\/\\\/www.organisator.ch\\\/#website\",\"url\":\"https:\\\/\\\/www.organisator.ch\\\/\",\"name\":\"Organisator\",\"description\":\"Kompetent. Praxisnah. Der ORGANISATOR bereitet in 10 Ausgaben pro Jahr die wesentlichen Themen f\u00fcr F\u00fchrungskr\u00e4fte von KMU auf.\",\"publisher\":{\"@id\":\"https:\\\/\\\/www.organisator.ch\\\/#organization\"},\"potentialAction\":[{\"@type\":\"SearchAction\",\"target\":{\"@type\":\"EntryPoint\",\"urlTemplate\":\"https:\\\/\\\/www.organisator.ch\\\/?s={search_term_string}\"},\"query-input\":{\"@type\":\"PropertyValueSpecification\",\"valueRequired\":true,\"valueName\":\"search_term_string\"}}],\"inLanguage\":\"de\"},{\"@type\":\"Organization\",\"@id\":\"https:\\\/\\\/www.organisator.ch\\\/#organization\",\"name\":\"Organisator\",\"url\":\"https:\\\/\\\/www.organisator.ch\\\/\",\"logo\":{\"@type\":\"ImageObject\",\"inLanguage\":\"de\",\"@id\":\"https:\\\/\\\/www.organisator.ch\\\/#\\\/schema\\\/logo\\\/image\\\/\",\"url\":\"https:\\\/\\\/www.organisator.ch\\\/wp-content\\\/uploads\\\/2022\\\/01\\\/Logo_Organisator_Website.png\",\"contentUrl\":\"https:\\\/\\\/www.organisator.ch\\\/wp-content\\\/uploads\\\/2022\\\/01\\\/Logo_Organisator_Website.png\",\"width\":800,\"height\":77,\"caption\":\"Organisator\"},\"image\":{\"@id\":\"https:\\\/\\\/www.organisator.ch\\\/#\\\/schema\\\/logo\\\/image\\\/\"},\"sameAs\":[\"https:\\\/\\\/www.facebook.com\\\/OrganisatorFachmagazin\",\"https:\\\/\\\/www.linkedin.com\\\/showcase\\\/organisator-das-magazin-fr-kmu\",\"https:\\\/\\\/www.xing.com\\\/news\\\/pages\\\/organisator-ch-695\",\"https:\\\/\\\/www.youtube.com\\\/channel\\\/UCGP2Sq0iWaZwT3BdIAQFYpw\"]},{\"@type\":\"Person\",\"@id\":\"https:\\\/\\\/www.organisator.ch\\\/#\\\/schema\\\/person\\\/2e1314a2172123f874db408d8911d3f3\",\"name\":\"Adelisa Kalajdzini\",\"image\":{\"@type\":\"ImageObject\",\"inLanguage\":\"de\",\"@id\":\"https:\\\/\\\/secure.gravatar.com\\\/avatar\\\/09a397c22ac58cad6f160ee8306348599df9df58a8ede73696226897b9fa4b24?s=96&d=mm&r=g\",\"url\":\"https:\\\/\\\/secure.gravatar.com\\\/avatar\\\/09a397c22ac58cad6f160ee8306348599df9df58a8ede73696226897b9fa4b24?s=96&d=mm&r=g\",\"contentUrl\":\"https:\\\/\\\/secure.gravatar.com\\\/avatar\\\/09a397c22ac58cad6f160ee8306348599df9df58a8ede73696226897b9fa4b24?s=96&d=mm&r=g\",\"caption\":\"Adelisa Kalajdzini\"},\"url\":\"https:\\\/\\\/www.organisator.ch\\\/de\\\/author\\\/adelisa-kalajdzini\\\/\"}]}<\/script>\n<!-- \/ Yoast SEO plugin. -->","yoast_head_json":{"title":"Forum \u00f6 2023: Nachhaltige Entwicklung als Kompass f\u00fcr die Zukunft - Organisator","description":"Das Verband f\u00fcr nachhaltiges Wirtschaften \u00f6bu hat auch dieses Jahr das Forum \u00f6 organisiert das am 26. Oktober in Z\u00fcrich stattfand.","robots":{"index":"index","follow":"follow","max-snippet":"max-snippet:-1","max-image-preview":"max-image-preview:large","max-video-preview":"max-video-preview:-1"},"canonical":"https:\/\/www.organisator.ch\/de\/sustainability\/2023-10-30\/forum-oe-2023-nachhaltige-entwicklung-als-kompass-fuer-die-zukunft\/","og_locale":"de_DE","og_type":"article","og_title":"Forum \u00f6 2023: Nachhaltige Entwicklung als Kompass f\u00fcr die Zukunft","og_description":"Das Verband f\u00fcr nachhaltiges Wirtschaften \u00f6bu hat auch dieses Jahr das Forum \u00f6 organisiert das am 26. Oktober in Z\u00fcrich stattfand.","og_url":"https:\/\/www.organisator.ch\/de\/sustainability\/2023-10-30\/forum-oe-2023-nachhaltige-entwicklung-als-kompass-fuer-die-zukunft\/","og_site_name":"Organisator","article_publisher":"https:\/\/www.facebook.com\/OrganisatorFachmagazin","article_published_time":"2023-10-30T12:26:00+00:00","article_modified_time":"2023-11-09T06:58:13+00:00","og_image":[{"width":680,"height":382,"url":"https:\/\/www.organisator.ch\/wp-content\/uploads\/2023\/10\/Forum-Oe1_ps.jpg","type":"image\/jpeg"}],"author":"Adelisa Kalajdzini","twitter_card":"summary_large_image","twitter_title":"Forum \u00f6 2023: Nachhaltige Entwicklung als Kompass f\u00fcr die Zukunft","twitter_description":"Das Verband f\u00fcr nachhaltiges Wirtschaften #\u00f6bu hat auch dieses Jahr das #Forum \u00f6 organisiert das am 26. Oktober in Z\u00fcrich stattfand.","twitter_image":"https:\/\/www.organisator.ch\/wp-content\/uploads\/2023\/10\/Forum-Oe1_ps.jpg","schema":{"@context":"https:\/\/schema.org","@graph":[{"@type":"Article","@id":"https:\/\/www.organisator.ch\/sustainability\/2023-10-30\/forum-oe-2023-nachhaltige-entwicklung-als-kompass-fuer-die-zukunft\/#article","isPartOf":{"@id":"https:\/\/www.organisator.ch\/sustainability\/2023-10-30\/forum-oe-2023-nachhaltige-entwicklung-als-kompass-fuer-die-zukunft\/"},"author":{"name":"Adelisa Kalajdzini","@id":"https:\/\/www.organisator.ch\/#\/schema\/person\/2e1314a2172123f874db408d8911d3f3"},"headline":"Forum \u00f6 2023: Nachhaltige Entwicklung als Kompass f\u00fcr die Zukunft","datePublished":"2023-10-30T12:26:00+00:00","dateModified":"2023-11-09T06:58:13+00:00","mainEntityOfPage":{"@id":"https:\/\/www.organisator.ch\/sustainability\/2023-10-30\/forum-oe-2023-nachhaltige-entwicklung-als-kompass-fuer-die-zukunft\/"},"wordCount":421,"publisher":{"@id":"https:\/\/www.organisator.ch\/#organization"},"image":{"@id":"https:\/\/www.organisator.ch\/sustainability\/2023-10-30\/forum-oe-2023-nachhaltige-entwicklung-als-kompass-fuer-die-zukunft\/#primaryimage"},"thumbnailUrl":"https:\/\/www.organisator.ch\/wp-content\/uploads\/2023\/10\/Forum-Oe1_ps.jpg","keywords":["Konferenz","Nachhaltige Wirtschaft","Unternehmen","Veranstaltungen"],"articleSection":["SUSTAINABILITY"],"inLanguage":"de"},{"@type":"WebPage","@id":"https:\/\/www.organisator.ch\/sustainability\/2023-10-30\/forum-oe-2023-nachhaltige-entwicklung-als-kompass-fuer-die-zukunft\/","url":"https:\/\/www.organisator.ch\/sustainability\/2023-10-30\/forum-oe-2023-nachhaltige-entwicklung-als-kompass-fuer-die-zukunft\/","name":"Forum \u00f6 2023: Nachhaltige Entwicklung als Kompass f\u00fcr die Zukunft - Organisator","isPartOf":{"@id":"https:\/\/www.organisator.ch\/#website"},"primaryImageOfPage":{"@id":"https:\/\/www.organisator.ch\/sustainability\/2023-10-30\/forum-oe-2023-nachhaltige-entwicklung-als-kompass-fuer-die-zukunft\/#primaryimage"},"image":{"@id":"https:\/\/www.organisator.ch\/sustainability\/2023-10-30\/forum-oe-2023-nachhaltige-entwicklung-als-kompass-fuer-die-zukunft\/#primaryimage"},"thumbnailUrl":"https:\/\/www.organisator.ch\/wp-content\/uploads\/2023\/10\/Forum-Oe1_ps.jpg","datePublished":"2023-10-30T12:26:00+00:00","dateModified":"2023-11-09T06:58:13+00:00","description":"Das Verband f\u00fcr nachhaltiges Wirtschaften \u00f6bu hat auch dieses Jahr das Forum \u00f6 organisiert das am 26. Oktober in Z\u00fcrich stattfand.","breadcrumb":{"@id":"https:\/\/www.organisator.ch\/sustainability\/2023-10-30\/forum-oe-2023-nachhaltige-entwicklung-als-kompass-fuer-die-zukunft\/#breadcrumb"},"inLanguage":"de","potentialAction":[{"@type":"ReadAction","target":["https:\/\/www.organisator.ch\/sustainability\/2023-10-30\/forum-oe-2023-nachhaltige-entwicklung-als-kompass-fuer-die-zukunft\/"]}]},{"@type":"ImageObject","inLanguage":"de","@id":"https:\/\/www.organisator.ch\/sustainability\/2023-10-30\/forum-oe-2023-nachhaltige-entwicklung-als-kompass-fuer-die-zukunft\/#primaryimage","url":"https:\/\/www.organisator.ch\/wp-content\/uploads\/2023\/10\/Forum-Oe1_ps.jpg","contentUrl":"https:\/\/www.organisator.ch\/wp-content\/uploads\/2023\/10\/Forum-Oe1_ps.jpg","width":680,"height":382,"caption":"Die Er\u00f6ffnungskeynote mit dem Titel \u201eNeue Wege oder alte Muster? Mutig in Richtung regenerative Wirtschaft.\u201c (Bild: Adelisa Salaji Kalajdzini)"},{"@type":"BreadcrumbList","@id":"https:\/\/www.organisator.ch\/sustainability\/2023-10-30\/forum-oe-2023-nachhaltige-entwicklung-als-kompass-fuer-die-zukunft\/#breadcrumb","itemListElement":[{"@type":"ListItem","position":1,"name":"Home","item":"https:\/\/www.organisator.ch\/"},{"@type":"ListItem","position":2,"name":"Forum \u00f6 2023: Nachhaltige Entwicklung als Kompass f\u00fcr die Zukunft"}]},{"@type":"WebSite","@id":"https:\/\/www.organisator.ch\/#website","url":"https:\/\/www.organisator.ch\/","name":"Organisator","description":"Kompetent. Praxisnah. Der ORGANISATOR bereitet in 10 Ausgaben pro Jahr die wesentlichen Themen f\u00fcr F\u00fchrungskr\u00e4fte von KMU auf.","publisher":{"@id":"https:\/\/www.organisator.ch\/#organization"},"potentialAction":[{"@type":"SearchAction","target":{"@type":"EntryPoint","urlTemplate":"https:\/\/www.organisator.ch\/?s={search_term_string}"},"query-input":{"@type":"PropertyValueSpecification","valueRequired":true,"valueName":"search_term_string"}}],"inLanguage":"de"},{"@type":"Organization","@id":"https:\/\/www.organisator.ch\/#organization","name":"Organisator","url":"https:\/\/www.organisator.ch\/","logo":{"@type":"ImageObject","inLanguage":"de","@id":"https:\/\/www.organisator.ch\/#\/schema\/logo\/image\/","url":"https:\/\/www.organisator.ch\/wp-content\/uploads\/2022\/01\/Logo_Organisator_Website.png","contentUrl":"https:\/\/www.organisator.ch\/wp-content\/uploads\/2022\/01\/Logo_Organisator_Website.png","width":800,"height":77,"caption":"Organisator"},"image":{"@id":"https:\/\/www.organisator.ch\/#\/schema\/logo\/image\/"},"sameAs":["https:\/\/www.facebook.com\/OrganisatorFachmagazin","https:\/\/www.linkedin.com\/showcase\/organisator-das-magazin-fr-kmu","https:\/\/www.xing.com\/news\/pages\/organisator-ch-695","https:\/\/www.youtube.com\/channel\/UCGP2Sq0iWaZwT3BdIAQFYpw"]},{"@type":"Person","@id":"https:\/\/www.organisator.ch\/#\/schema\/person\/2e1314a2172123f874db408d8911d3f3","name":"Adelisa Kalajdzini","image":{"@type":"ImageObject","inLanguage":"de","@id":"https:\/\/secure.gravatar.com\/avatar\/09a397c22ac58cad6f160ee8306348599df9df58a8ede73696226897b9fa4b24?s=96&d=mm&r=g","url":"https:\/\/secure.gravatar.com\/avatar\/09a397c22ac58cad6f160ee8306348599df9df58a8ede73696226897b9fa4b24?s=96&d=mm&r=g","contentUrl":"https:\/\/secure.gravatar.com\/avatar\/09a397c22ac58cad6f160ee8306348599df9df58a8ede73696226897b9fa4b24?s=96&d=mm&r=g","caption":"Adelisa Kalajdzini"},"url":"https:\/\/www.organisator.ch\/de\/author\/adelisa-kalajdzini\/"}]}},"_links":{"self":[{"href":"https:\/\/www.organisator.ch\/de\/wp-json\/wp\/v2\/posts\/22846","targetHints":{"allow":["GET"]}}],"collection":[{"href":"https:\/\/www.organisator.ch\/de\/wp-json\/wp\/v2\/posts"}],"about":[{"href":"https:\/\/www.organisator.ch\/de\/wp-json\/wp\/v2\/types\/post"}],"author":[{"embeddable":true,"href":"https:\/\/www.organisator.ch\/de\/wp-json\/wp\/v2\/users\/58"}],"replies":[{"embeddable":true,"href":"https:\/\/www.organisator.ch\/de\/wp-json\/wp\/v2\/comments?post=22846"}],"version-history":[{"count":14,"href":"https:\/\/www.organisator.ch\/de\/wp-json\/wp\/v2\/posts\/22846\/revisions"}],"predecessor-version":[{"id":23083,"href":"https:\/\/www.organisator.ch\/de\/wp-json\/wp\/v2\/posts\/22846\/revisions\/23083"}],"wp:featuredmedia":[{"embeddable":true,"href":"https:\/\/www.organisator.ch\/de\/wp-json\/wp\/v2\/media\/22847"}],"wp:attachment":[{"href":"https:\/\/www.organisator.ch\/de\/wp-json\/wp\/v2\/media?parent=22846"}],"wp:term":[{"taxonomy":"category","embeddable":true,"href":"https:\/\/www.organisator.ch\/de\/wp-json\/wp\/v2\/categories?post=22846"},{"taxonomy":"post_tag","embeddable":true,"href":"https:\/\/www.organisator.ch\/de\/wp-json\/wp\/v2\/tags?post=22846"}],"curies":[{"name":"wp","href":"https:\/\/api.w.org\/{rel}","templated":true}]}}