{"id":2285,"date":"2017-08-08T15:29:27","date_gmt":"2017-08-08T13:29:27","guid":{"rendered":"https:\/\/www.organisator.ch\/?p=2285"},"modified":"2017-08-08T15:29:27","modified_gmt":"2017-08-08T13:29:27","slug":"potenzielle-fuehrungskraefte-zu-finden-wird-schwieriger-als-die-suche-nach-fachkraeften","status":"publish","type":"post","link":"https:\/\/www.organisator.ch\/de\/human-resources\/hrm\/2017-08-08\/potenzielle-fuehrungskraefte-zu-finden-wird-schwieriger-als-die-suche-nach-fachkraeften\/","title":{"rendered":"Potenzielle F\u00fchrungskr\u00e4fte zu finden wird schwieriger als die Suche nach Fachkr\u00e4ften"},"content":{"rendered":"<figure id=\"attachment_2286\" aria-describedby=\"caption-attachment-2286\" style=\"width: 680px\" class=\"wp-caption alignnone\"><img loading=\"lazy\" decoding=\"async\" class=\"size-medium wp-image-2286\" src=\"https:\/\/www.organisator.ch\/wp-content\/uploads\/2017\/08\/Potenzielle-Fuehrungskraefte-zu-finden-wird-schwieriger-als-die-Suche-nach-Fachkraeften_Organisator.jpg\" alt=\"\" width=\"680\" height=\"535\" srcset=\"https:\/\/www.organisator.ch\/wp-content\/uploads\/2017\/08\/Potenzielle-Fuehrungskraefte-zu-finden-wird-schwieriger-als-die-Suche-nach-Fachkraeften_Organisator.jpg 976w, https:\/\/www.organisator.ch\/wp-content\/uploads\/2017\/08\/Potenzielle-Fuehrungskraefte-zu-finden-wird-schwieriger-als-die-Suche-nach-Fachkraeften_Organisator-680x535.jpg 680w, https:\/\/www.organisator.ch\/wp-content\/uploads\/2017\/08\/Potenzielle-Fuehrungskraefte-zu-finden-wird-schwieriger-als-die-Suche-nach-Fachkraeften_Organisator-768x604.jpg 768w, https:\/\/www.organisator.ch\/wp-content\/uploads\/2017\/08\/Potenzielle-Fuehrungskraefte-zu-finden-wird-schwieriger-als-die-Suche-nach-Fachkraeften_Organisator-16x12.jpg 16w, https:\/\/www.organisator.ch\/wp-content\/uploads\/2017\/08\/Potenzielle-Fuehrungskraefte-zu-finden-wird-schwieriger-als-die-Suche-nach-Fachkraeften_Organisator-222x175.jpg 222w, https:\/\/www.organisator.ch\/wp-content\/uploads\/2017\/08\/Potenzielle-Fuehrungskraefte-zu-finden-wird-schwieriger-als-die-Suche-nach-Fachkraeften_Organisator-445x350.jpg 445w, https:\/\/www.organisator.ch\/wp-content\/uploads\/2017\/08\/Potenzielle-Fuehrungskraefte-zu-finden-wird-schwieriger-als-die-Suche-nach-Fachkraeften_Organisator-920x724.jpg 920w, https:\/\/www.organisator.ch\/wp-content\/uploads\/2017\/08\/Potenzielle-Fuehrungskraefte-zu-finden-wird-schwieriger-als-die-Suche-nach-Fachkraeften_Organisator-300x236.jpg 300w\" sizes=\"auto, (max-width: 680px) 100vw, 680px\" \/><figcaption id=\"caption-attachment-2286\" class=\"wp-caption-text\">Die Schwierigkeiten, junge F\u00fchrungskr\u00e4fte zu finden, werden immer gr\u00f6sser. (Bild: Fotolia.com)<\/figcaption><\/figure>\n<p>Haben bis heute viele Unternehmen einen Mangel an Fachkr\u00e4ften angemeldet, droht die n\u00e4chste Knappheit vor allem beim F\u00fchrungskr\u00e4fte-Nachwuchs. Der Hintergrund ist dabei regional unterschiedlich. Ebenso muss dies der Umgang mit dieser Problematik sein. Das hat eine weltweite Befragung von Korn Ferry Futurestep ergeben.<\/p>\n<p><strong>F\u00fchrungsnachwuchs droht zu versiegen<\/strong><\/p>\n<p>Vor allem im s\u00fcdamerikanischen und asiatischen Raum seien in den vergangenen Jahren junge Menschen sehr schnell zur F\u00fchrungskr\u00e4ften der unteren bis mittleren Ebene bef\u00f6rdert worden, denen es heute teilweise an den notwendigen Erfahrungen und Kompetenzen fehlt, um den n\u00e4chsten Schritt in die h\u00f6here Ebene als Abteilungs- oder Bereichsleiter zu gehen, stellt Jan M\u00fcller, verantwortlich f\u00fcr das Gesch\u00e4ft von Korn Ferry Futurestep in EMEA. &#8222;Insbesondere sind sie nicht ausreichend in der F\u00fchrung von Mitarbeiterinnen und Mitarbeitern geschult worden. Hier herrscht gro\u00dfer Nachholbedarf.\u201c<\/p>\n<p>Mit 27 Prozent haben auch europ\u00e4ische HR-Chefs den Mangel an F\u00fchrungstalenten zur gr\u00f6\u00dften Herausforderung f\u00fcr ihr Unternehmen erkl\u00e4rt. Jan M\u00fcller sagt: \u201eInsbesondere in Deutschland sind die erste und zweite Ebene mit sehr kompetenten F\u00fchrungskr\u00e4ften besetzt, vielfach existieren f\u00fcr Top-Positionen auch schon Nachfolger. Schwieriger wird es gerade, diese Nachfolge-Pipeline zu f\u00fcllen, da immer weniger Kandidaten nachkommen. Umso wichtiger ist es f\u00fcr Unternehmen, gerade die Potenziale junger Mitarbeiter aufzudecken und sie gezielt in die mittlere F\u00fchrungsebene zu entwickeln \u2013 und langfristig zu halten. Sonst droht in einigen Jahren nicht ausreichend F\u00fchrungsnachwuchs zur Verf\u00fcgung zu stehen.\u201c \u00c4hnlich d\u00fcrfte es in der Schweiz zugehen, wo ebenfalls bestimmte Branchen, etwa die Bauindustrie, schon jetzt den mangelnden\u00a0F\u00fchrungskr\u00e4fte-Nachwuchs beklagen. Der Grund wird da allerdings im nach wie vor\u00a0im zu geringen\u00a0Interesse von Schulabg\u00e4ngern an Bauberufen gesehen.<\/p>\n<p><strong>Alle Branchen k\u00e4mpfen um die gleichen Top-Talente<\/strong><\/p>\n<p>W\u00e4hrend es f\u00fcr IT-Profis fr\u00fcher der Ritterschlag war, bei einem f\u00fchrenden Software-Konzern zu arbeiten, f\u00fcr Betriebswirte als Investment-Banker oder Unternehmensberater und f\u00fcr Ingenieure in der Industrie, l\u00e4sst sich eine solche Branchen-Aufteilung heute so nicht mehr treffen. \u201eAlle k\u00e4mpfen um die gleichen Talente\u201c, sagt Jan M\u00fcller. \u201eDazu z\u00e4hlen nicht nur Spezialisten wie Data Scientists oder Cyber-Security-Spezialisten, sondern auch die besten Ingenieure, Kaufleute oder Vertriebsspezialisten.\u201c Und so haben in der gleichen Studie 22 Prozent der befragten HR-F\u00fchrungskr\u00e4fte in Europa angegeben, dass sie vor allem Vertriebsspezialisten mit technischem Background suchen \u2013 und diese damit die meist gefragtesten Kandidaten auf dem Arbeitsmarkt sind.<\/p>\n<p>\u201eUnternehmen gehen darum heute immer gr\u00f6\u00dfere Wagnisse dabei ein, ihren Markenkern und damit ihre Kultur radikal zu ver\u00e4ndern\u201c, sagt Jan M\u00fcller. \u201eAutomobilhersteller setzen auf Schwarm, Jeans und Dienstleistung, Unternehmensberatungen mutieren immer st\u00e4rker zu Digitalisierungsspezialisten und IT-Konzerne stellen klassische Maschinenbauingenieure ein. Das hat es in der Auspr\u00e4gung vor f\u00fcnf Jahren noch nicht gegeben \u2013 und das ist heute ein Wettbewerb, der immer globaler wird.\u201c<\/p>\n<p><strong>Verweildauer von Talenten wird zu wesentlichem Kriterium f\u00fcr HR-Erfolg<\/strong><\/p>\n<p>Umso wichtiger wird es, einmal eingestellte Talente auch langfristig zu halten und zu entwickeln. Zwar ist die Geschwindigkeit, in der eine Vakanz besetzt werden kann, noch immer das wichtigste Erfolgskriterium f\u00fcr Rekrutierer. Das sagen 63 Prozent der Befragten in Europa. Danach aber folgt schon die Verweildauer der Talente (51 Prozent) sowie der Erfolg der jeweiligen Kandidaten in ihrem Job nach 18 Monaten (42 Prozent).<\/p>\n<p>\u201eWas n\u00fctzt eine schnelle Besetzung, die aber dann genauso schnell wieder weg ist\u201c, sagt Jan M\u00fcller. \u201eHR-Chefs m\u00fcssen pr\u00fcfen, ob ihre Zielsysteme richtig kalibriert sind: Das Rekrutieren neuer Mitarbeiter ist ein Prozess, der durch direkte und indirekte Kosten sehr teuer werden kann. Dementsprechend muss es im Interesse der Unternehmen liegen, die aufw\u00e4ndig angeheuerten Mitarbeiter nachhaltig an sich zu binden. Dazu bedarf es individueller Programme und eines langfristigen Entwicklungs- und Optionskorridors, der jungen Menschen die Gelegenheit gibt, stetig neues zu lernen und sich immer wieder neu erfinden zu d\u00fcrfen.\u00a0Und das im gleichen Unternehmen.\u201c<\/p>\n<p><em>Die Studie ist im Internet einzusehen unter:<\/em><\/p>\n<p><a href=\"http:\/\/www.kornferry.com\/the-talent-forecast\/the-talent-forecast\">http:\/\/www.kornferry.com\/the-talent-forecast\/the-talent-forecast<\/a><\/p>\n","protected":false},"excerpt":{"rendered":"<p>Haben bis heute viele Unternehmen einen Mangel an Fachkr\u00e4ften angemeldet, droht die n\u00e4chste Knappheit vor allem beim F\u00fchrungskr\u00e4fte-Nachwuchs. Der Hintergrund ist dabei regional unterschiedlich. Ebenso muss dies der Umgang mit dieser Problematik sein. Das hat eine weltweite Befragung von Korn Ferry Futurestep ergeben. F\u00fchrungsnachwuchs droht zu versiegen Vor allem im s\u00fcdamerikanischen und asiatischen Raum seien [&hellip;]<\/p>\n","protected":false},"author":4,"featured_media":2286,"comment_status":"open","ping_status":"open","sticky":false,"template":"","format":"standard","meta":{"_acf_changed":false,"_yoast_wpseo_focuskw":"F\u00fchrungskr\u00e4fte","_yoast_wpseo_metadesc":"In einer weltweiten Befragung von HR-F\u00fchrungskr\u00e4ften gaben 30 Prozent an, dass der gr\u00f6\u00dfte Engpass an Talenten bei potenziellen F\u00fchrungskr\u00e4ften bestehe.","articlekey":"","footnotes":""},"categories":[26],"tags":[194,254,334,470],"class_list":["post-2285","post","type-post","status-publish","format-standard","has-post-thumbnail","hentry","category-hrm","tag-fachkraeftemangel","tag-hrm","tag-management","tag-talent-management"],"acf":[],"yoast_head":"<!-- This site is optimized with the Yoast SEO plugin v27.4 - https:\/\/yoast.com\/product\/yoast-seo-wordpress\/ -->\n<title>Potenzielle F\u00fchrungskr\u00e4fte zu finden wird schwieriger als die Suche nach Fachkr\u00e4ften - Organisator<\/title>\n<meta name=\"description\" content=\"In einer weltweiten Befragung von HR-F\u00fchrungskr\u00e4ften gaben 30 Prozent an, dass der gr\u00f6\u00dfte Engpass an Talenten bei potenziellen F\u00fchrungskr\u00e4ften bestehe.\" \/>\n<meta name=\"robots\" content=\"index, follow, max-snippet:-1, max-image-preview:large, max-video-preview:-1\" \/>\n<link rel=\"canonical\" href=\"https:\/\/www.organisator.ch\/de\/human-resources\/hrm\/2017-08-08\/potenzielle-fuehrungskraefte-zu-finden-wird-schwieriger-als-die-suche-nach-fachkraeften\/\" \/>\n<meta property=\"og:locale\" content=\"de_DE\" \/>\n<meta property=\"og:type\" content=\"article\" \/>\n<meta property=\"og:title\" content=\"Potenzielle F\u00fchrungskr\u00e4fte zu finden wird schwieriger als die Suche nach Fachkr\u00e4ften\" \/>\n<meta property=\"og:description\" content=\"Aus Fach- wird #F\u00fchrungskr\u00e4ftemangel: In einer weltweiten Befragung von mehr als 1.100 HR-F\u00fchrungskr\u00e4ften haben 30 Prozent angegeben, dass der gr\u00f6\u00dfte Engpass an Talenten bei potenziellen F\u00fchrungskr\u00e4ften bestehe.\" \/>\n<meta property=\"og:url\" content=\"https:\/\/www.organisator.ch\/de\/human-resources\/hrm\/2017-08-08\/potenzielle-fuehrungskraefte-zu-finden-wird-schwieriger-als-die-suche-nach-fachkraeften\/\" \/>\n<meta property=\"og:site_name\" content=\"Organisator\" \/>\n<meta property=\"article:publisher\" content=\"https:\/\/www.facebook.com\/OrganisatorFachmagazin\" \/>\n<meta property=\"article:published_time\" content=\"2017-08-08T13:29:27+00:00\" \/>\n<meta property=\"og:image\" content=\"https:\/\/www.organisator.ch\/wp-content\/uploads\/2017\/08\/Potenzielle-Fuehrungskraefte-zu-finden-wird-schwieriger-als-die-Suche-nach-Fachkraeften_Organisator.jpg\" \/>\n\t<meta property=\"og:image:width\" content=\"976\" \/>\n\t<meta property=\"og:image:height\" content=\"768\" \/>\n\t<meta property=\"og:image:type\" content=\"image\/jpeg\" \/>\n<meta name=\"author\" content=\"thomas.berner\" \/>\n<meta name=\"twitter:card\" content=\"summary_large_image\" \/>\n<meta name=\"twitter:title\" content=\"Potenzielle #F\u00fchrungskr\u00e4fte zu finden wird schwieriger als die Suche nach Fachkr\u00e4ften\" \/>\n<meta name=\"twitter:description\" content=\"Aus Fach- wird #F\u00fchrungskr\u00e4ftemangel: In einer weltweiten Befragung von mehr als 1.100 HR-F\u00fchrungskr\u00e4ften haben 30 Prozent angegeben, dass der gr\u00f6\u00dfte Engpass an Talenten bei potenziellen F\u00fchrungskr\u00e4ften bestehe.\" \/>\n<meta name=\"twitter:image\" content=\"https:\/\/www.organisator.ch\/wp-content\/uploads\/2017\/08\/Potenzielle-F\u00fchrungskr\u00e4fte-zu-finden-wird-schwieriger-als-die-Suche-nach-Fachkr\u00e4ften_Organisator.jpg\" \/>\n<script type=\"application\/ld+json\" class=\"yoast-schema-graph\">{\"@context\":\"https:\\\/\\\/schema.org\",\"@graph\":[{\"@type\":\"Article\",\"@id\":\"https:\\\/\\\/www.organisator.ch\\\/human-resources\\\/hrm\\\/2017-08-08\\\/potenzielle-fuehrungskraefte-zu-finden-wird-schwieriger-als-die-suche-nach-fachkraeften\\\/#article\",\"isPartOf\":{\"@id\":\"https:\\\/\\\/www.organisator.ch\\\/human-resources\\\/hrm\\\/2017-08-08\\\/potenzielle-fuehrungskraefte-zu-finden-wird-schwieriger-als-die-suche-nach-fachkraeften\\\/\"},\"author\":{\"name\":\"thomas.berner\",\"@id\":\"https:\\\/\\\/www.organisator.ch\\\/#\\\/schema\\\/person\\\/6f650f90b2842cd4c0cc334b4e36f67e\"},\"headline\":\"Potenzielle F\u00fchrungskr\u00e4fte zu finden wird schwieriger als die Suche nach Fachkr\u00e4ften\",\"datePublished\":\"2017-08-08T13:29:27+00:00\",\"mainEntityOfPage\":{\"@id\":\"https:\\\/\\\/www.organisator.ch\\\/human-resources\\\/hrm\\\/2017-08-08\\\/potenzielle-fuehrungskraefte-zu-finden-wird-schwieriger-als-die-suche-nach-fachkraeften\\\/\"},\"wordCount\":695,\"commentCount\":0,\"publisher\":{\"@id\":\"https:\\\/\\\/www.organisator.ch\\\/#organization\"},\"image\":{\"@id\":\"https:\\\/\\\/www.organisator.ch\\\/human-resources\\\/hrm\\\/2017-08-08\\\/potenzielle-fuehrungskraefte-zu-finden-wird-schwieriger-als-die-suche-nach-fachkraeften\\\/#primaryimage\"},\"thumbnailUrl\":\"https:\\\/\\\/www.organisator.ch\\\/wp-content\\\/uploads\\\/2017\\\/08\\\/Potenzielle-Fuehrungskraefte-zu-finden-wird-schwieriger-als-die-Suche-nach-Fachkraeften_Organisator.jpg\",\"keywords\":[\"Fachkr\u00e4ftemangel\",\"HRM\",\"Management\",\"Talent Management\"],\"articleSection\":[\"HRM\"],\"inLanguage\":\"de\"},{\"@type\":\"WebPage\",\"@id\":\"https:\\\/\\\/www.organisator.ch\\\/human-resources\\\/hrm\\\/2017-08-08\\\/potenzielle-fuehrungskraefte-zu-finden-wird-schwieriger-als-die-suche-nach-fachkraeften\\\/\",\"url\":\"https:\\\/\\\/www.organisator.ch\\\/human-resources\\\/hrm\\\/2017-08-08\\\/potenzielle-fuehrungskraefte-zu-finden-wird-schwieriger-als-die-suche-nach-fachkraeften\\\/\",\"name\":\"Potenzielle F\u00fchrungskr\u00e4fte zu finden wird schwieriger als die Suche nach Fachkr\u00e4ften - Organisator\",\"isPartOf\":{\"@id\":\"https:\\\/\\\/www.organisator.ch\\\/#website\"},\"primaryImageOfPage\":{\"@id\":\"https:\\\/\\\/www.organisator.ch\\\/human-resources\\\/hrm\\\/2017-08-08\\\/potenzielle-fuehrungskraefte-zu-finden-wird-schwieriger-als-die-suche-nach-fachkraeften\\\/#primaryimage\"},\"image\":{\"@id\":\"https:\\\/\\\/www.organisator.ch\\\/human-resources\\\/hrm\\\/2017-08-08\\\/potenzielle-fuehrungskraefte-zu-finden-wird-schwieriger-als-die-suche-nach-fachkraeften\\\/#primaryimage\"},\"thumbnailUrl\":\"https:\\\/\\\/www.organisator.ch\\\/wp-content\\\/uploads\\\/2017\\\/08\\\/Potenzielle-Fuehrungskraefte-zu-finden-wird-schwieriger-als-die-Suche-nach-Fachkraeften_Organisator.jpg\",\"datePublished\":\"2017-08-08T13:29:27+00:00\",\"description\":\"In einer weltweiten Befragung von HR-F\u00fchrungskr\u00e4ften gaben 30 Prozent an, dass der gr\u00f6\u00dfte Engpass an Talenten bei potenziellen F\u00fchrungskr\u00e4ften bestehe.\",\"breadcrumb\":{\"@id\":\"https:\\\/\\\/www.organisator.ch\\\/human-resources\\\/hrm\\\/2017-08-08\\\/potenzielle-fuehrungskraefte-zu-finden-wird-schwieriger-als-die-suche-nach-fachkraeften\\\/#breadcrumb\"},\"inLanguage\":\"de\",\"potentialAction\":[{\"@type\":\"ReadAction\",\"target\":[\"https:\\\/\\\/www.organisator.ch\\\/human-resources\\\/hrm\\\/2017-08-08\\\/potenzielle-fuehrungskraefte-zu-finden-wird-schwieriger-als-die-suche-nach-fachkraeften\\\/\"]}]},{\"@type\":\"ImageObject\",\"inLanguage\":\"de\",\"@id\":\"https:\\\/\\\/www.organisator.ch\\\/human-resources\\\/hrm\\\/2017-08-08\\\/potenzielle-fuehrungskraefte-zu-finden-wird-schwieriger-als-die-suche-nach-fachkraeften\\\/#primaryimage\",\"url\":\"https:\\\/\\\/www.organisator.ch\\\/wp-content\\\/uploads\\\/2017\\\/08\\\/Potenzielle-Fuehrungskraefte-zu-finden-wird-schwieriger-als-die-Suche-nach-Fachkraeften_Organisator.jpg\",\"contentUrl\":\"https:\\\/\\\/www.organisator.ch\\\/wp-content\\\/uploads\\\/2017\\\/08\\\/Potenzielle-Fuehrungskraefte-zu-finden-wird-schwieriger-als-die-Suche-nach-Fachkraeften_Organisator.jpg\",\"width\":976,\"height\":768,\"caption\":\"Die Schwierigkeiten, junge F\u00fchrungskr\u00e4fte zu finden, werden immer gr\u00f6sser. (Bild: Fotolia.com)\"},{\"@type\":\"BreadcrumbList\",\"@id\":\"https:\\\/\\\/www.organisator.ch\\\/human-resources\\\/hrm\\\/2017-08-08\\\/potenzielle-fuehrungskraefte-zu-finden-wird-schwieriger-als-die-suche-nach-fachkraeften\\\/#breadcrumb\",\"itemListElement\":[{\"@type\":\"ListItem\",\"position\":1,\"name\":\"Home\",\"item\":\"https:\\\/\\\/www.organisator.ch\\\/\"},{\"@type\":\"ListItem\",\"position\":2,\"name\":\"Potenzielle F\u00fchrungskr\u00e4fte zu finden wird schwieriger als die Suche nach Fachkr\u00e4ften\"}]},{\"@type\":\"WebSite\",\"@id\":\"https:\\\/\\\/www.organisator.ch\\\/#website\",\"url\":\"https:\\\/\\\/www.organisator.ch\\\/\",\"name\":\"Organisator\",\"description\":\"Kompetent. Praxisnah. Der ORGANISATOR bereitet in 10 Ausgaben pro Jahr die wesentlichen Themen f\u00fcr F\u00fchrungskr\u00e4fte von KMU auf.\",\"publisher\":{\"@id\":\"https:\\\/\\\/www.organisator.ch\\\/#organization\"},\"potentialAction\":[{\"@type\":\"SearchAction\",\"target\":{\"@type\":\"EntryPoint\",\"urlTemplate\":\"https:\\\/\\\/www.organisator.ch\\\/?s={search_term_string}\"},\"query-input\":{\"@type\":\"PropertyValueSpecification\",\"valueRequired\":true,\"valueName\":\"search_term_string\"}}],\"inLanguage\":\"de\"},{\"@type\":\"Organization\",\"@id\":\"https:\\\/\\\/www.organisator.ch\\\/#organization\",\"name\":\"Organisator\",\"url\":\"https:\\\/\\\/www.organisator.ch\\\/\",\"logo\":{\"@type\":\"ImageObject\",\"inLanguage\":\"de\",\"@id\":\"https:\\\/\\\/www.organisator.ch\\\/#\\\/schema\\\/logo\\\/image\\\/\",\"url\":\"https:\\\/\\\/www.organisator.ch\\\/wp-content\\\/uploads\\\/2022\\\/01\\\/Logo_Organisator_Website.png\",\"contentUrl\":\"https:\\\/\\\/www.organisator.ch\\\/wp-content\\\/uploads\\\/2022\\\/01\\\/Logo_Organisator_Website.png\",\"width\":800,\"height\":77,\"caption\":\"Organisator\"},\"image\":{\"@id\":\"https:\\\/\\\/www.organisator.ch\\\/#\\\/schema\\\/logo\\\/image\\\/\"},\"sameAs\":[\"https:\\\/\\\/www.facebook.com\\\/OrganisatorFachmagazin\",\"https:\\\/\\\/www.linkedin.com\\\/showcase\\\/organisator-das-magazin-fr-kmu\",\"https:\\\/\\\/www.xing.com\\\/news\\\/pages\\\/organisator-ch-695\",\"https:\\\/\\\/www.youtube.com\\\/channel\\\/UCGP2Sq0iWaZwT3BdIAQFYpw\"]},{\"@type\":\"Person\",\"@id\":\"https:\\\/\\\/www.organisator.ch\\\/#\\\/schema\\\/person\\\/6f650f90b2842cd4c0cc334b4e36f67e\",\"name\":\"thomas.berner\",\"image\":{\"@type\":\"ImageObject\",\"inLanguage\":\"de\",\"@id\":\"https:\\\/\\\/secure.gravatar.com\\\/avatar\\\/ac5001d2a36cb6c6cd3e50789007ffca834b477b74a2144564522e944eabff61?s=96&d=mm&r=g\",\"url\":\"https:\\\/\\\/secure.gravatar.com\\\/avatar\\\/ac5001d2a36cb6c6cd3e50789007ffca834b477b74a2144564522e944eabff61?s=96&d=mm&r=g\",\"contentUrl\":\"https:\\\/\\\/secure.gravatar.com\\\/avatar\\\/ac5001d2a36cb6c6cd3e50789007ffca834b477b74a2144564522e944eabff61?s=96&d=mm&r=g\",\"caption\":\"thomas.berner\"},\"url\":\"https:\\\/\\\/www.organisator.ch\\\/de\\\/author\\\/thomas-berner\\\/\"}]}<\/script>\n<!-- \/ Yoast SEO plugin. -->","yoast_head_json":{"title":"Potenzielle F\u00fchrungskr\u00e4fte zu finden wird schwieriger als die Suche nach Fachkr\u00e4ften - Organisator","description":"In einer weltweiten Befragung von HR-F\u00fchrungskr\u00e4ften gaben 30 Prozent an, dass der gr\u00f6\u00dfte Engpass an Talenten bei potenziellen F\u00fchrungskr\u00e4ften bestehe.","robots":{"index":"index","follow":"follow","max-snippet":"max-snippet:-1","max-image-preview":"max-image-preview:large","max-video-preview":"max-video-preview:-1"},"canonical":"https:\/\/www.organisator.ch\/de\/human-resources\/hrm\/2017-08-08\/potenzielle-fuehrungskraefte-zu-finden-wird-schwieriger-als-die-suche-nach-fachkraeften\/","og_locale":"de_DE","og_type":"article","og_title":"Potenzielle F\u00fchrungskr\u00e4fte zu finden wird schwieriger als die Suche nach Fachkr\u00e4ften","og_description":"Aus Fach- wird #F\u00fchrungskr\u00e4ftemangel: In einer weltweiten Befragung von mehr als 1.100 HR-F\u00fchrungskr\u00e4ften haben 30 Prozent angegeben, dass der gr\u00f6\u00dfte Engpass an Talenten bei potenziellen F\u00fchrungskr\u00e4ften bestehe.","og_url":"https:\/\/www.organisator.ch\/de\/human-resources\/hrm\/2017-08-08\/potenzielle-fuehrungskraefte-zu-finden-wird-schwieriger-als-die-suche-nach-fachkraeften\/","og_site_name":"Organisator","article_publisher":"https:\/\/www.facebook.com\/OrganisatorFachmagazin","article_published_time":"2017-08-08T13:29:27+00:00","og_image":[{"width":976,"height":768,"url":"https:\/\/www.organisator.ch\/wp-content\/uploads\/2017\/08\/Potenzielle-Fuehrungskraefte-zu-finden-wird-schwieriger-als-die-Suche-nach-Fachkraeften_Organisator.jpg","type":"image\/jpeg"}],"author":"thomas.berner","twitter_card":"summary_large_image","twitter_title":"Potenzielle #F\u00fchrungskr\u00e4fte zu finden wird schwieriger als die Suche nach Fachkr\u00e4ften","twitter_description":"Aus Fach- wird #F\u00fchrungskr\u00e4ftemangel: In einer weltweiten Befragung von mehr als 1.100 HR-F\u00fchrungskr\u00e4ften haben 30 Prozent angegeben, dass der gr\u00f6\u00dfte Engpass an Talenten bei potenziellen F\u00fchrungskr\u00e4ften bestehe.","twitter_image":"https:\/\/www.organisator.ch\/wp-content\/uploads\/2017\/08\/Potenzielle-F\u00fchrungskr\u00e4fte-zu-finden-wird-schwieriger-als-die-Suche-nach-Fachkr\u00e4ften_Organisator.jpg","schema":{"@context":"https:\/\/schema.org","@graph":[{"@type":"Article","@id":"https:\/\/www.organisator.ch\/human-resources\/hrm\/2017-08-08\/potenzielle-fuehrungskraefte-zu-finden-wird-schwieriger-als-die-suche-nach-fachkraeften\/#article","isPartOf":{"@id":"https:\/\/www.organisator.ch\/human-resources\/hrm\/2017-08-08\/potenzielle-fuehrungskraefte-zu-finden-wird-schwieriger-als-die-suche-nach-fachkraeften\/"},"author":{"name":"thomas.berner","@id":"https:\/\/www.organisator.ch\/#\/schema\/person\/6f650f90b2842cd4c0cc334b4e36f67e"},"headline":"Potenzielle F\u00fchrungskr\u00e4fte zu finden wird schwieriger als die Suche nach Fachkr\u00e4ften","datePublished":"2017-08-08T13:29:27+00:00","mainEntityOfPage":{"@id":"https:\/\/www.organisator.ch\/human-resources\/hrm\/2017-08-08\/potenzielle-fuehrungskraefte-zu-finden-wird-schwieriger-als-die-suche-nach-fachkraeften\/"},"wordCount":695,"commentCount":0,"publisher":{"@id":"https:\/\/www.organisator.ch\/#organization"},"image":{"@id":"https:\/\/www.organisator.ch\/human-resources\/hrm\/2017-08-08\/potenzielle-fuehrungskraefte-zu-finden-wird-schwieriger-als-die-suche-nach-fachkraeften\/#primaryimage"},"thumbnailUrl":"https:\/\/www.organisator.ch\/wp-content\/uploads\/2017\/08\/Potenzielle-Fuehrungskraefte-zu-finden-wird-schwieriger-als-die-Suche-nach-Fachkraeften_Organisator.jpg","keywords":["Fachkr\u00e4ftemangel","HRM","Management","Talent Management"],"articleSection":["HRM"],"inLanguage":"de"},{"@type":"WebPage","@id":"https:\/\/www.organisator.ch\/human-resources\/hrm\/2017-08-08\/potenzielle-fuehrungskraefte-zu-finden-wird-schwieriger-als-die-suche-nach-fachkraeften\/","url":"https:\/\/www.organisator.ch\/human-resources\/hrm\/2017-08-08\/potenzielle-fuehrungskraefte-zu-finden-wird-schwieriger-als-die-suche-nach-fachkraeften\/","name":"Potenzielle F\u00fchrungskr\u00e4fte zu finden wird schwieriger als die Suche nach Fachkr\u00e4ften - Organisator","isPartOf":{"@id":"https:\/\/www.organisator.ch\/#website"},"primaryImageOfPage":{"@id":"https:\/\/www.organisator.ch\/human-resources\/hrm\/2017-08-08\/potenzielle-fuehrungskraefte-zu-finden-wird-schwieriger-als-die-suche-nach-fachkraeften\/#primaryimage"},"image":{"@id":"https:\/\/www.organisator.ch\/human-resources\/hrm\/2017-08-08\/potenzielle-fuehrungskraefte-zu-finden-wird-schwieriger-als-die-suche-nach-fachkraeften\/#primaryimage"},"thumbnailUrl":"https:\/\/www.organisator.ch\/wp-content\/uploads\/2017\/08\/Potenzielle-Fuehrungskraefte-zu-finden-wird-schwieriger-als-die-Suche-nach-Fachkraeften_Organisator.jpg","datePublished":"2017-08-08T13:29:27+00:00","description":"In einer weltweiten Befragung von HR-F\u00fchrungskr\u00e4ften gaben 30 Prozent an, dass der gr\u00f6\u00dfte Engpass an Talenten bei potenziellen F\u00fchrungskr\u00e4ften bestehe.","breadcrumb":{"@id":"https:\/\/www.organisator.ch\/human-resources\/hrm\/2017-08-08\/potenzielle-fuehrungskraefte-zu-finden-wird-schwieriger-als-die-suche-nach-fachkraeften\/#breadcrumb"},"inLanguage":"de","potentialAction":[{"@type":"ReadAction","target":["https:\/\/www.organisator.ch\/human-resources\/hrm\/2017-08-08\/potenzielle-fuehrungskraefte-zu-finden-wird-schwieriger-als-die-suche-nach-fachkraeften\/"]}]},{"@type":"ImageObject","inLanguage":"de","@id":"https:\/\/www.organisator.ch\/human-resources\/hrm\/2017-08-08\/potenzielle-fuehrungskraefte-zu-finden-wird-schwieriger-als-die-suche-nach-fachkraeften\/#primaryimage","url":"https:\/\/www.organisator.ch\/wp-content\/uploads\/2017\/08\/Potenzielle-Fuehrungskraefte-zu-finden-wird-schwieriger-als-die-Suche-nach-Fachkraeften_Organisator.jpg","contentUrl":"https:\/\/www.organisator.ch\/wp-content\/uploads\/2017\/08\/Potenzielle-Fuehrungskraefte-zu-finden-wird-schwieriger-als-die-Suche-nach-Fachkraeften_Organisator.jpg","width":976,"height":768,"caption":"Die Schwierigkeiten, junge F\u00fchrungskr\u00e4fte zu finden, werden immer gr\u00f6sser. (Bild: Fotolia.com)"},{"@type":"BreadcrumbList","@id":"https:\/\/www.organisator.ch\/human-resources\/hrm\/2017-08-08\/potenzielle-fuehrungskraefte-zu-finden-wird-schwieriger-als-die-suche-nach-fachkraeften\/#breadcrumb","itemListElement":[{"@type":"ListItem","position":1,"name":"Home","item":"https:\/\/www.organisator.ch\/"},{"@type":"ListItem","position":2,"name":"Potenzielle F\u00fchrungskr\u00e4fte zu finden wird schwieriger als die Suche nach Fachkr\u00e4ften"}]},{"@type":"WebSite","@id":"https:\/\/www.organisator.ch\/#website","url":"https:\/\/www.organisator.ch\/","name":"Organisator","description":"Kompetent. Praxisnah. Der ORGANISATOR bereitet in 10 Ausgaben pro Jahr die wesentlichen Themen f\u00fcr F\u00fchrungskr\u00e4fte von KMU auf.","publisher":{"@id":"https:\/\/www.organisator.ch\/#organization"},"potentialAction":[{"@type":"SearchAction","target":{"@type":"EntryPoint","urlTemplate":"https:\/\/www.organisator.ch\/?s={search_term_string}"},"query-input":{"@type":"PropertyValueSpecification","valueRequired":true,"valueName":"search_term_string"}}],"inLanguage":"de"},{"@type":"Organization","@id":"https:\/\/www.organisator.ch\/#organization","name":"Organisator","url":"https:\/\/www.organisator.ch\/","logo":{"@type":"ImageObject","inLanguage":"de","@id":"https:\/\/www.organisator.ch\/#\/schema\/logo\/image\/","url":"https:\/\/www.organisator.ch\/wp-content\/uploads\/2022\/01\/Logo_Organisator_Website.png","contentUrl":"https:\/\/www.organisator.ch\/wp-content\/uploads\/2022\/01\/Logo_Organisator_Website.png","width":800,"height":77,"caption":"Organisator"},"image":{"@id":"https:\/\/www.organisator.ch\/#\/schema\/logo\/image\/"},"sameAs":["https:\/\/www.facebook.com\/OrganisatorFachmagazin","https:\/\/www.linkedin.com\/showcase\/organisator-das-magazin-fr-kmu","https:\/\/www.xing.com\/news\/pages\/organisator-ch-695","https:\/\/www.youtube.com\/channel\/UCGP2Sq0iWaZwT3BdIAQFYpw"]},{"@type":"Person","@id":"https:\/\/www.organisator.ch\/#\/schema\/person\/6f650f90b2842cd4c0cc334b4e36f67e","name":"thomas.berner","image":{"@type":"ImageObject","inLanguage":"de","@id":"https:\/\/secure.gravatar.com\/avatar\/ac5001d2a36cb6c6cd3e50789007ffca834b477b74a2144564522e944eabff61?s=96&d=mm&r=g","url":"https:\/\/secure.gravatar.com\/avatar\/ac5001d2a36cb6c6cd3e50789007ffca834b477b74a2144564522e944eabff61?s=96&d=mm&r=g","contentUrl":"https:\/\/secure.gravatar.com\/avatar\/ac5001d2a36cb6c6cd3e50789007ffca834b477b74a2144564522e944eabff61?s=96&d=mm&r=g","caption":"thomas.berner"},"url":"https:\/\/www.organisator.ch\/de\/author\/thomas-berner\/"}]}},"_links":{"self":[{"href":"https:\/\/www.organisator.ch\/de\/wp-json\/wp\/v2\/posts\/2285","targetHints":{"allow":["GET"]}}],"collection":[{"href":"https:\/\/www.organisator.ch\/de\/wp-json\/wp\/v2\/posts"}],"about":[{"href":"https:\/\/www.organisator.ch\/de\/wp-json\/wp\/v2\/types\/post"}],"author":[{"embeddable":true,"href":"https:\/\/www.organisator.ch\/de\/wp-json\/wp\/v2\/users\/4"}],"replies":[{"embeddable":true,"href":"https:\/\/www.organisator.ch\/de\/wp-json\/wp\/v2\/comments?post=2285"}],"version-history":[{"count":0,"href":"https:\/\/www.organisator.ch\/de\/wp-json\/wp\/v2\/posts\/2285\/revisions"}],"wp:featuredmedia":[{"embeddable":true,"href":"https:\/\/www.organisator.ch\/de\/wp-json\/wp\/v2\/media\/2286"}],"wp:attachment":[{"href":"https:\/\/www.organisator.ch\/de\/wp-json\/wp\/v2\/media?parent=2285"}],"wp:term":[{"taxonomy":"category","embeddable":true,"href":"https:\/\/www.organisator.ch\/de\/wp-json\/wp\/v2\/categories?post=2285"},{"taxonomy":"post_tag","embeddable":true,"href":"https:\/\/www.organisator.ch\/de\/wp-json\/wp\/v2\/tags?post=2285"}],"curies":[{"name":"wp","href":"https:\/\/api.w.org\/{rel}","templated":true}]}}