{"id":22866,"date":"2023-10-31T14:25:26","date_gmt":"2023-10-31T13:25:26","guid":{"rendered":"https:\/\/www.organisator.ch\/?p=22866"},"modified":"2023-10-31T11:23:33","modified_gmt":"2023-10-31T10:23:33","slug":"temporaermarkt-mit-knapp-8-prozent-im-minus","status":"publish","type":"post","link":"https:\/\/www.organisator.ch\/de\/human-resources\/2023-10-31\/temporaermarkt-mit-knapp-8-prozent-im-minus\/","title":{"rendered":"Tempor\u00e4rmarkt mit knapp 8 Prozent im Minus"},"content":{"rendered":"<figure id=\"attachment_22867\" aria-describedby=\"caption-attachment-22867\" style=\"width: 680px\" class=\"wp-caption alignnone\"><img loading=\"lazy\" decoding=\"async\" class=\"wp-image-22867 size-full\" src=\"https:\/\/www.organisator.ch\/wp-content\/uploads\/2023\/10\/swissstaffing_Bild1_ps.jpg\" alt=\"\" width=\"680\" height=\"421\" srcset=\"https:\/\/www.organisator.ch\/wp-content\/uploads\/2023\/10\/swissstaffing_Bild1_ps.jpg 680w, https:\/\/www.organisator.ch\/wp-content\/uploads\/2023\/10\/swissstaffing_Bild1_ps-18x12.jpg 18w, https:\/\/www.organisator.ch\/wp-content\/uploads\/2023\/10\/swissstaffing_Bild1_ps-375x232.jpg 375w, https:\/\/www.organisator.ch\/wp-content\/uploads\/2023\/10\/swissstaffing_Bild1_ps-565x350.jpg 565w\" sizes=\"auto, (max-width: 680px) 100vw, 680px\" \/><figcaption id=\"caption-attachment-22867\" class=\"wp-caption-text\">(Bild: www.swissstaffing.ch)<\/figcaption><\/figure>\n<p>Die Kombination aus Arbeitskr\u00e4ftemangel und abflauender Konjunktur bereitet den Tempor\u00e4rfirmen Schwierigkeiten. Bei offenen Vakanzen fehlen die passenden Kandidat:innen. In der Industrie sinkt mit den Auftragsbest\u00e4nden die Nachfrage nach Tempor\u00e4rpersonal. Das Gesch\u00e4ft mit Feststellenvermittlungen l\u00e4uft hingegen rund. Fehlen Unternehmen Fachkr\u00e4fte, suchen sie aufgrund des ausgetrockneten Arbeitsmarkts die Unterst\u00fctzung von Personaldienstleistern. Das sorgt f\u00fcr steigende Ums\u00e4tze.<\/p>\n<h3><strong>Wirtschaft: Sanfte Landung des Schweizer Arbeitsmarkts zeichnet sich ab<\/strong><\/h3>\n<p>Die roten Zahlen in der Tempor\u00e4rbranche sind im dritten Quartal in Folge dem Arbeitskr\u00e4ftemangel geschuldet. Trotz j\u00fcngster Berichte \u00fcber Entlassungen in Industrieunternehmen entwickelt sich der Schweizer Arbeitsmarkt robust, wie das Arbeitsmarktbarometer von Manpower zeigt: 47 Prozent der Unternehmen planen Personalerweiterungen, nur 9 Prozent einen R\u00fcckgang. Im internationalen Vergleich belegt die Schweiz mit diesem Verh\u00e4ltnis in der Manpower-Studie einen Spitzenplatz. Besonders gut l\u00e4uft es bei den Kommunikationsdiensten, im Transportwesen und der Logistik sowie im Bereich Energie und Versorgung. Auch der Adecco Group Swiss Job Market Index verzeichnet f\u00fcr den gesamten Arbeitsmarkt H\u00f6chstst\u00e4nde &#8211; auch im Bereich der Industrie. Besonders gefragt sind Bedienende von Anlagen, Montageberufe, Techniker:innen und Automatiker:innen. Dr. Marius Osterfeld, \u00d6konom bei swissstaffing, weiss: &#8222;Auch wenn Entlassungen f\u00fcr die Betroffenen in jeder Situation schwierig sind, ist die Ausgangslage f\u00fcr die Stellensuche trotz Konjunkturflaute weiterhin optimal.&#8220;<\/p>\n<h3><strong>Ausblick: stabile Ausgangslage mit geopolitischen Risiken<\/strong><\/h3>\n<p>Die Schweiz hat sich in Anbetracht der wirtschaftlichen Herausforderungen bislang mutig geschlagen. Insbesondere der liberale Arbeitsmarkt sorgt f\u00fcr Stabilit\u00e4t, die den Binnenkonsum st\u00fctzt. Gleichzeitig haben sich die Probleme bei Lieferketten und beim Preisniveau von Vorprodukten entsch\u00e4rft. Damit ist die Basis f\u00fcr eine Erholung gelegt. Die geopolitischen Risiken bleiben gross. Nur 23 Prozent rechnen in den kommenden sechs Monaten mit einem Anstieg der Gesch\u00e4ftst\u00e4tigkeit. Die \u00fcberwiegende Mehrheit erwartet mit einem Anteil von 43 Prozent eine Stagnation.<\/p>\n<p><em>Quelle: <a href=\"https:\/\/www.swissstaffing.ch\/de\/Home\/index.php\">www.swissstaffing.ch\u00a0<\/a><\/em><\/p>\n","protected":false},"excerpt":{"rendered":"<p>Mit einem Minus von 7,6 Prozent gegen\u00fcber dem Vorjahr schliessen die Personaldienstleister gem\u00e4ss Swiss Staffingindex das dritte Quartal 2023 im Tempor\u00e4rgesch\u00e4ft ab. Der Umsatz mit Feststellen legte um 6,8 Prozent zu. <\/p>\n","protected":false},"author":58,"featured_media":22867,"comment_status":"closed","ping_status":"closed","sticky":false,"template":"","format":"standard","meta":{"_acf_changed":false,"_yoast_wpseo_focuskw":"Tempor\u00e4rmarkt","_yoast_wpseo_metadesc":"Mit einem Minus von 7,6% gegen\u00fcber dem Vorjahr schliessen die Personaldienstleister das dritte Quartal 2023 im Tempor\u00e4rgesch\u00e4ft ab.","articlekey":"","footnotes":""},"categories":[579],"tags":[47,2086,459,3745,503],"class_list":["post-22866","post","type-post","status-publish","format-standard","has-post-thumbnail","hentry","category-human-resources","tag-arbeitsmarkt","tag-schweizer-wirtschaft","tag-studie","tag-temporaerarbeit","tag-verbaende"],"acf":[],"yoast_head":"<!-- This site is optimized with the Yoast SEO plugin v27.5 - https:\/\/yoast.com\/product\/yoast-seo-wordpress\/ -->\n<title>Tempor\u00e4rmarkt mit knapp 8 Prozent im Minus - Organisator<\/title>\n<meta name=\"description\" content=\"Mit einem Minus von 7,6% gegen\u00fcber dem Vorjahr schliessen die Personaldienstleister das dritte Quartal 2023 im Tempor\u00e4rgesch\u00e4ft ab.\" \/>\n<meta name=\"robots\" content=\"index, follow, max-snippet:-1, max-image-preview:large, max-video-preview:-1\" \/>\n<link rel=\"canonical\" href=\"https:\/\/www.organisator.ch\/de\/human-resources\/2023-10-31\/temporaermarkt-mit-knapp-8-prozent-im-minus\/\" \/>\n<meta property=\"og:locale\" content=\"de_DE\" \/>\n<meta property=\"og:type\" content=\"article\" \/>\n<meta property=\"og:title\" content=\"Tempor\u00e4rmarkt mit knapp 8 Prozent im Minu\" \/>\n<meta property=\"og:description\" content=\"Mit einem Minus von 7,6% gegen\u00fcber dem Vorjahr schliessen die Personaldienstleister das dritte Quartal 2023 im Tempor\u00e4rgesch\u00e4ft ab.\" \/>\n<meta property=\"og:url\" content=\"https:\/\/www.organisator.ch\/de\/human-resources\/2023-10-31\/temporaermarkt-mit-knapp-8-prozent-im-minus\/\" \/>\n<meta property=\"og:site_name\" content=\"Organisator\" \/>\n<meta property=\"article:publisher\" content=\"https:\/\/www.facebook.com\/OrganisatorFachmagazin\" \/>\n<meta property=\"article:published_time\" content=\"2023-10-31T13:25:26+00:00\" \/>\n<meta property=\"og:image\" content=\"https:\/\/www.organisator.ch\/wp-content\/uploads\/2023\/10\/swissstaffing_Bild1_ps.jpg\" \/>\n\t<meta property=\"og:image:width\" content=\"680\" \/>\n\t<meta property=\"og:image:height\" content=\"421\" \/>\n\t<meta property=\"og:image:type\" content=\"image\/jpeg\" \/>\n<meta name=\"author\" content=\"Adelisa Kalajdzini\" \/>\n<meta name=\"twitter:card\" content=\"summary_large_image\" \/>\n<meta name=\"twitter:title\" content=\"Tempor\u00e4rmarkt mit knapp 8 Prozent im Minus\" \/>\n<meta name=\"twitter:description\" content=\"Mit einem Minus von 7,6% gegen\u00fcber dem Vorjahr schliessen die #Personaldienstleister das #dritte #Quartal 2023 im #Tempor\u00e4rgesch\u00e4ft ab.\" \/>\n<meta name=\"twitter:image\" content=\"https:\/\/www.organisator.ch\/wp-content\/uploads\/2023\/10\/swissstaffing_Bild1_ps.jpg\" \/>\n<script type=\"application\/ld+json\" class=\"yoast-schema-graph\">{\"@context\":\"https:\\\/\\\/schema.org\",\"@graph\":[{\"@type\":\"Article\",\"@id\":\"https:\\\/\\\/www.organisator.ch\\\/human-resources\\\/2023-10-31\\\/temporaermarkt-mit-knapp-8-prozent-im-minus\\\/#article\",\"isPartOf\":{\"@id\":\"https:\\\/\\\/www.organisator.ch\\\/human-resources\\\/2023-10-31\\\/temporaermarkt-mit-knapp-8-prozent-im-minus\\\/\"},\"author\":{\"name\":\"Adelisa Kalajdzini\",\"@id\":\"https:\\\/\\\/www.organisator.ch\\\/#\\\/schema\\\/person\\\/2e1314a2172123f874db408d8911d3f3\"},\"headline\":\"Tempor\u00e4rmarkt mit knapp 8 Prozent im Minus\",\"datePublished\":\"2023-10-31T13:25:26+00:00\",\"mainEntityOfPage\":{\"@id\":\"https:\\\/\\\/www.organisator.ch\\\/human-resources\\\/2023-10-31\\\/temporaermarkt-mit-knapp-8-prozent-im-minus\\\/\"},\"wordCount\":328,\"publisher\":{\"@id\":\"https:\\\/\\\/www.organisator.ch\\\/#organization\"},\"image\":{\"@id\":\"https:\\\/\\\/www.organisator.ch\\\/human-resources\\\/2023-10-31\\\/temporaermarkt-mit-knapp-8-prozent-im-minus\\\/#primaryimage\"},\"thumbnailUrl\":\"https:\\\/\\\/www.organisator.ch\\\/wp-content\\\/uploads\\\/2023\\\/10\\\/swissstaffing_Bild1_ps.jpg\",\"keywords\":[\"Arbeitsmarkt\",\"Schweizer Wirtschaft\",\"Studie\",\"Tempor\u00e4rarbeit\",\"Verb\u00e4nde\"],\"articleSection\":[\"HUMAN RESOURCES\"],\"inLanguage\":\"de\"},{\"@type\":\"WebPage\",\"@id\":\"https:\\\/\\\/www.organisator.ch\\\/human-resources\\\/2023-10-31\\\/temporaermarkt-mit-knapp-8-prozent-im-minus\\\/\",\"url\":\"https:\\\/\\\/www.organisator.ch\\\/human-resources\\\/2023-10-31\\\/temporaermarkt-mit-knapp-8-prozent-im-minus\\\/\",\"name\":\"Tempor\u00e4rmarkt mit knapp 8 Prozent im Minus - Organisator\",\"isPartOf\":{\"@id\":\"https:\\\/\\\/www.organisator.ch\\\/#website\"},\"primaryImageOfPage\":{\"@id\":\"https:\\\/\\\/www.organisator.ch\\\/human-resources\\\/2023-10-31\\\/temporaermarkt-mit-knapp-8-prozent-im-minus\\\/#primaryimage\"},\"image\":{\"@id\":\"https:\\\/\\\/www.organisator.ch\\\/human-resources\\\/2023-10-31\\\/temporaermarkt-mit-knapp-8-prozent-im-minus\\\/#primaryimage\"},\"thumbnailUrl\":\"https:\\\/\\\/www.organisator.ch\\\/wp-content\\\/uploads\\\/2023\\\/10\\\/swissstaffing_Bild1_ps.jpg\",\"datePublished\":\"2023-10-31T13:25:26+00:00\",\"description\":\"Mit einem Minus von 7,6% gegen\u00fcber dem Vorjahr schliessen die Personaldienstleister das dritte Quartal 2023 im Tempor\u00e4rgesch\u00e4ft ab.\",\"breadcrumb\":{\"@id\":\"https:\\\/\\\/www.organisator.ch\\\/human-resources\\\/2023-10-31\\\/temporaermarkt-mit-knapp-8-prozent-im-minus\\\/#breadcrumb\"},\"inLanguage\":\"de\",\"potentialAction\":[{\"@type\":\"ReadAction\",\"target\":[\"https:\\\/\\\/www.organisator.ch\\\/human-resources\\\/2023-10-31\\\/temporaermarkt-mit-knapp-8-prozent-im-minus\\\/\"]}]},{\"@type\":\"ImageObject\",\"inLanguage\":\"de\",\"@id\":\"https:\\\/\\\/www.organisator.ch\\\/human-resources\\\/2023-10-31\\\/temporaermarkt-mit-knapp-8-prozent-im-minus\\\/#primaryimage\",\"url\":\"https:\\\/\\\/www.organisator.ch\\\/wp-content\\\/uploads\\\/2023\\\/10\\\/swissstaffing_Bild1_ps.jpg\",\"contentUrl\":\"https:\\\/\\\/www.organisator.ch\\\/wp-content\\\/uploads\\\/2023\\\/10\\\/swissstaffing_Bild1_ps.jpg\",\"width\":680,\"height\":421,\"caption\":\"(www.swissstaffing.ch)\"},{\"@type\":\"BreadcrumbList\",\"@id\":\"https:\\\/\\\/www.organisator.ch\\\/human-resources\\\/2023-10-31\\\/temporaermarkt-mit-knapp-8-prozent-im-minus\\\/#breadcrumb\",\"itemListElement\":[{\"@type\":\"ListItem\",\"position\":1,\"name\":\"Home\",\"item\":\"https:\\\/\\\/www.organisator.ch\\\/\"},{\"@type\":\"ListItem\",\"position\":2,\"name\":\"Tempor\u00e4rmarkt mit knapp 8 Prozent im Minus\"}]},{\"@type\":\"WebSite\",\"@id\":\"https:\\\/\\\/www.organisator.ch\\\/#website\",\"url\":\"https:\\\/\\\/www.organisator.ch\\\/\",\"name\":\"Organisator\",\"description\":\"Kompetent. Praxisnah. Der ORGANISATOR bereitet in 10 Ausgaben pro Jahr die wesentlichen Themen f\u00fcr F\u00fchrungskr\u00e4fte von KMU auf.\",\"publisher\":{\"@id\":\"https:\\\/\\\/www.organisator.ch\\\/#organization\"},\"potentialAction\":[{\"@type\":\"SearchAction\",\"target\":{\"@type\":\"EntryPoint\",\"urlTemplate\":\"https:\\\/\\\/www.organisator.ch\\\/?s={search_term_string}\"},\"query-input\":{\"@type\":\"PropertyValueSpecification\",\"valueRequired\":true,\"valueName\":\"search_term_string\"}}],\"inLanguage\":\"de\"},{\"@type\":\"Organization\",\"@id\":\"https:\\\/\\\/www.organisator.ch\\\/#organization\",\"name\":\"Organisator\",\"url\":\"https:\\\/\\\/www.organisator.ch\\\/\",\"logo\":{\"@type\":\"ImageObject\",\"inLanguage\":\"de\",\"@id\":\"https:\\\/\\\/www.organisator.ch\\\/#\\\/schema\\\/logo\\\/image\\\/\",\"url\":\"https:\\\/\\\/www.organisator.ch\\\/wp-content\\\/uploads\\\/2022\\\/01\\\/Logo_Organisator_Website.png\",\"contentUrl\":\"https:\\\/\\\/www.organisator.ch\\\/wp-content\\\/uploads\\\/2022\\\/01\\\/Logo_Organisator_Website.png\",\"width\":800,\"height\":77,\"caption\":\"Organisator\"},\"image\":{\"@id\":\"https:\\\/\\\/www.organisator.ch\\\/#\\\/schema\\\/logo\\\/image\\\/\"},\"sameAs\":[\"https:\\\/\\\/www.facebook.com\\\/OrganisatorFachmagazin\",\"https:\\\/\\\/www.linkedin.com\\\/showcase\\\/organisator-das-magazin-fr-kmu\",\"https:\\\/\\\/www.xing.com\\\/news\\\/pages\\\/organisator-ch-695\",\"https:\\\/\\\/www.youtube.com\\\/channel\\\/UCGP2Sq0iWaZwT3BdIAQFYpw\"]},{\"@type\":\"Person\",\"@id\":\"https:\\\/\\\/www.organisator.ch\\\/#\\\/schema\\\/person\\\/2e1314a2172123f874db408d8911d3f3\",\"name\":\"Adelisa Kalajdzini\",\"image\":{\"@type\":\"ImageObject\",\"inLanguage\":\"de\",\"@id\":\"https:\\\/\\\/secure.gravatar.com\\\/avatar\\\/09a397c22ac58cad6f160ee8306348599df9df58a8ede73696226897b9fa4b24?s=96&d=mm&r=g\",\"url\":\"https:\\\/\\\/secure.gravatar.com\\\/avatar\\\/09a397c22ac58cad6f160ee8306348599df9df58a8ede73696226897b9fa4b24?s=96&d=mm&r=g\",\"contentUrl\":\"https:\\\/\\\/secure.gravatar.com\\\/avatar\\\/09a397c22ac58cad6f160ee8306348599df9df58a8ede73696226897b9fa4b24?s=96&d=mm&r=g\",\"caption\":\"Adelisa Kalajdzini\"},\"url\":\"https:\\\/\\\/www.organisator.ch\\\/de\\\/author\\\/adelisa-kalajdzini\\\/\"}]}<\/script>\n<!-- \/ Yoast SEO plugin. -->","yoast_head_json":{"title":"Tempor\u00e4rmarkt mit knapp 8 Prozent im Minus - Organisator","description":"Mit einem Minus von 7,6% gegen\u00fcber dem Vorjahr schliessen die Personaldienstleister das dritte Quartal 2023 im Tempor\u00e4rgesch\u00e4ft ab.","robots":{"index":"index","follow":"follow","max-snippet":"max-snippet:-1","max-image-preview":"max-image-preview:large","max-video-preview":"max-video-preview:-1"},"canonical":"https:\/\/www.organisator.ch\/de\/human-resources\/2023-10-31\/temporaermarkt-mit-knapp-8-prozent-im-minus\/","og_locale":"de_DE","og_type":"article","og_title":"Tempor\u00e4rmarkt mit knapp 8 Prozent im Minu","og_description":"Mit einem Minus von 7,6% gegen\u00fcber dem Vorjahr schliessen die Personaldienstleister das dritte Quartal 2023 im Tempor\u00e4rgesch\u00e4ft ab.","og_url":"https:\/\/www.organisator.ch\/de\/human-resources\/2023-10-31\/temporaermarkt-mit-knapp-8-prozent-im-minus\/","og_site_name":"Organisator","article_publisher":"https:\/\/www.facebook.com\/OrganisatorFachmagazin","article_published_time":"2023-10-31T13:25:26+00:00","og_image":[{"width":680,"height":421,"url":"https:\/\/www.organisator.ch\/wp-content\/uploads\/2023\/10\/swissstaffing_Bild1_ps.jpg","type":"image\/jpeg"}],"author":"Adelisa Kalajdzini","twitter_card":"summary_large_image","twitter_title":"Tempor\u00e4rmarkt mit knapp 8 Prozent im Minus","twitter_description":"Mit einem Minus von 7,6% gegen\u00fcber dem Vorjahr schliessen die #Personaldienstleister das #dritte #Quartal 2023 im #Tempor\u00e4rgesch\u00e4ft ab.","twitter_image":"https:\/\/www.organisator.ch\/wp-content\/uploads\/2023\/10\/swissstaffing_Bild1_ps.jpg","schema":{"@context":"https:\/\/schema.org","@graph":[{"@type":"Article","@id":"https:\/\/www.organisator.ch\/human-resources\/2023-10-31\/temporaermarkt-mit-knapp-8-prozent-im-minus\/#article","isPartOf":{"@id":"https:\/\/www.organisator.ch\/human-resources\/2023-10-31\/temporaermarkt-mit-knapp-8-prozent-im-minus\/"},"author":{"name":"Adelisa Kalajdzini","@id":"https:\/\/www.organisator.ch\/#\/schema\/person\/2e1314a2172123f874db408d8911d3f3"},"headline":"Tempor\u00e4rmarkt mit knapp 8 Prozent im Minus","datePublished":"2023-10-31T13:25:26+00:00","mainEntityOfPage":{"@id":"https:\/\/www.organisator.ch\/human-resources\/2023-10-31\/temporaermarkt-mit-knapp-8-prozent-im-minus\/"},"wordCount":328,"publisher":{"@id":"https:\/\/www.organisator.ch\/#organization"},"image":{"@id":"https:\/\/www.organisator.ch\/human-resources\/2023-10-31\/temporaermarkt-mit-knapp-8-prozent-im-minus\/#primaryimage"},"thumbnailUrl":"https:\/\/www.organisator.ch\/wp-content\/uploads\/2023\/10\/swissstaffing_Bild1_ps.jpg","keywords":["Arbeitsmarkt","Schweizer Wirtschaft","Studie","Tempor\u00e4rarbeit","Verb\u00e4nde"],"articleSection":["HUMAN RESOURCES"],"inLanguage":"de"},{"@type":"WebPage","@id":"https:\/\/www.organisator.ch\/human-resources\/2023-10-31\/temporaermarkt-mit-knapp-8-prozent-im-minus\/","url":"https:\/\/www.organisator.ch\/human-resources\/2023-10-31\/temporaermarkt-mit-knapp-8-prozent-im-minus\/","name":"Tempor\u00e4rmarkt mit knapp 8 Prozent im Minus - Organisator","isPartOf":{"@id":"https:\/\/www.organisator.ch\/#website"},"primaryImageOfPage":{"@id":"https:\/\/www.organisator.ch\/human-resources\/2023-10-31\/temporaermarkt-mit-knapp-8-prozent-im-minus\/#primaryimage"},"image":{"@id":"https:\/\/www.organisator.ch\/human-resources\/2023-10-31\/temporaermarkt-mit-knapp-8-prozent-im-minus\/#primaryimage"},"thumbnailUrl":"https:\/\/www.organisator.ch\/wp-content\/uploads\/2023\/10\/swissstaffing_Bild1_ps.jpg","datePublished":"2023-10-31T13:25:26+00:00","description":"Mit einem Minus von 7,6% gegen\u00fcber dem Vorjahr schliessen die Personaldienstleister das dritte Quartal 2023 im Tempor\u00e4rgesch\u00e4ft ab.","breadcrumb":{"@id":"https:\/\/www.organisator.ch\/human-resources\/2023-10-31\/temporaermarkt-mit-knapp-8-prozent-im-minus\/#breadcrumb"},"inLanguage":"de","potentialAction":[{"@type":"ReadAction","target":["https:\/\/www.organisator.ch\/human-resources\/2023-10-31\/temporaermarkt-mit-knapp-8-prozent-im-minus\/"]}]},{"@type":"ImageObject","inLanguage":"de","@id":"https:\/\/www.organisator.ch\/human-resources\/2023-10-31\/temporaermarkt-mit-knapp-8-prozent-im-minus\/#primaryimage","url":"https:\/\/www.organisator.ch\/wp-content\/uploads\/2023\/10\/swissstaffing_Bild1_ps.jpg","contentUrl":"https:\/\/www.organisator.ch\/wp-content\/uploads\/2023\/10\/swissstaffing_Bild1_ps.jpg","width":680,"height":421,"caption":"(www.swissstaffing.ch)"},{"@type":"BreadcrumbList","@id":"https:\/\/www.organisator.ch\/human-resources\/2023-10-31\/temporaermarkt-mit-knapp-8-prozent-im-minus\/#breadcrumb","itemListElement":[{"@type":"ListItem","position":1,"name":"Home","item":"https:\/\/www.organisator.ch\/"},{"@type":"ListItem","position":2,"name":"Tempor\u00e4rmarkt mit knapp 8 Prozent im Minus"}]},{"@type":"WebSite","@id":"https:\/\/www.organisator.ch\/#website","url":"https:\/\/www.organisator.ch\/","name":"Organisator","description":"Kompetent. Praxisnah. Der ORGANISATOR bereitet in 10 Ausgaben pro Jahr die wesentlichen Themen f\u00fcr F\u00fchrungskr\u00e4fte von KMU auf.","publisher":{"@id":"https:\/\/www.organisator.ch\/#organization"},"potentialAction":[{"@type":"SearchAction","target":{"@type":"EntryPoint","urlTemplate":"https:\/\/www.organisator.ch\/?s={search_term_string}"},"query-input":{"@type":"PropertyValueSpecification","valueRequired":true,"valueName":"search_term_string"}}],"inLanguage":"de"},{"@type":"Organization","@id":"https:\/\/www.organisator.ch\/#organization","name":"Organisator","url":"https:\/\/www.organisator.ch\/","logo":{"@type":"ImageObject","inLanguage":"de","@id":"https:\/\/www.organisator.ch\/#\/schema\/logo\/image\/","url":"https:\/\/www.organisator.ch\/wp-content\/uploads\/2022\/01\/Logo_Organisator_Website.png","contentUrl":"https:\/\/www.organisator.ch\/wp-content\/uploads\/2022\/01\/Logo_Organisator_Website.png","width":800,"height":77,"caption":"Organisator"},"image":{"@id":"https:\/\/www.organisator.ch\/#\/schema\/logo\/image\/"},"sameAs":["https:\/\/www.facebook.com\/OrganisatorFachmagazin","https:\/\/www.linkedin.com\/showcase\/organisator-das-magazin-fr-kmu","https:\/\/www.xing.com\/news\/pages\/organisator-ch-695","https:\/\/www.youtube.com\/channel\/UCGP2Sq0iWaZwT3BdIAQFYpw"]},{"@type":"Person","@id":"https:\/\/www.organisator.ch\/#\/schema\/person\/2e1314a2172123f874db408d8911d3f3","name":"Adelisa Kalajdzini","image":{"@type":"ImageObject","inLanguage":"de","@id":"https:\/\/secure.gravatar.com\/avatar\/09a397c22ac58cad6f160ee8306348599df9df58a8ede73696226897b9fa4b24?s=96&d=mm&r=g","url":"https:\/\/secure.gravatar.com\/avatar\/09a397c22ac58cad6f160ee8306348599df9df58a8ede73696226897b9fa4b24?s=96&d=mm&r=g","contentUrl":"https:\/\/secure.gravatar.com\/avatar\/09a397c22ac58cad6f160ee8306348599df9df58a8ede73696226897b9fa4b24?s=96&d=mm&r=g","caption":"Adelisa Kalajdzini"},"url":"https:\/\/www.organisator.ch\/de\/author\/adelisa-kalajdzini\/"}]}},"_links":{"self":[{"href":"https:\/\/www.organisator.ch\/de\/wp-json\/wp\/v2\/posts\/22866","targetHints":{"allow":["GET"]}}],"collection":[{"href":"https:\/\/www.organisator.ch\/de\/wp-json\/wp\/v2\/posts"}],"about":[{"href":"https:\/\/www.organisator.ch\/de\/wp-json\/wp\/v2\/types\/post"}],"author":[{"embeddable":true,"href":"https:\/\/www.organisator.ch\/de\/wp-json\/wp\/v2\/users\/58"}],"replies":[{"embeddable":true,"href":"https:\/\/www.organisator.ch\/de\/wp-json\/wp\/v2\/comments?post=22866"}],"version-history":[{"count":5,"href":"https:\/\/www.organisator.ch\/de\/wp-json\/wp\/v2\/posts\/22866\/revisions"}],"predecessor-version":[{"id":22870,"href":"https:\/\/www.organisator.ch\/de\/wp-json\/wp\/v2\/posts\/22866\/revisions\/22870"}],"wp:featuredmedia":[{"embeddable":true,"href":"https:\/\/www.organisator.ch\/de\/wp-json\/wp\/v2\/media\/22867"}],"wp:attachment":[{"href":"https:\/\/www.organisator.ch\/de\/wp-json\/wp\/v2\/media?parent=22866"}],"wp:term":[{"taxonomy":"category","embeddable":true,"href":"https:\/\/www.organisator.ch\/de\/wp-json\/wp\/v2\/categories?post=22866"},{"taxonomy":"post_tag","embeddable":true,"href":"https:\/\/www.organisator.ch\/de\/wp-json\/wp\/v2\/tags?post=22866"}],"curies":[{"name":"wp","href":"https:\/\/api.w.org\/{rel}","templated":true}]}}