{"id":2292,"date":"2017-08-09T08:55:56","date_gmt":"2017-08-09T06:55:56","guid":{"rendered":"https:\/\/www.organisator.ch\/?p=2292"},"modified":"2017-08-09T08:55:56","modified_gmt":"2017-08-09T06:55:56","slug":"facility-management-symposium-2017","status":"publish","type":"post","link":"https:\/\/www.organisator.ch\/de\/management\/2017-08-09\/facility-management-symposium-2017\/","title":{"rendered":"Facility Management Symposium 2017"},"content":{"rendered":"<figure id=\"attachment_2293\" aria-describedby=\"caption-attachment-2293\" style=\"width: 640px\" class=\"wp-caption alignnone\"><img loading=\"lazy\" decoding=\"async\" class=\"size-full wp-image-2293\" src=\"https:\/\/www.organisator.ch\/wp-content\/uploads\/2017\/08\/Facility-Management-Symposium-2017_Organisator.jpg\" alt=\"\" width=\"640\" height=\"414\" srcset=\"https:\/\/www.organisator.ch\/wp-content\/uploads\/2017\/08\/Facility-Management-Symposium-2017_Organisator.jpg 640w, https:\/\/www.organisator.ch\/wp-content\/uploads\/2017\/08\/Facility-Management-Symposium-2017_Organisator-16x10.jpg 16w, https:\/\/www.organisator.ch\/wp-content\/uploads\/2017\/08\/Facility-Management-Symposium-2017_Organisator-271x175.jpg 271w, https:\/\/www.organisator.ch\/wp-content\/uploads\/2017\/08\/Facility-Management-Symposium-2017_Organisator-541x350.jpg 541w, https:\/\/www.organisator.ch\/wp-content\/uploads\/2017\/08\/Facility-Management-Symposium-2017_Organisator-300x194.jpg 300w\" sizes=\"auto, (max-width: 640px) 100vw, 640px\" \/><figcaption id=\"caption-attachment-2293\" class=\"wp-caption-text\">Facility Management &#8211; Innovationen im FM f\u00fcr gesunde Lebens- und Arbeitsr\u00e4ume: So lautet das Thema des 2. IFM Symposiums vom 6. Oktober 2017. (Bild: zhaw)<\/figcaption><\/figure>\n<p>Nach dem erfolgreich durchgef\u00fchrten IFM Symposium im Herbst 2016 f\u00fchrt das Institut f\u00fcr Facility Management am 6. Oktober 2017 das 2. IFM Symposium im Auditorium des Technoparks in Z\u00fcrich durch. Das Thema der diesj\u00e4hrigen Ausgabe lautet: Facility Management &#8211; Innovationen im FM f\u00fcr gesunde Lebens- und Arbeitsr\u00e4ume. Er\u00f6rtert wird dieses Thema\u00a0mit spannenden Pr\u00e4sentationen von internen Referenten\u00a0wie\u00a0auch von\u00a0Gastvortragenden aus f\u00fchrenden internationalen Universit\u00e4ten, darunter etwa Prof. Vivian Loftness, Carnegie Mellon University (USA), Dr. Forest Flager, Center for Integrated Facility Engineering (CIFE), Stanford University (USA)\u00a0oder Dr. Suvi Nenonen, Tampere University of Technology (Finland). Das IFM Symposium richtet sich an Fach- und F\u00fchrungskr\u00e4fte der Wirtschaft und \u00f6ffentlichen Hand, Akademiker sowie Masterstudierende und Doktoranden im FM und dar\u00fcber hinaus.<\/p>\n<p><a href=\"https:\/\/www.zhaw.ch\/de\/lsfm\/weiterbildung\/fachtagungen\/ifm-symposium\/\">Informationen und Programm<\/a><\/p>\n<p>&nbsp;<\/p>\n","protected":false},"excerpt":{"rendered":"<p>Nach dem erfolgreich durchgef\u00fchrten IFM Symposium im Herbst 2016 f\u00fchrt das Institut f\u00fcr Facility Management am 6. Oktober 2017 das 2. IFM Symposium im Auditorium des Technoparks in Z\u00fcrich durch. Das Thema der diesj\u00e4hrigen Ausgabe lautet: Facility Management &#8211; Innovationen im FM f\u00fcr gesunde Lebens- und Arbeitsr\u00e4ume. Er\u00f6rtert wird dieses Thema\u00a0mit spannenden Pr\u00e4sentationen von internen [&hellip;]<\/p>\n","protected":false},"author":4,"featured_media":2293,"comment_status":"open","ping_status":"open","sticky":false,"template":"","format":"standard","meta":{"_acf_changed":false,"_yoast_wpseo_focuskw":"Facility Management","_yoast_wpseo_metadesc":"Am 6. Oktober f\u00fchrt das Institut f\u00fcr Facility Management IFM der zhaw das zweite IFM-Symposium durch mit internationalen Referenten.","articlekey":"","footnotes":""},"categories":[28],"tags":[51,195,502,533],"class_list":["post-2292","post","type-post","status-publish","format-standard","has-post-thumbnail","hentry","category-management","tag-arbeitsplatzgestaltung","tag-facility-management","tag-veranstaltungen","tag-wissenschaft"],"acf":[],"yoast_head":"<!-- This site is optimized with the Yoast SEO plugin v27.4 - https:\/\/yoast.com\/product\/yoast-seo-wordpress\/ -->\n<title>Facility Management Symposium 2017 - Organisator<\/title>\n<meta name=\"description\" content=\"Am 6. Oktober f\u00fchrt das Institut f\u00fcr Facility Management IFM der zhaw das zweite IFM-Symposium durch mit internationalen Referenten.\" \/>\n<meta name=\"robots\" content=\"index, follow, max-snippet:-1, max-image-preview:large, max-video-preview:-1\" \/>\n<link rel=\"canonical\" href=\"https:\/\/www.organisator.ch\/de\/management\/2017-08-09\/facility-management-symposium-2017\/\" \/>\n<meta property=\"og:locale\" content=\"de_DE\" \/>\n<meta property=\"og:type\" content=\"article\" \/>\n<meta property=\"og:title\" content=\"Facility Management Symposium 2017\" \/>\n<meta property=\"og:description\" content=\"Am 6. Oktober f\u00fchrt das Institut f\u00fcr Facility Management #IFM der #zhaw das zweite #IFM-Symposium durch. Internationale Referenten sprechen \u00fcber Innovationen im Facility Management.\" \/>\n<meta property=\"og:url\" content=\"https:\/\/www.organisator.ch\/de\/management\/2017-08-09\/facility-management-symposium-2017\/\" \/>\n<meta property=\"og:site_name\" content=\"Organisator\" \/>\n<meta property=\"article:publisher\" content=\"https:\/\/www.facebook.com\/OrganisatorFachmagazin\" \/>\n<meta property=\"article:published_time\" content=\"2017-08-09T06:55:56+00:00\" \/>\n<meta property=\"og:image\" content=\"https:\/\/www.organisator.ch\/wp-content\/uploads\/2017\/08\/Facility-Management-Symposium-2017_Organisator.jpg\" \/>\n\t<meta property=\"og:image:width\" content=\"640\" \/>\n\t<meta property=\"og:image:height\" content=\"414\" \/>\n\t<meta property=\"og:image:type\" content=\"image\/jpeg\" \/>\n<meta name=\"author\" content=\"thomas.berner\" \/>\n<meta name=\"twitter:card\" content=\"summary_large_image\" \/>\n<meta name=\"twitter:title\" content=\"Facility Management Symposium 2017 #IFMSymposium\" \/>\n<meta name=\"twitter:description\" content=\"Am 6. Oktober f\u00fchrt das Institut f\u00fcr Facility Management #IFM der #zhaw das zweite #IFM-Symposium durch. Internationale Referenten sprechen \u00fcber Innovationen im Facility Management.\" \/>\n<meta name=\"twitter:image\" content=\"https:\/\/www.organisator.ch\/wp-content\/uploads\/2017\/08\/Facility-Management-Symposium-2017_Organisator.jpg\" \/>\n<script type=\"application\/ld+json\" class=\"yoast-schema-graph\">{\"@context\":\"https:\\\/\\\/schema.org\",\"@graph\":[{\"@type\":\"Article\",\"@id\":\"https:\\\/\\\/www.organisator.ch\\\/management\\\/2017-08-09\\\/facility-management-symposium-2017\\\/#article\",\"isPartOf\":{\"@id\":\"https:\\\/\\\/www.organisator.ch\\\/management\\\/2017-08-09\\\/facility-management-symposium-2017\\\/\"},\"author\":{\"name\":\"thomas.berner\",\"@id\":\"https:\\\/\\\/www.organisator.ch\\\/#\\\/schema\\\/person\\\/6f650f90b2842cd4c0cc334b4e36f67e\"},\"headline\":\"Facility Management Symposium 2017\",\"datePublished\":\"2017-08-09T06:55:56+00:00\",\"mainEntityOfPage\":{\"@id\":\"https:\\\/\\\/www.organisator.ch\\\/management\\\/2017-08-09\\\/facility-management-symposium-2017\\\/\"},\"wordCount\":167,\"commentCount\":0,\"publisher\":{\"@id\":\"https:\\\/\\\/www.organisator.ch\\\/#organization\"},\"image\":{\"@id\":\"https:\\\/\\\/www.organisator.ch\\\/management\\\/2017-08-09\\\/facility-management-symposium-2017\\\/#primaryimage\"},\"thumbnailUrl\":\"https:\\\/\\\/www.organisator.ch\\\/wp-content\\\/uploads\\\/2017\\\/08\\\/Facility-Management-Symposium-2017_Organisator.jpg\",\"keywords\":[\"Arbeitsplatzgestaltung\",\"Facility Management\",\"Veranstaltungen\",\"Wissenschaft\"],\"articleSection\":[\"MANAGEMENT\"],\"inLanguage\":\"de\"},{\"@type\":\"WebPage\",\"@id\":\"https:\\\/\\\/www.organisator.ch\\\/management\\\/2017-08-09\\\/facility-management-symposium-2017\\\/\",\"url\":\"https:\\\/\\\/www.organisator.ch\\\/management\\\/2017-08-09\\\/facility-management-symposium-2017\\\/\",\"name\":\"Facility Management Symposium 2017 - Organisator\",\"isPartOf\":{\"@id\":\"https:\\\/\\\/www.organisator.ch\\\/#website\"},\"primaryImageOfPage\":{\"@id\":\"https:\\\/\\\/www.organisator.ch\\\/management\\\/2017-08-09\\\/facility-management-symposium-2017\\\/#primaryimage\"},\"image\":{\"@id\":\"https:\\\/\\\/www.organisator.ch\\\/management\\\/2017-08-09\\\/facility-management-symposium-2017\\\/#primaryimage\"},\"thumbnailUrl\":\"https:\\\/\\\/www.organisator.ch\\\/wp-content\\\/uploads\\\/2017\\\/08\\\/Facility-Management-Symposium-2017_Organisator.jpg\",\"datePublished\":\"2017-08-09T06:55:56+00:00\",\"description\":\"Am 6. Oktober f\u00fchrt das Institut f\u00fcr Facility Management IFM der zhaw das zweite IFM-Symposium durch mit internationalen Referenten.\",\"breadcrumb\":{\"@id\":\"https:\\\/\\\/www.organisator.ch\\\/management\\\/2017-08-09\\\/facility-management-symposium-2017\\\/#breadcrumb\"},\"inLanguage\":\"de\",\"potentialAction\":[{\"@type\":\"ReadAction\",\"target\":[\"https:\\\/\\\/www.organisator.ch\\\/management\\\/2017-08-09\\\/facility-management-symposium-2017\\\/\"]}]},{\"@type\":\"ImageObject\",\"inLanguage\":\"de\",\"@id\":\"https:\\\/\\\/www.organisator.ch\\\/management\\\/2017-08-09\\\/facility-management-symposium-2017\\\/#primaryimage\",\"url\":\"https:\\\/\\\/www.organisator.ch\\\/wp-content\\\/uploads\\\/2017\\\/08\\\/Facility-Management-Symposium-2017_Organisator.jpg\",\"contentUrl\":\"https:\\\/\\\/www.organisator.ch\\\/wp-content\\\/uploads\\\/2017\\\/08\\\/Facility-Management-Symposium-2017_Organisator.jpg\",\"width\":640,\"height\":414,\"caption\":\"Facility Management - Innovationen im FM f\u00fcr gesunde Lebens- und Arbeitsr\u00e4ume: So lautet das Thema des 2. IFM Symposiums vom 6. Oktober 2017. (Bild: zhaw)\"},{\"@type\":\"BreadcrumbList\",\"@id\":\"https:\\\/\\\/www.organisator.ch\\\/management\\\/2017-08-09\\\/facility-management-symposium-2017\\\/#breadcrumb\",\"itemListElement\":[{\"@type\":\"ListItem\",\"position\":1,\"name\":\"Home\",\"item\":\"https:\\\/\\\/www.organisator.ch\\\/\"},{\"@type\":\"ListItem\",\"position\":2,\"name\":\"Facility Management Symposium 2017\"}]},{\"@type\":\"WebSite\",\"@id\":\"https:\\\/\\\/www.organisator.ch\\\/#website\",\"url\":\"https:\\\/\\\/www.organisator.ch\\\/\",\"name\":\"Organisator\",\"description\":\"Kompetent. Praxisnah. Der ORGANISATOR bereitet in 10 Ausgaben pro Jahr die wesentlichen Themen f\u00fcr F\u00fchrungskr\u00e4fte von KMU auf.\",\"publisher\":{\"@id\":\"https:\\\/\\\/www.organisator.ch\\\/#organization\"},\"potentialAction\":[{\"@type\":\"SearchAction\",\"target\":{\"@type\":\"EntryPoint\",\"urlTemplate\":\"https:\\\/\\\/www.organisator.ch\\\/?s={search_term_string}\"},\"query-input\":{\"@type\":\"PropertyValueSpecification\",\"valueRequired\":true,\"valueName\":\"search_term_string\"}}],\"inLanguage\":\"de\"},{\"@type\":\"Organization\",\"@id\":\"https:\\\/\\\/www.organisator.ch\\\/#organization\",\"name\":\"Organisator\",\"url\":\"https:\\\/\\\/www.organisator.ch\\\/\",\"logo\":{\"@type\":\"ImageObject\",\"inLanguage\":\"de\",\"@id\":\"https:\\\/\\\/www.organisator.ch\\\/#\\\/schema\\\/logo\\\/image\\\/\",\"url\":\"https:\\\/\\\/www.organisator.ch\\\/wp-content\\\/uploads\\\/2022\\\/01\\\/Logo_Organisator_Website.png\",\"contentUrl\":\"https:\\\/\\\/www.organisator.ch\\\/wp-content\\\/uploads\\\/2022\\\/01\\\/Logo_Organisator_Website.png\",\"width\":800,\"height\":77,\"caption\":\"Organisator\"},\"image\":{\"@id\":\"https:\\\/\\\/www.organisator.ch\\\/#\\\/schema\\\/logo\\\/image\\\/\"},\"sameAs\":[\"https:\\\/\\\/www.facebook.com\\\/OrganisatorFachmagazin\",\"https:\\\/\\\/www.linkedin.com\\\/showcase\\\/organisator-das-magazin-fr-kmu\",\"https:\\\/\\\/www.xing.com\\\/news\\\/pages\\\/organisator-ch-695\",\"https:\\\/\\\/www.youtube.com\\\/channel\\\/UCGP2Sq0iWaZwT3BdIAQFYpw\"]},{\"@type\":\"Person\",\"@id\":\"https:\\\/\\\/www.organisator.ch\\\/#\\\/schema\\\/person\\\/6f650f90b2842cd4c0cc334b4e36f67e\",\"name\":\"thomas.berner\",\"image\":{\"@type\":\"ImageObject\",\"inLanguage\":\"de\",\"@id\":\"https:\\\/\\\/secure.gravatar.com\\\/avatar\\\/ac5001d2a36cb6c6cd3e50789007ffca834b477b74a2144564522e944eabff61?s=96&d=mm&r=g\",\"url\":\"https:\\\/\\\/secure.gravatar.com\\\/avatar\\\/ac5001d2a36cb6c6cd3e50789007ffca834b477b74a2144564522e944eabff61?s=96&d=mm&r=g\",\"contentUrl\":\"https:\\\/\\\/secure.gravatar.com\\\/avatar\\\/ac5001d2a36cb6c6cd3e50789007ffca834b477b74a2144564522e944eabff61?s=96&d=mm&r=g\",\"caption\":\"thomas.berner\"},\"url\":\"https:\\\/\\\/www.organisator.ch\\\/de\\\/author\\\/thomas-berner\\\/\"}]}<\/script>\n<!-- \/ Yoast SEO plugin. -->","yoast_head_json":{"title":"Facility Management Symposium 2017 - Organisator","description":"Am 6. Oktober f\u00fchrt das Institut f\u00fcr Facility Management IFM der zhaw das zweite IFM-Symposium durch mit internationalen Referenten.","robots":{"index":"index","follow":"follow","max-snippet":"max-snippet:-1","max-image-preview":"max-image-preview:large","max-video-preview":"max-video-preview:-1"},"canonical":"https:\/\/www.organisator.ch\/de\/management\/2017-08-09\/facility-management-symposium-2017\/","og_locale":"de_DE","og_type":"article","og_title":"Facility Management Symposium 2017","og_description":"Am 6. Oktober f\u00fchrt das Institut f\u00fcr Facility Management #IFM der #zhaw das zweite #IFM-Symposium durch. Internationale Referenten sprechen \u00fcber Innovationen im Facility Management.","og_url":"https:\/\/www.organisator.ch\/de\/management\/2017-08-09\/facility-management-symposium-2017\/","og_site_name":"Organisator","article_publisher":"https:\/\/www.facebook.com\/OrganisatorFachmagazin","article_published_time":"2017-08-09T06:55:56+00:00","og_image":[{"width":640,"height":414,"url":"https:\/\/www.organisator.ch\/wp-content\/uploads\/2017\/08\/Facility-Management-Symposium-2017_Organisator.jpg","type":"image\/jpeg"}],"author":"thomas.berner","twitter_card":"summary_large_image","twitter_title":"Facility Management Symposium 2017 #IFMSymposium","twitter_description":"Am 6. Oktober f\u00fchrt das Institut f\u00fcr Facility Management #IFM der #zhaw das zweite #IFM-Symposium durch. Internationale Referenten sprechen \u00fcber Innovationen im Facility Management.","twitter_image":"https:\/\/www.organisator.ch\/wp-content\/uploads\/2017\/08\/Facility-Management-Symposium-2017_Organisator.jpg","schema":{"@context":"https:\/\/schema.org","@graph":[{"@type":"Article","@id":"https:\/\/www.organisator.ch\/management\/2017-08-09\/facility-management-symposium-2017\/#article","isPartOf":{"@id":"https:\/\/www.organisator.ch\/management\/2017-08-09\/facility-management-symposium-2017\/"},"author":{"name":"thomas.berner","@id":"https:\/\/www.organisator.ch\/#\/schema\/person\/6f650f90b2842cd4c0cc334b4e36f67e"},"headline":"Facility Management Symposium 2017","datePublished":"2017-08-09T06:55:56+00:00","mainEntityOfPage":{"@id":"https:\/\/www.organisator.ch\/management\/2017-08-09\/facility-management-symposium-2017\/"},"wordCount":167,"commentCount":0,"publisher":{"@id":"https:\/\/www.organisator.ch\/#organization"},"image":{"@id":"https:\/\/www.organisator.ch\/management\/2017-08-09\/facility-management-symposium-2017\/#primaryimage"},"thumbnailUrl":"https:\/\/www.organisator.ch\/wp-content\/uploads\/2017\/08\/Facility-Management-Symposium-2017_Organisator.jpg","keywords":["Arbeitsplatzgestaltung","Facility Management","Veranstaltungen","Wissenschaft"],"articleSection":["MANAGEMENT"],"inLanguage":"de"},{"@type":"WebPage","@id":"https:\/\/www.organisator.ch\/management\/2017-08-09\/facility-management-symposium-2017\/","url":"https:\/\/www.organisator.ch\/management\/2017-08-09\/facility-management-symposium-2017\/","name":"Facility Management Symposium 2017 - Organisator","isPartOf":{"@id":"https:\/\/www.organisator.ch\/#website"},"primaryImageOfPage":{"@id":"https:\/\/www.organisator.ch\/management\/2017-08-09\/facility-management-symposium-2017\/#primaryimage"},"image":{"@id":"https:\/\/www.organisator.ch\/management\/2017-08-09\/facility-management-symposium-2017\/#primaryimage"},"thumbnailUrl":"https:\/\/www.organisator.ch\/wp-content\/uploads\/2017\/08\/Facility-Management-Symposium-2017_Organisator.jpg","datePublished":"2017-08-09T06:55:56+00:00","description":"Am 6. Oktober f\u00fchrt das Institut f\u00fcr Facility Management IFM der zhaw das zweite IFM-Symposium durch mit internationalen Referenten.","breadcrumb":{"@id":"https:\/\/www.organisator.ch\/management\/2017-08-09\/facility-management-symposium-2017\/#breadcrumb"},"inLanguage":"de","potentialAction":[{"@type":"ReadAction","target":["https:\/\/www.organisator.ch\/management\/2017-08-09\/facility-management-symposium-2017\/"]}]},{"@type":"ImageObject","inLanguage":"de","@id":"https:\/\/www.organisator.ch\/management\/2017-08-09\/facility-management-symposium-2017\/#primaryimage","url":"https:\/\/www.organisator.ch\/wp-content\/uploads\/2017\/08\/Facility-Management-Symposium-2017_Organisator.jpg","contentUrl":"https:\/\/www.organisator.ch\/wp-content\/uploads\/2017\/08\/Facility-Management-Symposium-2017_Organisator.jpg","width":640,"height":414,"caption":"Facility Management - Innovationen im FM f\u00fcr gesunde Lebens- und Arbeitsr\u00e4ume: So lautet das Thema des 2. IFM Symposiums vom 6. Oktober 2017. (Bild: zhaw)"},{"@type":"BreadcrumbList","@id":"https:\/\/www.organisator.ch\/management\/2017-08-09\/facility-management-symposium-2017\/#breadcrumb","itemListElement":[{"@type":"ListItem","position":1,"name":"Home","item":"https:\/\/www.organisator.ch\/"},{"@type":"ListItem","position":2,"name":"Facility Management Symposium 2017"}]},{"@type":"WebSite","@id":"https:\/\/www.organisator.ch\/#website","url":"https:\/\/www.organisator.ch\/","name":"Organisator","description":"Kompetent. Praxisnah. Der ORGANISATOR bereitet in 10 Ausgaben pro Jahr die wesentlichen Themen f\u00fcr F\u00fchrungskr\u00e4fte von KMU auf.","publisher":{"@id":"https:\/\/www.organisator.ch\/#organization"},"potentialAction":[{"@type":"SearchAction","target":{"@type":"EntryPoint","urlTemplate":"https:\/\/www.organisator.ch\/?s={search_term_string}"},"query-input":{"@type":"PropertyValueSpecification","valueRequired":true,"valueName":"search_term_string"}}],"inLanguage":"de"},{"@type":"Organization","@id":"https:\/\/www.organisator.ch\/#organization","name":"Organisator","url":"https:\/\/www.organisator.ch\/","logo":{"@type":"ImageObject","inLanguage":"de","@id":"https:\/\/www.organisator.ch\/#\/schema\/logo\/image\/","url":"https:\/\/www.organisator.ch\/wp-content\/uploads\/2022\/01\/Logo_Organisator_Website.png","contentUrl":"https:\/\/www.organisator.ch\/wp-content\/uploads\/2022\/01\/Logo_Organisator_Website.png","width":800,"height":77,"caption":"Organisator"},"image":{"@id":"https:\/\/www.organisator.ch\/#\/schema\/logo\/image\/"},"sameAs":["https:\/\/www.facebook.com\/OrganisatorFachmagazin","https:\/\/www.linkedin.com\/showcase\/organisator-das-magazin-fr-kmu","https:\/\/www.xing.com\/news\/pages\/organisator-ch-695","https:\/\/www.youtube.com\/channel\/UCGP2Sq0iWaZwT3BdIAQFYpw"]},{"@type":"Person","@id":"https:\/\/www.organisator.ch\/#\/schema\/person\/6f650f90b2842cd4c0cc334b4e36f67e","name":"thomas.berner","image":{"@type":"ImageObject","inLanguage":"de","@id":"https:\/\/secure.gravatar.com\/avatar\/ac5001d2a36cb6c6cd3e50789007ffca834b477b74a2144564522e944eabff61?s=96&d=mm&r=g","url":"https:\/\/secure.gravatar.com\/avatar\/ac5001d2a36cb6c6cd3e50789007ffca834b477b74a2144564522e944eabff61?s=96&d=mm&r=g","contentUrl":"https:\/\/secure.gravatar.com\/avatar\/ac5001d2a36cb6c6cd3e50789007ffca834b477b74a2144564522e944eabff61?s=96&d=mm&r=g","caption":"thomas.berner"},"url":"https:\/\/www.organisator.ch\/de\/author\/thomas-berner\/"}]}},"_links":{"self":[{"href":"https:\/\/www.organisator.ch\/de\/wp-json\/wp\/v2\/posts\/2292","targetHints":{"allow":["GET"]}}],"collection":[{"href":"https:\/\/www.organisator.ch\/de\/wp-json\/wp\/v2\/posts"}],"about":[{"href":"https:\/\/www.organisator.ch\/de\/wp-json\/wp\/v2\/types\/post"}],"author":[{"embeddable":true,"href":"https:\/\/www.organisator.ch\/de\/wp-json\/wp\/v2\/users\/4"}],"replies":[{"embeddable":true,"href":"https:\/\/www.organisator.ch\/de\/wp-json\/wp\/v2\/comments?post=2292"}],"version-history":[{"count":0,"href":"https:\/\/www.organisator.ch\/de\/wp-json\/wp\/v2\/posts\/2292\/revisions"}],"wp:featuredmedia":[{"embeddable":true,"href":"https:\/\/www.organisator.ch\/de\/wp-json\/wp\/v2\/media\/2293"}],"wp:attachment":[{"href":"https:\/\/www.organisator.ch\/de\/wp-json\/wp\/v2\/media?parent=2292"}],"wp:term":[{"taxonomy":"category","embeddable":true,"href":"https:\/\/www.organisator.ch\/de\/wp-json\/wp\/v2\/categories?post=2292"},{"taxonomy":"post_tag","embeddable":true,"href":"https:\/\/www.organisator.ch\/de\/wp-json\/wp\/v2\/tags?post=2292"}],"curies":[{"name":"wp","href":"https:\/\/api.w.org\/{rel}","templated":true}]}}