{"id":22939,"date":"2023-11-03T11:04:58","date_gmt":"2023-11-03T10:04:58","guid":{"rendered":"https:\/\/www.organisator.ch\/?p=22939"},"modified":"2023-11-03T08:05:22","modified_gmt":"2023-11-03T07:05:22","slug":"datensicherheit-existenzielles-risiko-fuer-die-schweizer-unternehmen","status":"publish","type":"post","link":"https:\/\/www.organisator.ch\/de\/management\/2023-11-03\/datensicherheit-existenzielles-risiko-fuer-die-schweizer-unternehmen\/","title":{"rendered":"Datensicherheit: Existenzielles Risiko f\u00fcr die Schweizer Unternehmen"},"content":{"rendered":"<figure id=\"attachment_22941\" aria-describedby=\"caption-attachment-22941\" style=\"width: 680px\" class=\"wp-caption alignnone\"><img loading=\"lazy\" decoding=\"async\" class=\"size-full wp-image-22941\" src=\"https:\/\/www.organisator.ch\/wp-content\/uploads\/2023\/11\/dnb_Bild1_ps.jpg\" alt=\"\" width=\"680\" height=\"408\" srcset=\"https:\/\/www.organisator.ch\/wp-content\/uploads\/2023\/11\/dnb_Bild1_ps.jpg 680w, https:\/\/www.organisator.ch\/wp-content\/uploads\/2023\/11\/dnb_Bild1_ps-18x12.jpg 18w, https:\/\/www.organisator.ch\/wp-content\/uploads\/2023\/11\/dnb_Bild1_ps-375x225.jpg 375w, https:\/\/www.organisator.ch\/wp-content\/uploads\/2023\/11\/dnb_Bild1_ps-583x350.jpg 583w\" sizes=\"auto, (max-width: 680px) 100vw, 680px\" \/><figcaption id=\"caption-attachment-22941\" class=\"wp-caption-text\">Datensicherheit als gr\u00f6sstes Risiko f\u00fcr das betriebliche \u00dcberleben in dem n\u00e4chsten Jahr. (Bild: www.pixabay.com)<\/figcaption><\/figure>\n<h3><strong>Mangelnde Datensicherheit: Existenzbedrohung f\u00fcr 35 Prozent der Unternehmen<\/strong><\/h3>\n<p>Gleich nach der mangelnden Datensicherheit folgen als Gesch\u00e4ftsrisiko der Schweizer Firmen die hohen Energiekosten. So geben 33 Prozent der Unternehmen an, dass die gestiegenen Kosten f\u00fcr ihr Unternehmen ein existenzielles Problem darstellen. An dritter Stelle der gr\u00f6ssten Gesch\u00e4ftsrisiken wird der Fachkr\u00e4ftemangel genannt (30 Prozent). Zudem erkl\u00e4ren 12 Prozent der Firmen hierzulande, in schwierigen Zeiten gegen\u00fcber Bedrohungen \u00abkaum widerstandsf\u00e4hig\u00bb oder \u00abgar nicht widerstandsf\u00e4hig\u00bb zu sein.<\/p>\n<h3><strong>Daten bleiben h\u00e4ufig ungenutzt <\/strong><\/h3>\n<p>Eine grosse Mehrheit der Entscheidungstr\u00e4ger in Schweizer Firmen (76 Prozent) ist der Meinung, dass Daten eine zentrale Rolle dabei spielen k\u00f6nnen, ihr Unternehmen durch herausfordernde Zeiten zu f\u00fchren. Auf die Frage, inwiefern sich eine Verbesserung der Datenqualit\u00e4t in den kommenden Jahren positiv auf ihr Unternehmen auswirken wird, werden vor allem die Punkte \u00abIdentifizierung neuer Kunden\u00bb (24 Prozent), \u00abVerbesserung interner Prozesse\u00bb (22 Prozent) und \u00abManagement von Risiken\u00bb (22 Prozent) genannt. Allerdings berichtet mehr als ein Drittel (35 Prozent) der F\u00fchrungskr\u00e4fte von Schwierigkeiten, das wahre Potenzial ihrer Daten auszusch\u00f6pfen und 18 Prozent wissen nicht, wie sie das Beste aus ihren Daten herausholen.<\/p>\n<p>\u00abViele Schweizer Unternehmen erreichen aufgrund hoher Energiepreise und dem Fachkr\u00e4ftemangel ihre Belastungsgrenze. Doch vor allem die Datensicherheit spielt in der Schweiz eine wichtige Rolle. International betrachten die befragten Firmen die Datensicherheit als weniger existenzbedrohlich. Positiv ist, dass die meisten hiesigen F\u00fchrungskr\u00e4fte die Bedeutung der Datennutzung f\u00fcr ihr Unternehmen erkennen. Doch unsere Studie verdeutlicht, dass die Nutzung des Datenpotenzials h\u00e4ufig noch verbesserungsf\u00e4hig ist. In einer sich schnell ver\u00e4ndernden Welt ist datengest\u00fctzte Entscheidungsfindung jedoch nicht l\u00e4nger eine blosse Option, sondern schlichtweg eine zwingende Notwendigkeit\u00bb, sagt Dirk Radetzki, Chief Regional Officer, Central Europe bei Dun &amp; Bradstreet.<\/p>\n<p><em>Quelle: <a href=\"https:\/\/www.dnb.com\/\">www.dnb.com\u00a0<\/a><\/em><\/p>\n","protected":false},"excerpt":{"rendered":"<p>35 Prozent der befragten Entscheidungstr\u00e4ger in Schweizer Unternehmen betrachten mangelnde Datensicherheit als gr\u00f6sstes Risiko f\u00fcr das betriebliche \u00dcberleben in dem n\u00e4chsten Jahr, verst\u00e4rkt durch hohe Energiekosten und den Fachkr\u00e4ftemangel.  Dazu kommt die Studie \u00abDatengesteuerte Resilienz\u00bb von Dun &#038; Bradstreet, einem Daten- und Analyseanbieter. Die Studie mit \u00fcber 3\u2018000 Wirtschaftslenkern aus 18 L\u00e4ndern untersucht die Resilienz von Unternehmen, verbundene Herausforderungen und Risiken sowie die Bedeutung von Daten.<\/p>\n","protected":false},"author":58,"featured_media":22941,"comment_status":"closed","ping_status":"closed","sticky":false,"template":"","format":"standard","meta":{"_acf_changed":false,"_yoast_wpseo_focuskw":"Datensicherheit","_yoast_wpseo_metadesc":"Dun & Bradstreet Studie; Datensicherheit als gr\u00f6sstes Risiko f\u00fcr das betriebliche \u00dcberleben in dem n\u00e4chsten Jahr.","articlekey":"","footnotes":""},"categories":[28],"tags":[1069,194,418,459,492],"class_list":["post-22939","post","type-post","status-publish","format-standard","has-post-thumbnail","hentry","category-management","tag-energiekosten","tag-fachkraeftemangel","tag-risikomanagement","tag-studie","tag-unternehmen"],"acf":[],"yoast_head":"<!-- This site is optimized with the Yoast SEO plugin v27.5 - https:\/\/yoast.com\/product\/yoast-seo-wordpress\/ -->\n<title>Datensicherheit: Existenzielles Risiko f\u00fcr die Schweizer Unternehmen - Organisator<\/title>\n<meta name=\"description\" content=\"Dun &amp; Bradstreet Studie; Datensicherheit als gr\u00f6sstes Risiko f\u00fcr das betriebliche \u00dcberleben in dem n\u00e4chsten Jahr.\" \/>\n<meta name=\"robots\" content=\"index, follow, max-snippet:-1, max-image-preview:large, max-video-preview:-1\" \/>\n<link rel=\"canonical\" href=\"https:\/\/www.organisator.ch\/de\/management\/2023-11-03\/datensicherheit-existenzielles-risiko-fuer-die-schweizer-unternehmen\/\" \/>\n<meta property=\"og:locale\" content=\"de_DE\" \/>\n<meta property=\"og:type\" content=\"article\" \/>\n<meta property=\"og:title\" content=\"Datensicherheit: Existenzielles Risiko f\u00fcr die Schweizer Unternehmen\" \/>\n<meta property=\"og:description\" content=\"Dun &amp; Bradstreet Studie; Datensicherheit als gr\u00f6sstes Risiko f\u00fcr das betriebliche \u00dcberleben in dem n\u00e4chsten Jahr.\" \/>\n<meta property=\"og:url\" content=\"https:\/\/www.organisator.ch\/de\/management\/2023-11-03\/datensicherheit-existenzielles-risiko-fuer-die-schweizer-unternehmen\/\" \/>\n<meta property=\"og:site_name\" content=\"Organisator\" \/>\n<meta property=\"article:publisher\" content=\"https:\/\/www.facebook.com\/OrganisatorFachmagazin\" \/>\n<meta property=\"article:published_time\" content=\"2023-11-03T10:04:58+00:00\" \/>\n<meta property=\"og:image\" content=\"https:\/\/www.organisator.ch\/wp-content\/uploads\/2023\/11\/dnb_Bild1_ps.jpg\" \/>\n\t<meta property=\"og:image:width\" content=\"680\" \/>\n\t<meta property=\"og:image:height\" content=\"408\" \/>\n\t<meta property=\"og:image:type\" content=\"image\/jpeg\" \/>\n<meta name=\"author\" content=\"Adelisa Kalajdzini\" \/>\n<meta name=\"twitter:card\" content=\"summary_large_image\" \/>\n<meta name=\"twitter:title\" content=\"Datensicherheit: Existenzielles Risiko f\u00fcr die Schweizer Unternehmen\" \/>\n<meta name=\"twitter:description\" content=\"#Dun &amp; Bradstreet #Studie; #Datensicherheit als gr\u00f6sstes #Risiko f\u00fcr das betriebliche \u00dcberleben in dem n\u00e4chsten Jahr.\" \/>\n<meta name=\"twitter:image\" content=\"https:\/\/www.organisator.ch\/wp-content\/uploads\/2023\/11\/dnb_Bild1_ps.jpg\" \/>\n<script type=\"application\/ld+json\" class=\"yoast-schema-graph\">{\"@context\":\"https:\\\/\\\/schema.org\",\"@graph\":[{\"@type\":\"Article\",\"@id\":\"https:\\\/\\\/www.organisator.ch\\\/management\\\/2023-11-03\\\/datensicherheit-existenzielles-risiko-fuer-die-schweizer-unternehmen\\\/#article\",\"isPartOf\":{\"@id\":\"https:\\\/\\\/www.organisator.ch\\\/management\\\/2023-11-03\\\/datensicherheit-existenzielles-risiko-fuer-die-schweizer-unternehmen\\\/\"},\"author\":{\"name\":\"Adelisa Kalajdzini\",\"@id\":\"https:\\\/\\\/www.organisator.ch\\\/#\\\/schema\\\/person\\\/2e1314a2172123f874db408d8911d3f3\"},\"headline\":\"Datensicherheit: Existenzielles Risiko f\u00fcr die Schweizer Unternehmen\",\"datePublished\":\"2023-11-03T10:04:58+00:00\",\"mainEntityOfPage\":{\"@id\":\"https:\\\/\\\/www.organisator.ch\\\/management\\\/2023-11-03\\\/datensicherheit-existenzielles-risiko-fuer-die-schweizer-unternehmen\\\/\"},\"wordCount\":325,\"publisher\":{\"@id\":\"https:\\\/\\\/www.organisator.ch\\\/#organization\"},\"image\":{\"@id\":\"https:\\\/\\\/www.organisator.ch\\\/management\\\/2023-11-03\\\/datensicherheit-existenzielles-risiko-fuer-die-schweizer-unternehmen\\\/#primaryimage\"},\"thumbnailUrl\":\"https:\\\/\\\/www.organisator.ch\\\/wp-content\\\/uploads\\\/2023\\\/11\\\/dnb_Bild1_ps.jpg\",\"keywords\":[\"Energiekosten\",\"Fachkr\u00e4ftemangel\",\"Risikomanagement\",\"Studie\",\"Unternehmen\"],\"articleSection\":[\"MANAGEMENT\"],\"inLanguage\":\"de\"},{\"@type\":\"WebPage\",\"@id\":\"https:\\\/\\\/www.organisator.ch\\\/management\\\/2023-11-03\\\/datensicherheit-existenzielles-risiko-fuer-die-schweizer-unternehmen\\\/\",\"url\":\"https:\\\/\\\/www.organisator.ch\\\/management\\\/2023-11-03\\\/datensicherheit-existenzielles-risiko-fuer-die-schweizer-unternehmen\\\/\",\"name\":\"Datensicherheit: Existenzielles Risiko f\u00fcr die Schweizer Unternehmen - Organisator\",\"isPartOf\":{\"@id\":\"https:\\\/\\\/www.organisator.ch\\\/#website\"},\"primaryImageOfPage\":{\"@id\":\"https:\\\/\\\/www.organisator.ch\\\/management\\\/2023-11-03\\\/datensicherheit-existenzielles-risiko-fuer-die-schweizer-unternehmen\\\/#primaryimage\"},\"image\":{\"@id\":\"https:\\\/\\\/www.organisator.ch\\\/management\\\/2023-11-03\\\/datensicherheit-existenzielles-risiko-fuer-die-schweizer-unternehmen\\\/#primaryimage\"},\"thumbnailUrl\":\"https:\\\/\\\/www.organisator.ch\\\/wp-content\\\/uploads\\\/2023\\\/11\\\/dnb_Bild1_ps.jpg\",\"datePublished\":\"2023-11-03T10:04:58+00:00\",\"description\":\"Dun & Bradstreet Studie; Datensicherheit als gr\u00f6sstes Risiko f\u00fcr das betriebliche \u00dcberleben in dem n\u00e4chsten Jahr.\",\"breadcrumb\":{\"@id\":\"https:\\\/\\\/www.organisator.ch\\\/management\\\/2023-11-03\\\/datensicherheit-existenzielles-risiko-fuer-die-schweizer-unternehmen\\\/#breadcrumb\"},\"inLanguage\":\"de\",\"potentialAction\":[{\"@type\":\"ReadAction\",\"target\":[\"https:\\\/\\\/www.organisator.ch\\\/management\\\/2023-11-03\\\/datensicherheit-existenzielles-risiko-fuer-die-schweizer-unternehmen\\\/\"]}]},{\"@type\":\"ImageObject\",\"inLanguage\":\"de\",\"@id\":\"https:\\\/\\\/www.organisator.ch\\\/management\\\/2023-11-03\\\/datensicherheit-existenzielles-risiko-fuer-die-schweizer-unternehmen\\\/#primaryimage\",\"url\":\"https:\\\/\\\/www.organisator.ch\\\/wp-content\\\/uploads\\\/2023\\\/11\\\/dnb_Bild1_ps.jpg\",\"contentUrl\":\"https:\\\/\\\/www.organisator.ch\\\/wp-content\\\/uploads\\\/2023\\\/11\\\/dnb_Bild1_ps.jpg\",\"width\":680,\"height\":408,\"caption\":\"Datensicherheit als gr\u00f6sstes Risiko f\u00fcr das betriebliche \u00dcberleben in dem n\u00e4chsten Jahr. (Bild: www.pixabay.com)\"},{\"@type\":\"BreadcrumbList\",\"@id\":\"https:\\\/\\\/www.organisator.ch\\\/management\\\/2023-11-03\\\/datensicherheit-existenzielles-risiko-fuer-die-schweizer-unternehmen\\\/#breadcrumb\",\"itemListElement\":[{\"@type\":\"ListItem\",\"position\":1,\"name\":\"Home\",\"item\":\"https:\\\/\\\/www.organisator.ch\\\/\"},{\"@type\":\"ListItem\",\"position\":2,\"name\":\"Datensicherheit: Existenzielles Risiko f\u00fcr die Schweizer Unternehmen\"}]},{\"@type\":\"WebSite\",\"@id\":\"https:\\\/\\\/www.organisator.ch\\\/#website\",\"url\":\"https:\\\/\\\/www.organisator.ch\\\/\",\"name\":\"Organisator\",\"description\":\"Kompetent. Praxisnah. Der ORGANISATOR bereitet in 10 Ausgaben pro Jahr die wesentlichen Themen f\u00fcr F\u00fchrungskr\u00e4fte von KMU auf.\",\"publisher\":{\"@id\":\"https:\\\/\\\/www.organisator.ch\\\/#organization\"},\"potentialAction\":[{\"@type\":\"SearchAction\",\"target\":{\"@type\":\"EntryPoint\",\"urlTemplate\":\"https:\\\/\\\/www.organisator.ch\\\/?s={search_term_string}\"},\"query-input\":{\"@type\":\"PropertyValueSpecification\",\"valueRequired\":true,\"valueName\":\"search_term_string\"}}],\"inLanguage\":\"de\"},{\"@type\":\"Organization\",\"@id\":\"https:\\\/\\\/www.organisator.ch\\\/#organization\",\"name\":\"Organisator\",\"url\":\"https:\\\/\\\/www.organisator.ch\\\/\",\"logo\":{\"@type\":\"ImageObject\",\"inLanguage\":\"de\",\"@id\":\"https:\\\/\\\/www.organisator.ch\\\/#\\\/schema\\\/logo\\\/image\\\/\",\"url\":\"https:\\\/\\\/www.organisator.ch\\\/wp-content\\\/uploads\\\/2022\\\/01\\\/Logo_Organisator_Website.png\",\"contentUrl\":\"https:\\\/\\\/www.organisator.ch\\\/wp-content\\\/uploads\\\/2022\\\/01\\\/Logo_Organisator_Website.png\",\"width\":800,\"height\":77,\"caption\":\"Organisator\"},\"image\":{\"@id\":\"https:\\\/\\\/www.organisator.ch\\\/#\\\/schema\\\/logo\\\/image\\\/\"},\"sameAs\":[\"https:\\\/\\\/www.facebook.com\\\/OrganisatorFachmagazin\",\"https:\\\/\\\/www.linkedin.com\\\/showcase\\\/organisator-das-magazin-fr-kmu\",\"https:\\\/\\\/www.xing.com\\\/news\\\/pages\\\/organisator-ch-695\",\"https:\\\/\\\/www.youtube.com\\\/channel\\\/UCGP2Sq0iWaZwT3BdIAQFYpw\"]},{\"@type\":\"Person\",\"@id\":\"https:\\\/\\\/www.organisator.ch\\\/#\\\/schema\\\/person\\\/2e1314a2172123f874db408d8911d3f3\",\"name\":\"Adelisa Kalajdzini\",\"image\":{\"@type\":\"ImageObject\",\"inLanguage\":\"de\",\"@id\":\"https:\\\/\\\/secure.gravatar.com\\\/avatar\\\/09a397c22ac58cad6f160ee8306348599df9df58a8ede73696226897b9fa4b24?s=96&d=mm&r=g\",\"url\":\"https:\\\/\\\/secure.gravatar.com\\\/avatar\\\/09a397c22ac58cad6f160ee8306348599df9df58a8ede73696226897b9fa4b24?s=96&d=mm&r=g\",\"contentUrl\":\"https:\\\/\\\/secure.gravatar.com\\\/avatar\\\/09a397c22ac58cad6f160ee8306348599df9df58a8ede73696226897b9fa4b24?s=96&d=mm&r=g\",\"caption\":\"Adelisa Kalajdzini\"},\"url\":\"https:\\\/\\\/www.organisator.ch\\\/de\\\/author\\\/adelisa-kalajdzini\\\/\"}]}<\/script>\n<!-- \/ Yoast SEO plugin. -->","yoast_head_json":{"title":"Datensicherheit: Existenzielles Risiko f\u00fcr die Schweizer Unternehmen - Organisator","description":"Dun & Bradstreet Studie; Datensicherheit als gr\u00f6sstes Risiko f\u00fcr das betriebliche \u00dcberleben in dem n\u00e4chsten Jahr.","robots":{"index":"index","follow":"follow","max-snippet":"max-snippet:-1","max-image-preview":"max-image-preview:large","max-video-preview":"max-video-preview:-1"},"canonical":"https:\/\/www.organisator.ch\/de\/management\/2023-11-03\/datensicherheit-existenzielles-risiko-fuer-die-schweizer-unternehmen\/","og_locale":"de_DE","og_type":"article","og_title":"Datensicherheit: Existenzielles Risiko f\u00fcr die Schweizer Unternehmen","og_description":"Dun & Bradstreet Studie; Datensicherheit als gr\u00f6sstes Risiko f\u00fcr das betriebliche \u00dcberleben in dem n\u00e4chsten Jahr.","og_url":"https:\/\/www.organisator.ch\/de\/management\/2023-11-03\/datensicherheit-existenzielles-risiko-fuer-die-schweizer-unternehmen\/","og_site_name":"Organisator","article_publisher":"https:\/\/www.facebook.com\/OrganisatorFachmagazin","article_published_time":"2023-11-03T10:04:58+00:00","og_image":[{"width":680,"height":408,"url":"https:\/\/www.organisator.ch\/wp-content\/uploads\/2023\/11\/dnb_Bild1_ps.jpg","type":"image\/jpeg"}],"author":"Adelisa Kalajdzini","twitter_card":"summary_large_image","twitter_title":"Datensicherheit: Existenzielles Risiko f\u00fcr die Schweizer Unternehmen","twitter_description":"#Dun & Bradstreet #Studie; #Datensicherheit als gr\u00f6sstes #Risiko f\u00fcr das betriebliche \u00dcberleben in dem n\u00e4chsten Jahr.","twitter_image":"https:\/\/www.organisator.ch\/wp-content\/uploads\/2023\/11\/dnb_Bild1_ps.jpg","schema":{"@context":"https:\/\/schema.org","@graph":[{"@type":"Article","@id":"https:\/\/www.organisator.ch\/management\/2023-11-03\/datensicherheit-existenzielles-risiko-fuer-die-schweizer-unternehmen\/#article","isPartOf":{"@id":"https:\/\/www.organisator.ch\/management\/2023-11-03\/datensicherheit-existenzielles-risiko-fuer-die-schweizer-unternehmen\/"},"author":{"name":"Adelisa Kalajdzini","@id":"https:\/\/www.organisator.ch\/#\/schema\/person\/2e1314a2172123f874db408d8911d3f3"},"headline":"Datensicherheit: Existenzielles Risiko f\u00fcr die Schweizer Unternehmen","datePublished":"2023-11-03T10:04:58+00:00","mainEntityOfPage":{"@id":"https:\/\/www.organisator.ch\/management\/2023-11-03\/datensicherheit-existenzielles-risiko-fuer-die-schweizer-unternehmen\/"},"wordCount":325,"publisher":{"@id":"https:\/\/www.organisator.ch\/#organization"},"image":{"@id":"https:\/\/www.organisator.ch\/management\/2023-11-03\/datensicherheit-existenzielles-risiko-fuer-die-schweizer-unternehmen\/#primaryimage"},"thumbnailUrl":"https:\/\/www.organisator.ch\/wp-content\/uploads\/2023\/11\/dnb_Bild1_ps.jpg","keywords":["Energiekosten","Fachkr\u00e4ftemangel","Risikomanagement","Studie","Unternehmen"],"articleSection":["MANAGEMENT"],"inLanguage":"de"},{"@type":"WebPage","@id":"https:\/\/www.organisator.ch\/management\/2023-11-03\/datensicherheit-existenzielles-risiko-fuer-die-schweizer-unternehmen\/","url":"https:\/\/www.organisator.ch\/management\/2023-11-03\/datensicherheit-existenzielles-risiko-fuer-die-schweizer-unternehmen\/","name":"Datensicherheit: Existenzielles Risiko f\u00fcr die Schweizer Unternehmen - Organisator","isPartOf":{"@id":"https:\/\/www.organisator.ch\/#website"},"primaryImageOfPage":{"@id":"https:\/\/www.organisator.ch\/management\/2023-11-03\/datensicherheit-existenzielles-risiko-fuer-die-schweizer-unternehmen\/#primaryimage"},"image":{"@id":"https:\/\/www.organisator.ch\/management\/2023-11-03\/datensicherheit-existenzielles-risiko-fuer-die-schweizer-unternehmen\/#primaryimage"},"thumbnailUrl":"https:\/\/www.organisator.ch\/wp-content\/uploads\/2023\/11\/dnb_Bild1_ps.jpg","datePublished":"2023-11-03T10:04:58+00:00","description":"Dun & Bradstreet Studie; Datensicherheit als gr\u00f6sstes Risiko f\u00fcr das betriebliche \u00dcberleben in dem n\u00e4chsten Jahr.","breadcrumb":{"@id":"https:\/\/www.organisator.ch\/management\/2023-11-03\/datensicherheit-existenzielles-risiko-fuer-die-schweizer-unternehmen\/#breadcrumb"},"inLanguage":"de","potentialAction":[{"@type":"ReadAction","target":["https:\/\/www.organisator.ch\/management\/2023-11-03\/datensicherheit-existenzielles-risiko-fuer-die-schweizer-unternehmen\/"]}]},{"@type":"ImageObject","inLanguage":"de","@id":"https:\/\/www.organisator.ch\/management\/2023-11-03\/datensicherheit-existenzielles-risiko-fuer-die-schweizer-unternehmen\/#primaryimage","url":"https:\/\/www.organisator.ch\/wp-content\/uploads\/2023\/11\/dnb_Bild1_ps.jpg","contentUrl":"https:\/\/www.organisator.ch\/wp-content\/uploads\/2023\/11\/dnb_Bild1_ps.jpg","width":680,"height":408,"caption":"Datensicherheit als gr\u00f6sstes Risiko f\u00fcr das betriebliche \u00dcberleben in dem n\u00e4chsten Jahr. (Bild: www.pixabay.com)"},{"@type":"BreadcrumbList","@id":"https:\/\/www.organisator.ch\/management\/2023-11-03\/datensicherheit-existenzielles-risiko-fuer-die-schweizer-unternehmen\/#breadcrumb","itemListElement":[{"@type":"ListItem","position":1,"name":"Home","item":"https:\/\/www.organisator.ch\/"},{"@type":"ListItem","position":2,"name":"Datensicherheit: Existenzielles Risiko f\u00fcr die Schweizer Unternehmen"}]},{"@type":"WebSite","@id":"https:\/\/www.organisator.ch\/#website","url":"https:\/\/www.organisator.ch\/","name":"Organisator","description":"Kompetent. Praxisnah. Der ORGANISATOR bereitet in 10 Ausgaben pro Jahr die wesentlichen Themen f\u00fcr F\u00fchrungskr\u00e4fte von KMU auf.","publisher":{"@id":"https:\/\/www.organisator.ch\/#organization"},"potentialAction":[{"@type":"SearchAction","target":{"@type":"EntryPoint","urlTemplate":"https:\/\/www.organisator.ch\/?s={search_term_string}"},"query-input":{"@type":"PropertyValueSpecification","valueRequired":true,"valueName":"search_term_string"}}],"inLanguage":"de"},{"@type":"Organization","@id":"https:\/\/www.organisator.ch\/#organization","name":"Organisator","url":"https:\/\/www.organisator.ch\/","logo":{"@type":"ImageObject","inLanguage":"de","@id":"https:\/\/www.organisator.ch\/#\/schema\/logo\/image\/","url":"https:\/\/www.organisator.ch\/wp-content\/uploads\/2022\/01\/Logo_Organisator_Website.png","contentUrl":"https:\/\/www.organisator.ch\/wp-content\/uploads\/2022\/01\/Logo_Organisator_Website.png","width":800,"height":77,"caption":"Organisator"},"image":{"@id":"https:\/\/www.organisator.ch\/#\/schema\/logo\/image\/"},"sameAs":["https:\/\/www.facebook.com\/OrganisatorFachmagazin","https:\/\/www.linkedin.com\/showcase\/organisator-das-magazin-fr-kmu","https:\/\/www.xing.com\/news\/pages\/organisator-ch-695","https:\/\/www.youtube.com\/channel\/UCGP2Sq0iWaZwT3BdIAQFYpw"]},{"@type":"Person","@id":"https:\/\/www.organisator.ch\/#\/schema\/person\/2e1314a2172123f874db408d8911d3f3","name":"Adelisa Kalajdzini","image":{"@type":"ImageObject","inLanguage":"de","@id":"https:\/\/secure.gravatar.com\/avatar\/09a397c22ac58cad6f160ee8306348599df9df58a8ede73696226897b9fa4b24?s=96&d=mm&r=g","url":"https:\/\/secure.gravatar.com\/avatar\/09a397c22ac58cad6f160ee8306348599df9df58a8ede73696226897b9fa4b24?s=96&d=mm&r=g","contentUrl":"https:\/\/secure.gravatar.com\/avatar\/09a397c22ac58cad6f160ee8306348599df9df58a8ede73696226897b9fa4b24?s=96&d=mm&r=g","caption":"Adelisa Kalajdzini"},"url":"https:\/\/www.organisator.ch\/de\/author\/adelisa-kalajdzini\/"}]}},"_links":{"self":[{"href":"https:\/\/www.organisator.ch\/de\/wp-json\/wp\/v2\/posts\/22939","targetHints":{"allow":["GET"]}}],"collection":[{"href":"https:\/\/www.organisator.ch\/de\/wp-json\/wp\/v2\/posts"}],"about":[{"href":"https:\/\/www.organisator.ch\/de\/wp-json\/wp\/v2\/types\/post"}],"author":[{"embeddable":true,"href":"https:\/\/www.organisator.ch\/de\/wp-json\/wp\/v2\/users\/58"}],"replies":[{"embeddable":true,"href":"https:\/\/www.organisator.ch\/de\/wp-json\/wp\/v2\/comments?post=22939"}],"version-history":[{"count":3,"href":"https:\/\/www.organisator.ch\/de\/wp-json\/wp\/v2\/posts\/22939\/revisions"}],"predecessor-version":[{"id":22943,"href":"https:\/\/www.organisator.ch\/de\/wp-json\/wp\/v2\/posts\/22939\/revisions\/22943"}],"wp:featuredmedia":[{"embeddable":true,"href":"https:\/\/www.organisator.ch\/de\/wp-json\/wp\/v2\/media\/22941"}],"wp:attachment":[{"href":"https:\/\/www.organisator.ch\/de\/wp-json\/wp\/v2\/media?parent=22939"}],"wp:term":[{"taxonomy":"category","embeddable":true,"href":"https:\/\/www.organisator.ch\/de\/wp-json\/wp\/v2\/categories?post=22939"},{"taxonomy":"post_tag","embeddable":true,"href":"https:\/\/www.organisator.ch\/de\/wp-json\/wp\/v2\/tags?post=22939"}],"curies":[{"name":"wp","href":"https:\/\/api.w.org\/{rel}","templated":true}]}}