{"id":23024,"date":"2023-11-07T12:03:54","date_gmt":"2023-11-07T11:03:54","guid":{"rendered":"https:\/\/www.werbewoche.ch\/?p=206046"},"modified":"2024-11-13T09:56:11","modified_gmt":"2024-11-13T08:56:11","slug":"fe-agentur-dabu-wird-ambassador-der-sob","status":"publish","type":"post","link":"https:\/\/www.organisator.ch\/de\/marketing\/2023-11-07\/fe-agentur-dabu-wird-ambassador-der-sob\/","title":{"rendered":"Fe Agentur: Dabu wird Ambassador der SOB"},"content":{"rendered":"<figure id=\"attachment_206048\" class=\"wp-caption aligncenter\" style=\"width: 1200px\" aria-describedby=\"caption-attachment-206048\"><img class=\"aligncenter wp-image-206048 size-full\" src=\"https:\/\/www.werbewoche.ch\/wp-content\/uploads\/2023\/11\/SOB_Dabu-Showcase_Copyright-Conradin-Knabenhans3.jpg\" alt=\"SOB-Tram Konzert\" width=\"1200\" height=\"800\" \/>\r\n<figcaption id=\"caption-attachment-206048\" class=\"wp-caption-text\">(Bild: Conradin Knabenhans)<\/figcaption>\r\n<\/figure>\r\n<p>Am Samstag verwandelte sich in Z\u00fcrich das kupferfarbene SOB-Tram in eine Konzertb\u00fchne f\u00fcr Dabu Fantastic. Den Fahrg\u00e4sten sollte eine unvergessliche musikalische Reise geboten werden. Die Tickets wurden in den vorangehenden Wochen exklusiv \u00fcber die Social-Media-Kan\u00e4le der Schweizerischen S\u00fcdostbahn SOB und die Medienpartner Radio24, Radio Pilatus und Z\u00fcri Today verlost.<\/p>\r\n<p>W\u00e4hrend der von Fe und Gadget Abc Entertainment Group organisierten Veranstaltung hatten Fans und Medien die M\u00f6glichkeit, die Band pers\u00f6nlich zu treffen und Autogramme zu erhalten. Das SOB-Tram, an diesem Tag als \u00abfahrende B\u00fchne\u00bb genutzt, ist seit Anfang April 2023 und noch bis Mitte Januar in der Stadt Z\u00fcrich unterwegs. Es macht mit dem auff\u00e4lligen Design Werbung f\u00fcr ein \u00f6ffentliches Verkehrsangebot \u2013 von zuhause bis zur Zieldestination der SOB-Linien.<\/p>\r\n<figure id=\"attachment_206047\" class=\"wp-caption aligncenter\" style=\"width: 1200px\" aria-describedby=\"caption-attachment-206047\"><img class=\"size-full wp-image-206047\" src=\"https:\/\/www.werbewoche.ch\/wp-content\/uploads\/2023\/11\/SOB_Dabu-Showcase_Copyright-Conradin-Knabenhans1.jpg\" alt=\"\" width=\"1200\" height=\"800\" \/>\r\n<figcaption id=\"caption-attachment-206047\" class=\"wp-caption-text\">(Bild: Conradin Knabenhans)<\/figcaption>\r\n<\/figure>\r\n<h3>Ambassador f\u00fcr alle touristischen Linien<\/h3>\r\n<p>Das Event markiert den Beginn der Zusammenarbeit zwischen SOB und S\u00e4nger Dabu von Dabu Fantastic. Mit seinem Management, Booking und Label Gadget gewinnen Fe und die SOB einen etablierten Partner mit grossem Netzwerk und Know-how in der Entertainment-Branche dazu. Dabu ist leidenschaftlicher Bahnfahrer, denn \u00abbeim Bahnfahren kann ich arbeiten oder meine Gedanken kreisen lassen. Gerade dann passieren Dinge, die sonst nicht passieren.\u00bb<\/p>\r\n<h3>Mit Dabu wandern, reisen, musizieren<\/h3>\r\n<p>Bereits umgesetzt wurde unter anderem der Podcast \u00abDabu Hikes\u00bb, bei dem der Musiker und Nik Hartmann im Voralpen-Express zum Regenwandern aufbrachen. Unterwegs im Treno Gottardo von Z\u00fcrich nach Locarno animierte der Musiker seine Follower:innen zu einer Reise ins Tessin. Und bei \u00abFind Dabu\u00bb konnte der S\u00e4nger mit immer mehr Hinweisen in einem spezifischen Zug ausfindig gemacht werden \u2013 mit exklusiver Song-Premiere als Belohnung f\u00fcr die Finder. Ein Blumenstrauss an Aktivierungen f\u00fcr die kommenden SOB-Kampagnen ist geplant. Zudem sind weitere kreative Projekte in der Pipeline.<\/p>\r\n<figure id=\"attachment_206049\" class=\"wp-caption aligncenter\" style=\"width: 1200px\" aria-describedby=\"caption-attachment-206049\"><img class=\"size-full wp-image-206049\" src=\"https:\/\/www.werbewoche.ch\/wp-content\/uploads\/2023\/11\/SOB_Dabu-Hikes_Copyright-Steve-Wenger1.jpg\" alt=\"\" width=\"1200\" height=\"800\" \/>\r\n<figcaption id=\"caption-attachment-206049\" class=\"wp-caption-text\">Nik Hartmann (links) und Dabu unterwegs f\u00fcr \u00abDabu Hikes\u00bb. (Bild: Steve Wenger)<\/figcaption>\r\n<\/figure>\r\n<hr \/>\r\n<p><strong>Verantwortlich bei Schweizerische S\u00fcdostbahn: <\/strong>Reto Ebn\u00f6ther (Leiter Marketing &amp; Vertrieb); Andi Huber (Produktmanager Treno Gottardo); Conradin Knabenhans (Medienpsrecher). <strong>Verantwortlich bei Gadget Abc Entertainment: <\/strong>Sherlyn M\u00fcller (Brand &amp; Partnerships).<strong> Verantwortlich bei Fe Agentur: <\/strong>Karin Renold (Gesch\u00e4ftsleitung); Patric Neeser (Konzept und Projektleitung); Janine Bachmann (Art Direction); Danusha Kuchtova (Text).<\/p>","protected":false},"excerpt":{"rendered":"<p>Am Samstag trat Dabu Fantastic im Rahmen eines Showcase in einem SOB-Tram auf. Das Event markiert den Beginn einer mehrj\u00e4hrigen Zusammenarbeit, in welcher der K\u00fcnstler zum Markenbotschafter aller touristischen Linien der SOB wird.<\/p>\n","protected":false},"author":8,"featured_media":0,"comment_status":"closed","ping_status":"closed","sticky":false,"template":"","format":"standard","meta":{"_acf_changed":false,"_yoast_wpseo_focuskw":"SOB-Tram Konzert","_yoast_wpseo_metadesc":"Dabu Fantastic Konzert im SOB-Tram begeistert Z\u00fcrich. Zusammenarbeit mit der S\u00fcdostbahn und kreativen Projekten.","articlekey":"","footnotes":""},"categories":[29],"tags":[4001],"class_list":["post-23024","post","type-post","status-publish","format-standard","hentry","category-marketing","tag-fe-agentur"],"acf":[],"yoast_head":"<!-- This site is optimized with the Yoast SEO plugin v27.5 - https:\/\/yoast.com\/product\/yoast-seo-wordpress\/ -->\n<title>Fe Agentur: Dabu wird Ambassador der SOB - Organisator<\/title>\n<meta name=\"description\" content=\"Dabu Fantastic Konzert im SOB-Tram begeistert Z\u00fcrich. Zusammenarbeit mit der S\u00fcdostbahn und kreativen Projekten.\" \/>\n<meta name=\"robots\" content=\"index, follow, max-snippet:-1, max-image-preview:large, max-video-preview:-1\" \/>\n<link rel=\"canonical\" href=\"https:\/\/www.organisator.ch\/de\/marketing\/2023-11-07\/fe-agentur-dabu-wird-ambassador-der-sob\/\" \/>\n<meta property=\"og:locale\" content=\"de_DE\" \/>\n<meta property=\"og:type\" content=\"article\" \/>\n<meta property=\"og:title\" content=\"Fe Agentur: Dabu wird Ambassador der SOB - Organisator\" \/>\n<meta property=\"og:description\" content=\"Dabu Fantastic Konzert im SOB-Tram begeistert Z\u00fcrich. Zusammenarbeit mit der S\u00fcdostbahn und kreativen Projekten.\" \/>\n<meta property=\"og:url\" content=\"https:\/\/www.organisator.ch\/de\/marketing\/2023-11-07\/fe-agentur-dabu-wird-ambassador-der-sob\/\" \/>\n<meta property=\"og:site_name\" content=\"Organisator\" \/>\n<meta property=\"article:publisher\" content=\"https:\/\/www.facebook.com\/OrganisatorFachmagazin\" \/>\n<meta property=\"article:published_time\" content=\"2023-11-07T11:03:54+00:00\" \/>\n<meta property=\"article:modified_time\" content=\"2024-11-13T08:56:11+00:00\" \/>\n<meta property=\"og:image\" content=\"https:\/\/www.werbewoche.ch\/wp-content\/uploads\/2023\/11\/SOB_Dabu-Showcase_Copyright-Conradin-Knabenhans3.jpg\" \/>\n<meta name=\"author\" content=\"galledia\" \/>\n<meta name=\"twitter:card\" content=\"summary_large_image\" \/>\n<meta name=\"twitter:creator\" content=\"@admin\" \/>\n<script type=\"application\/ld+json\" class=\"yoast-schema-graph\">{\"@context\":\"https:\\\/\\\/schema.org\",\"@graph\":[{\"@type\":\"Article\",\"@id\":\"https:\\\/\\\/www.organisator.ch\\\/marketing\\\/2023-11-07\\\/fe-agentur-dabu-wird-ambassador-der-sob\\\/#article\",\"isPartOf\":{\"@id\":\"https:\\\/\\\/www.organisator.ch\\\/marketing\\\/2023-11-07\\\/fe-agentur-dabu-wird-ambassador-der-sob\\\/\"},\"author\":{\"name\":\"galledia\",\"@id\":\"https:\\\/\\\/www.organisator.ch\\\/#\\\/schema\\\/person\\\/4e51799071cd2dd1232ac003643ef5f0\"},\"headline\":\"Fe Agentur: Dabu wird Ambassador der SOB\",\"datePublished\":\"2023-11-07T11:03:54+00:00\",\"dateModified\":\"2024-11-13T08:56:11+00:00\",\"mainEntityOfPage\":{\"@id\":\"https:\\\/\\\/www.organisator.ch\\\/marketing\\\/2023-11-07\\\/fe-agentur-dabu-wird-ambassador-der-sob\\\/\"},\"wordCount\":369,\"publisher\":{\"@id\":\"https:\\\/\\\/www.organisator.ch\\\/#organization\"},\"image\":{\"@id\":\"https:\\\/\\\/www.organisator.ch\\\/marketing\\\/2023-11-07\\\/fe-agentur-dabu-wird-ambassador-der-sob\\\/#primaryimage\"},\"thumbnailUrl\":\"https:\\\/\\\/www.werbewoche.ch\\\/wp-content\\\/uploads\\\/2023\\\/11\\\/SOB_Dabu-Showcase_Copyright-Conradin-Knabenhans3.jpg\",\"keywords\":[\"Fe Agentur\"],\"articleSection\":[\"MARKETING\"],\"inLanguage\":\"de\"},{\"@type\":\"WebPage\",\"@id\":\"https:\\\/\\\/www.organisator.ch\\\/marketing\\\/2023-11-07\\\/fe-agentur-dabu-wird-ambassador-der-sob\\\/\",\"url\":\"https:\\\/\\\/www.organisator.ch\\\/marketing\\\/2023-11-07\\\/fe-agentur-dabu-wird-ambassador-der-sob\\\/\",\"name\":\"Fe Agentur: Dabu wird Ambassador der SOB - Organisator\",\"isPartOf\":{\"@id\":\"https:\\\/\\\/www.organisator.ch\\\/#website\"},\"primaryImageOfPage\":{\"@id\":\"https:\\\/\\\/www.organisator.ch\\\/marketing\\\/2023-11-07\\\/fe-agentur-dabu-wird-ambassador-der-sob\\\/#primaryimage\"},\"image\":{\"@id\":\"https:\\\/\\\/www.organisator.ch\\\/marketing\\\/2023-11-07\\\/fe-agentur-dabu-wird-ambassador-der-sob\\\/#primaryimage\"},\"thumbnailUrl\":\"https:\\\/\\\/www.werbewoche.ch\\\/wp-content\\\/uploads\\\/2023\\\/11\\\/SOB_Dabu-Showcase_Copyright-Conradin-Knabenhans3.jpg\",\"datePublished\":\"2023-11-07T11:03:54+00:00\",\"dateModified\":\"2024-11-13T08:56:11+00:00\",\"description\":\"Dabu Fantastic Konzert im SOB-Tram begeistert Z\u00fcrich. Zusammenarbeit mit der S\u00fcdostbahn und kreativen Projekten.\",\"breadcrumb\":{\"@id\":\"https:\\\/\\\/www.organisator.ch\\\/marketing\\\/2023-11-07\\\/fe-agentur-dabu-wird-ambassador-der-sob\\\/#breadcrumb\"},\"inLanguage\":\"de\",\"potentialAction\":[{\"@type\":\"ReadAction\",\"target\":[\"https:\\\/\\\/www.organisator.ch\\\/marketing\\\/2023-11-07\\\/fe-agentur-dabu-wird-ambassador-der-sob\\\/\"]}]},{\"@type\":\"ImageObject\",\"inLanguage\":\"de\",\"@id\":\"https:\\\/\\\/www.organisator.ch\\\/marketing\\\/2023-11-07\\\/fe-agentur-dabu-wird-ambassador-der-sob\\\/#primaryimage\",\"url\":\"https:\\\/\\\/www.werbewoche.ch\\\/wp-content\\\/uploads\\\/2023\\\/11\\\/SOB_Dabu-Showcase_Copyright-Conradin-Knabenhans3.jpg\",\"contentUrl\":\"https:\\\/\\\/www.werbewoche.ch\\\/wp-content\\\/uploads\\\/2023\\\/11\\\/SOB_Dabu-Showcase_Copyright-Conradin-Knabenhans3.jpg\"},{\"@type\":\"BreadcrumbList\",\"@id\":\"https:\\\/\\\/www.organisator.ch\\\/marketing\\\/2023-11-07\\\/fe-agentur-dabu-wird-ambassador-der-sob\\\/#breadcrumb\",\"itemListElement\":[{\"@type\":\"ListItem\",\"position\":1,\"name\":\"Home\",\"item\":\"https:\\\/\\\/www.organisator.ch\\\/\"},{\"@type\":\"ListItem\",\"position\":2,\"name\":\"Fe Agentur: Dabu wird Ambassador der SOB\"}]},{\"@type\":\"WebSite\",\"@id\":\"https:\\\/\\\/www.organisator.ch\\\/#website\",\"url\":\"https:\\\/\\\/www.organisator.ch\\\/\",\"name\":\"Organisator\",\"description\":\"Kompetent. Praxisnah. Der ORGANISATOR bereitet in 10 Ausgaben pro Jahr die wesentlichen Themen f\u00fcr F\u00fchrungskr\u00e4fte von KMU auf.\",\"publisher\":{\"@id\":\"https:\\\/\\\/www.organisator.ch\\\/#organization\"},\"potentialAction\":[{\"@type\":\"SearchAction\",\"target\":{\"@type\":\"EntryPoint\",\"urlTemplate\":\"https:\\\/\\\/www.organisator.ch\\\/?s={search_term_string}\"},\"query-input\":{\"@type\":\"PropertyValueSpecification\",\"valueRequired\":true,\"valueName\":\"search_term_string\"}}],\"inLanguage\":\"de\"},{\"@type\":\"Organization\",\"@id\":\"https:\\\/\\\/www.organisator.ch\\\/#organization\",\"name\":\"Organisator\",\"url\":\"https:\\\/\\\/www.organisator.ch\\\/\",\"logo\":{\"@type\":\"ImageObject\",\"inLanguage\":\"de\",\"@id\":\"https:\\\/\\\/www.organisator.ch\\\/#\\\/schema\\\/logo\\\/image\\\/\",\"url\":\"https:\\\/\\\/www.organisator.ch\\\/wp-content\\\/uploads\\\/2022\\\/01\\\/Logo_Organisator_Website.png\",\"contentUrl\":\"https:\\\/\\\/www.organisator.ch\\\/wp-content\\\/uploads\\\/2022\\\/01\\\/Logo_Organisator_Website.png\",\"width\":800,\"height\":77,\"caption\":\"Organisator\"},\"image\":{\"@id\":\"https:\\\/\\\/www.organisator.ch\\\/#\\\/schema\\\/logo\\\/image\\\/\"},\"sameAs\":[\"https:\\\/\\\/www.facebook.com\\\/OrganisatorFachmagazin\",\"https:\\\/\\\/www.linkedin.com\\\/showcase\\\/organisator-das-magazin-fr-kmu\",\"https:\\\/\\\/www.xing.com\\\/news\\\/pages\\\/organisator-ch-695\",\"https:\\\/\\\/www.youtube.com\\\/channel\\\/UCGP2Sq0iWaZwT3BdIAQFYpw\"]},{\"@type\":\"Person\",\"@id\":\"https:\\\/\\\/www.organisator.ch\\\/#\\\/schema\\\/person\\\/4e51799071cd2dd1232ac003643ef5f0\",\"name\":\"galledia\",\"image\":{\"@type\":\"ImageObject\",\"inLanguage\":\"de\",\"@id\":\"https:\\\/\\\/secure.gravatar.com\\\/avatar\\\/78a7f90c01fc2bfc875782a0d4922b37cde2cf184ce347b91316d23cd7f69a36?s=96&d=mm&r=g\",\"url\":\"https:\\\/\\\/secure.gravatar.com\\\/avatar\\\/78a7f90c01fc2bfc875782a0d4922b37cde2cf184ce347b91316d23cd7f69a36?s=96&d=mm&r=g\",\"contentUrl\":\"https:\\\/\\\/secure.gravatar.com\\\/avatar\\\/78a7f90c01fc2bfc875782a0d4922b37cde2cf184ce347b91316d23cd7f69a36?s=96&d=mm&r=g\",\"caption\":\"galledia\"},\"sameAs\":[\"https:\\\/\\\/x.com\\\/admin\"],\"url\":\"https:\\\/\\\/www.organisator.ch\\\/de\\\/author\\\/galledia\\\/\"}]}<\/script>\n<!-- \/ Yoast SEO plugin. -->","yoast_head_json":{"title":"Fe Agentur: Dabu wird Ambassador der SOB - Organisator","description":"Dabu Fantastic Konzert im SOB-Tram begeistert Z\u00fcrich. Zusammenarbeit mit der S\u00fcdostbahn und kreativen Projekten.","robots":{"index":"index","follow":"follow","max-snippet":"max-snippet:-1","max-image-preview":"max-image-preview:large","max-video-preview":"max-video-preview:-1"},"canonical":"https:\/\/www.organisator.ch\/de\/marketing\/2023-11-07\/fe-agentur-dabu-wird-ambassador-der-sob\/","og_locale":"de_DE","og_type":"article","og_title":"Fe Agentur: Dabu wird Ambassador der SOB - Organisator","og_description":"Dabu Fantastic Konzert im SOB-Tram begeistert Z\u00fcrich. Zusammenarbeit mit der S\u00fcdostbahn und kreativen Projekten.","og_url":"https:\/\/www.organisator.ch\/de\/marketing\/2023-11-07\/fe-agentur-dabu-wird-ambassador-der-sob\/","og_site_name":"Organisator","article_publisher":"https:\/\/www.facebook.com\/OrganisatorFachmagazin","article_published_time":"2023-11-07T11:03:54+00:00","article_modified_time":"2024-11-13T08:56:11+00:00","og_image":[{"url":"https:\/\/www.werbewoche.ch\/wp-content\/uploads\/2023\/11\/SOB_Dabu-Showcase_Copyright-Conradin-Knabenhans3.jpg","type":"","width":"","height":""}],"author":"galledia","twitter_card":"summary_large_image","twitter_creator":"@admin","schema":{"@context":"https:\/\/schema.org","@graph":[{"@type":"Article","@id":"https:\/\/www.organisator.ch\/marketing\/2023-11-07\/fe-agentur-dabu-wird-ambassador-der-sob\/#article","isPartOf":{"@id":"https:\/\/www.organisator.ch\/marketing\/2023-11-07\/fe-agentur-dabu-wird-ambassador-der-sob\/"},"author":{"name":"galledia","@id":"https:\/\/www.organisator.ch\/#\/schema\/person\/4e51799071cd2dd1232ac003643ef5f0"},"headline":"Fe Agentur: Dabu wird Ambassador der SOB","datePublished":"2023-11-07T11:03:54+00:00","dateModified":"2024-11-13T08:56:11+00:00","mainEntityOfPage":{"@id":"https:\/\/www.organisator.ch\/marketing\/2023-11-07\/fe-agentur-dabu-wird-ambassador-der-sob\/"},"wordCount":369,"publisher":{"@id":"https:\/\/www.organisator.ch\/#organization"},"image":{"@id":"https:\/\/www.organisator.ch\/marketing\/2023-11-07\/fe-agentur-dabu-wird-ambassador-der-sob\/#primaryimage"},"thumbnailUrl":"https:\/\/www.werbewoche.ch\/wp-content\/uploads\/2023\/11\/SOB_Dabu-Showcase_Copyright-Conradin-Knabenhans3.jpg","keywords":["Fe Agentur"],"articleSection":["MARKETING"],"inLanguage":"de"},{"@type":"WebPage","@id":"https:\/\/www.organisator.ch\/marketing\/2023-11-07\/fe-agentur-dabu-wird-ambassador-der-sob\/","url":"https:\/\/www.organisator.ch\/marketing\/2023-11-07\/fe-agentur-dabu-wird-ambassador-der-sob\/","name":"Fe Agentur: Dabu wird Ambassador der SOB - Organisator","isPartOf":{"@id":"https:\/\/www.organisator.ch\/#website"},"primaryImageOfPage":{"@id":"https:\/\/www.organisator.ch\/marketing\/2023-11-07\/fe-agentur-dabu-wird-ambassador-der-sob\/#primaryimage"},"image":{"@id":"https:\/\/www.organisator.ch\/marketing\/2023-11-07\/fe-agentur-dabu-wird-ambassador-der-sob\/#primaryimage"},"thumbnailUrl":"https:\/\/www.werbewoche.ch\/wp-content\/uploads\/2023\/11\/SOB_Dabu-Showcase_Copyright-Conradin-Knabenhans3.jpg","datePublished":"2023-11-07T11:03:54+00:00","dateModified":"2024-11-13T08:56:11+00:00","description":"Dabu Fantastic Konzert im SOB-Tram begeistert Z\u00fcrich. Zusammenarbeit mit der S\u00fcdostbahn und kreativen Projekten.","breadcrumb":{"@id":"https:\/\/www.organisator.ch\/marketing\/2023-11-07\/fe-agentur-dabu-wird-ambassador-der-sob\/#breadcrumb"},"inLanguage":"de","potentialAction":[{"@type":"ReadAction","target":["https:\/\/www.organisator.ch\/marketing\/2023-11-07\/fe-agentur-dabu-wird-ambassador-der-sob\/"]}]},{"@type":"ImageObject","inLanguage":"de","@id":"https:\/\/www.organisator.ch\/marketing\/2023-11-07\/fe-agentur-dabu-wird-ambassador-der-sob\/#primaryimage","url":"https:\/\/www.werbewoche.ch\/wp-content\/uploads\/2023\/11\/SOB_Dabu-Showcase_Copyright-Conradin-Knabenhans3.jpg","contentUrl":"https:\/\/www.werbewoche.ch\/wp-content\/uploads\/2023\/11\/SOB_Dabu-Showcase_Copyright-Conradin-Knabenhans3.jpg"},{"@type":"BreadcrumbList","@id":"https:\/\/www.organisator.ch\/marketing\/2023-11-07\/fe-agentur-dabu-wird-ambassador-der-sob\/#breadcrumb","itemListElement":[{"@type":"ListItem","position":1,"name":"Home","item":"https:\/\/www.organisator.ch\/"},{"@type":"ListItem","position":2,"name":"Fe Agentur: Dabu wird Ambassador der SOB"}]},{"@type":"WebSite","@id":"https:\/\/www.organisator.ch\/#website","url":"https:\/\/www.organisator.ch\/","name":"Organisator","description":"Kompetent. Praxisnah. Der ORGANISATOR bereitet in 10 Ausgaben pro Jahr die wesentlichen Themen f\u00fcr F\u00fchrungskr\u00e4fte von KMU auf.","publisher":{"@id":"https:\/\/www.organisator.ch\/#organization"},"potentialAction":[{"@type":"SearchAction","target":{"@type":"EntryPoint","urlTemplate":"https:\/\/www.organisator.ch\/?s={search_term_string}"},"query-input":{"@type":"PropertyValueSpecification","valueRequired":true,"valueName":"search_term_string"}}],"inLanguage":"de"},{"@type":"Organization","@id":"https:\/\/www.organisator.ch\/#organization","name":"Organisator","url":"https:\/\/www.organisator.ch\/","logo":{"@type":"ImageObject","inLanguage":"de","@id":"https:\/\/www.organisator.ch\/#\/schema\/logo\/image\/","url":"https:\/\/www.organisator.ch\/wp-content\/uploads\/2022\/01\/Logo_Organisator_Website.png","contentUrl":"https:\/\/www.organisator.ch\/wp-content\/uploads\/2022\/01\/Logo_Organisator_Website.png","width":800,"height":77,"caption":"Organisator"},"image":{"@id":"https:\/\/www.organisator.ch\/#\/schema\/logo\/image\/"},"sameAs":["https:\/\/www.facebook.com\/OrganisatorFachmagazin","https:\/\/www.linkedin.com\/showcase\/organisator-das-magazin-fr-kmu","https:\/\/www.xing.com\/news\/pages\/organisator-ch-695","https:\/\/www.youtube.com\/channel\/UCGP2Sq0iWaZwT3BdIAQFYpw"]},{"@type":"Person","@id":"https:\/\/www.organisator.ch\/#\/schema\/person\/4e51799071cd2dd1232ac003643ef5f0","name":"galledia","image":{"@type":"ImageObject","inLanguage":"de","@id":"https:\/\/secure.gravatar.com\/avatar\/78a7f90c01fc2bfc875782a0d4922b37cde2cf184ce347b91316d23cd7f69a36?s=96&d=mm&r=g","url":"https:\/\/secure.gravatar.com\/avatar\/78a7f90c01fc2bfc875782a0d4922b37cde2cf184ce347b91316d23cd7f69a36?s=96&d=mm&r=g","contentUrl":"https:\/\/secure.gravatar.com\/avatar\/78a7f90c01fc2bfc875782a0d4922b37cde2cf184ce347b91316d23cd7f69a36?s=96&d=mm&r=g","caption":"galledia"},"sameAs":["https:\/\/x.com\/admin"],"url":"https:\/\/www.organisator.ch\/de\/author\/galledia\/"}]}},"_links":{"self":[{"href":"https:\/\/www.organisator.ch\/de\/wp-json\/wp\/v2\/posts\/23024","targetHints":{"allow":["GET"]}}],"collection":[{"href":"https:\/\/www.organisator.ch\/de\/wp-json\/wp\/v2\/posts"}],"about":[{"href":"https:\/\/www.organisator.ch\/de\/wp-json\/wp\/v2\/types\/post"}],"author":[{"embeddable":true,"href":"https:\/\/www.organisator.ch\/de\/wp-json\/wp\/v2\/users\/8"}],"replies":[{"embeddable":true,"href":"https:\/\/www.organisator.ch\/de\/wp-json\/wp\/v2\/comments?post=23024"}],"version-history":[{"count":5,"href":"https:\/\/www.organisator.ch\/de\/wp-json\/wp\/v2\/posts\/23024\/revisions"}],"predecessor-version":[{"id":32710,"href":"https:\/\/www.organisator.ch\/de\/wp-json\/wp\/v2\/posts\/23024\/revisions\/32710"}],"wp:attachment":[{"href":"https:\/\/www.organisator.ch\/de\/wp-json\/wp\/v2\/media?parent=23024"}],"wp:term":[{"taxonomy":"category","embeddable":true,"href":"https:\/\/www.organisator.ch\/de\/wp-json\/wp\/v2\/categories?post=23024"},{"taxonomy":"post_tag","embeddable":true,"href":"https:\/\/www.organisator.ch\/de\/wp-json\/wp\/v2\/tags?post=23024"}],"curies":[{"name":"wp","href":"https:\/\/api.w.org\/{rel}","templated":true}]}}