{"id":2304,"date":"2017-08-11T08:45:18","date_gmt":"2017-08-11T06:45:18","guid":{"rendered":"https:\/\/www.organisator.ch\/?p=2304"},"modified":"2017-08-11T08:45:18","modified_gmt":"2017-08-11T06:45:18","slug":"ali-mahlodji-vom-fluechtling-und-schulabbrecher-zum-internationalen-unternehmer","status":"publish","type":"post","link":"https:\/\/www.organisator.ch\/de\/allgemein\/2017-08-11\/ali-mahlodji-vom-fluechtling-und-schulabbrecher-zum-internationalen-unternehmer\/","title":{"rendered":"Ali Mahlodji: Vom Fl\u00fcchtling und Schulabbrecher zum internationalen Unternehmer"},"content":{"rendered":"<figure id=\"attachment_2307\" aria-describedby=\"caption-attachment-2307\" style=\"width: 424px\" class=\"wp-caption alignnone\"><img loading=\"lazy\" decoding=\"async\" class=\"size-full wp-image-2307\" src=\"https:\/\/www.organisator.ch\/wp-content\/uploads\/2017\/08\/Ali-Mahlodji-Vom-Fluechtling-und-Schulabbrecher-zum-internationalen-Unternehmer_Organisator.jpg\" alt=\"\" width=\"424\" height=\"640\" srcset=\"https:\/\/www.organisator.ch\/wp-content\/uploads\/2017\/08\/Ali-Mahlodji-Vom-Fluechtling-und-Schulabbrecher-zum-internationalen-Unternehmer_Organisator.jpg 424w, https:\/\/www.organisator.ch\/wp-content\/uploads\/2017\/08\/Ali-Mahlodji-Vom-Fluechtling-und-Schulabbrecher-zum-internationalen-Unternehmer_Organisator-8x12.jpg 8w, https:\/\/www.organisator.ch\/wp-content\/uploads\/2017\/08\/Ali-Mahlodji-Vom-Fluechtling-und-Schulabbrecher-zum-internationalen-Unternehmer_Organisator-116x175.jpg 116w, https:\/\/www.organisator.ch\/wp-content\/uploads\/2017\/08\/Ali-Mahlodji-Vom-Fluechtling-und-Schulabbrecher-zum-internationalen-Unternehmer_Organisator-232x350.jpg 232w, https:\/\/www.organisator.ch\/wp-content\/uploads\/2017\/08\/Ali-Mahlodji-Vom-Fluechtling-und-Schulabbrecher-zum-internationalen-Unternehmer_Organisator-300x453.jpg 300w\" sizes=\"auto, (max-width: 424px) 100vw, 424px\" \/><figcaption id=\"caption-attachment-2307\" class=\"wp-caption-text\">Ali Mahlodji erz\u00e4hlt in diesem Buch seine eigene &#8222;Tellerw\u00e4scher-Karriere&#8220;. (Bild: Econ Ullstein Verlag)<\/figcaption><\/figure>\n<p align=\"LEFT\">Ali Mahlodji wurde im Iran geboren und wuchs in einem \u00f6sterreichischen Fl\u00fcchtlingsheim auf. Er stotterte, schmiss das Abitur und probierte \u00fcber vierzig verschiedene Jobs aus. Dabei lernte er auch, wie ungl\u00fccklich der falsche Beruf machen kann. Schon als 14-j\u00e4hriger hatte er sich ein \u201eHandbuch der Lebensgeschichten\u00ab gew\u00fcnscht &#8211; ein Buch, in dem man sich von den Lebenswegen anderer inspirieren lassen k\u00f6nnte.<\/p>\n<p align=\"LEFT\">2012 gr\u00fcndete er das StartUp whatchado, eine Internet-Videoplattform, auf der Menschen von ihrem Leben, ihrer Karriere und ihren Tr\u00e4umen erz\u00e4hlen. Damit will er Mut machen und Perspektiven bieten. Tausende \u2013 vom Auszubildenden bis zum \u00f6sterreichischen Bundespr\u00e4sidenten \u2013 geben dort mittlerweile Einblick in ihren Beruf und in ihr Leben. In einem <a href=\"https:\/\/www.organisator.ch\/wp-content\/uploads\/2017\/08\/2017_03_BMCH_04-06.pdf\">Interview mit dem ORGANISATOR<\/a> sprach Ali Mahlodji bereits \u00fcber seine Plattform, das Bildungssystem an sich\u00a0und das Buchprojekt, das nun abgeschlossen ist.<\/p>\n<p align=\"LEFT\">&#8222;Ich habe dieses Buch f\u00fcr all die Menschen geschrieben, die in der heutigen Zeit zu wenig an sich selbst glauben und doch ihren Weg gehen wollen&#8220;, schreibt der Autor in einer pers\u00f6nlichen E-Mail an Mitglieder seines Netzwerks. &#8222;Es ist sowohl f\u00fcr junge als auch erwachsene Menschen, die nur vergessen haben, welches Potential in ihnen steckt. Aber\u00a0auch f\u00fcr Menschen im Bildungswesen und f\u00fcr F\u00fchrungskr\u00e4fte, die Menschen durch ihr Leben begleiten&#8220;, so Ali Mahlodji weiter. &#8222;Es ist eine Mischung aus meiner Lebensgeschichte (Fl\u00fcchtling, Schulabbrecher, 40 Jobs, Burnout, Unternehmer), der Entstehung meines internationalen Unternehmens\u00a0<a href=\"http:\/\/www.whatchado.com\/\" target=\"_blank\" rel=\"noopener\">whatchado<\/a>, aber auch den Erfahrungen aus \u00fcber 6000 Lebensgeschichten aus \u00fcber 100 Nationen und meiner Arbeit als EU Jugendbotschafter\u00a0mit \u00fcber 50.000 Jugendlichen in Deutschland, \u00d6sterreich und der Schweiz.&#8220;<\/p>\n<p align=\"LEFT\"><em><strong>Und was machst Du so?<\/strong><br \/>\n<\/em><em>Vom Fl\u00fcchtling und Schulabbrecher zum internationalen Unternehmer<br \/>\n<\/em><em>320 Seiten<br \/>\n<\/em><em>ISBN: 978-3-430-20234-3<br \/>\n<\/em><em><a href=\"http:\/\/www.ullstein-buchverlage.de\">Ullstein Verlag<\/a><\/em><\/p>\n<p><em>Website zum Buch: <a href=\"http:\/\/www.undwasmachstduso.com\/\">www.undwasmachstduso.com<\/a><\/em><\/p>\n","protected":false},"excerpt":{"rendered":"<p>Ali Mahlodji wurde im Iran geboren und wuchs in einem \u00f6sterreichischen Fl\u00fcchtlingsheim auf. Er stotterte, schmiss das Abitur und probierte \u00fcber vierzig verschiedene Jobs aus. Dabei lernte er auch, wie ungl\u00fccklich der falsche Beruf machen kann. Schon als 14-j\u00e4hriger hatte er sich ein \u201eHandbuch der Lebensgeschichten\u00ab gew\u00fcnscht &#8211; ein Buch, in dem man sich von [&hellip;]<\/p>\n","protected":false},"author":4,"featured_media":2307,"comment_status":"open","ping_status":"open","sticky":false,"template":"","format":"standard","meta":{"_acf_changed":false,"_yoast_wpseo_focuskw":"Ali Mahlodji","_yoast_wpseo_metadesc":"Wie findet man heute seinen Platz im Leben \u2013 erst recht, wenn man anders ist als die Anderen? Ali Mahlodji erz\u00e4hlt seinen Weg zum erfolgreichen Unternehmer.","articlekey":"","footnotes":""},"categories":[1],"tags":[92,95,208,294],"class_list":["post-2304","post","type-post","status-publish","format-standard","has-post-thumbnail","hentry","category-allgemein","tag-buch","tag-buchtipps","tag-fit-im-job","tag-karriere"],"acf":[],"yoast_head":"<!-- This site is optimized with the Yoast SEO plugin v27.5 - https:\/\/yoast.com\/product\/yoast-seo-wordpress\/ -->\n<title>Ali Mahlodji: Vom Fl\u00fcchtling und Schulabbrecher zum internationalen Unternehmer - Organisator<\/title>\n<meta name=\"description\" content=\"Wie findet man heute seinen Platz im Leben \u2013 erst recht, wenn man anders ist als die Anderen? Ali Mahlodji erz\u00e4hlt seinen Weg zum erfolgreichen Unternehmer.\" \/>\n<meta name=\"robots\" content=\"index, follow, max-snippet:-1, max-image-preview:large, max-video-preview:-1\" \/>\n<link rel=\"canonical\" href=\"https:\/\/www.organisator.ch\/de\/allgemein\/2017-08-11\/ali-mahlodji-vom-fluechtling-und-schulabbrecher-zum-internationalen-unternehmer\/\" \/>\n<meta property=\"og:locale\" content=\"de_DE\" \/>\n<meta property=\"og:type\" content=\"article\" \/>\n<meta property=\"og:title\" content=\"Ali Mahlodji: Vom Fl\u00fcchtling und Schulabbrecher zum internationalen Unternehmer\" \/>\n<meta property=\"og:description\" content=\"Wie findet man heute seinen Platz im Leben \u2013 erst recht, wenn man anders ist als die Anderen? Ali #Mahlodji startete nicht mit den besten Voraussetzungen ins Leben: Fl\u00fcchtling, schwer erziehbar, mit ADHS-Diagnose. Er erz\u00e4hlt nun seine #Lebensgeschichte.\" \/>\n<meta property=\"og:url\" content=\"https:\/\/www.organisator.ch\/de\/allgemein\/2017-08-11\/ali-mahlodji-vom-fluechtling-und-schulabbrecher-zum-internationalen-unternehmer\/\" \/>\n<meta property=\"og:site_name\" content=\"Organisator\" \/>\n<meta property=\"article:publisher\" content=\"https:\/\/www.facebook.com\/OrganisatorFachmagazin\" \/>\n<meta property=\"article:published_time\" content=\"2017-08-11T06:45:18+00:00\" \/>\n<meta property=\"og:image\" content=\"https:\/\/www.organisator.ch\/wp-content\/uploads\/2017\/08\/Ali-Mahlodji-Vom-Fluechtling-und-Schulabbrecher-zum-internationalen-Unternehmer_Organisator.jpg\" \/>\n\t<meta property=\"og:image:width\" content=\"424\" \/>\n\t<meta property=\"og:image:height\" content=\"640\" \/>\n\t<meta property=\"og:image:type\" content=\"image\/jpeg\" \/>\n<meta name=\"author\" content=\"thomas.berner\" \/>\n<meta name=\"twitter:card\" content=\"summary_large_image\" \/>\n<meta name=\"twitter:title\" content=\"Ali #Mahlodji: Vom #Fl\u00fcchtling und #Schulabbrecher zum internationalen #Unternehmer\" \/>\n<meta name=\"twitter:description\" content=\"Wie findet man heute seinen Platz im Leben \u2013 erst recht, wenn man anders ist als die Anderen? Ali #Mahlodji startete nicht mit den besten Voraussetzungen ins Leben: Fl\u00fcchtling, schwer erziehbar, mit ADHS-Diagnose. Er erz\u00e4hlt nun seine #Lebensgeschichte.\" \/>\n<meta name=\"twitter:image\" content=\"https:\/\/www.organisator.ch\/wp-content\/uploads\/2017\/08\/Ali-Mahlodji-Vom-Fl\u00fcchtling-und-Schulabbrecher-zum-internationalen-Unternehmer_Organisator.jpg\" \/>\n<script type=\"application\/ld+json\" class=\"yoast-schema-graph\">{\"@context\":\"https:\\\/\\\/schema.org\",\"@graph\":[{\"@type\":\"Article\",\"@id\":\"https:\\\/\\\/www.organisator.ch\\\/it\\\/generale\\\/2017-08-11\\\/ali-mahlodji-vom-fluechtling-und-schulabbrecher-zum-internationalen-unternehmer\\\/#article\",\"isPartOf\":{\"@id\":\"https:\\\/\\\/www.organisator.ch\\\/it\\\/generale\\\/2017-08-11\\\/ali-mahlodji-vom-fluechtling-und-schulabbrecher-zum-internationalen-unternehmer\\\/\"},\"author\":{\"name\":\"thomas.berner\",\"@id\":\"https:\\\/\\\/www.organisator.ch\\\/#\\\/schema\\\/person\\\/6f650f90b2842cd4c0cc334b4e36f67e\"},\"headline\":\"Ali Mahlodji: Vom Fl\u00fcchtling und Schulabbrecher zum internationalen Unternehmer\",\"datePublished\":\"2017-08-11T06:45:18+00:00\",\"mainEntityOfPage\":{\"@id\":\"https:\\\/\\\/www.organisator.ch\\\/it\\\/generale\\\/2017-08-11\\\/ali-mahlodji-vom-fluechtling-und-schulabbrecher-zum-internationalen-unternehmer\\\/\"},\"wordCount\":323,\"commentCount\":0,\"publisher\":{\"@id\":\"https:\\\/\\\/www.organisator.ch\\\/#organization\"},\"image\":{\"@id\":\"https:\\\/\\\/www.organisator.ch\\\/it\\\/generale\\\/2017-08-11\\\/ali-mahlodji-vom-fluechtling-und-schulabbrecher-zum-internationalen-unternehmer\\\/#primaryimage\"},\"thumbnailUrl\":\"https:\\\/\\\/www.organisator.ch\\\/wp-content\\\/uploads\\\/2017\\\/08\\\/Ali-Mahlodji-Vom-Fluechtling-und-Schulabbrecher-zum-internationalen-Unternehmer_Organisator.jpg\",\"keywords\":[\"Buch\",\"Buchtipps\",\"Fit im Job\",\"Karriere\"],\"inLanguage\":\"de\"},{\"@type\":\"WebPage\",\"@id\":\"https:\\\/\\\/www.organisator.ch\\\/it\\\/generale\\\/2017-08-11\\\/ali-mahlodji-vom-fluechtling-und-schulabbrecher-zum-internationalen-unternehmer\\\/\",\"url\":\"https:\\\/\\\/www.organisator.ch\\\/it\\\/generale\\\/2017-08-11\\\/ali-mahlodji-vom-fluechtling-und-schulabbrecher-zum-internationalen-unternehmer\\\/\",\"name\":\"Ali Mahlodji: Vom Fl\u00fcchtling und Schulabbrecher zum internationalen Unternehmer - Organisator\",\"isPartOf\":{\"@id\":\"https:\\\/\\\/www.organisator.ch\\\/#website\"},\"primaryImageOfPage\":{\"@id\":\"https:\\\/\\\/www.organisator.ch\\\/it\\\/generale\\\/2017-08-11\\\/ali-mahlodji-vom-fluechtling-und-schulabbrecher-zum-internationalen-unternehmer\\\/#primaryimage\"},\"image\":{\"@id\":\"https:\\\/\\\/www.organisator.ch\\\/it\\\/generale\\\/2017-08-11\\\/ali-mahlodji-vom-fluechtling-und-schulabbrecher-zum-internationalen-unternehmer\\\/#primaryimage\"},\"thumbnailUrl\":\"https:\\\/\\\/www.organisator.ch\\\/wp-content\\\/uploads\\\/2017\\\/08\\\/Ali-Mahlodji-Vom-Fluechtling-und-Schulabbrecher-zum-internationalen-Unternehmer_Organisator.jpg\",\"datePublished\":\"2017-08-11T06:45:18+00:00\",\"description\":\"Wie findet man heute seinen Platz im Leben \u2013 erst recht, wenn man anders ist als die Anderen? Ali Mahlodji erz\u00e4hlt seinen Weg zum erfolgreichen Unternehmer.\",\"breadcrumb\":{\"@id\":\"https:\\\/\\\/www.organisator.ch\\\/it\\\/generale\\\/2017-08-11\\\/ali-mahlodji-vom-fluechtling-und-schulabbrecher-zum-internationalen-unternehmer\\\/#breadcrumb\"},\"inLanguage\":\"de\",\"potentialAction\":[{\"@type\":\"ReadAction\",\"target\":[\"https:\\\/\\\/www.organisator.ch\\\/it\\\/generale\\\/2017-08-11\\\/ali-mahlodji-vom-fluechtling-und-schulabbrecher-zum-internationalen-unternehmer\\\/\"]}]},{\"@type\":\"ImageObject\",\"inLanguage\":\"de\",\"@id\":\"https:\\\/\\\/www.organisator.ch\\\/it\\\/generale\\\/2017-08-11\\\/ali-mahlodji-vom-fluechtling-und-schulabbrecher-zum-internationalen-unternehmer\\\/#primaryimage\",\"url\":\"https:\\\/\\\/www.organisator.ch\\\/wp-content\\\/uploads\\\/2017\\\/08\\\/Ali-Mahlodji-Vom-Fluechtling-und-Schulabbrecher-zum-internationalen-Unternehmer_Organisator.jpg\",\"contentUrl\":\"https:\\\/\\\/www.organisator.ch\\\/wp-content\\\/uploads\\\/2017\\\/08\\\/Ali-Mahlodji-Vom-Fluechtling-und-Schulabbrecher-zum-internationalen-Unternehmer_Organisator.jpg\",\"width\":424,\"height\":640,\"caption\":\"Ali Mahlodji erz\u00e4hlt in diesem Buch seine eigene \\\"Tellerw\u00e4scher-Karriere\\\". (Bild: Econ Ullstein Verlag)\"},{\"@type\":\"BreadcrumbList\",\"@id\":\"https:\\\/\\\/www.organisator.ch\\\/it\\\/generale\\\/2017-08-11\\\/ali-mahlodji-vom-fluechtling-und-schulabbrecher-zum-internationalen-unternehmer\\\/#breadcrumb\",\"itemListElement\":[{\"@type\":\"ListItem\",\"position\":1,\"name\":\"Home\",\"item\":\"https:\\\/\\\/www.organisator.ch\\\/\"},{\"@type\":\"ListItem\",\"position\":2,\"name\":\"Ali Mahlodji: Vom Fl\u00fcchtling und Schulabbrecher zum internationalen Unternehmer\"}]},{\"@type\":\"WebSite\",\"@id\":\"https:\\\/\\\/www.organisator.ch\\\/#website\",\"url\":\"https:\\\/\\\/www.organisator.ch\\\/\",\"name\":\"Organisator\",\"description\":\"Kompetent. Praxisnah. Der ORGANISATOR bereitet in 10 Ausgaben pro Jahr die wesentlichen Themen f\u00fcr F\u00fchrungskr\u00e4fte von KMU auf.\",\"publisher\":{\"@id\":\"https:\\\/\\\/www.organisator.ch\\\/#organization\"},\"potentialAction\":[{\"@type\":\"SearchAction\",\"target\":{\"@type\":\"EntryPoint\",\"urlTemplate\":\"https:\\\/\\\/www.organisator.ch\\\/?s={search_term_string}\"},\"query-input\":{\"@type\":\"PropertyValueSpecification\",\"valueRequired\":true,\"valueName\":\"search_term_string\"}}],\"inLanguage\":\"de\"},{\"@type\":\"Organization\",\"@id\":\"https:\\\/\\\/www.organisator.ch\\\/#organization\",\"name\":\"Organisator\",\"url\":\"https:\\\/\\\/www.organisator.ch\\\/\",\"logo\":{\"@type\":\"ImageObject\",\"inLanguage\":\"de\",\"@id\":\"https:\\\/\\\/www.organisator.ch\\\/#\\\/schema\\\/logo\\\/image\\\/\",\"url\":\"https:\\\/\\\/www.organisator.ch\\\/wp-content\\\/uploads\\\/2022\\\/01\\\/Logo_Organisator_Website.png\",\"contentUrl\":\"https:\\\/\\\/www.organisator.ch\\\/wp-content\\\/uploads\\\/2022\\\/01\\\/Logo_Organisator_Website.png\",\"width\":800,\"height\":77,\"caption\":\"Organisator\"},\"image\":{\"@id\":\"https:\\\/\\\/www.organisator.ch\\\/#\\\/schema\\\/logo\\\/image\\\/\"},\"sameAs\":[\"https:\\\/\\\/www.facebook.com\\\/OrganisatorFachmagazin\",\"https:\\\/\\\/www.linkedin.com\\\/showcase\\\/organisator-das-magazin-fr-kmu\",\"https:\\\/\\\/www.xing.com\\\/news\\\/pages\\\/organisator-ch-695\",\"https:\\\/\\\/www.youtube.com\\\/channel\\\/UCGP2Sq0iWaZwT3BdIAQFYpw\"]},{\"@type\":\"Person\",\"@id\":\"https:\\\/\\\/www.organisator.ch\\\/#\\\/schema\\\/person\\\/6f650f90b2842cd4c0cc334b4e36f67e\",\"name\":\"thomas.berner\",\"image\":{\"@type\":\"ImageObject\",\"inLanguage\":\"de\",\"@id\":\"https:\\\/\\\/secure.gravatar.com\\\/avatar\\\/ac5001d2a36cb6c6cd3e50789007ffca834b477b74a2144564522e944eabff61?s=96&d=mm&r=g\",\"url\":\"https:\\\/\\\/secure.gravatar.com\\\/avatar\\\/ac5001d2a36cb6c6cd3e50789007ffca834b477b74a2144564522e944eabff61?s=96&d=mm&r=g\",\"contentUrl\":\"https:\\\/\\\/secure.gravatar.com\\\/avatar\\\/ac5001d2a36cb6c6cd3e50789007ffca834b477b74a2144564522e944eabff61?s=96&d=mm&r=g\",\"caption\":\"thomas.berner\"},\"url\":\"https:\\\/\\\/www.organisator.ch\\\/de\\\/author\\\/thomas-berner\\\/\"}]}<\/script>\n<!-- \/ Yoast SEO plugin. -->","yoast_head_json":{"title":"Ali Mahlodji: Vom Fl\u00fcchtling und Schulabbrecher zum internationalen Unternehmer - Organisator","description":"Wie findet man heute seinen Platz im Leben \u2013 erst recht, wenn man anders ist als die Anderen? Ali Mahlodji erz\u00e4hlt seinen Weg zum erfolgreichen Unternehmer.","robots":{"index":"index","follow":"follow","max-snippet":"max-snippet:-1","max-image-preview":"max-image-preview:large","max-video-preview":"max-video-preview:-1"},"canonical":"https:\/\/www.organisator.ch\/de\/allgemein\/2017-08-11\/ali-mahlodji-vom-fluechtling-und-schulabbrecher-zum-internationalen-unternehmer\/","og_locale":"de_DE","og_type":"article","og_title":"Ali Mahlodji: Vom Fl\u00fcchtling und Schulabbrecher zum internationalen Unternehmer","og_description":"Wie findet man heute seinen Platz im Leben \u2013 erst recht, wenn man anders ist als die Anderen? Ali #Mahlodji startete nicht mit den besten Voraussetzungen ins Leben: Fl\u00fcchtling, schwer erziehbar, mit ADHS-Diagnose. Er erz\u00e4hlt nun seine #Lebensgeschichte.","og_url":"https:\/\/www.organisator.ch\/de\/allgemein\/2017-08-11\/ali-mahlodji-vom-fluechtling-und-schulabbrecher-zum-internationalen-unternehmer\/","og_site_name":"Organisator","article_publisher":"https:\/\/www.facebook.com\/OrganisatorFachmagazin","article_published_time":"2017-08-11T06:45:18+00:00","og_image":[{"width":424,"height":640,"url":"https:\/\/www.organisator.ch\/wp-content\/uploads\/2017\/08\/Ali-Mahlodji-Vom-Fluechtling-und-Schulabbrecher-zum-internationalen-Unternehmer_Organisator.jpg","type":"image\/jpeg"}],"author":"thomas.berner","twitter_card":"summary_large_image","twitter_title":"Ali #Mahlodji: Vom #Fl\u00fcchtling und #Schulabbrecher zum internationalen #Unternehmer","twitter_description":"Wie findet man heute seinen Platz im Leben \u2013 erst recht, wenn man anders ist als die Anderen? Ali #Mahlodji startete nicht mit den besten Voraussetzungen ins Leben: Fl\u00fcchtling, schwer erziehbar, mit ADHS-Diagnose. Er erz\u00e4hlt nun seine #Lebensgeschichte.","twitter_image":"https:\/\/www.organisator.ch\/wp-content\/uploads\/2017\/08\/Ali-Mahlodji-Vom-Fl\u00fcchtling-und-Schulabbrecher-zum-internationalen-Unternehmer_Organisator.jpg","schema":{"@context":"https:\/\/schema.org","@graph":[{"@type":"Article","@id":"https:\/\/www.organisator.ch\/it\/generale\/2017-08-11\/ali-mahlodji-vom-fluechtling-und-schulabbrecher-zum-internationalen-unternehmer\/#article","isPartOf":{"@id":"https:\/\/www.organisator.ch\/it\/generale\/2017-08-11\/ali-mahlodji-vom-fluechtling-und-schulabbrecher-zum-internationalen-unternehmer\/"},"author":{"name":"thomas.berner","@id":"https:\/\/www.organisator.ch\/#\/schema\/person\/6f650f90b2842cd4c0cc334b4e36f67e"},"headline":"Ali Mahlodji: Vom Fl\u00fcchtling und Schulabbrecher zum internationalen Unternehmer","datePublished":"2017-08-11T06:45:18+00:00","mainEntityOfPage":{"@id":"https:\/\/www.organisator.ch\/it\/generale\/2017-08-11\/ali-mahlodji-vom-fluechtling-und-schulabbrecher-zum-internationalen-unternehmer\/"},"wordCount":323,"commentCount":0,"publisher":{"@id":"https:\/\/www.organisator.ch\/#organization"},"image":{"@id":"https:\/\/www.organisator.ch\/it\/generale\/2017-08-11\/ali-mahlodji-vom-fluechtling-und-schulabbrecher-zum-internationalen-unternehmer\/#primaryimage"},"thumbnailUrl":"https:\/\/www.organisator.ch\/wp-content\/uploads\/2017\/08\/Ali-Mahlodji-Vom-Fluechtling-und-Schulabbrecher-zum-internationalen-Unternehmer_Organisator.jpg","keywords":["Buch","Buchtipps","Fit im Job","Karriere"],"inLanguage":"de"},{"@type":"WebPage","@id":"https:\/\/www.organisator.ch\/it\/generale\/2017-08-11\/ali-mahlodji-vom-fluechtling-und-schulabbrecher-zum-internationalen-unternehmer\/","url":"https:\/\/www.organisator.ch\/it\/generale\/2017-08-11\/ali-mahlodji-vom-fluechtling-und-schulabbrecher-zum-internationalen-unternehmer\/","name":"Ali Mahlodji: Vom Fl\u00fcchtling und Schulabbrecher zum internationalen Unternehmer - Organisator","isPartOf":{"@id":"https:\/\/www.organisator.ch\/#website"},"primaryImageOfPage":{"@id":"https:\/\/www.organisator.ch\/it\/generale\/2017-08-11\/ali-mahlodji-vom-fluechtling-und-schulabbrecher-zum-internationalen-unternehmer\/#primaryimage"},"image":{"@id":"https:\/\/www.organisator.ch\/it\/generale\/2017-08-11\/ali-mahlodji-vom-fluechtling-und-schulabbrecher-zum-internationalen-unternehmer\/#primaryimage"},"thumbnailUrl":"https:\/\/www.organisator.ch\/wp-content\/uploads\/2017\/08\/Ali-Mahlodji-Vom-Fluechtling-und-Schulabbrecher-zum-internationalen-Unternehmer_Organisator.jpg","datePublished":"2017-08-11T06:45:18+00:00","description":"Wie findet man heute seinen Platz im Leben \u2013 erst recht, wenn man anders ist als die Anderen? Ali Mahlodji erz\u00e4hlt seinen Weg zum erfolgreichen Unternehmer.","breadcrumb":{"@id":"https:\/\/www.organisator.ch\/it\/generale\/2017-08-11\/ali-mahlodji-vom-fluechtling-und-schulabbrecher-zum-internationalen-unternehmer\/#breadcrumb"},"inLanguage":"de","potentialAction":[{"@type":"ReadAction","target":["https:\/\/www.organisator.ch\/it\/generale\/2017-08-11\/ali-mahlodji-vom-fluechtling-und-schulabbrecher-zum-internationalen-unternehmer\/"]}]},{"@type":"ImageObject","inLanguage":"de","@id":"https:\/\/www.organisator.ch\/it\/generale\/2017-08-11\/ali-mahlodji-vom-fluechtling-und-schulabbrecher-zum-internationalen-unternehmer\/#primaryimage","url":"https:\/\/www.organisator.ch\/wp-content\/uploads\/2017\/08\/Ali-Mahlodji-Vom-Fluechtling-und-Schulabbrecher-zum-internationalen-Unternehmer_Organisator.jpg","contentUrl":"https:\/\/www.organisator.ch\/wp-content\/uploads\/2017\/08\/Ali-Mahlodji-Vom-Fluechtling-und-Schulabbrecher-zum-internationalen-Unternehmer_Organisator.jpg","width":424,"height":640,"caption":"Ali Mahlodji erz\u00e4hlt in diesem Buch seine eigene \"Tellerw\u00e4scher-Karriere\". (Bild: Econ Ullstein Verlag)"},{"@type":"BreadcrumbList","@id":"https:\/\/www.organisator.ch\/it\/generale\/2017-08-11\/ali-mahlodji-vom-fluechtling-und-schulabbrecher-zum-internationalen-unternehmer\/#breadcrumb","itemListElement":[{"@type":"ListItem","position":1,"name":"Home","item":"https:\/\/www.organisator.ch\/"},{"@type":"ListItem","position":2,"name":"Ali Mahlodji: Vom Fl\u00fcchtling und Schulabbrecher zum internationalen Unternehmer"}]},{"@type":"WebSite","@id":"https:\/\/www.organisator.ch\/#website","url":"https:\/\/www.organisator.ch\/","name":"Organisator","description":"Kompetent. Praxisnah. Der ORGANISATOR bereitet in 10 Ausgaben pro Jahr die wesentlichen Themen f\u00fcr F\u00fchrungskr\u00e4fte von KMU auf.","publisher":{"@id":"https:\/\/www.organisator.ch\/#organization"},"potentialAction":[{"@type":"SearchAction","target":{"@type":"EntryPoint","urlTemplate":"https:\/\/www.organisator.ch\/?s={search_term_string}"},"query-input":{"@type":"PropertyValueSpecification","valueRequired":true,"valueName":"search_term_string"}}],"inLanguage":"de"},{"@type":"Organization","@id":"https:\/\/www.organisator.ch\/#organization","name":"Organisator","url":"https:\/\/www.organisator.ch\/","logo":{"@type":"ImageObject","inLanguage":"de","@id":"https:\/\/www.organisator.ch\/#\/schema\/logo\/image\/","url":"https:\/\/www.organisator.ch\/wp-content\/uploads\/2022\/01\/Logo_Organisator_Website.png","contentUrl":"https:\/\/www.organisator.ch\/wp-content\/uploads\/2022\/01\/Logo_Organisator_Website.png","width":800,"height":77,"caption":"Organisator"},"image":{"@id":"https:\/\/www.organisator.ch\/#\/schema\/logo\/image\/"},"sameAs":["https:\/\/www.facebook.com\/OrganisatorFachmagazin","https:\/\/www.linkedin.com\/showcase\/organisator-das-magazin-fr-kmu","https:\/\/www.xing.com\/news\/pages\/organisator-ch-695","https:\/\/www.youtube.com\/channel\/UCGP2Sq0iWaZwT3BdIAQFYpw"]},{"@type":"Person","@id":"https:\/\/www.organisator.ch\/#\/schema\/person\/6f650f90b2842cd4c0cc334b4e36f67e","name":"thomas.berner","image":{"@type":"ImageObject","inLanguage":"de","@id":"https:\/\/secure.gravatar.com\/avatar\/ac5001d2a36cb6c6cd3e50789007ffca834b477b74a2144564522e944eabff61?s=96&d=mm&r=g","url":"https:\/\/secure.gravatar.com\/avatar\/ac5001d2a36cb6c6cd3e50789007ffca834b477b74a2144564522e944eabff61?s=96&d=mm&r=g","contentUrl":"https:\/\/secure.gravatar.com\/avatar\/ac5001d2a36cb6c6cd3e50789007ffca834b477b74a2144564522e944eabff61?s=96&d=mm&r=g","caption":"thomas.berner"},"url":"https:\/\/www.organisator.ch\/de\/author\/thomas-berner\/"}]}},"_links":{"self":[{"href":"https:\/\/www.organisator.ch\/de\/wp-json\/wp\/v2\/posts\/2304","targetHints":{"allow":["GET"]}}],"collection":[{"href":"https:\/\/www.organisator.ch\/de\/wp-json\/wp\/v2\/posts"}],"about":[{"href":"https:\/\/www.organisator.ch\/de\/wp-json\/wp\/v2\/types\/post"}],"author":[{"embeddable":true,"href":"https:\/\/www.organisator.ch\/de\/wp-json\/wp\/v2\/users\/4"}],"replies":[{"embeddable":true,"href":"https:\/\/www.organisator.ch\/de\/wp-json\/wp\/v2\/comments?post=2304"}],"version-history":[{"count":0,"href":"https:\/\/www.organisator.ch\/de\/wp-json\/wp\/v2\/posts\/2304\/revisions"}],"wp:featuredmedia":[{"embeddable":true,"href":"https:\/\/www.organisator.ch\/de\/wp-json\/wp\/v2\/media\/2307"}],"wp:attachment":[{"href":"https:\/\/www.organisator.ch\/de\/wp-json\/wp\/v2\/media?parent=2304"}],"wp:term":[{"taxonomy":"category","embeddable":true,"href":"https:\/\/www.organisator.ch\/de\/wp-json\/wp\/v2\/categories?post=2304"},{"taxonomy":"post_tag","embeddable":true,"href":"https:\/\/www.organisator.ch\/de\/wp-json\/wp\/v2\/tags?post=2304"}],"curies":[{"name":"wp","href":"https:\/\/api.w.org\/{rel}","templated":true}]}}