{"id":23051,"date":"2023-11-08T11:19:20","date_gmt":"2023-11-08T10:19:20","guid":{"rendered":"https:\/\/www.organisator.ch\/?p=23051"},"modified":"2023-11-21T14:42:11","modified_gmt":"2023-11-21T13:42:11","slug":"die-hoehle-der-loewen-schweiz-folge-5-2-loewen-zeigen-eine-feine-nase","status":"publish","type":"post","link":"https:\/\/www.organisator.ch\/de\/management\/2023-11-08\/die-hoehle-der-loewen-schweiz-folge-5-2-loewen-zeigen-eine-feine-nase\/","title":{"rendered":"\u00abDie H\u00f6hle der L\u00f6wen Schweiz\u00bb Folge 5\/2: L\u00f6wen zeigen eine feine Nase"},"content":{"rendered":"<figure id=\"attachment_23052\" aria-describedby=\"caption-attachment-23052\" style=\"width: 680px\" class=\"wp-caption alignnone\"><img loading=\"lazy\" decoding=\"async\" class=\"size-full wp-image-23052\" src=\"https:\/\/www.organisator.ch\/wp-content\/uploads\/2023\/11\/HDL5_Bild4_ps.jpg\" alt=\"\" width=\"680\" height=\"383\" srcset=\"https:\/\/www.organisator.ch\/wp-content\/uploads\/2023\/11\/HDL5_Bild4_ps.jpg 680w, https:\/\/www.organisator.ch\/wp-content\/uploads\/2023\/11\/HDL5_Bild4_ps-18x10.jpg 18w, https:\/\/www.organisator.ch\/wp-content\/uploads\/2023\/11\/HDL5_Bild4_ps-375x211.jpg 375w, https:\/\/www.organisator.ch\/wp-content\/uploads\/2023\/11\/HDL5_Bild4_ps-621x350.jpg 621w\" sizes=\"auto, (max-width: 680px) 100vw, 680px\" \/><figcaption id=\"caption-attachment-23052\" class=\"wp-caption-text\">Nico Mannino und Robin D\u00fcnner, die K\u00f6pfe hinter der innovativen Parf\u00fcmmarke aus Basel, pr\u00e4sentierten ihre Idee vor den kritischen L\u00f6wen und L\u00f6winnen. (Bild: CH Media)<\/figcaption><\/figure>\n<p>Die 2. Folge von \u00abDie H\u00f6hle der L\u00f6wen\u00bb startete diesmal mit k\u00f6stlichen Dumplings. Aber sind die L\u00f6wen und L\u00f6winnen auch \u00abDumpling Addicts\u00bb? <strong>\u00abMadame Sum\u00bb<\/strong> ist ein Lieferdienst f\u00fcr Tiefk\u00fchldumplings und wurde von den Co-Founders Arnaud Verschueren und Yves J\u00e4ger aus D\u00fcbendorf pr\u00e4sentiert. Das Herzst\u00fcck ihres Gesch\u00e4fts ist die Qualit\u00e4t ihrer Dumplings, die sie kontinuierlich weiterentwickeln und neue Rezepte kreieren wollen, um sicherzustellen, dass die Kunden immer die besten Geschmackserlebnisse geniessen. Mit einem beeindruckenden Umsatz von 3,5 Millionen Schweizer Franken und einem starken Ruf haben sie bereits eine treue Anh\u00e4ngerschaft von 7000 &#8222;Dumpling Addicts&#8220; gewonnen. Ihr Ziel ist es, in den deutschen Markt zu expandieren, und sie suchen eine Investition von 600.000 Schweizer Franken f\u00fcr 5% der Firmenanteile.<\/p>\n<p>Madame Sum hebt sich nach eigener Darstellung durch ihre Lieferf\u00e4higkeit in der ganzen Schweiz hervor. Ihre Tiefk\u00fchldumplings sind in nur 7 Minuten heiss und dampfend servierfertig. Sie beliefern ausgew\u00e4hlte Gastronomiepartner sowie Detailhandelsgesch\u00e4fte. B2B-Verk\u00e4ufe machen 16% ihres Umsatzes aus. Qualit\u00e4t und Geschmack stehen an erster Stelle, und kein Produkt wird eingef\u00fchrt, wenn es nicht perfekt ist, so die Gr\u00fcnder. Sie f\u00fchren sogar eine Testphase mit dem &#8222;Dumpling Addict Club&#8220; durch, um sicherzustellen, dass ihre Kunden mit neuen Produkten zufrieden sind, bevor sie sie auf ihrer Website verf\u00fcgbar machen.<\/p>\n<p>Im Jahr 2022 erzielten sie bereits einen Umsatz von 1,6 Millionen Schweizer Franken. Mit einer wachsenden Pr\u00e4senz in Europa und gesch\u00e4tzten Umsatzprognosen von 1,1 Milliarden US-Dollar bis 2026 sind sie bereit f\u00fcr die n\u00e4chste Stufe des Wachstums. Mit der Investition planen sie, ihre Produktionskapazit\u00e4ten zu erweitern, neue Vertriebskan\u00e4le zu erschliessen, Marketing- und Branding-Massnahmen zu treffen und nat\u00fcrlich auch neue Produkte zu entwickeln.<\/p>\n<p>In der Investorenrunde hatten sie die Gelegenheit, ihre besten Dumplings den &#8222;L\u00f6wen und L\u00f6winnen&#8220; vorzustellen. Einige der L\u00f6winnen und L\u00f6wen zeigten durchaus Interesse, w\u00e4hrend andere besorgt \u00fcber das Risiko der Expansion waren. Zu einem Deal kam es in der Folge nicht. Lukas Speiser sah zu viel Risiko f\u00fcr die Expansion. Trotzdem bleibt Madame Sum weiterhin bestrebt, ihre k\u00f6stlichen Dumplings in neue M\u00e4rkte zu bringen und ihre Erfolgsgeschichte fortzusetzen.<\/p>\n<h3><strong>Eine Gesch\u00e4ftsidee, die einschl\u00e4gt wie eine Bombe<\/strong><\/h3>\n<p>\u00ab<strong>TischbombenHits\u00bb: <\/strong>Brigitte Brunner aus Gossau (ZH) hat eine Gesch\u00e4ftsidee, die buchst\u00e4blich wie eine Bombe einschl\u00e4gt \u2013 Tischbomben. \u00a0Ihr Unternehmen bietet eine breite Auswahl an individualisierten Tischbomben, die perfekt f\u00fcr verschiedene Anl\u00e4sse sind. Ob Geburtstage, Hochzeiten oder Silvesterfeiern, Brigitte hat die richtige Tischbombe mit dem passenden Inhalt, wie sie verspricht.<\/p>\n<p>Die Geschichte von TischbombenHits begann im Jahr 2014, als Brigitte ihren Webshop startete. Kunden k\u00f6nnen nun mit nur wenigen Klicks die Tischbombe ausw\u00e4hlen, die zu ihrem Anlass passt. Die Idee hinter ihrem Investmentgesuch von 90.000 Franken f\u00fcr 10% der Firmenanteile ist, ein florierendes Schweizer Unternehmen aufzubauen und Unterst\u00fctzung im Bereich Marketing und Vertrieb zu erhalten.<\/p>\n<p>Eine der ersten Fragen, die w\u00e4hrend der Investorenrunde aufkam, war, ob Brigitte das Gesch\u00e4ft allein f\u00fchrt. Im Moment ist sie in der Tat die treibende Kraft hinter ihren Tischbomben, aber bei gr\u00f6sseren Auftr\u00e4gen arbeitet sie mit einer Behindertenwerkstatt zusammen. Die Ursprungsidee f\u00fcr dieses Gesch\u00e4ft kam Brigitte, als sie einen Geschenk- und Dekorationsladen betrieb und feststellte, dass sich der Markt f\u00fcr Tischbomben \u00fcber die Jahre kaum ver\u00e4ndert hatte. Sie begann, Tischbomben zu personalisieren, und der Durchbruch kam, als sie die ersten Gummib\u00e4rchen-Tischbomben kreierte. Diese Idee war so erfolgreich, dass sie ihren Geschenkladen aufgab, um sich ganz auf die Produktion von Tischbomben zu konzentrieren.<\/p>\n<p>Im letzten Jahr verkaufte Brigitte zwischen 5000 und 8000 Tischbomben und erzielte einen Umsatz von 120.000 Franken. Die Corona-Pandemie stellte eine Herausforderung dar, aber sie konnte den Umsatz dennoch halten. Sie ist \u00fcberzeugt, dass gezieltes Marketing das Gesch\u00e4ft weiter steigern k\u00f6nnte.<\/p>\n<p>Lukas Speiser \u00e4usserte Bedenken dar\u00fcber, wie schwierig es sein k\u00f6nnte, das Gesch\u00e4ft profitabel zu machen. Bettina Hein riet Brigitte, ihre Idee f\u00fcr sich selbst zu behalten, um selbst davon zu profitieren. Anschliessend gab es keinen Deal f\u00fcr Brigitte. Aber sie ist entschlossen, ihr Gesch\u00e4ft mit individualisierten Tischbomben weiter auszubauen und zu beweisen, dass ihre Idee wie eine &#8222;bunte Bombe&#8220; einschlagen kann, die Freude und \u00dcberraschung auf festliche Tische bringt.<\/p>\n<figure id=\"attachment_23053\" aria-describedby=\"caption-attachment-23053\" style=\"width: 680px\" class=\"wp-caption alignnone\"><img loading=\"lazy\" decoding=\"async\" class=\"size-full wp-image-23053\" src=\"https:\/\/www.organisator.ch\/wp-content\/uploads\/2023\/11\/HDL5_Bild3_ps.jpg\" alt=\"\" width=\"680\" height=\"383\" srcset=\"https:\/\/www.organisator.ch\/wp-content\/uploads\/2023\/11\/HDL5_Bild3_ps.jpg 680w, https:\/\/www.organisator.ch\/wp-content\/uploads\/2023\/11\/HDL5_Bild3_ps-18x10.jpg 18w, https:\/\/www.organisator.ch\/wp-content\/uploads\/2023\/11\/HDL5_Bild3_ps-375x211.jpg 375w, https:\/\/www.organisator.ch\/wp-content\/uploads\/2023\/11\/HDL5_Bild3_ps-621x350.jpg 621w\" sizes=\"auto, (max-width: 680px) 100vw, 680px\" \/><figcaption id=\"caption-attachment-23053\" class=\"wp-caption-text\">Die passionierten Camper Lukas Imhof und Adam Opuchlik aus Luzern haben ihre Leidenschaft f\u00fcr das Campen in eine innovative L\u00f6sung verwandelt. (Bild: CH Media)<\/figcaption><\/figure>\n<h3><strong>Gute Ideen oder Pitchs, die den L\u00f6wen stinken werden?<\/strong><\/h3>\n<p><strong>\u00abParkn<\/strong><strong>\u2019 Sleep\u00bb <\/strong>&#8211; die Innovation f\u00fcr Camper und Stellplatzanbieter: Hinter dieser nach eigenen Angaben bahnbrechenden Idee stehen die passionierten Camper Lukas Imhof und Adam Opuchlik aus Luzern, die ihre Leidenschaft f\u00fcr das Campen in eine innovative L\u00f6sung verwandelt haben. Die Grundidee von &#8222;Parkn\u2019 Sleep&#8220; ist einfach: Camper sollen die Freiheit haben, loszufahren, irgendwo zu parken und zu \u00fcbernachten, ohne sich Gedanken \u00fcber Strafzettel oder die Verf\u00fcgbarkeit von Stellpl\u00e4tzen machen zu m\u00fcssen. Doch die Realit\u00e4t sieht oft anders aus. Das Buchen von Stellpl\u00e4tzen kann kompliziert sein, und \u00abwildes Campen\u00bb ist in vielen Regionen verboten.<\/p>\n<p>Hier kommt die App Parkn\u2019 Sleep ins Spiel: Sie verbindet Camper und Stellplatzanbieter miteinander, indem sie eine benutzerfreundliche Plattform bietet, auf der Camper verf\u00fcgbare Stellpl\u00e4tze finden, reservieren und bezahlen k\u00f6nnen. Stellplatzanbieter nutzen ein einfaches System mit einem Schild, das einen QR-Code enth\u00e4lt. Camper scannen diesen Code, zahlen bequem \u00fcber die App und verbringen die Nacht an einem sicheren Stellplatz. Sowohl Camper als auch Gastgeber profitieren davon, wenn ein Wohnmobil \u00fcbernachtet. Dies schafft eine Win-Win-Situation f\u00fcr alle Beteiligten.<\/p>\n<p>Die Erfolgsgeschichte von &#8222;Parkn\u2019 Sleep&#8220; spricht f\u00fcr sich. In nur 1,5 Jahren haben die Gr\u00fcnder 800 Stellplatzanbieter und 17.000 registrierte Camper gewonnen. Die App hat bereits 8500 \u00dcbernachtungen erm\u00f6glicht, wobei der durchschnittliche \u00dcbernachtungspreis bei 23 Franken liegt. Von dieser Geb\u00fchr erhalten Gastgeber 50%, was sie zu wertvollen Partnern macht. Mit einer Investition von den L\u00f6wen und L\u00f6winnen von 350.000 Schweizer Franken und 10% Firmenanteilen beabsichtigen die Gr\u00fcnder, die nationale Expansion voranzutreiben und die App in ganz Europa zu erweitern. Die Gr\u00fcnder haben bereits 180 Gemeinden als Partner gewonnen und sehen ein enormes Potenzial f\u00fcr 2000-3000 Stellpl\u00e4tze allein in der Schweiz. Ihr Fokus liegt jedoch nicht nur auf der Schweiz, sondern auch auf der Expansion in ganz Europa.<\/p>\n<p>Schliesslich mussten die Gr\u00fcnder eine wichtige Entscheidung treffen, als Roland Brack 350.000 Franken f\u00fcr 15% der Firmenanteile anbot und Lukas Speiser 350.000 Franken f\u00fcr 13% der Firmenanteile. Die Wahl fiel auf Roland Brack, der aufgrund seines Netzwerks und seiner Erfahrung im Campingbereich als vielversprechenderer Partner angesehen wurde. Mit starkem Wachstumspotenzial und einem klaren Fokus auf Europa sind die Gr\u00fcnder bereit f\u00fcr die n\u00e4chste Etappe ihrer aufregenden Reise.<\/p>\n<p><strong>\u00abpernoire Luxus-Parf\u00fcms\u00bb<\/strong> &#8211; ein Dufterlebnis aus Basel. Der Zauber des Duftes, der\u00a0 unsere Pers\u00f6nlichkeit enth\u00fcllen kann, ist unbestreitbar. Doch kann die Schweiz auch auf internationaler Ebene mit Parf\u00fcms punkten? Dies war die Frage, die bei der Pr\u00e4sentation von &#8222;pernoire Luxus Parf\u00fcms&#8220; im Raum schwebte. Nico Mannino und Robin D\u00fcnner, die K\u00f6pfe hinter dieser Parf\u00fcmmarke, pr\u00e4sentierten ihre Idee vor den kritischen L\u00f6wen und L\u00f6winnen. Die Frage lautete: Ist dies eine dufte Idee oder ein Pitch, der den L\u00f6wen stinken wird? Haben die L\u00f6winnen und L\u00f6wen eine gen\u00fcgend feine Nase f\u00fcr einen Deal?<\/p>\n<p>Die Geschichte von pernoire begann im Jahr 2020, als Nico und Robin ihr innovatives Luxusparf\u00fcm-Unternehmen in Basel gr\u00fcndeten. Ihr Ziel war es, die beliebteste Parf\u00fcmmarke f\u00fcr die Zielgruppe der 20-35-j\u00e4hrigen Kunden zu werden. Ein Schl\u00fcsselaspekt ihres Gesch\u00e4ftsmodells ist das Netzwerk von Partnerparf\u00fcmerien, das sie in Europa und im Nahen Osten aufgebaut haben. Mit 40 Parf\u00fcmerien und 2.500 Kunden im ersten Jahr und einem Umsatz von 70.000 Schweizer Franken hatten sie bereits bewiesen, dass ihre Idee Anklang findet. Im zweiten Jahr verdreifachte sich der Umsatz auf 200.000 Schweizer Franken. Um ihre Expansion und Skalierung voranzutreiben, suchten sie nach einer Investition von 180.000 Schweizer Franken und boten 5% der Firmenanteile an. Ihr Stolz darauf, &#8222;Made in Switzerland&#8220; zu sein, spiegelte sich in ihren Parf\u00fcms wider. Ein besonderes Merkmal von pernoire ist die Ausrichtung auf Unisex-D\u00fcfte.<\/p>\n<p>Pernoire hat sich erfolgreich im Luxussegment positioniert, wobei eine 50-ml-Flasche 195 Schweizer Franken kostet. Das Unternehmen verkauft sowohl online als auch offline und nutzt Social Media f\u00fcr Werbung. Dar\u00fcber hinaus bieten sie Discovery Sets mit 5 Flaschen zu einem Preis von 35 Franken an.<\/p>\n<p>Mit fast 300.000 Franken Umsatz in nur zwei Jahren zogen die Gr\u00fcnder die Aufmerksamkeit der L\u00f6wen und L\u00f6winnen schnell auf sich &#8211; alle wollten investieren. Die entscheidende Frage war nun, welches Angebot das bessere war: das Duo Nicole B\u00fcttner und J\u00fcrg Schwarzenbach boten 200.000 Schweizer Franken f\u00fcr 10% der Firmenanteile an, w\u00e4hrend das Angebot von Roland Brack, Lukas Speiser und Anja Graf 240.000 Schweizer Franken f\u00fcr 12% der Firmenanteile betrug. Die Gr\u00fcnder entschieden sich schliesslich f\u00fcr das Angebot von 240.000 Schweizer Franken, da es ihnen ihrer Meinung nach die bessere M\u00f6glichkeit bot, weiter zu wachsen und ihre Duftreise fortzusetzen.<\/p>\n<h3><strong>Von k\u00f6stlichen Desserts bis zu dem Allesk\u00f6nner-Kochtopf<\/strong><\/h3>\n<p><strong>\u00abGrainglow\u00bb<\/strong> &#8211; revolution\u00e4re vegane Desserts aus Z\u00fcrich: Grainglow mit den Gr\u00fcndern Lara Zaugg und Matthias Stieger ist ein aufstrebendes Startup. Es hat sich zur Aufgabe gemacht, die Herzen der Dessertliebhaber zu erobern und gleichzeitig den veganen Lifestyle zu f\u00f6rdern.<\/p>\n<p>Ihre Desserts sind nicht nur vegan, sondern auch frei von Kristallzucker. Stattdessen verwenden sie Datteln und Reissirup, um ihre S\u00fcsse zu erhalten. Die Produkte sind glutenfrei, pflanzenbasiert und zu 100% nat\u00fcrlich. Grainglow wurde im Jahr 2019 gegr\u00fcndet und hat sich in den letzten zwei Jahren zu einer festen Gr\u00f6sse in der Dessertszene entwickelt.<\/p>\n<p>Die Nachfrage nach ihren Produkten ist in den letzten Jahren f\u00f6rmlich explodiert, und sie sind jetzt auf der Suche nach einer Investition von 250.000 Schweizer Franken gegen 10% der Firmenanteile, um weiter zu wachsen. Die Gr\u00fcnderin Lara Zaugg entwickelte das Rezept f\u00fcr ihre Desserts, da sie keine Milch vertr\u00e4gt und eine Leidenschaft f\u00fcr kulinarische Kreationen entwickelte. Im Jahr 2018 startete sie ein Pop-up-Gesch\u00e4ft in Bern, das sofort positive Resonanz erhielt.<\/p>\n<p>Im Jahr 2019 lernte Lara Matthias Stieger kennen, und gemeinsam richteten sie einen Webshop ein. Schon am n\u00e4chsten Tag gingen die ersten Bestellungen ein. Grainglow-Produkte sind bereits in bekannten Einzelhandelsketten wie Alnatura und Coop to Go erh\u00e4ltlich.<\/p>\n<p>Herausforderung an die L\u00f6wen und L\u00f6winnen: Die Gr\u00fcnder von Grainglow suchten in der &#8222;Die H\u00f6hle der L\u00f6wen&#8220; nach einem Partner, der bereit ist, den Dessertmarkt zu revolutionieren. Obwohl sie in der Show keinen Deal abschliessen konnten, glauben die Gr\u00fcnder weiterhin an das Potenzial ihres Unternehmens. Im Jahr 2021 verkauften sie knapp 40.000 St\u00fcck im Detailhandel, obwohl die Pandemie die Gesch\u00e4fte beeinflusst hat. Trotzdem haben die L\u00f6wen in der Show nicht investiert, aber die Geschichte von Grainglow ist ein beeindruckendes Beispiel f\u00fcr die Kraft der Innovation und Leidenschaft in der Unternehmenswelt.<\/p>\n<p><strong>\u00abWired Cooking\u00bb<\/strong> \u2013 dieser Allesk\u00f6nner-Kochtopf ist ein innovatives Produkt, das die Art und Weise, wie wir kochen, revolutionieren soll. Die Gr\u00fcnder, Dirk Uhlenhaut und Jochen Ganz aus Z\u00fcrich, sind fest davon \u00fcberzeugt, dass dieser Kochtopf die Zukunft des Kochens repr\u00e4sentiert. Der High-Tech-Kochtopf vereint viele Funktionen in einem einzigen Ger\u00e4t und setzt auf eine einzigartige Technologie, die das Kochen nach Temperatur erm\u00f6glicht.<\/p>\n<p>Das Besondere an diesem Produkt ist die integrierte Heizung, mit der die Temperatur pr\u00e4zise gesteuert werden kann. Dadurch wird verhindert, dass Lebensmittel anbrennen oder \u00fcberkochen, was nicht nur die Qualit\u00e4t der Speisen verbessert, sondern auch Energie einspart. \u00dcber eine App k\u00f6nnen Benutzer die Zeit und Temperatur individuell anpassen, um perfekte Ergebnisse zu erzielen. Dies macht den Allesk\u00f6nner-Kochtopf f\u00fcr jeden Haushalt attraktiv.<\/p>\n<p>Das Produkt ist bereits seit 4 Monaten auf dem Markt und hat in dieser Zeit einen Umsatz von 25.000 Franken generiert. Der Preis f\u00fcr den Topf betr\u00e4gt 550 Franken. Um das Wachstum zu beschleunigen und das Produkt in immer mehr Haushalten zu etablieren, suchen die Gr\u00fcnder nach einer Finanzierung von 600.000 Schweizer Franken und sind bereit, 7% Firmenanteil abzugeben. Die Kundenzielgruppe f\u00fcr den Allesk\u00f6nner-Kochtopf sind leidenschaftliche Hobbyk\u00f6che und -k\u00f6chinnen, die nach qualitativ hochwertigen Kocherlebnissen suchen. Nur: Roland Brack betonte, dass der Umsatz das Wichtigste ist und nicht die Investitionen oder die aufgewendete Zeit bis zu diesem Punkt. Das Potenzial des Produkts stehe im Vordergrund. Entsprechend wurde auch diskutiert, ob der Preis angemessen ist. In der aktuellen Situation kam es jedoch zu keinem Deal, aber das Unternehmen wird weiterhin daran arbeiten, seine Vision zu verwirklichen und den Allesk\u00f6nner-Kochtopf in immer mehr Haushalten zum Einsatz zu bringen.<\/p>\n<p><em>Weitere Informationen zu den n\u00e4chsten Sendungen: <a href=\"https:\/\/www.oneplus.ch\/\">www.oneplus.ch\u00a0<\/a><\/em><\/p>\n","protected":false},"excerpt":{"rendered":"<p>Es scheint, dass die L\u00f6wen und L\u00f6winnen diesmal nicht nur in Dumplings und vegane Desserts gebissen, sondern auch bei Deals eine feine Nase gezeigt haben. Die Investoren waren in der zweiten Folge von &#8222;Die H\u00f6hle der L\u00f6wen Schweiz&#8220; nicht nur von den Produkten beeindruckt, sondern zeigten sich auch aktiv bei Verhandlungen und Investments. <\/p>\n","protected":false},"author":58,"featured_media":23052,"comment_status":"closed","ping_status":"closed","sticky":false,"template":"","format":"standard","meta":{"_acf_changed":false,"_yoast_wpseo_focuskw":"Feine Nase","_yoast_wpseo_metadesc":"Die L\u00f6wen und L\u00f6winnen haben diesmal nicht nur in Dumplings und vegane Desserts gebissen, sondern auch bei Deals eine feine Nase gezeigt.","articlekey":"","footnotes":""},"categories":[28],"tags":[334,424,451,492],"class_list":["post-23051","post","type-post","status-publish","format-standard","has-post-thumbnail","hentry","category-management","tag-management","tag-schweiz","tag-startups","tag-unternehmen"],"acf":[],"yoast_head":"<!-- This site is optimized with the Yoast SEO plugin v27.5 - https:\/\/yoast.com\/product\/yoast-seo-wordpress\/ -->\n<title>\u00abDie H\u00f6hle der L\u00f6wen Schweiz\u00bb Folge 5\/2: L\u00f6wen zeigen eine feine Nase - Organisator<\/title>\n<meta name=\"description\" content=\"Die L\u00f6wen und L\u00f6winnen haben diesmal nicht nur in Dumplings und vegane Desserts gebissen, sondern auch bei Deals eine feine Nase gezeigt.\" \/>\n<meta name=\"robots\" content=\"index, follow, max-snippet:-1, max-image-preview:large, max-video-preview:-1\" \/>\n<link rel=\"canonical\" href=\"https:\/\/www.organisator.ch\/de\/management\/2023-11-08\/die-hoehle-der-loewen-schweiz-folge-5-2-loewen-zeigen-eine-feine-nase\/\" \/>\n<meta property=\"og:locale\" content=\"de_DE\" \/>\n<meta property=\"og:type\" content=\"article\" \/>\n<meta property=\"og:title\" content=\"\u00abDie H\u00f6hle der L\u00f6wen Schweiz\u00bb Folge 5\/2: L\u00f6wen zeigen eine feine Nase\" \/>\n<meta property=\"og:description\" content=\"Die L\u00f6wen und L\u00f6winnen haben diesmal nicht nur in Dumplings und vegane Desserts gebissen, sondern auch bei Deals eine feine Nase gezeigt.\" \/>\n<meta property=\"og:url\" content=\"https:\/\/www.organisator.ch\/de\/management\/2023-11-08\/die-hoehle-der-loewen-schweiz-folge-5-2-loewen-zeigen-eine-feine-nase\/\" \/>\n<meta property=\"og:site_name\" content=\"Organisator\" \/>\n<meta property=\"article:publisher\" content=\"https:\/\/www.facebook.com\/OrganisatorFachmagazin\" \/>\n<meta property=\"article:published_time\" content=\"2023-11-08T10:19:20+00:00\" \/>\n<meta property=\"article:modified_time\" content=\"2023-11-21T13:42:11+00:00\" \/>\n<meta property=\"og:image\" content=\"https:\/\/www.organisator.ch\/wp-content\/uploads\/2023\/11\/HDL5_Bild4_ps.jpg\" \/>\n\t<meta property=\"og:image:width\" content=\"680\" \/>\n\t<meta property=\"og:image:height\" content=\"383\" \/>\n\t<meta property=\"og:image:type\" content=\"image\/jpeg\" \/>\n<meta name=\"author\" content=\"Adelisa Kalajdzini\" \/>\n<meta name=\"twitter:card\" content=\"summary_large_image\" \/>\n<meta name=\"twitter:title\" content=\"\u00abDie H\u00f6hle der L\u00f6wen Schweiz\u00bb Folge 5\/2: L\u00f6wen zeigen eine feine Nase\" \/>\n<meta name=\"twitter:description\" content=\"Die #L\u00f6wen und #L\u00f6winnen haben diesmal nicht nur in #Dumplings und #vegane Desserts gebissen, sondern auch bei #Deals eine feine Nase gezeigt.\" \/>\n<meta name=\"twitter:image\" content=\"https:\/\/www.organisator.ch\/wp-content\/uploads\/2023\/11\/HDL5_Bild4_ps.jpg\" \/>\n<script type=\"application\/ld+json\" class=\"yoast-schema-graph\">{\"@context\":\"https:\\\/\\\/schema.org\",\"@graph\":[{\"@type\":\"Article\",\"@id\":\"https:\\\/\\\/www.organisator.ch\\\/management\\\/2023-11-08\\\/die-hoehle-der-loewen-schweiz-folge-5-2-loewen-zeigen-eine-feine-nase\\\/#article\",\"isPartOf\":{\"@id\":\"https:\\\/\\\/www.organisator.ch\\\/management\\\/2023-11-08\\\/die-hoehle-der-loewen-schweiz-folge-5-2-loewen-zeigen-eine-feine-nase\\\/\"},\"author\":{\"name\":\"Adelisa Kalajdzini\",\"@id\":\"https:\\\/\\\/www.organisator.ch\\\/#\\\/schema\\\/person\\\/2e1314a2172123f874db408d8911d3f3\"},\"headline\":\"\u00abDie H\u00f6hle der L\u00f6wen Schweiz\u00bb Folge 5\\\/2: L\u00f6wen zeigen eine feine Nase\",\"datePublished\":\"2023-11-08T10:19:20+00:00\",\"dateModified\":\"2023-11-21T13:42:11+00:00\",\"mainEntityOfPage\":{\"@id\":\"https:\\\/\\\/www.organisator.ch\\\/management\\\/2023-11-08\\\/die-hoehle-der-loewen-schweiz-folge-5-2-loewen-zeigen-eine-feine-nase\\\/\"},\"wordCount\":2173,\"publisher\":{\"@id\":\"https:\\\/\\\/www.organisator.ch\\\/#organization\"},\"image\":{\"@id\":\"https:\\\/\\\/www.organisator.ch\\\/management\\\/2023-11-08\\\/die-hoehle-der-loewen-schweiz-folge-5-2-loewen-zeigen-eine-feine-nase\\\/#primaryimage\"},\"thumbnailUrl\":\"https:\\\/\\\/www.organisator.ch\\\/wp-content\\\/uploads\\\/2023\\\/11\\\/HDL5_Bild4_ps.jpg\",\"keywords\":[\"Management\",\"Schweiz\",\"Startups\",\"Unternehmen\"],\"articleSection\":[\"MANAGEMENT\"],\"inLanguage\":\"de\"},{\"@type\":\"WebPage\",\"@id\":\"https:\\\/\\\/www.organisator.ch\\\/management\\\/2023-11-08\\\/die-hoehle-der-loewen-schweiz-folge-5-2-loewen-zeigen-eine-feine-nase\\\/\",\"url\":\"https:\\\/\\\/www.organisator.ch\\\/management\\\/2023-11-08\\\/die-hoehle-der-loewen-schweiz-folge-5-2-loewen-zeigen-eine-feine-nase\\\/\",\"name\":\"\u00abDie H\u00f6hle der L\u00f6wen Schweiz\u00bb Folge 5\\\/2: L\u00f6wen zeigen eine feine Nase - Organisator\",\"isPartOf\":{\"@id\":\"https:\\\/\\\/www.organisator.ch\\\/#website\"},\"primaryImageOfPage\":{\"@id\":\"https:\\\/\\\/www.organisator.ch\\\/management\\\/2023-11-08\\\/die-hoehle-der-loewen-schweiz-folge-5-2-loewen-zeigen-eine-feine-nase\\\/#primaryimage\"},\"image\":{\"@id\":\"https:\\\/\\\/www.organisator.ch\\\/management\\\/2023-11-08\\\/die-hoehle-der-loewen-schweiz-folge-5-2-loewen-zeigen-eine-feine-nase\\\/#primaryimage\"},\"thumbnailUrl\":\"https:\\\/\\\/www.organisator.ch\\\/wp-content\\\/uploads\\\/2023\\\/11\\\/HDL5_Bild4_ps.jpg\",\"datePublished\":\"2023-11-08T10:19:20+00:00\",\"dateModified\":\"2023-11-21T13:42:11+00:00\",\"description\":\"Die L\u00f6wen und L\u00f6winnen haben diesmal nicht nur in Dumplings und vegane Desserts gebissen, sondern auch bei Deals eine feine Nase gezeigt.\",\"breadcrumb\":{\"@id\":\"https:\\\/\\\/www.organisator.ch\\\/management\\\/2023-11-08\\\/die-hoehle-der-loewen-schweiz-folge-5-2-loewen-zeigen-eine-feine-nase\\\/#breadcrumb\"},\"inLanguage\":\"de\",\"potentialAction\":[{\"@type\":\"ReadAction\",\"target\":[\"https:\\\/\\\/www.organisator.ch\\\/management\\\/2023-11-08\\\/die-hoehle-der-loewen-schweiz-folge-5-2-loewen-zeigen-eine-feine-nase\\\/\"]}]},{\"@type\":\"ImageObject\",\"inLanguage\":\"de\",\"@id\":\"https:\\\/\\\/www.organisator.ch\\\/management\\\/2023-11-08\\\/die-hoehle-der-loewen-schweiz-folge-5-2-loewen-zeigen-eine-feine-nase\\\/#primaryimage\",\"url\":\"https:\\\/\\\/www.organisator.ch\\\/wp-content\\\/uploads\\\/2023\\\/11\\\/HDL5_Bild4_ps.jpg\",\"contentUrl\":\"https:\\\/\\\/www.organisator.ch\\\/wp-content\\\/uploads\\\/2023\\\/11\\\/HDL5_Bild4_ps.jpg\",\"width\":680,\"height\":383,\"caption\":\"Nico Mannino und Robin D\u00fcnner, die K\u00f6pfe hinter der innovativen Parf\u00fcmmarke aus Basel, pr\u00e4sentierten ihre Idee vor den kritischen L\u00f6wen und L\u00f6winnen. (Bild: CH Media)\"},{\"@type\":\"BreadcrumbList\",\"@id\":\"https:\\\/\\\/www.organisator.ch\\\/management\\\/2023-11-08\\\/die-hoehle-der-loewen-schweiz-folge-5-2-loewen-zeigen-eine-feine-nase\\\/#breadcrumb\",\"itemListElement\":[{\"@type\":\"ListItem\",\"position\":1,\"name\":\"Home\",\"item\":\"https:\\\/\\\/www.organisator.ch\\\/\"},{\"@type\":\"ListItem\",\"position\":2,\"name\":\"\u00abDie H\u00f6hle der L\u00f6wen Schweiz\u00bb Folge 5\\\/2: L\u00f6wen zeigen eine feine Nase\"}]},{\"@type\":\"WebSite\",\"@id\":\"https:\\\/\\\/www.organisator.ch\\\/#website\",\"url\":\"https:\\\/\\\/www.organisator.ch\\\/\",\"name\":\"Organisator\",\"description\":\"Kompetent. Praxisnah. Der ORGANISATOR bereitet in 10 Ausgaben pro Jahr die wesentlichen Themen f\u00fcr F\u00fchrungskr\u00e4fte von KMU auf.\",\"publisher\":{\"@id\":\"https:\\\/\\\/www.organisator.ch\\\/#organization\"},\"potentialAction\":[{\"@type\":\"SearchAction\",\"target\":{\"@type\":\"EntryPoint\",\"urlTemplate\":\"https:\\\/\\\/www.organisator.ch\\\/?s={search_term_string}\"},\"query-input\":{\"@type\":\"PropertyValueSpecification\",\"valueRequired\":true,\"valueName\":\"search_term_string\"}}],\"inLanguage\":\"de\"},{\"@type\":\"Organization\",\"@id\":\"https:\\\/\\\/www.organisator.ch\\\/#organization\",\"name\":\"Organisator\",\"url\":\"https:\\\/\\\/www.organisator.ch\\\/\",\"logo\":{\"@type\":\"ImageObject\",\"inLanguage\":\"de\",\"@id\":\"https:\\\/\\\/www.organisator.ch\\\/#\\\/schema\\\/logo\\\/image\\\/\",\"url\":\"https:\\\/\\\/www.organisator.ch\\\/wp-content\\\/uploads\\\/2022\\\/01\\\/Logo_Organisator_Website.png\",\"contentUrl\":\"https:\\\/\\\/www.organisator.ch\\\/wp-content\\\/uploads\\\/2022\\\/01\\\/Logo_Organisator_Website.png\",\"width\":800,\"height\":77,\"caption\":\"Organisator\"},\"image\":{\"@id\":\"https:\\\/\\\/www.organisator.ch\\\/#\\\/schema\\\/logo\\\/image\\\/\"},\"sameAs\":[\"https:\\\/\\\/www.facebook.com\\\/OrganisatorFachmagazin\",\"https:\\\/\\\/www.linkedin.com\\\/showcase\\\/organisator-das-magazin-fr-kmu\",\"https:\\\/\\\/www.xing.com\\\/news\\\/pages\\\/organisator-ch-695\",\"https:\\\/\\\/www.youtube.com\\\/channel\\\/UCGP2Sq0iWaZwT3BdIAQFYpw\"]},{\"@type\":\"Person\",\"@id\":\"https:\\\/\\\/www.organisator.ch\\\/#\\\/schema\\\/person\\\/2e1314a2172123f874db408d8911d3f3\",\"name\":\"Adelisa Kalajdzini\",\"image\":{\"@type\":\"ImageObject\",\"inLanguage\":\"de\",\"@id\":\"https:\\\/\\\/secure.gravatar.com\\\/avatar\\\/09a397c22ac58cad6f160ee8306348599df9df58a8ede73696226897b9fa4b24?s=96&d=mm&r=g\",\"url\":\"https:\\\/\\\/secure.gravatar.com\\\/avatar\\\/09a397c22ac58cad6f160ee8306348599df9df58a8ede73696226897b9fa4b24?s=96&d=mm&r=g\",\"contentUrl\":\"https:\\\/\\\/secure.gravatar.com\\\/avatar\\\/09a397c22ac58cad6f160ee8306348599df9df58a8ede73696226897b9fa4b24?s=96&d=mm&r=g\",\"caption\":\"Adelisa Kalajdzini\"},\"url\":\"https:\\\/\\\/www.organisator.ch\\\/de\\\/author\\\/adelisa-kalajdzini\\\/\"}]}<\/script>\n<!-- \/ Yoast SEO plugin. -->","yoast_head_json":{"title":"\u00abDie H\u00f6hle der L\u00f6wen Schweiz\u00bb Folge 5\/2: L\u00f6wen zeigen eine feine Nase - Organisator","description":"Die L\u00f6wen und L\u00f6winnen haben diesmal nicht nur in Dumplings und vegane Desserts gebissen, sondern auch bei Deals eine feine Nase gezeigt.","robots":{"index":"index","follow":"follow","max-snippet":"max-snippet:-1","max-image-preview":"max-image-preview:large","max-video-preview":"max-video-preview:-1"},"canonical":"https:\/\/www.organisator.ch\/de\/management\/2023-11-08\/die-hoehle-der-loewen-schweiz-folge-5-2-loewen-zeigen-eine-feine-nase\/","og_locale":"de_DE","og_type":"article","og_title":"\u00abDie H\u00f6hle der L\u00f6wen Schweiz\u00bb Folge 5\/2: L\u00f6wen zeigen eine feine Nase","og_description":"Die L\u00f6wen und L\u00f6winnen haben diesmal nicht nur in Dumplings und vegane Desserts gebissen, sondern auch bei Deals eine feine Nase gezeigt.","og_url":"https:\/\/www.organisator.ch\/de\/management\/2023-11-08\/die-hoehle-der-loewen-schweiz-folge-5-2-loewen-zeigen-eine-feine-nase\/","og_site_name":"Organisator","article_publisher":"https:\/\/www.facebook.com\/OrganisatorFachmagazin","article_published_time":"2023-11-08T10:19:20+00:00","article_modified_time":"2023-11-21T13:42:11+00:00","og_image":[{"width":680,"height":383,"url":"https:\/\/www.organisator.ch\/wp-content\/uploads\/2023\/11\/HDL5_Bild4_ps.jpg","type":"image\/jpeg"}],"author":"Adelisa Kalajdzini","twitter_card":"summary_large_image","twitter_title":"\u00abDie H\u00f6hle der L\u00f6wen Schweiz\u00bb Folge 5\/2: L\u00f6wen zeigen eine feine Nase","twitter_description":"Die #L\u00f6wen und #L\u00f6winnen haben diesmal nicht nur in #Dumplings und #vegane Desserts gebissen, sondern auch bei #Deals eine feine Nase gezeigt.","twitter_image":"https:\/\/www.organisator.ch\/wp-content\/uploads\/2023\/11\/HDL5_Bild4_ps.jpg","schema":{"@context":"https:\/\/schema.org","@graph":[{"@type":"Article","@id":"https:\/\/www.organisator.ch\/management\/2023-11-08\/die-hoehle-der-loewen-schweiz-folge-5-2-loewen-zeigen-eine-feine-nase\/#article","isPartOf":{"@id":"https:\/\/www.organisator.ch\/management\/2023-11-08\/die-hoehle-der-loewen-schweiz-folge-5-2-loewen-zeigen-eine-feine-nase\/"},"author":{"name":"Adelisa Kalajdzini","@id":"https:\/\/www.organisator.ch\/#\/schema\/person\/2e1314a2172123f874db408d8911d3f3"},"headline":"\u00abDie H\u00f6hle der L\u00f6wen Schweiz\u00bb Folge 5\/2: L\u00f6wen zeigen eine feine Nase","datePublished":"2023-11-08T10:19:20+00:00","dateModified":"2023-11-21T13:42:11+00:00","mainEntityOfPage":{"@id":"https:\/\/www.organisator.ch\/management\/2023-11-08\/die-hoehle-der-loewen-schweiz-folge-5-2-loewen-zeigen-eine-feine-nase\/"},"wordCount":2173,"publisher":{"@id":"https:\/\/www.organisator.ch\/#organization"},"image":{"@id":"https:\/\/www.organisator.ch\/management\/2023-11-08\/die-hoehle-der-loewen-schweiz-folge-5-2-loewen-zeigen-eine-feine-nase\/#primaryimage"},"thumbnailUrl":"https:\/\/www.organisator.ch\/wp-content\/uploads\/2023\/11\/HDL5_Bild4_ps.jpg","keywords":["Management","Schweiz","Startups","Unternehmen"],"articleSection":["MANAGEMENT"],"inLanguage":"de"},{"@type":"WebPage","@id":"https:\/\/www.organisator.ch\/management\/2023-11-08\/die-hoehle-der-loewen-schweiz-folge-5-2-loewen-zeigen-eine-feine-nase\/","url":"https:\/\/www.organisator.ch\/management\/2023-11-08\/die-hoehle-der-loewen-schweiz-folge-5-2-loewen-zeigen-eine-feine-nase\/","name":"\u00abDie H\u00f6hle der L\u00f6wen Schweiz\u00bb Folge 5\/2: L\u00f6wen zeigen eine feine Nase - Organisator","isPartOf":{"@id":"https:\/\/www.organisator.ch\/#website"},"primaryImageOfPage":{"@id":"https:\/\/www.organisator.ch\/management\/2023-11-08\/die-hoehle-der-loewen-schweiz-folge-5-2-loewen-zeigen-eine-feine-nase\/#primaryimage"},"image":{"@id":"https:\/\/www.organisator.ch\/management\/2023-11-08\/die-hoehle-der-loewen-schweiz-folge-5-2-loewen-zeigen-eine-feine-nase\/#primaryimage"},"thumbnailUrl":"https:\/\/www.organisator.ch\/wp-content\/uploads\/2023\/11\/HDL5_Bild4_ps.jpg","datePublished":"2023-11-08T10:19:20+00:00","dateModified":"2023-11-21T13:42:11+00:00","description":"Die L\u00f6wen und L\u00f6winnen haben diesmal nicht nur in Dumplings und vegane Desserts gebissen, sondern auch bei Deals eine feine Nase gezeigt.","breadcrumb":{"@id":"https:\/\/www.organisator.ch\/management\/2023-11-08\/die-hoehle-der-loewen-schweiz-folge-5-2-loewen-zeigen-eine-feine-nase\/#breadcrumb"},"inLanguage":"de","potentialAction":[{"@type":"ReadAction","target":["https:\/\/www.organisator.ch\/management\/2023-11-08\/die-hoehle-der-loewen-schweiz-folge-5-2-loewen-zeigen-eine-feine-nase\/"]}]},{"@type":"ImageObject","inLanguage":"de","@id":"https:\/\/www.organisator.ch\/management\/2023-11-08\/die-hoehle-der-loewen-schweiz-folge-5-2-loewen-zeigen-eine-feine-nase\/#primaryimage","url":"https:\/\/www.organisator.ch\/wp-content\/uploads\/2023\/11\/HDL5_Bild4_ps.jpg","contentUrl":"https:\/\/www.organisator.ch\/wp-content\/uploads\/2023\/11\/HDL5_Bild4_ps.jpg","width":680,"height":383,"caption":"Nico Mannino und Robin D\u00fcnner, die K\u00f6pfe hinter der innovativen Parf\u00fcmmarke aus Basel, pr\u00e4sentierten ihre Idee vor den kritischen L\u00f6wen und L\u00f6winnen. (Bild: CH Media)"},{"@type":"BreadcrumbList","@id":"https:\/\/www.organisator.ch\/management\/2023-11-08\/die-hoehle-der-loewen-schweiz-folge-5-2-loewen-zeigen-eine-feine-nase\/#breadcrumb","itemListElement":[{"@type":"ListItem","position":1,"name":"Home","item":"https:\/\/www.organisator.ch\/"},{"@type":"ListItem","position":2,"name":"\u00abDie H\u00f6hle der L\u00f6wen Schweiz\u00bb Folge 5\/2: L\u00f6wen zeigen eine feine Nase"}]},{"@type":"WebSite","@id":"https:\/\/www.organisator.ch\/#website","url":"https:\/\/www.organisator.ch\/","name":"Organisator","description":"Kompetent. Praxisnah. Der ORGANISATOR bereitet in 10 Ausgaben pro Jahr die wesentlichen Themen f\u00fcr F\u00fchrungskr\u00e4fte von KMU auf.","publisher":{"@id":"https:\/\/www.organisator.ch\/#organization"},"potentialAction":[{"@type":"SearchAction","target":{"@type":"EntryPoint","urlTemplate":"https:\/\/www.organisator.ch\/?s={search_term_string}"},"query-input":{"@type":"PropertyValueSpecification","valueRequired":true,"valueName":"search_term_string"}}],"inLanguage":"de"},{"@type":"Organization","@id":"https:\/\/www.organisator.ch\/#organization","name":"Organisator","url":"https:\/\/www.organisator.ch\/","logo":{"@type":"ImageObject","inLanguage":"de","@id":"https:\/\/www.organisator.ch\/#\/schema\/logo\/image\/","url":"https:\/\/www.organisator.ch\/wp-content\/uploads\/2022\/01\/Logo_Organisator_Website.png","contentUrl":"https:\/\/www.organisator.ch\/wp-content\/uploads\/2022\/01\/Logo_Organisator_Website.png","width":800,"height":77,"caption":"Organisator"},"image":{"@id":"https:\/\/www.organisator.ch\/#\/schema\/logo\/image\/"},"sameAs":["https:\/\/www.facebook.com\/OrganisatorFachmagazin","https:\/\/www.linkedin.com\/showcase\/organisator-das-magazin-fr-kmu","https:\/\/www.xing.com\/news\/pages\/organisator-ch-695","https:\/\/www.youtube.com\/channel\/UCGP2Sq0iWaZwT3BdIAQFYpw"]},{"@type":"Person","@id":"https:\/\/www.organisator.ch\/#\/schema\/person\/2e1314a2172123f874db408d8911d3f3","name":"Adelisa Kalajdzini","image":{"@type":"ImageObject","inLanguage":"de","@id":"https:\/\/secure.gravatar.com\/avatar\/09a397c22ac58cad6f160ee8306348599df9df58a8ede73696226897b9fa4b24?s=96&d=mm&r=g","url":"https:\/\/secure.gravatar.com\/avatar\/09a397c22ac58cad6f160ee8306348599df9df58a8ede73696226897b9fa4b24?s=96&d=mm&r=g","contentUrl":"https:\/\/secure.gravatar.com\/avatar\/09a397c22ac58cad6f160ee8306348599df9df58a8ede73696226897b9fa4b24?s=96&d=mm&r=g","caption":"Adelisa Kalajdzini"},"url":"https:\/\/www.organisator.ch\/de\/author\/adelisa-kalajdzini\/"}]}},"_links":{"self":[{"href":"https:\/\/www.organisator.ch\/de\/wp-json\/wp\/v2\/posts\/23051","targetHints":{"allow":["GET"]}}],"collection":[{"href":"https:\/\/www.organisator.ch\/de\/wp-json\/wp\/v2\/posts"}],"about":[{"href":"https:\/\/www.organisator.ch\/de\/wp-json\/wp\/v2\/types\/post"}],"author":[{"embeddable":true,"href":"https:\/\/www.organisator.ch\/de\/wp-json\/wp\/v2\/users\/58"}],"replies":[{"embeddable":true,"href":"https:\/\/www.organisator.ch\/de\/wp-json\/wp\/v2\/comments?post=23051"}],"version-history":[{"count":6,"href":"https:\/\/www.organisator.ch\/de\/wp-json\/wp\/v2\/posts\/23051\/revisions"}],"predecessor-version":[{"id":23110,"href":"https:\/\/www.organisator.ch\/de\/wp-json\/wp\/v2\/posts\/23051\/revisions\/23110"}],"wp:featuredmedia":[{"embeddable":true,"href":"https:\/\/www.organisator.ch\/de\/wp-json\/wp\/v2\/media\/23052"}],"wp:attachment":[{"href":"https:\/\/www.organisator.ch\/de\/wp-json\/wp\/v2\/media?parent=23051"}],"wp:term":[{"taxonomy":"category","embeddable":true,"href":"https:\/\/www.organisator.ch\/de\/wp-json\/wp\/v2\/categories?post=23051"},{"taxonomy":"post_tag","embeddable":true,"href":"https:\/\/www.organisator.ch\/de\/wp-json\/wp\/v2\/tags?post=23051"}],"curies":[{"name":"wp","href":"https:\/\/api.w.org\/{rel}","templated":true}]}}