{"id":23057,"date":"2023-11-09T10:20:33","date_gmt":"2023-11-09T09:20:33","guid":{"rendered":"https:\/\/www.organisator.ch\/?p=23057"},"modified":"2024-02-13T15:13:29","modified_gmt":"2024-02-13T14:13:29","slug":"swiss-mobile-uebernimmt-groessten-schweizer-anbieter-fuer-smartphone-reparaturen","status":"publish","type":"post","link":"https:\/\/www.organisator.ch\/de\/management\/2023-11-09\/swiss-mobile-uebernimmt-groessten-schweizer-anbieter-fuer-smartphone-reparaturen\/","title":{"rendered":"Swiss Mobile \u00fcbernimmt gr\u00f6ssten Schweizer Anbieter f\u00fcr Smartphone-Reparaturen"},"content":{"rendered":"<figure id=\"attachment_23060\" aria-describedby=\"caption-attachment-23060\" style=\"width: 680px\" class=\"wp-caption alignnone\"><img loading=\"lazy\" decoding=\"async\" class=\"size-full wp-image-23060\" src=\"https:\/\/www.organisator.ch\/wp-content\/uploads\/2023\/11\/Swiss-Mobile_Bild1_ps.jpg\" alt=\"\" width=\"680\" height=\"471\" srcset=\"https:\/\/www.organisator.ch\/wp-content\/uploads\/2023\/11\/Swiss-Mobile_Bild1_ps.jpg 680w, https:\/\/www.organisator.ch\/wp-content\/uploads\/2023\/11\/Swiss-Mobile_Bild1_ps-18x12.jpg 18w, https:\/\/www.organisator.ch\/wp-content\/uploads\/2023\/11\/Swiss-Mobile_Bild1_ps-375x260.jpg 375w, https:\/\/www.organisator.ch\/wp-content\/uploads\/2023\/11\/Swiss-Mobile_Bild1_ps-505x350.jpg 505w\" sizes=\"auto, (max-width: 680px) 100vw, 680px\" \/><figcaption id=\"caption-attachment-23060\" class=\"wp-caption-text\">Marijan Andelic, Inhaber von Swiss Mobile und Marcel Dossenbach, CEO der Mobile Klinik. (Bild: www.swissmobile.net)<\/figcaption><\/figure>\n<p>\u201eW\u00e4hrend Branchengr\u00f6ssen wie Swisscom oder mobilezone ihre Reparaturstandorte schliessen, setzen wir auf den direkten Kontakt mit unseren Kundinnen und Kunden. Wir bieten zuverl\u00e4ssige Express-Reparaturen f\u00fcr Smartphones und Tablets\u201c, sagt Marijan Andelic, Inhaber von Swiss Mobile. Der Telekommunikationsexperte \u00fcbernimmt per sofort s\u00e4mtliche 30 Standorte der Mobile Klinik in der Schweiz, zu der auch die Marken Fix Repair und Handy Doktor geh\u00f6ren.<\/p>\n<p>Die Marken Mobile Klinik, Fix Repair und Handy Doktor bleiben unter der operativen Leitung von Marcel Dossenbach bestehen. Gleichzeitig richtet sich das Angebot des Unternehmens neu an Privatkunden wie auch Unternehmen.<\/p>\n<p><strong>Kunden wollen keine Zeit verlieren<\/strong><\/p>\n<p>Daten der Mobile Klinik zeigen, dass rund 75% aller Smartphone-Reparaturen sofort vor Ort durchgef\u00fchrt werden. Die \u00fcbrigen 25% m\u00fcssen eingeschickt oder ersetzt werden. Ein Smartphone einzusenden oder gar zu ersetzen, gehe jedoch mit einem grossen Aufwand einher, erkl\u00e4rt Marcel Dossenbach, CEO der Mobile Klinik. \u201eGleichzeitig ist ein neues Smartphone wesentlich teurer als eine Reparatur, der Datentransfer auf ein neues Ger\u00e4t m\u00fchsam und die circa einw\u00f6chige Wartezeit bis zur R\u00fccksendung eines Ger\u00e4ts l\u00e4stig und nicht zeitgem\u00e4ss.\u201c<\/p>\n<p>Smartphones werden im Zuge des Nachhaltigkeitstrends robuster und m\u00f6glichst bis zum Ende ihrer maximalen Lebensdauer genutzt. Entsprechend gefragt sind Express-Reparaturen vor Ort. Vor diesem Hintergrund erstaunt die Schliessung vieler Reparatur-Standorte grosser Dienstleister. Die Argumentation, dies l\u00e4ge im Interesse der Kundinnen und Kunden, noch mehr. Marijan Andelic zeigt sich optimistisch: \u201eIch stehe selber jede Woche in unseren Shops und kenne die Bed\u00fcrfnisse der Kundinnen und Kunden. Mit der \u00dcbernahme der Mobile Klinik nutzen wir unternehmerische Synergien und bieten Privatkunden wie auch Unternehmen sowohl gesamtheitliche Komplettl\u00f6sungen im Telekommunikationsbereich als auch Express-Reparaturen auf h\u00f6chstem Niveau. Bereits im kommenden Jahr rechnen wir mit einer Umsatzsteigerung von rund 20 Prozent.\u201c<\/p>\n<p><em>Quelle: <a href=\"https:\/\/swissmobile.net\/\">www.swissmobile.net<\/a>\u00a0<\/em><\/p>\n","protected":false},"excerpt":{"rendered":"<p>Die Marken Mobile Klinik, Fix Repair und Handy Doktor werden per sofort von Swiss Mobile \u00fcbernommen. Das D\u00fcbendorfer Unternehmen wird damit zum schweizweit gr\u00f6ssten Anbieter von Sofort-Reparaturen f\u00fcr Smartphones und Tablets \u2013 mit 32 Standorten und einer Belegschaft von rund 70 Angestellten.<\/p>\n","protected":false},"author":58,"featured_media":23060,"comment_status":"closed","ping_status":"closed","sticky":false,"template":"","format":"standard","meta":{"_acf_changed":false,"_yoast_wpseo_focuskw":"Swiss Mobile","_yoast_wpseo_metadesc":"Swiss Mobile wird zum schweizweit gr\u00f6ssten Anbieter von Sofort-Reparaturen f\u00fcr Smartphones und Tablets - mit 32 Standorten.","articlekey":"","footnotes":""},"categories":[28],"tags":[320,334,424,496],"class_list":["post-23057","post","type-post","status-publish","format-standard","has-post-thumbnail","hentry","category-management","tag-leadership","tag-management","tag-schweiz","tag-unternehmensfuehrung"],"acf":[],"yoast_head":"<!-- This site is optimized with the Yoast SEO plugin v27.4 - https:\/\/yoast.com\/product\/yoast-seo-wordpress\/ -->\n<title>Swiss Mobile \u00fcbernimmt gr\u00f6ssten Schweizer Anbieter f\u00fcr Smartphone-Reparaturen - Organisator<\/title>\n<meta name=\"description\" content=\"Swiss Mobile wird zum schweizweit gr\u00f6ssten Anbieter von Sofort-Reparaturen f\u00fcr Smartphones und Tablets - mit 32 Standorten.\" \/>\n<meta name=\"robots\" content=\"index, follow, max-snippet:-1, max-image-preview:large, max-video-preview:-1\" \/>\n<link rel=\"canonical\" href=\"https:\/\/www.organisator.ch\/de\/management\/2023-11-09\/swiss-mobile-uebernimmt-groessten-schweizer-anbieter-fuer-smartphone-reparaturen\/\" \/>\n<meta property=\"og:locale\" content=\"de_DE\" \/>\n<meta property=\"og:type\" content=\"article\" \/>\n<meta property=\"og:title\" content=\"Swiss Mobile \u00fcbernimmt gr\u00f6ssten Schweizer Anbieter f\u00fcr Smartphone-Reparaturen\" \/>\n<meta property=\"og:description\" content=\"Swiss Mobile wird zum schweizweit gr\u00f6ssten Anbieter von Sofort-Reparaturen f\u00fcr Smartphones und Tablets - mit 32 Standorten.\" \/>\n<meta property=\"og:url\" content=\"https:\/\/www.organisator.ch\/de\/management\/2023-11-09\/swiss-mobile-uebernimmt-groessten-schweizer-anbieter-fuer-smartphone-reparaturen\/\" \/>\n<meta property=\"og:site_name\" content=\"Organisator\" \/>\n<meta property=\"article:publisher\" content=\"https:\/\/www.facebook.com\/OrganisatorFachmagazin\" \/>\n<meta property=\"article:published_time\" content=\"2023-11-09T09:20:33+00:00\" \/>\n<meta property=\"article:modified_time\" content=\"2024-02-13T14:13:29+00:00\" \/>\n<meta property=\"og:image\" content=\"https:\/\/www.organisator.ch\/wp-content\/uploads\/2023\/11\/Swiss-Mobile_Bild1_ps.jpg\" \/>\n\t<meta property=\"og:image:width\" content=\"680\" \/>\n\t<meta property=\"og:image:height\" content=\"471\" \/>\n\t<meta property=\"og:image:type\" content=\"image\/jpeg\" \/>\n<meta name=\"author\" content=\"Adelisa Kalajdzini\" \/>\n<meta name=\"twitter:card\" content=\"summary_large_image\" \/>\n<meta name=\"twitter:title\" content=\"Swiss Mobile \u00fcbernimmt gr\u00f6ssten Schweizer Anbieter f\u00fcr Smartphone-Reparaturen\" \/>\n<meta name=\"twitter:description\" content=\"Swiss Mobile wird zum schweizweit gr\u00f6ssten Anbieter von Sofort-Reparaturen f\u00fcr Smartphones und Tablets - mit 32 Standorten.\" \/>\n<meta name=\"twitter:image\" content=\"https:\/\/www.organisator.ch\/wp-content\/uploads\/2023\/11\/Swiss-Mobile_Bild1_ps.jpg\" \/>\n<script type=\"application\/ld+json\" class=\"yoast-schema-graph\">{\"@context\":\"https:\\\/\\\/schema.org\",\"@graph\":[{\"@type\":\"Article\",\"@id\":\"https:\\\/\\\/www.organisator.ch\\\/management\\\/2023-11-09\\\/swiss-mobile-uebernimmt-groessten-schweizer-anbieter-fuer-smartphone-reparaturen\\\/#article\",\"isPartOf\":{\"@id\":\"https:\\\/\\\/www.organisator.ch\\\/management\\\/2023-11-09\\\/swiss-mobile-uebernimmt-groessten-schweizer-anbieter-fuer-smartphone-reparaturen\\\/\"},\"author\":{\"name\":\"Adelisa Kalajdzini\",\"@id\":\"https:\\\/\\\/www.organisator.ch\\\/#\\\/schema\\\/person\\\/2e1314a2172123f874db408d8911d3f3\"},\"headline\":\"Swiss Mobile \u00fcbernimmt gr\u00f6ssten Schweizer Anbieter f\u00fcr Smartphone-Reparaturen\",\"datePublished\":\"2023-11-09T09:20:33+00:00\",\"dateModified\":\"2024-02-13T14:13:29+00:00\",\"mainEntityOfPage\":{\"@id\":\"https:\\\/\\\/www.organisator.ch\\\/management\\\/2023-11-09\\\/swiss-mobile-uebernimmt-groessten-schweizer-anbieter-fuer-smartphone-reparaturen\\\/\"},\"wordCount\":331,\"publisher\":{\"@id\":\"https:\\\/\\\/www.organisator.ch\\\/#organization\"},\"image\":{\"@id\":\"https:\\\/\\\/www.organisator.ch\\\/management\\\/2023-11-09\\\/swiss-mobile-uebernimmt-groessten-schweizer-anbieter-fuer-smartphone-reparaturen\\\/#primaryimage\"},\"thumbnailUrl\":\"https:\\\/\\\/www.organisator.ch\\\/wp-content\\\/uploads\\\/2023\\\/11\\\/Swiss-Mobile_Bild1_ps.jpg\",\"keywords\":[\"Leadership\",\"Management\",\"Schweiz\",\"Unternehmensf\u00fchrung\"],\"articleSection\":[\"MANAGEMENT\"],\"inLanguage\":\"de\"},{\"@type\":\"WebPage\",\"@id\":\"https:\\\/\\\/www.organisator.ch\\\/management\\\/2023-11-09\\\/swiss-mobile-uebernimmt-groessten-schweizer-anbieter-fuer-smartphone-reparaturen\\\/\",\"url\":\"https:\\\/\\\/www.organisator.ch\\\/management\\\/2023-11-09\\\/swiss-mobile-uebernimmt-groessten-schweizer-anbieter-fuer-smartphone-reparaturen\\\/\",\"name\":\"Swiss Mobile \u00fcbernimmt gr\u00f6ssten Schweizer Anbieter f\u00fcr Smartphone-Reparaturen - Organisator\",\"isPartOf\":{\"@id\":\"https:\\\/\\\/www.organisator.ch\\\/#website\"},\"primaryImageOfPage\":{\"@id\":\"https:\\\/\\\/www.organisator.ch\\\/management\\\/2023-11-09\\\/swiss-mobile-uebernimmt-groessten-schweizer-anbieter-fuer-smartphone-reparaturen\\\/#primaryimage\"},\"image\":{\"@id\":\"https:\\\/\\\/www.organisator.ch\\\/management\\\/2023-11-09\\\/swiss-mobile-uebernimmt-groessten-schweizer-anbieter-fuer-smartphone-reparaturen\\\/#primaryimage\"},\"thumbnailUrl\":\"https:\\\/\\\/www.organisator.ch\\\/wp-content\\\/uploads\\\/2023\\\/11\\\/Swiss-Mobile_Bild1_ps.jpg\",\"datePublished\":\"2023-11-09T09:20:33+00:00\",\"dateModified\":\"2024-02-13T14:13:29+00:00\",\"description\":\"Swiss Mobile wird zum schweizweit gr\u00f6ssten Anbieter von Sofort-Reparaturen f\u00fcr Smartphones und Tablets - mit 32 Standorten.\",\"breadcrumb\":{\"@id\":\"https:\\\/\\\/www.organisator.ch\\\/management\\\/2023-11-09\\\/swiss-mobile-uebernimmt-groessten-schweizer-anbieter-fuer-smartphone-reparaturen\\\/#breadcrumb\"},\"inLanguage\":\"de\",\"potentialAction\":[{\"@type\":\"ReadAction\",\"target\":[\"https:\\\/\\\/www.organisator.ch\\\/management\\\/2023-11-09\\\/swiss-mobile-uebernimmt-groessten-schweizer-anbieter-fuer-smartphone-reparaturen\\\/\"]}]},{\"@type\":\"ImageObject\",\"inLanguage\":\"de\",\"@id\":\"https:\\\/\\\/www.organisator.ch\\\/management\\\/2023-11-09\\\/swiss-mobile-uebernimmt-groessten-schweizer-anbieter-fuer-smartphone-reparaturen\\\/#primaryimage\",\"url\":\"https:\\\/\\\/www.organisator.ch\\\/wp-content\\\/uploads\\\/2023\\\/11\\\/Swiss-Mobile_Bild1_ps.jpg\",\"contentUrl\":\"https:\\\/\\\/www.organisator.ch\\\/wp-content\\\/uploads\\\/2023\\\/11\\\/Swiss-Mobile_Bild1_ps.jpg\",\"width\":680,\"height\":471,\"caption\":\"Marijan Andelic, Inhaber von Swiss Mobile und Marcel Dossenbach, CEO der Mobile Klinik. (Bild: www.swissmobile.net)\"},{\"@type\":\"BreadcrumbList\",\"@id\":\"https:\\\/\\\/www.organisator.ch\\\/management\\\/2023-11-09\\\/swiss-mobile-uebernimmt-groessten-schweizer-anbieter-fuer-smartphone-reparaturen\\\/#breadcrumb\",\"itemListElement\":[{\"@type\":\"ListItem\",\"position\":1,\"name\":\"Home\",\"item\":\"https:\\\/\\\/www.organisator.ch\\\/\"},{\"@type\":\"ListItem\",\"position\":2,\"name\":\"Swiss Mobile \u00fcbernimmt gr\u00f6ssten Schweizer Anbieter f\u00fcr Smartphone-Reparaturen\"}]},{\"@type\":\"WebSite\",\"@id\":\"https:\\\/\\\/www.organisator.ch\\\/#website\",\"url\":\"https:\\\/\\\/www.organisator.ch\\\/\",\"name\":\"Organisator\",\"description\":\"Kompetent. Praxisnah. Der ORGANISATOR bereitet in 10 Ausgaben pro Jahr die wesentlichen Themen f\u00fcr F\u00fchrungskr\u00e4fte von KMU auf.\",\"publisher\":{\"@id\":\"https:\\\/\\\/www.organisator.ch\\\/#organization\"},\"potentialAction\":[{\"@type\":\"SearchAction\",\"target\":{\"@type\":\"EntryPoint\",\"urlTemplate\":\"https:\\\/\\\/www.organisator.ch\\\/?s={search_term_string}\"},\"query-input\":{\"@type\":\"PropertyValueSpecification\",\"valueRequired\":true,\"valueName\":\"search_term_string\"}}],\"inLanguage\":\"de\"},{\"@type\":\"Organization\",\"@id\":\"https:\\\/\\\/www.organisator.ch\\\/#organization\",\"name\":\"Organisator\",\"url\":\"https:\\\/\\\/www.organisator.ch\\\/\",\"logo\":{\"@type\":\"ImageObject\",\"inLanguage\":\"de\",\"@id\":\"https:\\\/\\\/www.organisator.ch\\\/#\\\/schema\\\/logo\\\/image\\\/\",\"url\":\"https:\\\/\\\/www.organisator.ch\\\/wp-content\\\/uploads\\\/2022\\\/01\\\/Logo_Organisator_Website.png\",\"contentUrl\":\"https:\\\/\\\/www.organisator.ch\\\/wp-content\\\/uploads\\\/2022\\\/01\\\/Logo_Organisator_Website.png\",\"width\":800,\"height\":77,\"caption\":\"Organisator\"},\"image\":{\"@id\":\"https:\\\/\\\/www.organisator.ch\\\/#\\\/schema\\\/logo\\\/image\\\/\"},\"sameAs\":[\"https:\\\/\\\/www.facebook.com\\\/OrganisatorFachmagazin\",\"https:\\\/\\\/www.linkedin.com\\\/showcase\\\/organisator-das-magazin-fr-kmu\",\"https:\\\/\\\/www.xing.com\\\/news\\\/pages\\\/organisator-ch-695\",\"https:\\\/\\\/www.youtube.com\\\/channel\\\/UCGP2Sq0iWaZwT3BdIAQFYpw\"]},{\"@type\":\"Person\",\"@id\":\"https:\\\/\\\/www.organisator.ch\\\/#\\\/schema\\\/person\\\/2e1314a2172123f874db408d8911d3f3\",\"name\":\"Adelisa Kalajdzini\",\"image\":{\"@type\":\"ImageObject\",\"inLanguage\":\"de\",\"@id\":\"https:\\\/\\\/secure.gravatar.com\\\/avatar\\\/09a397c22ac58cad6f160ee8306348599df9df58a8ede73696226897b9fa4b24?s=96&d=mm&r=g\",\"url\":\"https:\\\/\\\/secure.gravatar.com\\\/avatar\\\/09a397c22ac58cad6f160ee8306348599df9df58a8ede73696226897b9fa4b24?s=96&d=mm&r=g\",\"contentUrl\":\"https:\\\/\\\/secure.gravatar.com\\\/avatar\\\/09a397c22ac58cad6f160ee8306348599df9df58a8ede73696226897b9fa4b24?s=96&d=mm&r=g\",\"caption\":\"Adelisa Kalajdzini\"},\"url\":\"https:\\\/\\\/www.organisator.ch\\\/de\\\/author\\\/adelisa-kalajdzini\\\/\"}]}<\/script>\n<!-- \/ Yoast SEO plugin. -->","yoast_head_json":{"title":"Swiss Mobile \u00fcbernimmt gr\u00f6ssten Schweizer Anbieter f\u00fcr Smartphone-Reparaturen - Organisator","description":"Swiss Mobile wird zum schweizweit gr\u00f6ssten Anbieter von Sofort-Reparaturen f\u00fcr Smartphones und Tablets - mit 32 Standorten.","robots":{"index":"index","follow":"follow","max-snippet":"max-snippet:-1","max-image-preview":"max-image-preview:large","max-video-preview":"max-video-preview:-1"},"canonical":"https:\/\/www.organisator.ch\/de\/management\/2023-11-09\/swiss-mobile-uebernimmt-groessten-schweizer-anbieter-fuer-smartphone-reparaturen\/","og_locale":"de_DE","og_type":"article","og_title":"Swiss Mobile \u00fcbernimmt gr\u00f6ssten Schweizer Anbieter f\u00fcr Smartphone-Reparaturen","og_description":"Swiss Mobile wird zum schweizweit gr\u00f6ssten Anbieter von Sofort-Reparaturen f\u00fcr Smartphones und Tablets - mit 32 Standorten.","og_url":"https:\/\/www.organisator.ch\/de\/management\/2023-11-09\/swiss-mobile-uebernimmt-groessten-schweizer-anbieter-fuer-smartphone-reparaturen\/","og_site_name":"Organisator","article_publisher":"https:\/\/www.facebook.com\/OrganisatorFachmagazin","article_published_time":"2023-11-09T09:20:33+00:00","article_modified_time":"2024-02-13T14:13:29+00:00","og_image":[{"width":680,"height":471,"url":"https:\/\/www.organisator.ch\/wp-content\/uploads\/2023\/11\/Swiss-Mobile_Bild1_ps.jpg","type":"image\/jpeg"}],"author":"Adelisa Kalajdzini","twitter_card":"summary_large_image","twitter_title":"Swiss Mobile \u00fcbernimmt gr\u00f6ssten Schweizer Anbieter f\u00fcr Smartphone-Reparaturen","twitter_description":"Swiss Mobile wird zum schweizweit gr\u00f6ssten Anbieter von Sofort-Reparaturen f\u00fcr Smartphones und Tablets - mit 32 Standorten.","twitter_image":"https:\/\/www.organisator.ch\/wp-content\/uploads\/2023\/11\/Swiss-Mobile_Bild1_ps.jpg","schema":{"@context":"https:\/\/schema.org","@graph":[{"@type":"Article","@id":"https:\/\/www.organisator.ch\/management\/2023-11-09\/swiss-mobile-uebernimmt-groessten-schweizer-anbieter-fuer-smartphone-reparaturen\/#article","isPartOf":{"@id":"https:\/\/www.organisator.ch\/management\/2023-11-09\/swiss-mobile-uebernimmt-groessten-schweizer-anbieter-fuer-smartphone-reparaturen\/"},"author":{"name":"Adelisa Kalajdzini","@id":"https:\/\/www.organisator.ch\/#\/schema\/person\/2e1314a2172123f874db408d8911d3f3"},"headline":"Swiss Mobile \u00fcbernimmt gr\u00f6ssten Schweizer Anbieter f\u00fcr Smartphone-Reparaturen","datePublished":"2023-11-09T09:20:33+00:00","dateModified":"2024-02-13T14:13:29+00:00","mainEntityOfPage":{"@id":"https:\/\/www.organisator.ch\/management\/2023-11-09\/swiss-mobile-uebernimmt-groessten-schweizer-anbieter-fuer-smartphone-reparaturen\/"},"wordCount":331,"publisher":{"@id":"https:\/\/www.organisator.ch\/#organization"},"image":{"@id":"https:\/\/www.organisator.ch\/management\/2023-11-09\/swiss-mobile-uebernimmt-groessten-schweizer-anbieter-fuer-smartphone-reparaturen\/#primaryimage"},"thumbnailUrl":"https:\/\/www.organisator.ch\/wp-content\/uploads\/2023\/11\/Swiss-Mobile_Bild1_ps.jpg","keywords":["Leadership","Management","Schweiz","Unternehmensf\u00fchrung"],"articleSection":["MANAGEMENT"],"inLanguage":"de"},{"@type":"WebPage","@id":"https:\/\/www.organisator.ch\/management\/2023-11-09\/swiss-mobile-uebernimmt-groessten-schweizer-anbieter-fuer-smartphone-reparaturen\/","url":"https:\/\/www.organisator.ch\/management\/2023-11-09\/swiss-mobile-uebernimmt-groessten-schweizer-anbieter-fuer-smartphone-reparaturen\/","name":"Swiss Mobile \u00fcbernimmt gr\u00f6ssten Schweizer Anbieter f\u00fcr Smartphone-Reparaturen - Organisator","isPartOf":{"@id":"https:\/\/www.organisator.ch\/#website"},"primaryImageOfPage":{"@id":"https:\/\/www.organisator.ch\/management\/2023-11-09\/swiss-mobile-uebernimmt-groessten-schweizer-anbieter-fuer-smartphone-reparaturen\/#primaryimage"},"image":{"@id":"https:\/\/www.organisator.ch\/management\/2023-11-09\/swiss-mobile-uebernimmt-groessten-schweizer-anbieter-fuer-smartphone-reparaturen\/#primaryimage"},"thumbnailUrl":"https:\/\/www.organisator.ch\/wp-content\/uploads\/2023\/11\/Swiss-Mobile_Bild1_ps.jpg","datePublished":"2023-11-09T09:20:33+00:00","dateModified":"2024-02-13T14:13:29+00:00","description":"Swiss Mobile wird zum schweizweit gr\u00f6ssten Anbieter von Sofort-Reparaturen f\u00fcr Smartphones und Tablets - mit 32 Standorten.","breadcrumb":{"@id":"https:\/\/www.organisator.ch\/management\/2023-11-09\/swiss-mobile-uebernimmt-groessten-schweizer-anbieter-fuer-smartphone-reparaturen\/#breadcrumb"},"inLanguage":"de","potentialAction":[{"@type":"ReadAction","target":["https:\/\/www.organisator.ch\/management\/2023-11-09\/swiss-mobile-uebernimmt-groessten-schweizer-anbieter-fuer-smartphone-reparaturen\/"]}]},{"@type":"ImageObject","inLanguage":"de","@id":"https:\/\/www.organisator.ch\/management\/2023-11-09\/swiss-mobile-uebernimmt-groessten-schweizer-anbieter-fuer-smartphone-reparaturen\/#primaryimage","url":"https:\/\/www.organisator.ch\/wp-content\/uploads\/2023\/11\/Swiss-Mobile_Bild1_ps.jpg","contentUrl":"https:\/\/www.organisator.ch\/wp-content\/uploads\/2023\/11\/Swiss-Mobile_Bild1_ps.jpg","width":680,"height":471,"caption":"Marijan Andelic, Inhaber von Swiss Mobile und Marcel Dossenbach, CEO der Mobile Klinik. (Bild: www.swissmobile.net)"},{"@type":"BreadcrumbList","@id":"https:\/\/www.organisator.ch\/management\/2023-11-09\/swiss-mobile-uebernimmt-groessten-schweizer-anbieter-fuer-smartphone-reparaturen\/#breadcrumb","itemListElement":[{"@type":"ListItem","position":1,"name":"Home","item":"https:\/\/www.organisator.ch\/"},{"@type":"ListItem","position":2,"name":"Swiss Mobile \u00fcbernimmt gr\u00f6ssten Schweizer Anbieter f\u00fcr Smartphone-Reparaturen"}]},{"@type":"WebSite","@id":"https:\/\/www.organisator.ch\/#website","url":"https:\/\/www.organisator.ch\/","name":"Organisator","description":"Kompetent. Praxisnah. Der ORGANISATOR bereitet in 10 Ausgaben pro Jahr die wesentlichen Themen f\u00fcr F\u00fchrungskr\u00e4fte von KMU auf.","publisher":{"@id":"https:\/\/www.organisator.ch\/#organization"},"potentialAction":[{"@type":"SearchAction","target":{"@type":"EntryPoint","urlTemplate":"https:\/\/www.organisator.ch\/?s={search_term_string}"},"query-input":{"@type":"PropertyValueSpecification","valueRequired":true,"valueName":"search_term_string"}}],"inLanguage":"de"},{"@type":"Organization","@id":"https:\/\/www.organisator.ch\/#organization","name":"Organisator","url":"https:\/\/www.organisator.ch\/","logo":{"@type":"ImageObject","inLanguage":"de","@id":"https:\/\/www.organisator.ch\/#\/schema\/logo\/image\/","url":"https:\/\/www.organisator.ch\/wp-content\/uploads\/2022\/01\/Logo_Organisator_Website.png","contentUrl":"https:\/\/www.organisator.ch\/wp-content\/uploads\/2022\/01\/Logo_Organisator_Website.png","width":800,"height":77,"caption":"Organisator"},"image":{"@id":"https:\/\/www.organisator.ch\/#\/schema\/logo\/image\/"},"sameAs":["https:\/\/www.facebook.com\/OrganisatorFachmagazin","https:\/\/www.linkedin.com\/showcase\/organisator-das-magazin-fr-kmu","https:\/\/www.xing.com\/news\/pages\/organisator-ch-695","https:\/\/www.youtube.com\/channel\/UCGP2Sq0iWaZwT3BdIAQFYpw"]},{"@type":"Person","@id":"https:\/\/www.organisator.ch\/#\/schema\/person\/2e1314a2172123f874db408d8911d3f3","name":"Adelisa Kalajdzini","image":{"@type":"ImageObject","inLanguage":"de","@id":"https:\/\/secure.gravatar.com\/avatar\/09a397c22ac58cad6f160ee8306348599df9df58a8ede73696226897b9fa4b24?s=96&d=mm&r=g","url":"https:\/\/secure.gravatar.com\/avatar\/09a397c22ac58cad6f160ee8306348599df9df58a8ede73696226897b9fa4b24?s=96&d=mm&r=g","contentUrl":"https:\/\/secure.gravatar.com\/avatar\/09a397c22ac58cad6f160ee8306348599df9df58a8ede73696226897b9fa4b24?s=96&d=mm&r=g","caption":"Adelisa Kalajdzini"},"url":"https:\/\/www.organisator.ch\/de\/author\/adelisa-kalajdzini\/"}]}},"_links":{"self":[{"href":"https:\/\/www.organisator.ch\/de\/wp-json\/wp\/v2\/posts\/23057","targetHints":{"allow":["GET"]}}],"collection":[{"href":"https:\/\/www.organisator.ch\/de\/wp-json\/wp\/v2\/posts"}],"about":[{"href":"https:\/\/www.organisator.ch\/de\/wp-json\/wp\/v2\/types\/post"}],"author":[{"embeddable":true,"href":"https:\/\/www.organisator.ch\/de\/wp-json\/wp\/v2\/users\/58"}],"replies":[{"embeddable":true,"href":"https:\/\/www.organisator.ch\/de\/wp-json\/wp\/v2\/comments?post=23057"}],"version-history":[{"count":4,"href":"https:\/\/www.organisator.ch\/de\/wp-json\/wp\/v2\/posts\/23057\/revisions"}],"predecessor-version":[{"id":24999,"href":"https:\/\/www.organisator.ch\/de\/wp-json\/wp\/v2\/posts\/23057\/revisions\/24999"}],"wp:featuredmedia":[{"embeddable":true,"href":"https:\/\/www.organisator.ch\/de\/wp-json\/wp\/v2\/media\/23060"}],"wp:attachment":[{"href":"https:\/\/www.organisator.ch\/de\/wp-json\/wp\/v2\/media?parent=23057"}],"wp:term":[{"taxonomy":"category","embeddable":true,"href":"https:\/\/www.organisator.ch\/de\/wp-json\/wp\/v2\/categories?post=23057"},{"taxonomy":"post_tag","embeddable":true,"href":"https:\/\/www.organisator.ch\/de\/wp-json\/wp\/v2\/tags?post=23057"}],"curies":[{"name":"wp","href":"https:\/\/api.w.org\/{rel}","templated":true}]}}