{"id":231,"date":"2016-04-05T09:11:23","date_gmt":"2016-04-05T07:11:23","guid":{"rendered":"http:\/\/dev.organisator.ch\/?p=231"},"modified":"2016-04-05T09:11:23","modified_gmt":"2016-04-05T07:11:23","slug":"neuer-co-leiter-in-pwcs-experience-center","status":"publish","type":"post","link":"https:\/\/www.organisator.ch\/de\/allgemein\/2016-04-05\/neuer-co-leiter-in-pwcs-experience-center\/","title":{"rendered":"Neuer Co-Leiter in PwCs Experience Center"},"content":{"rendered":"<figure id=\"attachment_232\" aria-describedby=\"caption-attachment-232\" style=\"width: 375px\" class=\"wp-caption alignnone\"><img loading=\"lazy\" decoding=\"async\" class=\"size-full wp-image-232\" src=\"https:\/\/www.organisator.ch\/wp-content\/uploads\/2016\/12\/Neuer-Co-Leiter-in-PwCs-Experience-Center-organisator.jpg\" alt=\"\" width=\"375\" height=\"336\" srcset=\"https:\/\/www.organisator.ch\/wp-content\/uploads\/2016\/12\/Neuer-Co-Leiter-in-PwCs-Experience-Center-organisator.jpg 375w, https:\/\/www.organisator.ch\/wp-content\/uploads\/2016\/12\/Neuer-Co-Leiter-in-PwCs-Experience-Center-organisator-13x12.jpg 13w, https:\/\/www.organisator.ch\/wp-content\/uploads\/2016\/12\/Neuer-Co-Leiter-in-PwCs-Experience-Center-organisator-195x175.jpg 195w, https:\/\/www.organisator.ch\/wp-content\/uploads\/2016\/12\/Neuer-Co-Leiter-in-PwCs-Experience-Center-organisator-300x269.jpg 300w\" sizes=\"auto, (max-width: 375px) 100vw, 375px\" \/><figcaption id=\"caption-attachment-232\" class=\"wp-caption-text\">Wanja Bont verst\u00e4rkt das Experience Center mit seinem Ansatz \u00abDas Beste aus Beratung und Agentur\u00bb nun auch auf F\u00fchrungsebene.<\/figcaption><\/figure>\n<p>Wanja Bont verst\u00e4rkt als Co-Leiter PwCs Experience Center in der Schweiz. Dieses bietet Unternehmen kompakte L\u00f6sungen f\u00fcr deren digitale Transformation, von Innovation \u00fcber Strategie bis hin zur \u00abhandfesten\u00bb Realisation. \u00abWas die digitale Transformation angeht, sehen wir grosses Potential f\u00fcr Schweizer Unternehmen. Mit dem Experience Center sind wir einzigartig aufgestellt, um unseren Kunden mit Rat und Tat bei den heute dominierenden Herausforderungen Mehrwerte zu liefern\u00bb, sagt der urspr\u00fcngliche Architekt Wanja Bont. 2005 war er bereits Teil von PwC Schweiz und leitete bis 2013 die Beratung f\u00fcr den Branchensektor \u00abTechnologie, Information, Kommunikation, Unterhaltung &amp; Medien\u00bb. Anschliessend baute Bont seine Expertise als Head Digital der internationalen MCH Group weiter aus. Dabei zeichnete er sich vor allem f\u00fcr die Entwicklung und Umsetzung des digitalen Gesch\u00e4fts sowie f\u00fcr die digitale Transformation des f\u00fchrenden Live-Marketing-Unternehmens verantwortlich.<\/p>\n<p><em>Quelle: <a href=\"http:\/\/www.pwc.ch\" target=\"_blank\" data-cke-saved-href=\"http:\/\/www.pwc.ch\" rel=\"noopener\">http:\/\/www.pwc.ch<\/a><\/em><\/p>\n","protected":false},"excerpt":{"rendered":"<p>Wanja Bont verst\u00e4rkt als Co-Leiter PwCs Experience Center in der Schweiz. Dieses bietet Unternehmen kompakte L\u00f6sungen f\u00fcr deren digitale Transformation, von Innovation \u00fcber Strategie bis hin zur \u00abhandfesten\u00bb Realisation. \u00abWas die digitale Transformation angeht, sehen wir grosses Potential f\u00fcr Schweizer Unternehmen. Mit dem Experience Center sind wir einzigartig aufgestellt, um unseren Kunden mit Rat und [&hellip;]<\/p>\n","protected":false},"author":1,"featured_media":232,"comment_status":"open","ping_status":"open","sticky":false,"template":"","format":"standard","meta":{"_acf_changed":false,"_yoast_wpseo_focuskw":"PwCs Experience Center","_yoast_wpseo_metadesc":"Wanja Bont wird neuer Co-Leiter in PwCs Experience Center an der Seite von Olivier Kofler.","articlekey":"","footnotes":""},"categories":[1],"tags":[382],"class_list":["post-231","post","type-post","status-publish","format-standard","has-post-thumbnail","hentry","category-allgemein","tag-personalien"],"acf":[],"yoast_head":"<!-- This site is optimized with the Yoast SEO plugin v27.4 - https:\/\/yoast.com\/product\/yoast-seo-wordpress\/ -->\n<title>Neuer Co-Leiter in PwCs Experience Center - Organisator<\/title>\n<meta name=\"description\" content=\"Wanja Bont wird neuer Co-Leiter in PwCs Experience Center an der Seite von Olivier Kofler.\" \/>\n<meta name=\"robots\" content=\"index, follow, max-snippet:-1, max-image-preview:large, max-video-preview:-1\" \/>\n<link rel=\"canonical\" href=\"https:\/\/www.organisator.ch\/de\/allgemein\/2016-04-05\/neuer-co-leiter-in-pwcs-experience-center\/\" \/>\n<meta property=\"og:locale\" content=\"de_DE\" \/>\n<meta property=\"og:type\" content=\"article\" \/>\n<meta property=\"og:title\" content=\"Neuer Co-Leiter in PwCs Experience Center\" \/>\n<meta property=\"og:description\" content=\"Wanja Bont wird neuer Co-Leiter in PwCs Experience Center an der Seite von Olivier Kofler. Bont verst\u00e4rkt die Kreativschmiede mit seiner langj\u00e4hrigen internationalen Beratungs- und Praxiserfahrung im Bereich digitale Transformation. Damit vereint das Experience Center \u00abdas Beste aus Beratung und Agentur\u00bb nun auch in der Chefetage.\" \/>\n<meta property=\"og:url\" content=\"https:\/\/www.organisator.ch\/de\/allgemein\/2016-04-05\/neuer-co-leiter-in-pwcs-experience-center\/\" \/>\n<meta property=\"og:site_name\" content=\"Organisator\" \/>\n<meta property=\"article:publisher\" content=\"https:\/\/www.facebook.com\/OrganisatorFachmagazin\" \/>\n<meta property=\"article:published_time\" content=\"2016-04-05T07:11:23+00:00\" \/>\n<meta name=\"author\" content=\"admin\" \/>\n<meta name=\"twitter:card\" content=\"summary_large_image\" \/>\n<meta name=\"twitter:image\" content=\"https:\/\/www.organisator.ch\/wp-content\/uploads\/2016\/12\/Neuer-Co-Leiter-in-PwCs-Experience-Center-organisator.jpg\" \/>\n<script type=\"application\/ld+json\" class=\"yoast-schema-graph\">{\"@context\":\"https:\\\/\\\/schema.org\",\"@graph\":[{\"@type\":\"Article\",\"@id\":\"https:\\\/\\\/www.organisator.ch\\\/de\\\/allgemein\\\/2016-04-05\\\/neuer-co-leiter-in-pwcs-experience-center\\\/#article\",\"isPartOf\":{\"@id\":\"https:\\\/\\\/www.organisator.ch\\\/de\\\/allgemein\\\/2016-04-05\\\/neuer-co-leiter-in-pwcs-experience-center\\\/\"},\"author\":{\"name\":\"admin\",\"@id\":\"https:\\\/\\\/www.organisator.ch\\\/#\\\/schema\\\/person\\\/aa2bace6c5c5aad60102004a50c4eb1c\"},\"headline\":\"Neuer Co-Leiter in PwCs Experience Center\",\"datePublished\":\"2016-04-05T07:11:23+00:00\",\"mainEntityOfPage\":{\"@id\":\"https:\\\/\\\/www.organisator.ch\\\/de\\\/allgemein\\\/2016-04-05\\\/neuer-co-leiter-in-pwcs-experience-center\\\/\"},\"wordCount\":177,\"commentCount\":0,\"publisher\":{\"@id\":\"https:\\\/\\\/www.organisator.ch\\\/#organization\"},\"image\":{\"@id\":\"https:\\\/\\\/www.organisator.ch\\\/de\\\/allgemein\\\/2016-04-05\\\/neuer-co-leiter-in-pwcs-experience-center\\\/#primaryimage\"},\"thumbnailUrl\":\"https:\\\/\\\/www.organisator.ch\\\/wp-content\\\/uploads\\\/2016\\\/12\\\/Neuer-Co-Leiter-in-PwCs-Experience-Center-organisator.jpg\",\"keywords\":[\"Personalien\"],\"inLanguage\":\"de\"},{\"@type\":\"WebPage\",\"@id\":\"https:\\\/\\\/www.organisator.ch\\\/de\\\/allgemein\\\/2016-04-05\\\/neuer-co-leiter-in-pwcs-experience-center\\\/\",\"url\":\"https:\\\/\\\/www.organisator.ch\\\/de\\\/allgemein\\\/2016-04-05\\\/neuer-co-leiter-in-pwcs-experience-center\\\/\",\"name\":\"Neuer Co-Leiter in PwCs Experience Center - Organisator\",\"isPartOf\":{\"@id\":\"https:\\\/\\\/www.organisator.ch\\\/#website\"},\"primaryImageOfPage\":{\"@id\":\"https:\\\/\\\/www.organisator.ch\\\/de\\\/allgemein\\\/2016-04-05\\\/neuer-co-leiter-in-pwcs-experience-center\\\/#primaryimage\"},\"image\":{\"@id\":\"https:\\\/\\\/www.organisator.ch\\\/de\\\/allgemein\\\/2016-04-05\\\/neuer-co-leiter-in-pwcs-experience-center\\\/#primaryimage\"},\"thumbnailUrl\":\"https:\\\/\\\/www.organisator.ch\\\/wp-content\\\/uploads\\\/2016\\\/12\\\/Neuer-Co-Leiter-in-PwCs-Experience-Center-organisator.jpg\",\"datePublished\":\"2016-04-05T07:11:23+00:00\",\"description\":\"Wanja Bont wird neuer Co-Leiter in PwCs Experience Center an der Seite von Olivier Kofler.\",\"breadcrumb\":{\"@id\":\"https:\\\/\\\/www.organisator.ch\\\/de\\\/allgemein\\\/2016-04-05\\\/neuer-co-leiter-in-pwcs-experience-center\\\/#breadcrumb\"},\"inLanguage\":\"de\",\"potentialAction\":[{\"@type\":\"ReadAction\",\"target\":[\"https:\\\/\\\/www.organisator.ch\\\/de\\\/allgemein\\\/2016-04-05\\\/neuer-co-leiter-in-pwcs-experience-center\\\/\"]}]},{\"@type\":\"ImageObject\",\"inLanguage\":\"de\",\"@id\":\"https:\\\/\\\/www.organisator.ch\\\/de\\\/allgemein\\\/2016-04-05\\\/neuer-co-leiter-in-pwcs-experience-center\\\/#primaryimage\",\"url\":\"https:\\\/\\\/www.organisator.ch\\\/wp-content\\\/uploads\\\/2016\\\/12\\\/Neuer-Co-Leiter-in-PwCs-Experience-Center-organisator.jpg\",\"contentUrl\":\"https:\\\/\\\/www.organisator.ch\\\/wp-content\\\/uploads\\\/2016\\\/12\\\/Neuer-Co-Leiter-in-PwCs-Experience-Center-organisator.jpg\",\"width\":375,\"height\":336,\"caption\":\"Wanja Bont verst\u00e4rkt das Experience Center mit seinem Ansatz \u00abDas Beste aus Beratung und Agentur\u00bb nun auch auf F\u00fchrungsebene.\"},{\"@type\":\"BreadcrumbList\",\"@id\":\"https:\\\/\\\/www.organisator.ch\\\/de\\\/allgemein\\\/2016-04-05\\\/neuer-co-leiter-in-pwcs-experience-center\\\/#breadcrumb\",\"itemListElement\":[{\"@type\":\"ListItem\",\"position\":1,\"name\":\"Home\",\"item\":\"https:\\\/\\\/www.organisator.ch\\\/\"},{\"@type\":\"ListItem\",\"position\":2,\"name\":\"Neuer Co-Leiter in PwCs Experience Center\"}]},{\"@type\":\"WebSite\",\"@id\":\"https:\\\/\\\/www.organisator.ch\\\/#website\",\"url\":\"https:\\\/\\\/www.organisator.ch\\\/\",\"name\":\"Organisator\",\"description\":\"Kompetent. Praxisnah. Der ORGANISATOR bereitet in 10 Ausgaben pro Jahr die wesentlichen Themen f\u00fcr F\u00fchrungskr\u00e4fte von KMU auf.\",\"publisher\":{\"@id\":\"https:\\\/\\\/www.organisator.ch\\\/#organization\"},\"potentialAction\":[{\"@type\":\"SearchAction\",\"target\":{\"@type\":\"EntryPoint\",\"urlTemplate\":\"https:\\\/\\\/www.organisator.ch\\\/?s={search_term_string}\"},\"query-input\":{\"@type\":\"PropertyValueSpecification\",\"valueRequired\":true,\"valueName\":\"search_term_string\"}}],\"inLanguage\":\"de\"},{\"@type\":\"Organization\",\"@id\":\"https:\\\/\\\/www.organisator.ch\\\/#organization\",\"name\":\"Organisator\",\"url\":\"https:\\\/\\\/www.organisator.ch\\\/\",\"logo\":{\"@type\":\"ImageObject\",\"inLanguage\":\"de\",\"@id\":\"https:\\\/\\\/www.organisator.ch\\\/#\\\/schema\\\/logo\\\/image\\\/\",\"url\":\"https:\\\/\\\/www.organisator.ch\\\/wp-content\\\/uploads\\\/2022\\\/01\\\/Logo_Organisator_Website.png\",\"contentUrl\":\"https:\\\/\\\/www.organisator.ch\\\/wp-content\\\/uploads\\\/2022\\\/01\\\/Logo_Organisator_Website.png\",\"width\":800,\"height\":77,\"caption\":\"Organisator\"},\"image\":{\"@id\":\"https:\\\/\\\/www.organisator.ch\\\/#\\\/schema\\\/logo\\\/image\\\/\"},\"sameAs\":[\"https:\\\/\\\/www.facebook.com\\\/OrganisatorFachmagazin\",\"https:\\\/\\\/www.linkedin.com\\\/showcase\\\/organisator-das-magazin-fr-kmu\",\"https:\\\/\\\/www.xing.com\\\/news\\\/pages\\\/organisator-ch-695\",\"https:\\\/\\\/www.youtube.com\\\/channel\\\/UCGP2Sq0iWaZwT3BdIAQFYpw\"]},{\"@type\":\"Person\",\"@id\":\"https:\\\/\\\/www.organisator.ch\\\/#\\\/schema\\\/person\\\/aa2bace6c5c5aad60102004a50c4eb1c\",\"name\":\"admin\",\"image\":{\"@type\":\"ImageObject\",\"inLanguage\":\"de\",\"@id\":\"https:\\\/\\\/secure.gravatar.com\\\/avatar\\\/ae2f4d718e6c49043e314ce431e7e645d646302a24a5ef5a8bc8e3f5a032e319?s=96&d=mm&r=g\",\"url\":\"https:\\\/\\\/secure.gravatar.com\\\/avatar\\\/ae2f4d718e6c49043e314ce431e7e645d646302a24a5ef5a8bc8e3f5a032e319?s=96&d=mm&r=g\",\"contentUrl\":\"https:\\\/\\\/secure.gravatar.com\\\/avatar\\\/ae2f4d718e6c49043e314ce431e7e645d646302a24a5ef5a8bc8e3f5a032e319?s=96&d=mm&r=g\",\"caption\":\"admin\"},\"sameAs\":[\"https:\\\/\\\/www.organisator.ch\"],\"url\":\"https:\\\/\\\/www.organisator.ch\\\/de\\\/author\\\/admin\\\/\"}]}<\/script>\n<!-- \/ Yoast SEO plugin. -->","yoast_head_json":{"title":"Neuer Co-Leiter in PwCs Experience Center - Organisator","description":"Wanja Bont wird neuer Co-Leiter in PwCs Experience Center an der Seite von Olivier Kofler.","robots":{"index":"index","follow":"follow","max-snippet":"max-snippet:-1","max-image-preview":"max-image-preview:large","max-video-preview":"max-video-preview:-1"},"canonical":"https:\/\/www.organisator.ch\/de\/allgemein\/2016-04-05\/neuer-co-leiter-in-pwcs-experience-center\/","og_locale":"de_DE","og_type":"article","og_title":"Neuer Co-Leiter in PwCs Experience Center","og_description":"Wanja Bont wird neuer Co-Leiter in PwCs Experience Center an der Seite von Olivier Kofler. Bont verst\u00e4rkt die Kreativschmiede mit seiner langj\u00e4hrigen internationalen Beratungs- und Praxiserfahrung im Bereich digitale Transformation. Damit vereint das Experience Center \u00abdas Beste aus Beratung und Agentur\u00bb nun auch in der Chefetage.","og_url":"https:\/\/www.organisator.ch\/de\/allgemein\/2016-04-05\/neuer-co-leiter-in-pwcs-experience-center\/","og_site_name":"Organisator","article_publisher":"https:\/\/www.facebook.com\/OrganisatorFachmagazin","article_published_time":"2016-04-05T07:11:23+00:00","author":"admin","twitter_card":"summary_large_image","twitter_image":"https:\/\/www.organisator.ch\/wp-content\/uploads\/2016\/12\/Neuer-Co-Leiter-in-PwCs-Experience-Center-organisator.jpg","schema":{"@context":"https:\/\/schema.org","@graph":[{"@type":"Article","@id":"https:\/\/www.organisator.ch\/de\/allgemein\/2016-04-05\/neuer-co-leiter-in-pwcs-experience-center\/#article","isPartOf":{"@id":"https:\/\/www.organisator.ch\/de\/allgemein\/2016-04-05\/neuer-co-leiter-in-pwcs-experience-center\/"},"author":{"name":"admin","@id":"https:\/\/www.organisator.ch\/#\/schema\/person\/aa2bace6c5c5aad60102004a50c4eb1c"},"headline":"Neuer Co-Leiter in PwCs Experience Center","datePublished":"2016-04-05T07:11:23+00:00","mainEntityOfPage":{"@id":"https:\/\/www.organisator.ch\/de\/allgemein\/2016-04-05\/neuer-co-leiter-in-pwcs-experience-center\/"},"wordCount":177,"commentCount":0,"publisher":{"@id":"https:\/\/www.organisator.ch\/#organization"},"image":{"@id":"https:\/\/www.organisator.ch\/de\/allgemein\/2016-04-05\/neuer-co-leiter-in-pwcs-experience-center\/#primaryimage"},"thumbnailUrl":"https:\/\/www.organisator.ch\/wp-content\/uploads\/2016\/12\/Neuer-Co-Leiter-in-PwCs-Experience-Center-organisator.jpg","keywords":["Personalien"],"inLanguage":"de"},{"@type":"WebPage","@id":"https:\/\/www.organisator.ch\/de\/allgemein\/2016-04-05\/neuer-co-leiter-in-pwcs-experience-center\/","url":"https:\/\/www.organisator.ch\/de\/allgemein\/2016-04-05\/neuer-co-leiter-in-pwcs-experience-center\/","name":"Neuer Co-Leiter in PwCs Experience Center - Organisator","isPartOf":{"@id":"https:\/\/www.organisator.ch\/#website"},"primaryImageOfPage":{"@id":"https:\/\/www.organisator.ch\/de\/allgemein\/2016-04-05\/neuer-co-leiter-in-pwcs-experience-center\/#primaryimage"},"image":{"@id":"https:\/\/www.organisator.ch\/de\/allgemein\/2016-04-05\/neuer-co-leiter-in-pwcs-experience-center\/#primaryimage"},"thumbnailUrl":"https:\/\/www.organisator.ch\/wp-content\/uploads\/2016\/12\/Neuer-Co-Leiter-in-PwCs-Experience-Center-organisator.jpg","datePublished":"2016-04-05T07:11:23+00:00","description":"Wanja Bont wird neuer Co-Leiter in PwCs Experience Center an der Seite von Olivier Kofler.","breadcrumb":{"@id":"https:\/\/www.organisator.ch\/de\/allgemein\/2016-04-05\/neuer-co-leiter-in-pwcs-experience-center\/#breadcrumb"},"inLanguage":"de","potentialAction":[{"@type":"ReadAction","target":["https:\/\/www.organisator.ch\/de\/allgemein\/2016-04-05\/neuer-co-leiter-in-pwcs-experience-center\/"]}]},{"@type":"ImageObject","inLanguage":"de","@id":"https:\/\/www.organisator.ch\/de\/allgemein\/2016-04-05\/neuer-co-leiter-in-pwcs-experience-center\/#primaryimage","url":"https:\/\/www.organisator.ch\/wp-content\/uploads\/2016\/12\/Neuer-Co-Leiter-in-PwCs-Experience-Center-organisator.jpg","contentUrl":"https:\/\/www.organisator.ch\/wp-content\/uploads\/2016\/12\/Neuer-Co-Leiter-in-PwCs-Experience-Center-organisator.jpg","width":375,"height":336,"caption":"Wanja Bont verst\u00e4rkt das Experience Center mit seinem Ansatz \u00abDas Beste aus Beratung und Agentur\u00bb nun auch auf F\u00fchrungsebene."},{"@type":"BreadcrumbList","@id":"https:\/\/www.organisator.ch\/de\/allgemein\/2016-04-05\/neuer-co-leiter-in-pwcs-experience-center\/#breadcrumb","itemListElement":[{"@type":"ListItem","position":1,"name":"Home","item":"https:\/\/www.organisator.ch\/"},{"@type":"ListItem","position":2,"name":"Neuer Co-Leiter in PwCs Experience Center"}]},{"@type":"WebSite","@id":"https:\/\/www.organisator.ch\/#website","url":"https:\/\/www.organisator.ch\/","name":"Organisator","description":"Kompetent. Praxisnah. Der ORGANISATOR bereitet in 10 Ausgaben pro Jahr die wesentlichen Themen f\u00fcr F\u00fchrungskr\u00e4fte von KMU auf.","publisher":{"@id":"https:\/\/www.organisator.ch\/#organization"},"potentialAction":[{"@type":"SearchAction","target":{"@type":"EntryPoint","urlTemplate":"https:\/\/www.organisator.ch\/?s={search_term_string}"},"query-input":{"@type":"PropertyValueSpecification","valueRequired":true,"valueName":"search_term_string"}}],"inLanguage":"de"},{"@type":"Organization","@id":"https:\/\/www.organisator.ch\/#organization","name":"Organisator","url":"https:\/\/www.organisator.ch\/","logo":{"@type":"ImageObject","inLanguage":"de","@id":"https:\/\/www.organisator.ch\/#\/schema\/logo\/image\/","url":"https:\/\/www.organisator.ch\/wp-content\/uploads\/2022\/01\/Logo_Organisator_Website.png","contentUrl":"https:\/\/www.organisator.ch\/wp-content\/uploads\/2022\/01\/Logo_Organisator_Website.png","width":800,"height":77,"caption":"Organisator"},"image":{"@id":"https:\/\/www.organisator.ch\/#\/schema\/logo\/image\/"},"sameAs":["https:\/\/www.facebook.com\/OrganisatorFachmagazin","https:\/\/www.linkedin.com\/showcase\/organisator-das-magazin-fr-kmu","https:\/\/www.xing.com\/news\/pages\/organisator-ch-695","https:\/\/www.youtube.com\/channel\/UCGP2Sq0iWaZwT3BdIAQFYpw"]},{"@type":"Person","@id":"https:\/\/www.organisator.ch\/#\/schema\/person\/aa2bace6c5c5aad60102004a50c4eb1c","name":"admin","image":{"@type":"ImageObject","inLanguage":"de","@id":"https:\/\/secure.gravatar.com\/avatar\/ae2f4d718e6c49043e314ce431e7e645d646302a24a5ef5a8bc8e3f5a032e319?s=96&d=mm&r=g","url":"https:\/\/secure.gravatar.com\/avatar\/ae2f4d718e6c49043e314ce431e7e645d646302a24a5ef5a8bc8e3f5a032e319?s=96&d=mm&r=g","contentUrl":"https:\/\/secure.gravatar.com\/avatar\/ae2f4d718e6c49043e314ce431e7e645d646302a24a5ef5a8bc8e3f5a032e319?s=96&d=mm&r=g","caption":"admin"},"sameAs":["https:\/\/www.organisator.ch"],"url":"https:\/\/www.organisator.ch\/de\/author\/admin\/"}]}},"_links":{"self":[{"href":"https:\/\/www.organisator.ch\/de\/wp-json\/wp\/v2\/posts\/231","targetHints":{"allow":["GET"]}}],"collection":[{"href":"https:\/\/www.organisator.ch\/de\/wp-json\/wp\/v2\/posts"}],"about":[{"href":"https:\/\/www.organisator.ch\/de\/wp-json\/wp\/v2\/types\/post"}],"author":[{"embeddable":true,"href":"https:\/\/www.organisator.ch\/de\/wp-json\/wp\/v2\/users\/1"}],"replies":[{"embeddable":true,"href":"https:\/\/www.organisator.ch\/de\/wp-json\/wp\/v2\/comments?post=231"}],"version-history":[{"count":0,"href":"https:\/\/www.organisator.ch\/de\/wp-json\/wp\/v2\/posts\/231\/revisions"}],"wp:featuredmedia":[{"embeddable":true,"href":"https:\/\/www.organisator.ch\/de\/wp-json\/wp\/v2\/media\/232"}],"wp:attachment":[{"href":"https:\/\/www.organisator.ch\/de\/wp-json\/wp\/v2\/media?parent=231"}],"wp:term":[{"taxonomy":"category","embeddable":true,"href":"https:\/\/www.organisator.ch\/de\/wp-json\/wp\/v2\/categories?post=231"},{"taxonomy":"post_tag","embeddable":true,"href":"https:\/\/www.organisator.ch\/de\/wp-json\/wp\/v2\/tags?post=231"}],"curies":[{"name":"wp","href":"https:\/\/api.w.org\/{rel}","templated":true}]}}