{"id":2311,"date":"2017-08-14T12:12:42","date_gmt":"2017-08-14T10:12:42","guid":{"rendered":"https:\/\/www.organisator.ch\/?p=2311"},"modified":"2017-08-14T12:12:42","modified_gmt":"2017-08-14T10:12:42","slug":"messer-der-industriegashersteller-aus-lenzburg-expandiert-weltweit","status":"publish","type":"post","link":"https:\/\/www.organisator.ch\/de\/allgemein\/2017-08-14\/messer-der-industriegashersteller-aus-lenzburg-expandiert-weltweit\/","title":{"rendered":"Die Messer Schweiz AG expandiert weltweit"},"content":{"rendered":"<figure id=\"attachment_2312\" aria-describedby=\"caption-attachment-2312\" style=\"width: 581px\" class=\"wp-caption alignnone\"><img loading=\"lazy\" decoding=\"async\" class=\"size-full wp-image-2312\" src=\"https:\/\/www.organisator.ch\/wp-content\/uploads\/2017\/08\/Messer-der-Industriegashersteller-aus-Lenzburg-expandiert-weltweit-org-organisator.jpg\" alt=\"\" width=\"581\" height=\"330\" srcset=\"https:\/\/www.organisator.ch\/wp-content\/uploads\/2017\/08\/Messer-der-Industriegashersteller-aus-Lenzburg-expandiert-weltweit-org-organisator.jpg 581w, https:\/\/www.organisator.ch\/wp-content\/uploads\/2017\/08\/Messer-der-Industriegashersteller-aus-Lenzburg-expandiert-weltweit-org-organisator-16x9.jpg 16w, https:\/\/www.organisator.ch\/wp-content\/uploads\/2017\/08\/Messer-der-Industriegashersteller-aus-Lenzburg-expandiert-weltweit-org-organisator-308x175.jpg 308w, https:\/\/www.organisator.ch\/wp-content\/uploads\/2017\/08\/Messer-der-Industriegashersteller-aus-Lenzburg-expandiert-weltweit-org-organisator-300x170.jpg 300w\" sizes=\"auto, (max-width: 581px) 100vw, 581px\" \/><figcaption id=\"caption-attachment-2312\" class=\"wp-caption-text\">Die Messer Schweiz AG, Industriegashersteller aus Lenzburg, expandiert weltweit (Bild: zVg)<\/figcaption><\/figure>\n<p>Die Messer Schweiz AG ist eines der f\u00fchrenden Industriegase-Unternehmen der Schweiz und liefert seit \u00fcber 100 Jahren Industrie-, Medizinal-, Pharma- und Lebensmittelgase an Firmen in der Schweiz, Spit\u00e4ler und Forschungsinstitute.<\/p>\n<p>Viele industrielle Prozesse scheiden CO2 aus. In R\u00fcckgewinnungsanlagen wird das Gas aufgefangen bevor es entweicht, in mehreren Schritten gereinigt und so f\u00fcr die Wiederverwendung aufbereitet. Kunden der expandierenden Lebensmittel- und Getr\u00e4nkeindustrie, Chemie und Landwirtschaft sollen von Nanjing aus beliefert werden.<\/p>\n<p><strong>Swiss Nutrition AG setzt auf CO2-Reduktion <\/strong><\/p>\n<p>In Sulgen\/TG steht beim Babynahrungsmittelhersteller Hochdorf Swiss Nutrition AG die erste und einzige wirtschaftliche CO2-Recycling Anlage der Schweiz. Das Schweizer Unternehmen tr\u00e4gt mit der R\u00fcckgewinnung von rund 1\u2018700 Tonnen CO2 pro Jahr zur Reduzierung der CO2-Emissionen in der Schweiz bei. Damit ist das Unternehmen Pionierin in der Schweiz und leistet mehr als einen aktiven Beitrag zur CO2-Reduktion.<\/p>\n<p>&#8222;Durch die Bereitstellung von hochwertigem CO2 in Lebensmittelqualit\u00e4t und unserer 120-j\u00e4hrigen Erfahrung wollen wir unseren Kunden helfen, die Produktion zu steigern, Kosten zu senken und die Produktqualit\u00e4t zu verbessern&#8220;, sagt Stefan Messer, Eigent\u00fcmer und CEO der Messer Gruppe. Das\u00a0\u00a0 Unternehmen besch\u00e4ftigt \u00fcber 100 Mitarbeiter und geh\u00f6rt zur Messer Group GmbH, dem weltweit gr\u00f6ssten eigent\u00fcmergef\u00fchrten Industriegase-Unternehmen mit \u00fcber 5\u2018500 Mitarbeitern und \u00fcber einer Milliarde Euro Umsatz.<\/p>\n<p><strong>Gr\u00f6sster CO2-Recycler der Welt <\/strong><\/p>\n<p>Viele industrielle Prozesse scheiden CO2 aus. In R\u00fcckgewinnungsanlagen wird das Gas aufgefangen bevor es entweicht, in\u00a0 Inzwischen hat die Messer Gruppe auch im chinesischen Nanjing seine weltweit gr\u00f6sste CO2-R\u00fcckgewinnungsanlage in Betrieb genommen und wird damit zum wichtigsten Anbieter von recyceltem CO2 in China. Neben Nanjing nahm Messer bereits 2014 eine Anlage in Yunnan und 2015 eine weitere in Sichuan in Betrieb.<\/p>\n<p>Die Anlage in Nanjing hat eine Kapazit\u00e4t von 150\u2018000 Tonnen pro Jahr. Das Gas kann in der Lebensmittelindustrie eingesetzt werden, etwa als Kohlens\u00e4ure f\u00fcr Getr\u00e4nke.<\/p>\n<p>Messer gewinnt in China nun insgesamt 300\u2018000 Tonnen CO2 pro Jahr aus Industrieprozessen zur\u00fcck. In Belgien recycelt Messer mit\u00a0 einer Anlage 13.5 Tonnen pro Stunde, was 118\u2018260 Tonnen pro Jahr entspricht. Die Schweiz schafft in einer Pilotanlage heute 200 Kg pro Stunde, was 1\u2018700 Tonnen pro Jahr ausmacht.<\/p>\n<p><a href=\"http:\/\/www.messer.ch\">www.messer.ch<\/a><\/p>\n<p>&nbsp;<\/p>\n","protected":false},"excerpt":{"rendered":"<p>Die Messer Schweiz AG ist eines der f\u00fchrenden Industriegase-Unternehmen der Schweiz und liefert seit \u00fcber 100 Jahren Industrie-, Medizinal-, Pharma- und Lebensmittelgase an Firmen in der Schweiz, Spit\u00e4ler und Forschungsinstitute. Viele industrielle Prozesse scheiden CO2 aus. In R\u00fcckgewinnungsanlagen wird das Gas aufgefangen bevor es entweicht, in mehreren Schritten gereinigt und so f\u00fcr die Wiederverwendung aufbereitet. [&hellip;]<\/p>\n","protected":false},"author":5,"featured_media":2312,"comment_status":"open","ping_status":"open","sticky":false,"template":"","format":"standard","meta":{"_acf_changed":false,"_yoast_wpseo_focuskw":"Messer Schweiz AG","_yoast_wpseo_metadesc":"In Sulgen\/TG hat die Messer Schweiz AG erste CO2 Anlage betrieben. In China hat inzwischen das Unternehmen die gr\u00f6sste CO2-Recycling Anlage installiert.","articlekey":"","footnotes":""},"categories":[1],"tags":[125,268,495],"class_list":["post-2311","post","type-post","status-publish","format-standard","has-post-thumbnail","hentry","category-allgemein","tag-co2-reduktion","tag-industriegase","tag-unternehmensexpansion"],"acf":[],"yoast_head":"<!-- This site is optimized with the Yoast SEO plugin v27.5 - https:\/\/yoast.com\/product\/yoast-seo-wordpress\/ -->\n<title>Die Messer Schweiz AG expandiert weltweit - Organisator<\/title>\n<meta name=\"description\" content=\"In Sulgen\/TG hat die Messer Schweiz AG erste CO2 Anlage betrieben. In China hat inzwischen das Unternehmen die gr\u00f6sste CO2-Recycling Anlage installiert.\" \/>\n<meta name=\"robots\" content=\"index, follow, max-snippet:-1, max-image-preview:large, max-video-preview:-1\" \/>\n<link rel=\"canonical\" href=\"https:\/\/www.organisator.ch\/de\/allgemein\/2017-08-14\/messer-der-industriegashersteller-aus-lenzburg-expandiert-weltweit\/\" \/>\n<meta property=\"og:locale\" content=\"de_DE\" \/>\n<meta property=\"og:type\" content=\"article\" \/>\n<meta property=\"og:title\" content=\"Die Messer Schweiz AG expandiert weltweit - Organisator\" \/>\n<meta property=\"og:description\" content=\"In Sulgen\/TG hat die Messer Schweiz AG erste CO2 Anlage betrieben. In China hat inzwischen das Unternehmen die gr\u00f6sste CO2-Recycling Anlage installiert.\" \/>\n<meta property=\"og:url\" content=\"https:\/\/www.organisator.ch\/de\/allgemein\/2017-08-14\/messer-der-industriegashersteller-aus-lenzburg-expandiert-weltweit\/\" \/>\n<meta property=\"og:site_name\" content=\"Organisator\" \/>\n<meta property=\"article:publisher\" content=\"https:\/\/www.facebook.com\/OrganisatorFachmagazin\" \/>\n<meta property=\"article:published_time\" content=\"2017-08-14T10:12:42+00:00\" \/>\n<meta property=\"og:image\" content=\"https:\/\/www.organisator.ch\/wp-content\/uploads\/2017\/08\/Messer-der-Industriegashersteller-aus-Lenzburg-expandiert-weltweit-org-organisator.jpg\" \/>\n\t<meta property=\"og:image:width\" content=\"581\" \/>\n\t<meta property=\"og:image:height\" content=\"330\" \/>\n\t<meta property=\"og:image:type\" content=\"image\/jpeg\" \/>\n<meta name=\"author\" content=\"michael.merz\" \/>\n<meta name=\"twitter:card\" content=\"summary_large_image\" \/>\n<script type=\"application\/ld+json\" class=\"yoast-schema-graph\">{\"@context\":\"https:\\\/\\\/schema.org\",\"@graph\":[{\"@type\":\"Article\",\"@id\":\"https:\\\/\\\/www.organisator.ch\\\/en\\\/general\\\/2017-08-14\\\/messer-der-industriegashersteller-aus-lenzburg-expandiert-weltweit\\\/#article\",\"isPartOf\":{\"@id\":\"https:\\\/\\\/www.organisator.ch\\\/en\\\/general\\\/2017-08-14\\\/messer-der-industriegashersteller-aus-lenzburg-expandiert-weltweit\\\/\"},\"author\":{\"name\":\"michael.merz\",\"@id\":\"https:\\\/\\\/www.organisator.ch\\\/#\\\/schema\\\/person\\\/134708ca9321c57b0362cceb7948ffbd\"},\"headline\":\"Die Messer Schweiz AG expandiert weltweit\",\"datePublished\":\"2017-08-14T10:12:42+00:00\",\"mainEntityOfPage\":{\"@id\":\"https:\\\/\\\/www.organisator.ch\\\/en\\\/general\\\/2017-08-14\\\/messer-der-industriegashersteller-aus-lenzburg-expandiert-weltweit\\\/\"},\"wordCount\":384,\"commentCount\":0,\"publisher\":{\"@id\":\"https:\\\/\\\/www.organisator.ch\\\/#organization\"},\"image\":{\"@id\":\"https:\\\/\\\/www.organisator.ch\\\/en\\\/general\\\/2017-08-14\\\/messer-der-industriegashersteller-aus-lenzburg-expandiert-weltweit\\\/#primaryimage\"},\"thumbnailUrl\":\"https:\\\/\\\/www.organisator.ch\\\/wp-content\\\/uploads\\\/2017\\\/08\\\/Messer-der-Industriegashersteller-aus-Lenzburg-expandiert-weltweit-org-organisator.jpg\",\"keywords\":[\"CO2 Reduktion\",\"Industriegase\",\"Unternehmensexpansion\"],\"inLanguage\":\"de\"},{\"@type\":\"WebPage\",\"@id\":\"https:\\\/\\\/www.organisator.ch\\\/en\\\/general\\\/2017-08-14\\\/messer-der-industriegashersteller-aus-lenzburg-expandiert-weltweit\\\/\",\"url\":\"https:\\\/\\\/www.organisator.ch\\\/en\\\/general\\\/2017-08-14\\\/messer-der-industriegashersteller-aus-lenzburg-expandiert-weltweit\\\/\",\"name\":\"Die Messer Schweiz AG expandiert weltweit - Organisator\",\"isPartOf\":{\"@id\":\"https:\\\/\\\/www.organisator.ch\\\/#website\"},\"primaryImageOfPage\":{\"@id\":\"https:\\\/\\\/www.organisator.ch\\\/en\\\/general\\\/2017-08-14\\\/messer-der-industriegashersteller-aus-lenzburg-expandiert-weltweit\\\/#primaryimage\"},\"image\":{\"@id\":\"https:\\\/\\\/www.organisator.ch\\\/en\\\/general\\\/2017-08-14\\\/messer-der-industriegashersteller-aus-lenzburg-expandiert-weltweit\\\/#primaryimage\"},\"thumbnailUrl\":\"https:\\\/\\\/www.organisator.ch\\\/wp-content\\\/uploads\\\/2017\\\/08\\\/Messer-der-Industriegashersteller-aus-Lenzburg-expandiert-weltweit-org-organisator.jpg\",\"datePublished\":\"2017-08-14T10:12:42+00:00\",\"description\":\"In Sulgen\\\/TG hat die Messer Schweiz AG erste CO2 Anlage betrieben. In China hat inzwischen das Unternehmen die gr\u00f6sste CO2-Recycling Anlage installiert.\",\"breadcrumb\":{\"@id\":\"https:\\\/\\\/www.organisator.ch\\\/en\\\/general\\\/2017-08-14\\\/messer-der-industriegashersteller-aus-lenzburg-expandiert-weltweit\\\/#breadcrumb\"},\"inLanguage\":\"de\",\"potentialAction\":[{\"@type\":\"ReadAction\",\"target\":[\"https:\\\/\\\/www.organisator.ch\\\/en\\\/general\\\/2017-08-14\\\/messer-der-industriegashersteller-aus-lenzburg-expandiert-weltweit\\\/\"]}]},{\"@type\":\"ImageObject\",\"inLanguage\":\"de\",\"@id\":\"https:\\\/\\\/www.organisator.ch\\\/en\\\/general\\\/2017-08-14\\\/messer-der-industriegashersteller-aus-lenzburg-expandiert-weltweit\\\/#primaryimage\",\"url\":\"https:\\\/\\\/www.organisator.ch\\\/wp-content\\\/uploads\\\/2017\\\/08\\\/Messer-der-Industriegashersteller-aus-Lenzburg-expandiert-weltweit-org-organisator.jpg\",\"contentUrl\":\"https:\\\/\\\/www.organisator.ch\\\/wp-content\\\/uploads\\\/2017\\\/08\\\/Messer-der-Industriegashersteller-aus-Lenzburg-expandiert-weltweit-org-organisator.jpg\",\"width\":581,\"height\":330,\"caption\":\"Messer, der Industriegashersteller aus Lenzburg, expandiert weltweit (Bild: zVg)\"},{\"@type\":\"BreadcrumbList\",\"@id\":\"https:\\\/\\\/www.organisator.ch\\\/en\\\/general\\\/2017-08-14\\\/messer-der-industriegashersteller-aus-lenzburg-expandiert-weltweit\\\/#breadcrumb\",\"itemListElement\":[{\"@type\":\"ListItem\",\"position\":1,\"name\":\"Home\",\"item\":\"https:\\\/\\\/www.organisator.ch\\\/\"},{\"@type\":\"ListItem\",\"position\":2,\"name\":\"Die Messer Schweiz AG expandiert weltweit\"}]},{\"@type\":\"WebSite\",\"@id\":\"https:\\\/\\\/www.organisator.ch\\\/#website\",\"url\":\"https:\\\/\\\/www.organisator.ch\\\/\",\"name\":\"Organisator\",\"description\":\"Kompetent. Praxisnah. Der ORGANISATOR bereitet in 10 Ausgaben pro Jahr die wesentlichen Themen f\u00fcr F\u00fchrungskr\u00e4fte von KMU auf.\",\"publisher\":{\"@id\":\"https:\\\/\\\/www.organisator.ch\\\/#organization\"},\"potentialAction\":[{\"@type\":\"SearchAction\",\"target\":{\"@type\":\"EntryPoint\",\"urlTemplate\":\"https:\\\/\\\/www.organisator.ch\\\/?s={search_term_string}\"},\"query-input\":{\"@type\":\"PropertyValueSpecification\",\"valueRequired\":true,\"valueName\":\"search_term_string\"}}],\"inLanguage\":\"de\"},{\"@type\":\"Organization\",\"@id\":\"https:\\\/\\\/www.organisator.ch\\\/#organization\",\"name\":\"Organisator\",\"url\":\"https:\\\/\\\/www.organisator.ch\\\/\",\"logo\":{\"@type\":\"ImageObject\",\"inLanguage\":\"de\",\"@id\":\"https:\\\/\\\/www.organisator.ch\\\/#\\\/schema\\\/logo\\\/image\\\/\",\"url\":\"https:\\\/\\\/www.organisator.ch\\\/wp-content\\\/uploads\\\/2022\\\/01\\\/Logo_Organisator_Website.png\",\"contentUrl\":\"https:\\\/\\\/www.organisator.ch\\\/wp-content\\\/uploads\\\/2022\\\/01\\\/Logo_Organisator_Website.png\",\"width\":800,\"height\":77,\"caption\":\"Organisator\"},\"image\":{\"@id\":\"https:\\\/\\\/www.organisator.ch\\\/#\\\/schema\\\/logo\\\/image\\\/\"},\"sameAs\":[\"https:\\\/\\\/www.facebook.com\\\/OrganisatorFachmagazin\",\"https:\\\/\\\/www.linkedin.com\\\/showcase\\\/organisator-das-magazin-fr-kmu\",\"https:\\\/\\\/www.xing.com\\\/news\\\/pages\\\/organisator-ch-695\",\"https:\\\/\\\/www.youtube.com\\\/channel\\\/UCGP2Sq0iWaZwT3BdIAQFYpw\"]},{\"@type\":\"Person\",\"@id\":\"https:\\\/\\\/www.organisator.ch\\\/#\\\/schema\\\/person\\\/134708ca9321c57b0362cceb7948ffbd\",\"name\":\"michael.merz\",\"image\":{\"@type\":\"ImageObject\",\"inLanguage\":\"de\",\"@id\":\"https:\\\/\\\/secure.gravatar.com\\\/avatar\\\/?s=96&d=mm&r=g\",\"url\":\"https:\\\/\\\/secure.gravatar.com\\\/avatar\\\/?s=96&d=mm&r=g\",\"contentUrl\":\"https:\\\/\\\/secure.gravatar.com\\\/avatar\\\/?s=96&d=mm&r=g\",\"caption\":\"michael.merz\"},\"url\":\"https:\\\/\\\/www.organisator.ch\\\/de\\\/author\\\/michael-merz\\\/\"}]}<\/script>\n<!-- \/ Yoast SEO plugin. -->","yoast_head_json":{"title":"Die Messer Schweiz AG expandiert weltweit - Organisator","description":"In Sulgen\/TG hat die Messer Schweiz AG erste CO2 Anlage betrieben. In China hat inzwischen das Unternehmen die gr\u00f6sste CO2-Recycling Anlage installiert.","robots":{"index":"index","follow":"follow","max-snippet":"max-snippet:-1","max-image-preview":"max-image-preview:large","max-video-preview":"max-video-preview:-1"},"canonical":"https:\/\/www.organisator.ch\/de\/allgemein\/2017-08-14\/messer-der-industriegashersteller-aus-lenzburg-expandiert-weltweit\/","og_locale":"de_DE","og_type":"article","og_title":"Die Messer Schweiz AG expandiert weltweit - Organisator","og_description":"In Sulgen\/TG hat die Messer Schweiz AG erste CO2 Anlage betrieben. In China hat inzwischen das Unternehmen die gr\u00f6sste CO2-Recycling Anlage installiert.","og_url":"https:\/\/www.organisator.ch\/de\/allgemein\/2017-08-14\/messer-der-industriegashersteller-aus-lenzburg-expandiert-weltweit\/","og_site_name":"Organisator","article_publisher":"https:\/\/www.facebook.com\/OrganisatorFachmagazin","article_published_time":"2017-08-14T10:12:42+00:00","og_image":[{"width":581,"height":330,"url":"https:\/\/www.organisator.ch\/wp-content\/uploads\/2017\/08\/Messer-der-Industriegashersteller-aus-Lenzburg-expandiert-weltweit-org-organisator.jpg","type":"image\/jpeg"}],"author":"michael.merz","twitter_card":"summary_large_image","schema":{"@context":"https:\/\/schema.org","@graph":[{"@type":"Article","@id":"https:\/\/www.organisator.ch\/en\/general\/2017-08-14\/messer-der-industriegashersteller-aus-lenzburg-expandiert-weltweit\/#article","isPartOf":{"@id":"https:\/\/www.organisator.ch\/en\/general\/2017-08-14\/messer-der-industriegashersteller-aus-lenzburg-expandiert-weltweit\/"},"author":{"name":"michael.merz","@id":"https:\/\/www.organisator.ch\/#\/schema\/person\/134708ca9321c57b0362cceb7948ffbd"},"headline":"Die Messer Schweiz AG expandiert weltweit","datePublished":"2017-08-14T10:12:42+00:00","mainEntityOfPage":{"@id":"https:\/\/www.organisator.ch\/en\/general\/2017-08-14\/messer-der-industriegashersteller-aus-lenzburg-expandiert-weltweit\/"},"wordCount":384,"commentCount":0,"publisher":{"@id":"https:\/\/www.organisator.ch\/#organization"},"image":{"@id":"https:\/\/www.organisator.ch\/en\/general\/2017-08-14\/messer-der-industriegashersteller-aus-lenzburg-expandiert-weltweit\/#primaryimage"},"thumbnailUrl":"https:\/\/www.organisator.ch\/wp-content\/uploads\/2017\/08\/Messer-der-Industriegashersteller-aus-Lenzburg-expandiert-weltweit-org-organisator.jpg","keywords":["CO2 Reduktion","Industriegase","Unternehmensexpansion"],"inLanguage":"de"},{"@type":"WebPage","@id":"https:\/\/www.organisator.ch\/en\/general\/2017-08-14\/messer-der-industriegashersteller-aus-lenzburg-expandiert-weltweit\/","url":"https:\/\/www.organisator.ch\/en\/general\/2017-08-14\/messer-der-industriegashersteller-aus-lenzburg-expandiert-weltweit\/","name":"Die Messer Schweiz AG expandiert weltweit - Organisator","isPartOf":{"@id":"https:\/\/www.organisator.ch\/#website"},"primaryImageOfPage":{"@id":"https:\/\/www.organisator.ch\/en\/general\/2017-08-14\/messer-der-industriegashersteller-aus-lenzburg-expandiert-weltweit\/#primaryimage"},"image":{"@id":"https:\/\/www.organisator.ch\/en\/general\/2017-08-14\/messer-der-industriegashersteller-aus-lenzburg-expandiert-weltweit\/#primaryimage"},"thumbnailUrl":"https:\/\/www.organisator.ch\/wp-content\/uploads\/2017\/08\/Messer-der-Industriegashersteller-aus-Lenzburg-expandiert-weltweit-org-organisator.jpg","datePublished":"2017-08-14T10:12:42+00:00","description":"In Sulgen\/TG hat die Messer Schweiz AG erste CO2 Anlage betrieben. In China hat inzwischen das Unternehmen die gr\u00f6sste CO2-Recycling Anlage installiert.","breadcrumb":{"@id":"https:\/\/www.organisator.ch\/en\/general\/2017-08-14\/messer-der-industriegashersteller-aus-lenzburg-expandiert-weltweit\/#breadcrumb"},"inLanguage":"de","potentialAction":[{"@type":"ReadAction","target":["https:\/\/www.organisator.ch\/en\/general\/2017-08-14\/messer-der-industriegashersteller-aus-lenzburg-expandiert-weltweit\/"]}]},{"@type":"ImageObject","inLanguage":"de","@id":"https:\/\/www.organisator.ch\/en\/general\/2017-08-14\/messer-der-industriegashersteller-aus-lenzburg-expandiert-weltweit\/#primaryimage","url":"https:\/\/www.organisator.ch\/wp-content\/uploads\/2017\/08\/Messer-der-Industriegashersteller-aus-Lenzburg-expandiert-weltweit-org-organisator.jpg","contentUrl":"https:\/\/www.organisator.ch\/wp-content\/uploads\/2017\/08\/Messer-der-Industriegashersteller-aus-Lenzburg-expandiert-weltweit-org-organisator.jpg","width":581,"height":330,"caption":"Messer, der Industriegashersteller aus Lenzburg, expandiert weltweit (Bild: zVg)"},{"@type":"BreadcrumbList","@id":"https:\/\/www.organisator.ch\/en\/general\/2017-08-14\/messer-der-industriegashersteller-aus-lenzburg-expandiert-weltweit\/#breadcrumb","itemListElement":[{"@type":"ListItem","position":1,"name":"Home","item":"https:\/\/www.organisator.ch\/"},{"@type":"ListItem","position":2,"name":"Die Messer Schweiz AG expandiert weltweit"}]},{"@type":"WebSite","@id":"https:\/\/www.organisator.ch\/#website","url":"https:\/\/www.organisator.ch\/","name":"Organisator","description":"Kompetent. Praxisnah. Der ORGANISATOR bereitet in 10 Ausgaben pro Jahr die wesentlichen Themen f\u00fcr F\u00fchrungskr\u00e4fte von KMU auf.","publisher":{"@id":"https:\/\/www.organisator.ch\/#organization"},"potentialAction":[{"@type":"SearchAction","target":{"@type":"EntryPoint","urlTemplate":"https:\/\/www.organisator.ch\/?s={search_term_string}"},"query-input":{"@type":"PropertyValueSpecification","valueRequired":true,"valueName":"search_term_string"}}],"inLanguage":"de"},{"@type":"Organization","@id":"https:\/\/www.organisator.ch\/#organization","name":"Organisator","url":"https:\/\/www.organisator.ch\/","logo":{"@type":"ImageObject","inLanguage":"de","@id":"https:\/\/www.organisator.ch\/#\/schema\/logo\/image\/","url":"https:\/\/www.organisator.ch\/wp-content\/uploads\/2022\/01\/Logo_Organisator_Website.png","contentUrl":"https:\/\/www.organisator.ch\/wp-content\/uploads\/2022\/01\/Logo_Organisator_Website.png","width":800,"height":77,"caption":"Organisator"},"image":{"@id":"https:\/\/www.organisator.ch\/#\/schema\/logo\/image\/"},"sameAs":["https:\/\/www.facebook.com\/OrganisatorFachmagazin","https:\/\/www.linkedin.com\/showcase\/organisator-das-magazin-fr-kmu","https:\/\/www.xing.com\/news\/pages\/organisator-ch-695","https:\/\/www.youtube.com\/channel\/UCGP2Sq0iWaZwT3BdIAQFYpw"]},{"@type":"Person","@id":"https:\/\/www.organisator.ch\/#\/schema\/person\/134708ca9321c57b0362cceb7948ffbd","name":"michael.merz","image":{"@type":"ImageObject","inLanguage":"de","@id":"https:\/\/secure.gravatar.com\/avatar\/?s=96&d=mm&r=g","url":"https:\/\/secure.gravatar.com\/avatar\/?s=96&d=mm&r=g","contentUrl":"https:\/\/secure.gravatar.com\/avatar\/?s=96&d=mm&r=g","caption":"michael.merz"},"url":"https:\/\/www.organisator.ch\/de\/author\/michael-merz\/"}]}},"_links":{"self":[{"href":"https:\/\/www.organisator.ch\/de\/wp-json\/wp\/v2\/posts\/2311","targetHints":{"allow":["GET"]}}],"collection":[{"href":"https:\/\/www.organisator.ch\/de\/wp-json\/wp\/v2\/posts"}],"about":[{"href":"https:\/\/www.organisator.ch\/de\/wp-json\/wp\/v2\/types\/post"}],"author":[{"embeddable":true,"href":"https:\/\/www.organisator.ch\/de\/wp-json\/wp\/v2\/users\/5"}],"replies":[{"embeddable":true,"href":"https:\/\/www.organisator.ch\/de\/wp-json\/wp\/v2\/comments?post=2311"}],"version-history":[{"count":0,"href":"https:\/\/www.organisator.ch\/de\/wp-json\/wp\/v2\/posts\/2311\/revisions"}],"wp:featuredmedia":[{"embeddable":true,"href":"https:\/\/www.organisator.ch\/de\/wp-json\/wp\/v2\/media\/2312"}],"wp:attachment":[{"href":"https:\/\/www.organisator.ch\/de\/wp-json\/wp\/v2\/media?parent=2311"}],"wp:term":[{"taxonomy":"category","embeddable":true,"href":"https:\/\/www.organisator.ch\/de\/wp-json\/wp\/v2\/categories?post=2311"},{"taxonomy":"post_tag","embeddable":true,"href":"https:\/\/www.organisator.ch\/de\/wp-json\/wp\/v2\/tags?post=2311"}],"curies":[{"name":"wp","href":"https:\/\/api.w.org\/{rel}","templated":true}]}}