{"id":23125,"date":"2023-11-10T14:16:05","date_gmt":"2023-11-10T13:16:05","guid":{"rendered":"https:\/\/www.organisator.ch\/?p=23125"},"modified":"2023-11-10T09:16:19","modified_gmt":"2023-11-10T08:16:19","slug":"59-forum-der-schweizerischen-management-gesellschaft","status":"publish","type":"post","link":"https:\/\/www.organisator.ch\/de\/management\/2023-11-10\/59-forum-der-schweizerischen-management-gesellschaft\/","title":{"rendered":"59. Forum der Schweizerischen Management Gesellschaft"},"content":{"rendered":"<figure id=\"attachment_23128\" aria-describedby=\"caption-attachment-23128\" style=\"width: 680px\" class=\"wp-caption alignnone\"><img loading=\"lazy\" decoding=\"async\" class=\"size-full wp-image-23128\" src=\"https:\/\/www.organisator.ch\/wp-content\/uploads\/2023\/11\/Management_Gesellschaft_Bild1_ps.jpg\" alt=\"\" width=\"680\" height=\"454\" srcset=\"https:\/\/www.organisator.ch\/wp-content\/uploads\/2023\/11\/Management_Gesellschaft_Bild1_ps.jpg 680w, https:\/\/www.organisator.ch\/wp-content\/uploads\/2023\/11\/Management_Gesellschaft_Bild1_ps-18x12.jpg 18w, https:\/\/www.organisator.ch\/wp-content\/uploads\/2023\/11\/Management_Gesellschaft_Bild1_ps-375x250.jpg 375w, https:\/\/www.organisator.ch\/wp-content\/uploads\/2023\/11\/Management_Gesellschaft_Bild1_ps-524x350.jpg 524w\" sizes=\"auto, (max-width: 680px) 100vw, 680px\" \/><figcaption id=\"caption-attachment-23128\" class=\"wp-caption-text\">Unter dem Motto \u00abForward\u00bb stand dieses Jahr das 59. Forum der Schweizerischen Management Gesellschaft (SMG). (Bild: www.smg.ch)<\/figcaption><\/figure>\n<p>Das Jahr 2023 war gezeichnet von tiefgreifenden geopolitischen Umw\u00e4lzungen und globalen Herausforderungen. Wirtschaftliche Instabilit\u00e4t, steigende Inflationsraten, wachsender Kosten- und Innovationsdruck sowie zunehmende Cyberbedrohungen pr\u00e4gten das Umfeld. In diesem Kontext betont das SMG-Forum unter dem Leitmotiv <em>\u00ab<\/em>Forward<em>\u00bb<\/em> die Bedeutung des Voranschreitens. Sarah Kreienb\u00fchl, Pr\u00e4sidentin SMG und Mitglied der Gesch\u00e4ftsf\u00fchrung von K\u00fchne + Nagel erl\u00e4utert: <em>\u00ab<\/em>Sowohl der Natur als auch dem Menschen ist es gegeben, sich weiterzuentwickeln und mit neuen L\u00f6sungsans\u00e4tzen auf Herausforderungen zu reagieren.\u00bb<\/p>\n<h3><strong>Den Herausforderungen durch Partnerschaften und neuen Gesch\u00e4ftsmodellen begegnen<\/strong><\/h3>\n<p>\u00abWir m\u00fcssen das Unternehmen an die Bedingungen in dieser Welt anpassen. Dabei sprechen wir nicht von Change oder Transformation, sondern quasi von einer Neugr\u00fcndung. Wir m\u00fcssen praktisch alles ver\u00e4ndern.<em>\u00bb\u00a0<\/em>Als Kerstin Hochm\u00fcller 2013 die Rolle des CEO bei der Marantec Group, einem bis dahin klassischen Familienunternehmen, \u00fcbernahm, sah sie nicht nur sich, sondern die gesamte Branche mit massiven Herausforderungen konfrontiert:\u00a0Kostendruck, Mobilit\u00e4tswende, Arbeitskr\u00e4ftemangel\u00a0und\u00a0die\u00a0Notwendigkeit,\u00a0nachhaltig\u00a0zu\u00a0Wirtschaften.<\/p>\n<p>Um diesen zu begegnen, braucht es ein komplett neues Unternehmensmodell, ist die Ansicht von Kerstin Hochm\u00fcller: \u00abDer Satz \u2018das haben wir schon immer so gemacht\u2019 ist bei uns verboten\u00bb. Eines der Kernelemente der neuen Gesch\u00e4ftsstrategie ist Co-Creation. Co-Creation beinhaltet nicht nur eine Aufl\u00f6sung interner Hierarchien zugunsten einer agilen, projektbezogenen Struktur, sondern auch Partnerschaften mit Wettbewerbern. Die Idee ist, dass man dem Innovationsdruck nicht l\u00e4nger durch Forschung und Entwicklung hinter verschlossenen T\u00fcren begegnen kann, sondern nur durch Zusammenarbeit mit Wettbewerbern und der Entwicklung neuer Gesch\u00e4ftsmodelle. Um diesen Prozess voranzubringen, gr\u00fcndete Kerstin Hochm\u00fcller die Initiative \u00abOpen Champion\u00bb bei dem Unternehmen gemeinsam neue Ideen entwickeln und validieren.<\/p>\n<h3><strong>Fokusthema Future Banking<\/strong><\/h3>\n<p>Bei einer Diskussion unter der Leitung von Prof. Dr. Dr. h.c. Monika B\u00fctler sprachen hochrangige Vertreter aus dem Banking \u00fcber die aktuellen und zuk\u00fcnftigen Herausforderungen. Fabian Sch\u00e4r betonte den enormen technologischen Druck und die Unsicherheiten, die er im Tagesgesch\u00e4ft verursacht. Er pl\u00e4dierte f\u00fcr &#8222;Open Finance&#8220;, bei dem Kunden sich dezentral in das Bankgesch\u00e4ft einbinden k\u00f6nnen. Marianne Wildi betonte, dass Banking ein Mittel zum Zweck ist, um Gesch\u00e4fte abzuwickeln, und dass Vertrauen nicht allein durch Technologie geschaffen werden kann. Adriel Jost erwartet massive Ver\u00e4nderungen im Bankensektor aufgrund von Fintechs, die mehr Wettbewerb bringen werden. Die Einf\u00fchrung zentraler Digitalw\u00e4hrungen durch Notenbanken wird diese Entwicklung beschleunigen. Anke Bridge Haux sieht den Druck als Chance und betont die Bedeutung von \u00d6kologie in der Bankenstrategie und die M\u00f6glichkeit, eine neue Kultur zu schaffen.<\/p>\n<h3><strong>\u00a0\u00abDie Vogelwelt \u2013 idealer Sparringpartner f\u00fcr die Wirtschaft?\u00bb\u00a0<\/strong><\/h3>\n<p>V\u00f6gel begeistern nicht nur durch ihre Vielfalt. Es gibt 11\u2018000 verschiedene Vogelarten, die in Farbe, Verhalten oder Entwicklung unterschiedlich sind. Matthias Kestenholz weiss als Ornithologe und Vorsitzender der Institutsleitung der Schweizerischen Vogelwarte: \u00abVogelstimmen sind nachweislich positiv f\u00fcr das menschliche Wohlbefinden. V\u00f6gel sind die besten S\u00e4nger aus der Tierwelt.\u00bb Vorbildlich f\u00fcr die Wirtschaft war und ist der Flug der V\u00f6gel: \u00abV\u00f6gel sind technische Vorbilder \u2013 sie waren ein Musterbeispiel f\u00fcr Leonardo da Vinci und die weitere Entwicklung.\u00bb V\u00f6gel sind auch wichtige Bioindikatoren \u2013 ein Fr\u00fchwarnsystem, ein Gradmesser f\u00fcr unsere Nachhaltigkeit.\u00a0<\/p>\n<h3><strong>\u00abGeht nicht, gibt\u2019s nicht\u00bb<\/strong><\/h3>\n<p>Von der Leidenschaft f\u00fcr die Fliegerei befl\u00fcgelt, bildete sich Helene Niedhart zur Privat- und Linienpilotin aus und war in den 1980er Jahren eine der wenigen Berufspilotinnen der Schweiz. In Ermangelung einer Anstellung bei einer Schweizer Fluggesellschaft, gr\u00fcndete sie ihre eigene Airline. Die CAT Aviation AG umfasst heute 70 Mitarbeitende. \u00abWichtig waren die Ausdauer und vor allem immer finanzielle Unabh\u00e4ngigkeit zu bewahren. Obwohl wir gerne in der Luft sind, m\u00fcssen wir mit dem Business auf dem Boden bleiben.\u00bb Das gefl\u00fcgelte Wort \u00abGeht nicht, gibt\u2019s nicht\u00bb setzte sie als Unternehmerin um. Aber \u00abin der Luftfahrt muss man auch mal Nein sagen k\u00f6nnen.\u00bb Die Entwicklung zum volldigitalisierten Cockpit hat ihr keine M\u00fche bereitet: \u00abDas war f\u00fcr mich hochspannend. Ich war immer neugierig und das Fliegen wurde dadurch einfacher.\u00bb\u00a0<\/p>\n<h3><strong>KI \u2013 eine Frage des\u00a0<\/strong>\u00ab<strong>to be or not to be<\/strong>\u00bb<strong>?<\/strong><\/h3>\n<p>K\u00fcnstliche Intelligenz (KI) ist l\u00e4ngst kein fernes Zukunftskonzept mehr, sondern eine aktuelle Realit\u00e4t, die unseren Alltag und die Gesch\u00e4ftswelt pr\u00e4gt \u2013 das war einer der Key-Take-aways des Beitrages von Sean Kask, Chief AI Strategy Officer von SAP. \u00a0Mit dem Zitat \u00abKI wird Menschen nicht ersetzen \u2013 aber Menschen mit KI werden jene ohne ersetzen\u00bb, betonte Sean die Notwendigkeit, KI als unverzichtbares Werkzeug zu begreifen und zu nutzen. F\u00fcr Unternehmen besteht eine Gefahr darin, die transformative Kraft der KI zu untersch\u00e4tzen. Die generative KI wird nicht nur einzelne Branchen, sondern unsere gesamte Wirtschafts- und Arbeitswelt tiefgreifend ver\u00e4ndern. \u00abDiese Entwicklung ist real und sie vollzieht sich jetzt\u00bb, so Sean Kask.<\/p>\n<p>F\u00fcr KMUs ist es deswegen entscheidend, die richtigen F\u00e4higkeiten f\u00fcr den effizienten Einsatz von KI zu entwickeln. In einem ersten Schritt sollte man sich \u00fcber die Anwendungsm\u00f6glichkeiten von KI in der jeweiligen Branche informieren. Bez\u00fcglich der Frage, welche Expertise man im Unternehmen haben muss, um KI effizient zu nutzen, verwies Sean auf \u00abPrompting Skills\u00bb &#8211; also die F\u00e4higkeit, KI-Systeme zielgerichtet und effektiv zu steuern &#8211; kombiniert mit einem soliden Gesch\u00e4ftssinn. Diese Skills erm\u00f6glichen es KMUs, KI-Technologien an ihre spezifischen Bed\u00fcrfnisse anzupassen und sich durch die Technologie er\u00f6ffnende Gesch\u00e4ftspotentiale zu begreifen.<strong>\u00a0<\/strong><\/p>\n<h3><strong>\u00abDekarbonisierung: Probleme l\u00f6sen sich nicht in Luft auf. Aber in Wasserstoff?\u00bb<\/strong><\/h3>\n<p>F\u00fcr Sopna Sury, COO Hydrogen bei RWE Generation SE, ist klar: \u00abOhne Wasserstoff gibt es keine Energiewende. Das Molek\u00fcl ist Teil einer zukunftsgerichteten, klimaneutralen L\u00f6sung f\u00fcr die Industrie und die Versorgungssicherheit. Doch f\u00fcr den \u2018Forward\u2019-Erfolg braucht es schon heute Pragmatismus und Geschwindigkeit.\u00bb RWE ist heute noch einer der gr\u00f6ssten CO<sub>2<\/sub>-Verursacher in Europa, hat aber seinen Ausstoss seit 2012 um 55 Prozent reduziert. Sury: \u00abKlimaneutralit\u00e4t, Wirtschaftlichkeit und Versorgungssicherheit l\u00f6sen sich teilweise in gr\u00fcnem Wasserstoff auf.\u00bb<\/p>\n<h3><strong>Fokusthema Wasserstoff<\/strong><\/h3>\n<p>Wasserstoff-Pionier Patrick Huber, Verwaltungsratspr\u00e4sident der H2 Energy Holding AG, streicht heraus, dass die Schweiz als einziges Land ein \u00d6kosystem f\u00fcr Wasserstoff aufgebaut hat, das ohne Subventionen funktioniert. Neue Technologien und ihre Wirtschaftlichkeit stehen immer auf dem Pr\u00fcfstand. Auf dem Weg zu einer H2-Wirtschaft begegnen wir noch verschiedenen Herausforderungen und Unbekanntem. Es braucht aber Unternehmen, die dar\u00fcber nachdenken und es wagen, in die Richtung von Wasserstoff Energie zu gehen. Sopna Sury erg\u00e4nzt: \u00abF\u00fcr die Infrastruktur von Wasserstoff k\u00f6nnen die Erdgasleitungen genutzt werden.\u00bb Der Umbau w\u00fcrde noch 15 bis 20 Prozent der Kosten ben\u00f6tigen, die f\u00fcr einen Neubau n\u00f6tig w\u00e4ren. Die grosse Herausforderung stellt sich aktuell \u00fcber ausreichend erneuerbare Energie zu verf\u00fcgen. Auch bei der Produktion von gr\u00fcnem Wasserstoff.\u00a0<\/p>\n<h3><strong>\u00abImmer vorw\u00e4rts \u2013 selbst wenn man den Horizont nicht sehen kann\u00bb<\/strong><\/h3>\n<p>Im Flachland aufgewachsen, hat Anja Blacha dem Ruf der Berge als Extremsportlerin gefolgt. 2020 wurde sie Weltrekordhalterin. Sie sagt: \u00abUnsere Vergangenheit muss nicht bestimmen, was wir in Zukunft sind. Wenn wir uns trauen, den ersten Schritt zu gehen, k\u00f6nnen wir gr\u00f6ssere Herausforderungen schaffen, als wir uns am Anfang h\u00e4tten vorstellen k\u00f6nnen.\u00bb Und: \u00abFortschritt beginnt, wo das Vertraute endet.\u00bb<\/p>\n<p><em>Quelle:<a href=\"https:\/\/www.smg.ch\/\"> www.smg.ch\u00a0<\/a><\/em><\/p>\n","protected":false},"excerpt":{"rendered":"<p>Das 59. Forum der Schweizerischen Management Gesellschaft (SMG) in Z\u00fcrich mit rund 200 Teilnehmenden stand dieses Jahr unter dem Motto \u00abForward\u00bb. Zukunftsf\u00e4hige L\u00f6sungen f\u00fcr die Probleme unserer Zeit \u2013 die Auswahl der M\u00f6glichkeiten ist vielf\u00e4ltig. <\/p>\n","protected":false},"author":58,"featured_media":23128,"comment_status":"closed","ping_status":"closed","sticky":false,"template":"","format":"standard","meta":{"_acf_changed":false,"_yoast_wpseo_focuskw":"59. Forum","_yoast_wpseo_metadesc":"Das 59. Forum der Schweizerischen Management Gesellschaft in Z\u00fcrich mit rund 200 Teilnehmenden stand dieses Jahr unter dem Motto \u00abForward\u00bb.","articlekey":"","footnotes":""},"categories":[28],"tags":[221,334,335,492],"class_list":["post-23125","post","type-post","status-publish","format-standard","has-post-thumbnail","hentry","category-management","tag-forum","tag-management","tag-management-und-unternehmensfuehrung","tag-unternehmen"],"acf":[],"yoast_head":"<!-- This site is optimized with the Yoast SEO plugin v27.5 - https:\/\/yoast.com\/product\/yoast-seo-wordpress\/ -->\n<title>59. Forum der Schweizerischen Management Gesellschaft - Organisator<\/title>\n<meta name=\"description\" content=\"Das 59. Forum der Schweizerischen Management Gesellschaft in Z\u00fcrich mit rund 200 Teilnehmenden stand dieses Jahr unter dem Motto \u00abForward\u00bb.\" \/>\n<meta name=\"robots\" content=\"index, follow, max-snippet:-1, max-image-preview:large, max-video-preview:-1\" \/>\n<link rel=\"canonical\" href=\"https:\/\/www.organisator.ch\/de\/management\/2023-11-10\/59-forum-der-schweizerischen-management-gesellschaft\/\" \/>\n<meta property=\"og:locale\" content=\"de_DE\" \/>\n<meta property=\"og:type\" content=\"article\" \/>\n<meta property=\"og:title\" content=\"59. Forum der Schweizerischen Management Gesellschaft\" \/>\n<meta property=\"og:description\" content=\"Das 59. Forum der Schweizerischen Management Gesellschaft in Z\u00fcrich mit rund 200 Teilnehmenden stand dieses Jahr unter dem Motto \u00abForward\u00bb.\" \/>\n<meta property=\"og:url\" content=\"https:\/\/www.organisator.ch\/de\/management\/2023-11-10\/59-forum-der-schweizerischen-management-gesellschaft\/\" \/>\n<meta property=\"og:site_name\" content=\"Organisator\" \/>\n<meta property=\"article:publisher\" content=\"https:\/\/www.facebook.com\/OrganisatorFachmagazin\" \/>\n<meta property=\"article:published_time\" content=\"2023-11-10T13:16:05+00:00\" \/>\n<meta property=\"og:image\" content=\"https:\/\/www.organisator.ch\/wp-content\/uploads\/2023\/11\/Management_Gesellschaft_Bild1_ps.jpg\" \/>\n\t<meta property=\"og:image:width\" content=\"680\" \/>\n\t<meta property=\"og:image:height\" content=\"454\" \/>\n\t<meta property=\"og:image:type\" content=\"image\/jpeg\" \/>\n<meta name=\"author\" content=\"Adelisa Kalajdzini\" \/>\n<meta name=\"twitter:card\" content=\"summary_large_image\" \/>\n<meta name=\"twitter:title\" content=\"59. Forum der Schweizerischen Management Gesellschaft\" \/>\n<meta name=\"twitter:description\" content=\"Das #59. Forum der #Schweizerischen #Management #Gesellschaft in Z\u00fcrich mit rund 200 Teilnehmenden stand dieses Jahr unter dem Motto #\u00abForward\u00bb.\" \/>\n<meta name=\"twitter:image\" content=\"https:\/\/www.organisator.ch\/wp-content\/uploads\/2023\/11\/Management_Gesellschaft_Bild1_ps.jpg\" \/>\n<script type=\"application\/ld+json\" class=\"yoast-schema-graph\">{\"@context\":\"https:\\\/\\\/schema.org\",\"@graph\":[{\"@type\":\"Article\",\"@id\":\"https:\\\/\\\/www.organisator.ch\\\/management\\\/2023-11-10\\\/59-forum-der-schweizerischen-management-gesellschaft\\\/#article\",\"isPartOf\":{\"@id\":\"https:\\\/\\\/www.organisator.ch\\\/management\\\/2023-11-10\\\/59-forum-der-schweizerischen-management-gesellschaft\\\/\"},\"author\":{\"name\":\"Adelisa Kalajdzini\",\"@id\":\"https:\\\/\\\/www.organisator.ch\\\/#\\\/schema\\\/person\\\/2e1314a2172123f874db408d8911d3f3\"},\"headline\":\"59. Forum der Schweizerischen Management Gesellschaft\",\"datePublished\":\"2023-11-10T13:16:05+00:00\",\"mainEntityOfPage\":{\"@id\":\"https:\\\/\\\/www.organisator.ch\\\/management\\\/2023-11-10\\\/59-forum-der-schweizerischen-management-gesellschaft\\\/\"},\"wordCount\":1225,\"publisher\":{\"@id\":\"https:\\\/\\\/www.organisator.ch\\\/#organization\"},\"image\":{\"@id\":\"https:\\\/\\\/www.organisator.ch\\\/management\\\/2023-11-10\\\/59-forum-der-schweizerischen-management-gesellschaft\\\/#primaryimage\"},\"thumbnailUrl\":\"https:\\\/\\\/www.organisator.ch\\\/wp-content\\\/uploads\\\/2023\\\/11\\\/Management_Gesellschaft_Bild1_ps.jpg\",\"keywords\":[\"Forum\",\"Management\",\"Management und Unternehmensf\u00fchrung\",\"Unternehmen\"],\"articleSection\":[\"MANAGEMENT\"],\"inLanguage\":\"de\"},{\"@type\":\"WebPage\",\"@id\":\"https:\\\/\\\/www.organisator.ch\\\/management\\\/2023-11-10\\\/59-forum-der-schweizerischen-management-gesellschaft\\\/\",\"url\":\"https:\\\/\\\/www.organisator.ch\\\/management\\\/2023-11-10\\\/59-forum-der-schweizerischen-management-gesellschaft\\\/\",\"name\":\"59. Forum der Schweizerischen Management Gesellschaft - Organisator\",\"isPartOf\":{\"@id\":\"https:\\\/\\\/www.organisator.ch\\\/#website\"},\"primaryImageOfPage\":{\"@id\":\"https:\\\/\\\/www.organisator.ch\\\/management\\\/2023-11-10\\\/59-forum-der-schweizerischen-management-gesellschaft\\\/#primaryimage\"},\"image\":{\"@id\":\"https:\\\/\\\/www.organisator.ch\\\/management\\\/2023-11-10\\\/59-forum-der-schweizerischen-management-gesellschaft\\\/#primaryimage\"},\"thumbnailUrl\":\"https:\\\/\\\/www.organisator.ch\\\/wp-content\\\/uploads\\\/2023\\\/11\\\/Management_Gesellschaft_Bild1_ps.jpg\",\"datePublished\":\"2023-11-10T13:16:05+00:00\",\"description\":\"Das 59. Forum der Schweizerischen Management Gesellschaft in Z\u00fcrich mit rund 200 Teilnehmenden stand dieses Jahr unter dem Motto \u00abForward\u00bb.\",\"breadcrumb\":{\"@id\":\"https:\\\/\\\/www.organisator.ch\\\/management\\\/2023-11-10\\\/59-forum-der-schweizerischen-management-gesellschaft\\\/#breadcrumb\"},\"inLanguage\":\"de\",\"potentialAction\":[{\"@type\":\"ReadAction\",\"target\":[\"https:\\\/\\\/www.organisator.ch\\\/management\\\/2023-11-10\\\/59-forum-der-schweizerischen-management-gesellschaft\\\/\"]}]},{\"@type\":\"ImageObject\",\"inLanguage\":\"de\",\"@id\":\"https:\\\/\\\/www.organisator.ch\\\/management\\\/2023-11-10\\\/59-forum-der-schweizerischen-management-gesellschaft\\\/#primaryimage\",\"url\":\"https:\\\/\\\/www.organisator.ch\\\/wp-content\\\/uploads\\\/2023\\\/11\\\/Management_Gesellschaft_Bild1_ps.jpg\",\"contentUrl\":\"https:\\\/\\\/www.organisator.ch\\\/wp-content\\\/uploads\\\/2023\\\/11\\\/Management_Gesellschaft_Bild1_ps.jpg\",\"width\":680,\"height\":454,\"caption\":\"Unter dem Motto \u00abForward\u00bb stand dieses Jahr das 59. Forum der Schweizerischen Management Gesellschaft (SMG). (Bild: www.smg.ch)\"},{\"@type\":\"BreadcrumbList\",\"@id\":\"https:\\\/\\\/www.organisator.ch\\\/management\\\/2023-11-10\\\/59-forum-der-schweizerischen-management-gesellschaft\\\/#breadcrumb\",\"itemListElement\":[{\"@type\":\"ListItem\",\"position\":1,\"name\":\"Home\",\"item\":\"https:\\\/\\\/www.organisator.ch\\\/\"},{\"@type\":\"ListItem\",\"position\":2,\"name\":\"59. Forum der Schweizerischen Management Gesellschaft\"}]},{\"@type\":\"WebSite\",\"@id\":\"https:\\\/\\\/www.organisator.ch\\\/#website\",\"url\":\"https:\\\/\\\/www.organisator.ch\\\/\",\"name\":\"Organisator\",\"description\":\"Kompetent. Praxisnah. Der ORGANISATOR bereitet in 10 Ausgaben pro Jahr die wesentlichen Themen f\u00fcr F\u00fchrungskr\u00e4fte von KMU auf.\",\"publisher\":{\"@id\":\"https:\\\/\\\/www.organisator.ch\\\/#organization\"},\"potentialAction\":[{\"@type\":\"SearchAction\",\"target\":{\"@type\":\"EntryPoint\",\"urlTemplate\":\"https:\\\/\\\/www.organisator.ch\\\/?s={search_term_string}\"},\"query-input\":{\"@type\":\"PropertyValueSpecification\",\"valueRequired\":true,\"valueName\":\"search_term_string\"}}],\"inLanguage\":\"de\"},{\"@type\":\"Organization\",\"@id\":\"https:\\\/\\\/www.organisator.ch\\\/#organization\",\"name\":\"Organisator\",\"url\":\"https:\\\/\\\/www.organisator.ch\\\/\",\"logo\":{\"@type\":\"ImageObject\",\"inLanguage\":\"de\",\"@id\":\"https:\\\/\\\/www.organisator.ch\\\/#\\\/schema\\\/logo\\\/image\\\/\",\"url\":\"https:\\\/\\\/www.organisator.ch\\\/wp-content\\\/uploads\\\/2022\\\/01\\\/Logo_Organisator_Website.png\",\"contentUrl\":\"https:\\\/\\\/www.organisator.ch\\\/wp-content\\\/uploads\\\/2022\\\/01\\\/Logo_Organisator_Website.png\",\"width\":800,\"height\":77,\"caption\":\"Organisator\"},\"image\":{\"@id\":\"https:\\\/\\\/www.organisator.ch\\\/#\\\/schema\\\/logo\\\/image\\\/\"},\"sameAs\":[\"https:\\\/\\\/www.facebook.com\\\/OrganisatorFachmagazin\",\"https:\\\/\\\/www.linkedin.com\\\/showcase\\\/organisator-das-magazin-fr-kmu\",\"https:\\\/\\\/www.xing.com\\\/news\\\/pages\\\/organisator-ch-695\",\"https:\\\/\\\/www.youtube.com\\\/channel\\\/UCGP2Sq0iWaZwT3BdIAQFYpw\"]},{\"@type\":\"Person\",\"@id\":\"https:\\\/\\\/www.organisator.ch\\\/#\\\/schema\\\/person\\\/2e1314a2172123f874db408d8911d3f3\",\"name\":\"Adelisa Kalajdzini\",\"image\":{\"@type\":\"ImageObject\",\"inLanguage\":\"de\",\"@id\":\"https:\\\/\\\/secure.gravatar.com\\\/avatar\\\/09a397c22ac58cad6f160ee8306348599df9df58a8ede73696226897b9fa4b24?s=96&d=mm&r=g\",\"url\":\"https:\\\/\\\/secure.gravatar.com\\\/avatar\\\/09a397c22ac58cad6f160ee8306348599df9df58a8ede73696226897b9fa4b24?s=96&d=mm&r=g\",\"contentUrl\":\"https:\\\/\\\/secure.gravatar.com\\\/avatar\\\/09a397c22ac58cad6f160ee8306348599df9df58a8ede73696226897b9fa4b24?s=96&d=mm&r=g\",\"caption\":\"Adelisa Kalajdzini\"},\"url\":\"https:\\\/\\\/www.organisator.ch\\\/de\\\/author\\\/adelisa-kalajdzini\\\/\"}]}<\/script>\n<!-- \/ Yoast SEO plugin. -->","yoast_head_json":{"title":"59. Forum der Schweizerischen Management Gesellschaft - Organisator","description":"Das 59. Forum der Schweizerischen Management Gesellschaft in Z\u00fcrich mit rund 200 Teilnehmenden stand dieses Jahr unter dem Motto \u00abForward\u00bb.","robots":{"index":"index","follow":"follow","max-snippet":"max-snippet:-1","max-image-preview":"max-image-preview:large","max-video-preview":"max-video-preview:-1"},"canonical":"https:\/\/www.organisator.ch\/de\/management\/2023-11-10\/59-forum-der-schweizerischen-management-gesellschaft\/","og_locale":"de_DE","og_type":"article","og_title":"59. Forum der Schweizerischen Management Gesellschaft","og_description":"Das 59. Forum der Schweizerischen Management Gesellschaft in Z\u00fcrich mit rund 200 Teilnehmenden stand dieses Jahr unter dem Motto \u00abForward\u00bb.","og_url":"https:\/\/www.organisator.ch\/de\/management\/2023-11-10\/59-forum-der-schweizerischen-management-gesellschaft\/","og_site_name":"Organisator","article_publisher":"https:\/\/www.facebook.com\/OrganisatorFachmagazin","article_published_time":"2023-11-10T13:16:05+00:00","og_image":[{"width":680,"height":454,"url":"https:\/\/www.organisator.ch\/wp-content\/uploads\/2023\/11\/Management_Gesellschaft_Bild1_ps.jpg","type":"image\/jpeg"}],"author":"Adelisa Kalajdzini","twitter_card":"summary_large_image","twitter_title":"59. Forum der Schweizerischen Management Gesellschaft","twitter_description":"Das #59. Forum der #Schweizerischen #Management #Gesellschaft in Z\u00fcrich mit rund 200 Teilnehmenden stand dieses Jahr unter dem Motto #\u00abForward\u00bb.","twitter_image":"https:\/\/www.organisator.ch\/wp-content\/uploads\/2023\/11\/Management_Gesellschaft_Bild1_ps.jpg","schema":{"@context":"https:\/\/schema.org","@graph":[{"@type":"Article","@id":"https:\/\/www.organisator.ch\/management\/2023-11-10\/59-forum-der-schweizerischen-management-gesellschaft\/#article","isPartOf":{"@id":"https:\/\/www.organisator.ch\/management\/2023-11-10\/59-forum-der-schweizerischen-management-gesellschaft\/"},"author":{"name":"Adelisa Kalajdzini","@id":"https:\/\/www.organisator.ch\/#\/schema\/person\/2e1314a2172123f874db408d8911d3f3"},"headline":"59. Forum der Schweizerischen Management Gesellschaft","datePublished":"2023-11-10T13:16:05+00:00","mainEntityOfPage":{"@id":"https:\/\/www.organisator.ch\/management\/2023-11-10\/59-forum-der-schweizerischen-management-gesellschaft\/"},"wordCount":1225,"publisher":{"@id":"https:\/\/www.organisator.ch\/#organization"},"image":{"@id":"https:\/\/www.organisator.ch\/management\/2023-11-10\/59-forum-der-schweizerischen-management-gesellschaft\/#primaryimage"},"thumbnailUrl":"https:\/\/www.organisator.ch\/wp-content\/uploads\/2023\/11\/Management_Gesellschaft_Bild1_ps.jpg","keywords":["Forum","Management","Management und Unternehmensf\u00fchrung","Unternehmen"],"articleSection":["MANAGEMENT"],"inLanguage":"de"},{"@type":"WebPage","@id":"https:\/\/www.organisator.ch\/management\/2023-11-10\/59-forum-der-schweizerischen-management-gesellschaft\/","url":"https:\/\/www.organisator.ch\/management\/2023-11-10\/59-forum-der-schweizerischen-management-gesellschaft\/","name":"59. Forum der Schweizerischen Management Gesellschaft - Organisator","isPartOf":{"@id":"https:\/\/www.organisator.ch\/#website"},"primaryImageOfPage":{"@id":"https:\/\/www.organisator.ch\/management\/2023-11-10\/59-forum-der-schweizerischen-management-gesellschaft\/#primaryimage"},"image":{"@id":"https:\/\/www.organisator.ch\/management\/2023-11-10\/59-forum-der-schweizerischen-management-gesellschaft\/#primaryimage"},"thumbnailUrl":"https:\/\/www.organisator.ch\/wp-content\/uploads\/2023\/11\/Management_Gesellschaft_Bild1_ps.jpg","datePublished":"2023-11-10T13:16:05+00:00","description":"Das 59. Forum der Schweizerischen Management Gesellschaft in Z\u00fcrich mit rund 200 Teilnehmenden stand dieses Jahr unter dem Motto \u00abForward\u00bb.","breadcrumb":{"@id":"https:\/\/www.organisator.ch\/management\/2023-11-10\/59-forum-der-schweizerischen-management-gesellschaft\/#breadcrumb"},"inLanguage":"de","potentialAction":[{"@type":"ReadAction","target":["https:\/\/www.organisator.ch\/management\/2023-11-10\/59-forum-der-schweizerischen-management-gesellschaft\/"]}]},{"@type":"ImageObject","inLanguage":"de","@id":"https:\/\/www.organisator.ch\/management\/2023-11-10\/59-forum-der-schweizerischen-management-gesellschaft\/#primaryimage","url":"https:\/\/www.organisator.ch\/wp-content\/uploads\/2023\/11\/Management_Gesellschaft_Bild1_ps.jpg","contentUrl":"https:\/\/www.organisator.ch\/wp-content\/uploads\/2023\/11\/Management_Gesellschaft_Bild1_ps.jpg","width":680,"height":454,"caption":"Unter dem Motto \u00abForward\u00bb stand dieses Jahr das 59. Forum der Schweizerischen Management Gesellschaft (SMG). (Bild: www.smg.ch)"},{"@type":"BreadcrumbList","@id":"https:\/\/www.organisator.ch\/management\/2023-11-10\/59-forum-der-schweizerischen-management-gesellschaft\/#breadcrumb","itemListElement":[{"@type":"ListItem","position":1,"name":"Home","item":"https:\/\/www.organisator.ch\/"},{"@type":"ListItem","position":2,"name":"59. Forum der Schweizerischen Management Gesellschaft"}]},{"@type":"WebSite","@id":"https:\/\/www.organisator.ch\/#website","url":"https:\/\/www.organisator.ch\/","name":"Organisator","description":"Kompetent. Praxisnah. Der ORGANISATOR bereitet in 10 Ausgaben pro Jahr die wesentlichen Themen f\u00fcr F\u00fchrungskr\u00e4fte von KMU auf.","publisher":{"@id":"https:\/\/www.organisator.ch\/#organization"},"potentialAction":[{"@type":"SearchAction","target":{"@type":"EntryPoint","urlTemplate":"https:\/\/www.organisator.ch\/?s={search_term_string}"},"query-input":{"@type":"PropertyValueSpecification","valueRequired":true,"valueName":"search_term_string"}}],"inLanguage":"de"},{"@type":"Organization","@id":"https:\/\/www.organisator.ch\/#organization","name":"Organisator","url":"https:\/\/www.organisator.ch\/","logo":{"@type":"ImageObject","inLanguage":"de","@id":"https:\/\/www.organisator.ch\/#\/schema\/logo\/image\/","url":"https:\/\/www.organisator.ch\/wp-content\/uploads\/2022\/01\/Logo_Organisator_Website.png","contentUrl":"https:\/\/www.organisator.ch\/wp-content\/uploads\/2022\/01\/Logo_Organisator_Website.png","width":800,"height":77,"caption":"Organisator"},"image":{"@id":"https:\/\/www.organisator.ch\/#\/schema\/logo\/image\/"},"sameAs":["https:\/\/www.facebook.com\/OrganisatorFachmagazin","https:\/\/www.linkedin.com\/showcase\/organisator-das-magazin-fr-kmu","https:\/\/www.xing.com\/news\/pages\/organisator-ch-695","https:\/\/www.youtube.com\/channel\/UCGP2Sq0iWaZwT3BdIAQFYpw"]},{"@type":"Person","@id":"https:\/\/www.organisator.ch\/#\/schema\/person\/2e1314a2172123f874db408d8911d3f3","name":"Adelisa Kalajdzini","image":{"@type":"ImageObject","inLanguage":"de","@id":"https:\/\/secure.gravatar.com\/avatar\/09a397c22ac58cad6f160ee8306348599df9df58a8ede73696226897b9fa4b24?s=96&d=mm&r=g","url":"https:\/\/secure.gravatar.com\/avatar\/09a397c22ac58cad6f160ee8306348599df9df58a8ede73696226897b9fa4b24?s=96&d=mm&r=g","contentUrl":"https:\/\/secure.gravatar.com\/avatar\/09a397c22ac58cad6f160ee8306348599df9df58a8ede73696226897b9fa4b24?s=96&d=mm&r=g","caption":"Adelisa Kalajdzini"},"url":"https:\/\/www.organisator.ch\/de\/author\/adelisa-kalajdzini\/"}]}},"_links":{"self":[{"href":"https:\/\/www.organisator.ch\/de\/wp-json\/wp\/v2\/posts\/23125","targetHints":{"allow":["GET"]}}],"collection":[{"href":"https:\/\/www.organisator.ch\/de\/wp-json\/wp\/v2\/posts"}],"about":[{"href":"https:\/\/www.organisator.ch\/de\/wp-json\/wp\/v2\/types\/post"}],"author":[{"embeddable":true,"href":"https:\/\/www.organisator.ch\/de\/wp-json\/wp\/v2\/users\/58"}],"replies":[{"embeddable":true,"href":"https:\/\/www.organisator.ch\/de\/wp-json\/wp\/v2\/comments?post=23125"}],"version-history":[{"count":3,"href":"https:\/\/www.organisator.ch\/de\/wp-json\/wp\/v2\/posts\/23125\/revisions"}],"predecessor-version":[{"id":23129,"href":"https:\/\/www.organisator.ch\/de\/wp-json\/wp\/v2\/posts\/23125\/revisions\/23129"}],"wp:featuredmedia":[{"embeddable":true,"href":"https:\/\/www.organisator.ch\/de\/wp-json\/wp\/v2\/media\/23128"}],"wp:attachment":[{"href":"https:\/\/www.organisator.ch\/de\/wp-json\/wp\/v2\/media?parent=23125"}],"wp:term":[{"taxonomy":"category","embeddable":true,"href":"https:\/\/www.organisator.ch\/de\/wp-json\/wp\/v2\/categories?post=23125"},{"taxonomy":"post_tag","embeddable":true,"href":"https:\/\/www.organisator.ch\/de\/wp-json\/wp\/v2\/tags?post=23125"}],"curies":[{"name":"wp","href":"https:\/\/api.w.org\/{rel}","templated":true}]}}