{"id":23158,"date":"2023-11-14T10:05:01","date_gmt":"2023-11-14T09:05:01","guid":{"rendered":"https:\/\/www.organisator.ch\/?p=23158"},"modified":"2023-11-14T10:05:01","modified_gmt":"2023-11-14T09:05:01","slug":"kooperation-zwischen-eth-zuerich-und-klimastiftung-schweiz","status":"publish","type":"post","link":"https:\/\/www.organisator.ch\/de\/sustainability\/2023-11-14\/kooperation-zwischen-eth-zuerich-und-klimastiftung-schweiz\/","title":{"rendered":"Kooperation zwischen ETH Z\u00fcrich und Klimastiftung Schweiz"},"content":{"rendered":"<figure id=\"attachment_23161\" aria-describedby=\"caption-attachment-23161\" style=\"width: 680px\" class=\"wp-caption alignnone\"><img loading=\"lazy\" decoding=\"async\" class=\"size-full wp-image-23161\" src=\"https:\/\/www.organisator.ch\/wp-content\/uploads\/2023\/11\/Klimastiftung_ETH_Bild2_ps.jpg\" alt=\"\" width=\"680\" height=\"452\" srcset=\"https:\/\/www.organisator.ch\/wp-content\/uploads\/2023\/11\/Klimastiftung_ETH_Bild2_ps.jpg 680w, https:\/\/www.organisator.ch\/wp-content\/uploads\/2023\/11\/Klimastiftung_ETH_Bild2_ps-18x12.jpg 18w, https:\/\/www.organisator.ch\/wp-content\/uploads\/2023\/11\/Klimastiftung_ETH_Bild2_ps-375x249.jpg 375w, https:\/\/www.organisator.ch\/wp-content\/uploads\/2023\/11\/Klimastiftung_ETH_Bild2_ps-527x350.jpg 527w\" sizes=\"auto, (max-width: 680px) 100vw, 680px\" \/><figcaption id=\"caption-attachment-23161\" class=\"wp-caption-text\">Die &#8222;BUK ETHZ&#8220; und die Klimastiftung Schweiz kooperieren im Bereich F\u00f6rderung klimafreundlicher Baustoffe und Methoden. (Bild: www.depositphotos.com)<\/figcaption><\/figure>\n<p>Im Rahmen der Kooperation unterst\u00fctzt die Dozentur die Klimastiftung Schweiz bei der technischen und wissenschaftlichen Beurteilung von Finanzierungsantr\u00e4gen f\u00fcr Projekte im Bereich Baumaterialen und Methoden. Zudem werden die gef\u00f6rderten Projekte f\u00fcr den Markt sichtbarer gemacht. Dies ist wichtig, da Pilot-Projekte f\u00fcr neue Baumaterialen sehr aufwendig sind. Das Teilen des Knowhows ist ein wesentlicher Beitrag zur Verbreitung von L\u00f6sungen. Dabei wird die Bekanntheit der F\u00f6rderungsm\u00f6glichkeiten der Klimastiftung Schweiz f\u00fcr diese Art von Projekten erh\u00f6ht werden. &#8222;Damit erreichen wir eine klassische Win-Win Situation&#8220;, freut sich Vincent Eckert, Gesch\u00e4ftsleiter der Klimastiftung Schweiz.\u00a0<\/p>\n<p>&#8222;Erstanwendungen im Baubereich sind immer eine schwierige und risikoreiche Phase f\u00fcr neue Produkte und Methoden im Baubereich,\u201d sagen Daniel Studer und Daniel Mettler von der BUK ETHZ. \u201cMit dieser Kooperation k\u00f6nnen wir da einen wichtigen Beitrag zur Transformation der Baubranche liefern. Das zeigen Spin-offs wie FenX oder Oxara aus dem Umfeld der ETH, die von der Klimastiftung Schweiz gef\u00f6rdert wurden.&#8220; FenX verwandelt mineralische Abf\u00e4lle in leistungsstarke und nachhaltige D\u00e4mmstoffe f\u00fcr die Bauindustrie, Oxara entwickelt zementfreie Zusatzmittel und Bindemitteltechnologie, die das Upcycling von Bauschutt und Aushubmaterialien in einer Vielzahl von Beton und Blockanwendungen erm\u00f6glicht.<\/p>\n<p>Neue klimafreundliche Materialien und Baumethoden sind notwendig f\u00fcr die Klimaadaptation des Immobiliensektors, um die Net-Zero Ziele zu erreichen. Dazu sind Demonstratoren fundamental, um diese innovativen L\u00f6sungen marktf\u00e4hig und bekannt zu machen. In der Bauindustrie pilotieren heisst, dass man am real errichteten Geb\u00e4ude testet. Etwas das erste Mal anzuwenden ist mit einem Restrisiko und auch erh\u00f6htem Aufwand verbunden, weil Unternehmer noch keine \u00dcbung in der Herstellung und Verarbeitung neuer Materialien aufweisen. Zudem sind Bauherrschaften berechtigterweise skeptisch gegen\u00fcber Innovationen. Das kann aber abgefedert werden durch die Kooperation von BUK ETHZ und der Klimastiftung Schweiz: BUK ETHZ kann die Praktikabilit\u00e4t von Innovationen erg\u00e4nzend zur Klimastiftung Schweiz absch\u00e4tzen und damit das Restrisiko vermindern helfen. Die Stiftung kann zudem finanzielle Schwachpunkte innovativer Methoden und Materialien ausgleichen.<\/p>\n<p>Die Kooperation betrifft die Beurteilung der F\u00f6rderantr\u00e4ge, so wie die Bekanntmachung der F\u00f6rderm\u00f6glichkeiten und der gef\u00f6rderten Innovationen, um die Marktetablierung zu unterst\u00fctzen.\u00a0<\/p>\n<p><em>Quelle: <a href=\"https:\/\/www.klimastiftung.ch\/de\/\">www.klimastiftung.ch\u00a0<\/a><\/em><\/p>\n","protected":false},"excerpt":{"rendered":"<p>40% des Klimaproblems wird von Geb\u00e4uden verursacht. Um dem entgegenzutreten, tun sich zwei kompetente Player aus Forschung und Wirtschaft zusammen. Die Dozentur Bautechnologie und Konstruktion der ETH Z\u00fcrich (&#8222;BUK ETHZ&#8220;) und die Klimastiftung Schweiz kooperieren im Bereich F\u00f6rderung klimafreundlicher Baustoffe und Methoden. <\/p>\n","protected":false},"author":58,"featured_media":23161,"comment_status":"closed","ping_status":"closed","sticky":false,"template":"","format":"standard","meta":{"_acf_changed":false,"_yoast_wpseo_focuskw":"Klimastiftung","_yoast_wpseo_metadesc":"Die \"BUK ETHZ\" und die Klimastiftung Schweiz kooperieren im Bereich F\u00f6rderung klimafreundlicher Baustoffe und Methoden.","articlekey":"","footnotes":""},"categories":[580],"tags":[1526,313,1787,492],"class_list":["post-23158","post","type-post","status-publish","format-standard","has-post-thumbnail","hentry","category-sustainability","tag-klimastiftung-schweiz","tag-kooperation","tag-nachhaltigkeit","tag-unternehmen"],"acf":[],"yoast_head":"<!-- This site is optimized with the Yoast SEO plugin v27.5 - https:\/\/yoast.com\/product\/yoast-seo-wordpress\/ -->\n<title>Kooperation zwischen ETH Z\u00fcrich und Klimastiftung Schweiz - Organisator<\/title>\n<meta name=\"description\" content=\"Die &quot;BUK ETHZ&quot; und die Klimastiftung Schweiz kooperieren im Bereich F\u00f6rderung klimafreundlicher Baustoffe und Methoden.\" \/>\n<meta name=\"robots\" content=\"index, follow, max-snippet:-1, max-image-preview:large, max-video-preview:-1\" \/>\n<link rel=\"canonical\" href=\"https:\/\/www.organisator.ch\/de\/sustainability\/2023-11-14\/kooperation-zwischen-eth-zuerich-und-klimastiftung-schweiz\/\" \/>\n<meta property=\"og:locale\" content=\"de_DE\" \/>\n<meta property=\"og:type\" content=\"article\" \/>\n<meta property=\"og:title\" content=\"Kooperation zwischen ETH Z\u00fcrich und Klimastiftung Schweiz\" \/>\n<meta property=\"og:description\" content=\"Die &quot;BUK ETHZ&quot; und die Klimastiftung Schweiz kooperieren im Bereich F\u00f6rderung klimafreundlicher Baustoffe und Methoden.\" \/>\n<meta property=\"og:url\" content=\"https:\/\/www.organisator.ch\/de\/sustainability\/2023-11-14\/kooperation-zwischen-eth-zuerich-und-klimastiftung-schweiz\/\" \/>\n<meta property=\"og:site_name\" content=\"Organisator\" \/>\n<meta property=\"article:publisher\" content=\"https:\/\/www.facebook.com\/OrganisatorFachmagazin\" \/>\n<meta property=\"article:published_time\" content=\"2023-11-14T09:05:01+00:00\" \/>\n<meta property=\"og:image\" content=\"https:\/\/www.organisator.ch\/wp-content\/uploads\/2023\/11\/Klimastiftung_ETH_Bild2_ps.jpg\" \/>\n\t<meta property=\"og:image:width\" content=\"680\" \/>\n\t<meta property=\"og:image:height\" content=\"452\" \/>\n\t<meta property=\"og:image:type\" content=\"image\/jpeg\" \/>\n<meta name=\"author\" content=\"Adelisa Kalajdzini\" \/>\n<meta name=\"twitter:card\" content=\"summary_large_image\" \/>\n<meta name=\"twitter:title\" content=\"Kooperation zwischen ETH Z\u00fcrich und Klimastiftung Schweiz\" \/>\n<meta name=\"twitter:description\" content=\"Die #&quot;BUK ETHZ&quot; und die #Klimastiftung #Schweiz kooperieren im Bereich F\u00f6rderung #klimafreundlicher #Baustoffe und #Methoden.\" \/>\n<meta name=\"twitter:image\" content=\"https:\/\/www.organisator.ch\/wp-content\/uploads\/2023\/11\/Klimastiftung_ETH_Bild2_ps.jpg\" \/>\n<script type=\"application\/ld+json\" class=\"yoast-schema-graph\">{\"@context\":\"https:\\\/\\\/schema.org\",\"@graph\":[{\"@type\":\"Article\",\"@id\":\"https:\\\/\\\/www.organisator.ch\\\/sustainability\\\/2023-11-14\\\/kooperation-zwischen-eth-zuerich-und-klimastiftung-schweiz\\\/#article\",\"isPartOf\":{\"@id\":\"https:\\\/\\\/www.organisator.ch\\\/sustainability\\\/2023-11-14\\\/kooperation-zwischen-eth-zuerich-und-klimastiftung-schweiz\\\/\"},\"author\":{\"name\":\"Adelisa Kalajdzini\",\"@id\":\"https:\\\/\\\/www.organisator.ch\\\/#\\\/schema\\\/person\\\/2e1314a2172123f874db408d8911d3f3\"},\"headline\":\"Kooperation zwischen ETH Z\u00fcrich und Klimastiftung Schweiz\",\"datePublished\":\"2023-11-14T09:05:01+00:00\",\"mainEntityOfPage\":{\"@id\":\"https:\\\/\\\/www.organisator.ch\\\/sustainability\\\/2023-11-14\\\/kooperation-zwischen-eth-zuerich-und-klimastiftung-schweiz\\\/\"},\"wordCount\":398,\"publisher\":{\"@id\":\"https:\\\/\\\/www.organisator.ch\\\/#organization\"},\"image\":{\"@id\":\"https:\\\/\\\/www.organisator.ch\\\/sustainability\\\/2023-11-14\\\/kooperation-zwischen-eth-zuerich-und-klimastiftung-schweiz\\\/#primaryimage\"},\"thumbnailUrl\":\"https:\\\/\\\/www.organisator.ch\\\/wp-content\\\/uploads\\\/2023\\\/11\\\/Klimastiftung_ETH_Bild2_ps.jpg\",\"keywords\":[\"Klimastiftung Schweiz\",\"Kooperation\",\"Nachhaltigkeit\",\"Unternehmen\"],\"articleSection\":[\"SUSTAINABILITY\"],\"inLanguage\":\"de\"},{\"@type\":\"WebPage\",\"@id\":\"https:\\\/\\\/www.organisator.ch\\\/sustainability\\\/2023-11-14\\\/kooperation-zwischen-eth-zuerich-und-klimastiftung-schweiz\\\/\",\"url\":\"https:\\\/\\\/www.organisator.ch\\\/sustainability\\\/2023-11-14\\\/kooperation-zwischen-eth-zuerich-und-klimastiftung-schweiz\\\/\",\"name\":\"Kooperation zwischen ETH Z\u00fcrich und Klimastiftung Schweiz - Organisator\",\"isPartOf\":{\"@id\":\"https:\\\/\\\/www.organisator.ch\\\/#website\"},\"primaryImageOfPage\":{\"@id\":\"https:\\\/\\\/www.organisator.ch\\\/sustainability\\\/2023-11-14\\\/kooperation-zwischen-eth-zuerich-und-klimastiftung-schweiz\\\/#primaryimage\"},\"image\":{\"@id\":\"https:\\\/\\\/www.organisator.ch\\\/sustainability\\\/2023-11-14\\\/kooperation-zwischen-eth-zuerich-und-klimastiftung-schweiz\\\/#primaryimage\"},\"thumbnailUrl\":\"https:\\\/\\\/www.organisator.ch\\\/wp-content\\\/uploads\\\/2023\\\/11\\\/Klimastiftung_ETH_Bild2_ps.jpg\",\"datePublished\":\"2023-11-14T09:05:01+00:00\",\"description\":\"Die \\\"BUK ETHZ\\\" und die Klimastiftung Schweiz kooperieren im Bereich F\u00f6rderung klimafreundlicher Baustoffe und Methoden.\",\"breadcrumb\":{\"@id\":\"https:\\\/\\\/www.organisator.ch\\\/sustainability\\\/2023-11-14\\\/kooperation-zwischen-eth-zuerich-und-klimastiftung-schweiz\\\/#breadcrumb\"},\"inLanguage\":\"de\",\"potentialAction\":[{\"@type\":\"ReadAction\",\"target\":[\"https:\\\/\\\/www.organisator.ch\\\/sustainability\\\/2023-11-14\\\/kooperation-zwischen-eth-zuerich-und-klimastiftung-schweiz\\\/\"]}]},{\"@type\":\"ImageObject\",\"inLanguage\":\"de\",\"@id\":\"https:\\\/\\\/www.organisator.ch\\\/sustainability\\\/2023-11-14\\\/kooperation-zwischen-eth-zuerich-und-klimastiftung-schweiz\\\/#primaryimage\",\"url\":\"https:\\\/\\\/www.organisator.ch\\\/wp-content\\\/uploads\\\/2023\\\/11\\\/Klimastiftung_ETH_Bild2_ps.jpg\",\"contentUrl\":\"https:\\\/\\\/www.organisator.ch\\\/wp-content\\\/uploads\\\/2023\\\/11\\\/Klimastiftung_ETH_Bild2_ps.jpg\",\"width\":680,\"height\":452,\"caption\":\"Die \\\"BUK ETHZ\\\" und die Klimastiftung Schweiz kooperieren im Bereich F\u00f6rderung klimafreundlicher Baustoffe und Methoden. (Bild: www.depositphotos.com)\"},{\"@type\":\"BreadcrumbList\",\"@id\":\"https:\\\/\\\/www.organisator.ch\\\/sustainability\\\/2023-11-14\\\/kooperation-zwischen-eth-zuerich-und-klimastiftung-schweiz\\\/#breadcrumb\",\"itemListElement\":[{\"@type\":\"ListItem\",\"position\":1,\"name\":\"Home\",\"item\":\"https:\\\/\\\/www.organisator.ch\\\/\"},{\"@type\":\"ListItem\",\"position\":2,\"name\":\"Kooperation zwischen ETH Z\u00fcrich und Klimastiftung Schweiz\"}]},{\"@type\":\"WebSite\",\"@id\":\"https:\\\/\\\/www.organisator.ch\\\/#website\",\"url\":\"https:\\\/\\\/www.organisator.ch\\\/\",\"name\":\"Organisator\",\"description\":\"Kompetent. Praxisnah. Der ORGANISATOR bereitet in 10 Ausgaben pro Jahr die wesentlichen Themen f\u00fcr F\u00fchrungskr\u00e4fte von KMU auf.\",\"publisher\":{\"@id\":\"https:\\\/\\\/www.organisator.ch\\\/#organization\"},\"potentialAction\":[{\"@type\":\"SearchAction\",\"target\":{\"@type\":\"EntryPoint\",\"urlTemplate\":\"https:\\\/\\\/www.organisator.ch\\\/?s={search_term_string}\"},\"query-input\":{\"@type\":\"PropertyValueSpecification\",\"valueRequired\":true,\"valueName\":\"search_term_string\"}}],\"inLanguage\":\"de\"},{\"@type\":\"Organization\",\"@id\":\"https:\\\/\\\/www.organisator.ch\\\/#organization\",\"name\":\"Organisator\",\"url\":\"https:\\\/\\\/www.organisator.ch\\\/\",\"logo\":{\"@type\":\"ImageObject\",\"inLanguage\":\"de\",\"@id\":\"https:\\\/\\\/www.organisator.ch\\\/#\\\/schema\\\/logo\\\/image\\\/\",\"url\":\"https:\\\/\\\/www.organisator.ch\\\/wp-content\\\/uploads\\\/2022\\\/01\\\/Logo_Organisator_Website.png\",\"contentUrl\":\"https:\\\/\\\/www.organisator.ch\\\/wp-content\\\/uploads\\\/2022\\\/01\\\/Logo_Organisator_Website.png\",\"width\":800,\"height\":77,\"caption\":\"Organisator\"},\"image\":{\"@id\":\"https:\\\/\\\/www.organisator.ch\\\/#\\\/schema\\\/logo\\\/image\\\/\"},\"sameAs\":[\"https:\\\/\\\/www.facebook.com\\\/OrganisatorFachmagazin\",\"https:\\\/\\\/www.linkedin.com\\\/showcase\\\/organisator-das-magazin-fr-kmu\",\"https:\\\/\\\/www.xing.com\\\/news\\\/pages\\\/organisator-ch-695\",\"https:\\\/\\\/www.youtube.com\\\/channel\\\/UCGP2Sq0iWaZwT3BdIAQFYpw\"]},{\"@type\":\"Person\",\"@id\":\"https:\\\/\\\/www.organisator.ch\\\/#\\\/schema\\\/person\\\/2e1314a2172123f874db408d8911d3f3\",\"name\":\"Adelisa Kalajdzini\",\"image\":{\"@type\":\"ImageObject\",\"inLanguage\":\"de\",\"@id\":\"https:\\\/\\\/secure.gravatar.com\\\/avatar\\\/09a397c22ac58cad6f160ee8306348599df9df58a8ede73696226897b9fa4b24?s=96&d=mm&r=g\",\"url\":\"https:\\\/\\\/secure.gravatar.com\\\/avatar\\\/09a397c22ac58cad6f160ee8306348599df9df58a8ede73696226897b9fa4b24?s=96&d=mm&r=g\",\"contentUrl\":\"https:\\\/\\\/secure.gravatar.com\\\/avatar\\\/09a397c22ac58cad6f160ee8306348599df9df58a8ede73696226897b9fa4b24?s=96&d=mm&r=g\",\"caption\":\"Adelisa Kalajdzini\"},\"url\":\"https:\\\/\\\/www.organisator.ch\\\/de\\\/author\\\/adelisa-kalajdzini\\\/\"}]}<\/script>\n<!-- \/ Yoast SEO plugin. -->","yoast_head_json":{"title":"Kooperation zwischen ETH Z\u00fcrich und Klimastiftung Schweiz - Organisator","description":"Die \"BUK ETHZ\" und die Klimastiftung Schweiz kooperieren im Bereich F\u00f6rderung klimafreundlicher Baustoffe und Methoden.","robots":{"index":"index","follow":"follow","max-snippet":"max-snippet:-1","max-image-preview":"max-image-preview:large","max-video-preview":"max-video-preview:-1"},"canonical":"https:\/\/www.organisator.ch\/de\/sustainability\/2023-11-14\/kooperation-zwischen-eth-zuerich-und-klimastiftung-schweiz\/","og_locale":"de_DE","og_type":"article","og_title":"Kooperation zwischen ETH Z\u00fcrich und Klimastiftung Schweiz","og_description":"Die \"BUK ETHZ\" und die Klimastiftung Schweiz kooperieren im Bereich F\u00f6rderung klimafreundlicher Baustoffe und Methoden.","og_url":"https:\/\/www.organisator.ch\/de\/sustainability\/2023-11-14\/kooperation-zwischen-eth-zuerich-und-klimastiftung-schweiz\/","og_site_name":"Organisator","article_publisher":"https:\/\/www.facebook.com\/OrganisatorFachmagazin","article_published_time":"2023-11-14T09:05:01+00:00","og_image":[{"width":680,"height":452,"url":"https:\/\/www.organisator.ch\/wp-content\/uploads\/2023\/11\/Klimastiftung_ETH_Bild2_ps.jpg","type":"image\/jpeg"}],"author":"Adelisa Kalajdzini","twitter_card":"summary_large_image","twitter_title":"Kooperation zwischen ETH Z\u00fcrich und Klimastiftung Schweiz","twitter_description":"Die #\"BUK ETHZ\" und die #Klimastiftung #Schweiz kooperieren im Bereich F\u00f6rderung #klimafreundlicher #Baustoffe und #Methoden.","twitter_image":"https:\/\/www.organisator.ch\/wp-content\/uploads\/2023\/11\/Klimastiftung_ETH_Bild2_ps.jpg","schema":{"@context":"https:\/\/schema.org","@graph":[{"@type":"Article","@id":"https:\/\/www.organisator.ch\/sustainability\/2023-11-14\/kooperation-zwischen-eth-zuerich-und-klimastiftung-schweiz\/#article","isPartOf":{"@id":"https:\/\/www.organisator.ch\/sustainability\/2023-11-14\/kooperation-zwischen-eth-zuerich-und-klimastiftung-schweiz\/"},"author":{"name":"Adelisa Kalajdzini","@id":"https:\/\/www.organisator.ch\/#\/schema\/person\/2e1314a2172123f874db408d8911d3f3"},"headline":"Kooperation zwischen ETH Z\u00fcrich und Klimastiftung Schweiz","datePublished":"2023-11-14T09:05:01+00:00","mainEntityOfPage":{"@id":"https:\/\/www.organisator.ch\/sustainability\/2023-11-14\/kooperation-zwischen-eth-zuerich-und-klimastiftung-schweiz\/"},"wordCount":398,"publisher":{"@id":"https:\/\/www.organisator.ch\/#organization"},"image":{"@id":"https:\/\/www.organisator.ch\/sustainability\/2023-11-14\/kooperation-zwischen-eth-zuerich-und-klimastiftung-schweiz\/#primaryimage"},"thumbnailUrl":"https:\/\/www.organisator.ch\/wp-content\/uploads\/2023\/11\/Klimastiftung_ETH_Bild2_ps.jpg","keywords":["Klimastiftung Schweiz","Kooperation","Nachhaltigkeit","Unternehmen"],"articleSection":["SUSTAINABILITY"],"inLanguage":"de"},{"@type":"WebPage","@id":"https:\/\/www.organisator.ch\/sustainability\/2023-11-14\/kooperation-zwischen-eth-zuerich-und-klimastiftung-schweiz\/","url":"https:\/\/www.organisator.ch\/sustainability\/2023-11-14\/kooperation-zwischen-eth-zuerich-und-klimastiftung-schweiz\/","name":"Kooperation zwischen ETH Z\u00fcrich und Klimastiftung Schweiz - Organisator","isPartOf":{"@id":"https:\/\/www.organisator.ch\/#website"},"primaryImageOfPage":{"@id":"https:\/\/www.organisator.ch\/sustainability\/2023-11-14\/kooperation-zwischen-eth-zuerich-und-klimastiftung-schweiz\/#primaryimage"},"image":{"@id":"https:\/\/www.organisator.ch\/sustainability\/2023-11-14\/kooperation-zwischen-eth-zuerich-und-klimastiftung-schweiz\/#primaryimage"},"thumbnailUrl":"https:\/\/www.organisator.ch\/wp-content\/uploads\/2023\/11\/Klimastiftung_ETH_Bild2_ps.jpg","datePublished":"2023-11-14T09:05:01+00:00","description":"Die \"BUK ETHZ\" und die Klimastiftung Schweiz kooperieren im Bereich F\u00f6rderung klimafreundlicher Baustoffe und Methoden.","breadcrumb":{"@id":"https:\/\/www.organisator.ch\/sustainability\/2023-11-14\/kooperation-zwischen-eth-zuerich-und-klimastiftung-schweiz\/#breadcrumb"},"inLanguage":"de","potentialAction":[{"@type":"ReadAction","target":["https:\/\/www.organisator.ch\/sustainability\/2023-11-14\/kooperation-zwischen-eth-zuerich-und-klimastiftung-schweiz\/"]}]},{"@type":"ImageObject","inLanguage":"de","@id":"https:\/\/www.organisator.ch\/sustainability\/2023-11-14\/kooperation-zwischen-eth-zuerich-und-klimastiftung-schweiz\/#primaryimage","url":"https:\/\/www.organisator.ch\/wp-content\/uploads\/2023\/11\/Klimastiftung_ETH_Bild2_ps.jpg","contentUrl":"https:\/\/www.organisator.ch\/wp-content\/uploads\/2023\/11\/Klimastiftung_ETH_Bild2_ps.jpg","width":680,"height":452,"caption":"Die \"BUK ETHZ\" und die Klimastiftung Schweiz kooperieren im Bereich F\u00f6rderung klimafreundlicher Baustoffe und Methoden. (Bild: www.depositphotos.com)"},{"@type":"BreadcrumbList","@id":"https:\/\/www.organisator.ch\/sustainability\/2023-11-14\/kooperation-zwischen-eth-zuerich-und-klimastiftung-schweiz\/#breadcrumb","itemListElement":[{"@type":"ListItem","position":1,"name":"Home","item":"https:\/\/www.organisator.ch\/"},{"@type":"ListItem","position":2,"name":"Kooperation zwischen ETH Z\u00fcrich und Klimastiftung Schweiz"}]},{"@type":"WebSite","@id":"https:\/\/www.organisator.ch\/#website","url":"https:\/\/www.organisator.ch\/","name":"Organisator","description":"Kompetent. Praxisnah. Der ORGANISATOR bereitet in 10 Ausgaben pro Jahr die wesentlichen Themen f\u00fcr F\u00fchrungskr\u00e4fte von KMU auf.","publisher":{"@id":"https:\/\/www.organisator.ch\/#organization"},"potentialAction":[{"@type":"SearchAction","target":{"@type":"EntryPoint","urlTemplate":"https:\/\/www.organisator.ch\/?s={search_term_string}"},"query-input":{"@type":"PropertyValueSpecification","valueRequired":true,"valueName":"search_term_string"}}],"inLanguage":"de"},{"@type":"Organization","@id":"https:\/\/www.organisator.ch\/#organization","name":"Organisator","url":"https:\/\/www.organisator.ch\/","logo":{"@type":"ImageObject","inLanguage":"de","@id":"https:\/\/www.organisator.ch\/#\/schema\/logo\/image\/","url":"https:\/\/www.organisator.ch\/wp-content\/uploads\/2022\/01\/Logo_Organisator_Website.png","contentUrl":"https:\/\/www.organisator.ch\/wp-content\/uploads\/2022\/01\/Logo_Organisator_Website.png","width":800,"height":77,"caption":"Organisator"},"image":{"@id":"https:\/\/www.organisator.ch\/#\/schema\/logo\/image\/"},"sameAs":["https:\/\/www.facebook.com\/OrganisatorFachmagazin","https:\/\/www.linkedin.com\/showcase\/organisator-das-magazin-fr-kmu","https:\/\/www.xing.com\/news\/pages\/organisator-ch-695","https:\/\/www.youtube.com\/channel\/UCGP2Sq0iWaZwT3BdIAQFYpw"]},{"@type":"Person","@id":"https:\/\/www.organisator.ch\/#\/schema\/person\/2e1314a2172123f874db408d8911d3f3","name":"Adelisa Kalajdzini","image":{"@type":"ImageObject","inLanguage":"de","@id":"https:\/\/secure.gravatar.com\/avatar\/09a397c22ac58cad6f160ee8306348599df9df58a8ede73696226897b9fa4b24?s=96&d=mm&r=g","url":"https:\/\/secure.gravatar.com\/avatar\/09a397c22ac58cad6f160ee8306348599df9df58a8ede73696226897b9fa4b24?s=96&d=mm&r=g","contentUrl":"https:\/\/secure.gravatar.com\/avatar\/09a397c22ac58cad6f160ee8306348599df9df58a8ede73696226897b9fa4b24?s=96&d=mm&r=g","caption":"Adelisa Kalajdzini"},"url":"https:\/\/www.organisator.ch\/de\/author\/adelisa-kalajdzini\/"}]}},"_links":{"self":[{"href":"https:\/\/www.organisator.ch\/de\/wp-json\/wp\/v2\/posts\/23158","targetHints":{"allow":["GET"]}}],"collection":[{"href":"https:\/\/www.organisator.ch\/de\/wp-json\/wp\/v2\/posts"}],"about":[{"href":"https:\/\/www.organisator.ch\/de\/wp-json\/wp\/v2\/types\/post"}],"author":[{"embeddable":true,"href":"https:\/\/www.organisator.ch\/de\/wp-json\/wp\/v2\/users\/58"}],"replies":[{"embeddable":true,"href":"https:\/\/www.organisator.ch\/de\/wp-json\/wp\/v2\/comments?post=23158"}],"version-history":[{"count":7,"href":"https:\/\/www.organisator.ch\/de\/wp-json\/wp\/v2\/posts\/23158\/revisions"}],"predecessor-version":[{"id":23609,"href":"https:\/\/www.organisator.ch\/de\/wp-json\/wp\/v2\/posts\/23158\/revisions\/23609"}],"wp:featuredmedia":[{"embeddable":true,"href":"https:\/\/www.organisator.ch\/de\/wp-json\/wp\/v2\/media\/23161"}],"wp:attachment":[{"href":"https:\/\/www.organisator.ch\/de\/wp-json\/wp\/v2\/media?parent=23158"}],"wp:term":[{"taxonomy":"category","embeddable":true,"href":"https:\/\/www.organisator.ch\/de\/wp-json\/wp\/v2\/categories?post=23158"},{"taxonomy":"post_tag","embeddable":true,"href":"https:\/\/www.organisator.ch\/de\/wp-json\/wp\/v2\/tags?post=23158"}],"curies":[{"name":"wp","href":"https:\/\/api.w.org\/{rel}","templated":true}]}}