{"id":23186,"date":"2023-11-15T09:17:27","date_gmt":"2023-11-15T08:17:27","guid":{"rendered":"https:\/\/www.organisator.ch\/?p=23186"},"modified":"2023-12-04T16:24:18","modified_gmt":"2023-12-04T15:24:18","slug":"bertschi-ag-gewinnt-den-prix-svc-nordschweiz-2023","status":"publish","type":"post","link":"https:\/\/www.organisator.ch\/de\/management\/2023-11-15\/bertschi-ag-gewinnt-den-prix-svc-nordschweiz-2023\/","title":{"rendered":"Bertschi AG gewinnt den Prix SVC Nordschweiz 2023"},"content":{"rendered":"<figure id=\"attachment_23187\" aria-describedby=\"caption-attachment-23187\" style=\"width: 680px\" class=\"wp-caption alignnone\"><img loading=\"lazy\" decoding=\"async\" class=\"size-full wp-image-23187\" src=\"https:\/\/www.organisator.ch\/wp-content\/uploads\/2023\/11\/Bertschi-AG-gewinnt-den-Prix-SVC-Nordschweiz-2023-1_Organisator.jpg\" alt=\"\" width=\"680\" height=\"559\" srcset=\"https:\/\/www.organisator.ch\/wp-content\/uploads\/2023\/11\/Bertschi-AG-gewinnt-den-Prix-SVC-Nordschweiz-2023-1_Organisator.jpg 680w, https:\/\/www.organisator.ch\/wp-content\/uploads\/2023\/11\/Bertschi-AG-gewinnt-den-Prix-SVC-Nordschweiz-2023-1_Organisator-15x12.jpg 15w, https:\/\/www.organisator.ch\/wp-content\/uploads\/2023\/11\/Bertschi-AG-gewinnt-den-Prix-SVC-Nordschweiz-2023-1_Organisator-365x300.jpg 365w, https:\/\/www.organisator.ch\/wp-content\/uploads\/2023\/11\/Bertschi-AG-gewinnt-den-Prix-SVC-Nordschweiz-2023-1_Organisator-426x350.jpg 426w\" sizes=\"auto, (max-width: 680px) 100vw, 680px\" \/><figcaption id=\"caption-attachment-23187\" class=\"wp-caption-text\">Strahlendes Siegerunternehmen Bertschi AG: Hans-J\u00f6rg Bertschi stemmt die Troph\u00e4e des Prix SVC Nordschweiz in die H\u00f6he. SVC-Pr\u00e4sident Andreas Gerber applaudiert. (Bild: Thomas Berner)<\/figcaption><\/figure>\n<p>Vor \u00fcber 1000 G\u00e4sten wurde am 14. November 2023 in Basel zum 11. Mal der Prix SVC Nordschweiz vergeben. F\u00fcnf Preistr\u00e4ger konnten sich in einem mehrstufigen Selektionsprozess aus rund 100 Unternehmen der Region durchsetzen. Diese Finalisten \u2013 Bertschi AG, Infors HT, Schelling AG, St\u00f6cklin Logistik AG und die Wyniger-Gruppe \u2013 wurden in einer rund zweist\u00fcndigen Show in Videopr\u00e4sentationen und Kurzinterviews vorgestellt und schliesslich pr\u00e4miert.<\/p>\n<h3><strong>Erster Platz f\u00fcr Bertschi AG aus D\u00fcrren\u00e4sch<\/strong><\/h3>\n<p>Auf Rang 1 stand am Schluss die Bertschi AG, vertreten durch Verwaltungsratspr\u00e4sident Hans-J\u00f6rg Bertschi. Das Unternehmen ist Marktf\u00fchrer in der Logistikbranche, spezialisiert auf intermodale Dienstleistungen f\u00fcr die chemische Industrie. Weltweit 3&#8217;190 Mitarbeitende an 74 Standorten in 38 L\u00e4ndern, 30 eigene Intermodal-Terminals, 1\u2019000 Lastwagen und 43&#8217;200 Container: Die Bertschi Gruppe ist als Logistik-Dienstleister eine grosse Nummer. Die Bertschi Gruppe engagiert sich besonders im Bereich der Nachhaltigkeit. Durch die umweltschonende Bef\u00f6rderung der G\u00fcter auf der Bahn spart Bertschi j\u00e4hrlich CO2-Emissionen in der H\u00f6he von \u00fcber 300\u2019000 Tonnen im Vergleich zum reinen Strassentransport ein. F\u00fcr diesen Wert k\u00f6nnte ein PKW 1,5 Milliarden Kilometer zur\u00fccklegen, die Erde also 37\u2019000-mal umrunden. Robin Wasser, Jury- und OK-Mitglied, w\u00fcrdigte den Sieger in seiner Laudatio: \u00abDie Bertschi Gruppe hat sich in den letzten gut 60 Jahren durch gewaltige Pionierleistungen ausgezeichnet. Als erste Firma \u00fcberhaupt hat Bertschi, in Zusammenarbeit mit der SBB, Lastwagen auf die Bahn verladen und damit den Grundstein f\u00fcr den kombinierten G\u00fcterverkehr gelegt. Ein weiteres Highlight ist die Einweihung vom Zhangjiagang Chemie-Hub im Yangtze-Flussdelta in China, ein umfassender Hub f\u00fcr Chemie-Logistik. Was die Jury besonders \u00fcberzeugt hat, ist, dass Bertschi trotz den Erfolgen sich immer treu geblieben ist und die eigenen Wurzeln nie vergessen hat.\u00bb In seiner Dankesrede widmete Hans-J\u00f6rg Bertschi den Preis seinen Mitarbeitenden. Denn sie seien es letztlich welche den Erfolg der Firma ausmachen: \u00abDas ist euer Preis \u2013 ich nehme ihn hier stellvertretend entgegen.\u00bb<\/p>\n<figure id=\"attachment_23188\" aria-describedby=\"caption-attachment-23188\" style=\"width: 680px\" class=\"wp-caption alignnone\"><img loading=\"lazy\" decoding=\"async\" class=\"size-full wp-image-23188\" src=\"https:\/\/www.organisator.ch\/wp-content\/uploads\/2023\/11\/Bertschi-AG-gewinnt-den-Prix-SVC-Nordschweiz-2023-2_Organisator.jpg\" alt=\"\" width=\"680\" height=\"500\" srcset=\"https:\/\/www.organisator.ch\/wp-content\/uploads\/2023\/11\/Bertschi-AG-gewinnt-den-Prix-SVC-Nordschweiz-2023-2_Organisator.jpg 680w, https:\/\/www.organisator.ch\/wp-content\/uploads\/2023\/11\/Bertschi-AG-gewinnt-den-Prix-SVC-Nordschweiz-2023-2_Organisator-16x12.jpg 16w, https:\/\/www.organisator.ch\/wp-content\/uploads\/2023\/11\/Bertschi-AG-gewinnt-den-Prix-SVC-Nordschweiz-2023-2_Organisator-375x276.jpg 375w, https:\/\/www.organisator.ch\/wp-content\/uploads\/2023\/11\/Bertschi-AG-gewinnt-den-Prix-SVC-Nordschweiz-2023-2_Organisator-476x350.jpg 476w\" sizes=\"auto, (max-width: 680px) 100vw, 680px\" \/><figcaption id=\"caption-attachment-23188\" class=\"wp-caption-text\">Vertraten die f\u00fcnf Finalisten-Unternehmen (v.l.n.r.): Raphael Wyniger (Wyniger-Gruppe), Urs Gr\u00fctter (St\u00f6cklin Logistik AG), Beat M. Schelling (Schelling AG), Anja Hawrylenko (Infors HT) und Hans-J\u00f6rg Bertschi (Bertschi AG). (Bild: Thomas Berner)<\/figcaption><\/figure>\n<h3><strong>Wyniger Gruppe \u2013 Der Teufelhof Basel und St\u00f6cklin Logistik AG auf den Pl\u00e4tzen zwei und drei<\/strong><\/h3>\n<p>Der zweite Rang geht an die Wyniger Gruppe aus Basel-Stadt, die mit dem Gast- und Kulturhaus Teufelhof unabh\u00e4ngig Kunst und Kultur im Rahmen einer Selbstsubventionierung durch Hotel- und Restaurant betreibt. Die Gruppe w\u00e4chst rasant durch die Gr\u00fcndung eigener Unternehmen, Entwicklung eigener Produkte und Gesch\u00e4fts\u00fcbernahmen in einem hart umk\u00e4mpften Markt. Ziel der \u00dcbernahmen ist, eine st\u00e4rkere Unabh\u00e4ngigkeit entlang der Wertsch\u00f6pfungskette zu erreichen. Das inhabergef\u00fchrte Unternehmen besch\u00e4ftigt rund 500 Mitarbeitende und wird von Raphael Wyniger gef\u00fchrt. Er zeigte sich sichtlich stolz \u00fcber den zweiten Platz und verwies darauf, dass ein solcher Erfolg seiner Branche, die mit vielen Schwierigkeiten zu k\u00e4mpfen hat, gut tue.<\/p>\n<p>Bronze holt sich die Intralogistik-Dienstleisterin St\u00f6cklin Logistik AG aus Laufen, die seit 1934 eine kompetente Partnerin f\u00fcr innovative und kundenspezifische Logistikl\u00f6sungen weltweit ist. Als international erfahrener Systemintegrator begleitet St\u00f6cklin seine Kunden bei der Planung und Projektierung bis hin zur Lieferung schl\u00fcsselfertiger Gesamtsysteme im Bereich der Lagerlogistik und automatisierten Lagerverwaltung. So geh\u00f6rt etwa einer der gr\u00f6ssten Online-H\u00e4ndler der Schweiz zu den Kunden, und auch mit einem namhaften Unternehmen der Chemie-Branche wird derzeit ein hochmodernes Lagerhaus erstellt. Ziel der St\u00f6cklin Logistik AG ist es, Produkte m\u00f6glichst platzsparend zu lagern, zuverl\u00e4ssig zu verwalten und mit geringem Personalaufwand auf schnellstem Weg zu f\u00f6rdern und zu kommissionieren. Global sind rund 500 Angestellte f\u00fcr St\u00f6cklin aktiv. Geleitet wird das Unternehmen von Urs Gr\u00fctter als CEO &amp; VRP.<\/p>\n<figure id=\"attachment_23189\" aria-describedby=\"caption-attachment-23189\" style=\"width: 680px\" class=\"wp-caption alignnone\"><img loading=\"lazy\" decoding=\"async\" class=\"size-full wp-image-23189\" src=\"https:\/\/www.organisator.ch\/wp-content\/uploads\/2023\/11\/Bertschi-AG-gewinnt-den-Prix-SVC-Nordschweiz-2023-3_Organisator.jpg\" alt=\"\" width=\"680\" height=\"568\" srcset=\"https:\/\/www.organisator.ch\/wp-content\/uploads\/2023\/11\/Bertschi-AG-gewinnt-den-Prix-SVC-Nordschweiz-2023-3_Organisator.jpg 680w, https:\/\/www.organisator.ch\/wp-content\/uploads\/2023\/11\/Bertschi-AG-gewinnt-den-Prix-SVC-Nordschweiz-2023-3_Organisator-14x12.jpg 14w, https:\/\/www.organisator.ch\/wp-content\/uploads\/2023\/11\/Bertschi-AG-gewinnt-den-Prix-SVC-Nordschweiz-2023-3_Organisator-359x300.jpg 359w, https:\/\/www.organisator.ch\/wp-content\/uploads\/2023\/11\/Bertschi-AG-gewinnt-den-Prix-SVC-Nordschweiz-2023-3_Organisator-419x350.jpg 419w\" sizes=\"auto, (max-width: 680px) 100vw, 680px\" \/><figcaption id=\"caption-attachment-23189\" class=\"wp-caption-text\">Spannung vor der Preis\u00fcbergabe: Raphael Wyniger und Hans-J\u00f6rg Bertschi vor der definitiven Rangverk\u00fcndigung durch SVC-Pr\u00e4sident Andreas Gerber (Mitte). (Bild: Thomas Berner)<\/figcaption><\/figure>\n<h3><strong>Diplomr\u00e4nge gehen an die Infors HT und die Schelling AG<\/strong><\/h3>\n<p>Mit dem Diplomrang pr\u00e4miert wurde die Infors HT aus Bottmingen, ein weltweit renommierter Laborger\u00e4tehersteller. Von Inkubationssch\u00fcttlern \u00fcber Bioreaktoren bis hin zur Bioprozess-Software. Infors HT bietet innovative und praxisorientierte Produkte, die den Anforderungen moderner Labore gerecht werden und den Fortschritt in der Forschung und Entwicklung vorantreiben.<\/p>\n<p>Ebenfalls ausgezeichnet wurde die Traditionsunternehmung Schelling AG mit Hauptsitz in Rupperswil, welche anspruchsvolle Print-, Verpackungs- und Displayl\u00f6sungen aus nat\u00fcrlichen Rohstoffen f\u00fcr diverse Branchen entwickelt und herstellt. Beispiele sind 100% mikroplastikfreie Sachets und biologisch abbaubare Beutel. Das Unternehmen verf\u00fcgt \u00fcber f\u00fcnf Produktionsstandorte in der Schweiz und in Deutschland.<\/p>\n<h3><strong>Stelldichein der Wirtschaft<\/strong><\/h3>\n<p>Durch die Preisverleihung im Congress Center Basel f\u00fchrte Dani von Wattenwyl, und f\u00fcr G\u00e4nsehaut-Stimmung sorgte der Basler Newcomer ZIAN, der die Show mit zwei seiner gr\u00f6ssten Hits musikalisch umrahmte. Der Anlass bot den zahlreichen G\u00e4sten aus Wirtschaft, Wissenschaft, Politik und Medien Einblicke in das beeindruckende und vielf\u00e4ltige Unternehmertum der Region. Bernhard B. Fischer, SVC Regionenleiter Nordschweiz, betonte: \u00abDer heutige Abend war zum Feiern und W\u00fcrdigen der f\u00fcnf Finalisten, die seit Jahren oder sogar Generationen hart f\u00fcr die Region Nordschweiz und unser Schweizer Erfolgsmodell arbeiten.\u00bb<\/p>\n<p><em>Weitere Informationen: <a href=\"https:\/\/svc.swiss\/de\">Swiss Venture Club SVC<\/a><\/em><\/p>\n","protected":false},"excerpt":{"rendered":"<p>Gewinnerin des Prix SVC Nordschweiz 2023 ist die Spezialistin in Chemielogistik, die Bertschi AG aus D\u00fcrren\u00e4sch (AG). Als Pionierin im alpenquerenden, kombinierten Schieneng\u00fcterverkehr ist das global t\u00e4tige Familienunternehmen Vorreiterin, wenn es um Nachhaltigkeit und Sicherheit im Warentransport geht. Der zweite Platz geht an die Wyniger Gruppe &#8211; Der Teufelhof Basel AG mit Sitz in Basel-Stadt und den dritten Platz belegt die St\u00f6cklin Logistik AG aus Laufen. <\/p>\n","protected":false},"author":4,"featured_media":23187,"comment_status":"closed","ping_status":"closed","sticky":false,"template":"","format":"standard","meta":{"_acf_changed":false,"_yoast_wpseo_focuskw":"Bertschi AG","_yoast_wpseo_metadesc":"Gewinnerin des Prix SVC Nordschweiz 2023 ist die Spezialistin in Chemielogistik, die Bertschi AG aus D\u00fcrren\u00e4sch (AG).","articlekey":"","footnotes":""},"categories":[28],"tags":[66,3877,492],"class_list":["post-23186","post","type-post","status-publish","format-standard","has-post-thumbnail","hentry","category-management","tag-awards","tag-prix-svc-nordschweiz","tag-unternehmen"],"acf":[],"yoast_head":"<!-- This site is optimized with the Yoast SEO plugin v27.5 - https:\/\/yoast.com\/product\/yoast-seo-wordpress\/ -->\n<title>Bertschi AG gewinnt den Prix SVC Nordschweiz 2023 - Organisator<\/title>\n<meta name=\"description\" content=\"Gewinnerin des Prix SVC Nordschweiz 2023 ist die Spezialistin in Chemielogistik, die Bertschi AG aus D\u00fcrren\u00e4sch (AG).\" \/>\n<meta name=\"robots\" content=\"index, follow, max-snippet:-1, max-image-preview:large, max-video-preview:-1\" \/>\n<link rel=\"canonical\" href=\"https:\/\/www.organisator.ch\/de\/management\/2023-11-15\/bertschi-ag-gewinnt-den-prix-svc-nordschweiz-2023\/\" \/>\n<meta property=\"og:locale\" content=\"de_DE\" \/>\n<meta property=\"og:type\" content=\"article\" \/>\n<meta property=\"og:title\" content=\"Bertschi AG gewinnt den Prix SVC Nordschweiz 2023\" \/>\n<meta property=\"og:description\" content=\"Gewinnerin des Prix SVC Nordschweiz 2023 ist die Spezialistin in Chemielogistik, die Bertschi AG aus D\u00fcrren\u00e4sch (AG).\" \/>\n<meta property=\"og:url\" content=\"https:\/\/www.organisator.ch\/de\/management\/2023-11-15\/bertschi-ag-gewinnt-den-prix-svc-nordschweiz-2023\/\" \/>\n<meta property=\"og:site_name\" content=\"Organisator\" \/>\n<meta property=\"article:publisher\" content=\"https:\/\/www.facebook.com\/OrganisatorFachmagazin\" \/>\n<meta property=\"article:published_time\" content=\"2023-11-15T08:17:27+00:00\" \/>\n<meta property=\"article:modified_time\" content=\"2023-12-04T15:24:18+00:00\" \/>\n<meta property=\"og:image\" content=\"https:\/\/www.organisator.ch\/wp-content\/uploads\/2023\/11\/Bertschi-AG-gewinnt-den-Prix-SVC-Nordschweiz-2023-1_Organisator.jpg\" \/>\n\t<meta property=\"og:image:width\" content=\"680\" \/>\n\t<meta property=\"og:image:height\" content=\"559\" \/>\n\t<meta property=\"og:image:type\" content=\"image\/jpeg\" \/>\n<meta name=\"author\" content=\"thomas.berner\" \/>\n<meta name=\"twitter:card\" content=\"summary_large_image\" \/>\n<meta name=\"twitter:title\" content=\"#Bertschi AG gewinnt den Prix SVC #Nordschweiz 2023\" \/>\n<meta name=\"twitter:description\" content=\"Gewinnerin des Prix SVC #Nordschweiz 2023 ist die #Spezialistin in #Chemielogistik, die #Bertschi AG aus #D\u00fcrren\u00e4sch (AG).\" \/>\n<meta name=\"twitter:image\" content=\"https:\/\/www.organisator.ch\/wp-content\/uploads\/2023\/11\/Bertschi-AG-gewinnt-den-Prix-SVC-Nordschweiz-2023-1_Organisator.jpg\" \/>\n<script type=\"application\/ld+json\" class=\"yoast-schema-graph\">{\"@context\":\"https:\\\/\\\/schema.org\",\"@graph\":[{\"@type\":\"Article\",\"@id\":\"https:\\\/\\\/www.organisator.ch\\\/management\\\/2023-11-15\\\/bertschi-ag-gewinnt-den-prix-svc-nordschweiz-2023\\\/#article\",\"isPartOf\":{\"@id\":\"https:\\\/\\\/www.organisator.ch\\\/management\\\/2023-11-15\\\/bertschi-ag-gewinnt-den-prix-svc-nordschweiz-2023\\\/\"},\"author\":{\"name\":\"thomas.berner\",\"@id\":\"https:\\\/\\\/www.organisator.ch\\\/#\\\/schema\\\/person\\\/6f650f90b2842cd4c0cc334b4e36f67e\"},\"headline\":\"Bertschi AG gewinnt den Prix SVC Nordschweiz 2023\",\"datePublished\":\"2023-11-15T08:17:27+00:00\",\"dateModified\":\"2023-12-04T15:24:18+00:00\",\"mainEntityOfPage\":{\"@id\":\"https:\\\/\\\/www.organisator.ch\\\/management\\\/2023-11-15\\\/bertschi-ag-gewinnt-den-prix-svc-nordschweiz-2023\\\/\"},\"wordCount\":905,\"publisher\":{\"@id\":\"https:\\\/\\\/www.organisator.ch\\\/#organization\"},\"image\":{\"@id\":\"https:\\\/\\\/www.organisator.ch\\\/management\\\/2023-11-15\\\/bertschi-ag-gewinnt-den-prix-svc-nordschweiz-2023\\\/#primaryimage\"},\"thumbnailUrl\":\"https:\\\/\\\/www.organisator.ch\\\/wp-content\\\/uploads\\\/2023\\\/11\\\/Bertschi-AG-gewinnt-den-Prix-SVC-Nordschweiz-2023-1_Organisator.jpg\",\"keywords\":[\"Awards\",\"Prix SVC Nordschweiz\",\"Unternehmen\"],\"articleSection\":[\"MANAGEMENT\"],\"inLanguage\":\"de\"},{\"@type\":\"WebPage\",\"@id\":\"https:\\\/\\\/www.organisator.ch\\\/management\\\/2023-11-15\\\/bertschi-ag-gewinnt-den-prix-svc-nordschweiz-2023\\\/\",\"url\":\"https:\\\/\\\/www.organisator.ch\\\/management\\\/2023-11-15\\\/bertschi-ag-gewinnt-den-prix-svc-nordschweiz-2023\\\/\",\"name\":\"Bertschi AG gewinnt den Prix SVC Nordschweiz 2023 - Organisator\",\"isPartOf\":{\"@id\":\"https:\\\/\\\/www.organisator.ch\\\/#website\"},\"primaryImageOfPage\":{\"@id\":\"https:\\\/\\\/www.organisator.ch\\\/management\\\/2023-11-15\\\/bertschi-ag-gewinnt-den-prix-svc-nordschweiz-2023\\\/#primaryimage\"},\"image\":{\"@id\":\"https:\\\/\\\/www.organisator.ch\\\/management\\\/2023-11-15\\\/bertschi-ag-gewinnt-den-prix-svc-nordschweiz-2023\\\/#primaryimage\"},\"thumbnailUrl\":\"https:\\\/\\\/www.organisator.ch\\\/wp-content\\\/uploads\\\/2023\\\/11\\\/Bertschi-AG-gewinnt-den-Prix-SVC-Nordschweiz-2023-1_Organisator.jpg\",\"datePublished\":\"2023-11-15T08:17:27+00:00\",\"dateModified\":\"2023-12-04T15:24:18+00:00\",\"description\":\"Gewinnerin des Prix SVC Nordschweiz 2023 ist die Spezialistin in Chemielogistik, die Bertschi AG aus D\u00fcrren\u00e4sch (AG).\",\"breadcrumb\":{\"@id\":\"https:\\\/\\\/www.organisator.ch\\\/management\\\/2023-11-15\\\/bertschi-ag-gewinnt-den-prix-svc-nordschweiz-2023\\\/#breadcrumb\"},\"inLanguage\":\"de\",\"potentialAction\":[{\"@type\":\"ReadAction\",\"target\":[\"https:\\\/\\\/www.organisator.ch\\\/management\\\/2023-11-15\\\/bertschi-ag-gewinnt-den-prix-svc-nordschweiz-2023\\\/\"]}]},{\"@type\":\"ImageObject\",\"inLanguage\":\"de\",\"@id\":\"https:\\\/\\\/www.organisator.ch\\\/management\\\/2023-11-15\\\/bertschi-ag-gewinnt-den-prix-svc-nordschweiz-2023\\\/#primaryimage\",\"url\":\"https:\\\/\\\/www.organisator.ch\\\/wp-content\\\/uploads\\\/2023\\\/11\\\/Bertschi-AG-gewinnt-den-Prix-SVC-Nordschweiz-2023-1_Organisator.jpg\",\"contentUrl\":\"https:\\\/\\\/www.organisator.ch\\\/wp-content\\\/uploads\\\/2023\\\/11\\\/Bertschi-AG-gewinnt-den-Prix-SVC-Nordschweiz-2023-1_Organisator.jpg\",\"width\":680,\"height\":559,\"caption\":\"Strahlender Sieger: Hans-J\u00f6rg Bertschi stemmt die Troph\u00e4e des Prix SVC Nordschweiz in die H\u00f6he. SVC-Pr\u00e4sident Andreas Gerber applaudiert. (Bild: Thomas Berner)\"},{\"@type\":\"BreadcrumbList\",\"@id\":\"https:\\\/\\\/www.organisator.ch\\\/management\\\/2023-11-15\\\/bertschi-ag-gewinnt-den-prix-svc-nordschweiz-2023\\\/#breadcrumb\",\"itemListElement\":[{\"@type\":\"ListItem\",\"position\":1,\"name\":\"Home\",\"item\":\"https:\\\/\\\/www.organisator.ch\\\/\"},{\"@type\":\"ListItem\",\"position\":2,\"name\":\"Bertschi AG gewinnt den Prix SVC Nordschweiz 2023\"}]},{\"@type\":\"WebSite\",\"@id\":\"https:\\\/\\\/www.organisator.ch\\\/#website\",\"url\":\"https:\\\/\\\/www.organisator.ch\\\/\",\"name\":\"Organisator\",\"description\":\"Kompetent. Praxisnah. Der ORGANISATOR bereitet in 10 Ausgaben pro Jahr die wesentlichen Themen f\u00fcr F\u00fchrungskr\u00e4fte von KMU auf.\",\"publisher\":{\"@id\":\"https:\\\/\\\/www.organisator.ch\\\/#organization\"},\"potentialAction\":[{\"@type\":\"SearchAction\",\"target\":{\"@type\":\"EntryPoint\",\"urlTemplate\":\"https:\\\/\\\/www.organisator.ch\\\/?s={search_term_string}\"},\"query-input\":{\"@type\":\"PropertyValueSpecification\",\"valueRequired\":true,\"valueName\":\"search_term_string\"}}],\"inLanguage\":\"de\"},{\"@type\":\"Organization\",\"@id\":\"https:\\\/\\\/www.organisator.ch\\\/#organization\",\"name\":\"Organisator\",\"url\":\"https:\\\/\\\/www.organisator.ch\\\/\",\"logo\":{\"@type\":\"ImageObject\",\"inLanguage\":\"de\",\"@id\":\"https:\\\/\\\/www.organisator.ch\\\/#\\\/schema\\\/logo\\\/image\\\/\",\"url\":\"https:\\\/\\\/www.organisator.ch\\\/wp-content\\\/uploads\\\/2022\\\/01\\\/Logo_Organisator_Website.png\",\"contentUrl\":\"https:\\\/\\\/www.organisator.ch\\\/wp-content\\\/uploads\\\/2022\\\/01\\\/Logo_Organisator_Website.png\",\"width\":800,\"height\":77,\"caption\":\"Organisator\"},\"image\":{\"@id\":\"https:\\\/\\\/www.organisator.ch\\\/#\\\/schema\\\/logo\\\/image\\\/\"},\"sameAs\":[\"https:\\\/\\\/www.facebook.com\\\/OrganisatorFachmagazin\",\"https:\\\/\\\/www.linkedin.com\\\/showcase\\\/organisator-das-magazin-fr-kmu\",\"https:\\\/\\\/www.xing.com\\\/news\\\/pages\\\/organisator-ch-695\",\"https:\\\/\\\/www.youtube.com\\\/channel\\\/UCGP2Sq0iWaZwT3BdIAQFYpw\"]},{\"@type\":\"Person\",\"@id\":\"https:\\\/\\\/www.organisator.ch\\\/#\\\/schema\\\/person\\\/6f650f90b2842cd4c0cc334b4e36f67e\",\"name\":\"thomas.berner\",\"image\":{\"@type\":\"ImageObject\",\"inLanguage\":\"de\",\"@id\":\"https:\\\/\\\/secure.gravatar.com\\\/avatar\\\/ac5001d2a36cb6c6cd3e50789007ffca834b477b74a2144564522e944eabff61?s=96&d=mm&r=g\",\"url\":\"https:\\\/\\\/secure.gravatar.com\\\/avatar\\\/ac5001d2a36cb6c6cd3e50789007ffca834b477b74a2144564522e944eabff61?s=96&d=mm&r=g\",\"contentUrl\":\"https:\\\/\\\/secure.gravatar.com\\\/avatar\\\/ac5001d2a36cb6c6cd3e50789007ffca834b477b74a2144564522e944eabff61?s=96&d=mm&r=g\",\"caption\":\"thomas.berner\"},\"url\":\"https:\\\/\\\/www.organisator.ch\\\/de\\\/author\\\/thomas-berner\\\/\"}]}<\/script>\n<!-- \/ Yoast SEO plugin. -->","yoast_head_json":{"title":"Bertschi AG gewinnt den Prix SVC Nordschweiz 2023 - Organisator","description":"Gewinnerin des Prix SVC Nordschweiz 2023 ist die Spezialistin in Chemielogistik, die Bertschi AG aus D\u00fcrren\u00e4sch (AG).","robots":{"index":"index","follow":"follow","max-snippet":"max-snippet:-1","max-image-preview":"max-image-preview:large","max-video-preview":"max-video-preview:-1"},"canonical":"https:\/\/www.organisator.ch\/de\/management\/2023-11-15\/bertschi-ag-gewinnt-den-prix-svc-nordschweiz-2023\/","og_locale":"de_DE","og_type":"article","og_title":"Bertschi AG gewinnt den Prix SVC Nordschweiz 2023","og_description":"Gewinnerin des Prix SVC Nordschweiz 2023 ist die Spezialistin in Chemielogistik, die Bertschi AG aus D\u00fcrren\u00e4sch (AG).","og_url":"https:\/\/www.organisator.ch\/de\/management\/2023-11-15\/bertschi-ag-gewinnt-den-prix-svc-nordschweiz-2023\/","og_site_name":"Organisator","article_publisher":"https:\/\/www.facebook.com\/OrganisatorFachmagazin","article_published_time":"2023-11-15T08:17:27+00:00","article_modified_time":"2023-12-04T15:24:18+00:00","og_image":[{"width":680,"height":559,"url":"https:\/\/www.organisator.ch\/wp-content\/uploads\/2023\/11\/Bertschi-AG-gewinnt-den-Prix-SVC-Nordschweiz-2023-1_Organisator.jpg","type":"image\/jpeg"}],"author":"thomas.berner","twitter_card":"summary_large_image","twitter_title":"#Bertschi AG gewinnt den Prix SVC #Nordschweiz 2023","twitter_description":"Gewinnerin des Prix SVC #Nordschweiz 2023 ist die #Spezialistin in #Chemielogistik, die #Bertschi AG aus #D\u00fcrren\u00e4sch (AG).","twitter_image":"https:\/\/www.organisator.ch\/wp-content\/uploads\/2023\/11\/Bertschi-AG-gewinnt-den-Prix-SVC-Nordschweiz-2023-1_Organisator.jpg","schema":{"@context":"https:\/\/schema.org","@graph":[{"@type":"Article","@id":"https:\/\/www.organisator.ch\/management\/2023-11-15\/bertschi-ag-gewinnt-den-prix-svc-nordschweiz-2023\/#article","isPartOf":{"@id":"https:\/\/www.organisator.ch\/management\/2023-11-15\/bertschi-ag-gewinnt-den-prix-svc-nordschweiz-2023\/"},"author":{"name":"thomas.berner","@id":"https:\/\/www.organisator.ch\/#\/schema\/person\/6f650f90b2842cd4c0cc334b4e36f67e"},"headline":"Bertschi AG gewinnt den Prix SVC Nordschweiz 2023","datePublished":"2023-11-15T08:17:27+00:00","dateModified":"2023-12-04T15:24:18+00:00","mainEntityOfPage":{"@id":"https:\/\/www.organisator.ch\/management\/2023-11-15\/bertschi-ag-gewinnt-den-prix-svc-nordschweiz-2023\/"},"wordCount":905,"publisher":{"@id":"https:\/\/www.organisator.ch\/#organization"},"image":{"@id":"https:\/\/www.organisator.ch\/management\/2023-11-15\/bertschi-ag-gewinnt-den-prix-svc-nordschweiz-2023\/#primaryimage"},"thumbnailUrl":"https:\/\/www.organisator.ch\/wp-content\/uploads\/2023\/11\/Bertschi-AG-gewinnt-den-Prix-SVC-Nordschweiz-2023-1_Organisator.jpg","keywords":["Awards","Prix SVC Nordschweiz","Unternehmen"],"articleSection":["MANAGEMENT"],"inLanguage":"de"},{"@type":"WebPage","@id":"https:\/\/www.organisator.ch\/management\/2023-11-15\/bertschi-ag-gewinnt-den-prix-svc-nordschweiz-2023\/","url":"https:\/\/www.organisator.ch\/management\/2023-11-15\/bertschi-ag-gewinnt-den-prix-svc-nordschweiz-2023\/","name":"Bertschi AG gewinnt den Prix SVC Nordschweiz 2023 - Organisator","isPartOf":{"@id":"https:\/\/www.organisator.ch\/#website"},"primaryImageOfPage":{"@id":"https:\/\/www.organisator.ch\/management\/2023-11-15\/bertschi-ag-gewinnt-den-prix-svc-nordschweiz-2023\/#primaryimage"},"image":{"@id":"https:\/\/www.organisator.ch\/management\/2023-11-15\/bertschi-ag-gewinnt-den-prix-svc-nordschweiz-2023\/#primaryimage"},"thumbnailUrl":"https:\/\/www.organisator.ch\/wp-content\/uploads\/2023\/11\/Bertschi-AG-gewinnt-den-Prix-SVC-Nordschweiz-2023-1_Organisator.jpg","datePublished":"2023-11-15T08:17:27+00:00","dateModified":"2023-12-04T15:24:18+00:00","description":"Gewinnerin des Prix SVC Nordschweiz 2023 ist die Spezialistin in Chemielogistik, die Bertschi AG aus D\u00fcrren\u00e4sch (AG).","breadcrumb":{"@id":"https:\/\/www.organisator.ch\/management\/2023-11-15\/bertschi-ag-gewinnt-den-prix-svc-nordschweiz-2023\/#breadcrumb"},"inLanguage":"de","potentialAction":[{"@type":"ReadAction","target":["https:\/\/www.organisator.ch\/management\/2023-11-15\/bertschi-ag-gewinnt-den-prix-svc-nordschweiz-2023\/"]}]},{"@type":"ImageObject","inLanguage":"de","@id":"https:\/\/www.organisator.ch\/management\/2023-11-15\/bertschi-ag-gewinnt-den-prix-svc-nordschweiz-2023\/#primaryimage","url":"https:\/\/www.organisator.ch\/wp-content\/uploads\/2023\/11\/Bertschi-AG-gewinnt-den-Prix-SVC-Nordschweiz-2023-1_Organisator.jpg","contentUrl":"https:\/\/www.organisator.ch\/wp-content\/uploads\/2023\/11\/Bertschi-AG-gewinnt-den-Prix-SVC-Nordschweiz-2023-1_Organisator.jpg","width":680,"height":559,"caption":"Strahlender Sieger: Hans-J\u00f6rg Bertschi stemmt die Troph\u00e4e des Prix SVC Nordschweiz in die H\u00f6he. SVC-Pr\u00e4sident Andreas Gerber applaudiert. (Bild: Thomas Berner)"},{"@type":"BreadcrumbList","@id":"https:\/\/www.organisator.ch\/management\/2023-11-15\/bertschi-ag-gewinnt-den-prix-svc-nordschweiz-2023\/#breadcrumb","itemListElement":[{"@type":"ListItem","position":1,"name":"Home","item":"https:\/\/www.organisator.ch\/"},{"@type":"ListItem","position":2,"name":"Bertschi AG gewinnt den Prix SVC Nordschweiz 2023"}]},{"@type":"WebSite","@id":"https:\/\/www.organisator.ch\/#website","url":"https:\/\/www.organisator.ch\/","name":"Organisator","description":"Kompetent. Praxisnah. Der ORGANISATOR bereitet in 10 Ausgaben pro Jahr die wesentlichen Themen f\u00fcr F\u00fchrungskr\u00e4fte von KMU auf.","publisher":{"@id":"https:\/\/www.organisator.ch\/#organization"},"potentialAction":[{"@type":"SearchAction","target":{"@type":"EntryPoint","urlTemplate":"https:\/\/www.organisator.ch\/?s={search_term_string}"},"query-input":{"@type":"PropertyValueSpecification","valueRequired":true,"valueName":"search_term_string"}}],"inLanguage":"de"},{"@type":"Organization","@id":"https:\/\/www.organisator.ch\/#organization","name":"Organisator","url":"https:\/\/www.organisator.ch\/","logo":{"@type":"ImageObject","inLanguage":"de","@id":"https:\/\/www.organisator.ch\/#\/schema\/logo\/image\/","url":"https:\/\/www.organisator.ch\/wp-content\/uploads\/2022\/01\/Logo_Organisator_Website.png","contentUrl":"https:\/\/www.organisator.ch\/wp-content\/uploads\/2022\/01\/Logo_Organisator_Website.png","width":800,"height":77,"caption":"Organisator"},"image":{"@id":"https:\/\/www.organisator.ch\/#\/schema\/logo\/image\/"},"sameAs":["https:\/\/www.facebook.com\/OrganisatorFachmagazin","https:\/\/www.linkedin.com\/showcase\/organisator-das-magazin-fr-kmu","https:\/\/www.xing.com\/news\/pages\/organisator-ch-695","https:\/\/www.youtube.com\/channel\/UCGP2Sq0iWaZwT3BdIAQFYpw"]},{"@type":"Person","@id":"https:\/\/www.organisator.ch\/#\/schema\/person\/6f650f90b2842cd4c0cc334b4e36f67e","name":"thomas.berner","image":{"@type":"ImageObject","inLanguage":"de","@id":"https:\/\/secure.gravatar.com\/avatar\/ac5001d2a36cb6c6cd3e50789007ffca834b477b74a2144564522e944eabff61?s=96&d=mm&r=g","url":"https:\/\/secure.gravatar.com\/avatar\/ac5001d2a36cb6c6cd3e50789007ffca834b477b74a2144564522e944eabff61?s=96&d=mm&r=g","contentUrl":"https:\/\/secure.gravatar.com\/avatar\/ac5001d2a36cb6c6cd3e50789007ffca834b477b74a2144564522e944eabff61?s=96&d=mm&r=g","caption":"thomas.berner"},"url":"https:\/\/www.organisator.ch\/de\/author\/thomas-berner\/"}]}},"_links":{"self":[{"href":"https:\/\/www.organisator.ch\/de\/wp-json\/wp\/v2\/posts\/23186","targetHints":{"allow":["GET"]}}],"collection":[{"href":"https:\/\/www.organisator.ch\/de\/wp-json\/wp\/v2\/posts"}],"about":[{"href":"https:\/\/www.organisator.ch\/de\/wp-json\/wp\/v2\/types\/post"}],"author":[{"embeddable":true,"href":"https:\/\/www.organisator.ch\/de\/wp-json\/wp\/v2\/users\/4"}],"replies":[{"embeddable":true,"href":"https:\/\/www.organisator.ch\/de\/wp-json\/wp\/v2\/comments?post=23186"}],"version-history":[{"count":1,"href":"https:\/\/www.organisator.ch\/de\/wp-json\/wp\/v2\/posts\/23186\/revisions"}],"predecessor-version":[{"id":23190,"href":"https:\/\/www.organisator.ch\/de\/wp-json\/wp\/v2\/posts\/23186\/revisions\/23190"}],"wp:featuredmedia":[{"embeddable":true,"href":"https:\/\/www.organisator.ch\/de\/wp-json\/wp\/v2\/media\/23187"}],"wp:attachment":[{"href":"https:\/\/www.organisator.ch\/de\/wp-json\/wp\/v2\/media?parent=23186"}],"wp:term":[{"taxonomy":"category","embeddable":true,"href":"https:\/\/www.organisator.ch\/de\/wp-json\/wp\/v2\/categories?post=23186"},{"taxonomy":"post_tag","embeddable":true,"href":"https:\/\/www.organisator.ch\/de\/wp-json\/wp\/v2\/tags?post=23186"}],"curies":[{"name":"wp","href":"https:\/\/api.w.org\/{rel}","templated":true}]}}