{"id":23219,"date":"2023-11-17T04:55:11","date_gmt":"2023-11-17T03:55:11","guid":{"rendered":"https:\/\/www.organisator.ch\/?p=23219"},"modified":"2023-11-16T10:55:48","modified_gmt":"2023-11-16T09:55:48","slug":"swissmem-2023-die-industrierezession-hat-die-tech-industrie-erreicht","status":"publish","type":"post","link":"https:\/\/www.organisator.ch\/de\/management\/2023-11-17\/swissmem-2023-die-industrierezession-hat-die-tech-industrie-erreicht\/","title":{"rendered":"Swissmem 2023: Die Industrierezession hat die Tech-Industrie erreicht"},"content":{"rendered":"<figure id=\"attachment_23220\" aria-describedby=\"caption-attachment-23220\" style=\"width: 680px\" class=\"wp-caption alignnone\"><img loading=\"lazy\" decoding=\"async\" class=\"size-full wp-image-23220\" src=\"https:\/\/www.organisator.ch\/wp-content\/uploads\/2023\/11\/Swissmem_Bild1_ps.unsplash.jpg\" alt=\"\" width=\"680\" height=\"453\" srcset=\"https:\/\/www.organisator.ch\/wp-content\/uploads\/2023\/11\/Swissmem_Bild1_ps.unsplash.jpg 680w, https:\/\/www.organisator.ch\/wp-content\/uploads\/2023\/11\/Swissmem_Bild1_ps.unsplash-18x12.jpg 18w, https:\/\/www.organisator.ch\/wp-content\/uploads\/2023\/11\/Swissmem_Bild1_ps.unsplash-375x250.jpg 375w, https:\/\/www.organisator.ch\/wp-content\/uploads\/2023\/11\/Swissmem_Bild1_ps.unsplash-525x350.jpg 525w\" sizes=\"auto, (max-width: 680px) 100vw, 680px\" \/><figcaption id=\"caption-attachment-23220\" class=\"wp-caption-text\">Die Auftragseing\u00e4nge in der Schweizer Tech-Industrie sanken im dritten Quartal 2023 im Vergleich zum Vorjahresquartal um -10,5 Prozent. (Bild: www.unsplash.com)<\/figcaption><\/figure>\n<p>Die weltweit teils sehr tiefen Werte des Einkaufsmanagerindexes (PMI) deuten darauf hin, dass sich der Abschwung in den n\u00e4chsten Monaten fortsetzen wird. Die hohen Zinsen in den wichtigen Absatzm\u00e4rkten d\u00e4mpfen die Nachfrage nach Investitionsg\u00fctern und der permanente Aufwertungsdruck auf den Schweizer Franken dr\u00fcckt auf die Margen. Die Tech-Industrie befindet sich in einem zyklischen Abschwung. In solchen rezessiven Phasen sind gute Rahmenbedingungen noch wichtiger als sonst. Den Unternehmen d\u00fcrfen daher keine zus\u00e4tzlichen Belastungen aufgeb\u00fcrdet werden. Im Interesse der Arbeitspl\u00e4tze braucht es auch Zur\u00fcckhaltung bei den Lohnforderungen.<\/p>\n<p>Die Auftragseing\u00e4nge in der Schweizer Tech-Industrie sanken im dritten Quartal 2023 im Vergleich zum Vorjahresquartal um -10,5 Prozent. \u00dcber die gesamten ersten neun Monate betrachtet, gingen die Bestellungen gegen\u00fcber der Vorjahresperiode um -9,9 Prozent zur\u00fcck. Die negative Gesch\u00e4ftsentwicklung machte sich im dritten Quartal auch bei den Ums\u00e4tzen bemerkbar. Sie reduzierten sich im Vergleich zum Vorjahr um -1,5 Prozent. Insgesamt stagnierten die Ums\u00e4tze in den ersten neun Monaten 2023 auf Vorjahresniveau (-0,1%). Die Kapazit\u00e4tsauslastung in den Betrieben lag im dritten Quartal 2023 mit 87,7 Prozent zwar noch leicht \u00fcber dem langj\u00e4hrigen Mittel (86,2%). Sie hat sich aber seit dem ersten Quartal 2022 kontinuierlich reduziert.<\/p>\n<h3><strong>Sinkende Exporte in alle Absatzregionen<\/strong><\/h3>\n<p>Die G\u00fcterexporte der Schweizer Tech-Industrie sanken in den ersten neun Monaten 2023 im Vergleich zur Vorjahresperiode um -2,5 Prozent und erreichten einen Wert von 52,7 Milliarden Franken. Allein im dritten Quartal 2023 betrug der R\u00fcckgang bei den G\u00fcterausfuhren im Vergleich zum Vorjahresquartal -5,5 Prozent. Bei den wichtigsten Warengruppen reduzierten sich die Exporte bei den Metallen um -9,6 Prozent, bei den Pr\u00e4zisionsinstrumenten um -2,5 Prozent und im Maschinenbau um -0,5 Prozent. Einzig bei der Elektrotechnik\/Elektronik erfolgte ein leichtes Exportwachstum von 1,5 Prozent. Alle wichtigen Absatzm\u00e4rkte entwickelten sich in den ersten neuen Monaten negativ. Die Exporte in die USA gingen um -4,6 Prozent zur\u00fcck, nach Asien um -4,3 Prozent und in die EU um -1,8 Prozent. Der einzige Lichtblick ist Indien. Dieser zukunftstr\u00e4chtige Absatzmarkt w\u00e4chst seit 2021 kontinuierlich. Nach Indien erh\u00f6hten sich die G\u00fcterexporte in den ersten neun Monaten dieses Jahres um 9,8 Prozent.<\/p>\n<h3><strong>Tr\u00fcbe Aussichten<\/strong><\/h3>\n<p>Der Abschwung in der Schweizer Tech-Industrie d\u00fcrfte sich in den kommenden Monaten fortsetzen. Darauf deuten die weltweit teils sehr tiefen Werte des Einkaufsmanagerindexes (PMI) hin. Auch die Unternehmerinnen und Unternehmer aus der Swissmem Mitgliedschaft sind deutlich pessimistischer als noch zu Beginn des Jahres. Gem\u00e4ss der j\u00fcngsten Umfrage rechnen 37 Prozent in den kommenden zw\u00f6lf Monaten mit weniger Auftr\u00e4ge aus dem Ausland. Anfang Jahr gaben nur 28 Prozent diese Einsch\u00e4tzung ab. Von gleichbleibenden Bestellungen gehen 43 Prozent der Befragten aus. Nur 20 Prozent gehen von steigenden Auftr\u00e4gen aus.<\/p>\n<p>Das makro\u00f6konomische Umfeld ist weiterhin anspruchsvoll. Deutschland befindet sich in einer Rezession und die wichtigen M\u00e4rkte USA und China entwickeln sich nur schwach. Zudem d\u00e4mpfen die weltweit hohen Zinsen die Nachfrage nach Investitionsg\u00fctern, was durch allf\u00e4llige weitere Zinserh\u00f6hungen noch akzentuiert w\u00fcrde. Hinzu kommt der permanente Aufwertungsdruck auf den Schweizer Franken, welcher die internationale Wettbewerbsf\u00e4higkeit der Schweizer Tech-Branche beeintr\u00e4chtigt. Ein erneuter Aufwertungsschock w\u00e4re fatal. Stefan Brupbacher, Direktor Swissmem, ist besorgt: \u00abDer Bestellungseingang ist schwach und die Auftragspolster schmelzen weg. Die meisten Unternehmen der Tech-Industrie m\u00fcssen sich auf eine schwierige Zeit einstellen. Unserer Branche erlebt einen typischen, zyklischen Abschwung, der wohl l\u00e4nger anhalten wird, als zun\u00e4chst erhofft. In dieser Situation ist es wichtig, dass den Betrieben keine zus\u00e4tzlichen Belastungen aufgeb\u00fcrdet werden. So ist zum Beispiel auf administrativ aufw\u00e4ndige und wenig effektive Massnahmen wie der im Rahmen der parlamentarischen Initiative \u00abSchweizer Kreislaufwirtschaft st\u00e4rken\u00bb demn\u00e4chst diskutierte Reparatur-Index zu verzichten. Im Interesse der Arbeitspl\u00e4tze braucht es auch Zur\u00fcckhaltung bei den Lohnforderungen.\u00bb<\/p>\n<p>Swissmem-Pr\u00e4sident Martin Hirzel betont: \u00abIn rezessiven Phasen sind gute Rahmenbedingungen noch wichtiger als sonst. F\u00fcr die Tech-Industrie ist ein m\u00f6glichst hindernisfreier Zugang zu den Absatzm\u00e4rkten entscheidend. Ich hoffe, dass bei den Verhandlungen \u00fcber ein Freihandelsabkommen mit Indien bald ein Durchbruch gelingt. Dar\u00fcber hinaus erwarte ich, dass die bei den Sondierungsgespr\u00e4chen mit der EU erzielten Fortschritte in erfolgreiche Verhandlungen umgem\u00fcnzt werden. Nur so kann der erfolgreiche, bilaterale Weg mit der EU fortgesetzt werden.\u00bb<\/p>\n<p><em>Quelle: <a href=\"https:\/\/www.swissmem.ch\/de\/index.html\">www.swissmem.ch\u00a0<\/a><\/em><\/p>\n","protected":false},"excerpt":{"rendered":"<p>Der im ersten Halbjahr 2023 eingesetzte Abschwung in der Schweizer Tech-Industrie (Maschinen, Elektro- und Metall-Industrie sowie verwandte Technologiebranchen) hat sich im dritten Quartal versch\u00e4rft. Im Vergleich zum Vorjahresquartal sanken im dritten Quartal 2023 die Auftragseing\u00e4nge um -10,5 Prozent, die G\u00fcterexporte um -5,5 Prozent und die Ums\u00e4tze um -1,5 Prozent.<\/p>\n","protected":false},"author":58,"featured_media":23220,"comment_status":"closed","ping_status":"closed","sticky":false,"template":"","format":"standard","meta":{"_acf_changed":false,"_yoast_wpseo_focuskw":"Swissmem","_yoast_wpseo_metadesc":"Der im ersten Halbjahr 2023 eingesetzte Abschwung in der Schweizer Tech-Industrie hat sich im dritten Quartal versch\u00e4rft.","articlekey":"","footnotes":""},"categories":[28],"tags":[334,2269,3779,492],"class_list":["post-23219","post","type-post","status-publish","format-standard","has-post-thumbnail","hentry","category-management","tag-management","tag-swissmem","tag-tech-industrie","tag-unternehmen"],"acf":[],"yoast_head":"<!-- This site is optimized with the Yoast SEO plugin v27.5 - https:\/\/yoast.com\/product\/yoast-seo-wordpress\/ -->\n<title>Swissmem 2023: Die Industrierezession hat die Tech-Industrie erreicht - Organisator<\/title>\n<meta name=\"description\" content=\"Der im ersten Halbjahr 2023 eingesetzte Abschwung in der Schweizer Tech-Industrie hat sich im dritten Quartal versch\u00e4rft.\" \/>\n<meta name=\"robots\" content=\"index, follow, max-snippet:-1, max-image-preview:large, max-video-preview:-1\" \/>\n<link rel=\"canonical\" href=\"https:\/\/www.organisator.ch\/de\/management\/2023-11-17\/swissmem-2023-die-industrierezession-hat-die-tech-industrie-erreicht\/\" \/>\n<meta property=\"og:locale\" content=\"de_DE\" \/>\n<meta property=\"og:type\" content=\"article\" \/>\n<meta property=\"og:title\" content=\"Swissmem 2023: Die Industrierezession hat die Tech-Industrie erreicht\" \/>\n<meta property=\"og:description\" content=\"Der im ersten Halbjahr 2023 eingesetzte Abschwung in der Schweizer Tech-Industrie hat sich im dritten Quartal versch\u00e4rft.\" \/>\n<meta property=\"og:url\" content=\"https:\/\/www.organisator.ch\/de\/management\/2023-11-17\/swissmem-2023-die-industrierezession-hat-die-tech-industrie-erreicht\/\" \/>\n<meta property=\"og:site_name\" content=\"Organisator\" \/>\n<meta property=\"article:publisher\" content=\"https:\/\/www.facebook.com\/OrganisatorFachmagazin\" \/>\n<meta property=\"article:published_time\" content=\"2023-11-17T03:55:11+00:00\" \/>\n<meta property=\"og:image\" content=\"https:\/\/www.organisator.ch\/wp-content\/uploads\/2023\/11\/Swissmem_Bild1_ps.unsplash.jpg\" \/>\n\t<meta property=\"og:image:width\" content=\"680\" \/>\n\t<meta property=\"og:image:height\" content=\"453\" \/>\n\t<meta property=\"og:image:type\" content=\"image\/jpeg\" \/>\n<meta name=\"author\" content=\"Adelisa Kalajdzini\" \/>\n<meta name=\"twitter:card\" content=\"summary_large_image\" \/>\n<meta name=\"twitter:title\" content=\"Swissmem 2023: Die Industrierezession hat die Tech-Industrie erreicht\" \/>\n<meta name=\"twitter:description\" content=\"Der im ersten Halbjahr 2023 eingesetzte #Abschwung in der Schweizer #Tech-Industrie hat sich im #dritten #Quartal versch\u00e4rft.\" \/>\n<meta name=\"twitter:image\" content=\"https:\/\/www.organisator.ch\/wp-content\/uploads\/2023\/11\/Swissmem_Bild1_ps.unsplash.jpg\" \/>\n<script type=\"application\/ld+json\" class=\"yoast-schema-graph\">{\"@context\":\"https:\\\/\\\/schema.org\",\"@graph\":[{\"@type\":\"Article\",\"@id\":\"https:\\\/\\\/www.organisator.ch\\\/management\\\/2023-11-17\\\/swissmem-2023-die-industrierezession-hat-die-tech-industrie-erreicht\\\/#article\",\"isPartOf\":{\"@id\":\"https:\\\/\\\/www.organisator.ch\\\/management\\\/2023-11-17\\\/swissmem-2023-die-industrierezession-hat-die-tech-industrie-erreicht\\\/\"},\"author\":{\"name\":\"Adelisa Kalajdzini\",\"@id\":\"https:\\\/\\\/www.organisator.ch\\\/#\\\/schema\\\/person\\\/2e1314a2172123f874db408d8911d3f3\"},\"headline\":\"Swissmem 2023: Die Industrierezession hat die Tech-Industrie erreicht\",\"datePublished\":\"2023-11-17T03:55:11+00:00\",\"mainEntityOfPage\":{\"@id\":\"https:\\\/\\\/www.organisator.ch\\\/management\\\/2023-11-17\\\/swissmem-2023-die-industrierezession-hat-die-tech-industrie-erreicht\\\/\"},\"wordCount\":740,\"publisher\":{\"@id\":\"https:\\\/\\\/www.organisator.ch\\\/#organization\"},\"image\":{\"@id\":\"https:\\\/\\\/www.organisator.ch\\\/management\\\/2023-11-17\\\/swissmem-2023-die-industrierezession-hat-die-tech-industrie-erreicht\\\/#primaryimage\"},\"thumbnailUrl\":\"https:\\\/\\\/www.organisator.ch\\\/wp-content\\\/uploads\\\/2023\\\/11\\\/Swissmem_Bild1_ps.unsplash.jpg\",\"keywords\":[\"Management\",\"Swissmem\",\"Tech-Industrie\",\"Unternehmen\"],\"articleSection\":[\"MANAGEMENT\"],\"inLanguage\":\"de\"},{\"@type\":\"WebPage\",\"@id\":\"https:\\\/\\\/www.organisator.ch\\\/management\\\/2023-11-17\\\/swissmem-2023-die-industrierezession-hat-die-tech-industrie-erreicht\\\/\",\"url\":\"https:\\\/\\\/www.organisator.ch\\\/management\\\/2023-11-17\\\/swissmem-2023-die-industrierezession-hat-die-tech-industrie-erreicht\\\/\",\"name\":\"Swissmem 2023: Die Industrierezession hat die Tech-Industrie erreicht - Organisator\",\"isPartOf\":{\"@id\":\"https:\\\/\\\/www.organisator.ch\\\/#website\"},\"primaryImageOfPage\":{\"@id\":\"https:\\\/\\\/www.organisator.ch\\\/management\\\/2023-11-17\\\/swissmem-2023-die-industrierezession-hat-die-tech-industrie-erreicht\\\/#primaryimage\"},\"image\":{\"@id\":\"https:\\\/\\\/www.organisator.ch\\\/management\\\/2023-11-17\\\/swissmem-2023-die-industrierezession-hat-die-tech-industrie-erreicht\\\/#primaryimage\"},\"thumbnailUrl\":\"https:\\\/\\\/www.organisator.ch\\\/wp-content\\\/uploads\\\/2023\\\/11\\\/Swissmem_Bild1_ps.unsplash.jpg\",\"datePublished\":\"2023-11-17T03:55:11+00:00\",\"description\":\"Der im ersten Halbjahr 2023 eingesetzte Abschwung in der Schweizer Tech-Industrie hat sich im dritten Quartal versch\u00e4rft.\",\"breadcrumb\":{\"@id\":\"https:\\\/\\\/www.organisator.ch\\\/management\\\/2023-11-17\\\/swissmem-2023-die-industrierezession-hat-die-tech-industrie-erreicht\\\/#breadcrumb\"},\"inLanguage\":\"de\",\"potentialAction\":[{\"@type\":\"ReadAction\",\"target\":[\"https:\\\/\\\/www.organisator.ch\\\/management\\\/2023-11-17\\\/swissmem-2023-die-industrierezession-hat-die-tech-industrie-erreicht\\\/\"]}]},{\"@type\":\"ImageObject\",\"inLanguage\":\"de\",\"@id\":\"https:\\\/\\\/www.organisator.ch\\\/management\\\/2023-11-17\\\/swissmem-2023-die-industrierezession-hat-die-tech-industrie-erreicht\\\/#primaryimage\",\"url\":\"https:\\\/\\\/www.organisator.ch\\\/wp-content\\\/uploads\\\/2023\\\/11\\\/Swissmem_Bild1_ps.unsplash.jpg\",\"contentUrl\":\"https:\\\/\\\/www.organisator.ch\\\/wp-content\\\/uploads\\\/2023\\\/11\\\/Swissmem_Bild1_ps.unsplash.jpg\",\"width\":680,\"height\":453,\"caption\":\"Die Auftragseing\u00e4nge in der Schweizer Tech-Industrie sanken im dritten Quartal 2023 im Vergleich zum Vorjahresquartal um -10,5 Prozent. (Bild: www.unsplash.com)\"},{\"@type\":\"BreadcrumbList\",\"@id\":\"https:\\\/\\\/www.organisator.ch\\\/management\\\/2023-11-17\\\/swissmem-2023-die-industrierezession-hat-die-tech-industrie-erreicht\\\/#breadcrumb\",\"itemListElement\":[{\"@type\":\"ListItem\",\"position\":1,\"name\":\"Home\",\"item\":\"https:\\\/\\\/www.organisator.ch\\\/\"},{\"@type\":\"ListItem\",\"position\":2,\"name\":\"Swissmem 2023: Die Industrierezession hat die Tech-Industrie erreicht\"}]},{\"@type\":\"WebSite\",\"@id\":\"https:\\\/\\\/www.organisator.ch\\\/#website\",\"url\":\"https:\\\/\\\/www.organisator.ch\\\/\",\"name\":\"Organisator\",\"description\":\"Kompetent. Praxisnah. Der ORGANISATOR bereitet in 10 Ausgaben pro Jahr die wesentlichen Themen f\u00fcr F\u00fchrungskr\u00e4fte von KMU auf.\",\"publisher\":{\"@id\":\"https:\\\/\\\/www.organisator.ch\\\/#organization\"},\"potentialAction\":[{\"@type\":\"SearchAction\",\"target\":{\"@type\":\"EntryPoint\",\"urlTemplate\":\"https:\\\/\\\/www.organisator.ch\\\/?s={search_term_string}\"},\"query-input\":{\"@type\":\"PropertyValueSpecification\",\"valueRequired\":true,\"valueName\":\"search_term_string\"}}],\"inLanguage\":\"de\"},{\"@type\":\"Organization\",\"@id\":\"https:\\\/\\\/www.organisator.ch\\\/#organization\",\"name\":\"Organisator\",\"url\":\"https:\\\/\\\/www.organisator.ch\\\/\",\"logo\":{\"@type\":\"ImageObject\",\"inLanguage\":\"de\",\"@id\":\"https:\\\/\\\/www.organisator.ch\\\/#\\\/schema\\\/logo\\\/image\\\/\",\"url\":\"https:\\\/\\\/www.organisator.ch\\\/wp-content\\\/uploads\\\/2022\\\/01\\\/Logo_Organisator_Website.png\",\"contentUrl\":\"https:\\\/\\\/www.organisator.ch\\\/wp-content\\\/uploads\\\/2022\\\/01\\\/Logo_Organisator_Website.png\",\"width\":800,\"height\":77,\"caption\":\"Organisator\"},\"image\":{\"@id\":\"https:\\\/\\\/www.organisator.ch\\\/#\\\/schema\\\/logo\\\/image\\\/\"},\"sameAs\":[\"https:\\\/\\\/www.facebook.com\\\/OrganisatorFachmagazin\",\"https:\\\/\\\/www.linkedin.com\\\/showcase\\\/organisator-das-magazin-fr-kmu\",\"https:\\\/\\\/www.xing.com\\\/news\\\/pages\\\/organisator-ch-695\",\"https:\\\/\\\/www.youtube.com\\\/channel\\\/UCGP2Sq0iWaZwT3BdIAQFYpw\"]},{\"@type\":\"Person\",\"@id\":\"https:\\\/\\\/www.organisator.ch\\\/#\\\/schema\\\/person\\\/2e1314a2172123f874db408d8911d3f3\",\"name\":\"Adelisa Kalajdzini\",\"image\":{\"@type\":\"ImageObject\",\"inLanguage\":\"de\",\"@id\":\"https:\\\/\\\/secure.gravatar.com\\\/avatar\\\/09a397c22ac58cad6f160ee8306348599df9df58a8ede73696226897b9fa4b24?s=96&d=mm&r=g\",\"url\":\"https:\\\/\\\/secure.gravatar.com\\\/avatar\\\/09a397c22ac58cad6f160ee8306348599df9df58a8ede73696226897b9fa4b24?s=96&d=mm&r=g\",\"contentUrl\":\"https:\\\/\\\/secure.gravatar.com\\\/avatar\\\/09a397c22ac58cad6f160ee8306348599df9df58a8ede73696226897b9fa4b24?s=96&d=mm&r=g\",\"caption\":\"Adelisa Kalajdzini\"},\"url\":\"https:\\\/\\\/www.organisator.ch\\\/de\\\/author\\\/adelisa-kalajdzini\\\/\"}]}<\/script>\n<!-- \/ Yoast SEO plugin. -->","yoast_head_json":{"title":"Swissmem 2023: Die Industrierezession hat die Tech-Industrie erreicht - Organisator","description":"Der im ersten Halbjahr 2023 eingesetzte Abschwung in der Schweizer Tech-Industrie hat sich im dritten Quartal versch\u00e4rft.","robots":{"index":"index","follow":"follow","max-snippet":"max-snippet:-1","max-image-preview":"max-image-preview:large","max-video-preview":"max-video-preview:-1"},"canonical":"https:\/\/www.organisator.ch\/de\/management\/2023-11-17\/swissmem-2023-die-industrierezession-hat-die-tech-industrie-erreicht\/","og_locale":"de_DE","og_type":"article","og_title":"Swissmem 2023: Die Industrierezession hat die Tech-Industrie erreicht","og_description":"Der im ersten Halbjahr 2023 eingesetzte Abschwung in der Schweizer Tech-Industrie hat sich im dritten Quartal versch\u00e4rft.","og_url":"https:\/\/www.organisator.ch\/de\/management\/2023-11-17\/swissmem-2023-die-industrierezession-hat-die-tech-industrie-erreicht\/","og_site_name":"Organisator","article_publisher":"https:\/\/www.facebook.com\/OrganisatorFachmagazin","article_published_time":"2023-11-17T03:55:11+00:00","og_image":[{"width":680,"height":453,"url":"https:\/\/www.organisator.ch\/wp-content\/uploads\/2023\/11\/Swissmem_Bild1_ps.unsplash.jpg","type":"image\/jpeg"}],"author":"Adelisa Kalajdzini","twitter_card":"summary_large_image","twitter_title":"Swissmem 2023: Die Industrierezession hat die Tech-Industrie erreicht","twitter_description":"Der im ersten Halbjahr 2023 eingesetzte #Abschwung in der Schweizer #Tech-Industrie hat sich im #dritten #Quartal versch\u00e4rft.","twitter_image":"https:\/\/www.organisator.ch\/wp-content\/uploads\/2023\/11\/Swissmem_Bild1_ps.unsplash.jpg","schema":{"@context":"https:\/\/schema.org","@graph":[{"@type":"Article","@id":"https:\/\/www.organisator.ch\/management\/2023-11-17\/swissmem-2023-die-industrierezession-hat-die-tech-industrie-erreicht\/#article","isPartOf":{"@id":"https:\/\/www.organisator.ch\/management\/2023-11-17\/swissmem-2023-die-industrierezession-hat-die-tech-industrie-erreicht\/"},"author":{"name":"Adelisa Kalajdzini","@id":"https:\/\/www.organisator.ch\/#\/schema\/person\/2e1314a2172123f874db408d8911d3f3"},"headline":"Swissmem 2023: Die Industrierezession hat die Tech-Industrie erreicht","datePublished":"2023-11-17T03:55:11+00:00","mainEntityOfPage":{"@id":"https:\/\/www.organisator.ch\/management\/2023-11-17\/swissmem-2023-die-industrierezession-hat-die-tech-industrie-erreicht\/"},"wordCount":740,"publisher":{"@id":"https:\/\/www.organisator.ch\/#organization"},"image":{"@id":"https:\/\/www.organisator.ch\/management\/2023-11-17\/swissmem-2023-die-industrierezession-hat-die-tech-industrie-erreicht\/#primaryimage"},"thumbnailUrl":"https:\/\/www.organisator.ch\/wp-content\/uploads\/2023\/11\/Swissmem_Bild1_ps.unsplash.jpg","keywords":["Management","Swissmem","Tech-Industrie","Unternehmen"],"articleSection":["MANAGEMENT"],"inLanguage":"de"},{"@type":"WebPage","@id":"https:\/\/www.organisator.ch\/management\/2023-11-17\/swissmem-2023-die-industrierezession-hat-die-tech-industrie-erreicht\/","url":"https:\/\/www.organisator.ch\/management\/2023-11-17\/swissmem-2023-die-industrierezession-hat-die-tech-industrie-erreicht\/","name":"Swissmem 2023: Die Industrierezession hat die Tech-Industrie erreicht - Organisator","isPartOf":{"@id":"https:\/\/www.organisator.ch\/#website"},"primaryImageOfPage":{"@id":"https:\/\/www.organisator.ch\/management\/2023-11-17\/swissmem-2023-die-industrierezession-hat-die-tech-industrie-erreicht\/#primaryimage"},"image":{"@id":"https:\/\/www.organisator.ch\/management\/2023-11-17\/swissmem-2023-die-industrierezession-hat-die-tech-industrie-erreicht\/#primaryimage"},"thumbnailUrl":"https:\/\/www.organisator.ch\/wp-content\/uploads\/2023\/11\/Swissmem_Bild1_ps.unsplash.jpg","datePublished":"2023-11-17T03:55:11+00:00","description":"Der im ersten Halbjahr 2023 eingesetzte Abschwung in der Schweizer Tech-Industrie hat sich im dritten Quartal versch\u00e4rft.","breadcrumb":{"@id":"https:\/\/www.organisator.ch\/management\/2023-11-17\/swissmem-2023-die-industrierezession-hat-die-tech-industrie-erreicht\/#breadcrumb"},"inLanguage":"de","potentialAction":[{"@type":"ReadAction","target":["https:\/\/www.organisator.ch\/management\/2023-11-17\/swissmem-2023-die-industrierezession-hat-die-tech-industrie-erreicht\/"]}]},{"@type":"ImageObject","inLanguage":"de","@id":"https:\/\/www.organisator.ch\/management\/2023-11-17\/swissmem-2023-die-industrierezession-hat-die-tech-industrie-erreicht\/#primaryimage","url":"https:\/\/www.organisator.ch\/wp-content\/uploads\/2023\/11\/Swissmem_Bild1_ps.unsplash.jpg","contentUrl":"https:\/\/www.organisator.ch\/wp-content\/uploads\/2023\/11\/Swissmem_Bild1_ps.unsplash.jpg","width":680,"height":453,"caption":"Die Auftragseing\u00e4nge in der Schweizer Tech-Industrie sanken im dritten Quartal 2023 im Vergleich zum Vorjahresquartal um -10,5 Prozent. (Bild: www.unsplash.com)"},{"@type":"BreadcrumbList","@id":"https:\/\/www.organisator.ch\/management\/2023-11-17\/swissmem-2023-die-industrierezession-hat-die-tech-industrie-erreicht\/#breadcrumb","itemListElement":[{"@type":"ListItem","position":1,"name":"Home","item":"https:\/\/www.organisator.ch\/"},{"@type":"ListItem","position":2,"name":"Swissmem 2023: Die Industrierezession hat die Tech-Industrie erreicht"}]},{"@type":"WebSite","@id":"https:\/\/www.organisator.ch\/#website","url":"https:\/\/www.organisator.ch\/","name":"Organisator","description":"Kompetent. Praxisnah. Der ORGANISATOR bereitet in 10 Ausgaben pro Jahr die wesentlichen Themen f\u00fcr F\u00fchrungskr\u00e4fte von KMU auf.","publisher":{"@id":"https:\/\/www.organisator.ch\/#organization"},"potentialAction":[{"@type":"SearchAction","target":{"@type":"EntryPoint","urlTemplate":"https:\/\/www.organisator.ch\/?s={search_term_string}"},"query-input":{"@type":"PropertyValueSpecification","valueRequired":true,"valueName":"search_term_string"}}],"inLanguage":"de"},{"@type":"Organization","@id":"https:\/\/www.organisator.ch\/#organization","name":"Organisator","url":"https:\/\/www.organisator.ch\/","logo":{"@type":"ImageObject","inLanguage":"de","@id":"https:\/\/www.organisator.ch\/#\/schema\/logo\/image\/","url":"https:\/\/www.organisator.ch\/wp-content\/uploads\/2022\/01\/Logo_Organisator_Website.png","contentUrl":"https:\/\/www.organisator.ch\/wp-content\/uploads\/2022\/01\/Logo_Organisator_Website.png","width":800,"height":77,"caption":"Organisator"},"image":{"@id":"https:\/\/www.organisator.ch\/#\/schema\/logo\/image\/"},"sameAs":["https:\/\/www.facebook.com\/OrganisatorFachmagazin","https:\/\/www.linkedin.com\/showcase\/organisator-das-magazin-fr-kmu","https:\/\/www.xing.com\/news\/pages\/organisator-ch-695","https:\/\/www.youtube.com\/channel\/UCGP2Sq0iWaZwT3BdIAQFYpw"]},{"@type":"Person","@id":"https:\/\/www.organisator.ch\/#\/schema\/person\/2e1314a2172123f874db408d8911d3f3","name":"Adelisa Kalajdzini","image":{"@type":"ImageObject","inLanguage":"de","@id":"https:\/\/secure.gravatar.com\/avatar\/09a397c22ac58cad6f160ee8306348599df9df58a8ede73696226897b9fa4b24?s=96&d=mm&r=g","url":"https:\/\/secure.gravatar.com\/avatar\/09a397c22ac58cad6f160ee8306348599df9df58a8ede73696226897b9fa4b24?s=96&d=mm&r=g","contentUrl":"https:\/\/secure.gravatar.com\/avatar\/09a397c22ac58cad6f160ee8306348599df9df58a8ede73696226897b9fa4b24?s=96&d=mm&r=g","caption":"Adelisa Kalajdzini"},"url":"https:\/\/www.organisator.ch\/de\/author\/adelisa-kalajdzini\/"}]}},"_links":{"self":[{"href":"https:\/\/www.organisator.ch\/de\/wp-json\/wp\/v2\/posts\/23219","targetHints":{"allow":["GET"]}}],"collection":[{"href":"https:\/\/www.organisator.ch\/de\/wp-json\/wp\/v2\/posts"}],"about":[{"href":"https:\/\/www.organisator.ch\/de\/wp-json\/wp\/v2\/types\/post"}],"author":[{"embeddable":true,"href":"https:\/\/www.organisator.ch\/de\/wp-json\/wp\/v2\/users\/58"}],"replies":[{"embeddable":true,"href":"https:\/\/www.organisator.ch\/de\/wp-json\/wp\/v2\/comments?post=23219"}],"version-history":[{"count":1,"href":"https:\/\/www.organisator.ch\/de\/wp-json\/wp\/v2\/posts\/23219\/revisions"}],"predecessor-version":[{"id":23227,"href":"https:\/\/www.organisator.ch\/de\/wp-json\/wp\/v2\/posts\/23219\/revisions\/23227"}],"wp:featuredmedia":[{"embeddable":true,"href":"https:\/\/www.organisator.ch\/de\/wp-json\/wp\/v2\/media\/23220"}],"wp:attachment":[{"href":"https:\/\/www.organisator.ch\/de\/wp-json\/wp\/v2\/media?parent=23219"}],"wp:term":[{"taxonomy":"category","embeddable":true,"href":"https:\/\/www.organisator.ch\/de\/wp-json\/wp\/v2\/categories?post=23219"},{"taxonomy":"post_tag","embeddable":true,"href":"https:\/\/www.organisator.ch\/de\/wp-json\/wp\/v2\/tags?post=23219"}],"curies":[{"name":"wp","href":"https:\/\/api.w.org\/{rel}","templated":true}]}}