{"id":2323,"date":"2017-08-17T08:33:22","date_gmt":"2017-08-17T06:33:22","guid":{"rendered":"https:\/\/www.organisator.ch\/?p=2323"},"modified":"2017-08-17T08:33:22","modified_gmt":"2017-08-17T06:33:22","slug":"swisscom-ist-mit-ihren-geschaeften-auf-kurs","status":"publish","type":"post","link":"https:\/\/www.organisator.ch\/de\/allgemein\/2017-08-17\/swisscom-ist-mit-ihren-geschaeften-auf-kurs\/","title":{"rendered":"Swisscom ist mit ihren Gesch\u00e4ften auf Kurs"},"content":{"rendered":"<figure id=\"attachment_2324\" aria-describedby=\"caption-attachment-2324\" style=\"width: 640px\" class=\"wp-caption alignnone\"><img loading=\"lazy\" decoding=\"async\" class=\"size-full wp-image-2324\" src=\"https:\/\/www.organisator.ch\/wp-content\/uploads\/2017\/08\/Swisscom-ist-mit-ihren-Geschaeften-auf-Kurs_Organisator.jpeg\" alt=\"\" width=\"640\" height=\"480\" srcset=\"https:\/\/www.organisator.ch\/wp-content\/uploads\/2017\/08\/Swisscom-ist-mit-ihren-Geschaeften-auf-Kurs_Organisator.jpeg 640w, https:\/\/www.organisator.ch\/wp-content\/uploads\/2017\/08\/Swisscom-ist-mit-ihren-Geschaeften-auf-Kurs_Organisator-16x12.jpeg 16w, https:\/\/www.organisator.ch\/wp-content\/uploads\/2017\/08\/Swisscom-ist-mit-ihren-Geschaeften-auf-Kurs_Organisator-233x175.jpeg 233w, https:\/\/www.organisator.ch\/wp-content\/uploads\/2017\/08\/Swisscom-ist-mit-ihren-Geschaeften-auf-Kurs_Organisator-467x350.jpeg 467w, https:\/\/www.organisator.ch\/wp-content\/uploads\/2017\/08\/Swisscom-ist-mit-ihren-Geschaeften-auf-Kurs_Organisator-300x225.jpeg 300w\" sizes=\"auto, (max-width: 640px) 100vw, 640px\" \/><figcaption id=\"caption-attachment-2324\" class=\"wp-caption-text\">Die Swisscom kann auf ein gutes erstes Halbjahr zur\u00fcckblicken. (Bild: Swisscom)<\/figcaption><\/figure>\n<p align=\"LEFT\">Die Swisscom hat eben ihre aktuellen Halbjahreszahlen ver\u00f6ffentlicht. CEO Urs Schaeppi\u00a0kommentiert das\u00a0Halbjahresergebnis wie folgt: \u201cSwisscom hat im zweiten Quartal eine sehr solide Leistung am Markt gezeigt. Wir haben inOne erfolgreich eingef\u00fchrt, wachsen bei B\u00fcndelangeboten und im TV-Gesch\u00e4ft. Auch Fastweb ist gut unterwegs und steigerte den Beitrag am EBITDA von Swisscom. Fortgesetzt hat sich der R\u00fcckgang bei der Festnetztelefonie, was zusammen mit dem intensiven, stark promotionsgetriebenen Wettbewerb zu einem leicht tieferen Umsatz mit Telekommunikationsdiensten f\u00fchrt.&#8220;<\/p>\n<p align=\"LEFT\"><strong>Intensiver Wettbewerb, r\u00fcckl\u00e4ufige Festnetztelefonie<\/strong><\/p>\n<p align=\"LEFT\">Insgesamt liegt der Nettoumsatz\u00a0des gr\u00f6ssten Schweizer\u00a0Telekom-Dienstleisters\u00a0im ersten Halbjahr 2017 mit CHF 5&#8217;690 Mio. (CHF -79 Mio. oder -1,4%) praktisch auf Vorjahresniveau. Dabei ist der Umsatz mit Telekommunikationsdiensten in der Schweiz leicht r\u00fcckl\u00e4ufig. Er sank gem\u00e4ss Angaben von Swisscom wegen intensivem Wettbewerb und zunehmender Markts\u00e4ttigung um CHF 76 Mio. (-2,3%), rund die H\u00e4lfte dieses R\u00fcckgangs\u00a0sei auf den sinkenden Teilnehmerbestand in der Festnetztelefonie zur\u00fcckzuf\u00fchren. Der EBITDA stieg hingegen um 1,5% oder CHF 33 Mio. auf CHF 2&#8217;260 Mio. Das Wachstum beim EBITDA ist insbesondere auch von Fastweb gepr\u00e4gt (+20,3%). Der EBITDA von Fastweb beinhaltet Entsch\u00e4digungen aus Rechtsverfahren in der H\u00f6he von CHF 102 Mio. Der Reingewinn von Swisscom stieg gegen\u00fcber der Vorjahresperiode um CHF 51 Mio. oder 6,5% auf CHF 839 Mio. Swisscom erwartet f\u00fcr 2017 unver\u00e4ndert einen Nettoumsatz von rund CHF 11,6 Mrd. und Investitionen von rund CHF 2,4 Mrd. Beim EBITDA wird die Prognose aufgrund der im zweiten Quartal erfassten Entsch\u00e4digungen aus Rechtsverfahren bei Fastweb von rund CHF 4,2 Mrd. auf rund CHF 4,3 Mrd. erh\u00f6ht. Bei Erreichen der Ziele plant Swisscom, der Generalversammlung 2018 f\u00fcr das Gesch\u00e4ftsjahr 2017 eine unver\u00e4nderte Dividende von CHF 22 pro Aktie vorzuschlagen.<\/p>\n<p align=\"LEFT\"><strong>Umsatzr\u00fcckgang im Schweizer Kerngesch\u00e4ft kompensiert<\/strong><\/p>\n<p align=\"LEFT\">Dank umsichtiger Planung\u00a0sei es gelungen, im Schweizer Kerngesch\u00e4ft den gr\u00f6ssten Teil des Umsatzr\u00fcckgangs zu kompensieren, teilt das Unternehmen weiter mit. Wie angek\u00fcndigt werde Swisscom ihre Kostenbasis in der Schweiz von 2015 bis 2020 um \u00fcber CHF 300 Mio. reduzieren.<\/p>\n<p align=\"LEFT\">Unterm Strich sank der Personalbestand im Konzern im ersten Halbjahr um 1,7% auf 20&#8217;775 Stellen. Per Ende Juni verzeichnete Swisscom in der Schweiz einen Personalbestand von 17&#8217;974 Stellen. Das sind 398 Stellen oder 2,2% weniger als Ende 2016. Mehr als die H\u00e4lfte der Reduktion konnte \u00fcber nat\u00fcrliche Fluktuation und interne Stellenvermittlung aufgefangen werden. Im Verlauf des Sommers 2017 haben 222 Lernende ihre Lehre bei Swisscom abgeschlossen. 278 Jugendliche haben im August ihre Berufslehre bei Swisscom begonnen, haupts\u00e4chlich in den Lehrberufen Detailhandel, Mediamatik, Informatik und KV. Insgesamt befinden sich \u00fcber 900 Lernende in Ausbildung bei Swisscom.<\/p>\n<p align=\"LEFT\">\n<p align=\"LEFT\"><strong>Netz der Zukunft: Ausbau des Ultrabreitbandnetzes geht weiter, Umstellung auf All-IP nach Plan<\/strong><\/p>\n<p align=\"LEFT\">Der Telekom-Dienstleister\u00a0arbeitet derzeit mit voller Kraft an Generationenprojekten und modernisiert die Infrastruktur in der Schweiz weiter. Die konzernweiten Investitionen nahmen zwar als Folge von zeitlichen Verschiebungen beim Netzausbau ab (-11,4%), liegen aber mit CHF 1&#8217;057 Mio. weiterhin auf einem hohen Niveau. In der Schweiz lagen diese bei CHF 728 Mio. resp. 16.9% unter Vorjahr. Per Ende Juni sind \u00fcber 2,7 Mio. Anschl\u00fcsse mit neusten Glasfasertechnologien ausger\u00fcstet. Insgesamt hat Swisscom rund 3,7 Mio. Wohnungen und Gesch\u00e4fte mit Ultrabreitband (mehr als 50 Mbit\/s) erschlossen. Bis Ende 2021 erschliesst Swisscom alle Schweizer Gemeinden mit Glasfasertechnologien und erm\u00f6glicht so auch abgelegen Ortschaften Zugang zum Ultrabreitband.<\/p>\n<p align=\"LEFT\">\n<p align=\"LEFT\">Ebenfalls nach Plan verl\u00e4uft die zukunftstr\u00e4chtige Digitalisierung des Festnetzes (All-IP-Technologie). So profitieren bereits heute \u00fcber 1,7 Mio. Kunden, das entspricht drei Viertel aller Anschl\u00fcsse, von HD Sprachqualit\u00e4t, pers\u00f6nlichen Sperrlisten, Namensanzeige und automatischem Spam-Filter zur Sperrung unerw\u00fcnschter Werbeanrufe. Pro Monat kommen bis zu 40&#8217;000 weitere Anschl\u00fcsse dazu. Ab Anfang 2018 erfolgt in gr\u00f6sseren Regionen der Schweiz die vollst\u00e4ndige Umstellung der Kundenanschl\u00fcsse auf IP, so dass dort der R\u00fcckbau der alten Infrastruktur vorangetrieben werden kann.<\/p>\n<p align=\"LEFT\"><em>Hier geht es zum\u00a0detaillierten <a href=\"http:\/\/www.swisscom.ch\/q2-report-2017\">Zwischenbericht<\/a><\/em><\/p>\n","protected":false},"excerpt":{"rendered":"<p>Die Swisscom hat eben ihre aktuellen Halbjahreszahlen ver\u00f6ffentlicht. CEO Urs Schaeppi\u00a0kommentiert das\u00a0Halbjahresergebnis wie folgt: \u201cSwisscom hat im zweiten Quartal eine sehr solide Leistung am Markt gezeigt. Wir haben inOne erfolgreich eingef\u00fchrt, wachsen bei B\u00fcndelangeboten und im TV-Gesch\u00e4ft. Auch Fastweb ist gut unterwegs und steigerte den Beitrag am EBITDA von Swisscom. Fortgesetzt hat sich der R\u00fcckgang [&hellip;]<\/p>\n","protected":false},"author":4,"featured_media":2324,"comment_status":"open","ping_status":"open","sticky":false,"template":"","format":"standard","meta":{"_acf_changed":false,"_yoast_wpseo_focuskw":"Swisscom","_yoast_wpseo_metadesc":"Die Swisscom hat eben ihre aktuellen Halbjahreszahlen ver\u00f6ffentlicht. Das Unternehmen ist mit seinen Gesch\u00e4ftsbereichen auf Kurs.","articlekey":"","footnotes":""},"categories":[1],"tags":[286,492,508,531],"class_list":["post-2323","post","type-post","status-publish","format-standard","has-post-thumbnail","hentry","category-allgemein","tag-it","tag-unternehmen","tag-vermischtes","tag-wirtschaftspolitik"],"acf":[],"yoast_head":"<!-- This site is optimized with the Yoast SEO plugin v27.5 - https:\/\/yoast.com\/product\/yoast-seo-wordpress\/ -->\n<title>Swisscom ist mit ihren Gesch\u00e4ften auf Kurs - Organisator<\/title>\n<meta name=\"description\" content=\"Die Swisscom hat eben ihre aktuellen Halbjahreszahlen ver\u00f6ffentlicht. Das Unternehmen ist mit seinen Gesch\u00e4ftsbereichen auf Kurs.\" \/>\n<meta name=\"robots\" content=\"index, follow, max-snippet:-1, max-image-preview:large, max-video-preview:-1\" \/>\n<link rel=\"canonical\" href=\"https:\/\/www.organisator.ch\/de\/allgemein\/2017-08-17\/swisscom-ist-mit-ihren-geschaeften-auf-kurs\/\" \/>\n<meta property=\"og:locale\" content=\"de_DE\" \/>\n<meta property=\"og:type\" content=\"article\" \/>\n<meta property=\"og:title\" content=\"Swisscom ist mit ihren Gesch\u00e4ften auf Kurs\" \/>\n<meta property=\"og:description\" content=\"Stabiler Umsatz im Vorjahresvergleich, h\u00f6herer EBITDA, anhaltender Trend zu B\u00fcndelprodukten, stabiles L\u00f6sungsgesch\u00e4ft mit Grosskunden und anhaltend hohe Investitionen in das Netz der Zukunft: Dies die Fakten des j\u00fcngsten Halbjahresberichts der #Swisscom.\" \/>\n<meta property=\"og:url\" content=\"https:\/\/www.organisator.ch\/de\/allgemein\/2017-08-17\/swisscom-ist-mit-ihren-geschaeften-auf-kurs\/\" \/>\n<meta property=\"og:site_name\" content=\"Organisator\" \/>\n<meta property=\"article:publisher\" content=\"https:\/\/www.facebook.com\/OrganisatorFachmagazin\" \/>\n<meta property=\"article:published_time\" content=\"2017-08-17T06:33:22+00:00\" \/>\n<meta property=\"og:image\" content=\"https:\/\/www.organisator.ch\/wp-content\/uploads\/2017\/08\/Swisscom-ist-mit-ihren-Geschaeften-auf-Kurs_Organisator.jpeg\" \/>\n\t<meta property=\"og:image:width\" content=\"640\" \/>\n\t<meta property=\"og:image:height\" content=\"480\" \/>\n\t<meta property=\"og:image:type\" content=\"image\/jpeg\" \/>\n<meta name=\"author\" content=\"thomas.berner\" \/>\n<meta name=\"twitter:card\" content=\"summary_large_image\" \/>\n<meta name=\"twitter:title\" content=\"#Swisscom ist mit ihren Gesch\u00e4ften auf Kurs\" \/>\n<meta name=\"twitter:description\" content=\"Stabiler Umsatz im Vorjahresvergleich, h\u00f6herer EBITDA, anhaltender Trend zu B\u00fcndelprodukten, stabiles L\u00f6sungsgesch\u00e4ft mit Grosskunden und anhaltend hohe Investitionen in das Netz der Zukunft: Dies die Fakten des j\u00fcngsten Halbjahresberichts der #Swisscom.\" \/>\n<meta name=\"twitter:image\" content=\"https:\/\/www.organisator.ch\/wp-content\/uploads\/2017\/08\/Swisscom-ist-mit-ihren-Gesch\u00e4ften-auf-Kurs_Organisator.jpeg\" \/>\n<script type=\"application\/ld+json\" class=\"yoast-schema-graph\">{\"@context\":\"https:\\\/\\\/schema.org\",\"@graph\":[{\"@type\":\"Article\",\"@id\":\"https:\\\/\\\/www.organisator.ch\\\/fr\\\/general\\\/2017-08-17\\\/swisscom-ist-mit-ihren-geschaeften-auf-kurs\\\/#article\",\"isPartOf\":{\"@id\":\"https:\\\/\\\/www.organisator.ch\\\/fr\\\/general\\\/2017-08-17\\\/swisscom-ist-mit-ihren-geschaeften-auf-kurs\\\/\"},\"author\":{\"name\":\"thomas.berner\",\"@id\":\"https:\\\/\\\/www.organisator.ch\\\/#\\\/schema\\\/person\\\/6f650f90b2842cd4c0cc334b4e36f67e\"},\"headline\":\"Swisscom ist mit ihren Gesch\u00e4ften auf Kurs\",\"datePublished\":\"2017-08-17T06:33:22+00:00\",\"mainEntityOfPage\":{\"@id\":\"https:\\\/\\\/www.organisator.ch\\\/fr\\\/general\\\/2017-08-17\\\/swisscom-ist-mit-ihren-geschaeften-auf-kurs\\\/\"},\"wordCount\":644,\"commentCount\":0,\"publisher\":{\"@id\":\"https:\\\/\\\/www.organisator.ch\\\/#organization\"},\"image\":{\"@id\":\"https:\\\/\\\/www.organisator.ch\\\/fr\\\/general\\\/2017-08-17\\\/swisscom-ist-mit-ihren-geschaeften-auf-kurs\\\/#primaryimage\"},\"thumbnailUrl\":\"https:\\\/\\\/www.organisator.ch\\\/wp-content\\\/uploads\\\/2017\\\/08\\\/Swisscom-ist-mit-ihren-Geschaeften-auf-Kurs_Organisator.jpeg\",\"keywords\":[\"IT\",\"Unternehmen\",\"Vermischtes\",\"Wirtschaftspolitik\"],\"inLanguage\":\"de\"},{\"@type\":\"WebPage\",\"@id\":\"https:\\\/\\\/www.organisator.ch\\\/fr\\\/general\\\/2017-08-17\\\/swisscom-ist-mit-ihren-geschaeften-auf-kurs\\\/\",\"url\":\"https:\\\/\\\/www.organisator.ch\\\/fr\\\/general\\\/2017-08-17\\\/swisscom-ist-mit-ihren-geschaeften-auf-kurs\\\/\",\"name\":\"Swisscom ist mit ihren Gesch\u00e4ften auf Kurs - Organisator\",\"isPartOf\":{\"@id\":\"https:\\\/\\\/www.organisator.ch\\\/#website\"},\"primaryImageOfPage\":{\"@id\":\"https:\\\/\\\/www.organisator.ch\\\/fr\\\/general\\\/2017-08-17\\\/swisscom-ist-mit-ihren-geschaeften-auf-kurs\\\/#primaryimage\"},\"image\":{\"@id\":\"https:\\\/\\\/www.organisator.ch\\\/fr\\\/general\\\/2017-08-17\\\/swisscom-ist-mit-ihren-geschaeften-auf-kurs\\\/#primaryimage\"},\"thumbnailUrl\":\"https:\\\/\\\/www.organisator.ch\\\/wp-content\\\/uploads\\\/2017\\\/08\\\/Swisscom-ist-mit-ihren-Geschaeften-auf-Kurs_Organisator.jpeg\",\"datePublished\":\"2017-08-17T06:33:22+00:00\",\"description\":\"Die Swisscom hat eben ihre aktuellen Halbjahreszahlen ver\u00f6ffentlicht. Das Unternehmen ist mit seinen Gesch\u00e4ftsbereichen auf Kurs.\",\"breadcrumb\":{\"@id\":\"https:\\\/\\\/www.organisator.ch\\\/fr\\\/general\\\/2017-08-17\\\/swisscom-ist-mit-ihren-geschaeften-auf-kurs\\\/#breadcrumb\"},\"inLanguage\":\"de\",\"potentialAction\":[{\"@type\":\"ReadAction\",\"target\":[\"https:\\\/\\\/www.organisator.ch\\\/fr\\\/general\\\/2017-08-17\\\/swisscom-ist-mit-ihren-geschaeften-auf-kurs\\\/\"]}]},{\"@type\":\"ImageObject\",\"inLanguage\":\"de\",\"@id\":\"https:\\\/\\\/www.organisator.ch\\\/fr\\\/general\\\/2017-08-17\\\/swisscom-ist-mit-ihren-geschaeften-auf-kurs\\\/#primaryimage\",\"url\":\"https:\\\/\\\/www.organisator.ch\\\/wp-content\\\/uploads\\\/2017\\\/08\\\/Swisscom-ist-mit-ihren-Geschaeften-auf-Kurs_Organisator.jpeg\",\"contentUrl\":\"https:\\\/\\\/www.organisator.ch\\\/wp-content\\\/uploads\\\/2017\\\/08\\\/Swisscom-ist-mit-ihren-Geschaeften-auf-Kurs_Organisator.jpeg\",\"width\":640,\"height\":480,\"caption\":\"Die Swisscom kann auf ein gutes erstes Halbjahr zur\u00fcckblicken. (Bild: Swisscom)\"},{\"@type\":\"BreadcrumbList\",\"@id\":\"https:\\\/\\\/www.organisator.ch\\\/fr\\\/general\\\/2017-08-17\\\/swisscom-ist-mit-ihren-geschaeften-auf-kurs\\\/#breadcrumb\",\"itemListElement\":[{\"@type\":\"ListItem\",\"position\":1,\"name\":\"Home\",\"item\":\"https:\\\/\\\/www.organisator.ch\\\/\"},{\"@type\":\"ListItem\",\"position\":2,\"name\":\"Swisscom ist mit ihren Gesch\u00e4ften auf Kurs\"}]},{\"@type\":\"WebSite\",\"@id\":\"https:\\\/\\\/www.organisator.ch\\\/#website\",\"url\":\"https:\\\/\\\/www.organisator.ch\\\/\",\"name\":\"Organisator\",\"description\":\"Kompetent. Praxisnah. Der ORGANISATOR bereitet in 10 Ausgaben pro Jahr die wesentlichen Themen f\u00fcr F\u00fchrungskr\u00e4fte von KMU auf.\",\"publisher\":{\"@id\":\"https:\\\/\\\/www.organisator.ch\\\/#organization\"},\"potentialAction\":[{\"@type\":\"SearchAction\",\"target\":{\"@type\":\"EntryPoint\",\"urlTemplate\":\"https:\\\/\\\/www.organisator.ch\\\/?s={search_term_string}\"},\"query-input\":{\"@type\":\"PropertyValueSpecification\",\"valueRequired\":true,\"valueName\":\"search_term_string\"}}],\"inLanguage\":\"de\"},{\"@type\":\"Organization\",\"@id\":\"https:\\\/\\\/www.organisator.ch\\\/#organization\",\"name\":\"Organisator\",\"url\":\"https:\\\/\\\/www.organisator.ch\\\/\",\"logo\":{\"@type\":\"ImageObject\",\"inLanguage\":\"de\",\"@id\":\"https:\\\/\\\/www.organisator.ch\\\/#\\\/schema\\\/logo\\\/image\\\/\",\"url\":\"https:\\\/\\\/www.organisator.ch\\\/wp-content\\\/uploads\\\/2022\\\/01\\\/Logo_Organisator_Website.png\",\"contentUrl\":\"https:\\\/\\\/www.organisator.ch\\\/wp-content\\\/uploads\\\/2022\\\/01\\\/Logo_Organisator_Website.png\",\"width\":800,\"height\":77,\"caption\":\"Organisator\"},\"image\":{\"@id\":\"https:\\\/\\\/www.organisator.ch\\\/#\\\/schema\\\/logo\\\/image\\\/\"},\"sameAs\":[\"https:\\\/\\\/www.facebook.com\\\/OrganisatorFachmagazin\",\"https:\\\/\\\/www.linkedin.com\\\/showcase\\\/organisator-das-magazin-fr-kmu\",\"https:\\\/\\\/www.xing.com\\\/news\\\/pages\\\/organisator-ch-695\",\"https:\\\/\\\/www.youtube.com\\\/channel\\\/UCGP2Sq0iWaZwT3BdIAQFYpw\"]},{\"@type\":\"Person\",\"@id\":\"https:\\\/\\\/www.organisator.ch\\\/#\\\/schema\\\/person\\\/6f650f90b2842cd4c0cc334b4e36f67e\",\"name\":\"thomas.berner\",\"image\":{\"@type\":\"ImageObject\",\"inLanguage\":\"de\",\"@id\":\"https:\\\/\\\/secure.gravatar.com\\\/avatar\\\/ac5001d2a36cb6c6cd3e50789007ffca834b477b74a2144564522e944eabff61?s=96&d=mm&r=g\",\"url\":\"https:\\\/\\\/secure.gravatar.com\\\/avatar\\\/ac5001d2a36cb6c6cd3e50789007ffca834b477b74a2144564522e944eabff61?s=96&d=mm&r=g\",\"contentUrl\":\"https:\\\/\\\/secure.gravatar.com\\\/avatar\\\/ac5001d2a36cb6c6cd3e50789007ffca834b477b74a2144564522e944eabff61?s=96&d=mm&r=g\",\"caption\":\"thomas.berner\"},\"url\":\"https:\\\/\\\/www.organisator.ch\\\/de\\\/author\\\/thomas-berner\\\/\"}]}<\/script>\n<!-- \/ Yoast SEO plugin. -->","yoast_head_json":{"title":"Swisscom ist mit ihren Gesch\u00e4ften auf Kurs - Organisator","description":"Die Swisscom hat eben ihre aktuellen Halbjahreszahlen ver\u00f6ffentlicht. Das Unternehmen ist mit seinen Gesch\u00e4ftsbereichen auf Kurs.","robots":{"index":"index","follow":"follow","max-snippet":"max-snippet:-1","max-image-preview":"max-image-preview:large","max-video-preview":"max-video-preview:-1"},"canonical":"https:\/\/www.organisator.ch\/de\/allgemein\/2017-08-17\/swisscom-ist-mit-ihren-geschaeften-auf-kurs\/","og_locale":"de_DE","og_type":"article","og_title":"Swisscom ist mit ihren Gesch\u00e4ften auf Kurs","og_description":"Stabiler Umsatz im Vorjahresvergleich, h\u00f6herer EBITDA, anhaltender Trend zu B\u00fcndelprodukten, stabiles L\u00f6sungsgesch\u00e4ft mit Grosskunden und anhaltend hohe Investitionen in das Netz der Zukunft: Dies die Fakten des j\u00fcngsten Halbjahresberichts der #Swisscom.","og_url":"https:\/\/www.organisator.ch\/de\/allgemein\/2017-08-17\/swisscom-ist-mit-ihren-geschaeften-auf-kurs\/","og_site_name":"Organisator","article_publisher":"https:\/\/www.facebook.com\/OrganisatorFachmagazin","article_published_time":"2017-08-17T06:33:22+00:00","og_image":[{"width":640,"height":480,"url":"https:\/\/www.organisator.ch\/wp-content\/uploads\/2017\/08\/Swisscom-ist-mit-ihren-Geschaeften-auf-Kurs_Organisator.jpeg","type":"image\/jpeg"}],"author":"thomas.berner","twitter_card":"summary_large_image","twitter_title":"#Swisscom ist mit ihren Gesch\u00e4ften auf Kurs","twitter_description":"Stabiler Umsatz im Vorjahresvergleich, h\u00f6herer EBITDA, anhaltender Trend zu B\u00fcndelprodukten, stabiles L\u00f6sungsgesch\u00e4ft mit Grosskunden und anhaltend hohe Investitionen in das Netz der Zukunft: Dies die Fakten des j\u00fcngsten Halbjahresberichts der #Swisscom.","twitter_image":"https:\/\/www.organisator.ch\/wp-content\/uploads\/2017\/08\/Swisscom-ist-mit-ihren-Gesch\u00e4ften-auf-Kurs_Organisator.jpeg","schema":{"@context":"https:\/\/schema.org","@graph":[{"@type":"Article","@id":"https:\/\/www.organisator.ch\/fr\/general\/2017-08-17\/swisscom-ist-mit-ihren-geschaeften-auf-kurs\/#article","isPartOf":{"@id":"https:\/\/www.organisator.ch\/fr\/general\/2017-08-17\/swisscom-ist-mit-ihren-geschaeften-auf-kurs\/"},"author":{"name":"thomas.berner","@id":"https:\/\/www.organisator.ch\/#\/schema\/person\/6f650f90b2842cd4c0cc334b4e36f67e"},"headline":"Swisscom ist mit ihren Gesch\u00e4ften auf Kurs","datePublished":"2017-08-17T06:33:22+00:00","mainEntityOfPage":{"@id":"https:\/\/www.organisator.ch\/fr\/general\/2017-08-17\/swisscom-ist-mit-ihren-geschaeften-auf-kurs\/"},"wordCount":644,"commentCount":0,"publisher":{"@id":"https:\/\/www.organisator.ch\/#organization"},"image":{"@id":"https:\/\/www.organisator.ch\/fr\/general\/2017-08-17\/swisscom-ist-mit-ihren-geschaeften-auf-kurs\/#primaryimage"},"thumbnailUrl":"https:\/\/www.organisator.ch\/wp-content\/uploads\/2017\/08\/Swisscom-ist-mit-ihren-Geschaeften-auf-Kurs_Organisator.jpeg","keywords":["IT","Unternehmen","Vermischtes","Wirtschaftspolitik"],"inLanguage":"de"},{"@type":"WebPage","@id":"https:\/\/www.organisator.ch\/fr\/general\/2017-08-17\/swisscom-ist-mit-ihren-geschaeften-auf-kurs\/","url":"https:\/\/www.organisator.ch\/fr\/general\/2017-08-17\/swisscom-ist-mit-ihren-geschaeften-auf-kurs\/","name":"Swisscom ist mit ihren Gesch\u00e4ften auf Kurs - Organisator","isPartOf":{"@id":"https:\/\/www.organisator.ch\/#website"},"primaryImageOfPage":{"@id":"https:\/\/www.organisator.ch\/fr\/general\/2017-08-17\/swisscom-ist-mit-ihren-geschaeften-auf-kurs\/#primaryimage"},"image":{"@id":"https:\/\/www.organisator.ch\/fr\/general\/2017-08-17\/swisscom-ist-mit-ihren-geschaeften-auf-kurs\/#primaryimage"},"thumbnailUrl":"https:\/\/www.organisator.ch\/wp-content\/uploads\/2017\/08\/Swisscom-ist-mit-ihren-Geschaeften-auf-Kurs_Organisator.jpeg","datePublished":"2017-08-17T06:33:22+00:00","description":"Die Swisscom hat eben ihre aktuellen Halbjahreszahlen ver\u00f6ffentlicht. Das Unternehmen ist mit seinen Gesch\u00e4ftsbereichen auf Kurs.","breadcrumb":{"@id":"https:\/\/www.organisator.ch\/fr\/general\/2017-08-17\/swisscom-ist-mit-ihren-geschaeften-auf-kurs\/#breadcrumb"},"inLanguage":"de","potentialAction":[{"@type":"ReadAction","target":["https:\/\/www.organisator.ch\/fr\/general\/2017-08-17\/swisscom-ist-mit-ihren-geschaeften-auf-kurs\/"]}]},{"@type":"ImageObject","inLanguage":"de","@id":"https:\/\/www.organisator.ch\/fr\/general\/2017-08-17\/swisscom-ist-mit-ihren-geschaeften-auf-kurs\/#primaryimage","url":"https:\/\/www.organisator.ch\/wp-content\/uploads\/2017\/08\/Swisscom-ist-mit-ihren-Geschaeften-auf-Kurs_Organisator.jpeg","contentUrl":"https:\/\/www.organisator.ch\/wp-content\/uploads\/2017\/08\/Swisscom-ist-mit-ihren-Geschaeften-auf-Kurs_Organisator.jpeg","width":640,"height":480,"caption":"Die Swisscom kann auf ein gutes erstes Halbjahr zur\u00fcckblicken. (Bild: Swisscom)"},{"@type":"BreadcrumbList","@id":"https:\/\/www.organisator.ch\/fr\/general\/2017-08-17\/swisscom-ist-mit-ihren-geschaeften-auf-kurs\/#breadcrumb","itemListElement":[{"@type":"ListItem","position":1,"name":"Home","item":"https:\/\/www.organisator.ch\/"},{"@type":"ListItem","position":2,"name":"Swisscom ist mit ihren Gesch\u00e4ften auf Kurs"}]},{"@type":"WebSite","@id":"https:\/\/www.organisator.ch\/#website","url":"https:\/\/www.organisator.ch\/","name":"Organisator","description":"Kompetent. Praxisnah. Der ORGANISATOR bereitet in 10 Ausgaben pro Jahr die wesentlichen Themen f\u00fcr F\u00fchrungskr\u00e4fte von KMU auf.","publisher":{"@id":"https:\/\/www.organisator.ch\/#organization"},"potentialAction":[{"@type":"SearchAction","target":{"@type":"EntryPoint","urlTemplate":"https:\/\/www.organisator.ch\/?s={search_term_string}"},"query-input":{"@type":"PropertyValueSpecification","valueRequired":true,"valueName":"search_term_string"}}],"inLanguage":"de"},{"@type":"Organization","@id":"https:\/\/www.organisator.ch\/#organization","name":"Organisator","url":"https:\/\/www.organisator.ch\/","logo":{"@type":"ImageObject","inLanguage":"de","@id":"https:\/\/www.organisator.ch\/#\/schema\/logo\/image\/","url":"https:\/\/www.organisator.ch\/wp-content\/uploads\/2022\/01\/Logo_Organisator_Website.png","contentUrl":"https:\/\/www.organisator.ch\/wp-content\/uploads\/2022\/01\/Logo_Organisator_Website.png","width":800,"height":77,"caption":"Organisator"},"image":{"@id":"https:\/\/www.organisator.ch\/#\/schema\/logo\/image\/"},"sameAs":["https:\/\/www.facebook.com\/OrganisatorFachmagazin","https:\/\/www.linkedin.com\/showcase\/organisator-das-magazin-fr-kmu","https:\/\/www.xing.com\/news\/pages\/organisator-ch-695","https:\/\/www.youtube.com\/channel\/UCGP2Sq0iWaZwT3BdIAQFYpw"]},{"@type":"Person","@id":"https:\/\/www.organisator.ch\/#\/schema\/person\/6f650f90b2842cd4c0cc334b4e36f67e","name":"thomas.berner","image":{"@type":"ImageObject","inLanguage":"de","@id":"https:\/\/secure.gravatar.com\/avatar\/ac5001d2a36cb6c6cd3e50789007ffca834b477b74a2144564522e944eabff61?s=96&d=mm&r=g","url":"https:\/\/secure.gravatar.com\/avatar\/ac5001d2a36cb6c6cd3e50789007ffca834b477b74a2144564522e944eabff61?s=96&d=mm&r=g","contentUrl":"https:\/\/secure.gravatar.com\/avatar\/ac5001d2a36cb6c6cd3e50789007ffca834b477b74a2144564522e944eabff61?s=96&d=mm&r=g","caption":"thomas.berner"},"url":"https:\/\/www.organisator.ch\/de\/author\/thomas-berner\/"}]}},"_links":{"self":[{"href":"https:\/\/www.organisator.ch\/de\/wp-json\/wp\/v2\/posts\/2323","targetHints":{"allow":["GET"]}}],"collection":[{"href":"https:\/\/www.organisator.ch\/de\/wp-json\/wp\/v2\/posts"}],"about":[{"href":"https:\/\/www.organisator.ch\/de\/wp-json\/wp\/v2\/types\/post"}],"author":[{"embeddable":true,"href":"https:\/\/www.organisator.ch\/de\/wp-json\/wp\/v2\/users\/4"}],"replies":[{"embeddable":true,"href":"https:\/\/www.organisator.ch\/de\/wp-json\/wp\/v2\/comments?post=2323"}],"version-history":[{"count":0,"href":"https:\/\/www.organisator.ch\/de\/wp-json\/wp\/v2\/posts\/2323\/revisions"}],"wp:featuredmedia":[{"embeddable":true,"href":"https:\/\/www.organisator.ch\/de\/wp-json\/wp\/v2\/media\/2324"}],"wp:attachment":[{"href":"https:\/\/www.organisator.ch\/de\/wp-json\/wp\/v2\/media?parent=2323"}],"wp:term":[{"taxonomy":"category","embeddable":true,"href":"https:\/\/www.organisator.ch\/de\/wp-json\/wp\/v2\/categories?post=2323"},{"taxonomy":"post_tag","embeddable":true,"href":"https:\/\/www.organisator.ch\/de\/wp-json\/wp\/v2\/tags?post=2323"}],"curies":[{"name":"wp","href":"https:\/\/api.w.org\/{rel}","templated":true}]}}