{"id":23266,"date":"2023-11-20T14:05:57","date_gmt":"2023-11-20T13:05:57","guid":{"rendered":"https:\/\/www.organisator.ch\/?p=23266"},"modified":"2023-11-23T13:51:39","modified_gmt":"2023-11-23T12:51:39","slug":"75-aller-potenziellen-kandidaten-sind-passivsuchend","status":"publish","type":"post","link":"https:\/\/www.organisator.ch\/de\/human-resources\/2023-11-20\/75-aller-potenziellen-kandidaten-sind-passivsuchend\/","title":{"rendered":"75% aller potenziellen Kandidaten sind passivsuchend"},"content":{"rendered":"<figure id=\"attachment_23267\" aria-describedby=\"caption-attachment-23267\" style=\"width: 680px\" class=\"wp-caption alignnone\"><img loading=\"lazy\" decoding=\"async\" class=\"size-full wp-image-23267\" src=\"https:\/\/www.organisator.ch\/wp-content\/uploads\/2023\/11\/brandaktuell_Bild1_ps.jpg\" alt=\"\" width=\"680\" height=\"680\" srcset=\"https:\/\/www.organisator.ch\/wp-content\/uploads\/2023\/11\/brandaktuell_Bild1_ps.jpg 680w, https:\/\/www.organisator.ch\/wp-content\/uploads\/2023\/11\/brandaktuell_Bild1_ps-150x150.jpg 150w, https:\/\/www.organisator.ch\/wp-content\/uploads\/2023\/11\/brandaktuell_Bild1_ps-12x12.jpg 12w, https:\/\/www.organisator.ch\/wp-content\/uploads\/2023\/11\/brandaktuell_Bild1_ps-300x300.jpg 300w, https:\/\/www.organisator.ch\/wp-content\/uploads\/2023\/11\/brandaktuell_Bild1_ps-350x350.jpg 350w, https:\/\/www.organisator.ch\/wp-content\/uploads\/2023\/11\/brandaktuell_Bild1_ps-250x250.jpg 250w\" sizes=\"auto, (max-width: 680px) 100vw, 680px\" \/><figcaption id=\"caption-attachment-23267\" class=\"wp-caption-text\">Modernes Recruiting \u00fcber Social Media mit brandAktuell. (Bild: www.brand-aktuell.ch)<\/figcaption><\/figure>\n<p>Wer aktiv nach einer neuen Arbeitsstelle sucht, meldet sich auf entsprechenden Plattformen mit Jobangeboten an. \u201cDoch wer sucht heute noch aktiv nach einer Stelle?\u201d, fragt Devin Betschart, Mitgr\u00fcnder von brandAktuell. \u201cDrei Viertel der arbeitst\u00e4tigen Personen ist passivsuchend. Das heisst, sie suchen nicht aktiv nach einer Stelle, bewerben sich jedoch, sollte ihnen ein passendes Angebot begegnen.\u201d Und wo begegnen Menschen heutzutage interessanten Dingen? Richtig, auf Social Media.<\/p>\n<h3><strong>Recruiting \u00fcber Social Media<\/strong><\/h3>\n<p>Modernes Recruiting l\u00e4uft heutzutage \u00fcber Social Media, da sind sich die Jungunternehmer Aaron auf der Maur und Devin Betschart sicher. In der Schweiz nutzen rund 7.3 Millionen Menschen soziale Medien \u2013 f\u00fcr brandAktuell eine riesige Chance. \u201cDie meisten Menschen verbringen stundenlange auf Social Media\u201d, so Aaron auf der Maur. \u201cStolpern sie dort \u00fcber einen Post oder ein Profil eines Arbeitgebers, von dem sie sich angesprochen f\u00fchlen, ist die Chance gross, dass sie sich auch bewerben oder den Arbeitgeber positiv in Erinnerung behalten.\u201d<\/p>\n<h3><strong>Erfolgreich das richtige Personal finden<\/strong><\/h3>\n<p>Sobald sich Unternehmen als attraktive Arbeitgeber auf Social Media pr\u00e4sentieren und dort auf ihre offenen Stellen aufmerksam machen, vergr\u00f6ssern sie ihre Chance, die passenden Kandidatinnen und Kandidaten zu finden, um ein Vielfaches. \u201cUnsere Kunden k\u00f6nnen zum Teil den Erfolg ihrer Stellensuche um 5000% steigern \u2013 auf 2 Bewerbungen via herk\u00f6mmlichen Online-Inseraten kamen 102 Bewerbungen \u00fcber Social Media\u201d, erz\u00e4hlt Devin Betschart. Im Schnitt generiert eine Jobausschreibung auf Social Media 71 Bewerbungen.<\/p>\n<h3><strong>Moderne Tools f\u00fcr messbare Ergebnisse<\/strong><\/h3>\n<p>Mittels Employer Branding hilft brandAktuell ihren Kunden, eine starke Arbeitgebermarke aufzubauen und sie als attraktive Arbeitgeber zu positionieren \u2013 via Social Recruiting werden diese Werte und die offenen Stellen dann an die potenziellen Kandidatinnen und Kandidaten getragen. Produziert wird bei brandAktuell alles in-house. Mit diesem Prinzip konnten Aaron und Devin mit ihrem Team bereits \u00fcber 110 Kunden akquirieren und mehr als 9\u2019000 Bewerbungen generieren. \u201cWir verhelfen unseren Kunden dazu, dass ihre Stellenangebote von den richtigen, qualifizierten Personen gesehen werden und sie ihre Stellen langfristig besetzen k\u00f6nnen\u201d, fasst Aaron auf der Maur das junge Unternehmen in einem Satz zusammen.<\/p>\n<p><em>Quelle: <a href=\"https:\/\/brand-aktuell.ch\/\">www.brand-aktuell.ch\u00a0<\/a><\/em><\/p>\n","protected":false},"excerpt":{"rendered":"<p>7.3 Millionen Menschen benutzen in der Schweiz Social Media \u2013 und zwar nicht nur zur Unterhaltung. Immer mehr Menschen finden ihren neuen Job via Social Media. Stellenausschreibungen auf Social Media generieren im Schnitt 71 Bewerbungen \u2013 diese hohe Zahl zeigt, dass auch Personen angesprochen werden, die gar nicht aktiv suchen. Dass Unternehmen diese Personen finden und somit die qualifizierten Talente f\u00fcr ihre offenen Stellen, das hat sich das junge Unternehmen brandAktuell zur Aufgabe gemacht. <\/p>\n","protected":false},"author":58,"featured_media":23267,"comment_status":"closed","ping_status":"closed","sticky":false,"template":"","format":"standard","meta":{"_acf_changed":false,"_yoast_wpseo_focuskw":"Kandidaten","_yoast_wpseo_metadesc":"7.3 Millionen Menschen benutzen in der Schweiz Social Media und immer mehr Menschen finden ihren neuen Job via Social Media.","articlekey":"","footnotes":""},"categories":[579],"tags":[3634,424,438,453,492],"class_list":["post-23266","post","type-post","status-publish","format-standard","has-post-thumbnail","hentry","category-human-resources","tag-jungunternehmen","tag-schweiz","tag-social-media","tag-stellensuche","tag-unternehmen"],"acf":[],"yoast_head":"<!-- This site is optimized with the Yoast SEO plugin v27.5 - https:\/\/yoast.com\/product\/yoast-seo-wordpress\/ -->\n<title>75% aller potenziellen Kandidaten sind passivsuchend - Organisator<\/title>\n<meta name=\"description\" content=\"7.3 Millionen Menschen benutzen in der Schweiz Social Media und immer mehr Menschen finden ihren neuen Job via Social Media.\" \/>\n<meta name=\"robots\" content=\"index, follow, max-snippet:-1, max-image-preview:large, max-video-preview:-1\" \/>\n<link rel=\"canonical\" href=\"https:\/\/www.organisator.ch\/de\/human-resources\/2023-11-20\/75-aller-potenziellen-kandidaten-sind-passivsuchend\/\" \/>\n<meta property=\"og:locale\" content=\"de_DE\" \/>\n<meta property=\"og:type\" content=\"article\" \/>\n<meta property=\"og:title\" content=\"75% aller potenziellen Kandidaten sind passivsuchend\" \/>\n<meta property=\"og:description\" content=\"7.3 Millionen Menschen benutzen in der Schweiz Social Media und immer mehr Menschen finden ihren neuen Job via Social Media.\" \/>\n<meta property=\"og:url\" content=\"https:\/\/www.organisator.ch\/de\/human-resources\/2023-11-20\/75-aller-potenziellen-kandidaten-sind-passivsuchend\/\" \/>\n<meta property=\"og:site_name\" content=\"Organisator\" \/>\n<meta property=\"article:publisher\" content=\"https:\/\/www.facebook.com\/OrganisatorFachmagazin\" \/>\n<meta property=\"article:published_time\" content=\"2023-11-20T13:05:57+00:00\" \/>\n<meta property=\"article:modified_time\" content=\"2023-11-23T12:51:39+00:00\" \/>\n<meta property=\"og:image\" content=\"https:\/\/www.organisator.ch\/wp-content\/uploads\/2023\/11\/brandaktuell_Bild1_ps.jpg\" \/>\n\t<meta property=\"og:image:width\" content=\"680\" \/>\n\t<meta property=\"og:image:height\" content=\"680\" \/>\n\t<meta property=\"og:image:type\" content=\"image\/jpeg\" \/>\n<meta name=\"author\" content=\"Adelisa Kalajdzini\" \/>\n<meta name=\"twitter:card\" content=\"summary_large_image\" \/>\n<meta name=\"twitter:title\" content=\"75% aller potenziellen Kandidaten sind passivsuchend\" \/>\n<meta name=\"twitter:description\" content=\"7.3 Millionen Menschen benutzen in der #Schweiz #Social Media und immer mehr Menschen finden ihren neuen #Job via Social Media.\" \/>\n<meta name=\"twitter:image\" content=\"https:\/\/www.organisator.ch\/wp-content\/uploads\/2023\/11\/brandaktuell_Bild1_ps.jpg\" \/>\n<script type=\"application\/ld+json\" class=\"yoast-schema-graph\">{\"@context\":\"https:\\\/\\\/schema.org\",\"@graph\":[{\"@type\":\"Article\",\"@id\":\"https:\\\/\\\/www.organisator.ch\\\/human-resources\\\/2023-11-20\\\/75-aller-potenziellen-kandidaten-sind-passivsuchend\\\/#article\",\"isPartOf\":{\"@id\":\"https:\\\/\\\/www.organisator.ch\\\/human-resources\\\/2023-11-20\\\/75-aller-potenziellen-kandidaten-sind-passivsuchend\\\/\"},\"author\":{\"name\":\"Adelisa Kalajdzini\",\"@id\":\"https:\\\/\\\/www.organisator.ch\\\/#\\\/schema\\\/person\\\/2e1314a2172123f874db408d8911d3f3\"},\"headline\":\"75% aller potenziellen Kandidaten sind passivsuchend\",\"datePublished\":\"2023-11-20T13:05:57+00:00\",\"dateModified\":\"2023-11-23T12:51:39+00:00\",\"mainEntityOfPage\":{\"@id\":\"https:\\\/\\\/www.organisator.ch\\\/human-resources\\\/2023-11-20\\\/75-aller-potenziellen-kandidaten-sind-passivsuchend\\\/\"},\"wordCount\":359,\"publisher\":{\"@id\":\"https:\\\/\\\/www.organisator.ch\\\/#organization\"},\"image\":{\"@id\":\"https:\\\/\\\/www.organisator.ch\\\/human-resources\\\/2023-11-20\\\/75-aller-potenziellen-kandidaten-sind-passivsuchend\\\/#primaryimage\"},\"thumbnailUrl\":\"https:\\\/\\\/www.organisator.ch\\\/wp-content\\\/uploads\\\/2023\\\/11\\\/brandaktuell_Bild1_ps.jpg\",\"keywords\":[\"Jungunternehmen\",\"Schweiz\",\"Social Media\",\"Stellensuche\",\"Unternehmen\"],\"articleSection\":[\"HUMAN RESOURCES\"],\"inLanguage\":\"de\"},{\"@type\":\"WebPage\",\"@id\":\"https:\\\/\\\/www.organisator.ch\\\/human-resources\\\/2023-11-20\\\/75-aller-potenziellen-kandidaten-sind-passivsuchend\\\/\",\"url\":\"https:\\\/\\\/www.organisator.ch\\\/human-resources\\\/2023-11-20\\\/75-aller-potenziellen-kandidaten-sind-passivsuchend\\\/\",\"name\":\"75% aller potenziellen Kandidaten sind passivsuchend - Organisator\",\"isPartOf\":{\"@id\":\"https:\\\/\\\/www.organisator.ch\\\/#website\"},\"primaryImageOfPage\":{\"@id\":\"https:\\\/\\\/www.organisator.ch\\\/human-resources\\\/2023-11-20\\\/75-aller-potenziellen-kandidaten-sind-passivsuchend\\\/#primaryimage\"},\"image\":{\"@id\":\"https:\\\/\\\/www.organisator.ch\\\/human-resources\\\/2023-11-20\\\/75-aller-potenziellen-kandidaten-sind-passivsuchend\\\/#primaryimage\"},\"thumbnailUrl\":\"https:\\\/\\\/www.organisator.ch\\\/wp-content\\\/uploads\\\/2023\\\/11\\\/brandaktuell_Bild1_ps.jpg\",\"datePublished\":\"2023-11-20T13:05:57+00:00\",\"dateModified\":\"2023-11-23T12:51:39+00:00\",\"description\":\"7.3 Millionen Menschen benutzen in der Schweiz Social Media und immer mehr Menschen finden ihren neuen Job via Social Media.\",\"breadcrumb\":{\"@id\":\"https:\\\/\\\/www.organisator.ch\\\/human-resources\\\/2023-11-20\\\/75-aller-potenziellen-kandidaten-sind-passivsuchend\\\/#breadcrumb\"},\"inLanguage\":\"de\",\"potentialAction\":[{\"@type\":\"ReadAction\",\"target\":[\"https:\\\/\\\/www.organisator.ch\\\/human-resources\\\/2023-11-20\\\/75-aller-potenziellen-kandidaten-sind-passivsuchend\\\/\"]}]},{\"@type\":\"ImageObject\",\"inLanguage\":\"de\",\"@id\":\"https:\\\/\\\/www.organisator.ch\\\/human-resources\\\/2023-11-20\\\/75-aller-potenziellen-kandidaten-sind-passivsuchend\\\/#primaryimage\",\"url\":\"https:\\\/\\\/www.organisator.ch\\\/wp-content\\\/uploads\\\/2023\\\/11\\\/brandaktuell_Bild1_ps.jpg\",\"contentUrl\":\"https:\\\/\\\/www.organisator.ch\\\/wp-content\\\/uploads\\\/2023\\\/11\\\/brandaktuell_Bild1_ps.jpg\",\"width\":680,\"height\":680,\"caption\":\"Modernes Recruiting \u00fcber Social Media mit brandAktuell. (Bild: www.brand-aktuell.ch)\"},{\"@type\":\"BreadcrumbList\",\"@id\":\"https:\\\/\\\/www.organisator.ch\\\/human-resources\\\/2023-11-20\\\/75-aller-potenziellen-kandidaten-sind-passivsuchend\\\/#breadcrumb\",\"itemListElement\":[{\"@type\":\"ListItem\",\"position\":1,\"name\":\"Home\",\"item\":\"https:\\\/\\\/www.organisator.ch\\\/\"},{\"@type\":\"ListItem\",\"position\":2,\"name\":\"75% aller potenziellen Kandidaten sind passivsuchend\"}]},{\"@type\":\"WebSite\",\"@id\":\"https:\\\/\\\/www.organisator.ch\\\/#website\",\"url\":\"https:\\\/\\\/www.organisator.ch\\\/\",\"name\":\"Organisator\",\"description\":\"Kompetent. Praxisnah. Der ORGANISATOR bereitet in 10 Ausgaben pro Jahr die wesentlichen Themen f\u00fcr F\u00fchrungskr\u00e4fte von KMU auf.\",\"publisher\":{\"@id\":\"https:\\\/\\\/www.organisator.ch\\\/#organization\"},\"potentialAction\":[{\"@type\":\"SearchAction\",\"target\":{\"@type\":\"EntryPoint\",\"urlTemplate\":\"https:\\\/\\\/www.organisator.ch\\\/?s={search_term_string}\"},\"query-input\":{\"@type\":\"PropertyValueSpecification\",\"valueRequired\":true,\"valueName\":\"search_term_string\"}}],\"inLanguage\":\"de\"},{\"@type\":\"Organization\",\"@id\":\"https:\\\/\\\/www.organisator.ch\\\/#organization\",\"name\":\"Organisator\",\"url\":\"https:\\\/\\\/www.organisator.ch\\\/\",\"logo\":{\"@type\":\"ImageObject\",\"inLanguage\":\"de\",\"@id\":\"https:\\\/\\\/www.organisator.ch\\\/#\\\/schema\\\/logo\\\/image\\\/\",\"url\":\"https:\\\/\\\/www.organisator.ch\\\/wp-content\\\/uploads\\\/2022\\\/01\\\/Logo_Organisator_Website.png\",\"contentUrl\":\"https:\\\/\\\/www.organisator.ch\\\/wp-content\\\/uploads\\\/2022\\\/01\\\/Logo_Organisator_Website.png\",\"width\":800,\"height\":77,\"caption\":\"Organisator\"},\"image\":{\"@id\":\"https:\\\/\\\/www.organisator.ch\\\/#\\\/schema\\\/logo\\\/image\\\/\"},\"sameAs\":[\"https:\\\/\\\/www.facebook.com\\\/OrganisatorFachmagazin\",\"https:\\\/\\\/www.linkedin.com\\\/showcase\\\/organisator-das-magazin-fr-kmu\",\"https:\\\/\\\/www.xing.com\\\/news\\\/pages\\\/organisator-ch-695\",\"https:\\\/\\\/www.youtube.com\\\/channel\\\/UCGP2Sq0iWaZwT3BdIAQFYpw\"]},{\"@type\":\"Person\",\"@id\":\"https:\\\/\\\/www.organisator.ch\\\/#\\\/schema\\\/person\\\/2e1314a2172123f874db408d8911d3f3\",\"name\":\"Adelisa Kalajdzini\",\"image\":{\"@type\":\"ImageObject\",\"inLanguage\":\"de\",\"@id\":\"https:\\\/\\\/secure.gravatar.com\\\/avatar\\\/09a397c22ac58cad6f160ee8306348599df9df58a8ede73696226897b9fa4b24?s=96&d=mm&r=g\",\"url\":\"https:\\\/\\\/secure.gravatar.com\\\/avatar\\\/09a397c22ac58cad6f160ee8306348599df9df58a8ede73696226897b9fa4b24?s=96&d=mm&r=g\",\"contentUrl\":\"https:\\\/\\\/secure.gravatar.com\\\/avatar\\\/09a397c22ac58cad6f160ee8306348599df9df58a8ede73696226897b9fa4b24?s=96&d=mm&r=g\",\"caption\":\"Adelisa Kalajdzini\"},\"url\":\"https:\\\/\\\/www.organisator.ch\\\/de\\\/author\\\/adelisa-kalajdzini\\\/\"}]}<\/script>\n<!-- \/ Yoast SEO plugin. -->","yoast_head_json":{"title":"75% aller potenziellen Kandidaten sind passivsuchend - Organisator","description":"7.3 Millionen Menschen benutzen in der Schweiz Social Media und immer mehr Menschen finden ihren neuen Job via Social Media.","robots":{"index":"index","follow":"follow","max-snippet":"max-snippet:-1","max-image-preview":"max-image-preview:large","max-video-preview":"max-video-preview:-1"},"canonical":"https:\/\/www.organisator.ch\/de\/human-resources\/2023-11-20\/75-aller-potenziellen-kandidaten-sind-passivsuchend\/","og_locale":"de_DE","og_type":"article","og_title":"75% aller potenziellen Kandidaten sind passivsuchend","og_description":"7.3 Millionen Menschen benutzen in der Schweiz Social Media und immer mehr Menschen finden ihren neuen Job via Social Media.","og_url":"https:\/\/www.organisator.ch\/de\/human-resources\/2023-11-20\/75-aller-potenziellen-kandidaten-sind-passivsuchend\/","og_site_name":"Organisator","article_publisher":"https:\/\/www.facebook.com\/OrganisatorFachmagazin","article_published_time":"2023-11-20T13:05:57+00:00","article_modified_time":"2023-11-23T12:51:39+00:00","og_image":[{"width":680,"height":680,"url":"https:\/\/www.organisator.ch\/wp-content\/uploads\/2023\/11\/brandaktuell_Bild1_ps.jpg","type":"image\/jpeg"}],"author":"Adelisa Kalajdzini","twitter_card":"summary_large_image","twitter_title":"75% aller potenziellen Kandidaten sind passivsuchend","twitter_description":"7.3 Millionen Menschen benutzen in der #Schweiz #Social Media und immer mehr Menschen finden ihren neuen #Job via Social Media.","twitter_image":"https:\/\/www.organisator.ch\/wp-content\/uploads\/2023\/11\/brandaktuell_Bild1_ps.jpg","schema":{"@context":"https:\/\/schema.org","@graph":[{"@type":"Article","@id":"https:\/\/www.organisator.ch\/human-resources\/2023-11-20\/75-aller-potenziellen-kandidaten-sind-passivsuchend\/#article","isPartOf":{"@id":"https:\/\/www.organisator.ch\/human-resources\/2023-11-20\/75-aller-potenziellen-kandidaten-sind-passivsuchend\/"},"author":{"name":"Adelisa Kalajdzini","@id":"https:\/\/www.organisator.ch\/#\/schema\/person\/2e1314a2172123f874db408d8911d3f3"},"headline":"75% aller potenziellen Kandidaten sind passivsuchend","datePublished":"2023-11-20T13:05:57+00:00","dateModified":"2023-11-23T12:51:39+00:00","mainEntityOfPage":{"@id":"https:\/\/www.organisator.ch\/human-resources\/2023-11-20\/75-aller-potenziellen-kandidaten-sind-passivsuchend\/"},"wordCount":359,"publisher":{"@id":"https:\/\/www.organisator.ch\/#organization"},"image":{"@id":"https:\/\/www.organisator.ch\/human-resources\/2023-11-20\/75-aller-potenziellen-kandidaten-sind-passivsuchend\/#primaryimage"},"thumbnailUrl":"https:\/\/www.organisator.ch\/wp-content\/uploads\/2023\/11\/brandaktuell_Bild1_ps.jpg","keywords":["Jungunternehmen","Schweiz","Social Media","Stellensuche","Unternehmen"],"articleSection":["HUMAN RESOURCES"],"inLanguage":"de"},{"@type":"WebPage","@id":"https:\/\/www.organisator.ch\/human-resources\/2023-11-20\/75-aller-potenziellen-kandidaten-sind-passivsuchend\/","url":"https:\/\/www.organisator.ch\/human-resources\/2023-11-20\/75-aller-potenziellen-kandidaten-sind-passivsuchend\/","name":"75% aller potenziellen Kandidaten sind passivsuchend - Organisator","isPartOf":{"@id":"https:\/\/www.organisator.ch\/#website"},"primaryImageOfPage":{"@id":"https:\/\/www.organisator.ch\/human-resources\/2023-11-20\/75-aller-potenziellen-kandidaten-sind-passivsuchend\/#primaryimage"},"image":{"@id":"https:\/\/www.organisator.ch\/human-resources\/2023-11-20\/75-aller-potenziellen-kandidaten-sind-passivsuchend\/#primaryimage"},"thumbnailUrl":"https:\/\/www.organisator.ch\/wp-content\/uploads\/2023\/11\/brandaktuell_Bild1_ps.jpg","datePublished":"2023-11-20T13:05:57+00:00","dateModified":"2023-11-23T12:51:39+00:00","description":"7.3 Millionen Menschen benutzen in der Schweiz Social Media und immer mehr Menschen finden ihren neuen Job via Social Media.","breadcrumb":{"@id":"https:\/\/www.organisator.ch\/human-resources\/2023-11-20\/75-aller-potenziellen-kandidaten-sind-passivsuchend\/#breadcrumb"},"inLanguage":"de","potentialAction":[{"@type":"ReadAction","target":["https:\/\/www.organisator.ch\/human-resources\/2023-11-20\/75-aller-potenziellen-kandidaten-sind-passivsuchend\/"]}]},{"@type":"ImageObject","inLanguage":"de","@id":"https:\/\/www.organisator.ch\/human-resources\/2023-11-20\/75-aller-potenziellen-kandidaten-sind-passivsuchend\/#primaryimage","url":"https:\/\/www.organisator.ch\/wp-content\/uploads\/2023\/11\/brandaktuell_Bild1_ps.jpg","contentUrl":"https:\/\/www.organisator.ch\/wp-content\/uploads\/2023\/11\/brandaktuell_Bild1_ps.jpg","width":680,"height":680,"caption":"Modernes Recruiting \u00fcber Social Media mit brandAktuell. (Bild: www.brand-aktuell.ch)"},{"@type":"BreadcrumbList","@id":"https:\/\/www.organisator.ch\/human-resources\/2023-11-20\/75-aller-potenziellen-kandidaten-sind-passivsuchend\/#breadcrumb","itemListElement":[{"@type":"ListItem","position":1,"name":"Home","item":"https:\/\/www.organisator.ch\/"},{"@type":"ListItem","position":2,"name":"75% aller potenziellen Kandidaten sind passivsuchend"}]},{"@type":"WebSite","@id":"https:\/\/www.organisator.ch\/#website","url":"https:\/\/www.organisator.ch\/","name":"Organisator","description":"Kompetent. Praxisnah. Der ORGANISATOR bereitet in 10 Ausgaben pro Jahr die wesentlichen Themen f\u00fcr F\u00fchrungskr\u00e4fte von KMU auf.","publisher":{"@id":"https:\/\/www.organisator.ch\/#organization"},"potentialAction":[{"@type":"SearchAction","target":{"@type":"EntryPoint","urlTemplate":"https:\/\/www.organisator.ch\/?s={search_term_string}"},"query-input":{"@type":"PropertyValueSpecification","valueRequired":true,"valueName":"search_term_string"}}],"inLanguage":"de"},{"@type":"Organization","@id":"https:\/\/www.organisator.ch\/#organization","name":"Organisator","url":"https:\/\/www.organisator.ch\/","logo":{"@type":"ImageObject","inLanguage":"de","@id":"https:\/\/www.organisator.ch\/#\/schema\/logo\/image\/","url":"https:\/\/www.organisator.ch\/wp-content\/uploads\/2022\/01\/Logo_Organisator_Website.png","contentUrl":"https:\/\/www.organisator.ch\/wp-content\/uploads\/2022\/01\/Logo_Organisator_Website.png","width":800,"height":77,"caption":"Organisator"},"image":{"@id":"https:\/\/www.organisator.ch\/#\/schema\/logo\/image\/"},"sameAs":["https:\/\/www.facebook.com\/OrganisatorFachmagazin","https:\/\/www.linkedin.com\/showcase\/organisator-das-magazin-fr-kmu","https:\/\/www.xing.com\/news\/pages\/organisator-ch-695","https:\/\/www.youtube.com\/channel\/UCGP2Sq0iWaZwT3BdIAQFYpw"]},{"@type":"Person","@id":"https:\/\/www.organisator.ch\/#\/schema\/person\/2e1314a2172123f874db408d8911d3f3","name":"Adelisa Kalajdzini","image":{"@type":"ImageObject","inLanguage":"de","@id":"https:\/\/secure.gravatar.com\/avatar\/09a397c22ac58cad6f160ee8306348599df9df58a8ede73696226897b9fa4b24?s=96&d=mm&r=g","url":"https:\/\/secure.gravatar.com\/avatar\/09a397c22ac58cad6f160ee8306348599df9df58a8ede73696226897b9fa4b24?s=96&d=mm&r=g","contentUrl":"https:\/\/secure.gravatar.com\/avatar\/09a397c22ac58cad6f160ee8306348599df9df58a8ede73696226897b9fa4b24?s=96&d=mm&r=g","caption":"Adelisa Kalajdzini"},"url":"https:\/\/www.organisator.ch\/de\/author\/adelisa-kalajdzini\/"}]}},"_links":{"self":[{"href":"https:\/\/www.organisator.ch\/de\/wp-json\/wp\/v2\/posts\/23266","targetHints":{"allow":["GET"]}}],"collection":[{"href":"https:\/\/www.organisator.ch\/de\/wp-json\/wp\/v2\/posts"}],"about":[{"href":"https:\/\/www.organisator.ch\/de\/wp-json\/wp\/v2\/types\/post"}],"author":[{"embeddable":true,"href":"https:\/\/www.organisator.ch\/de\/wp-json\/wp\/v2\/users\/58"}],"replies":[{"embeddable":true,"href":"https:\/\/www.organisator.ch\/de\/wp-json\/wp\/v2\/comments?post=23266"}],"version-history":[{"count":2,"href":"https:\/\/www.organisator.ch\/de\/wp-json\/wp\/v2\/posts\/23266\/revisions"}],"predecessor-version":[{"id":23366,"href":"https:\/\/www.organisator.ch\/de\/wp-json\/wp\/v2\/posts\/23266\/revisions\/23366"}],"wp:featuredmedia":[{"embeddable":true,"href":"https:\/\/www.organisator.ch\/de\/wp-json\/wp\/v2\/media\/23267"}],"wp:attachment":[{"href":"https:\/\/www.organisator.ch\/de\/wp-json\/wp\/v2\/media?parent=23266"}],"wp:term":[{"taxonomy":"category","embeddable":true,"href":"https:\/\/www.organisator.ch\/de\/wp-json\/wp\/v2\/categories?post=23266"},{"taxonomy":"post_tag","embeddable":true,"href":"https:\/\/www.organisator.ch\/de\/wp-json\/wp\/v2\/tags?post=23266"}],"curies":[{"name":"wp","href":"https:\/\/api.w.org\/{rel}","templated":true}]}}