{"id":23325,"date":"2023-11-22T15:00:19","date_gmt":"2023-11-22T14:00:19","guid":{"rendered":"https:\/\/www.werbewoche.ch\/?p=206681"},"modified":"2024-11-12T14:40:27","modified_gmt":"2024-11-12T13:40:27","slug":"mit-wemf-daten-schnaeppchenjaegern-auf-der-spur","status":"publish","type":"post","link":"https:\/\/www.organisator.ch\/de\/marketing\/2023-11-22\/mit-wemf-daten-schnaeppchenjaegern-auf-der-spur\/","title":{"rendered":"Mit WEMF-Daten Schn\u00e4ppchenj\u00e4gern auf der Spur"},"content":{"rendered":"<p><\/p>\r\n<p>Anna M\u00fcller, Project Manager MACH Consumer und Maria-Isabel Koch, Project Manager MACH Values, pr\u00e4sentierten einen interessanten Fall zum Black Friday, bei dem sie mithilfe von Daten eine umfassende Kampagne entwickelten. Die Potential-Analyse begann mit der MACH Consumer, die es erm\u00f6glichte, Merkmale und Verhaltensweisen leicht zu analysieren. Bei der Zielgruppenanalyse stellten sie fest, dass vor allem ein j\u00fcngeres Publikum unter 40 Jahren mit grossem Interesse und Preissensibilit\u00e4t im Fokus steht.<\/p>\r\n<p>Die Zielgruppe zeigte sich als hedonistisch veranlagt, konsumfreudig, gut informiert \u00fcber Produkte und technisch versiert. Die Medienstrategie konzentrierte sich auf personalisierte Ans\u00e4tze, wobei Online- und station\u00e4rer Handel im Elektronikbereich eine wichtige Rolle spielten. Die Nutzung von Social Media, Videostreaming, Fernsehstreaming und Out-of-Home-Medien wurde betont, um eine mobile Zielgruppe zu erreichen. Printtitel und lokale Radiosender waren trotz der Online-Affinit\u00e4t der Zielgruppe ebenfalls relevant.<\/p>\r\n<p>Die Werbekampagne sollte verspielte Elemente enthalten, die der Zielgruppe, die eine hohe Affinit\u00e4t zu Gl\u00fccksspielen hatte, entsprechen. Die Pr\u00e4sentation von Rabattcodes in Rubbellosen und die Integration von Gl\u00fccksrad-Apps waren m\u00f6gliche Ans\u00e4tze. Die Daten boten Einblicke in das Verhalten der Zielgruppe und erm\u00f6glichten eine gezielte Ansprache.<\/p>\r\n<p>Werbewoche-Redaktor Beat H\u00fcrlimann erkundigten sich abschliessend, ob die vorhandenen Tools auch ausreichend genutzt w\u00fcrden. Maria-Isabelle Koch betonte, dass die Zugriffe auf die bereitgestellten Informationen hoch sind, es jedoch immer Potenzial f\u00fcr weitere Nutzung gibt, insbesondere von Werbeauftraggebern, die m\u00f6glicherweise noch nicht das volle Potenzial der Machstudien erkannt haben.<\/p>","protected":false},"excerpt":{"rendered":"<p>Am Schweizerischen Medienforschungstag 2023 enth\u00fcllten Wemf-Forscherinnen Anna M\u00fcller und Maria Isabel Koch, wie WEMF-Daten bei der Planung von erfolgreichen Black Friday-Kampagnen unterst\u00fctzen. Werbewoche.ch hat die beiden Forscherinnen im Anschluss zum Video-Talk getroffen.<\/p>\n","protected":false},"author":8,"featured_media":23342,"comment_status":"closed","ping_status":"closed","sticky":false,"template":"","format":"standard","meta":{"_acf_changed":false,"_yoast_wpseo_focuskw":"Black Friday Datenanalyse","_yoast_wpseo_metadesc":"Black Friday Kampagne: MACH Consumer analysiert j\u00fcngere Zielgruppe und optimiert personalisierte Werbestrategien.","articlekey":"","footnotes":""},"categories":[29],"tags":[4009],"class_list":["post-23325","post","type-post","status-publish","format-standard","has-post-thumbnail","hentry","category-marketing","tag-medienforschung"],"acf":[],"yoast_head":"<!-- This site is optimized with the Yoast SEO plugin v27.5 - https:\/\/yoast.com\/product\/yoast-seo-wordpress\/ -->\n<title>Mit WEMF-Daten Schn\u00e4ppchenj\u00e4gern auf der Spur - Organisator<\/title>\n<meta name=\"description\" content=\"Black Friday Kampagne: MACH Consumer analysiert j\u00fcngere Zielgruppe und optimiert personalisierte Werbestrategien.\" \/>\n<meta name=\"robots\" content=\"index, follow, max-snippet:-1, max-image-preview:large, max-video-preview:-1\" \/>\n<link rel=\"canonical\" href=\"https:\/\/www.organisator.ch\/de\/marketing\/2023-11-22\/mit-wemf-daten-schnaeppchenjaegern-auf-der-spur\/\" \/>\n<meta property=\"og:locale\" content=\"de_DE\" \/>\n<meta property=\"og:type\" content=\"article\" \/>\n<meta property=\"og:title\" content=\"Mit WEMF-Daten Schn\u00e4ppchenj\u00e4gern auf der Spur - Organisator\" \/>\n<meta property=\"og:description\" content=\"Black Friday Kampagne: MACH Consumer analysiert j\u00fcngere Zielgruppe und optimiert personalisierte Werbestrategien.\" \/>\n<meta property=\"og:url\" content=\"https:\/\/www.organisator.ch\/de\/marketing\/2023-11-22\/mit-wemf-daten-schnaeppchenjaegern-auf-der-spur\/\" \/>\n<meta property=\"og:site_name\" content=\"Organisator\" \/>\n<meta property=\"article:publisher\" content=\"https:\/\/www.facebook.com\/OrganisatorFachmagazin\" \/>\n<meta property=\"article:published_time\" content=\"2023-11-22T14:00:19+00:00\" \/>\n<meta property=\"article:modified_time\" content=\"2024-11-12T13:40:27+00:00\" \/>\n<meta property=\"og:image\" content=\"https:\/\/www.organisator.ch\/wp-content\/uploads\/2023\/11\/Mit-Wemf-Daten-Schnaeppchenjaegern-auf-der-Spur_Organisator.jpg\" \/>\n\t<meta property=\"og:image:width\" content=\"767\" \/>\n\t<meta property=\"og:image:height\" content=\"426\" \/>\n\t<meta property=\"og:image:type\" content=\"image\/jpeg\" \/>\n<meta name=\"author\" content=\"galledia\" \/>\n<meta name=\"twitter:card\" content=\"summary_large_image\" \/>\n<meta name=\"twitter:creator\" content=\"@admin\" \/>\n<script type=\"application\/ld+json\" class=\"yoast-schema-graph\">{\"@context\":\"https:\\\/\\\/schema.org\",\"@graph\":[{\"@type\":\"Article\",\"@id\":\"https:\\\/\\\/www.organisator.ch\\\/marketing\\\/2023-11-22\\\/mit-wemf-daten-schnaeppchenjaegern-auf-der-spur\\\/#article\",\"isPartOf\":{\"@id\":\"https:\\\/\\\/www.organisator.ch\\\/marketing\\\/2023-11-22\\\/mit-wemf-daten-schnaeppchenjaegern-auf-der-spur\\\/\"},\"author\":{\"name\":\"galledia\",\"@id\":\"https:\\\/\\\/www.organisator.ch\\\/#\\\/schema\\\/person\\\/4e51799071cd2dd1232ac003643ef5f0\"},\"headline\":\"Mit WEMF-Daten Schn\u00e4ppchenj\u00e4gern auf der Spur\",\"datePublished\":\"2023-11-22T14:00:19+00:00\",\"dateModified\":\"2024-11-12T13:40:27+00:00\",\"mainEntityOfPage\":{\"@id\":\"https:\\\/\\\/www.organisator.ch\\\/marketing\\\/2023-11-22\\\/mit-wemf-daten-schnaeppchenjaegern-auf-der-spur\\\/\"},\"wordCount\":250,\"publisher\":{\"@id\":\"https:\\\/\\\/www.organisator.ch\\\/#organization\"},\"image\":{\"@id\":\"https:\\\/\\\/www.organisator.ch\\\/marketing\\\/2023-11-22\\\/mit-wemf-daten-schnaeppchenjaegern-auf-der-spur\\\/#primaryimage\"},\"thumbnailUrl\":\"https:\\\/\\\/www.organisator.ch\\\/wp-content\\\/uploads\\\/2023\\\/11\\\/Mit-Wemf-Daten-Schnaeppchenjaegern-auf-der-Spur_Organisator.jpg\",\"keywords\":[\"Medienforschung\"],\"articleSection\":[\"MARKETING\"],\"inLanguage\":\"de\"},{\"@type\":\"WebPage\",\"@id\":\"https:\\\/\\\/www.organisator.ch\\\/marketing\\\/2023-11-22\\\/mit-wemf-daten-schnaeppchenjaegern-auf-der-spur\\\/\",\"url\":\"https:\\\/\\\/www.organisator.ch\\\/marketing\\\/2023-11-22\\\/mit-wemf-daten-schnaeppchenjaegern-auf-der-spur\\\/\",\"name\":\"Mit WEMF-Daten Schn\u00e4ppchenj\u00e4gern auf der Spur - Organisator\",\"isPartOf\":{\"@id\":\"https:\\\/\\\/www.organisator.ch\\\/#website\"},\"primaryImageOfPage\":{\"@id\":\"https:\\\/\\\/www.organisator.ch\\\/marketing\\\/2023-11-22\\\/mit-wemf-daten-schnaeppchenjaegern-auf-der-spur\\\/#primaryimage\"},\"image\":{\"@id\":\"https:\\\/\\\/www.organisator.ch\\\/marketing\\\/2023-11-22\\\/mit-wemf-daten-schnaeppchenjaegern-auf-der-spur\\\/#primaryimage\"},\"thumbnailUrl\":\"https:\\\/\\\/www.organisator.ch\\\/wp-content\\\/uploads\\\/2023\\\/11\\\/Mit-Wemf-Daten-Schnaeppchenjaegern-auf-der-Spur_Organisator.jpg\",\"datePublished\":\"2023-11-22T14:00:19+00:00\",\"dateModified\":\"2024-11-12T13:40:27+00:00\",\"description\":\"Black Friday Kampagne: MACH Consumer analysiert j\u00fcngere Zielgruppe und optimiert personalisierte Werbestrategien.\",\"breadcrumb\":{\"@id\":\"https:\\\/\\\/www.organisator.ch\\\/marketing\\\/2023-11-22\\\/mit-wemf-daten-schnaeppchenjaegern-auf-der-spur\\\/#breadcrumb\"},\"inLanguage\":\"de\",\"potentialAction\":[{\"@type\":\"ReadAction\",\"target\":[\"https:\\\/\\\/www.organisator.ch\\\/marketing\\\/2023-11-22\\\/mit-wemf-daten-schnaeppchenjaegern-auf-der-spur\\\/\"]}]},{\"@type\":\"ImageObject\",\"inLanguage\":\"de\",\"@id\":\"https:\\\/\\\/www.organisator.ch\\\/marketing\\\/2023-11-22\\\/mit-wemf-daten-schnaeppchenjaegern-auf-der-spur\\\/#primaryimage\",\"url\":\"https:\\\/\\\/www.organisator.ch\\\/wp-content\\\/uploads\\\/2023\\\/11\\\/Mit-Wemf-Daten-Schnaeppchenjaegern-auf-der-Spur_Organisator.jpg\",\"contentUrl\":\"https:\\\/\\\/www.organisator.ch\\\/wp-content\\\/uploads\\\/2023\\\/11\\\/Mit-Wemf-Daten-Schnaeppchenjaegern-auf-der-Spur_Organisator.jpg\",\"width\":767,\"height\":426},{\"@type\":\"BreadcrumbList\",\"@id\":\"https:\\\/\\\/www.organisator.ch\\\/marketing\\\/2023-11-22\\\/mit-wemf-daten-schnaeppchenjaegern-auf-der-spur\\\/#breadcrumb\",\"itemListElement\":[{\"@type\":\"ListItem\",\"position\":1,\"name\":\"Home\",\"item\":\"https:\\\/\\\/www.organisator.ch\\\/\"},{\"@type\":\"ListItem\",\"position\":2,\"name\":\"Mit WEMF-Daten Schn\u00e4ppchenj\u00e4gern auf der Spur\"}]},{\"@type\":\"WebSite\",\"@id\":\"https:\\\/\\\/www.organisator.ch\\\/#website\",\"url\":\"https:\\\/\\\/www.organisator.ch\\\/\",\"name\":\"Organisator\",\"description\":\"Kompetent. Praxisnah. Der ORGANISATOR bereitet in 10 Ausgaben pro Jahr die wesentlichen Themen f\u00fcr F\u00fchrungskr\u00e4fte von KMU auf.\",\"publisher\":{\"@id\":\"https:\\\/\\\/www.organisator.ch\\\/#organization\"},\"potentialAction\":[{\"@type\":\"SearchAction\",\"target\":{\"@type\":\"EntryPoint\",\"urlTemplate\":\"https:\\\/\\\/www.organisator.ch\\\/?s={search_term_string}\"},\"query-input\":{\"@type\":\"PropertyValueSpecification\",\"valueRequired\":true,\"valueName\":\"search_term_string\"}}],\"inLanguage\":\"de\"},{\"@type\":\"Organization\",\"@id\":\"https:\\\/\\\/www.organisator.ch\\\/#organization\",\"name\":\"Organisator\",\"url\":\"https:\\\/\\\/www.organisator.ch\\\/\",\"logo\":{\"@type\":\"ImageObject\",\"inLanguage\":\"de\",\"@id\":\"https:\\\/\\\/www.organisator.ch\\\/#\\\/schema\\\/logo\\\/image\\\/\",\"url\":\"https:\\\/\\\/www.organisator.ch\\\/wp-content\\\/uploads\\\/2022\\\/01\\\/Logo_Organisator_Website.png\",\"contentUrl\":\"https:\\\/\\\/www.organisator.ch\\\/wp-content\\\/uploads\\\/2022\\\/01\\\/Logo_Organisator_Website.png\",\"width\":800,\"height\":77,\"caption\":\"Organisator\"},\"image\":{\"@id\":\"https:\\\/\\\/www.organisator.ch\\\/#\\\/schema\\\/logo\\\/image\\\/\"},\"sameAs\":[\"https:\\\/\\\/www.facebook.com\\\/OrganisatorFachmagazin\",\"https:\\\/\\\/www.linkedin.com\\\/showcase\\\/organisator-das-magazin-fr-kmu\",\"https:\\\/\\\/www.xing.com\\\/news\\\/pages\\\/organisator-ch-695\",\"https:\\\/\\\/www.youtube.com\\\/channel\\\/UCGP2Sq0iWaZwT3BdIAQFYpw\"]},{\"@type\":\"Person\",\"@id\":\"https:\\\/\\\/www.organisator.ch\\\/#\\\/schema\\\/person\\\/4e51799071cd2dd1232ac003643ef5f0\",\"name\":\"galledia\",\"image\":{\"@type\":\"ImageObject\",\"inLanguage\":\"de\",\"@id\":\"https:\\\/\\\/secure.gravatar.com\\\/avatar\\\/78a7f90c01fc2bfc875782a0d4922b37cde2cf184ce347b91316d23cd7f69a36?s=96&d=mm&r=g\",\"url\":\"https:\\\/\\\/secure.gravatar.com\\\/avatar\\\/78a7f90c01fc2bfc875782a0d4922b37cde2cf184ce347b91316d23cd7f69a36?s=96&d=mm&r=g\",\"contentUrl\":\"https:\\\/\\\/secure.gravatar.com\\\/avatar\\\/78a7f90c01fc2bfc875782a0d4922b37cde2cf184ce347b91316d23cd7f69a36?s=96&d=mm&r=g\",\"caption\":\"galledia\"},\"sameAs\":[\"https:\\\/\\\/x.com\\\/admin\"],\"url\":\"https:\\\/\\\/www.organisator.ch\\\/de\\\/author\\\/galledia\\\/\"}]}<\/script>\n<!-- \/ Yoast SEO plugin. -->","yoast_head_json":{"title":"Mit WEMF-Daten Schn\u00e4ppchenj\u00e4gern auf der Spur - Organisator","description":"Black Friday Kampagne: MACH Consumer analysiert j\u00fcngere Zielgruppe und optimiert personalisierte Werbestrategien.","robots":{"index":"index","follow":"follow","max-snippet":"max-snippet:-1","max-image-preview":"max-image-preview:large","max-video-preview":"max-video-preview:-1"},"canonical":"https:\/\/www.organisator.ch\/de\/marketing\/2023-11-22\/mit-wemf-daten-schnaeppchenjaegern-auf-der-spur\/","og_locale":"de_DE","og_type":"article","og_title":"Mit WEMF-Daten Schn\u00e4ppchenj\u00e4gern auf der Spur - Organisator","og_description":"Black Friday Kampagne: MACH Consumer analysiert j\u00fcngere Zielgruppe und optimiert personalisierte Werbestrategien.","og_url":"https:\/\/www.organisator.ch\/de\/marketing\/2023-11-22\/mit-wemf-daten-schnaeppchenjaegern-auf-der-spur\/","og_site_name":"Organisator","article_publisher":"https:\/\/www.facebook.com\/OrganisatorFachmagazin","article_published_time":"2023-11-22T14:00:19+00:00","article_modified_time":"2024-11-12T13:40:27+00:00","og_image":[{"width":767,"height":426,"url":"https:\/\/www.organisator.ch\/wp-content\/uploads\/2023\/11\/Mit-Wemf-Daten-Schnaeppchenjaegern-auf-der-Spur_Organisator.jpg","type":"image\/jpeg"}],"author":"galledia","twitter_card":"summary_large_image","twitter_creator":"@admin","schema":{"@context":"https:\/\/schema.org","@graph":[{"@type":"Article","@id":"https:\/\/www.organisator.ch\/marketing\/2023-11-22\/mit-wemf-daten-schnaeppchenjaegern-auf-der-spur\/#article","isPartOf":{"@id":"https:\/\/www.organisator.ch\/marketing\/2023-11-22\/mit-wemf-daten-schnaeppchenjaegern-auf-der-spur\/"},"author":{"name":"galledia","@id":"https:\/\/www.organisator.ch\/#\/schema\/person\/4e51799071cd2dd1232ac003643ef5f0"},"headline":"Mit WEMF-Daten Schn\u00e4ppchenj\u00e4gern auf der Spur","datePublished":"2023-11-22T14:00:19+00:00","dateModified":"2024-11-12T13:40:27+00:00","mainEntityOfPage":{"@id":"https:\/\/www.organisator.ch\/marketing\/2023-11-22\/mit-wemf-daten-schnaeppchenjaegern-auf-der-spur\/"},"wordCount":250,"publisher":{"@id":"https:\/\/www.organisator.ch\/#organization"},"image":{"@id":"https:\/\/www.organisator.ch\/marketing\/2023-11-22\/mit-wemf-daten-schnaeppchenjaegern-auf-der-spur\/#primaryimage"},"thumbnailUrl":"https:\/\/www.organisator.ch\/wp-content\/uploads\/2023\/11\/Mit-Wemf-Daten-Schnaeppchenjaegern-auf-der-Spur_Organisator.jpg","keywords":["Medienforschung"],"articleSection":["MARKETING"],"inLanguage":"de"},{"@type":"WebPage","@id":"https:\/\/www.organisator.ch\/marketing\/2023-11-22\/mit-wemf-daten-schnaeppchenjaegern-auf-der-spur\/","url":"https:\/\/www.organisator.ch\/marketing\/2023-11-22\/mit-wemf-daten-schnaeppchenjaegern-auf-der-spur\/","name":"Mit WEMF-Daten Schn\u00e4ppchenj\u00e4gern auf der Spur - Organisator","isPartOf":{"@id":"https:\/\/www.organisator.ch\/#website"},"primaryImageOfPage":{"@id":"https:\/\/www.organisator.ch\/marketing\/2023-11-22\/mit-wemf-daten-schnaeppchenjaegern-auf-der-spur\/#primaryimage"},"image":{"@id":"https:\/\/www.organisator.ch\/marketing\/2023-11-22\/mit-wemf-daten-schnaeppchenjaegern-auf-der-spur\/#primaryimage"},"thumbnailUrl":"https:\/\/www.organisator.ch\/wp-content\/uploads\/2023\/11\/Mit-Wemf-Daten-Schnaeppchenjaegern-auf-der-Spur_Organisator.jpg","datePublished":"2023-11-22T14:00:19+00:00","dateModified":"2024-11-12T13:40:27+00:00","description":"Black Friday Kampagne: MACH Consumer analysiert j\u00fcngere Zielgruppe und optimiert personalisierte Werbestrategien.","breadcrumb":{"@id":"https:\/\/www.organisator.ch\/marketing\/2023-11-22\/mit-wemf-daten-schnaeppchenjaegern-auf-der-spur\/#breadcrumb"},"inLanguage":"de","potentialAction":[{"@type":"ReadAction","target":["https:\/\/www.organisator.ch\/marketing\/2023-11-22\/mit-wemf-daten-schnaeppchenjaegern-auf-der-spur\/"]}]},{"@type":"ImageObject","inLanguage":"de","@id":"https:\/\/www.organisator.ch\/marketing\/2023-11-22\/mit-wemf-daten-schnaeppchenjaegern-auf-der-spur\/#primaryimage","url":"https:\/\/www.organisator.ch\/wp-content\/uploads\/2023\/11\/Mit-Wemf-Daten-Schnaeppchenjaegern-auf-der-Spur_Organisator.jpg","contentUrl":"https:\/\/www.organisator.ch\/wp-content\/uploads\/2023\/11\/Mit-Wemf-Daten-Schnaeppchenjaegern-auf-der-Spur_Organisator.jpg","width":767,"height":426},{"@type":"BreadcrumbList","@id":"https:\/\/www.organisator.ch\/marketing\/2023-11-22\/mit-wemf-daten-schnaeppchenjaegern-auf-der-spur\/#breadcrumb","itemListElement":[{"@type":"ListItem","position":1,"name":"Home","item":"https:\/\/www.organisator.ch\/"},{"@type":"ListItem","position":2,"name":"Mit WEMF-Daten Schn\u00e4ppchenj\u00e4gern auf der Spur"}]},{"@type":"WebSite","@id":"https:\/\/www.organisator.ch\/#website","url":"https:\/\/www.organisator.ch\/","name":"Organisator","description":"Kompetent. Praxisnah. Der ORGANISATOR bereitet in 10 Ausgaben pro Jahr die wesentlichen Themen f\u00fcr F\u00fchrungskr\u00e4fte von KMU auf.","publisher":{"@id":"https:\/\/www.organisator.ch\/#organization"},"potentialAction":[{"@type":"SearchAction","target":{"@type":"EntryPoint","urlTemplate":"https:\/\/www.organisator.ch\/?s={search_term_string}"},"query-input":{"@type":"PropertyValueSpecification","valueRequired":true,"valueName":"search_term_string"}}],"inLanguage":"de"},{"@type":"Organization","@id":"https:\/\/www.organisator.ch\/#organization","name":"Organisator","url":"https:\/\/www.organisator.ch\/","logo":{"@type":"ImageObject","inLanguage":"de","@id":"https:\/\/www.organisator.ch\/#\/schema\/logo\/image\/","url":"https:\/\/www.organisator.ch\/wp-content\/uploads\/2022\/01\/Logo_Organisator_Website.png","contentUrl":"https:\/\/www.organisator.ch\/wp-content\/uploads\/2022\/01\/Logo_Organisator_Website.png","width":800,"height":77,"caption":"Organisator"},"image":{"@id":"https:\/\/www.organisator.ch\/#\/schema\/logo\/image\/"},"sameAs":["https:\/\/www.facebook.com\/OrganisatorFachmagazin","https:\/\/www.linkedin.com\/showcase\/organisator-das-magazin-fr-kmu","https:\/\/www.xing.com\/news\/pages\/organisator-ch-695","https:\/\/www.youtube.com\/channel\/UCGP2Sq0iWaZwT3BdIAQFYpw"]},{"@type":"Person","@id":"https:\/\/www.organisator.ch\/#\/schema\/person\/4e51799071cd2dd1232ac003643ef5f0","name":"galledia","image":{"@type":"ImageObject","inLanguage":"de","@id":"https:\/\/secure.gravatar.com\/avatar\/78a7f90c01fc2bfc875782a0d4922b37cde2cf184ce347b91316d23cd7f69a36?s=96&d=mm&r=g","url":"https:\/\/secure.gravatar.com\/avatar\/78a7f90c01fc2bfc875782a0d4922b37cde2cf184ce347b91316d23cd7f69a36?s=96&d=mm&r=g","contentUrl":"https:\/\/secure.gravatar.com\/avatar\/78a7f90c01fc2bfc875782a0d4922b37cde2cf184ce347b91316d23cd7f69a36?s=96&d=mm&r=g","caption":"galledia"},"sameAs":["https:\/\/x.com\/admin"],"url":"https:\/\/www.organisator.ch\/de\/author\/galledia\/"}]}},"_links":{"self":[{"href":"https:\/\/www.organisator.ch\/de\/wp-json\/wp\/v2\/posts\/23325","targetHints":{"allow":["GET"]}}],"collection":[{"href":"https:\/\/www.organisator.ch\/de\/wp-json\/wp\/v2\/posts"}],"about":[{"href":"https:\/\/www.organisator.ch\/de\/wp-json\/wp\/v2\/types\/post"}],"author":[{"embeddable":true,"href":"https:\/\/www.organisator.ch\/de\/wp-json\/wp\/v2\/users\/8"}],"replies":[{"embeddable":true,"href":"https:\/\/www.organisator.ch\/de\/wp-json\/wp\/v2\/comments?post=23325"}],"version-history":[{"count":5,"href":"https:\/\/www.organisator.ch\/de\/wp-json\/wp\/v2\/posts\/23325\/revisions"}],"predecessor-version":[{"id":32648,"href":"https:\/\/www.organisator.ch\/de\/wp-json\/wp\/v2\/posts\/23325\/revisions\/32648"}],"wp:featuredmedia":[{"embeddable":true,"href":"https:\/\/www.organisator.ch\/de\/wp-json\/wp\/v2\/media\/23342"}],"wp:attachment":[{"href":"https:\/\/www.organisator.ch\/de\/wp-json\/wp\/v2\/media?parent=23325"}],"wp:term":[{"taxonomy":"category","embeddable":true,"href":"https:\/\/www.organisator.ch\/de\/wp-json\/wp\/v2\/categories?post=23325"},{"taxonomy":"post_tag","embeddable":true,"href":"https:\/\/www.organisator.ch\/de\/wp-json\/wp\/v2\/tags?post=23325"}],"curies":[{"name":"wp","href":"https:\/\/api.w.org\/{rel}","templated":true}]}}