{"id":2338,"date":"2017-08-22T14:15:05","date_gmt":"2017-08-22T12:15:05","guid":{"rendered":"https:\/\/www.organisator.ch\/?p=2338"},"modified":"2017-08-22T14:15:05","modified_gmt":"2017-08-22T12:15:05","slug":"fuenf-todsuenden-bei-der-planung-von-grossraumbueros","status":"publish","type":"post","link":"https:\/\/www.organisator.ch\/de\/allgemein\/2017-08-22\/fuenf-todsuenden-bei-der-planung-von-grossraumbueros\/","title":{"rendered":"F\u00fcnf Tods\u00fcnden bei der Planung von Grossraumb\u00fcros"},"content":{"rendered":"<figure id=\"attachment_2339\" aria-describedby=\"caption-attachment-2339\" style=\"width: 640px\" class=\"wp-caption alignnone\"><img loading=\"lazy\" decoding=\"async\" class=\"size-full wp-image-2339\" src=\"https:\/\/www.organisator.ch\/wp-content\/uploads\/2017\/08\/Fuenf-Todsuenden-bei-der-Planung-von-Grossraumbueros_Organisator.jpg\" alt=\"\" width=\"640\" height=\"427\" srcset=\"https:\/\/www.organisator.ch\/wp-content\/uploads\/2017\/08\/Fuenf-Todsuenden-bei-der-Planung-von-Grossraumbueros_Organisator.jpg 640w, https:\/\/www.organisator.ch\/wp-content\/uploads\/2017\/08\/Fuenf-Todsuenden-bei-der-Planung-von-Grossraumbueros_Organisator-16x12.jpg 16w, https:\/\/www.organisator.ch\/wp-content\/uploads\/2017\/08\/Fuenf-Todsuenden-bei-der-Planung-von-Grossraumbueros_Organisator-262x175.jpg 262w, https:\/\/www.organisator.ch\/wp-content\/uploads\/2017\/08\/Fuenf-Todsuenden-bei-der-Planung-von-Grossraumbueros_Organisator-525x350.jpg 525w, https:\/\/www.organisator.ch\/wp-content\/uploads\/2017\/08\/Fuenf-Todsuenden-bei-der-Planung-von-Grossraumbueros_Organisator-300x200.jpg 300w\" sizes=\"auto, (max-width: 640px) 100vw, 640px\" \/><figcaption id=\"caption-attachment-2339\" class=\"wp-caption-text\">&#8222;Einzelzelle&#8220; oder &#8222;Open Space&#8220;? Immer mehr Firmen tendieren zur Einrichtung von Grossraumb\u00fcros. (Bild: Fotolia.com)<\/figcaption><\/figure>\n<p>Eine offene B\u00fcrolandschaft soll die geistige Freiheit der Mitarbeitenden unterst\u00fctzen. Dieser Meinung sind inzwischen viele B\u00fcroberater. Damit dies gelingt, ben\u00f6tigt es eine gute Planung und Umsetzung. Folgende gravierende Fehler sollten bei der Einf\u00fchrung von Arbeitswelten in Grossraumb\u00fcros vermieden werden:<\/p>\n<h2><strong>Planungsfehler 1: Platzsparen im Fokus<\/strong><\/h2>\n<p>Hauptmotiv von Unternehmern, zunehmend auf Grossraumb\u00fcros zu setzen, ist nach wie vor das Einsparen kostenintensiver Quadratmeter. Timo Brehme, Berater bei conceptsued in M\u00fcnchen: \u201eUnter dem Deckmantel offenerer Kommunikation werden Arbeitsfl\u00e4chen eng belegt. Dabei vergessen viele Unternehmer, wie wichtig in einem solchen Konzept Angebote von Mehrwert- und Kollaborationsfl\u00e4chen sind. Nur mit ihnen lassen sich tats\u00e4chlich Arbeitsabl\u00e4ufe optimieren und Kommunikation beschleunigen. Wer nicht in R\u00fcckzugsinseln und durchdachte Begegnungsorte investiert, verhindert Teamarbeit statt sie zu f\u00f6rdern. Dabei sollte Unternehmern auch bewusst sein: H\u00e4ufig sind Raumkosten wesentlich niedriger als Personalkosten. Der Mehrwert durch die Investitionen\u00a0in das Wohlbefinden der Mitarbeiter aber ist wesentlich nachhaltiger, als durch die Fl\u00e4cheneinsparung erreicht werden k\u00f6nnte.\u201c<\/p>\n<h2><strong>Planungsfehler 2: Der Mitarbeiter hat im Ver\u00e4nderungsprozess keine Stimme<\/strong><\/h2>\n<p>Um die 1990er Jahre geborene Generationen sind in einer globalisierten und digitalisierten Welt aufgewachsen. Sie haben oft schon im Grundschulalter gelernt, flexibel, mobil und im Team zu arbeiten. Best Ager hingegen haben ihr Berufsleben weitestgehend in kleinen B\u00fcroeinheiten und mit Sacharbeit am PC verbracht. Daher birgt es viel Z\u00fcndstoff, wenn Unternehmer pl\u00f6tzlich Open-Space-B\u00fcros planen. Viele Chefs stellen ihr Team trotzdem vor vollendete Tatsachen, anstatt sie in den Change-Management-Prozess einzubinden. Damit ist das Scheitern der Akzeptanz vorprogrammiert. \u201eSeinen Mitarbeitern zu sagen: \u201aHier ist Euer neues Grossraumb\u00fcro, kommt damit klar.\u2018 funktioniert nicht. Jeder Angestellte ist ein Mensch mit Bed\u00fcrfnissen, Gewohnheiten und Angst vor Ver\u00e4nderung. Mitarbeiter m\u00fcssen deshalb fr\u00fchzeitig in den Change-Prozess einbezogen werden \u2013 und zwar innerhalb eines von der Gesch\u00e4ftsleitung abgesteckten Rahmens\u201c, sagt Brehme.<\/p>\n<h2><strong>Planungsfehler 3: Mangelhafte technische Ausstattung<\/strong><\/h2>\n<p>Angestellte wollen und m\u00fcssen heute nicht mehr physisch auf einem festen Platz sitzen, um effektiv zu arbeiten. Statt auf die Arbeitszeit vor Ort zu achten, setzen viele Unternehmer daher l\u00e4ngst auf Zielvereinbarungen. Damit die Ziele aber auch erreicht werden k\u00f6nnen und Mitarbeiter sowohl im Open Space Office wie auch im Homeoffice jederzeit f\u00fcr Kollegen und Kunden erreichbar sind, m\u00fcssen Unternehmer in die entsprechende Technik investieren. So ist eine Ausstattung mit mobilen Endger\u00e4ten erforderlich. Weitere M\u00f6glichkeiten er\u00f6ffnet cloudbasiertes Arbeiten. Daten m\u00fcssen von \u00fcberall auf der Welt zug\u00e4nglich sein. Verschiedene Mitarbeiter m\u00fcssen in Echtzeit an einer Datei arbeiten k\u00f6nnen. Digitale Unterschriften sollten ebenso erm\u00f6glicht werden wie der Online-Zugang zu Gesch\u00e4ftsabschl\u00fcssen. Nur so l\u00e4sst sich eine flexible B\u00fcrostruktur schaffen, zugleich Ablagefl\u00e4che reduzieren und der gesellschaftliche Wandel in die B\u00fcrokultur integrieren. Das heisst: Raum, Organisation und Technik m\u00fcssen zusammenpassen.<\/p>\n<h2><strong>Planungsfehler 4: Fehlende R\u00fcckzugsm\u00f6glichkeiten<\/strong><\/h2>\n<p>Wer im Open Space arbeitet, ben\u00f6tigt R\u00fcckzugsorte f\u00fcr konzentriertes Arbeiten. Diese in ausreichender Menge zur Verf\u00fcgung zu stellen, vergessen Unternehmer h\u00e4ufig. \u201eFirmenchefs m\u00fcssen daf\u00fcr sorgen, dass das Verh\u00e4ltnis zwischen kommunikativem und konzentriertem Arbeiten ausgeglichen ist. Sonst werden Mitarbeiter sehr schnell unzufrieden\u201c, sagt Timo Brehme. Eine Faustformel f\u00fcr die Verteilung der Fl\u00e4chen gibt es dabei laut dem Experten nicht, weil diese stark von der vorgesehenen Nutzung und den R\u00e4umlichkeiten selbst abh\u00e4ngt. Allerdings m\u00fcssen R\u00fcckzugsorte nicht zwangsl\u00e4ufig einzelne schliessbare R\u00e4ume sein. Auch Think Tanks, Telefonzellen oder intelligente M\u00f6blierungen schaffen R\u00fcckzugszonen, Mobilit\u00e4t und unterschiedliche Arbeitsatmosph\u00e4ren innerhalb von Grossraumb\u00fcros.<\/p>\n<h2><strong>Planungsfehler 5: Zu viele St\u00f6rfaktoren<\/strong><\/h2>\n<p>L\u00e4rm ist der erste Faktor, der Unternehmern und Angestellten einf\u00e4llt, wenn sie an St\u00f6rquellen im Grossraumb\u00fcro denken. Tats\u00e4chlich aber ist es nicht nur notwendig, die Akustik in der B\u00fcrolandschaft zu planen. Timo Brehme: \u201eWenn es um einen optimalen Workflow und Wohlbefinden am Arbeitsplatz geht, m\u00fcssen Raumplaner neben Ger\u00e4uschpegel oder Raumhall auch visuelle Reize im Blick haben. Dabei spielen Verkehrswege eine wichtige Rolle. Wo werden beispielsweise Sofalandschaften aufgebaut, wo eine Lounge eingerichtet? Brehme: \u201eEin schickes Sofa neben Arbeitspl\u00e4tzen aufzustellen ist optisch vielleicht ansprechend, funktionell aber Nonsens. Denn, wer soll sich hier hinsetzen, um mit Kunden zu telefonieren, w\u00e4hrend die Kollegen nebenan arbeiten? Zudem muss auch der Kundenverkehr zwingend beachtet werden. Externe Personen wie Klienten oder Getr\u00e4nkelieferanten sollten Grossraumb\u00fcros nicht durchschreiten m\u00fcssen. Das lenkt die Mitarbeiter unn\u00f6tig ab.\u201c<\/p>\n<p><em>Quelle und weitere Informationen: <a href=\"http:\/\/www.conceptsued.com\">conceptsued GmbH<\/a><\/em><\/p>\n","protected":false},"excerpt":{"rendered":"<p>Eine offene B\u00fcrolandschaft soll die geistige Freiheit der Mitarbeitenden unterst\u00fctzen. Dieser Meinung sind inzwischen viele B\u00fcroberater. Damit dies gelingt, ben\u00f6tigt es eine gute Planung und Umsetzung. Folgende gravierende Fehler sollten bei der Einf\u00fchrung von Arbeitswelten in Grossraumb\u00fcros vermieden werden: Planungsfehler 1: Platzsparen im Fokus Hauptmotiv von Unternehmern, zunehmend auf Grossraumb\u00fcros zu setzen, ist nach wie [&hellip;]<\/p>\n","protected":false},"author":4,"featured_media":2339,"comment_status":"open","ping_status":"open","sticky":false,"template":"","format":"standard","meta":{"_acf_changed":false,"_yoast_wpseo_focuskw":"Grossraumb\u00fcros","_yoast_wpseo_metadesc":"Immer mehr Unternehmen setzen auf die Einrichtung von Grossraumb\u00fcros. Davon sind nicht alle Mitarbeiter begeistert - h\u00e4ufig die \u00e4lteren.","articlekey":"","footnotes":""},"categories":[1],"tags":[51,102,208],"class_list":["post-2338","post","type-post","status-publish","format-standard","has-post-thumbnail","hentry","category-allgemein","tag-arbeitsplatzgestaltung","tag-buero","tag-fit-im-job"],"acf":[],"yoast_head":"<!-- This site is optimized with the Yoast SEO plugin v27.5 - https:\/\/yoast.com\/product\/yoast-seo-wordpress\/ -->\n<title>F\u00fcnf Tods\u00fcnden bei der Planung von Grossraumb\u00fcros - Organisator<\/title>\n<meta name=\"description\" content=\"Immer mehr Unternehmen setzen auf die Einrichtung von Grossraumb\u00fcros. Davon sind nicht alle Mitarbeiter begeistert - h\u00e4ufig die \u00e4lteren.\" \/>\n<meta name=\"robots\" content=\"index, follow, max-snippet:-1, max-image-preview:large, max-video-preview:-1\" \/>\n<link rel=\"canonical\" href=\"https:\/\/www.organisator.ch\/de\/allgemein\/2017-08-22\/fuenf-todsuenden-bei-der-planung-von-grossraumbueros\/\" \/>\n<meta property=\"og:locale\" content=\"de_DE\" \/>\n<meta property=\"og:type\" content=\"article\" \/>\n<meta property=\"og:title\" content=\"F\u00fcnf Tods\u00fcnden bei der Planung von Grossraumb\u00fcros\" \/>\n<meta property=\"og:description\" content=\"Immer mehr Unternehmen setzen auf die Einrichtung von #Grossraumb\u00fcros. Davon sind nicht alle Mitarbeiter begeistert. Denn die Beliebtheit offener Arbeitswelten ist oft auch eine #Generationenfrage.\" \/>\n<meta property=\"og:url\" content=\"https:\/\/www.organisator.ch\/de\/allgemein\/2017-08-22\/fuenf-todsuenden-bei-der-planung-von-grossraumbueros\/\" \/>\n<meta property=\"og:site_name\" content=\"Organisator\" \/>\n<meta property=\"article:publisher\" content=\"https:\/\/www.facebook.com\/OrganisatorFachmagazin\" \/>\n<meta property=\"article:published_time\" content=\"2017-08-22T12:15:05+00:00\" \/>\n<meta property=\"og:image\" content=\"https:\/\/www.organisator.ch\/wp-content\/uploads\/2017\/08\/Fuenf-Todsuenden-bei-der-Planung-von-Grossraumbueros_Organisator.jpg\" \/>\n\t<meta property=\"og:image:width\" content=\"640\" \/>\n\t<meta property=\"og:image:height\" content=\"427\" \/>\n\t<meta property=\"og:image:type\" content=\"image\/jpeg\" \/>\n<meta name=\"author\" content=\"thomas.berner\" \/>\n<meta name=\"twitter:card\" content=\"summary_large_image\" \/>\n<meta name=\"twitter:title\" content=\"F\u00fcnf #Tods\u00fcnden bei der Planung von #Grossraumb\u00fcros\" \/>\n<meta name=\"twitter:description\" content=\"Immer mehr Unternehmen setzen auf die Einrichtung von #Grossraumb\u00fcros. Davon sind nicht alle Mitarbeiter begeistert. Denn die Beliebtheit offener Arbeitswelten ist oft auch eine #Generationenfrage.\" \/>\n<meta name=\"twitter:image\" content=\"https:\/\/www.organisator.ch\/wp-content\/uploads\/2017\/08\/F\u00fcnf-Tods\u00fcnden-bei-der-Planung-von-Grossraumb\u00fcros_Organisator.jpg\" \/>\n<script type=\"application\/ld+json\" class=\"yoast-schema-graph\">{\"@context\":\"https:\\\/\\\/schema.org\",\"@graph\":[{\"@type\":\"Article\",\"@id\":\"https:\\\/\\\/www.organisator.ch\\\/de\\\/allgemein\\\/2017-08-22\\\/fuenf-todsuenden-bei-der-planung-von-grossraumbueros\\\/#article\",\"isPartOf\":{\"@id\":\"https:\\\/\\\/www.organisator.ch\\\/de\\\/allgemein\\\/2017-08-22\\\/fuenf-todsuenden-bei-der-planung-von-grossraumbueros\\\/\"},\"author\":{\"name\":\"thomas.berner\",\"@id\":\"https:\\\/\\\/www.organisator.ch\\\/#\\\/schema\\\/person\\\/6f650f90b2842cd4c0cc334b4e36f67e\"},\"headline\":\"F\u00fcnf Tods\u00fcnden bei der Planung von Grossraumb\u00fcros\",\"datePublished\":\"2017-08-22T12:15:05+00:00\",\"mainEntityOfPage\":{\"@id\":\"https:\\\/\\\/www.organisator.ch\\\/de\\\/allgemein\\\/2017-08-22\\\/fuenf-todsuenden-bei-der-planung-von-grossraumbueros\\\/\"},\"wordCount\":772,\"commentCount\":0,\"publisher\":{\"@id\":\"https:\\\/\\\/www.organisator.ch\\\/#organization\"},\"image\":{\"@id\":\"https:\\\/\\\/www.organisator.ch\\\/de\\\/allgemein\\\/2017-08-22\\\/fuenf-todsuenden-bei-der-planung-von-grossraumbueros\\\/#primaryimage\"},\"thumbnailUrl\":\"https:\\\/\\\/www.organisator.ch\\\/wp-content\\\/uploads\\\/2017\\\/08\\\/Fuenf-Todsuenden-bei-der-Planung-von-Grossraumbueros_Organisator.jpg\",\"keywords\":[\"Arbeitsplatzgestaltung\",\"B\u00fcro\",\"Fit im Job\"],\"inLanguage\":\"de\"},{\"@type\":\"WebPage\",\"@id\":\"https:\\\/\\\/www.organisator.ch\\\/de\\\/allgemein\\\/2017-08-22\\\/fuenf-todsuenden-bei-der-planung-von-grossraumbueros\\\/\",\"url\":\"https:\\\/\\\/www.organisator.ch\\\/de\\\/allgemein\\\/2017-08-22\\\/fuenf-todsuenden-bei-der-planung-von-grossraumbueros\\\/\",\"name\":\"F\u00fcnf Tods\u00fcnden bei der Planung von Grossraumb\u00fcros - Organisator\",\"isPartOf\":{\"@id\":\"https:\\\/\\\/www.organisator.ch\\\/#website\"},\"primaryImageOfPage\":{\"@id\":\"https:\\\/\\\/www.organisator.ch\\\/de\\\/allgemein\\\/2017-08-22\\\/fuenf-todsuenden-bei-der-planung-von-grossraumbueros\\\/#primaryimage\"},\"image\":{\"@id\":\"https:\\\/\\\/www.organisator.ch\\\/de\\\/allgemein\\\/2017-08-22\\\/fuenf-todsuenden-bei-der-planung-von-grossraumbueros\\\/#primaryimage\"},\"thumbnailUrl\":\"https:\\\/\\\/www.organisator.ch\\\/wp-content\\\/uploads\\\/2017\\\/08\\\/Fuenf-Todsuenden-bei-der-Planung-von-Grossraumbueros_Organisator.jpg\",\"datePublished\":\"2017-08-22T12:15:05+00:00\",\"description\":\"Immer mehr Unternehmen setzen auf die Einrichtung von Grossraumb\u00fcros. Davon sind nicht alle Mitarbeiter begeistert - h\u00e4ufig die \u00e4lteren.\",\"breadcrumb\":{\"@id\":\"https:\\\/\\\/www.organisator.ch\\\/de\\\/allgemein\\\/2017-08-22\\\/fuenf-todsuenden-bei-der-planung-von-grossraumbueros\\\/#breadcrumb\"},\"inLanguage\":\"de\",\"potentialAction\":[{\"@type\":\"ReadAction\",\"target\":[\"https:\\\/\\\/www.organisator.ch\\\/de\\\/allgemein\\\/2017-08-22\\\/fuenf-todsuenden-bei-der-planung-von-grossraumbueros\\\/\"]}]},{\"@type\":\"ImageObject\",\"inLanguage\":\"de\",\"@id\":\"https:\\\/\\\/www.organisator.ch\\\/de\\\/allgemein\\\/2017-08-22\\\/fuenf-todsuenden-bei-der-planung-von-grossraumbueros\\\/#primaryimage\",\"url\":\"https:\\\/\\\/www.organisator.ch\\\/wp-content\\\/uploads\\\/2017\\\/08\\\/Fuenf-Todsuenden-bei-der-Planung-von-Grossraumbueros_Organisator.jpg\",\"contentUrl\":\"https:\\\/\\\/www.organisator.ch\\\/wp-content\\\/uploads\\\/2017\\\/08\\\/Fuenf-Todsuenden-bei-der-Planung-von-Grossraumbueros_Organisator.jpg\",\"width\":640,\"height\":427,\"caption\":\"\\\"Einzelzelle\\\" oder \\\"Open Space\\\"? Immer mehr Firmen tendieren zur Einrichtung von Grossraumb\u00fcros. (Bild: Fotolia.com)\"},{\"@type\":\"BreadcrumbList\",\"@id\":\"https:\\\/\\\/www.organisator.ch\\\/de\\\/allgemein\\\/2017-08-22\\\/fuenf-todsuenden-bei-der-planung-von-grossraumbueros\\\/#breadcrumb\",\"itemListElement\":[{\"@type\":\"ListItem\",\"position\":1,\"name\":\"Home\",\"item\":\"https:\\\/\\\/www.organisator.ch\\\/\"},{\"@type\":\"ListItem\",\"position\":2,\"name\":\"F\u00fcnf Tods\u00fcnden bei der Planung von Grossraumb\u00fcros\"}]},{\"@type\":\"WebSite\",\"@id\":\"https:\\\/\\\/www.organisator.ch\\\/#website\",\"url\":\"https:\\\/\\\/www.organisator.ch\\\/\",\"name\":\"Organisator\",\"description\":\"Kompetent. Praxisnah. Der ORGANISATOR bereitet in 10 Ausgaben pro Jahr die wesentlichen Themen f\u00fcr F\u00fchrungskr\u00e4fte von KMU auf.\",\"publisher\":{\"@id\":\"https:\\\/\\\/www.organisator.ch\\\/#organization\"},\"potentialAction\":[{\"@type\":\"SearchAction\",\"target\":{\"@type\":\"EntryPoint\",\"urlTemplate\":\"https:\\\/\\\/www.organisator.ch\\\/?s={search_term_string}\"},\"query-input\":{\"@type\":\"PropertyValueSpecification\",\"valueRequired\":true,\"valueName\":\"search_term_string\"}}],\"inLanguage\":\"de\"},{\"@type\":\"Organization\",\"@id\":\"https:\\\/\\\/www.organisator.ch\\\/#organization\",\"name\":\"Organisator\",\"url\":\"https:\\\/\\\/www.organisator.ch\\\/\",\"logo\":{\"@type\":\"ImageObject\",\"inLanguage\":\"de\",\"@id\":\"https:\\\/\\\/www.organisator.ch\\\/#\\\/schema\\\/logo\\\/image\\\/\",\"url\":\"https:\\\/\\\/www.organisator.ch\\\/wp-content\\\/uploads\\\/2022\\\/01\\\/Logo_Organisator_Website.png\",\"contentUrl\":\"https:\\\/\\\/www.organisator.ch\\\/wp-content\\\/uploads\\\/2022\\\/01\\\/Logo_Organisator_Website.png\",\"width\":800,\"height\":77,\"caption\":\"Organisator\"},\"image\":{\"@id\":\"https:\\\/\\\/www.organisator.ch\\\/#\\\/schema\\\/logo\\\/image\\\/\"},\"sameAs\":[\"https:\\\/\\\/www.facebook.com\\\/OrganisatorFachmagazin\",\"https:\\\/\\\/www.linkedin.com\\\/showcase\\\/organisator-das-magazin-fr-kmu\",\"https:\\\/\\\/www.xing.com\\\/news\\\/pages\\\/organisator-ch-695\",\"https:\\\/\\\/www.youtube.com\\\/channel\\\/UCGP2Sq0iWaZwT3BdIAQFYpw\"]},{\"@type\":\"Person\",\"@id\":\"https:\\\/\\\/www.organisator.ch\\\/#\\\/schema\\\/person\\\/6f650f90b2842cd4c0cc334b4e36f67e\",\"name\":\"thomas.berner\",\"image\":{\"@type\":\"ImageObject\",\"inLanguage\":\"de\",\"@id\":\"https:\\\/\\\/secure.gravatar.com\\\/avatar\\\/ac5001d2a36cb6c6cd3e50789007ffca834b477b74a2144564522e944eabff61?s=96&d=mm&r=g\",\"url\":\"https:\\\/\\\/secure.gravatar.com\\\/avatar\\\/ac5001d2a36cb6c6cd3e50789007ffca834b477b74a2144564522e944eabff61?s=96&d=mm&r=g\",\"contentUrl\":\"https:\\\/\\\/secure.gravatar.com\\\/avatar\\\/ac5001d2a36cb6c6cd3e50789007ffca834b477b74a2144564522e944eabff61?s=96&d=mm&r=g\",\"caption\":\"thomas.berner\"},\"url\":\"https:\\\/\\\/www.organisator.ch\\\/de\\\/author\\\/thomas-berner\\\/\"}]}<\/script>\n<!-- \/ Yoast SEO plugin. -->","yoast_head_json":{"title":"F\u00fcnf Tods\u00fcnden bei der Planung von Grossraumb\u00fcros - Organisator","description":"Immer mehr Unternehmen setzen auf die Einrichtung von Grossraumb\u00fcros. Davon sind nicht alle Mitarbeiter begeistert - h\u00e4ufig die \u00e4lteren.","robots":{"index":"index","follow":"follow","max-snippet":"max-snippet:-1","max-image-preview":"max-image-preview:large","max-video-preview":"max-video-preview:-1"},"canonical":"https:\/\/www.organisator.ch\/de\/allgemein\/2017-08-22\/fuenf-todsuenden-bei-der-planung-von-grossraumbueros\/","og_locale":"de_DE","og_type":"article","og_title":"F\u00fcnf Tods\u00fcnden bei der Planung von Grossraumb\u00fcros","og_description":"Immer mehr Unternehmen setzen auf die Einrichtung von #Grossraumb\u00fcros. Davon sind nicht alle Mitarbeiter begeistert. Denn die Beliebtheit offener Arbeitswelten ist oft auch eine #Generationenfrage.","og_url":"https:\/\/www.organisator.ch\/de\/allgemein\/2017-08-22\/fuenf-todsuenden-bei-der-planung-von-grossraumbueros\/","og_site_name":"Organisator","article_publisher":"https:\/\/www.facebook.com\/OrganisatorFachmagazin","article_published_time":"2017-08-22T12:15:05+00:00","og_image":[{"width":640,"height":427,"url":"https:\/\/www.organisator.ch\/wp-content\/uploads\/2017\/08\/Fuenf-Todsuenden-bei-der-Planung-von-Grossraumbueros_Organisator.jpg","type":"image\/jpeg"}],"author":"thomas.berner","twitter_card":"summary_large_image","twitter_title":"F\u00fcnf #Tods\u00fcnden bei der Planung von #Grossraumb\u00fcros","twitter_description":"Immer mehr Unternehmen setzen auf die Einrichtung von #Grossraumb\u00fcros. Davon sind nicht alle Mitarbeiter begeistert. Denn die Beliebtheit offener Arbeitswelten ist oft auch eine #Generationenfrage.","twitter_image":"https:\/\/www.organisator.ch\/wp-content\/uploads\/2017\/08\/F\u00fcnf-Tods\u00fcnden-bei-der-Planung-von-Grossraumb\u00fcros_Organisator.jpg","schema":{"@context":"https:\/\/schema.org","@graph":[{"@type":"Article","@id":"https:\/\/www.organisator.ch\/de\/allgemein\/2017-08-22\/fuenf-todsuenden-bei-der-planung-von-grossraumbueros\/#article","isPartOf":{"@id":"https:\/\/www.organisator.ch\/de\/allgemein\/2017-08-22\/fuenf-todsuenden-bei-der-planung-von-grossraumbueros\/"},"author":{"name":"thomas.berner","@id":"https:\/\/www.organisator.ch\/#\/schema\/person\/6f650f90b2842cd4c0cc334b4e36f67e"},"headline":"F\u00fcnf Tods\u00fcnden bei der Planung von Grossraumb\u00fcros","datePublished":"2017-08-22T12:15:05+00:00","mainEntityOfPage":{"@id":"https:\/\/www.organisator.ch\/de\/allgemein\/2017-08-22\/fuenf-todsuenden-bei-der-planung-von-grossraumbueros\/"},"wordCount":772,"commentCount":0,"publisher":{"@id":"https:\/\/www.organisator.ch\/#organization"},"image":{"@id":"https:\/\/www.organisator.ch\/de\/allgemein\/2017-08-22\/fuenf-todsuenden-bei-der-planung-von-grossraumbueros\/#primaryimage"},"thumbnailUrl":"https:\/\/www.organisator.ch\/wp-content\/uploads\/2017\/08\/Fuenf-Todsuenden-bei-der-Planung-von-Grossraumbueros_Organisator.jpg","keywords":["Arbeitsplatzgestaltung","B\u00fcro","Fit im Job"],"inLanguage":"de"},{"@type":"WebPage","@id":"https:\/\/www.organisator.ch\/de\/allgemein\/2017-08-22\/fuenf-todsuenden-bei-der-planung-von-grossraumbueros\/","url":"https:\/\/www.organisator.ch\/de\/allgemein\/2017-08-22\/fuenf-todsuenden-bei-der-planung-von-grossraumbueros\/","name":"F\u00fcnf Tods\u00fcnden bei der Planung von Grossraumb\u00fcros - Organisator","isPartOf":{"@id":"https:\/\/www.organisator.ch\/#website"},"primaryImageOfPage":{"@id":"https:\/\/www.organisator.ch\/de\/allgemein\/2017-08-22\/fuenf-todsuenden-bei-der-planung-von-grossraumbueros\/#primaryimage"},"image":{"@id":"https:\/\/www.organisator.ch\/de\/allgemein\/2017-08-22\/fuenf-todsuenden-bei-der-planung-von-grossraumbueros\/#primaryimage"},"thumbnailUrl":"https:\/\/www.organisator.ch\/wp-content\/uploads\/2017\/08\/Fuenf-Todsuenden-bei-der-Planung-von-Grossraumbueros_Organisator.jpg","datePublished":"2017-08-22T12:15:05+00:00","description":"Immer mehr Unternehmen setzen auf die Einrichtung von Grossraumb\u00fcros. Davon sind nicht alle Mitarbeiter begeistert - h\u00e4ufig die \u00e4lteren.","breadcrumb":{"@id":"https:\/\/www.organisator.ch\/de\/allgemein\/2017-08-22\/fuenf-todsuenden-bei-der-planung-von-grossraumbueros\/#breadcrumb"},"inLanguage":"de","potentialAction":[{"@type":"ReadAction","target":["https:\/\/www.organisator.ch\/de\/allgemein\/2017-08-22\/fuenf-todsuenden-bei-der-planung-von-grossraumbueros\/"]}]},{"@type":"ImageObject","inLanguage":"de","@id":"https:\/\/www.organisator.ch\/de\/allgemein\/2017-08-22\/fuenf-todsuenden-bei-der-planung-von-grossraumbueros\/#primaryimage","url":"https:\/\/www.organisator.ch\/wp-content\/uploads\/2017\/08\/Fuenf-Todsuenden-bei-der-Planung-von-Grossraumbueros_Organisator.jpg","contentUrl":"https:\/\/www.organisator.ch\/wp-content\/uploads\/2017\/08\/Fuenf-Todsuenden-bei-der-Planung-von-Grossraumbueros_Organisator.jpg","width":640,"height":427,"caption":"\"Einzelzelle\" oder \"Open Space\"? Immer mehr Firmen tendieren zur Einrichtung von Grossraumb\u00fcros. (Bild: Fotolia.com)"},{"@type":"BreadcrumbList","@id":"https:\/\/www.organisator.ch\/de\/allgemein\/2017-08-22\/fuenf-todsuenden-bei-der-planung-von-grossraumbueros\/#breadcrumb","itemListElement":[{"@type":"ListItem","position":1,"name":"Home","item":"https:\/\/www.organisator.ch\/"},{"@type":"ListItem","position":2,"name":"F\u00fcnf Tods\u00fcnden bei der Planung von Grossraumb\u00fcros"}]},{"@type":"WebSite","@id":"https:\/\/www.organisator.ch\/#website","url":"https:\/\/www.organisator.ch\/","name":"Organisator","description":"Kompetent. Praxisnah. Der ORGANISATOR bereitet in 10 Ausgaben pro Jahr die wesentlichen Themen f\u00fcr F\u00fchrungskr\u00e4fte von KMU auf.","publisher":{"@id":"https:\/\/www.organisator.ch\/#organization"},"potentialAction":[{"@type":"SearchAction","target":{"@type":"EntryPoint","urlTemplate":"https:\/\/www.organisator.ch\/?s={search_term_string}"},"query-input":{"@type":"PropertyValueSpecification","valueRequired":true,"valueName":"search_term_string"}}],"inLanguage":"de"},{"@type":"Organization","@id":"https:\/\/www.organisator.ch\/#organization","name":"Organisator","url":"https:\/\/www.organisator.ch\/","logo":{"@type":"ImageObject","inLanguage":"de","@id":"https:\/\/www.organisator.ch\/#\/schema\/logo\/image\/","url":"https:\/\/www.organisator.ch\/wp-content\/uploads\/2022\/01\/Logo_Organisator_Website.png","contentUrl":"https:\/\/www.organisator.ch\/wp-content\/uploads\/2022\/01\/Logo_Organisator_Website.png","width":800,"height":77,"caption":"Organisator"},"image":{"@id":"https:\/\/www.organisator.ch\/#\/schema\/logo\/image\/"},"sameAs":["https:\/\/www.facebook.com\/OrganisatorFachmagazin","https:\/\/www.linkedin.com\/showcase\/organisator-das-magazin-fr-kmu","https:\/\/www.xing.com\/news\/pages\/organisator-ch-695","https:\/\/www.youtube.com\/channel\/UCGP2Sq0iWaZwT3BdIAQFYpw"]},{"@type":"Person","@id":"https:\/\/www.organisator.ch\/#\/schema\/person\/6f650f90b2842cd4c0cc334b4e36f67e","name":"thomas.berner","image":{"@type":"ImageObject","inLanguage":"de","@id":"https:\/\/secure.gravatar.com\/avatar\/ac5001d2a36cb6c6cd3e50789007ffca834b477b74a2144564522e944eabff61?s=96&d=mm&r=g","url":"https:\/\/secure.gravatar.com\/avatar\/ac5001d2a36cb6c6cd3e50789007ffca834b477b74a2144564522e944eabff61?s=96&d=mm&r=g","contentUrl":"https:\/\/secure.gravatar.com\/avatar\/ac5001d2a36cb6c6cd3e50789007ffca834b477b74a2144564522e944eabff61?s=96&d=mm&r=g","caption":"thomas.berner"},"url":"https:\/\/www.organisator.ch\/de\/author\/thomas-berner\/"}]}},"_links":{"self":[{"href":"https:\/\/www.organisator.ch\/de\/wp-json\/wp\/v2\/posts\/2338","targetHints":{"allow":["GET"]}}],"collection":[{"href":"https:\/\/www.organisator.ch\/de\/wp-json\/wp\/v2\/posts"}],"about":[{"href":"https:\/\/www.organisator.ch\/de\/wp-json\/wp\/v2\/types\/post"}],"author":[{"embeddable":true,"href":"https:\/\/www.organisator.ch\/de\/wp-json\/wp\/v2\/users\/4"}],"replies":[{"embeddable":true,"href":"https:\/\/www.organisator.ch\/de\/wp-json\/wp\/v2\/comments?post=2338"}],"version-history":[{"count":0,"href":"https:\/\/www.organisator.ch\/de\/wp-json\/wp\/v2\/posts\/2338\/revisions"}],"wp:featuredmedia":[{"embeddable":true,"href":"https:\/\/www.organisator.ch\/de\/wp-json\/wp\/v2\/media\/2339"}],"wp:attachment":[{"href":"https:\/\/www.organisator.ch\/de\/wp-json\/wp\/v2\/media?parent=2338"}],"wp:term":[{"taxonomy":"category","embeddable":true,"href":"https:\/\/www.organisator.ch\/de\/wp-json\/wp\/v2\/categories?post=2338"},{"taxonomy":"post_tag","embeddable":true,"href":"https:\/\/www.organisator.ch\/de\/wp-json\/wp\/v2\/tags?post=2338"}],"curies":[{"name":"wp","href":"https:\/\/api.w.org\/{rel}","templated":true}]}}