{"id":23383,"date":"2023-11-27T08:59:05","date_gmt":"2023-11-27T07:59:05","guid":{"rendered":"https:\/\/www.organisator.ch\/?p=23383"},"modified":"2023-11-27T08:59:05","modified_gmt":"2023-11-27T07:59:05","slug":"hwz-und-wilob-gestalten-gemeinsam-die-zukunft","status":"publish","type":"post","link":"https:\/\/www.organisator.ch\/de\/weiterbildung\/2023-11-27\/hwz-und-wilob-gestalten-gemeinsam-die-zukunft\/","title":{"rendered":"HWZ und Wilob gestalten gemeinsam die Zukunft"},"content":{"rendered":"<p>Die HWZ Hochschule f\u00fcr Wirtschaft Z\u00fcrich erweitert ihre fachliche Expertise durch die Zusammenarbeit mit Wilob, einem Weiterbildungsinstitut f\u00fcr l\u00f6sungsorientierte Therapie und Beratung. Mit \u00fcber 25 Jahren fundierter Erfahrung im Bereich systemischer Therapie und Beratung zeichnet sich Wilob durch einen Ansatz aus, der darauf abzielt, Erkenntnisse aus verschiedenen wissenschaftlichen Disziplinen zu integrieren. Dieser Ansatz erm\u00f6glicht die Entwicklung breiter und komplexer Sichtweisen auf Probleme und Situationen sowie die Kombination unterschiedlicher L\u00f6sungsans\u00e4tze.<\/p>\n<figure id=\"attachment_23384\" aria-describedby=\"caption-attachment-23384\" style=\"width: 680px\" class=\"wp-caption alignnone\"><img loading=\"lazy\" decoding=\"async\" class=\"size-full wp-image-23384\" src=\"https:\/\/www.organisator.ch\/wp-content\/uploads\/2023\/11\/HWZ_angela-fuchs-und-peter-statz_Bild1_ps.jpg\" alt=\"\" width=\"680\" height=\"397\" srcset=\"https:\/\/www.organisator.ch\/wp-content\/uploads\/2023\/11\/HWZ_angela-fuchs-und-peter-statz_Bild1_ps.jpg 680w, https:\/\/www.organisator.ch\/wp-content\/uploads\/2023\/11\/HWZ_angela-fuchs-und-peter-statz_Bild1_ps-18x12.jpg 18w, https:\/\/www.organisator.ch\/wp-content\/uploads\/2023\/11\/HWZ_angela-fuchs-und-peter-statz_Bild1_ps-375x219.jpg 375w, https:\/\/www.organisator.ch\/wp-content\/uploads\/2023\/11\/HWZ_angela-fuchs-und-peter-statz_Bild1_ps-599x350.jpg 599w\" sizes=\"auto, (max-width: 680px) 100vw, 680px\" \/><figcaption id=\"caption-attachment-23384\" class=\"wp-caption-text\">Bild Legende: Peter Statz &#8211; Leiter des Departements Management &amp; Leadership der HWZ und Angela Fuchs &#8211; Co-Leiterin der Wilob AG. Im Fokus der Zusammenarbeit steht die Entwicklung neuer Weiterbildungsangebote. (Bild: www.fh-hwz.ch)<\/figcaption><\/figure>\n<p>Die neue Partnerschaft er\u00f6ffnet der HWZ ein neues Themenfeld, wie Peter Statz, Leiter des Departements Management &amp; Leadership der HWZ, betont: \u00abEs ist grossartig, einen glaubw\u00fcrdigen Kooperationspartner in einem Bereich gefunden zu haben, der f\u00fcr eine Business School wie die HWZ immer wichtiger wird.\u00bb<\/p>\n<p>Auch Angela Fuchs, Co-Leiterin der Wilob AG, sieht die Partnerschaft als sehr zukunftsweisend: \u00abWir haben uns gefunden. Psychologie und Wirtschaft gehen eine Allianz ein. Gemeinsam bieten wir ein neues Weiterbildungsangebot an, das die St\u00e4rken beider Welten vereint: Menschlichkeit und Wirtschaftlichkeit. So k\u00f6nnen wir unseren Weiterbildungsteilnehmenden den entscheidenden Mehrwert f\u00fcr ihre Karriere bieten.\u00bb<\/p>\n<h3><strong>Lancierung des CAS Systemische Organisationsentwicklung HWZ<\/strong><\/h3>\n<p>Im Fokus der Kooperationspartnerschaft steht die Entwicklung neuer Produkte. K\u00fcrzlich wurde der CAS Systemische Organisationsentwicklung lanciert, der im kommenden April erstmals durchgef\u00fchrt wird. In diesem Studiengang setzen sich die Teilnehmenden mit einer systemisch-ressourcenorientierten Grundhaltung auseinander und entwickeln ihre eigene Organisation gem\u00e4ss ihrer Herkunft und ihren aktuellen M\u00f6glichkeiten. Denn Organisationsentwicklung wirkt im Zusammenspiel von Design, F\u00e4higkeiten und Verhalten. Der Studiengang wird von Martin K\u00e4gi und Nadja Fuchs gemeinsam geleitet.<\/p>\n<p><em>Quelle:<a href=\"https:\/\/fh-hwz.ch\/\"> www.fh-hwz.ch\u00a0<\/a><\/em><\/p>\n","protected":false},"excerpt":{"rendered":"<p>Die HWZ Hochschule f\u00fcr Wirtschaft Z\u00fcrich und die Wilob AG,  das Weiterbildungsinstitut f\u00fcr l\u00f6sungsorientierte Therapie und Beratung, sind eine wegweisende strategische Partnerschaft eingegangen. Mit der Lancierung des ersten gemeinsamen CAS Systemische Organisationsentwicklung setzen sie einen wichtigen Meilenstein, um die Synergien beider Institutionen optimal zu nutzen.<\/p>\n","protected":false},"author":58,"featured_media":23384,"comment_status":"closed","ping_status":"closed","sticky":false,"template":"","format":"standard","meta":{"_acf_changed":false,"_yoast_wpseo_focuskw":"HWZ und Wilob","_yoast_wpseo_metadesc":"Die HWZ Hochschule f\u00fcr Wirtschaft Z\u00fcrich erweitert ihre fachliche Expertise durch die Zusammenarbeit mit Wilob AG.","articlekey":"","footnotes":""},"categories":[30],"tags":[62,1382,1888,492],"class_list":["post-23383","post","type-post","status-publish","format-standard","has-post-thumbnail","hentry","category-weiterbildung","tag-aus-weiterbildung","tag-hwz","tag-partnerschaft","tag-unternehmen"],"acf":[],"yoast_head":"<!-- This site is optimized with the Yoast SEO plugin v27.4 - https:\/\/yoast.com\/product\/yoast-seo-wordpress\/ -->\n<title>HWZ und Wilob gestalten gemeinsam die Zukunft - Organisator<\/title>\n<meta name=\"description\" content=\"Die HWZ Hochschule f\u00fcr Wirtschaft Z\u00fcrich erweitert ihre fachliche Expertise durch die Zusammenarbeit mit Wilob AG.\" \/>\n<meta name=\"robots\" content=\"index, follow, max-snippet:-1, max-image-preview:large, max-video-preview:-1\" \/>\n<link rel=\"canonical\" href=\"https:\/\/www.organisator.ch\/de\/weiterbildung\/2023-11-27\/hwz-und-wilob-gestalten-gemeinsam-die-zukunft\/\" \/>\n<meta property=\"og:locale\" content=\"de_DE\" \/>\n<meta property=\"og:type\" content=\"article\" \/>\n<meta property=\"og:title\" content=\"HWZ und Wilob gestalten gemeinsam die Zukunft\" \/>\n<meta property=\"og:description\" content=\"Die HWZ Hochschule f\u00fcr Wirtschaft Z\u00fcrich erweitert ihre fachliche Expertise durch die Zusammenarbeit mit Wilob AG.\" \/>\n<meta property=\"og:url\" content=\"https:\/\/www.organisator.ch\/de\/weiterbildung\/2023-11-27\/hwz-und-wilob-gestalten-gemeinsam-die-zukunft\/\" \/>\n<meta property=\"og:site_name\" content=\"Organisator\" \/>\n<meta property=\"article:publisher\" content=\"https:\/\/www.facebook.com\/OrganisatorFachmagazin\" \/>\n<meta property=\"article:published_time\" content=\"2023-11-27T07:59:05+00:00\" \/>\n<meta property=\"og:image\" content=\"https:\/\/www.organisator.ch\/wp-content\/uploads\/2023\/11\/HWZ_angela-fuchs-und-peter-statz_Bild1_ps.jpg\" \/>\n\t<meta property=\"og:image:width\" content=\"680\" \/>\n\t<meta property=\"og:image:height\" content=\"397\" \/>\n\t<meta property=\"og:image:type\" content=\"image\/jpeg\" \/>\n<meta name=\"author\" content=\"Adelisa Kalajdzini\" \/>\n<meta name=\"twitter:card\" content=\"summary_large_image\" \/>\n<meta name=\"twitter:title\" content=\"HWZ und Wilob gestalten gemeinsam die Zukunft\" \/>\n<meta name=\"twitter:description\" content=\"Die #HWZ Hochschule f\u00fcr Wirtschaft Z\u00fcrich erweitert ihre fachliche Expertise durch die #Zusammenarbeit mit #Wilob AG.\" \/>\n<meta name=\"twitter:image\" content=\"https:\/\/www.organisator.ch\/wp-content\/uploads\/2023\/11\/HWZ_angela-fuchs-und-peter-statz_Bild1_ps.jpg\" \/>\n<script type=\"application\/ld+json\" class=\"yoast-schema-graph\">{\"@context\":\"https:\\\/\\\/schema.org\",\"@graph\":[{\"@type\":\"Article\",\"@id\":\"https:\\\/\\\/www.organisator.ch\\\/weiterbildung\\\/2023-11-27\\\/hwz-und-wilob-gestalten-gemeinsam-die-zukunft\\\/#article\",\"isPartOf\":{\"@id\":\"https:\\\/\\\/www.organisator.ch\\\/weiterbildung\\\/2023-11-27\\\/hwz-und-wilob-gestalten-gemeinsam-die-zukunft\\\/\"},\"author\":{\"name\":\"Adelisa Kalajdzini\",\"@id\":\"https:\\\/\\\/www.organisator.ch\\\/#\\\/schema\\\/person\\\/2e1314a2172123f874db408d8911d3f3\"},\"headline\":\"HWZ und Wilob gestalten gemeinsam die Zukunft\",\"datePublished\":\"2023-11-27T07:59:05+00:00\",\"mainEntityOfPage\":{\"@id\":\"https:\\\/\\\/www.organisator.ch\\\/weiterbildung\\\/2023-11-27\\\/hwz-und-wilob-gestalten-gemeinsam-die-zukunft\\\/\"},\"wordCount\":309,\"publisher\":{\"@id\":\"https:\\\/\\\/www.organisator.ch\\\/#organization\"},\"image\":{\"@id\":\"https:\\\/\\\/www.organisator.ch\\\/weiterbildung\\\/2023-11-27\\\/hwz-und-wilob-gestalten-gemeinsam-die-zukunft\\\/#primaryimage\"},\"thumbnailUrl\":\"https:\\\/\\\/www.organisator.ch\\\/wp-content\\\/uploads\\\/2023\\\/11\\\/HWZ_angela-fuchs-und-peter-statz_Bild1_ps.jpg\",\"keywords\":[\"Aus-\\\/Weiterbildung\",\"HWZ\",\"Partnerschaft\",\"Unternehmen\"],\"articleSection\":[\"WEITERBILDUNG\"],\"inLanguage\":\"de\"},{\"@type\":\"WebPage\",\"@id\":\"https:\\\/\\\/www.organisator.ch\\\/weiterbildung\\\/2023-11-27\\\/hwz-und-wilob-gestalten-gemeinsam-die-zukunft\\\/\",\"url\":\"https:\\\/\\\/www.organisator.ch\\\/weiterbildung\\\/2023-11-27\\\/hwz-und-wilob-gestalten-gemeinsam-die-zukunft\\\/\",\"name\":\"HWZ und Wilob gestalten gemeinsam die Zukunft - Organisator\",\"isPartOf\":{\"@id\":\"https:\\\/\\\/www.organisator.ch\\\/#website\"},\"primaryImageOfPage\":{\"@id\":\"https:\\\/\\\/www.organisator.ch\\\/weiterbildung\\\/2023-11-27\\\/hwz-und-wilob-gestalten-gemeinsam-die-zukunft\\\/#primaryimage\"},\"image\":{\"@id\":\"https:\\\/\\\/www.organisator.ch\\\/weiterbildung\\\/2023-11-27\\\/hwz-und-wilob-gestalten-gemeinsam-die-zukunft\\\/#primaryimage\"},\"thumbnailUrl\":\"https:\\\/\\\/www.organisator.ch\\\/wp-content\\\/uploads\\\/2023\\\/11\\\/HWZ_angela-fuchs-und-peter-statz_Bild1_ps.jpg\",\"datePublished\":\"2023-11-27T07:59:05+00:00\",\"description\":\"Die HWZ Hochschule f\u00fcr Wirtschaft Z\u00fcrich erweitert ihre fachliche Expertise durch die Zusammenarbeit mit Wilob AG.\",\"breadcrumb\":{\"@id\":\"https:\\\/\\\/www.organisator.ch\\\/weiterbildung\\\/2023-11-27\\\/hwz-und-wilob-gestalten-gemeinsam-die-zukunft\\\/#breadcrumb\"},\"inLanguage\":\"de\",\"potentialAction\":[{\"@type\":\"ReadAction\",\"target\":[\"https:\\\/\\\/www.organisator.ch\\\/weiterbildung\\\/2023-11-27\\\/hwz-und-wilob-gestalten-gemeinsam-die-zukunft\\\/\"]}]},{\"@type\":\"ImageObject\",\"inLanguage\":\"de\",\"@id\":\"https:\\\/\\\/www.organisator.ch\\\/weiterbildung\\\/2023-11-27\\\/hwz-und-wilob-gestalten-gemeinsam-die-zukunft\\\/#primaryimage\",\"url\":\"https:\\\/\\\/www.organisator.ch\\\/wp-content\\\/uploads\\\/2023\\\/11\\\/HWZ_angela-fuchs-und-peter-statz_Bild1_ps.jpg\",\"contentUrl\":\"https:\\\/\\\/www.organisator.ch\\\/wp-content\\\/uploads\\\/2023\\\/11\\\/HWZ_angela-fuchs-und-peter-statz_Bild1_ps.jpg\",\"width\":680,\"height\":397,\"caption\":\"Bild Legende: Peter Statz - Leiter des Departements Management & Leadership der HWZ und Angela Fuchs - Co-Leiterin der Wilob AG. Im Fokus der Zusammenarbeit steht die Entwicklung neuer Weiterbildungsangebote. (Bild: www.fh-hwz.ch)\"},{\"@type\":\"BreadcrumbList\",\"@id\":\"https:\\\/\\\/www.organisator.ch\\\/weiterbildung\\\/2023-11-27\\\/hwz-und-wilob-gestalten-gemeinsam-die-zukunft\\\/#breadcrumb\",\"itemListElement\":[{\"@type\":\"ListItem\",\"position\":1,\"name\":\"Home\",\"item\":\"https:\\\/\\\/www.organisator.ch\\\/\"},{\"@type\":\"ListItem\",\"position\":2,\"name\":\"HWZ und Wilob gestalten gemeinsam die Zukunft\"}]},{\"@type\":\"WebSite\",\"@id\":\"https:\\\/\\\/www.organisator.ch\\\/#website\",\"url\":\"https:\\\/\\\/www.organisator.ch\\\/\",\"name\":\"Organisator\",\"description\":\"Kompetent. Praxisnah. Der ORGANISATOR bereitet in 10 Ausgaben pro Jahr die wesentlichen Themen f\u00fcr F\u00fchrungskr\u00e4fte von KMU auf.\",\"publisher\":{\"@id\":\"https:\\\/\\\/www.organisator.ch\\\/#organization\"},\"potentialAction\":[{\"@type\":\"SearchAction\",\"target\":{\"@type\":\"EntryPoint\",\"urlTemplate\":\"https:\\\/\\\/www.organisator.ch\\\/?s={search_term_string}\"},\"query-input\":{\"@type\":\"PropertyValueSpecification\",\"valueRequired\":true,\"valueName\":\"search_term_string\"}}],\"inLanguage\":\"de\"},{\"@type\":\"Organization\",\"@id\":\"https:\\\/\\\/www.organisator.ch\\\/#organization\",\"name\":\"Organisator\",\"url\":\"https:\\\/\\\/www.organisator.ch\\\/\",\"logo\":{\"@type\":\"ImageObject\",\"inLanguage\":\"de\",\"@id\":\"https:\\\/\\\/www.organisator.ch\\\/#\\\/schema\\\/logo\\\/image\\\/\",\"url\":\"https:\\\/\\\/www.organisator.ch\\\/wp-content\\\/uploads\\\/2022\\\/01\\\/Logo_Organisator_Website.png\",\"contentUrl\":\"https:\\\/\\\/www.organisator.ch\\\/wp-content\\\/uploads\\\/2022\\\/01\\\/Logo_Organisator_Website.png\",\"width\":800,\"height\":77,\"caption\":\"Organisator\"},\"image\":{\"@id\":\"https:\\\/\\\/www.organisator.ch\\\/#\\\/schema\\\/logo\\\/image\\\/\"},\"sameAs\":[\"https:\\\/\\\/www.facebook.com\\\/OrganisatorFachmagazin\",\"https:\\\/\\\/www.linkedin.com\\\/showcase\\\/organisator-das-magazin-fr-kmu\",\"https:\\\/\\\/www.xing.com\\\/news\\\/pages\\\/organisator-ch-695\",\"https:\\\/\\\/www.youtube.com\\\/channel\\\/UCGP2Sq0iWaZwT3BdIAQFYpw\"]},{\"@type\":\"Person\",\"@id\":\"https:\\\/\\\/www.organisator.ch\\\/#\\\/schema\\\/person\\\/2e1314a2172123f874db408d8911d3f3\",\"name\":\"Adelisa Kalajdzini\",\"image\":{\"@type\":\"ImageObject\",\"inLanguage\":\"de\",\"@id\":\"https:\\\/\\\/secure.gravatar.com\\\/avatar\\\/09a397c22ac58cad6f160ee8306348599df9df58a8ede73696226897b9fa4b24?s=96&d=mm&r=g\",\"url\":\"https:\\\/\\\/secure.gravatar.com\\\/avatar\\\/09a397c22ac58cad6f160ee8306348599df9df58a8ede73696226897b9fa4b24?s=96&d=mm&r=g\",\"contentUrl\":\"https:\\\/\\\/secure.gravatar.com\\\/avatar\\\/09a397c22ac58cad6f160ee8306348599df9df58a8ede73696226897b9fa4b24?s=96&d=mm&r=g\",\"caption\":\"Adelisa Kalajdzini\"},\"url\":\"https:\\\/\\\/www.organisator.ch\\\/de\\\/author\\\/adelisa-kalajdzini\\\/\"}]}<\/script>\n<!-- \/ Yoast SEO plugin. -->","yoast_head_json":{"title":"HWZ und Wilob gestalten gemeinsam die Zukunft - Organisator","description":"Die HWZ Hochschule f\u00fcr Wirtschaft Z\u00fcrich erweitert ihre fachliche Expertise durch die Zusammenarbeit mit Wilob AG.","robots":{"index":"index","follow":"follow","max-snippet":"max-snippet:-1","max-image-preview":"max-image-preview:large","max-video-preview":"max-video-preview:-1"},"canonical":"https:\/\/www.organisator.ch\/de\/weiterbildung\/2023-11-27\/hwz-und-wilob-gestalten-gemeinsam-die-zukunft\/","og_locale":"de_DE","og_type":"article","og_title":"HWZ und Wilob gestalten gemeinsam die Zukunft","og_description":"Die HWZ Hochschule f\u00fcr Wirtschaft Z\u00fcrich erweitert ihre fachliche Expertise durch die Zusammenarbeit mit Wilob AG.","og_url":"https:\/\/www.organisator.ch\/de\/weiterbildung\/2023-11-27\/hwz-und-wilob-gestalten-gemeinsam-die-zukunft\/","og_site_name":"Organisator","article_publisher":"https:\/\/www.facebook.com\/OrganisatorFachmagazin","article_published_time":"2023-11-27T07:59:05+00:00","og_image":[{"width":680,"height":397,"url":"https:\/\/www.organisator.ch\/wp-content\/uploads\/2023\/11\/HWZ_angela-fuchs-und-peter-statz_Bild1_ps.jpg","type":"image\/jpeg"}],"author":"Adelisa Kalajdzini","twitter_card":"summary_large_image","twitter_title":"HWZ und Wilob gestalten gemeinsam die Zukunft","twitter_description":"Die #HWZ Hochschule f\u00fcr Wirtschaft Z\u00fcrich erweitert ihre fachliche Expertise durch die #Zusammenarbeit mit #Wilob AG.","twitter_image":"https:\/\/www.organisator.ch\/wp-content\/uploads\/2023\/11\/HWZ_angela-fuchs-und-peter-statz_Bild1_ps.jpg","schema":{"@context":"https:\/\/schema.org","@graph":[{"@type":"Article","@id":"https:\/\/www.organisator.ch\/weiterbildung\/2023-11-27\/hwz-und-wilob-gestalten-gemeinsam-die-zukunft\/#article","isPartOf":{"@id":"https:\/\/www.organisator.ch\/weiterbildung\/2023-11-27\/hwz-und-wilob-gestalten-gemeinsam-die-zukunft\/"},"author":{"name":"Adelisa Kalajdzini","@id":"https:\/\/www.organisator.ch\/#\/schema\/person\/2e1314a2172123f874db408d8911d3f3"},"headline":"HWZ und Wilob gestalten gemeinsam die Zukunft","datePublished":"2023-11-27T07:59:05+00:00","mainEntityOfPage":{"@id":"https:\/\/www.organisator.ch\/weiterbildung\/2023-11-27\/hwz-und-wilob-gestalten-gemeinsam-die-zukunft\/"},"wordCount":309,"publisher":{"@id":"https:\/\/www.organisator.ch\/#organization"},"image":{"@id":"https:\/\/www.organisator.ch\/weiterbildung\/2023-11-27\/hwz-und-wilob-gestalten-gemeinsam-die-zukunft\/#primaryimage"},"thumbnailUrl":"https:\/\/www.organisator.ch\/wp-content\/uploads\/2023\/11\/HWZ_angela-fuchs-und-peter-statz_Bild1_ps.jpg","keywords":["Aus-\/Weiterbildung","HWZ","Partnerschaft","Unternehmen"],"articleSection":["WEITERBILDUNG"],"inLanguage":"de"},{"@type":"WebPage","@id":"https:\/\/www.organisator.ch\/weiterbildung\/2023-11-27\/hwz-und-wilob-gestalten-gemeinsam-die-zukunft\/","url":"https:\/\/www.organisator.ch\/weiterbildung\/2023-11-27\/hwz-und-wilob-gestalten-gemeinsam-die-zukunft\/","name":"HWZ und Wilob gestalten gemeinsam die Zukunft - Organisator","isPartOf":{"@id":"https:\/\/www.organisator.ch\/#website"},"primaryImageOfPage":{"@id":"https:\/\/www.organisator.ch\/weiterbildung\/2023-11-27\/hwz-und-wilob-gestalten-gemeinsam-die-zukunft\/#primaryimage"},"image":{"@id":"https:\/\/www.organisator.ch\/weiterbildung\/2023-11-27\/hwz-und-wilob-gestalten-gemeinsam-die-zukunft\/#primaryimage"},"thumbnailUrl":"https:\/\/www.organisator.ch\/wp-content\/uploads\/2023\/11\/HWZ_angela-fuchs-und-peter-statz_Bild1_ps.jpg","datePublished":"2023-11-27T07:59:05+00:00","description":"Die HWZ Hochschule f\u00fcr Wirtschaft Z\u00fcrich erweitert ihre fachliche Expertise durch die Zusammenarbeit mit Wilob AG.","breadcrumb":{"@id":"https:\/\/www.organisator.ch\/weiterbildung\/2023-11-27\/hwz-und-wilob-gestalten-gemeinsam-die-zukunft\/#breadcrumb"},"inLanguage":"de","potentialAction":[{"@type":"ReadAction","target":["https:\/\/www.organisator.ch\/weiterbildung\/2023-11-27\/hwz-und-wilob-gestalten-gemeinsam-die-zukunft\/"]}]},{"@type":"ImageObject","inLanguage":"de","@id":"https:\/\/www.organisator.ch\/weiterbildung\/2023-11-27\/hwz-und-wilob-gestalten-gemeinsam-die-zukunft\/#primaryimage","url":"https:\/\/www.organisator.ch\/wp-content\/uploads\/2023\/11\/HWZ_angela-fuchs-und-peter-statz_Bild1_ps.jpg","contentUrl":"https:\/\/www.organisator.ch\/wp-content\/uploads\/2023\/11\/HWZ_angela-fuchs-und-peter-statz_Bild1_ps.jpg","width":680,"height":397,"caption":"Bild Legende: Peter Statz - Leiter des Departements Management & Leadership der HWZ und Angela Fuchs - Co-Leiterin der Wilob AG. Im Fokus der Zusammenarbeit steht die Entwicklung neuer Weiterbildungsangebote. (Bild: www.fh-hwz.ch)"},{"@type":"BreadcrumbList","@id":"https:\/\/www.organisator.ch\/weiterbildung\/2023-11-27\/hwz-und-wilob-gestalten-gemeinsam-die-zukunft\/#breadcrumb","itemListElement":[{"@type":"ListItem","position":1,"name":"Home","item":"https:\/\/www.organisator.ch\/"},{"@type":"ListItem","position":2,"name":"HWZ und Wilob gestalten gemeinsam die Zukunft"}]},{"@type":"WebSite","@id":"https:\/\/www.organisator.ch\/#website","url":"https:\/\/www.organisator.ch\/","name":"Organisator","description":"Kompetent. Praxisnah. Der ORGANISATOR bereitet in 10 Ausgaben pro Jahr die wesentlichen Themen f\u00fcr F\u00fchrungskr\u00e4fte von KMU auf.","publisher":{"@id":"https:\/\/www.organisator.ch\/#organization"},"potentialAction":[{"@type":"SearchAction","target":{"@type":"EntryPoint","urlTemplate":"https:\/\/www.organisator.ch\/?s={search_term_string}"},"query-input":{"@type":"PropertyValueSpecification","valueRequired":true,"valueName":"search_term_string"}}],"inLanguage":"de"},{"@type":"Organization","@id":"https:\/\/www.organisator.ch\/#organization","name":"Organisator","url":"https:\/\/www.organisator.ch\/","logo":{"@type":"ImageObject","inLanguage":"de","@id":"https:\/\/www.organisator.ch\/#\/schema\/logo\/image\/","url":"https:\/\/www.organisator.ch\/wp-content\/uploads\/2022\/01\/Logo_Organisator_Website.png","contentUrl":"https:\/\/www.organisator.ch\/wp-content\/uploads\/2022\/01\/Logo_Organisator_Website.png","width":800,"height":77,"caption":"Organisator"},"image":{"@id":"https:\/\/www.organisator.ch\/#\/schema\/logo\/image\/"},"sameAs":["https:\/\/www.facebook.com\/OrganisatorFachmagazin","https:\/\/www.linkedin.com\/showcase\/organisator-das-magazin-fr-kmu","https:\/\/www.xing.com\/news\/pages\/organisator-ch-695","https:\/\/www.youtube.com\/channel\/UCGP2Sq0iWaZwT3BdIAQFYpw"]},{"@type":"Person","@id":"https:\/\/www.organisator.ch\/#\/schema\/person\/2e1314a2172123f874db408d8911d3f3","name":"Adelisa Kalajdzini","image":{"@type":"ImageObject","inLanguage":"de","@id":"https:\/\/secure.gravatar.com\/avatar\/09a397c22ac58cad6f160ee8306348599df9df58a8ede73696226897b9fa4b24?s=96&d=mm&r=g","url":"https:\/\/secure.gravatar.com\/avatar\/09a397c22ac58cad6f160ee8306348599df9df58a8ede73696226897b9fa4b24?s=96&d=mm&r=g","contentUrl":"https:\/\/secure.gravatar.com\/avatar\/09a397c22ac58cad6f160ee8306348599df9df58a8ede73696226897b9fa4b24?s=96&d=mm&r=g","caption":"Adelisa Kalajdzini"},"url":"https:\/\/www.organisator.ch\/de\/author\/adelisa-kalajdzini\/"}]}},"_links":{"self":[{"href":"https:\/\/www.organisator.ch\/de\/wp-json\/wp\/v2\/posts\/23383","targetHints":{"allow":["GET"]}}],"collection":[{"href":"https:\/\/www.organisator.ch\/de\/wp-json\/wp\/v2\/posts"}],"about":[{"href":"https:\/\/www.organisator.ch\/de\/wp-json\/wp\/v2\/types\/post"}],"author":[{"embeddable":true,"href":"https:\/\/www.organisator.ch\/de\/wp-json\/wp\/v2\/users\/58"}],"replies":[{"embeddable":true,"href":"https:\/\/www.organisator.ch\/de\/wp-json\/wp\/v2\/comments?post=23383"}],"version-history":[{"count":1,"href":"https:\/\/www.organisator.ch\/de\/wp-json\/wp\/v2\/posts\/23383\/revisions"}],"predecessor-version":[{"id":23385,"href":"https:\/\/www.organisator.ch\/de\/wp-json\/wp\/v2\/posts\/23383\/revisions\/23385"}],"wp:featuredmedia":[{"embeddable":true,"href":"https:\/\/www.organisator.ch\/de\/wp-json\/wp\/v2\/media\/23384"}],"wp:attachment":[{"href":"https:\/\/www.organisator.ch\/de\/wp-json\/wp\/v2\/media?parent=23383"}],"wp:term":[{"taxonomy":"category","embeddable":true,"href":"https:\/\/www.organisator.ch\/de\/wp-json\/wp\/v2\/categories?post=23383"},{"taxonomy":"post_tag","embeddable":true,"href":"https:\/\/www.organisator.ch\/de\/wp-json\/wp\/v2\/tags?post=23383"}],"curies":[{"name":"wp","href":"https:\/\/api.w.org\/{rel}","templated":true}]}}