{"id":23414,"date":"2023-11-29T03:32:57","date_gmt":"2023-11-29T02:32:57","guid":{"rendered":"https:\/\/www.organisator.ch\/?p=23414"},"modified":"2023-11-28T13:44:43","modified_gmt":"2023-11-28T12:44:43","slug":"fachkraeftemangel-unternehmen-fuerchten-zunahme-von-personalausfaellen","status":"publish","type":"post","link":"https:\/\/www.organisator.ch\/de\/human-resources\/2023-11-29\/fachkraeftemangel-unternehmen-fuerchten-zunahme-von-personalausfaellen\/","title":{"rendered":"Fachkr\u00e4ftemangel: Unternehmen f\u00fcrchten Zunahme von Personalausf\u00e4llen"},"content":{"rendered":"<figure id=\"attachment_23416\" aria-describedby=\"caption-attachment-23416\" style=\"width: 680px\" class=\"wp-caption alignnone\"><img loading=\"lazy\" decoding=\"async\" class=\"size-full wp-image-23416\" src=\"https:\/\/www.organisator.ch\/wp-content\/uploads\/2023\/11\/Fachkraeftemangel-Unternehmen-fuerchten-Zunahme-von-Personalausfaellen_Organisator.jpg\" alt=\"\" width=\"680\" height=\"531\" srcset=\"https:\/\/www.organisator.ch\/wp-content\/uploads\/2023\/11\/Fachkraeftemangel-Unternehmen-fuerchten-Zunahme-von-Personalausfaellen_Organisator.jpg 680w, https:\/\/www.organisator.ch\/wp-content\/uploads\/2023\/11\/Fachkraeftemangel-Unternehmen-fuerchten-Zunahme-von-Personalausfaellen_Organisator-15x12.jpg 15w, https:\/\/www.organisator.ch\/wp-content\/uploads\/2023\/11\/Fachkraeftemangel-Unternehmen-fuerchten-Zunahme-von-Personalausfaellen_Organisator-375x293.jpg 375w, https:\/\/www.organisator.ch\/wp-content\/uploads\/2023\/11\/Fachkraeftemangel-Unternehmen-fuerchten-Zunahme-von-Personalausfaellen_Organisator-448x350.jpg 448w\" sizes=\"auto, (max-width: 680px) 100vw, 680px\" \/><figcaption id=\"caption-attachment-23416\" class=\"wp-caption-text\">Der Fachkr\u00e4ftemangel hat in ganz Europa Einfluss auf den Gesch\u00e4ftserfolg von Unternehmen. Bef\u00fcrchtet wird auch eine Zunahme von Personalausf\u00e4llen. (Grafik: Visable)<\/figcaption><\/figure>\n<p>Der Fachkr\u00e4ftemangel dauert an. Dies zeigen neben <a href=\"https:\/\/www.organisator.ch\/de\/human-resources\/2023-11-28\/arbeitskraeftemangel-haelt-an\/\">dem k\u00fcrzlich ver\u00f6ffentlichten Fachkr\u00e4ftemangel Index Schweiz<\/a> auch die Ergebnisse einer aktuellen Umfrage des Meinungsforschungsinstituts YouGov. Diese wurde im Auftrag des B2B-Plattformbetreibers Visable im Zeitraum vom 19. bis 25. September durchgef\u00fchrt.\u00a0In der Schweiz wurden 135 Personalentscheider und Mitglieder des Senior Managements befragt, in \u00d6sterreich 226, in Deutschland 600 und in Frankreich 526.<\/p>\n<h3>Fachkr\u00e4ftemangel betrifft ganz Europa<\/h3>\n<p>Die Ergebnisse verdeutlichen die dramatischen Auswirkungen des Fachkr\u00e4ftemangels. So gibt rund die H\u00e4lfte der Befragten (49 Prozent) an, dass das Fehlen von geeignetem Personal bereits \u201eeher starke\u201c oder sogar \u201esehr starke negative Auswirkungen\u201c auf den Gesch\u00e4ftserfolg habe. Nur 15 Prozent der Unternehmen verzeichnen keine negativen Auswirkungen. Die negativen Auswirkungen sind in Deutschland, Frankreich und \u00d6sterreich genauso gravierend wie in der Schweiz. Im Durchschnitt aller L\u00e4nder sch\u00e4tzt jeder zweite Befragte (51 Prozent) die Auswirkungen als \u201eeher stark\u201c oder sogar \u201esehr stark\u201c ein, in \u00d6sterreich geben sogar fast 6 von 10 Befragten diese Einsch\u00e4tzung ab (58 Prozent). \u00dcber alle L\u00e4nder hinweg sehen die Entscheider die Zukunft d\u00fcster: Jeder Zweite (48 Prozent) geht von einer Verschlechterung der Situation aus, gerade einmal 6 Prozent haben Hoffnung auf eine Verbesserung. Der Fachkr\u00e4ftemangel scheint also ein gesamteurop\u00e4isches Problem zu sein und belastet die Entwicklung des Wirtschaftsraums.<\/p>\n<h3><strong>Zunahme von Personalausf\u00e4llen durch Fachkr\u00e4ftemangel<\/strong><\/h3>\n<p>Eine der st\u00e4rksten Auswirkungen des Fachkr\u00e4ftemangels ist laut der Schweizer Befragten eine deutliche Mehrbelastung der Belegschaft (32 Prozent). Mehr als jeder vierte Befragte gibt zudem an, dass es durch den Fachkr\u00e4ftemangel zu mehr Personalausf\u00e4llen und Krankmeldungen kommt (27 Prozent) \u2013 insgesamt \u00e4usserst unruhige Zeiten f\u00fcr Personaler und herausfordernde Zeiten f\u00fcr Angestellte. Die am h\u00e4ufigsten ge\u00e4usserte Bef\u00fcrchtung unter Schweizer Firmen ist der Verlust von Know-how und Qualit\u00e4t durch fehlende Fachkr\u00e4fte. Fast 4 von 10 Befragten gaben diese Antwort (39 Prozent). Der Mangel macht sich auch schon deutlich in erh\u00f6hten Personalkosten bemerkbar (28 Prozent). Besonders bedenklich f\u00fcr die Zukunft: Jedes vierte Unternehmen (26%) tut sich aufgrund des Mangels an geeigneten Kandidaten schwerer mit der Nachfolgeplanung.<\/p>\n<h3><strong>Abwanderungswelle wegen Fachkr\u00e4ftemangel?<\/strong><\/h3>\n<p>Wie dramatisch die Situation empfunden wird, zeigt auch die folgende Zahl: Etwa jedes siebte Unternehmen (15 Prozent) erw\u00e4gt bereits, zumindest teilweise ins Ausland abzuwandern. W\u00fcrden diese Pl\u00e4ne \u00fcberall in die Tat umgesetzt, betr\u00e4fe das in der Schweiz hochgerechnet viele tausend Firmen. Eine Abwanderungswelle droht also in den n\u00e4chsten Jahren. Und das obwohl viele Unternehmen in Anbetracht der kritischen Situation bereits eine breite Palette an Massnahmen nutzen, um die negativen Auswirkungen des Fachkr\u00e4ftemangels abzufedern. Hier unterscheidet sich die Herangehensweise in der Schweiz merklich von den anderen L\u00e4ndern in der Umfrage. In allen anderen M\u00e4rkten ist der Ausbau des eigenen Recruitings die beliebteste Massnahme und wird im Schnitt von jedem dritten Befragten dort genannt (34 Prozent). In der Schweiz setzt nur jeder F\u00fcnfte (21 Prozent) auf die eigene aktive Suche nach geeigneten Mitarbeitern, daf\u00fcr suchen Schweizer Firmen ihr Heil vor allem im Outsourcing von Massnahmen (26 Prozent).<\/p>\n<h3>Digitalisierung als Reaktion auf Arbeitskr\u00e4ftemangel<\/h3>\n<p>Ein weiterer Hoffnungstr\u00e4ger ist die Digitalisierung. Beim Einsatz von KI als Reaktion auf den Fachkr\u00e4ftemangel liegt die Schweiz an der Spitze der untersuchten M\u00e4rkte: Bereits 21 Prozent nennen diese Massnahme. Im Schnitt aller anderen L\u00e4nder sind es nur 16 Prozent, in \u00d6sterreich sogar nur 11 Prozent. Ebenso setzt jedes f\u00fcnfte Unternehmen in der Eidgenossenschaft auf Digitalisierung und Automatisierung (21 Prozent) zur Bek\u00e4mpfung der negativen Auswirkungen des Mangels an qualifiziertem Personal. Interne Kompetenz- und Wissenstransferprogramme sind mit 25 Prozente ebenfalls sehr beliebt.<\/p>\n<p>\u00a0Mit besseren Vertragskonditionen will jedes vierte Unternehmen Fachkr\u00e4fte anlocken, darunter geben 23 Prozent Zahlungen \u00fcberdurchschnittlicher Branchengeh\u00e4lter und 25 Prozent das Angebot flexibler Besch\u00e4ftigungsmodelle wie der 4-Tage-Woche an. Das Schweizer Unternehmertum reagiert also aktiv und kreativ auf die Herausforderungen des Personal- und Fachkr\u00e4ftemangels.<\/p>\n<h3><strong>Forderungen an die Politik\u00a0<\/strong><\/h3>\n<p>Schweizer KMU sehen sich im anhaltenden Fachkr\u00e4ftemangel mit hohem Verwaltungsaufwand und administrativen H\u00fcrden konfrontiert: Jedes vierte Unternehmen fordert dringend einen B\u00fcrokratieabbau von der Politik (24 Prozent). Ausserdem stark gew\u00fcnscht werden familien- und sozialpolitische Massnahmen, etwa zu Verbesserung der Vereinbarkeit von Beruf und Familie (25 Prozent). Nur ein geringer Anteil der Befragten pl\u00e4diert dagegen f\u00fcr traditionell wirtschaftsliberale Massnahmen wie flexible K\u00fcndigungs- und Wiedereinstellungsregelungen (14 Prozent) und eine Heraufsetzung des Renteneintrittsalters (9 Prozent). Der Zuzug von Fachkr\u00e4ften aus dem Ausland steht auch eher weniger im Fokus. Nur 11 Prozent der Befragten wollen eine verst\u00e4rkte F\u00f6rderung qualifizierter Einwanderung.<\/p>\n<p><em>Quelle: <a href=\"https:\/\/www.visable.com\/de_ch\">Visable<\/a><\/em><\/p>\n","protected":false},"excerpt":{"rendered":"<p>Der Mangel an Fachkr\u00e4ften f\u00fchrt l\u00e4ngerfristig zu einer Zunahme von Personalausf\u00e4llen. Dies bef\u00fcrchten gem\u00e4ss einer europaweiten Umfrage auch viele Schweizer Unternehmen. Und jedes zweite Schweizer Unternehmen sch\u00e4tzt die negativen Auswirkungen des Personalmangels auf den Gesch\u00e4ftserfolg als hoch ein.<\/p>\n","protected":false},"author":4,"featured_media":23416,"comment_status":"closed","ping_status":"closed","sticky":false,"template":"","format":"standard","meta":{"_acf_changed":false,"_yoast_wpseo_focuskw":"Zunahme von Personalausf\u00e4llen","_yoast_wpseo_metadesc":"Der Mangel an Fachkr\u00e4ften f\u00fchrt zu einer Zunahme von Personalausf\u00e4llen. Diese Bef\u00fcrchtung steht bei viele Schweizer Unternehmen weit oben.","articlekey":"","footnotes":""},"categories":[579],"tags":[194,254,459,531],"class_list":["post-23414","post","type-post","status-publish","format-standard","has-post-thumbnail","hentry","category-human-resources","tag-fachkraeftemangel","tag-hrm","tag-studie","tag-wirtschaftspolitik"],"acf":[],"yoast_head":"<!-- This site is optimized with the Yoast SEO plugin v27.5 - https:\/\/yoast.com\/product\/yoast-seo-wordpress\/ -->\n<title>Fachkr\u00e4ftemangel: Unternehmen f\u00fcrchten Zunahme von Personalausf\u00e4llen - Organisator<\/title>\n<meta name=\"description\" content=\"Der Mangel an Fachkr\u00e4ften f\u00fchrt zu einer Zunahme von Personalausf\u00e4llen. Diese Bef\u00fcrchtung steht bei viele Schweizer Unternehmen weit oben.\" \/>\n<meta name=\"robots\" content=\"index, follow, max-snippet:-1, max-image-preview:large, max-video-preview:-1\" \/>\n<link rel=\"canonical\" href=\"https:\/\/www.organisator.ch\/de\/human-resources\/2023-11-29\/fachkraeftemangel-unternehmen-fuerchten-zunahme-von-personalausfaellen\/\" \/>\n<meta property=\"og:locale\" content=\"de_DE\" \/>\n<meta property=\"og:type\" content=\"article\" \/>\n<meta property=\"og:title\" content=\"Fachkr\u00e4ftemangel: Unternehmen f\u00fcrchten Zunahme von Personalausf\u00e4llen\" \/>\n<meta property=\"og:description\" content=\"Der Mangel an Fachkr\u00e4ften f\u00fchrt zu einer Zunahme von Personalausf\u00e4llen. Diese Bef\u00fcrchtung steht bei viele Schweizer Unternehmen weit oben.\" \/>\n<meta property=\"og:url\" content=\"https:\/\/www.organisator.ch\/de\/human-resources\/2023-11-29\/fachkraeftemangel-unternehmen-fuerchten-zunahme-von-personalausfaellen\/\" \/>\n<meta property=\"og:site_name\" content=\"Organisator\" \/>\n<meta property=\"article:publisher\" content=\"https:\/\/www.facebook.com\/OrganisatorFachmagazin\" \/>\n<meta property=\"article:published_time\" content=\"2023-11-29T02:32:57+00:00\" \/>\n<meta property=\"og:image\" content=\"https:\/\/www.organisator.ch\/wp-content\/uploads\/2023\/11\/Fachkraeftemangel-Unternehmen-fuerchten-Zunahme-von-Personalausfaellen_Organisator.jpg\" \/>\n\t<meta property=\"og:image:width\" content=\"680\" \/>\n\t<meta property=\"og:image:height\" content=\"531\" \/>\n\t<meta property=\"og:image:type\" content=\"image\/jpeg\" \/>\n<meta name=\"author\" content=\"thomas.berner\" \/>\n<meta name=\"twitter:card\" content=\"summary_large_image\" \/>\n<meta name=\"twitter:title\" content=\"#Fachkr\u00e4ftemangel: Unternehmen f\u00fcrchten Zunahme von #Personalausf\u00e4llen\" \/>\n<meta name=\"twitter:description\" content=\"Der Mangel an Fachkr\u00e4ften f\u00fchrt zu einer Zunahme von #Personalausf\u00e4llen. Diese Bef\u00fcrchtung steht bei viele Schweizer Unternehmen weit oben.\" \/>\n<meta name=\"twitter:image\" content=\"https:\/\/www.organisator.ch\/wp-content\/uploads\/2023\/11\/Fachkraeftemangel-Unternehmen-fuerchten-Zunahme-von-Personalausfaellen_Organisator.jpg\" \/>\n<script type=\"application\/ld+json\" class=\"yoast-schema-graph\">{\"@context\":\"https:\\\/\\\/schema.org\",\"@graph\":[{\"@type\":\"Article\",\"@id\":\"https:\\\/\\\/www.organisator.ch\\\/human-resources\\\/2023-11-29\\\/fachkraeftemangel-unternehmen-fuerchten-zunahme-von-personalausfaellen\\\/#article\",\"isPartOf\":{\"@id\":\"https:\\\/\\\/www.organisator.ch\\\/human-resources\\\/2023-11-29\\\/fachkraeftemangel-unternehmen-fuerchten-zunahme-von-personalausfaellen\\\/\"},\"author\":{\"name\":\"thomas.berner\",\"@id\":\"https:\\\/\\\/www.organisator.ch\\\/#\\\/schema\\\/person\\\/6f650f90b2842cd4c0cc334b4e36f67e\"},\"headline\":\"Fachkr\u00e4ftemangel: Unternehmen f\u00fcrchten Zunahme von Personalausf\u00e4llen\",\"datePublished\":\"2023-11-29T02:32:57+00:00\",\"mainEntityOfPage\":{\"@id\":\"https:\\\/\\\/www.organisator.ch\\\/human-resources\\\/2023-11-29\\\/fachkraeftemangel-unternehmen-fuerchten-zunahme-von-personalausfaellen\\\/\"},\"wordCount\":765,\"publisher\":{\"@id\":\"https:\\\/\\\/www.organisator.ch\\\/#organization\"},\"image\":{\"@id\":\"https:\\\/\\\/www.organisator.ch\\\/human-resources\\\/2023-11-29\\\/fachkraeftemangel-unternehmen-fuerchten-zunahme-von-personalausfaellen\\\/#primaryimage\"},\"thumbnailUrl\":\"https:\\\/\\\/www.organisator.ch\\\/wp-content\\\/uploads\\\/2023\\\/11\\\/Fachkraeftemangel-Unternehmen-fuerchten-Zunahme-von-Personalausfaellen_Organisator.jpg\",\"keywords\":[\"Fachkr\u00e4ftemangel\",\"HRM\",\"Studie\",\"Wirtschaftspolitik\"],\"articleSection\":[\"HUMAN RESOURCES\"],\"inLanguage\":\"de\"},{\"@type\":\"WebPage\",\"@id\":\"https:\\\/\\\/www.organisator.ch\\\/human-resources\\\/2023-11-29\\\/fachkraeftemangel-unternehmen-fuerchten-zunahme-von-personalausfaellen\\\/\",\"url\":\"https:\\\/\\\/www.organisator.ch\\\/human-resources\\\/2023-11-29\\\/fachkraeftemangel-unternehmen-fuerchten-zunahme-von-personalausfaellen\\\/\",\"name\":\"Fachkr\u00e4ftemangel: Unternehmen f\u00fcrchten Zunahme von Personalausf\u00e4llen - Organisator\",\"isPartOf\":{\"@id\":\"https:\\\/\\\/www.organisator.ch\\\/#website\"},\"primaryImageOfPage\":{\"@id\":\"https:\\\/\\\/www.organisator.ch\\\/human-resources\\\/2023-11-29\\\/fachkraeftemangel-unternehmen-fuerchten-zunahme-von-personalausfaellen\\\/#primaryimage\"},\"image\":{\"@id\":\"https:\\\/\\\/www.organisator.ch\\\/human-resources\\\/2023-11-29\\\/fachkraeftemangel-unternehmen-fuerchten-zunahme-von-personalausfaellen\\\/#primaryimage\"},\"thumbnailUrl\":\"https:\\\/\\\/www.organisator.ch\\\/wp-content\\\/uploads\\\/2023\\\/11\\\/Fachkraeftemangel-Unternehmen-fuerchten-Zunahme-von-Personalausfaellen_Organisator.jpg\",\"datePublished\":\"2023-11-29T02:32:57+00:00\",\"description\":\"Der Mangel an Fachkr\u00e4ften f\u00fchrt zu einer Zunahme von Personalausf\u00e4llen. Diese Bef\u00fcrchtung steht bei viele Schweizer Unternehmen weit oben.\",\"breadcrumb\":{\"@id\":\"https:\\\/\\\/www.organisator.ch\\\/human-resources\\\/2023-11-29\\\/fachkraeftemangel-unternehmen-fuerchten-zunahme-von-personalausfaellen\\\/#breadcrumb\"},\"inLanguage\":\"de\",\"potentialAction\":[{\"@type\":\"ReadAction\",\"target\":[\"https:\\\/\\\/www.organisator.ch\\\/human-resources\\\/2023-11-29\\\/fachkraeftemangel-unternehmen-fuerchten-zunahme-von-personalausfaellen\\\/\"]}]},{\"@type\":\"ImageObject\",\"inLanguage\":\"de\",\"@id\":\"https:\\\/\\\/www.organisator.ch\\\/human-resources\\\/2023-11-29\\\/fachkraeftemangel-unternehmen-fuerchten-zunahme-von-personalausfaellen\\\/#primaryimage\",\"url\":\"https:\\\/\\\/www.organisator.ch\\\/wp-content\\\/uploads\\\/2023\\\/11\\\/Fachkraeftemangel-Unternehmen-fuerchten-Zunahme-von-Personalausfaellen_Organisator.jpg\",\"contentUrl\":\"https:\\\/\\\/www.organisator.ch\\\/wp-content\\\/uploads\\\/2023\\\/11\\\/Fachkraeftemangel-Unternehmen-fuerchten-Zunahme-von-Personalausfaellen_Organisator.jpg\",\"width\":680,\"height\":531,\"caption\":\"Der Fachkr\u00e4ftemangel hat in ganz Europa Einfluss auf den Gesch\u00e4ftserfolg von Unternehmen. Bef\u00fcrchtet wird auch eine Zunahme von Personalausf\u00e4llen. (Grafik: Visable)\"},{\"@type\":\"BreadcrumbList\",\"@id\":\"https:\\\/\\\/www.organisator.ch\\\/human-resources\\\/2023-11-29\\\/fachkraeftemangel-unternehmen-fuerchten-zunahme-von-personalausfaellen\\\/#breadcrumb\",\"itemListElement\":[{\"@type\":\"ListItem\",\"position\":1,\"name\":\"Home\",\"item\":\"https:\\\/\\\/www.organisator.ch\\\/\"},{\"@type\":\"ListItem\",\"position\":2,\"name\":\"Fachkr\u00e4ftemangel: Unternehmen f\u00fcrchten Zunahme von Personalausf\u00e4llen\"}]},{\"@type\":\"WebSite\",\"@id\":\"https:\\\/\\\/www.organisator.ch\\\/#website\",\"url\":\"https:\\\/\\\/www.organisator.ch\\\/\",\"name\":\"Organisator\",\"description\":\"Kompetent. Praxisnah. Der ORGANISATOR bereitet in 10 Ausgaben pro Jahr die wesentlichen Themen f\u00fcr F\u00fchrungskr\u00e4fte von KMU auf.\",\"publisher\":{\"@id\":\"https:\\\/\\\/www.organisator.ch\\\/#organization\"},\"potentialAction\":[{\"@type\":\"SearchAction\",\"target\":{\"@type\":\"EntryPoint\",\"urlTemplate\":\"https:\\\/\\\/www.organisator.ch\\\/?s={search_term_string}\"},\"query-input\":{\"@type\":\"PropertyValueSpecification\",\"valueRequired\":true,\"valueName\":\"search_term_string\"}}],\"inLanguage\":\"de\"},{\"@type\":\"Organization\",\"@id\":\"https:\\\/\\\/www.organisator.ch\\\/#organization\",\"name\":\"Organisator\",\"url\":\"https:\\\/\\\/www.organisator.ch\\\/\",\"logo\":{\"@type\":\"ImageObject\",\"inLanguage\":\"de\",\"@id\":\"https:\\\/\\\/www.organisator.ch\\\/#\\\/schema\\\/logo\\\/image\\\/\",\"url\":\"https:\\\/\\\/www.organisator.ch\\\/wp-content\\\/uploads\\\/2022\\\/01\\\/Logo_Organisator_Website.png\",\"contentUrl\":\"https:\\\/\\\/www.organisator.ch\\\/wp-content\\\/uploads\\\/2022\\\/01\\\/Logo_Organisator_Website.png\",\"width\":800,\"height\":77,\"caption\":\"Organisator\"},\"image\":{\"@id\":\"https:\\\/\\\/www.organisator.ch\\\/#\\\/schema\\\/logo\\\/image\\\/\"},\"sameAs\":[\"https:\\\/\\\/www.facebook.com\\\/OrganisatorFachmagazin\",\"https:\\\/\\\/www.linkedin.com\\\/showcase\\\/organisator-das-magazin-fr-kmu\",\"https:\\\/\\\/www.xing.com\\\/news\\\/pages\\\/organisator-ch-695\",\"https:\\\/\\\/www.youtube.com\\\/channel\\\/UCGP2Sq0iWaZwT3BdIAQFYpw\"]},{\"@type\":\"Person\",\"@id\":\"https:\\\/\\\/www.organisator.ch\\\/#\\\/schema\\\/person\\\/6f650f90b2842cd4c0cc334b4e36f67e\",\"name\":\"thomas.berner\",\"image\":{\"@type\":\"ImageObject\",\"inLanguage\":\"de\",\"@id\":\"https:\\\/\\\/secure.gravatar.com\\\/avatar\\\/ac5001d2a36cb6c6cd3e50789007ffca834b477b74a2144564522e944eabff61?s=96&d=mm&r=g\",\"url\":\"https:\\\/\\\/secure.gravatar.com\\\/avatar\\\/ac5001d2a36cb6c6cd3e50789007ffca834b477b74a2144564522e944eabff61?s=96&d=mm&r=g\",\"contentUrl\":\"https:\\\/\\\/secure.gravatar.com\\\/avatar\\\/ac5001d2a36cb6c6cd3e50789007ffca834b477b74a2144564522e944eabff61?s=96&d=mm&r=g\",\"caption\":\"thomas.berner\"},\"url\":\"https:\\\/\\\/www.organisator.ch\\\/de\\\/author\\\/thomas-berner\\\/\"}]}<\/script>\n<!-- \/ Yoast SEO plugin. -->","yoast_head_json":{"title":"Fachkr\u00e4ftemangel: Unternehmen f\u00fcrchten Zunahme von Personalausf\u00e4llen - Organisator","description":"Der Mangel an Fachkr\u00e4ften f\u00fchrt zu einer Zunahme von Personalausf\u00e4llen. Diese Bef\u00fcrchtung steht bei viele Schweizer Unternehmen weit oben.","robots":{"index":"index","follow":"follow","max-snippet":"max-snippet:-1","max-image-preview":"max-image-preview:large","max-video-preview":"max-video-preview:-1"},"canonical":"https:\/\/www.organisator.ch\/de\/human-resources\/2023-11-29\/fachkraeftemangel-unternehmen-fuerchten-zunahme-von-personalausfaellen\/","og_locale":"de_DE","og_type":"article","og_title":"Fachkr\u00e4ftemangel: Unternehmen f\u00fcrchten Zunahme von Personalausf\u00e4llen","og_description":"Der Mangel an Fachkr\u00e4ften f\u00fchrt zu einer Zunahme von Personalausf\u00e4llen. Diese Bef\u00fcrchtung steht bei viele Schweizer Unternehmen weit oben.","og_url":"https:\/\/www.organisator.ch\/de\/human-resources\/2023-11-29\/fachkraeftemangel-unternehmen-fuerchten-zunahme-von-personalausfaellen\/","og_site_name":"Organisator","article_publisher":"https:\/\/www.facebook.com\/OrganisatorFachmagazin","article_published_time":"2023-11-29T02:32:57+00:00","og_image":[{"width":680,"height":531,"url":"https:\/\/www.organisator.ch\/wp-content\/uploads\/2023\/11\/Fachkraeftemangel-Unternehmen-fuerchten-Zunahme-von-Personalausfaellen_Organisator.jpg","type":"image\/jpeg"}],"author":"thomas.berner","twitter_card":"summary_large_image","twitter_title":"#Fachkr\u00e4ftemangel: Unternehmen f\u00fcrchten Zunahme von #Personalausf\u00e4llen","twitter_description":"Der Mangel an Fachkr\u00e4ften f\u00fchrt zu einer Zunahme von #Personalausf\u00e4llen. Diese Bef\u00fcrchtung steht bei viele Schweizer Unternehmen weit oben.","twitter_image":"https:\/\/www.organisator.ch\/wp-content\/uploads\/2023\/11\/Fachkraeftemangel-Unternehmen-fuerchten-Zunahme-von-Personalausfaellen_Organisator.jpg","schema":{"@context":"https:\/\/schema.org","@graph":[{"@type":"Article","@id":"https:\/\/www.organisator.ch\/human-resources\/2023-11-29\/fachkraeftemangel-unternehmen-fuerchten-zunahme-von-personalausfaellen\/#article","isPartOf":{"@id":"https:\/\/www.organisator.ch\/human-resources\/2023-11-29\/fachkraeftemangel-unternehmen-fuerchten-zunahme-von-personalausfaellen\/"},"author":{"name":"thomas.berner","@id":"https:\/\/www.organisator.ch\/#\/schema\/person\/6f650f90b2842cd4c0cc334b4e36f67e"},"headline":"Fachkr\u00e4ftemangel: Unternehmen f\u00fcrchten Zunahme von Personalausf\u00e4llen","datePublished":"2023-11-29T02:32:57+00:00","mainEntityOfPage":{"@id":"https:\/\/www.organisator.ch\/human-resources\/2023-11-29\/fachkraeftemangel-unternehmen-fuerchten-zunahme-von-personalausfaellen\/"},"wordCount":765,"publisher":{"@id":"https:\/\/www.organisator.ch\/#organization"},"image":{"@id":"https:\/\/www.organisator.ch\/human-resources\/2023-11-29\/fachkraeftemangel-unternehmen-fuerchten-zunahme-von-personalausfaellen\/#primaryimage"},"thumbnailUrl":"https:\/\/www.organisator.ch\/wp-content\/uploads\/2023\/11\/Fachkraeftemangel-Unternehmen-fuerchten-Zunahme-von-Personalausfaellen_Organisator.jpg","keywords":["Fachkr\u00e4ftemangel","HRM","Studie","Wirtschaftspolitik"],"articleSection":["HUMAN RESOURCES"],"inLanguage":"de"},{"@type":"WebPage","@id":"https:\/\/www.organisator.ch\/human-resources\/2023-11-29\/fachkraeftemangel-unternehmen-fuerchten-zunahme-von-personalausfaellen\/","url":"https:\/\/www.organisator.ch\/human-resources\/2023-11-29\/fachkraeftemangel-unternehmen-fuerchten-zunahme-von-personalausfaellen\/","name":"Fachkr\u00e4ftemangel: Unternehmen f\u00fcrchten Zunahme von Personalausf\u00e4llen - Organisator","isPartOf":{"@id":"https:\/\/www.organisator.ch\/#website"},"primaryImageOfPage":{"@id":"https:\/\/www.organisator.ch\/human-resources\/2023-11-29\/fachkraeftemangel-unternehmen-fuerchten-zunahme-von-personalausfaellen\/#primaryimage"},"image":{"@id":"https:\/\/www.organisator.ch\/human-resources\/2023-11-29\/fachkraeftemangel-unternehmen-fuerchten-zunahme-von-personalausfaellen\/#primaryimage"},"thumbnailUrl":"https:\/\/www.organisator.ch\/wp-content\/uploads\/2023\/11\/Fachkraeftemangel-Unternehmen-fuerchten-Zunahme-von-Personalausfaellen_Organisator.jpg","datePublished":"2023-11-29T02:32:57+00:00","description":"Der Mangel an Fachkr\u00e4ften f\u00fchrt zu einer Zunahme von Personalausf\u00e4llen. Diese Bef\u00fcrchtung steht bei viele Schweizer Unternehmen weit oben.","breadcrumb":{"@id":"https:\/\/www.organisator.ch\/human-resources\/2023-11-29\/fachkraeftemangel-unternehmen-fuerchten-zunahme-von-personalausfaellen\/#breadcrumb"},"inLanguage":"de","potentialAction":[{"@type":"ReadAction","target":["https:\/\/www.organisator.ch\/human-resources\/2023-11-29\/fachkraeftemangel-unternehmen-fuerchten-zunahme-von-personalausfaellen\/"]}]},{"@type":"ImageObject","inLanguage":"de","@id":"https:\/\/www.organisator.ch\/human-resources\/2023-11-29\/fachkraeftemangel-unternehmen-fuerchten-zunahme-von-personalausfaellen\/#primaryimage","url":"https:\/\/www.organisator.ch\/wp-content\/uploads\/2023\/11\/Fachkraeftemangel-Unternehmen-fuerchten-Zunahme-von-Personalausfaellen_Organisator.jpg","contentUrl":"https:\/\/www.organisator.ch\/wp-content\/uploads\/2023\/11\/Fachkraeftemangel-Unternehmen-fuerchten-Zunahme-von-Personalausfaellen_Organisator.jpg","width":680,"height":531,"caption":"Der Fachkr\u00e4ftemangel hat in ganz Europa Einfluss auf den Gesch\u00e4ftserfolg von Unternehmen. Bef\u00fcrchtet wird auch eine Zunahme von Personalausf\u00e4llen. (Grafik: Visable)"},{"@type":"BreadcrumbList","@id":"https:\/\/www.organisator.ch\/human-resources\/2023-11-29\/fachkraeftemangel-unternehmen-fuerchten-zunahme-von-personalausfaellen\/#breadcrumb","itemListElement":[{"@type":"ListItem","position":1,"name":"Home","item":"https:\/\/www.organisator.ch\/"},{"@type":"ListItem","position":2,"name":"Fachkr\u00e4ftemangel: Unternehmen f\u00fcrchten Zunahme von Personalausf\u00e4llen"}]},{"@type":"WebSite","@id":"https:\/\/www.organisator.ch\/#website","url":"https:\/\/www.organisator.ch\/","name":"Organisator","description":"Kompetent. Praxisnah. Der ORGANISATOR bereitet in 10 Ausgaben pro Jahr die wesentlichen Themen f\u00fcr F\u00fchrungskr\u00e4fte von KMU auf.","publisher":{"@id":"https:\/\/www.organisator.ch\/#organization"},"potentialAction":[{"@type":"SearchAction","target":{"@type":"EntryPoint","urlTemplate":"https:\/\/www.organisator.ch\/?s={search_term_string}"},"query-input":{"@type":"PropertyValueSpecification","valueRequired":true,"valueName":"search_term_string"}}],"inLanguage":"de"},{"@type":"Organization","@id":"https:\/\/www.organisator.ch\/#organization","name":"Organisator","url":"https:\/\/www.organisator.ch\/","logo":{"@type":"ImageObject","inLanguage":"de","@id":"https:\/\/www.organisator.ch\/#\/schema\/logo\/image\/","url":"https:\/\/www.organisator.ch\/wp-content\/uploads\/2022\/01\/Logo_Organisator_Website.png","contentUrl":"https:\/\/www.organisator.ch\/wp-content\/uploads\/2022\/01\/Logo_Organisator_Website.png","width":800,"height":77,"caption":"Organisator"},"image":{"@id":"https:\/\/www.organisator.ch\/#\/schema\/logo\/image\/"},"sameAs":["https:\/\/www.facebook.com\/OrganisatorFachmagazin","https:\/\/www.linkedin.com\/showcase\/organisator-das-magazin-fr-kmu","https:\/\/www.xing.com\/news\/pages\/organisator-ch-695","https:\/\/www.youtube.com\/channel\/UCGP2Sq0iWaZwT3BdIAQFYpw"]},{"@type":"Person","@id":"https:\/\/www.organisator.ch\/#\/schema\/person\/6f650f90b2842cd4c0cc334b4e36f67e","name":"thomas.berner","image":{"@type":"ImageObject","inLanguage":"de","@id":"https:\/\/secure.gravatar.com\/avatar\/ac5001d2a36cb6c6cd3e50789007ffca834b477b74a2144564522e944eabff61?s=96&d=mm&r=g","url":"https:\/\/secure.gravatar.com\/avatar\/ac5001d2a36cb6c6cd3e50789007ffca834b477b74a2144564522e944eabff61?s=96&d=mm&r=g","contentUrl":"https:\/\/secure.gravatar.com\/avatar\/ac5001d2a36cb6c6cd3e50789007ffca834b477b74a2144564522e944eabff61?s=96&d=mm&r=g","caption":"thomas.berner"},"url":"https:\/\/www.organisator.ch\/de\/author\/thomas-berner\/"}]}},"_links":{"self":[{"href":"https:\/\/www.organisator.ch\/de\/wp-json\/wp\/v2\/posts\/23414","targetHints":{"allow":["GET"]}}],"collection":[{"href":"https:\/\/www.organisator.ch\/de\/wp-json\/wp\/v2\/posts"}],"about":[{"href":"https:\/\/www.organisator.ch\/de\/wp-json\/wp\/v2\/types\/post"}],"author":[{"embeddable":true,"href":"https:\/\/www.organisator.ch\/de\/wp-json\/wp\/v2\/users\/4"}],"replies":[{"embeddable":true,"href":"https:\/\/www.organisator.ch\/de\/wp-json\/wp\/v2\/comments?post=23414"}],"version-history":[{"count":2,"href":"https:\/\/www.organisator.ch\/de\/wp-json\/wp\/v2\/posts\/23414\/revisions"}],"predecessor-version":[{"id":23417,"href":"https:\/\/www.organisator.ch\/de\/wp-json\/wp\/v2\/posts\/23414\/revisions\/23417"}],"wp:featuredmedia":[{"embeddable":true,"href":"https:\/\/www.organisator.ch\/de\/wp-json\/wp\/v2\/media\/23416"}],"wp:attachment":[{"href":"https:\/\/www.organisator.ch\/de\/wp-json\/wp\/v2\/media?parent=23414"}],"wp:term":[{"taxonomy":"category","embeddable":true,"href":"https:\/\/www.organisator.ch\/de\/wp-json\/wp\/v2\/categories?post=23414"},{"taxonomy":"post_tag","embeddable":true,"href":"https:\/\/www.organisator.ch\/de\/wp-json\/wp\/v2\/tags?post=23414"}],"curies":[{"name":"wp","href":"https:\/\/api.w.org\/{rel}","templated":true}]}}