{"id":2349,"date":"2017-08-24T08:24:02","date_gmt":"2017-08-24T06:24:02","guid":{"rendered":"https:\/\/www.organisator.ch\/?p=2349"},"modified":"2017-08-24T08:24:02","modified_gmt":"2017-08-24T06:24:02","slug":"hub-fuer-innovation-pom-errichtet-innovations-labor","status":"publish","type":"post","link":"https:\/\/www.organisator.ch\/de\/allgemein\/2017-08-24\/hub-fuer-innovation-pom-errichtet-innovations-labor\/","title":{"rendered":"Hub f\u00fcr Innovation: pom+ errichtet Innovations-Labor"},"content":{"rendered":"<figure id=\"attachment_2350\" aria-describedby=\"caption-attachment-2350\" style=\"width: 680px\" class=\"wp-caption alignnone\"><img loading=\"lazy\" decoding=\"async\" class=\"size-medium wp-image-2350\" src=\"https:\/\/www.organisator.ch\/wp-content\/uploads\/2017\/08\/Hub-fuer-Innovation-pom-errichtet-Innovations-Labor_Organisator.jpg\" alt=\"\" width=\"680\" height=\"483\" srcset=\"https:\/\/www.organisator.ch\/wp-content\/uploads\/2017\/08\/Hub-fuer-Innovation-pom-errichtet-Innovations-Labor_Organisator.jpg 1270w, https:\/\/www.organisator.ch\/wp-content\/uploads\/2017\/08\/Hub-fuer-Innovation-pom-errichtet-Innovations-Labor_Organisator-680x483.jpg 680w, https:\/\/www.organisator.ch\/wp-content\/uploads\/2017\/08\/Hub-fuer-Innovation-pom-errichtet-Innovations-Labor_Organisator-1024x728.jpg 1024w, https:\/\/www.organisator.ch\/wp-content\/uploads\/2017\/08\/Hub-fuer-Innovation-pom-errichtet-Innovations-Labor_Organisator-768x546.jpg 768w, https:\/\/www.organisator.ch\/wp-content\/uploads\/2017\/08\/Hub-fuer-Innovation-pom-errichtet-Innovations-Labor_Organisator-16x12.jpg 16w, https:\/\/www.organisator.ch\/wp-content\/uploads\/2017\/08\/Hub-fuer-Innovation-pom-errichtet-Innovations-Labor_Organisator-246x175.jpg 246w, https:\/\/www.organisator.ch\/wp-content\/uploads\/2017\/08\/Hub-fuer-Innovation-pom-errichtet-Innovations-Labor_Organisator-492x350.jpg 492w, https:\/\/www.organisator.ch\/wp-content\/uploads\/2017\/08\/Hub-fuer-Innovation-pom-errichtet-Innovations-Labor_Organisator-1125x800.jpg 1125w, https:\/\/www.organisator.ch\/wp-content\/uploads\/2017\/08\/Hub-fuer-Innovation-pom-errichtet-Innovations-Labor_Organisator-920x654.jpg 920w, https:\/\/www.organisator.ch\/wp-content\/uploads\/2017\/08\/Hub-fuer-Innovation-pom-errichtet-Innovations-Labor_Organisator-300x213.jpg 300w\" sizes=\"auto, (max-width: 680px) 100vw, 680px\" \/><figcaption id=\"caption-attachment-2350\" class=\"wp-caption-text\">So pr\u00e4sentiert sich das neue Innovations-Labor auf der Website <a href=\"http:\/\/www.lab100.ch\">www.lab100.ch<\/a>. (Bild: Screenshot)<\/figcaption><\/figure>\n<p>Das Z\u00fcrcher Beratungsunternehmen pom+Consulting AG\u00a0wartet mit einer neuen Dienstleistung auf: An der Europaallee gleich beim Hauptbahnhof Z\u00fcrich wird in Zusammenarbeit mit verschiedenen Kooperationspartnern ein &#8222;Innovations-Labor&#8220; errichtet. Die als\u00a0LAB100 bezeichnete Lokalit\u00e4t bietet an attraktiver Lage eine innovative Umgebung, die anspornt zu neuen Ideen, Kreativit\u00e4t und L\u00f6sungen f\u00fcr die Welt von morgen, wie es in einer Medienmitteilung heisst. Der Raum ist auf das Thema \u201eDigitalisierung&#8220; ausgerichtet und mit modernsten Technologien ausger\u00fcstet. Er\u00a0soll gleichzeitig als Ausstellungs-, Arbeits- und Denkort dienen, wo die Nutzerinnen und Nutzer experimentieren und ihre eigene Zukunft vorausdenken k\u00f6nnen. Startups etwa\u00a0haben die M\u00f6glichkeit, ihre Innovationen zu pr\u00e4sentieren und einem breiten Publikum zug\u00e4nglich zu machen.<\/p>\n<p>Dank seiner flexiblen Konzeption eignet sich der Raum f\u00fcr Innovations- &amp; Kreativworkshops ebenso wie f\u00fcr Aus- &amp; Weiterbildungen, Meetings, Pr\u00e4sentationen und Ap\u00e9ros. \u00abMit dem LAB100 schaffen wir einen Raum, der Arbeiten, Denken und Innovieren gleichzeitig erm\u00f6glicht. Er macht die Digitalisierung greifbar. Alle ausgestellten Produkte k\u00f6nnen getestet werden. Das LAB100 ist ein weiterer Schritt in Richtung Digital Real Estate\u00bb, erkl\u00e4rt Dr. Peter Staub, CEO pom+Consulting AG und Initiator des LAB100. Das LAB100 ist ab sofort unter <a href=\"http:\/\/www.lab100.ch\">www.lab100.ch<\/a> buchbar.<\/p>\n<p>&nbsp;<\/p>\n","protected":false},"excerpt":{"rendered":"<p>Das Z\u00fcrcher Beratungsunternehmen pom+Consulting AG\u00a0wartet mit einer neuen Dienstleistung auf: An der Europaallee gleich beim Hauptbahnhof Z\u00fcrich wird in Zusammenarbeit mit verschiedenen Kooperationspartnern ein &#8222;Innovations-Labor&#8220; errichtet. Die als\u00a0LAB100 bezeichnete Lokalit\u00e4t bietet an attraktiver Lage eine innovative Umgebung, die anspornt zu neuen Ideen, Kreativit\u00e4t und L\u00f6sungen f\u00fcr die Welt von morgen, wie es in einer Medienmitteilung [&hellip;]<\/p>\n","protected":false},"author":4,"featured_media":2350,"comment_status":"open","ping_status":"open","sticky":false,"template":"","format":"standard","meta":{"_acf_changed":false,"_yoast_wpseo_focuskw":"Innovations-Labor","_yoast_wpseo_metadesc":"pom+Consulting AG, ein f\u00fcr Immobilien, Infrastrukturen und Organisationen t\u00e4tiges Beratungsunternehmen, errichtet in Z\u00fcrich ein neues \u201eInnovation Lab\u201c.","articlekey":"","footnotes":""},"categories":[1],"tags":[51,156,393,508],"class_list":["post-2349","post","type-post","status-publish","format-standard","has-post-thumbnail","hentry","category-allgemein","tag-arbeitsplatzgestaltung","tag-digitalisierung","tag-produkte","tag-vermischtes"],"acf":[],"yoast_head":"<!-- This site is optimized with the Yoast SEO plugin v27.4 - https:\/\/yoast.com\/product\/yoast-seo-wordpress\/ -->\n<title>Hub f\u00fcr Innovation: pom+ errichtet Innovations-Labor - Organisator<\/title>\n<meta name=\"description\" content=\"pom+Consulting AG, ein f\u00fcr Immobilien, Infrastrukturen und Organisationen t\u00e4tiges Beratungsunternehmen, errichtet in Z\u00fcrich ein neues \u201eInnovation Lab\u201c.\" \/>\n<meta name=\"robots\" content=\"index, follow, max-snippet:-1, max-image-preview:large, max-video-preview:-1\" \/>\n<link rel=\"canonical\" href=\"https:\/\/www.organisator.ch\/de\/allgemein\/2017-08-24\/hub-fuer-innovation-pom-errichtet-innovations-labor\/\" \/>\n<meta property=\"og:locale\" content=\"de_DE\" \/>\n<meta property=\"og:type\" content=\"article\" \/>\n<meta property=\"og:title\" content=\"Hub f\u00fcr Innovation: pom+ errichtet Innovations-Labor\" \/>\n<meta property=\"og:description\" content=\"In Kooperation mit der #SBB und weiteren Partnern wie Swiss Life Lab, SwissPropTech, #HWZ, Opera und Eyekon entsteht an zentraler Lage mitten in Z\u00fcrich ein Know How- und #Innovations-HUB f\u00fcr Unternehmen.\" \/>\n<meta property=\"og:url\" content=\"https:\/\/www.organisator.ch\/de\/allgemein\/2017-08-24\/hub-fuer-innovation-pom-errichtet-innovations-labor\/\" \/>\n<meta property=\"og:site_name\" content=\"Organisator\" \/>\n<meta property=\"article:publisher\" content=\"https:\/\/www.facebook.com\/OrganisatorFachmagazin\" \/>\n<meta property=\"article:published_time\" content=\"2017-08-24T06:24:02+00:00\" \/>\n<meta property=\"og:image\" content=\"https:\/\/www.organisator.ch\/wp-content\/uploads\/2017\/08\/Hub-fuer-Innovation-pom-errichtet-Innovations-Labor_Organisator.jpg\" \/>\n\t<meta property=\"og:image:width\" content=\"1270\" \/>\n\t<meta property=\"og:image:height\" content=\"903\" \/>\n\t<meta property=\"og:image:type\" content=\"image\/jpeg\" \/>\n<meta name=\"author\" content=\"thomas.berner\" \/>\n<meta name=\"twitter:card\" content=\"summary_large_image\" \/>\n<meta name=\"twitter:title\" content=\"Hub f\u00fcr Innovation: #pom+ errichtet #Innovations-Labor\" \/>\n<meta name=\"twitter:description\" content=\"In Kooperation mit der #SBB und weiteren Partnern wie Swiss Life Lab, SwissPropTech, #HWZ, Opera und Eyekon entsteht an zentraler Lage mitten in Z\u00fcrich ein Know How- und #Innovations-HUB f\u00fcr Unternehmen.\" \/>\n<meta name=\"twitter:image\" content=\"https:\/\/www.organisator.ch\/wp-content\/uploads\/2017\/08\/Hub-f\u00fcr-Innovation-pom-errichtet-Innovations-Labor_Organisator.jpg\" \/>\n<script type=\"application\/ld+json\" class=\"yoast-schema-graph\">{\"@context\":\"https:\\\/\\\/schema.org\",\"@graph\":[{\"@type\":\"Article\",\"@id\":\"https:\\\/\\\/www.organisator.ch\\\/fr\\\/general\\\/2017-08-24\\\/hub-fuer-innovation-pom-errichtet-innovations-labor\\\/#article\",\"isPartOf\":{\"@id\":\"https:\\\/\\\/www.organisator.ch\\\/fr\\\/general\\\/2017-08-24\\\/hub-fuer-innovation-pom-errichtet-innovations-labor\\\/\"},\"author\":{\"name\":\"thomas.berner\",\"@id\":\"https:\\\/\\\/www.organisator.ch\\\/#\\\/schema\\\/person\\\/6f650f90b2842cd4c0cc334b4e36f67e\"},\"headline\":\"Hub f\u00fcr Innovation: pom+ errichtet Innovations-Labor\",\"datePublished\":\"2017-08-24T06:24:02+00:00\",\"mainEntityOfPage\":{\"@id\":\"https:\\\/\\\/www.organisator.ch\\\/fr\\\/general\\\/2017-08-24\\\/hub-fuer-innovation-pom-errichtet-innovations-labor\\\/\"},\"wordCount\":237,\"commentCount\":0,\"publisher\":{\"@id\":\"https:\\\/\\\/www.organisator.ch\\\/#organization\"},\"image\":{\"@id\":\"https:\\\/\\\/www.organisator.ch\\\/fr\\\/general\\\/2017-08-24\\\/hub-fuer-innovation-pom-errichtet-innovations-labor\\\/#primaryimage\"},\"thumbnailUrl\":\"https:\\\/\\\/www.organisator.ch\\\/wp-content\\\/uploads\\\/2017\\\/08\\\/Hub-fuer-Innovation-pom-errichtet-Innovations-Labor_Organisator.jpg\",\"keywords\":[\"Arbeitsplatzgestaltung\",\"Digitalisierung\",\"Produkte\",\"Vermischtes\"],\"inLanguage\":\"de\"},{\"@type\":\"WebPage\",\"@id\":\"https:\\\/\\\/www.organisator.ch\\\/fr\\\/general\\\/2017-08-24\\\/hub-fuer-innovation-pom-errichtet-innovations-labor\\\/\",\"url\":\"https:\\\/\\\/www.organisator.ch\\\/fr\\\/general\\\/2017-08-24\\\/hub-fuer-innovation-pom-errichtet-innovations-labor\\\/\",\"name\":\"Hub f\u00fcr Innovation: pom+ errichtet Innovations-Labor - Organisator\",\"isPartOf\":{\"@id\":\"https:\\\/\\\/www.organisator.ch\\\/#website\"},\"primaryImageOfPage\":{\"@id\":\"https:\\\/\\\/www.organisator.ch\\\/fr\\\/general\\\/2017-08-24\\\/hub-fuer-innovation-pom-errichtet-innovations-labor\\\/#primaryimage\"},\"image\":{\"@id\":\"https:\\\/\\\/www.organisator.ch\\\/fr\\\/general\\\/2017-08-24\\\/hub-fuer-innovation-pom-errichtet-innovations-labor\\\/#primaryimage\"},\"thumbnailUrl\":\"https:\\\/\\\/www.organisator.ch\\\/wp-content\\\/uploads\\\/2017\\\/08\\\/Hub-fuer-Innovation-pom-errichtet-Innovations-Labor_Organisator.jpg\",\"datePublished\":\"2017-08-24T06:24:02+00:00\",\"description\":\"pom+Consulting AG, ein f\u00fcr Immobilien, Infrastrukturen und Organisationen t\u00e4tiges Beratungsunternehmen, errichtet in Z\u00fcrich ein neues \u201eInnovation Lab\u201c.\",\"breadcrumb\":{\"@id\":\"https:\\\/\\\/www.organisator.ch\\\/fr\\\/general\\\/2017-08-24\\\/hub-fuer-innovation-pom-errichtet-innovations-labor\\\/#breadcrumb\"},\"inLanguage\":\"de\",\"potentialAction\":[{\"@type\":\"ReadAction\",\"target\":[\"https:\\\/\\\/www.organisator.ch\\\/fr\\\/general\\\/2017-08-24\\\/hub-fuer-innovation-pom-errichtet-innovations-labor\\\/\"]}]},{\"@type\":\"ImageObject\",\"inLanguage\":\"de\",\"@id\":\"https:\\\/\\\/www.organisator.ch\\\/fr\\\/general\\\/2017-08-24\\\/hub-fuer-innovation-pom-errichtet-innovations-labor\\\/#primaryimage\",\"url\":\"https:\\\/\\\/www.organisator.ch\\\/wp-content\\\/uploads\\\/2017\\\/08\\\/Hub-fuer-Innovation-pom-errichtet-Innovations-Labor_Organisator.jpg\",\"contentUrl\":\"https:\\\/\\\/www.organisator.ch\\\/wp-content\\\/uploads\\\/2017\\\/08\\\/Hub-fuer-Innovation-pom-errichtet-Innovations-Labor_Organisator.jpg\",\"width\":1270,\"height\":903,\"caption\":\"So pr\u00e4sentiert sich das neue Innovations-Labor auf der Website www.lab100.ch. (Bild: Screenshot)\"},{\"@type\":\"BreadcrumbList\",\"@id\":\"https:\\\/\\\/www.organisator.ch\\\/fr\\\/general\\\/2017-08-24\\\/hub-fuer-innovation-pom-errichtet-innovations-labor\\\/#breadcrumb\",\"itemListElement\":[{\"@type\":\"ListItem\",\"position\":1,\"name\":\"Home\",\"item\":\"https:\\\/\\\/www.organisator.ch\\\/\"},{\"@type\":\"ListItem\",\"position\":2,\"name\":\"Hub f\u00fcr Innovation: pom+ errichtet Innovations-Labor\"}]},{\"@type\":\"WebSite\",\"@id\":\"https:\\\/\\\/www.organisator.ch\\\/#website\",\"url\":\"https:\\\/\\\/www.organisator.ch\\\/\",\"name\":\"Organisator\",\"description\":\"Kompetent. Praxisnah. Der ORGANISATOR bereitet in 10 Ausgaben pro Jahr die wesentlichen Themen f\u00fcr F\u00fchrungskr\u00e4fte von KMU auf.\",\"publisher\":{\"@id\":\"https:\\\/\\\/www.organisator.ch\\\/#organization\"},\"potentialAction\":[{\"@type\":\"SearchAction\",\"target\":{\"@type\":\"EntryPoint\",\"urlTemplate\":\"https:\\\/\\\/www.organisator.ch\\\/?s={search_term_string}\"},\"query-input\":{\"@type\":\"PropertyValueSpecification\",\"valueRequired\":true,\"valueName\":\"search_term_string\"}}],\"inLanguage\":\"de\"},{\"@type\":\"Organization\",\"@id\":\"https:\\\/\\\/www.organisator.ch\\\/#organization\",\"name\":\"Organisator\",\"url\":\"https:\\\/\\\/www.organisator.ch\\\/\",\"logo\":{\"@type\":\"ImageObject\",\"inLanguage\":\"de\",\"@id\":\"https:\\\/\\\/www.organisator.ch\\\/#\\\/schema\\\/logo\\\/image\\\/\",\"url\":\"https:\\\/\\\/www.organisator.ch\\\/wp-content\\\/uploads\\\/2022\\\/01\\\/Logo_Organisator_Website.png\",\"contentUrl\":\"https:\\\/\\\/www.organisator.ch\\\/wp-content\\\/uploads\\\/2022\\\/01\\\/Logo_Organisator_Website.png\",\"width\":800,\"height\":77,\"caption\":\"Organisator\"},\"image\":{\"@id\":\"https:\\\/\\\/www.organisator.ch\\\/#\\\/schema\\\/logo\\\/image\\\/\"},\"sameAs\":[\"https:\\\/\\\/www.facebook.com\\\/OrganisatorFachmagazin\",\"https:\\\/\\\/www.linkedin.com\\\/showcase\\\/organisator-das-magazin-fr-kmu\",\"https:\\\/\\\/www.xing.com\\\/news\\\/pages\\\/organisator-ch-695\",\"https:\\\/\\\/www.youtube.com\\\/channel\\\/UCGP2Sq0iWaZwT3BdIAQFYpw\"]},{\"@type\":\"Person\",\"@id\":\"https:\\\/\\\/www.organisator.ch\\\/#\\\/schema\\\/person\\\/6f650f90b2842cd4c0cc334b4e36f67e\",\"name\":\"thomas.berner\",\"image\":{\"@type\":\"ImageObject\",\"inLanguage\":\"de\",\"@id\":\"https:\\\/\\\/secure.gravatar.com\\\/avatar\\\/ac5001d2a36cb6c6cd3e50789007ffca834b477b74a2144564522e944eabff61?s=96&d=mm&r=g\",\"url\":\"https:\\\/\\\/secure.gravatar.com\\\/avatar\\\/ac5001d2a36cb6c6cd3e50789007ffca834b477b74a2144564522e944eabff61?s=96&d=mm&r=g\",\"contentUrl\":\"https:\\\/\\\/secure.gravatar.com\\\/avatar\\\/ac5001d2a36cb6c6cd3e50789007ffca834b477b74a2144564522e944eabff61?s=96&d=mm&r=g\",\"caption\":\"thomas.berner\"},\"url\":\"https:\\\/\\\/www.organisator.ch\\\/de\\\/author\\\/thomas-berner\\\/\"}]}<\/script>\n<!-- \/ Yoast SEO plugin. -->","yoast_head_json":{"title":"Hub f\u00fcr Innovation: pom+ errichtet Innovations-Labor - Organisator","description":"pom+Consulting AG, ein f\u00fcr Immobilien, Infrastrukturen und Organisationen t\u00e4tiges Beratungsunternehmen, errichtet in Z\u00fcrich ein neues \u201eInnovation Lab\u201c.","robots":{"index":"index","follow":"follow","max-snippet":"max-snippet:-1","max-image-preview":"max-image-preview:large","max-video-preview":"max-video-preview:-1"},"canonical":"https:\/\/www.organisator.ch\/de\/allgemein\/2017-08-24\/hub-fuer-innovation-pom-errichtet-innovations-labor\/","og_locale":"de_DE","og_type":"article","og_title":"Hub f\u00fcr Innovation: pom+ errichtet Innovations-Labor","og_description":"In Kooperation mit der #SBB und weiteren Partnern wie Swiss Life Lab, SwissPropTech, #HWZ, Opera und Eyekon entsteht an zentraler Lage mitten in Z\u00fcrich ein Know How- und #Innovations-HUB f\u00fcr Unternehmen.","og_url":"https:\/\/www.organisator.ch\/de\/allgemein\/2017-08-24\/hub-fuer-innovation-pom-errichtet-innovations-labor\/","og_site_name":"Organisator","article_publisher":"https:\/\/www.facebook.com\/OrganisatorFachmagazin","article_published_time":"2017-08-24T06:24:02+00:00","og_image":[{"width":1270,"height":903,"url":"https:\/\/www.organisator.ch\/wp-content\/uploads\/2017\/08\/Hub-fuer-Innovation-pom-errichtet-Innovations-Labor_Organisator.jpg","type":"image\/jpeg"}],"author":"thomas.berner","twitter_card":"summary_large_image","twitter_title":"Hub f\u00fcr Innovation: #pom+ errichtet #Innovations-Labor","twitter_description":"In Kooperation mit der #SBB und weiteren Partnern wie Swiss Life Lab, SwissPropTech, #HWZ, Opera und Eyekon entsteht an zentraler Lage mitten in Z\u00fcrich ein Know How- und #Innovations-HUB f\u00fcr Unternehmen.","twitter_image":"https:\/\/www.organisator.ch\/wp-content\/uploads\/2017\/08\/Hub-f\u00fcr-Innovation-pom-errichtet-Innovations-Labor_Organisator.jpg","schema":{"@context":"https:\/\/schema.org","@graph":[{"@type":"Article","@id":"https:\/\/www.organisator.ch\/fr\/general\/2017-08-24\/hub-fuer-innovation-pom-errichtet-innovations-labor\/#article","isPartOf":{"@id":"https:\/\/www.organisator.ch\/fr\/general\/2017-08-24\/hub-fuer-innovation-pom-errichtet-innovations-labor\/"},"author":{"name":"thomas.berner","@id":"https:\/\/www.organisator.ch\/#\/schema\/person\/6f650f90b2842cd4c0cc334b4e36f67e"},"headline":"Hub f\u00fcr Innovation: pom+ errichtet Innovations-Labor","datePublished":"2017-08-24T06:24:02+00:00","mainEntityOfPage":{"@id":"https:\/\/www.organisator.ch\/fr\/general\/2017-08-24\/hub-fuer-innovation-pom-errichtet-innovations-labor\/"},"wordCount":237,"commentCount":0,"publisher":{"@id":"https:\/\/www.organisator.ch\/#organization"},"image":{"@id":"https:\/\/www.organisator.ch\/fr\/general\/2017-08-24\/hub-fuer-innovation-pom-errichtet-innovations-labor\/#primaryimage"},"thumbnailUrl":"https:\/\/www.organisator.ch\/wp-content\/uploads\/2017\/08\/Hub-fuer-Innovation-pom-errichtet-Innovations-Labor_Organisator.jpg","keywords":["Arbeitsplatzgestaltung","Digitalisierung","Produkte","Vermischtes"],"inLanguage":"de"},{"@type":"WebPage","@id":"https:\/\/www.organisator.ch\/fr\/general\/2017-08-24\/hub-fuer-innovation-pom-errichtet-innovations-labor\/","url":"https:\/\/www.organisator.ch\/fr\/general\/2017-08-24\/hub-fuer-innovation-pom-errichtet-innovations-labor\/","name":"Hub f\u00fcr Innovation: pom+ errichtet Innovations-Labor - Organisator","isPartOf":{"@id":"https:\/\/www.organisator.ch\/#website"},"primaryImageOfPage":{"@id":"https:\/\/www.organisator.ch\/fr\/general\/2017-08-24\/hub-fuer-innovation-pom-errichtet-innovations-labor\/#primaryimage"},"image":{"@id":"https:\/\/www.organisator.ch\/fr\/general\/2017-08-24\/hub-fuer-innovation-pom-errichtet-innovations-labor\/#primaryimage"},"thumbnailUrl":"https:\/\/www.organisator.ch\/wp-content\/uploads\/2017\/08\/Hub-fuer-Innovation-pom-errichtet-Innovations-Labor_Organisator.jpg","datePublished":"2017-08-24T06:24:02+00:00","description":"pom+Consulting AG, ein f\u00fcr Immobilien, Infrastrukturen und Organisationen t\u00e4tiges Beratungsunternehmen, errichtet in Z\u00fcrich ein neues \u201eInnovation Lab\u201c.","breadcrumb":{"@id":"https:\/\/www.organisator.ch\/fr\/general\/2017-08-24\/hub-fuer-innovation-pom-errichtet-innovations-labor\/#breadcrumb"},"inLanguage":"de","potentialAction":[{"@type":"ReadAction","target":["https:\/\/www.organisator.ch\/fr\/general\/2017-08-24\/hub-fuer-innovation-pom-errichtet-innovations-labor\/"]}]},{"@type":"ImageObject","inLanguage":"de","@id":"https:\/\/www.organisator.ch\/fr\/general\/2017-08-24\/hub-fuer-innovation-pom-errichtet-innovations-labor\/#primaryimage","url":"https:\/\/www.organisator.ch\/wp-content\/uploads\/2017\/08\/Hub-fuer-Innovation-pom-errichtet-Innovations-Labor_Organisator.jpg","contentUrl":"https:\/\/www.organisator.ch\/wp-content\/uploads\/2017\/08\/Hub-fuer-Innovation-pom-errichtet-Innovations-Labor_Organisator.jpg","width":1270,"height":903,"caption":"So pr\u00e4sentiert sich das neue Innovations-Labor auf der Website www.lab100.ch. (Bild: Screenshot)"},{"@type":"BreadcrumbList","@id":"https:\/\/www.organisator.ch\/fr\/general\/2017-08-24\/hub-fuer-innovation-pom-errichtet-innovations-labor\/#breadcrumb","itemListElement":[{"@type":"ListItem","position":1,"name":"Home","item":"https:\/\/www.organisator.ch\/"},{"@type":"ListItem","position":2,"name":"Hub f\u00fcr Innovation: pom+ errichtet Innovations-Labor"}]},{"@type":"WebSite","@id":"https:\/\/www.organisator.ch\/#website","url":"https:\/\/www.organisator.ch\/","name":"Organisator","description":"Kompetent. Praxisnah. Der ORGANISATOR bereitet in 10 Ausgaben pro Jahr die wesentlichen Themen f\u00fcr F\u00fchrungskr\u00e4fte von KMU auf.","publisher":{"@id":"https:\/\/www.organisator.ch\/#organization"},"potentialAction":[{"@type":"SearchAction","target":{"@type":"EntryPoint","urlTemplate":"https:\/\/www.organisator.ch\/?s={search_term_string}"},"query-input":{"@type":"PropertyValueSpecification","valueRequired":true,"valueName":"search_term_string"}}],"inLanguage":"de"},{"@type":"Organization","@id":"https:\/\/www.organisator.ch\/#organization","name":"Organisator","url":"https:\/\/www.organisator.ch\/","logo":{"@type":"ImageObject","inLanguage":"de","@id":"https:\/\/www.organisator.ch\/#\/schema\/logo\/image\/","url":"https:\/\/www.organisator.ch\/wp-content\/uploads\/2022\/01\/Logo_Organisator_Website.png","contentUrl":"https:\/\/www.organisator.ch\/wp-content\/uploads\/2022\/01\/Logo_Organisator_Website.png","width":800,"height":77,"caption":"Organisator"},"image":{"@id":"https:\/\/www.organisator.ch\/#\/schema\/logo\/image\/"},"sameAs":["https:\/\/www.facebook.com\/OrganisatorFachmagazin","https:\/\/www.linkedin.com\/showcase\/organisator-das-magazin-fr-kmu","https:\/\/www.xing.com\/news\/pages\/organisator-ch-695","https:\/\/www.youtube.com\/channel\/UCGP2Sq0iWaZwT3BdIAQFYpw"]},{"@type":"Person","@id":"https:\/\/www.organisator.ch\/#\/schema\/person\/6f650f90b2842cd4c0cc334b4e36f67e","name":"thomas.berner","image":{"@type":"ImageObject","inLanguage":"de","@id":"https:\/\/secure.gravatar.com\/avatar\/ac5001d2a36cb6c6cd3e50789007ffca834b477b74a2144564522e944eabff61?s=96&d=mm&r=g","url":"https:\/\/secure.gravatar.com\/avatar\/ac5001d2a36cb6c6cd3e50789007ffca834b477b74a2144564522e944eabff61?s=96&d=mm&r=g","contentUrl":"https:\/\/secure.gravatar.com\/avatar\/ac5001d2a36cb6c6cd3e50789007ffca834b477b74a2144564522e944eabff61?s=96&d=mm&r=g","caption":"thomas.berner"},"url":"https:\/\/www.organisator.ch\/de\/author\/thomas-berner\/"}]}},"_links":{"self":[{"href":"https:\/\/www.organisator.ch\/de\/wp-json\/wp\/v2\/posts\/2349","targetHints":{"allow":["GET"]}}],"collection":[{"href":"https:\/\/www.organisator.ch\/de\/wp-json\/wp\/v2\/posts"}],"about":[{"href":"https:\/\/www.organisator.ch\/de\/wp-json\/wp\/v2\/types\/post"}],"author":[{"embeddable":true,"href":"https:\/\/www.organisator.ch\/de\/wp-json\/wp\/v2\/users\/4"}],"replies":[{"embeddable":true,"href":"https:\/\/www.organisator.ch\/de\/wp-json\/wp\/v2\/comments?post=2349"}],"version-history":[{"count":0,"href":"https:\/\/www.organisator.ch\/de\/wp-json\/wp\/v2\/posts\/2349\/revisions"}],"wp:featuredmedia":[{"embeddable":true,"href":"https:\/\/www.organisator.ch\/de\/wp-json\/wp\/v2\/media\/2350"}],"wp:attachment":[{"href":"https:\/\/www.organisator.ch\/de\/wp-json\/wp\/v2\/media?parent=2349"}],"wp:term":[{"taxonomy":"category","embeddable":true,"href":"https:\/\/www.organisator.ch\/de\/wp-json\/wp\/v2\/categories?post=2349"},{"taxonomy":"post_tag","embeddable":true,"href":"https:\/\/www.organisator.ch\/de\/wp-json\/wp\/v2\/tags?post=2349"}],"curies":[{"name":"wp","href":"https:\/\/api.w.org\/{rel}","templated":true}]}}