{"id":23610,"date":"2023-11-30T10:27:59","date_gmt":"2023-11-30T09:27:59","guid":{"rendered":"https:\/\/www.organisator.ch\/?p=23610"},"modified":"2023-11-30T09:28:08","modified_gmt":"2023-11-30T08:28:08","slug":"ausbildende-arbeiten-meist-teilzeit-und-auf-mandatsbasis","status":"publish","type":"post","link":"https:\/\/www.organisator.ch\/de\/weiterbildung\/2023-11-30\/ausbildende-arbeiten-meist-teilzeit-und-auf-mandatsbasis\/","title":{"rendered":"Ausbildende arbeiten meist Teilzeit und auf Mandatsbasis"},"content":{"rendered":"<figure id=\"attachment_23611\" aria-describedby=\"caption-attachment-23611\" style=\"width: 680px\" class=\"wp-caption alignnone\"><img loading=\"lazy\" decoding=\"async\" class=\"wp-image-23611 size-full\" src=\"https:\/\/www.organisator.ch\/wp-content\/uploads\/2023\/11\/Focus_Bild1_ps.jpg\" alt=\"\" width=\"680\" height=\"453\" srcset=\"https:\/\/www.organisator.ch\/wp-content\/uploads\/2023\/11\/Focus_Bild1_ps.jpg 680w, https:\/\/www.organisator.ch\/wp-content\/uploads\/2023\/11\/Focus_Bild1_ps-18x12.jpg 18w, https:\/\/www.organisator.ch\/wp-content\/uploads\/2023\/11\/Focus_Bild1_ps-375x250.jpg 375w, https:\/\/www.organisator.ch\/wp-content\/uploads\/2023\/11\/Focus_Bild1_ps-525x350.jpg 525w\" sizes=\"auto, (max-width: 680px) 100vw, 680px\" \/><figcaption id=\"caption-attachment-23611\" class=\"wp-caption-text\">Focus Weiterbildung 2023: Bei 65 Prozent der Organisationen ist Weiterbildung ihr Hauptzweck und bei 35 Prozent ihr Nebenzweck. (Bild: www.unsplash.com)<\/figcaption><\/figure>\n<p>Der SVEB befragt jeden Fr\u00fchling Schweizer Weiterbildungsanbieter zu wechselnden Schwerpunktthemen. Die diesj\u00e4hrige Umfrage hat zwischen April und Mai 2023 stattgefunden und es haben 447 Anbieter aus allen drei Sprachregionen daran teilgenommen. Bei 65 Prozent der Organisationen ist Weiterbildung ihr Hauptzweck und bei 35 Prozent ihr Nebenzweck.<\/p>\n<h3><strong>Grossteil der Ausbildenden auf Mandatsbasis t\u00e4tig<\/strong><\/h3>\n<p>Ausbilderinnen und Ausbilder machen etwa zwei Drittel des Personals in Weiterbildungsorganisationen aus. Ein wichtiges Merkmal der Branche sind die vielen Mandate, bei welchen Anbieter Ausbilderinnen und Ausbilder nur f\u00fcr einen spezifischen Auftrag bezahlen. Die Organisationen besch\u00e4ftigen im Durchschnitt etwa ein Drittel Festangestellte und zwei Drittel Mandatierte.\u00a0<\/p>\n<p>Bei den grossen Anbietern ist der Anteil mandatierter Ausbilderinnen und Ausbilder gr\u00f6sser als bei den kleineren. Deutschschweizer Anbieter arbeiten \u00f6fters mit Mandatierten zusammen als jene in anderen Sprachregionen. Auch Anbieter berufsorientierter und allgemeiner Weiterbildung arbeiten mit einem h\u00f6heren Anteil Mandatierter als Fremdsprach- und Grundkompetenzanbieter.<\/p>\n<h3><strong>Viele arbeiten Teilzeit<\/strong><\/h3>\n<p>Die T\u00e4tigkeit als Ausbilderin oder Ausbilder ist auch f\u00fcr die Mehrheit der Festangestellten eine Teilzeitarbeit, teilweise mit einem Minipensum von weniger als 20 Prozent. Knapp die H\u00e4lfte der Anbieter haben keine Vollzeit angestellten Ausbildenden. Auch die Bandbreite des Lohnniveaus ist gross: W\u00e4hrend einige Ausbilderinnen und Ausbilder zwischen 20 und 30 Franken pro Stunde verdienen, sind es bei anderen \u00fcber 140 Franken. Im Bereich Fremdsprachen und allgemeine\/kulturelle Weiterbildung sind die L\u00f6hne tendenziell tief.<\/p>\n<h3><strong>Heterogenit\u00e4t der Anstellungsbedingungen<\/strong><\/h3>\n<p>Die im Focus Weiterbildung publizierten Ergebnisse machen deutlich, dass die T\u00e4tigkeit als Ausbilderin oder Ausbilder nach wie vor prim\u00e4r eine Nebent\u00e4tigkeit darstellt, die Anstellungsbedingungen in der Weiterbildung jedoch sehr heterogen sind. Die M\u00f6glichkeit, Teilzeit und in sehr kleinen Pensen zu arbeiten, bringt sowohl Vor- als auch Nachteile mit sich: Auf der einen Seite bef\u00f6rdern sie potenziell prek\u00e4re Verh\u00e4ltnisse, die mit Arbeitszeiten abends und am Wochenende einhergehen, auf der anderen Seite erm\u00f6glicht die T\u00e4tigkeit in der Weiterbildung eine gute Vereinbarkeit mit einem anderen Haupterwerb und\/oder der Familie. So kann beispielsweise eine T\u00e4tigkeit in der beruflichen Weiterbildung auf Mandatsbasis einen lukrativen Nebenerwerb darstellen. Allein mit dieser Anstellung ein gesichertes Haushaltseinkommen zu erzielen, d\u00fcrfte aber schwierig sein.<\/p>\n<p><em>Quelle: <a href=\"https:\/\/alice.ch\/de\/\">www.alice.ch\u00a0<\/a><\/em><\/p>\n","protected":false},"excerpt":{"rendered":"<p>Der Focus Weiterbildung 2023 des SVEB befasst sich mit den Anstellungsbedingungen des Personals in der Weiterbildung. Die Studie basiert auf Resultaten einer j\u00e4hrlich bei Schweizer Weiterbildungsanbietern durchgef\u00fchrten Umfrage. Sie zeigt ein heterogenes Bild, insbesondere bei den Ausbilderinnen und Ausbildern, die etwa zwei Drittel des Personals in Schweizer Weiterbildungsorganisationen ausmachen.<\/p>\n","protected":false},"author":58,"featured_media":23611,"comment_status":"closed","ping_status":"closed","sticky":false,"template":"","format":"standard","meta":{"_acf_changed":false,"_yoast_wpseo_focuskw":"Ausbildende","_yoast_wpseo_metadesc":"Der Focus Weiterbildung 2023 des SVEB befasst sich mit den Anstellungsbedingungen des Personals in der Weiterbildung.","articlekey":"","footnotes":""},"categories":[30],"tags":[62,424,459,487,492],"class_list":["post-23610","post","type-post","status-publish","format-standard","has-post-thumbnail","hentry","category-weiterbildung","tag-aus-weiterbildung","tag-schweiz","tag-studie","tag-umfrage","tag-unternehmen"],"acf":[],"yoast_head":"<!-- This site is optimized with the Yoast SEO plugin v27.4 - https:\/\/yoast.com\/product\/yoast-seo-wordpress\/ -->\n<title>Ausbildende arbeiten meist Teilzeit und auf Mandatsbasis - Organisator<\/title>\n<meta name=\"description\" content=\"Der Focus Weiterbildung 2023 des SVEB befasst sich mit den Anstellungsbedingungen des Personals in der Weiterbildung.\" \/>\n<meta name=\"robots\" content=\"index, follow, max-snippet:-1, max-image-preview:large, max-video-preview:-1\" \/>\n<link rel=\"canonical\" href=\"https:\/\/www.organisator.ch\/de\/weiterbildung\/2023-11-30\/ausbildende-arbeiten-meist-teilzeit-und-auf-mandatsbasis\/\" \/>\n<meta property=\"og:locale\" content=\"de_DE\" \/>\n<meta property=\"og:type\" content=\"article\" \/>\n<meta property=\"og:title\" content=\"Ausbildende arbeiten meist Teilzeit und auf Mandatsbasis\" \/>\n<meta property=\"og:description\" content=\"Der Focus Weiterbildung 2023 des SVEB befasst sich mit den Anstellungsbedingungen des Personals in der Weiterbildung.\" \/>\n<meta property=\"og:url\" content=\"https:\/\/www.organisator.ch\/de\/weiterbildung\/2023-11-30\/ausbildende-arbeiten-meist-teilzeit-und-auf-mandatsbasis\/\" \/>\n<meta property=\"og:site_name\" content=\"Organisator\" \/>\n<meta property=\"article:publisher\" content=\"https:\/\/www.facebook.com\/OrganisatorFachmagazin\" \/>\n<meta property=\"article:published_time\" content=\"2023-11-30T09:27:59+00:00\" \/>\n<meta property=\"og:image\" content=\"https:\/\/www.organisator.ch\/wp-content\/uploads\/2023\/11\/Focus_Bild1_ps.jpg\" \/>\n\t<meta property=\"og:image:width\" content=\"680\" \/>\n\t<meta property=\"og:image:height\" content=\"453\" \/>\n\t<meta property=\"og:image:type\" content=\"image\/jpeg\" \/>\n<meta name=\"author\" content=\"Adelisa Kalajdzini\" \/>\n<meta name=\"twitter:card\" content=\"summary_large_image\" \/>\n<meta name=\"twitter:title\" content=\"Ausbildende arbeiten meist Teilzeit und auf Mandatsbasis\" \/>\n<meta name=\"twitter:description\" content=\"Der #Focus #Weiterbildung 2023 des #SVEB befasst sich mit den #Anstellungsbedingungen des Personals in der Weiterbildung.\" \/>\n<meta name=\"twitter:image\" content=\"https:\/\/www.organisator.ch\/wp-content\/uploads\/2023\/11\/Focus_Bild1_ps.jpg\" \/>\n<script type=\"application\/ld+json\" class=\"yoast-schema-graph\">{\"@context\":\"https:\\\/\\\/schema.org\",\"@graph\":[{\"@type\":\"Article\",\"@id\":\"https:\\\/\\\/www.organisator.ch\\\/weiterbildung\\\/2023-11-30\\\/ausbildende-arbeiten-meist-teilzeit-und-auf-mandatsbasis\\\/#article\",\"isPartOf\":{\"@id\":\"https:\\\/\\\/www.organisator.ch\\\/weiterbildung\\\/2023-11-30\\\/ausbildende-arbeiten-meist-teilzeit-und-auf-mandatsbasis\\\/\"},\"author\":{\"name\":\"Adelisa Kalajdzini\",\"@id\":\"https:\\\/\\\/www.organisator.ch\\\/#\\\/schema\\\/person\\\/2e1314a2172123f874db408d8911d3f3\"},\"headline\":\"Ausbildende arbeiten meist Teilzeit und auf Mandatsbasis\",\"datePublished\":\"2023-11-30T09:27:59+00:00\",\"mainEntityOfPage\":{\"@id\":\"https:\\\/\\\/www.organisator.ch\\\/weiterbildung\\\/2023-11-30\\\/ausbildende-arbeiten-meist-teilzeit-und-auf-mandatsbasis\\\/\"},\"wordCount\":389,\"publisher\":{\"@id\":\"https:\\\/\\\/www.organisator.ch\\\/#organization\"},\"image\":{\"@id\":\"https:\\\/\\\/www.organisator.ch\\\/weiterbildung\\\/2023-11-30\\\/ausbildende-arbeiten-meist-teilzeit-und-auf-mandatsbasis\\\/#primaryimage\"},\"thumbnailUrl\":\"https:\\\/\\\/www.organisator.ch\\\/wp-content\\\/uploads\\\/2023\\\/11\\\/Focus_Bild1_ps.jpg\",\"keywords\":[\"Aus-\\\/Weiterbildung\",\"Schweiz\",\"Studie\",\"Umfrage\",\"Unternehmen\"],\"articleSection\":[\"WEITERBILDUNG\"],\"inLanguage\":\"de\"},{\"@type\":\"WebPage\",\"@id\":\"https:\\\/\\\/www.organisator.ch\\\/weiterbildung\\\/2023-11-30\\\/ausbildende-arbeiten-meist-teilzeit-und-auf-mandatsbasis\\\/\",\"url\":\"https:\\\/\\\/www.organisator.ch\\\/weiterbildung\\\/2023-11-30\\\/ausbildende-arbeiten-meist-teilzeit-und-auf-mandatsbasis\\\/\",\"name\":\"Ausbildende arbeiten meist Teilzeit und auf Mandatsbasis - Organisator\",\"isPartOf\":{\"@id\":\"https:\\\/\\\/www.organisator.ch\\\/#website\"},\"primaryImageOfPage\":{\"@id\":\"https:\\\/\\\/www.organisator.ch\\\/weiterbildung\\\/2023-11-30\\\/ausbildende-arbeiten-meist-teilzeit-und-auf-mandatsbasis\\\/#primaryimage\"},\"image\":{\"@id\":\"https:\\\/\\\/www.organisator.ch\\\/weiterbildung\\\/2023-11-30\\\/ausbildende-arbeiten-meist-teilzeit-und-auf-mandatsbasis\\\/#primaryimage\"},\"thumbnailUrl\":\"https:\\\/\\\/www.organisator.ch\\\/wp-content\\\/uploads\\\/2023\\\/11\\\/Focus_Bild1_ps.jpg\",\"datePublished\":\"2023-11-30T09:27:59+00:00\",\"description\":\"Der Focus Weiterbildung 2023 des SVEB befasst sich mit den Anstellungsbedingungen des Personals in der Weiterbildung.\",\"breadcrumb\":{\"@id\":\"https:\\\/\\\/www.organisator.ch\\\/weiterbildung\\\/2023-11-30\\\/ausbildende-arbeiten-meist-teilzeit-und-auf-mandatsbasis\\\/#breadcrumb\"},\"inLanguage\":\"de\",\"potentialAction\":[{\"@type\":\"ReadAction\",\"target\":[\"https:\\\/\\\/www.organisator.ch\\\/weiterbildung\\\/2023-11-30\\\/ausbildende-arbeiten-meist-teilzeit-und-auf-mandatsbasis\\\/\"]}]},{\"@type\":\"ImageObject\",\"inLanguage\":\"de\",\"@id\":\"https:\\\/\\\/www.organisator.ch\\\/weiterbildung\\\/2023-11-30\\\/ausbildende-arbeiten-meist-teilzeit-und-auf-mandatsbasis\\\/#primaryimage\",\"url\":\"https:\\\/\\\/www.organisator.ch\\\/wp-content\\\/uploads\\\/2023\\\/11\\\/Focus_Bild1_ps.jpg\",\"contentUrl\":\"https:\\\/\\\/www.organisator.ch\\\/wp-content\\\/uploads\\\/2023\\\/11\\\/Focus_Bild1_ps.jpg\",\"width\":680,\"height\":453,\"caption\":\"Focus Weiterbildung 2023: Bei 65 Prozent der Organisationen ist Weiterbildung ihr Hauptzweck und bei 35 Prozent ihr Nebenzweck.\"},{\"@type\":\"BreadcrumbList\",\"@id\":\"https:\\\/\\\/www.organisator.ch\\\/weiterbildung\\\/2023-11-30\\\/ausbildende-arbeiten-meist-teilzeit-und-auf-mandatsbasis\\\/#breadcrumb\",\"itemListElement\":[{\"@type\":\"ListItem\",\"position\":1,\"name\":\"Home\",\"item\":\"https:\\\/\\\/www.organisator.ch\\\/\"},{\"@type\":\"ListItem\",\"position\":2,\"name\":\"Ausbildende arbeiten meist Teilzeit und auf Mandatsbasis\"}]},{\"@type\":\"WebSite\",\"@id\":\"https:\\\/\\\/www.organisator.ch\\\/#website\",\"url\":\"https:\\\/\\\/www.organisator.ch\\\/\",\"name\":\"Organisator\",\"description\":\"Kompetent. Praxisnah. Der ORGANISATOR bereitet in 10 Ausgaben pro Jahr die wesentlichen Themen f\u00fcr F\u00fchrungskr\u00e4fte von KMU auf.\",\"publisher\":{\"@id\":\"https:\\\/\\\/www.organisator.ch\\\/#organization\"},\"potentialAction\":[{\"@type\":\"SearchAction\",\"target\":{\"@type\":\"EntryPoint\",\"urlTemplate\":\"https:\\\/\\\/www.organisator.ch\\\/?s={search_term_string}\"},\"query-input\":{\"@type\":\"PropertyValueSpecification\",\"valueRequired\":true,\"valueName\":\"search_term_string\"}}],\"inLanguage\":\"de\"},{\"@type\":\"Organization\",\"@id\":\"https:\\\/\\\/www.organisator.ch\\\/#organization\",\"name\":\"Organisator\",\"url\":\"https:\\\/\\\/www.organisator.ch\\\/\",\"logo\":{\"@type\":\"ImageObject\",\"inLanguage\":\"de\",\"@id\":\"https:\\\/\\\/www.organisator.ch\\\/#\\\/schema\\\/logo\\\/image\\\/\",\"url\":\"https:\\\/\\\/www.organisator.ch\\\/wp-content\\\/uploads\\\/2022\\\/01\\\/Logo_Organisator_Website.png\",\"contentUrl\":\"https:\\\/\\\/www.organisator.ch\\\/wp-content\\\/uploads\\\/2022\\\/01\\\/Logo_Organisator_Website.png\",\"width\":800,\"height\":77,\"caption\":\"Organisator\"},\"image\":{\"@id\":\"https:\\\/\\\/www.organisator.ch\\\/#\\\/schema\\\/logo\\\/image\\\/\"},\"sameAs\":[\"https:\\\/\\\/www.facebook.com\\\/OrganisatorFachmagazin\",\"https:\\\/\\\/www.linkedin.com\\\/showcase\\\/organisator-das-magazin-fr-kmu\",\"https:\\\/\\\/www.xing.com\\\/news\\\/pages\\\/organisator-ch-695\",\"https:\\\/\\\/www.youtube.com\\\/channel\\\/UCGP2Sq0iWaZwT3BdIAQFYpw\"]},{\"@type\":\"Person\",\"@id\":\"https:\\\/\\\/www.organisator.ch\\\/#\\\/schema\\\/person\\\/2e1314a2172123f874db408d8911d3f3\",\"name\":\"Adelisa Kalajdzini\",\"image\":{\"@type\":\"ImageObject\",\"inLanguage\":\"de\",\"@id\":\"https:\\\/\\\/secure.gravatar.com\\\/avatar\\\/09a397c22ac58cad6f160ee8306348599df9df58a8ede73696226897b9fa4b24?s=96&d=mm&r=g\",\"url\":\"https:\\\/\\\/secure.gravatar.com\\\/avatar\\\/09a397c22ac58cad6f160ee8306348599df9df58a8ede73696226897b9fa4b24?s=96&d=mm&r=g\",\"contentUrl\":\"https:\\\/\\\/secure.gravatar.com\\\/avatar\\\/09a397c22ac58cad6f160ee8306348599df9df58a8ede73696226897b9fa4b24?s=96&d=mm&r=g\",\"caption\":\"Adelisa Kalajdzini\"},\"url\":\"https:\\\/\\\/www.organisator.ch\\\/de\\\/author\\\/adelisa-kalajdzini\\\/\"}]}<\/script>\n<!-- \/ Yoast SEO plugin. -->","yoast_head_json":{"title":"Ausbildende arbeiten meist Teilzeit und auf Mandatsbasis - Organisator","description":"Der Focus Weiterbildung 2023 des SVEB befasst sich mit den Anstellungsbedingungen des Personals in der Weiterbildung.","robots":{"index":"index","follow":"follow","max-snippet":"max-snippet:-1","max-image-preview":"max-image-preview:large","max-video-preview":"max-video-preview:-1"},"canonical":"https:\/\/www.organisator.ch\/de\/weiterbildung\/2023-11-30\/ausbildende-arbeiten-meist-teilzeit-und-auf-mandatsbasis\/","og_locale":"de_DE","og_type":"article","og_title":"Ausbildende arbeiten meist Teilzeit und auf Mandatsbasis","og_description":"Der Focus Weiterbildung 2023 des SVEB befasst sich mit den Anstellungsbedingungen des Personals in der Weiterbildung.","og_url":"https:\/\/www.organisator.ch\/de\/weiterbildung\/2023-11-30\/ausbildende-arbeiten-meist-teilzeit-und-auf-mandatsbasis\/","og_site_name":"Organisator","article_publisher":"https:\/\/www.facebook.com\/OrganisatorFachmagazin","article_published_time":"2023-11-30T09:27:59+00:00","og_image":[{"width":680,"height":453,"url":"https:\/\/www.organisator.ch\/wp-content\/uploads\/2023\/11\/Focus_Bild1_ps.jpg","type":"image\/jpeg"}],"author":"Adelisa Kalajdzini","twitter_card":"summary_large_image","twitter_title":"Ausbildende arbeiten meist Teilzeit und auf Mandatsbasis","twitter_description":"Der #Focus #Weiterbildung 2023 des #SVEB befasst sich mit den #Anstellungsbedingungen des Personals in der Weiterbildung.","twitter_image":"https:\/\/www.organisator.ch\/wp-content\/uploads\/2023\/11\/Focus_Bild1_ps.jpg","schema":{"@context":"https:\/\/schema.org","@graph":[{"@type":"Article","@id":"https:\/\/www.organisator.ch\/weiterbildung\/2023-11-30\/ausbildende-arbeiten-meist-teilzeit-und-auf-mandatsbasis\/#article","isPartOf":{"@id":"https:\/\/www.organisator.ch\/weiterbildung\/2023-11-30\/ausbildende-arbeiten-meist-teilzeit-und-auf-mandatsbasis\/"},"author":{"name":"Adelisa Kalajdzini","@id":"https:\/\/www.organisator.ch\/#\/schema\/person\/2e1314a2172123f874db408d8911d3f3"},"headline":"Ausbildende arbeiten meist Teilzeit und auf Mandatsbasis","datePublished":"2023-11-30T09:27:59+00:00","mainEntityOfPage":{"@id":"https:\/\/www.organisator.ch\/weiterbildung\/2023-11-30\/ausbildende-arbeiten-meist-teilzeit-und-auf-mandatsbasis\/"},"wordCount":389,"publisher":{"@id":"https:\/\/www.organisator.ch\/#organization"},"image":{"@id":"https:\/\/www.organisator.ch\/weiterbildung\/2023-11-30\/ausbildende-arbeiten-meist-teilzeit-und-auf-mandatsbasis\/#primaryimage"},"thumbnailUrl":"https:\/\/www.organisator.ch\/wp-content\/uploads\/2023\/11\/Focus_Bild1_ps.jpg","keywords":["Aus-\/Weiterbildung","Schweiz","Studie","Umfrage","Unternehmen"],"articleSection":["WEITERBILDUNG"],"inLanguage":"de"},{"@type":"WebPage","@id":"https:\/\/www.organisator.ch\/weiterbildung\/2023-11-30\/ausbildende-arbeiten-meist-teilzeit-und-auf-mandatsbasis\/","url":"https:\/\/www.organisator.ch\/weiterbildung\/2023-11-30\/ausbildende-arbeiten-meist-teilzeit-und-auf-mandatsbasis\/","name":"Ausbildende arbeiten meist Teilzeit und auf Mandatsbasis - Organisator","isPartOf":{"@id":"https:\/\/www.organisator.ch\/#website"},"primaryImageOfPage":{"@id":"https:\/\/www.organisator.ch\/weiterbildung\/2023-11-30\/ausbildende-arbeiten-meist-teilzeit-und-auf-mandatsbasis\/#primaryimage"},"image":{"@id":"https:\/\/www.organisator.ch\/weiterbildung\/2023-11-30\/ausbildende-arbeiten-meist-teilzeit-und-auf-mandatsbasis\/#primaryimage"},"thumbnailUrl":"https:\/\/www.organisator.ch\/wp-content\/uploads\/2023\/11\/Focus_Bild1_ps.jpg","datePublished":"2023-11-30T09:27:59+00:00","description":"Der Focus Weiterbildung 2023 des SVEB befasst sich mit den Anstellungsbedingungen des Personals in der Weiterbildung.","breadcrumb":{"@id":"https:\/\/www.organisator.ch\/weiterbildung\/2023-11-30\/ausbildende-arbeiten-meist-teilzeit-und-auf-mandatsbasis\/#breadcrumb"},"inLanguage":"de","potentialAction":[{"@type":"ReadAction","target":["https:\/\/www.organisator.ch\/weiterbildung\/2023-11-30\/ausbildende-arbeiten-meist-teilzeit-und-auf-mandatsbasis\/"]}]},{"@type":"ImageObject","inLanguage":"de","@id":"https:\/\/www.organisator.ch\/weiterbildung\/2023-11-30\/ausbildende-arbeiten-meist-teilzeit-und-auf-mandatsbasis\/#primaryimage","url":"https:\/\/www.organisator.ch\/wp-content\/uploads\/2023\/11\/Focus_Bild1_ps.jpg","contentUrl":"https:\/\/www.organisator.ch\/wp-content\/uploads\/2023\/11\/Focus_Bild1_ps.jpg","width":680,"height":453,"caption":"Focus Weiterbildung 2023: Bei 65 Prozent der Organisationen ist Weiterbildung ihr Hauptzweck und bei 35 Prozent ihr Nebenzweck."},{"@type":"BreadcrumbList","@id":"https:\/\/www.organisator.ch\/weiterbildung\/2023-11-30\/ausbildende-arbeiten-meist-teilzeit-und-auf-mandatsbasis\/#breadcrumb","itemListElement":[{"@type":"ListItem","position":1,"name":"Home","item":"https:\/\/www.organisator.ch\/"},{"@type":"ListItem","position":2,"name":"Ausbildende arbeiten meist Teilzeit und auf Mandatsbasis"}]},{"@type":"WebSite","@id":"https:\/\/www.organisator.ch\/#website","url":"https:\/\/www.organisator.ch\/","name":"Organisator","description":"Kompetent. Praxisnah. Der ORGANISATOR bereitet in 10 Ausgaben pro Jahr die wesentlichen Themen f\u00fcr F\u00fchrungskr\u00e4fte von KMU auf.","publisher":{"@id":"https:\/\/www.organisator.ch\/#organization"},"potentialAction":[{"@type":"SearchAction","target":{"@type":"EntryPoint","urlTemplate":"https:\/\/www.organisator.ch\/?s={search_term_string}"},"query-input":{"@type":"PropertyValueSpecification","valueRequired":true,"valueName":"search_term_string"}}],"inLanguage":"de"},{"@type":"Organization","@id":"https:\/\/www.organisator.ch\/#organization","name":"Organisator","url":"https:\/\/www.organisator.ch\/","logo":{"@type":"ImageObject","inLanguage":"de","@id":"https:\/\/www.organisator.ch\/#\/schema\/logo\/image\/","url":"https:\/\/www.organisator.ch\/wp-content\/uploads\/2022\/01\/Logo_Organisator_Website.png","contentUrl":"https:\/\/www.organisator.ch\/wp-content\/uploads\/2022\/01\/Logo_Organisator_Website.png","width":800,"height":77,"caption":"Organisator"},"image":{"@id":"https:\/\/www.organisator.ch\/#\/schema\/logo\/image\/"},"sameAs":["https:\/\/www.facebook.com\/OrganisatorFachmagazin","https:\/\/www.linkedin.com\/showcase\/organisator-das-magazin-fr-kmu","https:\/\/www.xing.com\/news\/pages\/organisator-ch-695","https:\/\/www.youtube.com\/channel\/UCGP2Sq0iWaZwT3BdIAQFYpw"]},{"@type":"Person","@id":"https:\/\/www.organisator.ch\/#\/schema\/person\/2e1314a2172123f874db408d8911d3f3","name":"Adelisa Kalajdzini","image":{"@type":"ImageObject","inLanguage":"de","@id":"https:\/\/secure.gravatar.com\/avatar\/09a397c22ac58cad6f160ee8306348599df9df58a8ede73696226897b9fa4b24?s=96&d=mm&r=g","url":"https:\/\/secure.gravatar.com\/avatar\/09a397c22ac58cad6f160ee8306348599df9df58a8ede73696226897b9fa4b24?s=96&d=mm&r=g","contentUrl":"https:\/\/secure.gravatar.com\/avatar\/09a397c22ac58cad6f160ee8306348599df9df58a8ede73696226897b9fa4b24?s=96&d=mm&r=g","caption":"Adelisa Kalajdzini"},"url":"https:\/\/www.organisator.ch\/de\/author\/adelisa-kalajdzini\/"}]}},"_links":{"self":[{"href":"https:\/\/www.organisator.ch\/de\/wp-json\/wp\/v2\/posts\/23610","targetHints":{"allow":["GET"]}}],"collection":[{"href":"https:\/\/www.organisator.ch\/de\/wp-json\/wp\/v2\/posts"}],"about":[{"href":"https:\/\/www.organisator.ch\/de\/wp-json\/wp\/v2\/types\/post"}],"author":[{"embeddable":true,"href":"https:\/\/www.organisator.ch\/de\/wp-json\/wp\/v2\/users\/58"}],"replies":[{"embeddable":true,"href":"https:\/\/www.organisator.ch\/de\/wp-json\/wp\/v2\/comments?post=23610"}],"version-history":[{"count":2,"href":"https:\/\/www.organisator.ch\/de\/wp-json\/wp\/v2\/posts\/23610\/revisions"}],"predecessor-version":[{"id":23613,"href":"https:\/\/www.organisator.ch\/de\/wp-json\/wp\/v2\/posts\/23610\/revisions\/23613"}],"wp:featuredmedia":[{"embeddable":true,"href":"https:\/\/www.organisator.ch\/de\/wp-json\/wp\/v2\/media\/23611"}],"wp:attachment":[{"href":"https:\/\/www.organisator.ch\/de\/wp-json\/wp\/v2\/media?parent=23610"}],"wp:term":[{"taxonomy":"category","embeddable":true,"href":"https:\/\/www.organisator.ch\/de\/wp-json\/wp\/v2\/categories?post=23610"},{"taxonomy":"post_tag","embeddable":true,"href":"https:\/\/www.organisator.ch\/de\/wp-json\/wp\/v2\/tags?post=23610"}],"curies":[{"name":"wp","href":"https:\/\/api.w.org\/{rel}","templated":true}]}}