{"id":23689,"date":"2023-12-05T07:06:09","date_gmt":"2023-12-05T06:06:09","guid":{"rendered":"https:\/\/www.organisator.ch\/?p=23689"},"modified":"2023-12-04T09:21:05","modified_gmt":"2023-12-04T08:21:05","slug":"starke-kmu-dank-gesunder-fuehrung-einfach-schnell-wirksam","status":"publish","type":"post","link":"https:\/\/www.organisator.ch\/de\/human-resources\/2023-12-05\/starke-kmu-dank-gesunder-fuehrung-einfach-schnell-wirksam\/","title":{"rendered":"Starke KMU dank gesunder F\u00fchrung \u2013 einfach, schnell, wirksam"},"content":{"rendered":"<figure id=\"attachment_23696\" aria-describedby=\"caption-attachment-23696\" style=\"width: 680px\" class=\"wp-caption alignnone\"><img loading=\"lazy\" decoding=\"async\" class=\"size-full wp-image-23696\" src=\"https:\/\/www.organisator.ch\/wp-content\/uploads\/2023\/12\/PR-Gesundheitsfoerderung-Schweiz_Bild1.jpg\" alt=\"\" width=\"680\" height=\"680\" srcset=\"https:\/\/www.organisator.ch\/wp-content\/uploads\/2023\/12\/PR-Gesundheitsfoerderung-Schweiz_Bild1.jpg 680w, https:\/\/www.organisator.ch\/wp-content\/uploads\/2023\/12\/PR-Gesundheitsfoerderung-Schweiz_Bild1-150x150.jpg 150w, https:\/\/www.organisator.ch\/wp-content\/uploads\/2023\/12\/PR-Gesundheitsfoerderung-Schweiz_Bild1-12x12.jpg 12w, https:\/\/www.organisator.ch\/wp-content\/uploads\/2023\/12\/PR-Gesundheitsfoerderung-Schweiz_Bild1-300x300.jpg 300w, https:\/\/www.organisator.ch\/wp-content\/uploads\/2023\/12\/PR-Gesundheitsfoerderung-Schweiz_Bild1-350x350.jpg 350w, https:\/\/www.organisator.ch\/wp-content\/uploads\/2023\/12\/PR-Gesundheitsfoerderung-Schweiz_Bild1-250x250.jpg 250w\" sizes=\"auto, (max-width: 680px) 100vw, 680px\" \/><figcaption id=\"caption-attachment-23696\" class=\"wp-caption-text\">St\u00e9phanie Dabrowski, Leiterin der Talentabteilung bei Loyco. (Bild: zVg)<\/figcaption><\/figure>\n<p>Gute Gr\u00fcnde daf\u00fcr, gesundheitsf\u00f6rderliche Rahmenbedingungen zu schaffen, gibt es genug. So sind beispielsweise zufriedene Mitarbeitende nachweislich 31% produktiver und dreimal kreativer1.<\/p>\n<h3>Alltagstaugliche Tools<\/h3>\n<p>Damit die meist knappen Personal- und Zeitressourcen in KMU kein Hindernis sind, bietet Gesundheitsf\u00f6rderung Schweiz eine breite Palette kostenloser Tools, die sich einfach, schnell und wirksam in den Arbeitsalltag integrieren lassen. Mit dem Leadership-Kit haben F\u00fchrungskr\u00e4fte ohne Vorkenntnisse einsetzbare Tools zur Hand, die das Wohlbefinden der Mitarbeitenden gezielt unterst\u00fctzen und die Zusammenarbeit f\u00f6rdern. HR-Verantwortliche verf\u00fcgen mit der HR-Toolbox \u00fcber kompakte und zeitsparende L\u00f6sungsans\u00e4tze zu unterschiedlichsten HR-Situationen.<\/p>\n<h3>Gest\u00e4rkter Teamspirit bei Loyco<\/h3>\n<p>Die Loyco SA unterst\u00fctzt ihre Kunden in allen administrativen Belangen und begleitet diese auf dem Weg zu Nachhaltigkeit, Agilit\u00e4t und Digitalisierung. Um als Dienstleister die F\u00e4higkeit zu haben, einen qualitativ hochwertigen Dienst zu erbringen, muss das Team in der Lage sein, gemeinsam gut zu funktionieren.<\/p>\n<figure id=\"attachment_23697\" aria-describedby=\"caption-attachment-23697\" style=\"width: 680px\" class=\"wp-caption alignnone\"><img loading=\"lazy\" decoding=\"async\" class=\"size-full wp-image-23697\" src=\"https:\/\/www.organisator.ch\/wp-content\/uploads\/2023\/12\/PR-Gesundheitsfoerderung-Schweiz_Bild2.jpg\" alt=\"\" width=\"680\" height=\"680\" srcset=\"https:\/\/www.organisator.ch\/wp-content\/uploads\/2023\/12\/PR-Gesundheitsfoerderung-Schweiz_Bild2.jpg 680w, https:\/\/www.organisator.ch\/wp-content\/uploads\/2023\/12\/PR-Gesundheitsfoerderung-Schweiz_Bild2-150x150.jpg 150w, https:\/\/www.organisator.ch\/wp-content\/uploads\/2023\/12\/PR-Gesundheitsfoerderung-Schweiz_Bild2-12x12.jpg 12w, https:\/\/www.organisator.ch\/wp-content\/uploads\/2023\/12\/PR-Gesundheitsfoerderung-Schweiz_Bild2-300x300.jpg 300w, https:\/\/www.organisator.ch\/wp-content\/uploads\/2023\/12\/PR-Gesundheitsfoerderung-Schweiz_Bild2-350x350.jpg 350w, https:\/\/www.organisator.ch\/wp-content\/uploads\/2023\/12\/PR-Gesundheitsfoerderung-Schweiz_Bild2-250x250.jpg 250w\" sizes=\"auto, (max-width: 680px) 100vw, 680px\" \/><figcaption id=\"caption-attachment-23697\" class=\"wp-caption-text\">Christophe Barman, Mitbegr\u00fcnder der Loyco SA. (Bild: zVg)<\/figcaption><\/figure>\n<p>Damit ihre 140 Mitarbeitenden an f\u00fcnf Standorten optimal harmonieren, setzt Loyco beispielsweise das Tool \u00abTeambaum\u00bb aus dem Leadership-Kit ein. Dank einer Schritt-f\u00fcr-Schritt-Anleitung und einer einpr\u00e4gsamen Visualisierung macht es Qualit\u00e4ten und Gemeinsamkeiten im Team sichtbar. Dazu St\u00e9phanie Dabrowski, Leiterin der Talentabteilung bei Loyco: \u00abDer Teambaum erm\u00f6glicht es, an den gemeinsamen Werten, der gemeinsamen Mission und den Beziehungen innerhalb des Teams zu arbeiten und diese in kurzer Zeit zu verbessern. Und das auf eine sehr, sehr einfache und leichte Art und Weise.\u00bb<\/p>\n<p>Doch nicht nur bezogen auf den Teamspirit, sondern generell trifft das Leadership-Kit bei Loyco auf grosse Zustimmung. \u00abWir leben in einer Arbeitswelt, die sich v\u00f6llig ver\u00e4ndert hat. Die Menschen haben Sinnprobleme. Wir hatten noch nie so viele psychosoziale Risiken. Daran m\u00fcssen wir arbeiten. F\u00fcr ein KMU mit wenig Mitteln ist das Leadership-Kit ideal, um Zugang zu einfachen Tools zu haben, um diese Dinge anzugehen. Ich bin begeistert\u00bb, bilanziert Christophe Barman, Mitbegr\u00fcnder der Loyco SA.<\/p>\n<p>1) Metastudie von Lyubomirsky, King &amp; Diener, 2005.<\/p>\n<blockquote>\n<h3>Informationen<\/h3>\n<p>Das Leadership-Kit bietet F\u00fchrungskr\u00e4ften 26 Tools in diesen f\u00fcnf Aktionsfeldern:<\/p>\n<ul>\n<li>Ziele erreichen erm\u00f6glicht Erfolgs\u00aderlebnisse<\/li>\n<li>Sinn vermittelt Bedeutsamkeit<\/li>\n<li>Positive Emotionen f\u00f6rdern das Teamklima<\/li>\n<li>Engagement r\u00fcckt St\u00e4rken ins Licht<\/li>\n<li>Teambeziehungen unterst\u00fctzen trag\u00adf\u00e4hige Beziehungen<\/li>\n<\/ul>\n<p><img loading=\"lazy\" decoding=\"async\" class=\"alignnone size-full wp-image-23698\" src=\"https:\/\/www.organisator.ch\/wp-content\/uploads\/2023\/12\/QR-Code-Leadership-kit.jpg\" alt=\"\" width=\"340\" height=\"340\" srcset=\"https:\/\/www.organisator.ch\/wp-content\/uploads\/2023\/12\/QR-Code-Leadership-kit.jpg 340w, https:\/\/www.organisator.ch\/wp-content\/uploads\/2023\/12\/QR-Code-Leadership-kit-150x150.jpg 150w, https:\/\/www.organisator.ch\/wp-content\/uploads\/2023\/12\/QR-Code-Leadership-kit-12x12.jpg 12w, https:\/\/www.organisator.ch\/wp-content\/uploads\/2023\/12\/QR-Code-Leadership-kit-300x300.jpg 300w, https:\/\/www.organisator.ch\/wp-content\/uploads\/2023\/12\/QR-Code-Leadership-kit-250x250.jpg 250w\" sizes=\"auto, (max-width: 340px) 100vw, 340px\" \/><\/p>\n<p><a href=\"https:\/\/friendlyworkspace.ch\/lsk\">https:\/\/friendlyworkspace.ch\/lsk<\/a><\/p>\n<p>&nbsp;<\/p>\n<p>Die HR-Toolbox unterst\u00fctzt HR-Verantwortliche in den zwei Themenfeldern:<\/p>\n<ul>\n<li>Handeln mit konkreten Tools f\u00fcr z.B. Homeoffice, gesunde F\u00fchrung, Konflikte und Mobbing<\/li>\n<li>Verstehen mit Kompaktwissen f\u00fcr das positive Einwirken auf Bereiche wie Absenzen, Stress, Motivation, Arbeit\u00adgeberattraktivit\u00e4t<\/li>\n<\/ul>\n<p><img loading=\"lazy\" decoding=\"async\" class=\"alignnone size-full wp-image-23699\" src=\"https:\/\/www.organisator.ch\/wp-content\/uploads\/2023\/12\/QR-Code-hr-toolbox.jpg\" alt=\"\" width=\"340\" height=\"340\" srcset=\"https:\/\/www.organisator.ch\/wp-content\/uploads\/2023\/12\/QR-Code-hr-toolbox.jpg 340w, https:\/\/www.organisator.ch\/wp-content\/uploads\/2023\/12\/QR-Code-hr-toolbox-150x150.jpg 150w, https:\/\/www.organisator.ch\/wp-content\/uploads\/2023\/12\/QR-Code-hr-toolbox-12x12.jpg 12w, https:\/\/www.organisator.ch\/wp-content\/uploads\/2023\/12\/QR-Code-hr-toolbox-300x300.jpg 300w, https:\/\/www.organisator.ch\/wp-content\/uploads\/2023\/12\/QR-Code-hr-toolbox-250x250.jpg 250w\" sizes=\"auto, (max-width: 340px) 100vw, 340px\" \/><\/p>\n<p><a href=\"https:\/\/friendlyworkspace.ch\/hrtb\">https:\/\/friendlyworkspace.ch\/hrtb<\/a><\/p>\n<p>Weitere Firmen, die das Leadership-Kit nutzen, finden Sie hier: <a href=\"https:\/\/friendlyworkspace.ch\/de\/diese-firmen-nutzen-das-leadership-kit\">https:\/\/friendlyworkspace.ch\/de\/diese-firmen-nutzen-das-leadership-kit<\/a><\/p>\n<\/blockquote>\n<p>&nbsp;<\/p>\n","protected":false},"excerpt":{"rendered":"<p>PUBLIREPORTAGE  Unternehmen, die ihre Attraktivit\u00e4t als Arbeitgebende deutlich steigern wollen, sind gut beraten, wenn sie sich f\u00fcr das Wohlbefinden und die Gesundheit ihrer Mitarbeitenden engagieren. Davon profitieren jetzt auch KMU dank der neuen kostenlosen Angebote von Gesundheitsf\u00f6rderung Schweiz. Die auf administrative Dienstleistungen spezialisierte Loyco SA setzt diese bereits erfolgreich ein.<\/p>\n","protected":false},"author":4,"featured_media":23696,"comment_status":"closed","ping_status":"closed","sticky":false,"template":"","format":"standard","meta":{"_acf_changed":false,"_yoast_wpseo_focuskw":"Starke KMU","_yoast_wpseo_metadesc":"Starke KMU sind gut beraten, wenn sie sich f\u00fcr das Wohlbefinden und die Gesundheit ihrer Mitarbeitenden engagieren.","articlekey":"","footnotes":""},"categories":[579],"tags":[77,208,254],"class_list":["post-23689","post","type-post","status-publish","format-standard","has-post-thumbnail","hentry","category-human-resources","tag-betriebliches-gesundheitsmanagement","tag-fit-im-job","tag-hrm"],"acf":[],"yoast_head":"<!-- This site is optimized with the Yoast SEO plugin v27.5 - https:\/\/yoast.com\/product\/yoast-seo-wordpress\/ -->\n<title>Starke KMU dank gesunder F\u00fchrung \u2013 einfach, schnell, wirksam - Organisator<\/title>\n<meta name=\"description\" content=\"Starke KMU sind gut beraten, wenn sie sich f\u00fcr das Wohlbefinden und die Gesundheit ihrer Mitarbeitenden engagieren.\" \/>\n<meta name=\"robots\" content=\"index, follow, max-snippet:-1, max-image-preview:large, max-video-preview:-1\" \/>\n<link rel=\"canonical\" href=\"https:\/\/www.organisator.ch\/de\/human-resources\/2023-12-05\/starke-kmu-dank-gesunder-fuehrung-einfach-schnell-wirksam\/\" \/>\n<meta property=\"og:locale\" content=\"de_DE\" \/>\n<meta property=\"og:type\" content=\"article\" \/>\n<meta property=\"og:title\" content=\"Starke KMU dank gesunder F\u00fchrung \u2013 einfach, schnell, wirksam - Organisator\" \/>\n<meta property=\"og:description\" content=\"Starke KMU sind gut beraten, wenn sie sich f\u00fcr das Wohlbefinden und die Gesundheit ihrer Mitarbeitenden engagieren.\" \/>\n<meta property=\"og:url\" content=\"https:\/\/www.organisator.ch\/de\/human-resources\/2023-12-05\/starke-kmu-dank-gesunder-fuehrung-einfach-schnell-wirksam\/\" \/>\n<meta property=\"og:site_name\" content=\"Organisator\" \/>\n<meta property=\"article:publisher\" content=\"https:\/\/www.facebook.com\/OrganisatorFachmagazin\" \/>\n<meta property=\"article:published_time\" content=\"2023-12-05T06:06:09+00:00\" \/>\n<meta property=\"og:image\" content=\"https:\/\/www.organisator.ch\/wp-content\/uploads\/2023\/12\/PR-Gesundheitsfoerderung-Schweiz_Bild1.jpg\" \/>\n\t<meta property=\"og:image:width\" content=\"680\" \/>\n\t<meta property=\"og:image:height\" content=\"680\" \/>\n\t<meta property=\"og:image:type\" content=\"image\/jpeg\" \/>\n<meta name=\"author\" content=\"thomas.berner\" \/>\n<meta name=\"twitter:card\" content=\"summary_large_image\" \/>\n<script type=\"application\/ld+json\" class=\"yoast-schema-graph\">{\"@context\":\"https:\\\/\\\/schema.org\",\"@graph\":[{\"@type\":\"Article\",\"@id\":\"https:\\\/\\\/www.organisator.ch\\\/human-resources\\\/2023-12-05\\\/starke-kmu-dank-gesunder-fuehrung-einfach-schnell-wirksam\\\/#article\",\"isPartOf\":{\"@id\":\"https:\\\/\\\/www.organisator.ch\\\/human-resources\\\/2023-12-05\\\/starke-kmu-dank-gesunder-fuehrung-einfach-schnell-wirksam\\\/\"},\"author\":{\"name\":\"thomas.berner\",\"@id\":\"https:\\\/\\\/www.organisator.ch\\\/#\\\/schema\\\/person\\\/6f650f90b2842cd4c0cc334b4e36f67e\"},\"headline\":\"Starke KMU dank gesunder F\u00fchrung \u2013 einfach, schnell, wirksam\",\"datePublished\":\"2023-12-05T06:06:09+00:00\",\"mainEntityOfPage\":{\"@id\":\"https:\\\/\\\/www.organisator.ch\\\/human-resources\\\/2023-12-05\\\/starke-kmu-dank-gesunder-fuehrung-einfach-schnell-wirksam\\\/\"},\"wordCount\":471,\"publisher\":{\"@id\":\"https:\\\/\\\/www.organisator.ch\\\/#organization\"},\"image\":{\"@id\":\"https:\\\/\\\/www.organisator.ch\\\/human-resources\\\/2023-12-05\\\/starke-kmu-dank-gesunder-fuehrung-einfach-schnell-wirksam\\\/#primaryimage\"},\"thumbnailUrl\":\"https:\\\/\\\/www.organisator.ch\\\/wp-content\\\/uploads\\\/2023\\\/12\\\/PR-Gesundheitsfoerderung-Schweiz_Bild1.jpg\",\"keywords\":[\"Betriebliches Gesundheitsmanagement\",\"Fit im Job\",\"HRM\"],\"articleSection\":[\"HUMAN RESOURCES\"],\"inLanguage\":\"de\"},{\"@type\":\"WebPage\",\"@id\":\"https:\\\/\\\/www.organisator.ch\\\/human-resources\\\/2023-12-05\\\/starke-kmu-dank-gesunder-fuehrung-einfach-schnell-wirksam\\\/\",\"url\":\"https:\\\/\\\/www.organisator.ch\\\/human-resources\\\/2023-12-05\\\/starke-kmu-dank-gesunder-fuehrung-einfach-schnell-wirksam\\\/\",\"name\":\"Starke KMU dank gesunder F\u00fchrung \u2013 einfach, schnell, wirksam - Organisator\",\"isPartOf\":{\"@id\":\"https:\\\/\\\/www.organisator.ch\\\/#website\"},\"primaryImageOfPage\":{\"@id\":\"https:\\\/\\\/www.organisator.ch\\\/human-resources\\\/2023-12-05\\\/starke-kmu-dank-gesunder-fuehrung-einfach-schnell-wirksam\\\/#primaryimage\"},\"image\":{\"@id\":\"https:\\\/\\\/www.organisator.ch\\\/human-resources\\\/2023-12-05\\\/starke-kmu-dank-gesunder-fuehrung-einfach-schnell-wirksam\\\/#primaryimage\"},\"thumbnailUrl\":\"https:\\\/\\\/www.organisator.ch\\\/wp-content\\\/uploads\\\/2023\\\/12\\\/PR-Gesundheitsfoerderung-Schweiz_Bild1.jpg\",\"datePublished\":\"2023-12-05T06:06:09+00:00\",\"description\":\"Starke KMU sind gut beraten, wenn sie sich f\u00fcr das Wohlbefinden und die Gesundheit ihrer Mitarbeitenden engagieren.\",\"breadcrumb\":{\"@id\":\"https:\\\/\\\/www.organisator.ch\\\/human-resources\\\/2023-12-05\\\/starke-kmu-dank-gesunder-fuehrung-einfach-schnell-wirksam\\\/#breadcrumb\"},\"inLanguage\":\"de\",\"potentialAction\":[{\"@type\":\"ReadAction\",\"target\":[\"https:\\\/\\\/www.organisator.ch\\\/human-resources\\\/2023-12-05\\\/starke-kmu-dank-gesunder-fuehrung-einfach-schnell-wirksam\\\/\"]}]},{\"@type\":\"ImageObject\",\"inLanguage\":\"de\",\"@id\":\"https:\\\/\\\/www.organisator.ch\\\/human-resources\\\/2023-12-05\\\/starke-kmu-dank-gesunder-fuehrung-einfach-schnell-wirksam\\\/#primaryimage\",\"url\":\"https:\\\/\\\/www.organisator.ch\\\/wp-content\\\/uploads\\\/2023\\\/12\\\/PR-Gesundheitsfoerderung-Schweiz_Bild1.jpg\",\"contentUrl\":\"https:\\\/\\\/www.organisator.ch\\\/wp-content\\\/uploads\\\/2023\\\/12\\\/PR-Gesundheitsfoerderung-Schweiz_Bild1.jpg\",\"width\":680,\"height\":680,\"caption\":\"St\u00e9phanie Dabrowski, Leiterin der Talentabteilung bei Loyco. (Bild: zVg)\"},{\"@type\":\"BreadcrumbList\",\"@id\":\"https:\\\/\\\/www.organisator.ch\\\/human-resources\\\/2023-12-05\\\/starke-kmu-dank-gesunder-fuehrung-einfach-schnell-wirksam\\\/#breadcrumb\",\"itemListElement\":[{\"@type\":\"ListItem\",\"position\":1,\"name\":\"Home\",\"item\":\"https:\\\/\\\/www.organisator.ch\\\/\"},{\"@type\":\"ListItem\",\"position\":2,\"name\":\"Starke KMU dank gesunder F\u00fchrung \u2013 einfach, schnell, wirksam\"}]},{\"@type\":\"WebSite\",\"@id\":\"https:\\\/\\\/www.organisator.ch\\\/#website\",\"url\":\"https:\\\/\\\/www.organisator.ch\\\/\",\"name\":\"Organisator\",\"description\":\"Kompetent. Praxisnah. Der ORGANISATOR bereitet in 10 Ausgaben pro Jahr die wesentlichen Themen f\u00fcr F\u00fchrungskr\u00e4fte von KMU auf.\",\"publisher\":{\"@id\":\"https:\\\/\\\/www.organisator.ch\\\/#organization\"},\"potentialAction\":[{\"@type\":\"SearchAction\",\"target\":{\"@type\":\"EntryPoint\",\"urlTemplate\":\"https:\\\/\\\/www.organisator.ch\\\/?s={search_term_string}\"},\"query-input\":{\"@type\":\"PropertyValueSpecification\",\"valueRequired\":true,\"valueName\":\"search_term_string\"}}],\"inLanguage\":\"de\"},{\"@type\":\"Organization\",\"@id\":\"https:\\\/\\\/www.organisator.ch\\\/#organization\",\"name\":\"Organisator\",\"url\":\"https:\\\/\\\/www.organisator.ch\\\/\",\"logo\":{\"@type\":\"ImageObject\",\"inLanguage\":\"de\",\"@id\":\"https:\\\/\\\/www.organisator.ch\\\/#\\\/schema\\\/logo\\\/image\\\/\",\"url\":\"https:\\\/\\\/www.organisator.ch\\\/wp-content\\\/uploads\\\/2022\\\/01\\\/Logo_Organisator_Website.png\",\"contentUrl\":\"https:\\\/\\\/www.organisator.ch\\\/wp-content\\\/uploads\\\/2022\\\/01\\\/Logo_Organisator_Website.png\",\"width\":800,\"height\":77,\"caption\":\"Organisator\"},\"image\":{\"@id\":\"https:\\\/\\\/www.organisator.ch\\\/#\\\/schema\\\/logo\\\/image\\\/\"},\"sameAs\":[\"https:\\\/\\\/www.facebook.com\\\/OrganisatorFachmagazin\",\"https:\\\/\\\/www.linkedin.com\\\/showcase\\\/organisator-das-magazin-fr-kmu\",\"https:\\\/\\\/www.xing.com\\\/news\\\/pages\\\/organisator-ch-695\",\"https:\\\/\\\/www.youtube.com\\\/channel\\\/UCGP2Sq0iWaZwT3BdIAQFYpw\"]},{\"@type\":\"Person\",\"@id\":\"https:\\\/\\\/www.organisator.ch\\\/#\\\/schema\\\/person\\\/6f650f90b2842cd4c0cc334b4e36f67e\",\"name\":\"thomas.berner\",\"image\":{\"@type\":\"ImageObject\",\"inLanguage\":\"de\",\"@id\":\"https:\\\/\\\/secure.gravatar.com\\\/avatar\\\/ac5001d2a36cb6c6cd3e50789007ffca834b477b74a2144564522e944eabff61?s=96&d=mm&r=g\",\"url\":\"https:\\\/\\\/secure.gravatar.com\\\/avatar\\\/ac5001d2a36cb6c6cd3e50789007ffca834b477b74a2144564522e944eabff61?s=96&d=mm&r=g\",\"contentUrl\":\"https:\\\/\\\/secure.gravatar.com\\\/avatar\\\/ac5001d2a36cb6c6cd3e50789007ffca834b477b74a2144564522e944eabff61?s=96&d=mm&r=g\",\"caption\":\"thomas.berner\"},\"url\":\"https:\\\/\\\/www.organisator.ch\\\/de\\\/author\\\/thomas-berner\\\/\"}]}<\/script>\n<!-- \/ Yoast SEO plugin. -->","yoast_head_json":{"title":"Starke KMU dank gesunder F\u00fchrung \u2013 einfach, schnell, wirksam - Organisator","description":"Starke KMU sind gut beraten, wenn sie sich f\u00fcr das Wohlbefinden und die Gesundheit ihrer Mitarbeitenden engagieren.","robots":{"index":"index","follow":"follow","max-snippet":"max-snippet:-1","max-image-preview":"max-image-preview:large","max-video-preview":"max-video-preview:-1"},"canonical":"https:\/\/www.organisator.ch\/de\/human-resources\/2023-12-05\/starke-kmu-dank-gesunder-fuehrung-einfach-schnell-wirksam\/","og_locale":"de_DE","og_type":"article","og_title":"Starke KMU dank gesunder F\u00fchrung \u2013 einfach, schnell, wirksam - Organisator","og_description":"Starke KMU sind gut beraten, wenn sie sich f\u00fcr das Wohlbefinden und die Gesundheit ihrer Mitarbeitenden engagieren.","og_url":"https:\/\/www.organisator.ch\/de\/human-resources\/2023-12-05\/starke-kmu-dank-gesunder-fuehrung-einfach-schnell-wirksam\/","og_site_name":"Organisator","article_publisher":"https:\/\/www.facebook.com\/OrganisatorFachmagazin","article_published_time":"2023-12-05T06:06:09+00:00","og_image":[{"width":680,"height":680,"url":"https:\/\/www.organisator.ch\/wp-content\/uploads\/2023\/12\/PR-Gesundheitsfoerderung-Schweiz_Bild1.jpg","type":"image\/jpeg"}],"author":"thomas.berner","twitter_card":"summary_large_image","schema":{"@context":"https:\/\/schema.org","@graph":[{"@type":"Article","@id":"https:\/\/www.organisator.ch\/human-resources\/2023-12-05\/starke-kmu-dank-gesunder-fuehrung-einfach-schnell-wirksam\/#article","isPartOf":{"@id":"https:\/\/www.organisator.ch\/human-resources\/2023-12-05\/starke-kmu-dank-gesunder-fuehrung-einfach-schnell-wirksam\/"},"author":{"name":"thomas.berner","@id":"https:\/\/www.organisator.ch\/#\/schema\/person\/6f650f90b2842cd4c0cc334b4e36f67e"},"headline":"Starke KMU dank gesunder F\u00fchrung \u2013 einfach, schnell, wirksam","datePublished":"2023-12-05T06:06:09+00:00","mainEntityOfPage":{"@id":"https:\/\/www.organisator.ch\/human-resources\/2023-12-05\/starke-kmu-dank-gesunder-fuehrung-einfach-schnell-wirksam\/"},"wordCount":471,"publisher":{"@id":"https:\/\/www.organisator.ch\/#organization"},"image":{"@id":"https:\/\/www.organisator.ch\/human-resources\/2023-12-05\/starke-kmu-dank-gesunder-fuehrung-einfach-schnell-wirksam\/#primaryimage"},"thumbnailUrl":"https:\/\/www.organisator.ch\/wp-content\/uploads\/2023\/12\/PR-Gesundheitsfoerderung-Schweiz_Bild1.jpg","keywords":["Betriebliches Gesundheitsmanagement","Fit im Job","HRM"],"articleSection":["HUMAN RESOURCES"],"inLanguage":"de"},{"@type":"WebPage","@id":"https:\/\/www.organisator.ch\/human-resources\/2023-12-05\/starke-kmu-dank-gesunder-fuehrung-einfach-schnell-wirksam\/","url":"https:\/\/www.organisator.ch\/human-resources\/2023-12-05\/starke-kmu-dank-gesunder-fuehrung-einfach-schnell-wirksam\/","name":"Starke KMU dank gesunder F\u00fchrung \u2013 einfach, schnell, wirksam - Organisator","isPartOf":{"@id":"https:\/\/www.organisator.ch\/#website"},"primaryImageOfPage":{"@id":"https:\/\/www.organisator.ch\/human-resources\/2023-12-05\/starke-kmu-dank-gesunder-fuehrung-einfach-schnell-wirksam\/#primaryimage"},"image":{"@id":"https:\/\/www.organisator.ch\/human-resources\/2023-12-05\/starke-kmu-dank-gesunder-fuehrung-einfach-schnell-wirksam\/#primaryimage"},"thumbnailUrl":"https:\/\/www.organisator.ch\/wp-content\/uploads\/2023\/12\/PR-Gesundheitsfoerderung-Schweiz_Bild1.jpg","datePublished":"2023-12-05T06:06:09+00:00","description":"Starke KMU sind gut beraten, wenn sie sich f\u00fcr das Wohlbefinden und die Gesundheit ihrer Mitarbeitenden engagieren.","breadcrumb":{"@id":"https:\/\/www.organisator.ch\/human-resources\/2023-12-05\/starke-kmu-dank-gesunder-fuehrung-einfach-schnell-wirksam\/#breadcrumb"},"inLanguage":"de","potentialAction":[{"@type":"ReadAction","target":["https:\/\/www.organisator.ch\/human-resources\/2023-12-05\/starke-kmu-dank-gesunder-fuehrung-einfach-schnell-wirksam\/"]}]},{"@type":"ImageObject","inLanguage":"de","@id":"https:\/\/www.organisator.ch\/human-resources\/2023-12-05\/starke-kmu-dank-gesunder-fuehrung-einfach-schnell-wirksam\/#primaryimage","url":"https:\/\/www.organisator.ch\/wp-content\/uploads\/2023\/12\/PR-Gesundheitsfoerderung-Schweiz_Bild1.jpg","contentUrl":"https:\/\/www.organisator.ch\/wp-content\/uploads\/2023\/12\/PR-Gesundheitsfoerderung-Schweiz_Bild1.jpg","width":680,"height":680,"caption":"St\u00e9phanie Dabrowski, Leiterin der Talentabteilung bei Loyco. (Bild: zVg)"},{"@type":"BreadcrumbList","@id":"https:\/\/www.organisator.ch\/human-resources\/2023-12-05\/starke-kmu-dank-gesunder-fuehrung-einfach-schnell-wirksam\/#breadcrumb","itemListElement":[{"@type":"ListItem","position":1,"name":"Home","item":"https:\/\/www.organisator.ch\/"},{"@type":"ListItem","position":2,"name":"Starke KMU dank gesunder F\u00fchrung \u2013 einfach, schnell, wirksam"}]},{"@type":"WebSite","@id":"https:\/\/www.organisator.ch\/#website","url":"https:\/\/www.organisator.ch\/","name":"Organisator","description":"Kompetent. Praxisnah. Der ORGANISATOR bereitet in 10 Ausgaben pro Jahr die wesentlichen Themen f\u00fcr F\u00fchrungskr\u00e4fte von KMU auf.","publisher":{"@id":"https:\/\/www.organisator.ch\/#organization"},"potentialAction":[{"@type":"SearchAction","target":{"@type":"EntryPoint","urlTemplate":"https:\/\/www.organisator.ch\/?s={search_term_string}"},"query-input":{"@type":"PropertyValueSpecification","valueRequired":true,"valueName":"search_term_string"}}],"inLanguage":"de"},{"@type":"Organization","@id":"https:\/\/www.organisator.ch\/#organization","name":"Organisator","url":"https:\/\/www.organisator.ch\/","logo":{"@type":"ImageObject","inLanguage":"de","@id":"https:\/\/www.organisator.ch\/#\/schema\/logo\/image\/","url":"https:\/\/www.organisator.ch\/wp-content\/uploads\/2022\/01\/Logo_Organisator_Website.png","contentUrl":"https:\/\/www.organisator.ch\/wp-content\/uploads\/2022\/01\/Logo_Organisator_Website.png","width":800,"height":77,"caption":"Organisator"},"image":{"@id":"https:\/\/www.organisator.ch\/#\/schema\/logo\/image\/"},"sameAs":["https:\/\/www.facebook.com\/OrganisatorFachmagazin","https:\/\/www.linkedin.com\/showcase\/organisator-das-magazin-fr-kmu","https:\/\/www.xing.com\/news\/pages\/organisator-ch-695","https:\/\/www.youtube.com\/channel\/UCGP2Sq0iWaZwT3BdIAQFYpw"]},{"@type":"Person","@id":"https:\/\/www.organisator.ch\/#\/schema\/person\/6f650f90b2842cd4c0cc334b4e36f67e","name":"thomas.berner","image":{"@type":"ImageObject","inLanguage":"de","@id":"https:\/\/secure.gravatar.com\/avatar\/ac5001d2a36cb6c6cd3e50789007ffca834b477b74a2144564522e944eabff61?s=96&d=mm&r=g","url":"https:\/\/secure.gravatar.com\/avatar\/ac5001d2a36cb6c6cd3e50789007ffca834b477b74a2144564522e944eabff61?s=96&d=mm&r=g","contentUrl":"https:\/\/secure.gravatar.com\/avatar\/ac5001d2a36cb6c6cd3e50789007ffca834b477b74a2144564522e944eabff61?s=96&d=mm&r=g","caption":"thomas.berner"},"url":"https:\/\/www.organisator.ch\/de\/author\/thomas-berner\/"}]}},"_links":{"self":[{"href":"https:\/\/www.organisator.ch\/de\/wp-json\/wp\/v2\/posts\/23689","targetHints":{"allow":["GET"]}}],"collection":[{"href":"https:\/\/www.organisator.ch\/de\/wp-json\/wp\/v2\/posts"}],"about":[{"href":"https:\/\/www.organisator.ch\/de\/wp-json\/wp\/v2\/types\/post"}],"author":[{"embeddable":true,"href":"https:\/\/www.organisator.ch\/de\/wp-json\/wp\/v2\/users\/4"}],"replies":[{"embeddable":true,"href":"https:\/\/www.organisator.ch\/de\/wp-json\/wp\/v2\/comments?post=23689"}],"version-history":[{"count":2,"href":"https:\/\/www.organisator.ch\/de\/wp-json\/wp\/v2\/posts\/23689\/revisions"}],"predecessor-version":[{"id":23701,"href":"https:\/\/www.organisator.ch\/de\/wp-json\/wp\/v2\/posts\/23689\/revisions\/23701"}],"wp:featuredmedia":[{"embeddable":true,"href":"https:\/\/www.organisator.ch\/de\/wp-json\/wp\/v2\/media\/23696"}],"wp:attachment":[{"href":"https:\/\/www.organisator.ch\/de\/wp-json\/wp\/v2\/media?parent=23689"}],"wp:term":[{"taxonomy":"category","embeddable":true,"href":"https:\/\/www.organisator.ch\/de\/wp-json\/wp\/v2\/categories?post=23689"},{"taxonomy":"post_tag","embeddable":true,"href":"https:\/\/www.organisator.ch\/de\/wp-json\/wp\/v2\/tags?post=23689"}],"curies":[{"name":"wp","href":"https:\/\/api.w.org\/{rel}","templated":true}]}}