{"id":23720,"date":"2023-12-05T09:42:26","date_gmt":"2023-12-05T08:42:26","guid":{"rendered":"https:\/\/www.m-q.ch\/?p=18969"},"modified":"2024-11-12T12:09:29","modified_gmt":"2024-11-12T11:09:29","slug":"esentri-ag-als-b-corp-unternehmen-zertifiziert","status":"publish","type":"post","link":"https:\/\/www.organisator.ch\/de\/sustainability\/2023-12-05\/esentri-ag-als-b-corp-unternehmen-zertifiziert\/","title":{"rendered":"Esentri AG als B Corp Unternehmen zertifiziert"},"content":{"rendered":"<figure id=\"attachment_18970\" class=\"wp-caption alignnone\" style=\"width: 680px\" aria-describedby=\"caption-attachment-18970\"><img class=\"alignnone wp-image-18970 size-full\" src=\"https:\/\/www.m-q.ch\/wp-content\/uploads\/2023\/12\/Esentri_Bild1_ps.jpg\" alt=\"esentri Twin \" width=\"680\" height=\"383\" \/>\r\n<figcaption id=\"caption-attachment-18970\" class=\"wp-caption-text\">Kern der esentri Unternehmensstrategie ist die nachhaltige digitale Transformation. (Bild: www.pexels.com)<\/figcaption>\r\n<\/figure>\r\n<p>Kern der esentri Unternehmensstrategie ist die Twin Transformation. Diese Transformation im doppelten Sinne beschreibt den gleichzeitigen Wandel von digitalen Gesch\u00e4ftsmodellen und Prozessen zur Schaffung von sozialen und \u00f6kologischen Mehrwerten sowie der Schaffung von wirtschaftlichen Vorteilen. Die Zertifizierung als B Corp ist ein Meilenstein f\u00fcr esentri, der diese langj\u00e4hrige Verpflichtung zur Nachhaltigkeit und sozialen Verantwortung unterstreicht.<\/p>\r\n<p>\u201eB Corp Unternehmen teilen die Ansicht, dass Unternehmertum verpflichtet, und bekennen sich in ihren Statuten zu gesellschaftlichem Mehrwert und \u00f6kologischer Nachhaltigkeit. Damit stimmen wir bei esentri zu 100 Prozent \u00fcberein\u201d, stellt Robert Szilinski, CEO und Mitgr\u00fcnder von esentri, fest. \u201eAuch wenn wir die Zertifizierung bereits mit einer sehr guten Note abschliessen konnten, haben wir gleichzeitig wertvolle Impulse erhalten, an welchen Stellschrauben wir bis zur Re-Zertifizierung arbeiten und uns weiter verbessern k\u00f6nnen.\u201d<\/p>\r\n<h3><strong>Der B Corp Zertifizierungsprozess<\/strong><\/h3>\r\n<p>Die B Corp Bewegung verfolgt die ehrgeizige Agenda, das globale Wirtschaftssystem f\u00fcr das Wohl von Mensch, Gemeinschaft und Planeten zu transformieren. Sie schafft Standards und \u00e4ndert die Spielregeln, um Unternehmen dazu zu bewegen, einen Ausgleich zwischen Profit und Gemeinwohl zu finden. Als Teil dieser Bewegung nimmt esentri gr\u00f6sstm\u00f6glichen positiven Impact auf Mitarbeitende, Kunden, Gemeinschaften und die Umwelt.<\/p>\r\n<p>Bei der Zertifizierung zur B Corporation durchlaufen Unternehmen ein mehrstufiges Impact Assessment. Im Rahmen dieses Bewertungsprozesses unterzog sich esentri in den letzten zwei Jahren einer \u00dcberpr\u00fcfung in den f\u00fcnf Dimensionen Unternehmensf\u00fchrung, Mitarbeitende, Community, Umwelt und Kunden. Mit einem Gesamtscore von 106.2 aus 200 Punkten konnte die esentri AG im Benchmark mit anderen Unternehmen derselben Branche \u00fcberdurchschnittlich gut abschneiden.<\/p>\r\n<p>F\u00fcr die Beurteilung in den jeweiligen Kategorien sind Nachweise erforderlich, um den Impact des Unternehmens zu bewerten. Durch die \u00dcberpr\u00fcfung ergeben sich die konkrete Handlungsempfehlung bis zum n\u00e4chsten Zertifizierungszeitpunkt, der in drei Jahren stattfindet.<\/p>\r\n<h3><strong>Zwischenzeugnis auf dem Weg in eine bessere Zukunft<\/strong><\/h3>\r\n<p>F\u00fcr esentri steht fest, dass die Zertifizierung als B Corporation eine gelungene Standortbestimmung ist. Bis zur Re-Zertifizierung im Jahr 2026 m\u00f6chte das Unternehmen durch Initiativen aus der Organisation aktiv an Verbesserungen in den Bereichen arbeiten, die durch das B Lab empfohlen wurden.<\/p>\r\n<p>\u201eDank unserem Einsatz und unseren Erfahrungen sind wir der ideale Begleiter f\u00fcr Unternehmen, die ebenfalls eine nachhaltige digitale Transformation durchf\u00fchren und damit ihren Beitrag f\u00fcr eine bessere Zukunft leisten m\u00f6chten\u201d, konstatiert Robert Szilinski.\u00a0<\/p>\r\n<p><em>Quelle: <a href=\"https:\/\/esentri.com\/\">www.esentri.com<\/a><\/em><\/p>\n<p class=\"syndicated-attribution\">Dieser Beitrag erschien urspr\u00fcnglich auf m-q.ch - <a href=\"https:\/\/www.m-q.ch\/de\/esentri-ag-als-b-corp-unternehmen-zertifiziert\/\" target=\"_blank\">https:\/\/www.m-q.ch\/de\/esentri-ag-als-b-corp-unternehmen-zertifiziert\/<\/a><\/p>","protected":false},"excerpt":{"rendered":"<p>Die esentri AG hat den Qualifizierungsprozess zur Zertifizierung als B Corporation mit 106.2 Punkten erfolgreich abgeschlossen. Das Beratungsunternehmen ist damit Teil einer internationalen Bewegung, die f\u00fcr eine integrative, gerechte und regenerative Wirtschaft steht.<\/p>\n","protected":false},"author":58,"featured_media":0,"comment_status":"closed","ping_status":"closed","sticky":false,"template":"","format":"standard","meta":{"_acf_changed":false,"_yoast_wpseo_focuskw":"esentri Twin","_yoast_wpseo_metadesc":"esentri setzt auf Twin Transformation: Gleichzeitiger Wandel digitaler Gesch\u00e4ftsmodelle und \u00f6kologischer Nachhaltigkeit.","articlekey":"","footnotes":""},"categories":[580],"tags":[986,156,358,1787,492],"class_list":["post-23720","post","type-post","status-publish","format-standard","hentry","category-sustainability","tag-digitale-transformation","tag-digitalisierung","tag-nachhaltige-wirtschaft","tag-nachhaltigkeit","tag-unternehmen"],"acf":[],"yoast_head":"<!-- This site is optimized with the Yoast SEO plugin v27.5 - https:\/\/yoast.com\/product\/yoast-seo-wordpress\/ -->\n<title>Esentri AG als B Corp Unternehmen zertifiziert - Organisator<\/title>\n<meta name=\"description\" content=\"esentri setzt auf Twin Transformation: Gleichzeitiger Wandel digitaler Gesch\u00e4ftsmodelle und \u00f6kologischer Nachhaltigkeit.\" \/>\n<meta name=\"robots\" content=\"index, follow, max-snippet:-1, max-image-preview:large, max-video-preview:-1\" \/>\n<link rel=\"canonical\" href=\"https:\/\/www.organisator.ch\/de\/sustainability\/2023-12-05\/esentri-ag-als-b-corp-unternehmen-zertifiziert\/\" \/>\n<meta property=\"og:locale\" content=\"de_DE\" \/>\n<meta property=\"og:type\" content=\"article\" \/>\n<meta property=\"og:title\" content=\"Esentri AG als B Corp Unternehmen zertifiziert - Organisator\" \/>\n<meta property=\"og:description\" content=\"esentri setzt auf Twin Transformation: Gleichzeitiger Wandel digitaler Gesch\u00e4ftsmodelle und \u00f6kologischer Nachhaltigkeit.\" \/>\n<meta property=\"og:url\" content=\"https:\/\/www.organisator.ch\/de\/sustainability\/2023-12-05\/esentri-ag-als-b-corp-unternehmen-zertifiziert\/\" \/>\n<meta property=\"og:site_name\" content=\"Organisator\" \/>\n<meta property=\"article:publisher\" content=\"https:\/\/www.facebook.com\/OrganisatorFachmagazin\" \/>\n<meta property=\"article:published_time\" content=\"2023-12-05T08:42:26+00:00\" \/>\n<meta property=\"article:modified_time\" content=\"2024-11-12T11:09:29+00:00\" \/>\n<meta property=\"og:image\" content=\"https:\/\/www.m-q.ch\/wp-content\/uploads\/2023\/12\/Esentri_Bild1_ps.jpg\" \/>\n<meta name=\"author\" content=\"Adelisa Kalajdzini\" \/>\n<meta name=\"twitter:card\" content=\"summary_large_image\" \/>\n<script type=\"application\/ld+json\" class=\"yoast-schema-graph\">{\"@context\":\"https:\\\/\\\/schema.org\",\"@graph\":[{\"@type\":\"Article\",\"@id\":\"https:\\\/\\\/www.organisator.ch\\\/sustainability\\\/2023-12-05\\\/esentri-ag-als-b-corp-unternehmen-zertifiziert\\\/#article\",\"isPartOf\":{\"@id\":\"https:\\\/\\\/www.organisator.ch\\\/sustainability\\\/2023-12-05\\\/esentri-ag-als-b-corp-unternehmen-zertifiziert\\\/\"},\"author\":{\"name\":\"Adelisa Kalajdzini\",\"@id\":\"https:\\\/\\\/www.organisator.ch\\\/#\\\/schema\\\/person\\\/2e1314a2172123f874db408d8911d3f3\"},\"headline\":\"Esentri AG als B Corp Unternehmen zertifiziert\",\"datePublished\":\"2023-12-05T08:42:26+00:00\",\"dateModified\":\"2024-11-12T11:09:29+00:00\",\"mainEntityOfPage\":{\"@id\":\"https:\\\/\\\/www.organisator.ch\\\/sustainability\\\/2023-12-05\\\/esentri-ag-als-b-corp-unternehmen-zertifiziert\\\/\"},\"wordCount\":402,\"publisher\":{\"@id\":\"https:\\\/\\\/www.organisator.ch\\\/#organization\"},\"image\":{\"@id\":\"https:\\\/\\\/www.organisator.ch\\\/sustainability\\\/2023-12-05\\\/esentri-ag-als-b-corp-unternehmen-zertifiziert\\\/#primaryimage\"},\"thumbnailUrl\":\"https:\\\/\\\/www.m-q.ch\\\/wp-content\\\/uploads\\\/2023\\\/12\\\/Esentri_Bild1_ps.jpg\",\"keywords\":[\"Digitale Transformation\",\"Digitalisierung\",\"Nachhaltige Wirtschaft\",\"Nachhaltigkeit\",\"Unternehmen\"],\"articleSection\":[\"SUSTAINABILITY\"],\"inLanguage\":\"de\"},{\"@type\":\"WebPage\",\"@id\":\"https:\\\/\\\/www.organisator.ch\\\/sustainability\\\/2023-12-05\\\/esentri-ag-als-b-corp-unternehmen-zertifiziert\\\/\",\"url\":\"https:\\\/\\\/www.organisator.ch\\\/sustainability\\\/2023-12-05\\\/esentri-ag-als-b-corp-unternehmen-zertifiziert\\\/\",\"name\":\"Esentri AG als B Corp Unternehmen zertifiziert - Organisator\",\"isPartOf\":{\"@id\":\"https:\\\/\\\/www.organisator.ch\\\/#website\"},\"primaryImageOfPage\":{\"@id\":\"https:\\\/\\\/www.organisator.ch\\\/sustainability\\\/2023-12-05\\\/esentri-ag-als-b-corp-unternehmen-zertifiziert\\\/#primaryimage\"},\"image\":{\"@id\":\"https:\\\/\\\/www.organisator.ch\\\/sustainability\\\/2023-12-05\\\/esentri-ag-als-b-corp-unternehmen-zertifiziert\\\/#primaryimage\"},\"thumbnailUrl\":\"https:\\\/\\\/www.m-q.ch\\\/wp-content\\\/uploads\\\/2023\\\/12\\\/Esentri_Bild1_ps.jpg\",\"datePublished\":\"2023-12-05T08:42:26+00:00\",\"dateModified\":\"2024-11-12T11:09:29+00:00\",\"description\":\"esentri setzt auf Twin Transformation: Gleichzeitiger Wandel digitaler Gesch\u00e4ftsmodelle und \u00f6kologischer Nachhaltigkeit.\",\"breadcrumb\":{\"@id\":\"https:\\\/\\\/www.organisator.ch\\\/sustainability\\\/2023-12-05\\\/esentri-ag-als-b-corp-unternehmen-zertifiziert\\\/#breadcrumb\"},\"inLanguage\":\"de\",\"potentialAction\":[{\"@type\":\"ReadAction\",\"target\":[\"https:\\\/\\\/www.organisator.ch\\\/sustainability\\\/2023-12-05\\\/esentri-ag-als-b-corp-unternehmen-zertifiziert\\\/\"]}]},{\"@type\":\"ImageObject\",\"inLanguage\":\"de\",\"@id\":\"https:\\\/\\\/www.organisator.ch\\\/sustainability\\\/2023-12-05\\\/esentri-ag-als-b-corp-unternehmen-zertifiziert\\\/#primaryimage\",\"url\":\"https:\\\/\\\/www.m-q.ch\\\/wp-content\\\/uploads\\\/2023\\\/12\\\/Esentri_Bild1_ps.jpg\",\"contentUrl\":\"https:\\\/\\\/www.m-q.ch\\\/wp-content\\\/uploads\\\/2023\\\/12\\\/Esentri_Bild1_ps.jpg\"},{\"@type\":\"BreadcrumbList\",\"@id\":\"https:\\\/\\\/www.organisator.ch\\\/sustainability\\\/2023-12-05\\\/esentri-ag-als-b-corp-unternehmen-zertifiziert\\\/#breadcrumb\",\"itemListElement\":[{\"@type\":\"ListItem\",\"position\":1,\"name\":\"Home\",\"item\":\"https:\\\/\\\/www.organisator.ch\\\/\"},{\"@type\":\"ListItem\",\"position\":2,\"name\":\"Esentri AG als B Corp Unternehmen zertifiziert\"}]},{\"@type\":\"WebSite\",\"@id\":\"https:\\\/\\\/www.organisator.ch\\\/#website\",\"url\":\"https:\\\/\\\/www.organisator.ch\\\/\",\"name\":\"Organisator\",\"description\":\"Kompetent. Praxisnah. Der ORGANISATOR bereitet in 10 Ausgaben pro Jahr die wesentlichen Themen f\u00fcr F\u00fchrungskr\u00e4fte von KMU auf.\",\"publisher\":{\"@id\":\"https:\\\/\\\/www.organisator.ch\\\/#organization\"},\"potentialAction\":[{\"@type\":\"SearchAction\",\"target\":{\"@type\":\"EntryPoint\",\"urlTemplate\":\"https:\\\/\\\/www.organisator.ch\\\/?s={search_term_string}\"},\"query-input\":{\"@type\":\"PropertyValueSpecification\",\"valueRequired\":true,\"valueName\":\"search_term_string\"}}],\"inLanguage\":\"de\"},{\"@type\":\"Organization\",\"@id\":\"https:\\\/\\\/www.organisator.ch\\\/#organization\",\"name\":\"Organisator\",\"url\":\"https:\\\/\\\/www.organisator.ch\\\/\",\"logo\":{\"@type\":\"ImageObject\",\"inLanguage\":\"de\",\"@id\":\"https:\\\/\\\/www.organisator.ch\\\/#\\\/schema\\\/logo\\\/image\\\/\",\"url\":\"https:\\\/\\\/www.organisator.ch\\\/wp-content\\\/uploads\\\/2022\\\/01\\\/Logo_Organisator_Website.png\",\"contentUrl\":\"https:\\\/\\\/www.organisator.ch\\\/wp-content\\\/uploads\\\/2022\\\/01\\\/Logo_Organisator_Website.png\",\"width\":800,\"height\":77,\"caption\":\"Organisator\"},\"image\":{\"@id\":\"https:\\\/\\\/www.organisator.ch\\\/#\\\/schema\\\/logo\\\/image\\\/\"},\"sameAs\":[\"https:\\\/\\\/www.facebook.com\\\/OrganisatorFachmagazin\",\"https:\\\/\\\/www.linkedin.com\\\/showcase\\\/organisator-das-magazin-fr-kmu\",\"https:\\\/\\\/www.xing.com\\\/news\\\/pages\\\/organisator-ch-695\",\"https:\\\/\\\/www.youtube.com\\\/channel\\\/UCGP2Sq0iWaZwT3BdIAQFYpw\"]},{\"@type\":\"Person\",\"@id\":\"https:\\\/\\\/www.organisator.ch\\\/#\\\/schema\\\/person\\\/2e1314a2172123f874db408d8911d3f3\",\"name\":\"Adelisa Kalajdzini\",\"image\":{\"@type\":\"ImageObject\",\"inLanguage\":\"de\",\"@id\":\"https:\\\/\\\/secure.gravatar.com\\\/avatar\\\/09a397c22ac58cad6f160ee8306348599df9df58a8ede73696226897b9fa4b24?s=96&d=mm&r=g\",\"url\":\"https:\\\/\\\/secure.gravatar.com\\\/avatar\\\/09a397c22ac58cad6f160ee8306348599df9df58a8ede73696226897b9fa4b24?s=96&d=mm&r=g\",\"contentUrl\":\"https:\\\/\\\/secure.gravatar.com\\\/avatar\\\/09a397c22ac58cad6f160ee8306348599df9df58a8ede73696226897b9fa4b24?s=96&d=mm&r=g\",\"caption\":\"Adelisa Kalajdzini\"},\"url\":\"https:\\\/\\\/www.organisator.ch\\\/de\\\/author\\\/adelisa-kalajdzini\\\/\"}]}<\/script>\n<!-- \/ Yoast SEO plugin. -->","yoast_head_json":{"title":"Esentri AG als B Corp Unternehmen zertifiziert - Organisator","description":"esentri setzt auf Twin Transformation: Gleichzeitiger Wandel digitaler Gesch\u00e4ftsmodelle und \u00f6kologischer Nachhaltigkeit.","robots":{"index":"index","follow":"follow","max-snippet":"max-snippet:-1","max-image-preview":"max-image-preview:large","max-video-preview":"max-video-preview:-1"},"canonical":"https:\/\/www.organisator.ch\/de\/sustainability\/2023-12-05\/esentri-ag-als-b-corp-unternehmen-zertifiziert\/","og_locale":"de_DE","og_type":"article","og_title":"Esentri AG als B Corp Unternehmen zertifiziert - Organisator","og_description":"esentri setzt auf Twin Transformation: Gleichzeitiger Wandel digitaler Gesch\u00e4ftsmodelle und \u00f6kologischer Nachhaltigkeit.","og_url":"https:\/\/www.organisator.ch\/de\/sustainability\/2023-12-05\/esentri-ag-als-b-corp-unternehmen-zertifiziert\/","og_site_name":"Organisator","article_publisher":"https:\/\/www.facebook.com\/OrganisatorFachmagazin","article_published_time":"2023-12-05T08:42:26+00:00","article_modified_time":"2024-11-12T11:09:29+00:00","og_image":[{"url":"https:\/\/www.m-q.ch\/wp-content\/uploads\/2023\/12\/Esentri_Bild1_ps.jpg","type":"","width":"","height":""}],"author":"Adelisa Kalajdzini","twitter_card":"summary_large_image","schema":{"@context":"https:\/\/schema.org","@graph":[{"@type":"Article","@id":"https:\/\/www.organisator.ch\/sustainability\/2023-12-05\/esentri-ag-als-b-corp-unternehmen-zertifiziert\/#article","isPartOf":{"@id":"https:\/\/www.organisator.ch\/sustainability\/2023-12-05\/esentri-ag-als-b-corp-unternehmen-zertifiziert\/"},"author":{"name":"Adelisa Kalajdzini","@id":"https:\/\/www.organisator.ch\/#\/schema\/person\/2e1314a2172123f874db408d8911d3f3"},"headline":"Esentri AG als B Corp Unternehmen zertifiziert","datePublished":"2023-12-05T08:42:26+00:00","dateModified":"2024-11-12T11:09:29+00:00","mainEntityOfPage":{"@id":"https:\/\/www.organisator.ch\/sustainability\/2023-12-05\/esentri-ag-als-b-corp-unternehmen-zertifiziert\/"},"wordCount":402,"publisher":{"@id":"https:\/\/www.organisator.ch\/#organization"},"image":{"@id":"https:\/\/www.organisator.ch\/sustainability\/2023-12-05\/esentri-ag-als-b-corp-unternehmen-zertifiziert\/#primaryimage"},"thumbnailUrl":"https:\/\/www.m-q.ch\/wp-content\/uploads\/2023\/12\/Esentri_Bild1_ps.jpg","keywords":["Digitale Transformation","Digitalisierung","Nachhaltige Wirtschaft","Nachhaltigkeit","Unternehmen"],"articleSection":["SUSTAINABILITY"],"inLanguage":"de"},{"@type":"WebPage","@id":"https:\/\/www.organisator.ch\/sustainability\/2023-12-05\/esentri-ag-als-b-corp-unternehmen-zertifiziert\/","url":"https:\/\/www.organisator.ch\/sustainability\/2023-12-05\/esentri-ag-als-b-corp-unternehmen-zertifiziert\/","name":"Esentri AG als B Corp Unternehmen zertifiziert - Organisator","isPartOf":{"@id":"https:\/\/www.organisator.ch\/#website"},"primaryImageOfPage":{"@id":"https:\/\/www.organisator.ch\/sustainability\/2023-12-05\/esentri-ag-als-b-corp-unternehmen-zertifiziert\/#primaryimage"},"image":{"@id":"https:\/\/www.organisator.ch\/sustainability\/2023-12-05\/esentri-ag-als-b-corp-unternehmen-zertifiziert\/#primaryimage"},"thumbnailUrl":"https:\/\/www.m-q.ch\/wp-content\/uploads\/2023\/12\/Esentri_Bild1_ps.jpg","datePublished":"2023-12-05T08:42:26+00:00","dateModified":"2024-11-12T11:09:29+00:00","description":"esentri setzt auf Twin Transformation: Gleichzeitiger Wandel digitaler Gesch\u00e4ftsmodelle und \u00f6kologischer Nachhaltigkeit.","breadcrumb":{"@id":"https:\/\/www.organisator.ch\/sustainability\/2023-12-05\/esentri-ag-als-b-corp-unternehmen-zertifiziert\/#breadcrumb"},"inLanguage":"de","potentialAction":[{"@type":"ReadAction","target":["https:\/\/www.organisator.ch\/sustainability\/2023-12-05\/esentri-ag-als-b-corp-unternehmen-zertifiziert\/"]}]},{"@type":"ImageObject","inLanguage":"de","@id":"https:\/\/www.organisator.ch\/sustainability\/2023-12-05\/esentri-ag-als-b-corp-unternehmen-zertifiziert\/#primaryimage","url":"https:\/\/www.m-q.ch\/wp-content\/uploads\/2023\/12\/Esentri_Bild1_ps.jpg","contentUrl":"https:\/\/www.m-q.ch\/wp-content\/uploads\/2023\/12\/Esentri_Bild1_ps.jpg"},{"@type":"BreadcrumbList","@id":"https:\/\/www.organisator.ch\/sustainability\/2023-12-05\/esentri-ag-als-b-corp-unternehmen-zertifiziert\/#breadcrumb","itemListElement":[{"@type":"ListItem","position":1,"name":"Home","item":"https:\/\/www.organisator.ch\/"},{"@type":"ListItem","position":2,"name":"Esentri AG als B Corp Unternehmen zertifiziert"}]},{"@type":"WebSite","@id":"https:\/\/www.organisator.ch\/#website","url":"https:\/\/www.organisator.ch\/","name":"Organisator","description":"Kompetent. Praxisnah. Der ORGANISATOR bereitet in 10 Ausgaben pro Jahr die wesentlichen Themen f\u00fcr F\u00fchrungskr\u00e4fte von KMU auf.","publisher":{"@id":"https:\/\/www.organisator.ch\/#organization"},"potentialAction":[{"@type":"SearchAction","target":{"@type":"EntryPoint","urlTemplate":"https:\/\/www.organisator.ch\/?s={search_term_string}"},"query-input":{"@type":"PropertyValueSpecification","valueRequired":true,"valueName":"search_term_string"}}],"inLanguage":"de"},{"@type":"Organization","@id":"https:\/\/www.organisator.ch\/#organization","name":"Organisator","url":"https:\/\/www.organisator.ch\/","logo":{"@type":"ImageObject","inLanguage":"de","@id":"https:\/\/www.organisator.ch\/#\/schema\/logo\/image\/","url":"https:\/\/www.organisator.ch\/wp-content\/uploads\/2022\/01\/Logo_Organisator_Website.png","contentUrl":"https:\/\/www.organisator.ch\/wp-content\/uploads\/2022\/01\/Logo_Organisator_Website.png","width":800,"height":77,"caption":"Organisator"},"image":{"@id":"https:\/\/www.organisator.ch\/#\/schema\/logo\/image\/"},"sameAs":["https:\/\/www.facebook.com\/OrganisatorFachmagazin","https:\/\/www.linkedin.com\/showcase\/organisator-das-magazin-fr-kmu","https:\/\/www.xing.com\/news\/pages\/organisator-ch-695","https:\/\/www.youtube.com\/channel\/UCGP2Sq0iWaZwT3BdIAQFYpw"]},{"@type":"Person","@id":"https:\/\/www.organisator.ch\/#\/schema\/person\/2e1314a2172123f874db408d8911d3f3","name":"Adelisa Kalajdzini","image":{"@type":"ImageObject","inLanguage":"de","@id":"https:\/\/secure.gravatar.com\/avatar\/09a397c22ac58cad6f160ee8306348599df9df58a8ede73696226897b9fa4b24?s=96&d=mm&r=g","url":"https:\/\/secure.gravatar.com\/avatar\/09a397c22ac58cad6f160ee8306348599df9df58a8ede73696226897b9fa4b24?s=96&d=mm&r=g","contentUrl":"https:\/\/secure.gravatar.com\/avatar\/09a397c22ac58cad6f160ee8306348599df9df58a8ede73696226897b9fa4b24?s=96&d=mm&r=g","caption":"Adelisa Kalajdzini"},"url":"https:\/\/www.organisator.ch\/de\/author\/adelisa-kalajdzini\/"}]}},"_links":{"self":[{"href":"https:\/\/www.organisator.ch\/de\/wp-json\/wp\/v2\/posts\/23720","targetHints":{"allow":["GET"]}}],"collection":[{"href":"https:\/\/www.organisator.ch\/de\/wp-json\/wp\/v2\/posts"}],"about":[{"href":"https:\/\/www.organisator.ch\/de\/wp-json\/wp\/v2\/types\/post"}],"author":[{"embeddable":true,"href":"https:\/\/www.organisator.ch\/de\/wp-json\/wp\/v2\/users\/58"}],"replies":[{"embeddable":true,"href":"https:\/\/www.organisator.ch\/de\/wp-json\/wp\/v2\/comments?post=23720"}],"version-history":[{"count":7,"href":"https:\/\/www.organisator.ch\/de\/wp-json\/wp\/v2\/posts\/23720\/revisions"}],"predecessor-version":[{"id":32622,"href":"https:\/\/www.organisator.ch\/de\/wp-json\/wp\/v2\/posts\/23720\/revisions\/32622"}],"wp:attachment":[{"href":"https:\/\/www.organisator.ch\/de\/wp-json\/wp\/v2\/media?parent=23720"}],"wp:term":[{"taxonomy":"category","embeddable":true,"href":"https:\/\/www.organisator.ch\/de\/wp-json\/wp\/v2\/categories?post=23720"},{"taxonomy":"post_tag","embeddable":true,"href":"https:\/\/www.organisator.ch\/de\/wp-json\/wp\/v2\/tags?post=23720"}],"curies":[{"name":"wp","href":"https:\/\/api.w.org\/{rel}","templated":true}]}}