{"id":2375,"date":"2019-08-13T17:58:03","date_gmt":"2019-08-13T15:58:03","guid":{"rendered":"https:\/\/www.umweltperspektiven.ch\/?p=2375"},"modified":"2022-02-09T11:06:52","modified_gmt":"2022-02-09T10:06:52","slug":"neue-sensorik-soll-die-luftqualitaet-in-staedten-verbessern","status":"publish","type":"post","link":"https:\/\/www.organisator.ch\/de\/sustainability\/2019-08-13\/neue-sensorik-soll-die-luftqualitaet-in-staedten-verbessern\/","title":{"rendered":"Neue Sensorik soll die Luftqualit\u00e4t in St\u00e4dten verbessern"},"content":{"rendered":"<figure id=\"attachment_2376\" aria-describedby=\"caption-attachment-2376\" style=\"width: 640px\" class=\"wp-caption alignnone\"><img loading=\"lazy\" decoding=\"async\" class=\"wp-image-2376 size-full\" src=\"\/\/www.umweltperspektiven.ch\/wp-content\/uploads\/2019\/08\/Co2_Grossstaedte.jpg\" alt=\"\" width=\"640\" height=\"427\" \/><figcaption id=\"caption-attachment-2376\" class=\"wp-caption-text\">In einem neuen Horizon Projekt wrden Sensoren entwickelt, die am Strassenrand, auf Leitplanken, oder direkt auf Verkehrsschildern vorbeifahrende Fahrzeuge in Sekundenschnelle detektieren. (Symbolbild: Unsplash)<\/figcaption><\/figure>\n<p>Was wird unter Luftqualit\u00e4t in einem europaweiten Forschungsprojekt verstanden? Konkret wollen die Forschenden Im Rahmen des Horizon 2020-Forschungsprojekts CARES (neue Sensoren entwickeln, die am Strassenrand, auf Leitplanken, oder Verkehrsschildern angebracht werden und vorbeifahrende Fahrzeuge in Sekundenschnelle detektieren.<\/p>\n<p>\u201eWir wollen die Fahrzeugemissionen in St\u00e4dten und Umweltzonen unter realen Bedingungen \u00fcberwachen, ohne in den frei fliessenden Verkehr eingreifen zu m\u00fcssen\u201c, erkl\u00e4rt Alexander Bergmann, Leiter des Instituts f\u00fcr Elektronische Sensorsysteme der TU Graz. Er und sein Team sind im Projekt hauptverantwortlich f\u00fcr alle Belange der Partikelmessung \u2013 ein Bereich, in dem das Institut weltweit zu den f\u00fchrenden Einrichtungen z\u00e4hlt.<\/p>\n<p><strong>Vielf\u00e4ltige M\u00f6glichkeiten zur Verkehrsregulierung<\/strong><\/p>\n<p>\u201eZiel ist es, mit den Messungen die Abgasklasse jedes einzelnen Fahrzeugs festzustellen\u201c, erkl\u00e4rt Bergmann. St\u00e4dte k\u00f6nnten dadurch beispielsweise eine emissionsbezogene Citymaut einf\u00fchren: je h\u00f6her die Abgaswerte des Autos, desto h\u00f6her w\u00e4re die zu bezahlende Geb\u00fchr. Auch Einfahrtsgenehmigungen in Umweltzonen k\u00f6nnten automatisch \u00fcberwacht werden, in dem automatische Schranken sich nur dann \u00f6ffnen, wenn der Schadstoffausstoss des herannahenden Autos im Normbereich liegt. Schliesslich k\u00f6nnten mithilfe der Sensorik jene Fahrzeuge identifiziert und aus dem Verkehr gezogen werden, bei denen mit manipulierten Partikelfiltern oder durch Chiptuning die Motorleistung und somit der Schadstoffaussto\u00df erh\u00f6ht wurde.<\/p>\n<p><strong>Stimmgabeln als Partikelmesser<\/strong><\/p>\n<p>Bergmann rechnet damit, dass kosteng\u00fcnstige Fernsensoren zur Emissionsmessung sp\u00e4testens nach Projektende 2022 zur Serienreife gelangen. Er verweist aber schon jetzt auf erste vielversprechende Tests am Institut, in denen mit herk\u00f6mmlichen Stimmgabeln gearbeitet wird. Diese werden durch Laserpulse in Schwingung versetzt. Die Partikel, die sich zwischen den Zinken der Stimmgabel befinden, werden durch die Schwingung angeregt und beginnen im wahrsten Sinne des Wortes zu \u201esingen\u201c. Dabei gibt jedes einzelne Partikel akustische Signale ab, die von der Stimmgabel aufgenommen und wiedergegeben werden. Je mehr Partikel es sind, desto lauter ist der Ton. Anhand der Lautst\u00e4rke l\u00e4sst sich dann feststellen, wie viele Partikel sich in der Umgebung befinden.<\/p>\n<p>Die Technik kommt bei Gasmessungen schon erfolgreich zum Einsatz. \u201eUnser Institut konnte nun erstmals zeigen, dass dies auch bei Partikeln funktioniert und eine M\u00f6glichkeit f\u00fcr einen Low-Cost-Sensor sein k\u00f6nnte\u201c, so Bergmann. Die Forschenden der TU Graz hoffen, dass sich die Messmethode auch in den Metropolen Mailand, Prag und Krakau bew\u00e4hrt, wo die Untersuchungen im Rahmen des CARES-Projekts im Echtbetrieb durchgef\u00fchrt werden.<\/p>\n<p>Das Forschungsprojekt CARES wird im Rahmen des Horizon 2020 Forschungs- und Innovationsprogramms der Europ\u00e4ischen Union mit 3.326.735,50 EUR gef\u00f6rdert und ist im Field of Expertise \u201eInformation, Communication &amp; Computing\u201c, einem von f\u00fcnf strategischen Schwerpunktfeldern der TU Graz verankert.<\/p>\n<p>Kooperationspartner:<\/p>\n<ul>\n<li>Ivl Svenska Miljoeinstitutet (Leadpartner; SE)<\/li>\n<li>TU Graz (Institut f\u00fcr Elektronische Sensorsysteme; Institut f\u00fcr Verbrennungskraftmaschinen und Thermodynamik AT)<\/li>\n<li>Airyx Gmbh (DE)<\/li>\n<li>AMAT (Agenzia Mobilita&#8216; Ambiente E Territorio; IT)<\/li>\n<li>AUTh (Aristotle University of Thessaloniki; GR)<\/li>\n<li>CTU (Czech Technical University in Prague; CZ)<\/li>\n<li>CULS (Czech University of Life Sciences Prague; CZ)<\/li>\n<li>EMPA (Eidgen\u00f6ssische Materialpr\u00fcfungs- und Forschungsanstalt; CH)<\/li>\n<li>ICCT (International Council on Clean Transportation; DE)<\/li>\n<li>IIASA (International Institute for Applied Systems Analysis; AT)<\/li>\n<li>Innovhub &#8211; Stazioni Sperimentali Per L&#8217;industria (IT)<\/li>\n<li>Krakowski Alarm Smogowy (PL)<\/li>\n<li>TNO (Niederl\u00e4ndische Organisation f\u00fcr Angewandte Naturwissenschaftliche Forschung; NL)<\/li>\n<li>Universit\u00e4t Heidelberg (DE)<\/li>\n<li>University Of Leeds (GB)<\/li>\n<li>University Of York (GB)<\/li>\n<\/ul>\n<p><a href=\"\/\/ies.tugraz.at\">http:\/\/ies.tugraz.at<\/a><\/p>\n<p>&nbsp;<\/p>\n","protected":false},"excerpt":{"rendered":"<p>Was wird unter Luftqualit\u00e4t in einem europaweiten Forschungsprojekt verstanden? Konkret wollen die Forschenden Im Rahmen des Horizon 2020-Forschungsprojekts CARES (neue Sensoren entwickeln, die am Strassenrand, auf Leitplanken, oder Verkehrsschildern angebracht werden und vorbeifahrende Fahrzeuge in Sekundenschnelle detektieren. \u201eWir wollen die Fahrzeugemissionen in St\u00e4dten und Umweltzonen unter realen Bedingungen \u00fcberwachen, ohne in den frei fliessenden Verkehr [&hellip;]<\/p>\n","protected":false},"author":5,"featured_media":9627,"comment_status":"open","ping_status":"open","sticky":false,"template":"","format":"standard","meta":{"_acf_changed":false,"_yoast_wpseo_focuskw":"Luftqualit\u00e4t","_yoast_wpseo_metadesc":"Die Luftqualit\u00e4t in europ\u00e4ischen St\u00e4dten ist heute eine der gr\u00f6ssten Herausforderungen, unterstreicht das 2020-Forschungsprojekts CARES.","articlekey":"","footnotes":""},"categories":[580],"tags":[1138,1220,1649,2111,2184],"class_list":["post-2375","post","type-post","status-publish","format-standard","has-post-thumbnail","hentry","category-sustainability","tag-europa","tag-forschungsprojekt","tag-luftqualitaet","tag-sensorik","tag-staedte"],"acf":[],"yoast_head":"<!-- This site is optimized with the Yoast SEO plugin v27.4 - https:\/\/yoast.com\/product\/yoast-seo-wordpress\/ -->\n<title>Neue Sensorik soll die Luftqualit\u00e4t in St\u00e4dten verbessern - Organisator<\/title>\n<meta name=\"description\" content=\"Die Luftqualit\u00e4t in europ\u00e4ischen St\u00e4dten ist heute eine der gr\u00f6ssten Herausforderungen, unterstreicht das 2020-Forschungsprojekts CARES.\" \/>\n<meta name=\"robots\" content=\"index, follow, max-snippet:-1, max-image-preview:large, max-video-preview:-1\" \/>\n<link rel=\"canonical\" href=\"https:\/\/www.organisator.ch\/de\/sustainability\/2019-08-13\/neue-sensorik-soll-die-luftqualitaet-in-staedten-verbessern\/\" \/>\n<meta property=\"og:locale\" content=\"de_DE\" \/>\n<meta property=\"og:type\" content=\"article\" \/>\n<meta property=\"og:title\" content=\"Neue Sensorik soll die Luftqualit\u00e4t in St\u00e4dten verbessern - Organisator\" \/>\n<meta property=\"og:description\" content=\"Die Luftqualit\u00e4t in europ\u00e4ischen St\u00e4dten ist heute eine der gr\u00f6ssten Herausforderungen, unterstreicht das 2020-Forschungsprojekts CARES.\" \/>\n<meta property=\"og:url\" content=\"https:\/\/www.organisator.ch\/de\/sustainability\/2019-08-13\/neue-sensorik-soll-die-luftqualitaet-in-staedten-verbessern\/\" \/>\n<meta property=\"og:site_name\" content=\"Organisator\" \/>\n<meta property=\"article:publisher\" content=\"https:\/\/www.facebook.com\/OrganisatorFachmagazin\" \/>\n<meta property=\"article:published_time\" content=\"2019-08-13T15:58:03+00:00\" \/>\n<meta property=\"article:modified_time\" content=\"2022-02-09T10:06:52+00:00\" \/>\n<meta property=\"og:image\" content=\"https:\/\/www.organisator.ch\/wp-content\/uploads\/2019\/08\/Co2_Grossstaedte.jpg\" \/>\n\t<meta property=\"og:image:width\" content=\"640\" \/>\n\t<meta property=\"og:image:height\" content=\"427\" \/>\n\t<meta property=\"og:image:type\" content=\"image\/jpeg\" \/>\n<meta name=\"author\" content=\"michael.merz\" \/>\n<meta name=\"twitter:card\" content=\"summary_large_image\" \/>\n<script type=\"application\/ld+json\" class=\"yoast-schema-graph\">{\"@context\":\"https:\\\/\\\/schema.org\",\"@graph\":[{\"@type\":\"Article\",\"@id\":\"https:\\\/\\\/www.organisator.ch\\\/sustainability\\\/2019-08-13\\\/neue-sensorik-soll-die-luftqualitaet-in-staedten-verbessern\\\/#article\",\"isPartOf\":{\"@id\":\"https:\\\/\\\/www.organisator.ch\\\/sustainability\\\/2019-08-13\\\/neue-sensorik-soll-die-luftqualitaet-in-staedten-verbessern\\\/\"},\"author\":{\"name\":\"michael.merz\",\"@id\":\"https:\\\/\\\/www.organisator.ch\\\/#\\\/schema\\\/person\\\/134708ca9321c57b0362cceb7948ffbd\"},\"headline\":\"Neue Sensorik soll die Luftqualit\u00e4t in St\u00e4dten verbessern\",\"datePublished\":\"2019-08-13T15:58:03+00:00\",\"dateModified\":\"2022-02-09T10:06:52+00:00\",\"mainEntityOfPage\":{\"@id\":\"https:\\\/\\\/www.organisator.ch\\\/sustainability\\\/2019-08-13\\\/neue-sensorik-soll-die-luftqualitaet-in-staedten-verbessern\\\/\"},\"wordCount\":581,\"commentCount\":0,\"publisher\":{\"@id\":\"https:\\\/\\\/www.organisator.ch\\\/#organization\"},\"image\":{\"@id\":\"https:\\\/\\\/www.organisator.ch\\\/sustainability\\\/2019-08-13\\\/neue-sensorik-soll-die-luftqualitaet-in-staedten-verbessern\\\/#primaryimage\"},\"thumbnailUrl\":\"https:\\\/\\\/www.organisator.ch\\\/wp-content\\\/uploads\\\/2019\\\/08\\\/Co2_Grossstaedte.jpg\",\"keywords\":[\"Europa\",\"Forschungsprojekt\",\"Luftqualit\u00e4t\",\"Sensorik\",\"St\u00e4dte\"],\"articleSection\":[\"SUSTAINABILITY\"],\"inLanguage\":\"de\"},{\"@type\":\"WebPage\",\"@id\":\"https:\\\/\\\/www.organisator.ch\\\/sustainability\\\/2019-08-13\\\/neue-sensorik-soll-die-luftqualitaet-in-staedten-verbessern\\\/\",\"url\":\"https:\\\/\\\/www.organisator.ch\\\/sustainability\\\/2019-08-13\\\/neue-sensorik-soll-die-luftqualitaet-in-staedten-verbessern\\\/\",\"name\":\"Neue Sensorik soll die Luftqualit\u00e4t in St\u00e4dten verbessern - Organisator\",\"isPartOf\":{\"@id\":\"https:\\\/\\\/www.organisator.ch\\\/#website\"},\"primaryImageOfPage\":{\"@id\":\"https:\\\/\\\/www.organisator.ch\\\/sustainability\\\/2019-08-13\\\/neue-sensorik-soll-die-luftqualitaet-in-staedten-verbessern\\\/#primaryimage\"},\"image\":{\"@id\":\"https:\\\/\\\/www.organisator.ch\\\/sustainability\\\/2019-08-13\\\/neue-sensorik-soll-die-luftqualitaet-in-staedten-verbessern\\\/#primaryimage\"},\"thumbnailUrl\":\"https:\\\/\\\/www.organisator.ch\\\/wp-content\\\/uploads\\\/2019\\\/08\\\/Co2_Grossstaedte.jpg\",\"datePublished\":\"2019-08-13T15:58:03+00:00\",\"dateModified\":\"2022-02-09T10:06:52+00:00\",\"description\":\"Die Luftqualit\u00e4t in europ\u00e4ischen St\u00e4dten ist heute eine der gr\u00f6ssten Herausforderungen, unterstreicht das 2020-Forschungsprojekts CARES.\",\"breadcrumb\":{\"@id\":\"https:\\\/\\\/www.organisator.ch\\\/sustainability\\\/2019-08-13\\\/neue-sensorik-soll-die-luftqualitaet-in-staedten-verbessern\\\/#breadcrumb\"},\"inLanguage\":\"de\",\"potentialAction\":[{\"@type\":\"ReadAction\",\"target\":[\"https:\\\/\\\/www.organisator.ch\\\/sustainability\\\/2019-08-13\\\/neue-sensorik-soll-die-luftqualitaet-in-staedten-verbessern\\\/\"]}]},{\"@type\":\"ImageObject\",\"inLanguage\":\"de\",\"@id\":\"https:\\\/\\\/www.organisator.ch\\\/sustainability\\\/2019-08-13\\\/neue-sensorik-soll-die-luftqualitaet-in-staedten-verbessern\\\/#primaryimage\",\"url\":\"https:\\\/\\\/www.organisator.ch\\\/wp-content\\\/uploads\\\/2019\\\/08\\\/Co2_Grossstaedte.jpg\",\"contentUrl\":\"https:\\\/\\\/www.organisator.ch\\\/wp-content\\\/uploads\\\/2019\\\/08\\\/Co2_Grossstaedte.jpg\",\"width\":640,\"height\":427},{\"@type\":\"BreadcrumbList\",\"@id\":\"https:\\\/\\\/www.organisator.ch\\\/sustainability\\\/2019-08-13\\\/neue-sensorik-soll-die-luftqualitaet-in-staedten-verbessern\\\/#breadcrumb\",\"itemListElement\":[{\"@type\":\"ListItem\",\"position\":1,\"name\":\"Home\",\"item\":\"https:\\\/\\\/www.organisator.ch\\\/\"},{\"@type\":\"ListItem\",\"position\":2,\"name\":\"Neue Sensorik soll die Luftqualit\u00e4t in St\u00e4dten verbessern\"}]},{\"@type\":\"WebSite\",\"@id\":\"https:\\\/\\\/www.organisator.ch\\\/#website\",\"url\":\"https:\\\/\\\/www.organisator.ch\\\/\",\"name\":\"Organisator\",\"description\":\"Kompetent. Praxisnah. Der ORGANISATOR bereitet in 10 Ausgaben pro Jahr die wesentlichen Themen f\u00fcr F\u00fchrungskr\u00e4fte von KMU auf.\",\"publisher\":{\"@id\":\"https:\\\/\\\/www.organisator.ch\\\/#organization\"},\"potentialAction\":[{\"@type\":\"SearchAction\",\"target\":{\"@type\":\"EntryPoint\",\"urlTemplate\":\"https:\\\/\\\/www.organisator.ch\\\/?s={search_term_string}\"},\"query-input\":{\"@type\":\"PropertyValueSpecification\",\"valueRequired\":true,\"valueName\":\"search_term_string\"}}],\"inLanguage\":\"de\"},{\"@type\":\"Organization\",\"@id\":\"https:\\\/\\\/www.organisator.ch\\\/#organization\",\"name\":\"Organisator\",\"url\":\"https:\\\/\\\/www.organisator.ch\\\/\",\"logo\":{\"@type\":\"ImageObject\",\"inLanguage\":\"de\",\"@id\":\"https:\\\/\\\/www.organisator.ch\\\/#\\\/schema\\\/logo\\\/image\\\/\",\"url\":\"https:\\\/\\\/www.organisator.ch\\\/wp-content\\\/uploads\\\/2022\\\/01\\\/Logo_Organisator_Website.png\",\"contentUrl\":\"https:\\\/\\\/www.organisator.ch\\\/wp-content\\\/uploads\\\/2022\\\/01\\\/Logo_Organisator_Website.png\",\"width\":800,\"height\":77,\"caption\":\"Organisator\"},\"image\":{\"@id\":\"https:\\\/\\\/www.organisator.ch\\\/#\\\/schema\\\/logo\\\/image\\\/\"},\"sameAs\":[\"https:\\\/\\\/www.facebook.com\\\/OrganisatorFachmagazin\",\"https:\\\/\\\/www.linkedin.com\\\/showcase\\\/organisator-das-magazin-fr-kmu\",\"https:\\\/\\\/www.xing.com\\\/news\\\/pages\\\/organisator-ch-695\",\"https:\\\/\\\/www.youtube.com\\\/channel\\\/UCGP2Sq0iWaZwT3BdIAQFYpw\"]},{\"@type\":\"Person\",\"@id\":\"https:\\\/\\\/www.organisator.ch\\\/#\\\/schema\\\/person\\\/134708ca9321c57b0362cceb7948ffbd\",\"name\":\"michael.merz\",\"image\":{\"@type\":\"ImageObject\",\"inLanguage\":\"de\",\"@id\":\"https:\\\/\\\/secure.gravatar.com\\\/avatar\\\/?s=96&d=mm&r=g\",\"url\":\"https:\\\/\\\/secure.gravatar.com\\\/avatar\\\/?s=96&d=mm&r=g\",\"contentUrl\":\"https:\\\/\\\/secure.gravatar.com\\\/avatar\\\/?s=96&d=mm&r=g\",\"caption\":\"michael.merz\"},\"url\":\"https:\\\/\\\/www.organisator.ch\\\/de\\\/author\\\/michael-merz\\\/\"}]}<\/script>\n<!-- \/ Yoast SEO plugin. -->","yoast_head_json":{"title":"Neue Sensorik soll die Luftqualit\u00e4t in St\u00e4dten verbessern - Organisator","description":"Die Luftqualit\u00e4t in europ\u00e4ischen St\u00e4dten ist heute eine der gr\u00f6ssten Herausforderungen, unterstreicht das 2020-Forschungsprojekts CARES.","robots":{"index":"index","follow":"follow","max-snippet":"max-snippet:-1","max-image-preview":"max-image-preview:large","max-video-preview":"max-video-preview:-1"},"canonical":"https:\/\/www.organisator.ch\/de\/sustainability\/2019-08-13\/neue-sensorik-soll-die-luftqualitaet-in-staedten-verbessern\/","og_locale":"de_DE","og_type":"article","og_title":"Neue Sensorik soll die Luftqualit\u00e4t in St\u00e4dten verbessern - Organisator","og_description":"Die Luftqualit\u00e4t in europ\u00e4ischen St\u00e4dten ist heute eine der gr\u00f6ssten Herausforderungen, unterstreicht das 2020-Forschungsprojekts CARES.","og_url":"https:\/\/www.organisator.ch\/de\/sustainability\/2019-08-13\/neue-sensorik-soll-die-luftqualitaet-in-staedten-verbessern\/","og_site_name":"Organisator","article_publisher":"https:\/\/www.facebook.com\/OrganisatorFachmagazin","article_published_time":"2019-08-13T15:58:03+00:00","article_modified_time":"2022-02-09T10:06:52+00:00","og_image":[{"width":640,"height":427,"url":"https:\/\/www.organisator.ch\/wp-content\/uploads\/2019\/08\/Co2_Grossstaedte.jpg","type":"image\/jpeg"}],"author":"michael.merz","twitter_card":"summary_large_image","schema":{"@context":"https:\/\/schema.org","@graph":[{"@type":"Article","@id":"https:\/\/www.organisator.ch\/sustainability\/2019-08-13\/neue-sensorik-soll-die-luftqualitaet-in-staedten-verbessern\/#article","isPartOf":{"@id":"https:\/\/www.organisator.ch\/sustainability\/2019-08-13\/neue-sensorik-soll-die-luftqualitaet-in-staedten-verbessern\/"},"author":{"name":"michael.merz","@id":"https:\/\/www.organisator.ch\/#\/schema\/person\/134708ca9321c57b0362cceb7948ffbd"},"headline":"Neue Sensorik soll die Luftqualit\u00e4t in St\u00e4dten verbessern","datePublished":"2019-08-13T15:58:03+00:00","dateModified":"2022-02-09T10:06:52+00:00","mainEntityOfPage":{"@id":"https:\/\/www.organisator.ch\/sustainability\/2019-08-13\/neue-sensorik-soll-die-luftqualitaet-in-staedten-verbessern\/"},"wordCount":581,"commentCount":0,"publisher":{"@id":"https:\/\/www.organisator.ch\/#organization"},"image":{"@id":"https:\/\/www.organisator.ch\/sustainability\/2019-08-13\/neue-sensorik-soll-die-luftqualitaet-in-staedten-verbessern\/#primaryimage"},"thumbnailUrl":"https:\/\/www.organisator.ch\/wp-content\/uploads\/2019\/08\/Co2_Grossstaedte.jpg","keywords":["Europa","Forschungsprojekt","Luftqualit\u00e4t","Sensorik","St\u00e4dte"],"articleSection":["SUSTAINABILITY"],"inLanguage":"de"},{"@type":"WebPage","@id":"https:\/\/www.organisator.ch\/sustainability\/2019-08-13\/neue-sensorik-soll-die-luftqualitaet-in-staedten-verbessern\/","url":"https:\/\/www.organisator.ch\/sustainability\/2019-08-13\/neue-sensorik-soll-die-luftqualitaet-in-staedten-verbessern\/","name":"Neue Sensorik soll die Luftqualit\u00e4t in St\u00e4dten verbessern - Organisator","isPartOf":{"@id":"https:\/\/www.organisator.ch\/#website"},"primaryImageOfPage":{"@id":"https:\/\/www.organisator.ch\/sustainability\/2019-08-13\/neue-sensorik-soll-die-luftqualitaet-in-staedten-verbessern\/#primaryimage"},"image":{"@id":"https:\/\/www.organisator.ch\/sustainability\/2019-08-13\/neue-sensorik-soll-die-luftqualitaet-in-staedten-verbessern\/#primaryimage"},"thumbnailUrl":"https:\/\/www.organisator.ch\/wp-content\/uploads\/2019\/08\/Co2_Grossstaedte.jpg","datePublished":"2019-08-13T15:58:03+00:00","dateModified":"2022-02-09T10:06:52+00:00","description":"Die Luftqualit\u00e4t in europ\u00e4ischen St\u00e4dten ist heute eine der gr\u00f6ssten Herausforderungen, unterstreicht das 2020-Forschungsprojekts CARES.","breadcrumb":{"@id":"https:\/\/www.organisator.ch\/sustainability\/2019-08-13\/neue-sensorik-soll-die-luftqualitaet-in-staedten-verbessern\/#breadcrumb"},"inLanguage":"de","potentialAction":[{"@type":"ReadAction","target":["https:\/\/www.organisator.ch\/sustainability\/2019-08-13\/neue-sensorik-soll-die-luftqualitaet-in-staedten-verbessern\/"]}]},{"@type":"ImageObject","inLanguage":"de","@id":"https:\/\/www.organisator.ch\/sustainability\/2019-08-13\/neue-sensorik-soll-die-luftqualitaet-in-staedten-verbessern\/#primaryimage","url":"https:\/\/www.organisator.ch\/wp-content\/uploads\/2019\/08\/Co2_Grossstaedte.jpg","contentUrl":"https:\/\/www.organisator.ch\/wp-content\/uploads\/2019\/08\/Co2_Grossstaedte.jpg","width":640,"height":427},{"@type":"BreadcrumbList","@id":"https:\/\/www.organisator.ch\/sustainability\/2019-08-13\/neue-sensorik-soll-die-luftqualitaet-in-staedten-verbessern\/#breadcrumb","itemListElement":[{"@type":"ListItem","position":1,"name":"Home","item":"https:\/\/www.organisator.ch\/"},{"@type":"ListItem","position":2,"name":"Neue Sensorik soll die Luftqualit\u00e4t in St\u00e4dten verbessern"}]},{"@type":"WebSite","@id":"https:\/\/www.organisator.ch\/#website","url":"https:\/\/www.organisator.ch\/","name":"Organisator","description":"Kompetent. Praxisnah. Der ORGANISATOR bereitet in 10 Ausgaben pro Jahr die wesentlichen Themen f\u00fcr F\u00fchrungskr\u00e4fte von KMU auf.","publisher":{"@id":"https:\/\/www.organisator.ch\/#organization"},"potentialAction":[{"@type":"SearchAction","target":{"@type":"EntryPoint","urlTemplate":"https:\/\/www.organisator.ch\/?s={search_term_string}"},"query-input":{"@type":"PropertyValueSpecification","valueRequired":true,"valueName":"search_term_string"}}],"inLanguage":"de"},{"@type":"Organization","@id":"https:\/\/www.organisator.ch\/#organization","name":"Organisator","url":"https:\/\/www.organisator.ch\/","logo":{"@type":"ImageObject","inLanguage":"de","@id":"https:\/\/www.organisator.ch\/#\/schema\/logo\/image\/","url":"https:\/\/www.organisator.ch\/wp-content\/uploads\/2022\/01\/Logo_Organisator_Website.png","contentUrl":"https:\/\/www.organisator.ch\/wp-content\/uploads\/2022\/01\/Logo_Organisator_Website.png","width":800,"height":77,"caption":"Organisator"},"image":{"@id":"https:\/\/www.organisator.ch\/#\/schema\/logo\/image\/"},"sameAs":["https:\/\/www.facebook.com\/OrganisatorFachmagazin","https:\/\/www.linkedin.com\/showcase\/organisator-das-magazin-fr-kmu","https:\/\/www.xing.com\/news\/pages\/organisator-ch-695","https:\/\/www.youtube.com\/channel\/UCGP2Sq0iWaZwT3BdIAQFYpw"]},{"@type":"Person","@id":"https:\/\/www.organisator.ch\/#\/schema\/person\/134708ca9321c57b0362cceb7948ffbd","name":"michael.merz","image":{"@type":"ImageObject","inLanguage":"de","@id":"https:\/\/secure.gravatar.com\/avatar\/?s=96&d=mm&r=g","url":"https:\/\/secure.gravatar.com\/avatar\/?s=96&d=mm&r=g","contentUrl":"https:\/\/secure.gravatar.com\/avatar\/?s=96&d=mm&r=g","caption":"michael.merz"},"url":"https:\/\/www.organisator.ch\/de\/author\/michael-merz\/"}]}},"_links":{"self":[{"href":"https:\/\/www.organisator.ch\/de\/wp-json\/wp\/v2\/posts\/2375","targetHints":{"allow":["GET"]}}],"collection":[{"href":"https:\/\/www.organisator.ch\/de\/wp-json\/wp\/v2\/posts"}],"about":[{"href":"https:\/\/www.organisator.ch\/de\/wp-json\/wp\/v2\/types\/post"}],"author":[{"embeddable":true,"href":"https:\/\/www.organisator.ch\/de\/wp-json\/wp\/v2\/users\/5"}],"replies":[{"embeddable":true,"href":"https:\/\/www.organisator.ch\/de\/wp-json\/wp\/v2\/comments?post=2375"}],"version-history":[{"count":1,"href":"https:\/\/www.organisator.ch\/de\/wp-json\/wp\/v2\/posts\/2375\/revisions"}],"predecessor-version":[{"id":10696,"href":"https:\/\/www.organisator.ch\/de\/wp-json\/wp\/v2\/posts\/2375\/revisions\/10696"}],"wp:featuredmedia":[{"embeddable":true,"href":"https:\/\/www.organisator.ch\/de\/wp-json\/wp\/v2\/media\/9627"}],"wp:attachment":[{"href":"https:\/\/www.organisator.ch\/de\/wp-json\/wp\/v2\/media?parent=2375"}],"wp:term":[{"taxonomy":"category","embeddable":true,"href":"https:\/\/www.organisator.ch\/de\/wp-json\/wp\/v2\/categories?post=2375"},{"taxonomy":"post_tag","embeddable":true,"href":"https:\/\/www.organisator.ch\/de\/wp-json\/wp\/v2\/tags?post=2375"}],"curies":[{"name":"wp","href":"https:\/\/api.w.org\/{rel}","templated":true}]}}