{"id":23817,"date":"2023-12-12T08:49:10","date_gmt":"2023-12-12T07:49:10","guid":{"rendered":"https:\/\/www.organisator.ch\/?p=23817"},"modified":"2023-12-13T10:57:13","modified_gmt":"2023-12-13T09:57:13","slug":"erster-hr-tag-suedostschweiz-in-chur","status":"publish","type":"post","link":"https:\/\/www.organisator.ch\/de\/human-resources\/2023-12-12\/erster-hr-tag-suedostschweiz-in-chur\/","title":{"rendered":"Erster HR-Tag S\u00fcdostschweiz in Chur"},"content":{"rendered":"<figure id=\"attachment_23819\" class=\"wp-caption alignnone\" style=\"width: 680px;\" aria-describedby=\"caption-attachment-23819\"><img class=\"wp-image-23819 size-full\" src=\"https:\/\/www.organisator.ch\/wp-content\/uploads\/2023\/12\/HR-Tag_Bild1_ps.jpg\" sizes=\"(max-width: 680px) 100vw, 680px\" srcset=\"https:\/\/www.organisator.ch\/wp-content\/uploads\/2023\/12\/HR-Tag_Bild1_ps.jpg 680w, https:\/\/www.organisator.ch\/wp-content\/uploads\/2023\/12\/HR-Tag_Bild1_ps-18x12.jpg 18w, https:\/\/www.organisator.ch\/wp-content\/uploads\/2023\/12\/HR-Tag_Bild1_ps-375x251.jpg 375w, https:\/\/www.organisator.ch\/wp-content\/uploads\/2023\/12\/HR-Tag_Bild1_ps-522x350.jpg 522w\" alt=\"\" width=\"680\" height=\"456\" \/>\r\n<figcaption id=\"caption-attachment-23819\" class=\"wp-caption-text\">Der erste HR-Tag S\u00fcdostschweiz findet am 7. M\u00e4rz 2024, im GKB-Auditorium in Chur statt. (Bild: www.depositphotos.com)<\/figcaption>\r\n<\/figure>\r\n<p>Die demografische Entwicklung in der Schweiz birgt entscheidende Herausforderungen: Bis 2030 gehen die geburtenstarken Jahrg\u00e4nge der Baby-Boomer in den Ruhestand, w\u00e4hrend vergleichsweise weniger Menschen in die Arbeitswelt eintreten. Diese Verschiebung wird zu einer drastischen Reduzierung der Arbeitnehmerschaft f\u00fchren. Zugleich steht die digitale Transformation bevor, die einer Industriellen Revolution gleichkommt. Insbesondere f\u00fcr die Millennials gewinnt der Sinn in der Arbeit an Bedeutung, gepaart mit Werten wie Individualit\u00e4t und Selbstverwirklichung.<\/p>\r\n<h3><strong>Neue Herausforderungen f\u00fcr Arbeitgeber <\/strong><\/h3>\r\n<p>Traditionelle Unternehmenskomponenten wie Tr\u00e4gheit gegen\u00fcber Ver\u00e4nderungen, hierarchische Strukturen und transaktionale F\u00fchrungsstile stossen bei der jungen Generation auf Ablehnung. Arbeitgeber stehen vor der Aufgabe, ihre Personalgewinnung, -haltung sowie Kundenakquise und -pflege an die Bed\u00fcrfnisse dieser neuen Generation anzupassen. Es wird deutlich, dass die Neuausrichtung des Wertangebots der Arbeitgeber an die Anforderungen der neuen Generation von entscheidender Bedeutung ist. Die herk\u00f6mmliche Personalarbeit muss sich daher neu erfinden.<\/p>\r\n<p>In diesem Kontext wurde der HR-Tag S\u00fcdostschweiz ins Leben gerufen. Das Ziel der ersten Personalfachtagung in Chur ist es, Personalfachleute, HR-Spezialisten sowie F\u00fchrungskr\u00e4fte von KMU zusammenzubringen. Gemeinsam sollen aktuelle und grundlegende Fragen der Personalwelt diskutiert werden. Der erste HR-Tag S\u00fcdostschweiz findet am 7. M\u00e4rz 2024, um 13.30 Uhr bis 18.30 Uhr inkl. Networkingap\u00e9ro im GKB-Auditorium in Chur statt und wurde von der Galledia Event AG in Kooperation mit der Somedia AG ins Leben gerufen.<\/p>\r\n<h3><strong>Branchenexpertise und Erfolgsgeschichten<\/strong><\/h3>\r\n<p>Zu den Referenten geh\u00f6rt unter anderem J\u00f6rg Buckmann, ein Experte auf dem Gebiet der Konzeption, des Schreibens, Redens, Bloggens und Podcastens. Sein Fokus liegt darauf, Arbeitgeber dabei zu unterst\u00fctzen, ihre Vorz\u00fcge klar und inspirierend zu pr\u00e4sentieren, um Talente effektiv anzusprechen.<\/p>\r\n<p>Tina E. L. Dyck, Gesch\u00e4ftspartnerin der Mental Drive GmbH bringt ihre Expertise aus dem internationalen Leistungssport ein und entwickelt mentale Erfolgsregeln, die sich auch in der Arbeitswelt als relevant erweisen.<\/p>\r\n<p>Raphael Herzog, von Karl Wild zum diesj\u00e4hrigen \u00abHotelier des Jahres\u00bb ernannt, pr\u00e4sentiert seine Erfolgsstrategie f\u00fcr das Hotel Vitznauerhof. Seine Geschichte verdeutlicht die Bedeutung von Teamwork und innovativem Vorgehen.<\/p>\r\n<p>Christoph Kohler, Gr\u00fcndungspartner der Avenir Group, verf\u00fcgt \u00fcber langj\u00e4hrige Erfahrung im Bereich Consulting, Assessment und strategischem Personalmanagement. Seine Expertise spiegelt sich auch in seiner Dozentent\u00e4tigkeit an verschiedenen Fachhochschulen wider.<\/p>\r\n<p>In der Talkrunde treten Vertreter der Millennial Boards der GKB, \u00d6KK, Fanzun und Toursimus GR auf. Sie vertreten am HR-Tag S\u00fcdostschweiz die junge Generation und zeigen auf, wie sie auch ohne hierarchische Position in einem Unternehmen mitgestalten k\u00f6nnen.<\/p>\r\n<p>Die Veranstaltung bietet zudem Raum f\u00fcr Diskussionen und Networking im Bereich HR. Die Moderation der Veranstaltung wird von Gianna Meier von der GKB sowie Stefan N\u00e4geli von TV S\u00fcdostschweiz \u00fcbernommen, der sich dem \u00abMillennial-Talk\u00bb widmet.<\/p>\r\n<p><em>Quelle und weitere Informationen: <a href=\"https:\/\/www.hr-tag.ch\/\">www.hr-tag.ch<\/a><\/em><\/p>","protected":false},"excerpt":{"rendered":"<p>Am 7. M\u00e4rz 2024 findet im GKB-Auditorium in Chur der erste HR-Tag S\u00fcdostschweiz statt. Am HR-Tag werden J\u00f6rg Buckmann, Tina E. L. Dyck, Raphael Herzog, Christoph Kohler sowie Vertreter von verschiedenen Millennial Boards spannende Einblicke in die Herausforderungen der aktuellen Arbeitswelt bieten.<\/p>\n","protected":false},"author":58,"featured_media":23819,"comment_status":"closed","ping_status":"closed","sticky":false,"template":"","format":"standard","meta":{"_acf_changed":false,"_yoast_wpseo_focuskw":"HR-Tag","_yoast_wpseo_metadesc":"Am 7. M\u00e4rz 2024 findet im GKB-Auditorium in Chur der erste HR-Tag S\u00fcdostschweiz statt.","articlekey":"","footnotes":""},"categories":[579],"tags":[3506,2694,424,492,502],"class_list":["post-23817","post","type-post","status-publish","format-standard","has-post-thumbnail","hentry","category-human-resources","tag-human-resources","tag-personaltag","tag-schweiz","tag-unternehmen","tag-veranstaltungen"],"acf":[],"yoast_head":"<!-- This site is optimized with the Yoast SEO plugin v27.5 - https:\/\/yoast.com\/product\/yoast-seo-wordpress\/ -->\n<title>Erster HR-Tag S\u00fcdostschweiz in Chur - Organisator<\/title>\n<meta name=\"description\" content=\"Am 7. M\u00e4rz 2024 findet im GKB-Auditorium in Chur der erste HR-Tag S\u00fcdostschweiz statt.\" \/>\n<meta name=\"robots\" content=\"index, follow, max-snippet:-1, max-image-preview:large, max-video-preview:-1\" \/>\n<link rel=\"canonical\" href=\"https:\/\/www.organisator.ch\/de\/human-resources\/2023-12-12\/erster-hr-tag-suedostschweiz-in-chur\/\" \/>\n<meta property=\"og:locale\" content=\"de_DE\" \/>\n<meta property=\"og:type\" content=\"article\" \/>\n<meta property=\"og:title\" content=\"Erster HR-Tag S\u00fcdostschweiz in Chur\" \/>\n<meta property=\"og:description\" content=\"Am 7. M\u00e4rz 2024 findet im GKB-Auditorium in Chur der erste HR-Tag S\u00fcdostschweiz statt.\" \/>\n<meta property=\"og:url\" content=\"https:\/\/www.organisator.ch\/de\/human-resources\/2023-12-12\/erster-hr-tag-suedostschweiz-in-chur\/\" \/>\n<meta property=\"og:site_name\" content=\"Organisator\" \/>\n<meta property=\"article:publisher\" content=\"https:\/\/www.facebook.com\/OrganisatorFachmagazin\" \/>\n<meta property=\"article:published_time\" content=\"2023-12-12T07:49:10+00:00\" \/>\n<meta property=\"article:modified_time\" content=\"2023-12-13T09:57:13+00:00\" \/>\n<meta property=\"og:image\" content=\"https:\/\/www.organisator.ch\/wp-content\/uploads\/2023\/12\/HR-Tag_Bild1_ps.jpg\" \/>\n\t<meta property=\"og:image:width\" content=\"680\" \/>\n\t<meta property=\"og:image:height\" content=\"456\" \/>\n\t<meta property=\"og:image:type\" content=\"image\/jpeg\" \/>\n<meta name=\"author\" content=\"Adelisa Kalajdzini\" \/>\n<meta name=\"twitter:card\" content=\"summary_large_image\" \/>\n<meta name=\"twitter:title\" content=\"Erster HR-Tag S\u00fcdostschweiz in Chur\" \/>\n<meta name=\"twitter:description\" content=\"Am 7. M\u00e4rz 2024 findet im #GKB-Auditorium in #Chur der erste #HR-Tag #S\u00fcdostschweiz statt.\" \/>\n<meta name=\"twitter:image\" content=\"https:\/\/www.organisator.ch\/wp-content\/uploads\/2023\/12\/HR-Tag_Bild1_ps.jpg\" \/>\n<script type=\"application\/ld+json\" class=\"yoast-schema-graph\">{\"@context\":\"https:\\\/\\\/schema.org\",\"@graph\":[{\"@type\":\"Article\",\"@id\":\"https:\\\/\\\/www.organisator.ch\\\/human-resources\\\/2023-12-12\\\/erster-hr-tag-suedostschweiz-in-chur\\\/#article\",\"isPartOf\":{\"@id\":\"https:\\\/\\\/www.organisator.ch\\\/human-resources\\\/2023-12-12\\\/erster-hr-tag-suedostschweiz-in-chur\\\/\"},\"author\":{\"name\":\"Adelisa Kalajdzini\",\"@id\":\"https:\\\/\\\/www.organisator.ch\\\/#\\\/schema\\\/person\\\/2e1314a2172123f874db408d8911d3f3\"},\"headline\":\"Erster HR-Tag S\u00fcdostschweiz in Chur\",\"datePublished\":\"2023-12-12T07:49:10+00:00\",\"dateModified\":\"2023-12-13T09:57:13+00:00\",\"mainEntityOfPage\":{\"@id\":\"https:\\\/\\\/www.organisator.ch\\\/human-resources\\\/2023-12-12\\\/erster-hr-tag-suedostschweiz-in-chur\\\/\"},\"wordCount\":476,\"publisher\":{\"@id\":\"https:\\\/\\\/www.organisator.ch\\\/#organization\"},\"image\":{\"@id\":\"https:\\\/\\\/www.organisator.ch\\\/human-resources\\\/2023-12-12\\\/erster-hr-tag-suedostschweiz-in-chur\\\/#primaryimage\"},\"thumbnailUrl\":\"https:\\\/\\\/www.organisator.ch\\\/wp-content\\\/uploads\\\/2023\\\/12\\\/HR-Tag_Bild1_ps.jpg\",\"keywords\":[\"Human Resources\",\"Personaltag\",\"Schweiz\",\"Unternehmen\",\"Veranstaltungen\"],\"articleSection\":[\"HUMAN RESOURCES\"],\"inLanguage\":\"de\"},{\"@type\":\"WebPage\",\"@id\":\"https:\\\/\\\/www.organisator.ch\\\/human-resources\\\/2023-12-12\\\/erster-hr-tag-suedostschweiz-in-chur\\\/\",\"url\":\"https:\\\/\\\/www.organisator.ch\\\/human-resources\\\/2023-12-12\\\/erster-hr-tag-suedostschweiz-in-chur\\\/\",\"name\":\"Erster HR-Tag S\u00fcdostschweiz in Chur - Organisator\",\"isPartOf\":{\"@id\":\"https:\\\/\\\/www.organisator.ch\\\/#website\"},\"primaryImageOfPage\":{\"@id\":\"https:\\\/\\\/www.organisator.ch\\\/human-resources\\\/2023-12-12\\\/erster-hr-tag-suedostschweiz-in-chur\\\/#primaryimage\"},\"image\":{\"@id\":\"https:\\\/\\\/www.organisator.ch\\\/human-resources\\\/2023-12-12\\\/erster-hr-tag-suedostschweiz-in-chur\\\/#primaryimage\"},\"thumbnailUrl\":\"https:\\\/\\\/www.organisator.ch\\\/wp-content\\\/uploads\\\/2023\\\/12\\\/HR-Tag_Bild1_ps.jpg\",\"datePublished\":\"2023-12-12T07:49:10+00:00\",\"dateModified\":\"2023-12-13T09:57:13+00:00\",\"description\":\"Am 7. M\u00e4rz 2024 findet im GKB-Auditorium in Chur der erste HR-Tag S\u00fcdostschweiz statt.\",\"breadcrumb\":{\"@id\":\"https:\\\/\\\/www.organisator.ch\\\/human-resources\\\/2023-12-12\\\/erster-hr-tag-suedostschweiz-in-chur\\\/#breadcrumb\"},\"inLanguage\":\"de\",\"potentialAction\":[{\"@type\":\"ReadAction\",\"target\":[\"https:\\\/\\\/www.organisator.ch\\\/human-resources\\\/2023-12-12\\\/erster-hr-tag-suedostschweiz-in-chur\\\/\"]}]},{\"@type\":\"ImageObject\",\"inLanguage\":\"de\",\"@id\":\"https:\\\/\\\/www.organisator.ch\\\/human-resources\\\/2023-12-12\\\/erster-hr-tag-suedostschweiz-in-chur\\\/#primaryimage\",\"url\":\"https:\\\/\\\/www.organisator.ch\\\/wp-content\\\/uploads\\\/2023\\\/12\\\/HR-Tag_Bild1_ps.jpg\",\"contentUrl\":\"https:\\\/\\\/www.organisator.ch\\\/wp-content\\\/uploads\\\/2023\\\/12\\\/HR-Tag_Bild1_ps.jpg\",\"width\":680,\"height\":456,\"caption\":\"Der erste HR-Tag S\u00fcdostschweiz findet am 7. M\u00e4rz 2024, im GKB-Auditorium in Chur statt. (Bild: www.depositphotos.com)\"},{\"@type\":\"BreadcrumbList\",\"@id\":\"https:\\\/\\\/www.organisator.ch\\\/human-resources\\\/2023-12-12\\\/erster-hr-tag-suedostschweiz-in-chur\\\/#breadcrumb\",\"itemListElement\":[{\"@type\":\"ListItem\",\"position\":1,\"name\":\"Home\",\"item\":\"https:\\\/\\\/www.organisator.ch\\\/\"},{\"@type\":\"ListItem\",\"position\":2,\"name\":\"Erster HR-Tag S\u00fcdostschweiz in Chur\"}]},{\"@type\":\"WebSite\",\"@id\":\"https:\\\/\\\/www.organisator.ch\\\/#website\",\"url\":\"https:\\\/\\\/www.organisator.ch\\\/\",\"name\":\"Organisator\",\"description\":\"Kompetent. Praxisnah. Der ORGANISATOR bereitet in 10 Ausgaben pro Jahr die wesentlichen Themen f\u00fcr F\u00fchrungskr\u00e4fte von KMU auf.\",\"publisher\":{\"@id\":\"https:\\\/\\\/www.organisator.ch\\\/#organization\"},\"potentialAction\":[{\"@type\":\"SearchAction\",\"target\":{\"@type\":\"EntryPoint\",\"urlTemplate\":\"https:\\\/\\\/www.organisator.ch\\\/?s={search_term_string}\"},\"query-input\":{\"@type\":\"PropertyValueSpecification\",\"valueRequired\":true,\"valueName\":\"search_term_string\"}}],\"inLanguage\":\"de\"},{\"@type\":\"Organization\",\"@id\":\"https:\\\/\\\/www.organisator.ch\\\/#organization\",\"name\":\"Organisator\",\"url\":\"https:\\\/\\\/www.organisator.ch\\\/\",\"logo\":{\"@type\":\"ImageObject\",\"inLanguage\":\"de\",\"@id\":\"https:\\\/\\\/www.organisator.ch\\\/#\\\/schema\\\/logo\\\/image\\\/\",\"url\":\"https:\\\/\\\/www.organisator.ch\\\/wp-content\\\/uploads\\\/2022\\\/01\\\/Logo_Organisator_Website.png\",\"contentUrl\":\"https:\\\/\\\/www.organisator.ch\\\/wp-content\\\/uploads\\\/2022\\\/01\\\/Logo_Organisator_Website.png\",\"width\":800,\"height\":77,\"caption\":\"Organisator\"},\"image\":{\"@id\":\"https:\\\/\\\/www.organisator.ch\\\/#\\\/schema\\\/logo\\\/image\\\/\"},\"sameAs\":[\"https:\\\/\\\/www.facebook.com\\\/OrganisatorFachmagazin\",\"https:\\\/\\\/www.linkedin.com\\\/showcase\\\/organisator-das-magazin-fr-kmu\",\"https:\\\/\\\/www.xing.com\\\/news\\\/pages\\\/organisator-ch-695\",\"https:\\\/\\\/www.youtube.com\\\/channel\\\/UCGP2Sq0iWaZwT3BdIAQFYpw\"]},{\"@type\":\"Person\",\"@id\":\"https:\\\/\\\/www.organisator.ch\\\/#\\\/schema\\\/person\\\/2e1314a2172123f874db408d8911d3f3\",\"name\":\"Adelisa Kalajdzini\",\"image\":{\"@type\":\"ImageObject\",\"inLanguage\":\"de\",\"@id\":\"https:\\\/\\\/secure.gravatar.com\\\/avatar\\\/09a397c22ac58cad6f160ee8306348599df9df58a8ede73696226897b9fa4b24?s=96&d=mm&r=g\",\"url\":\"https:\\\/\\\/secure.gravatar.com\\\/avatar\\\/09a397c22ac58cad6f160ee8306348599df9df58a8ede73696226897b9fa4b24?s=96&d=mm&r=g\",\"contentUrl\":\"https:\\\/\\\/secure.gravatar.com\\\/avatar\\\/09a397c22ac58cad6f160ee8306348599df9df58a8ede73696226897b9fa4b24?s=96&d=mm&r=g\",\"caption\":\"Adelisa Kalajdzini\"},\"url\":\"https:\\\/\\\/www.organisator.ch\\\/de\\\/author\\\/adelisa-kalajdzini\\\/\"}]}<\/script>\n<!-- \/ Yoast SEO plugin. -->","yoast_head_json":{"title":"Erster HR-Tag S\u00fcdostschweiz in Chur - Organisator","description":"Am 7. M\u00e4rz 2024 findet im GKB-Auditorium in Chur der erste HR-Tag S\u00fcdostschweiz statt.","robots":{"index":"index","follow":"follow","max-snippet":"max-snippet:-1","max-image-preview":"max-image-preview:large","max-video-preview":"max-video-preview:-1"},"canonical":"https:\/\/www.organisator.ch\/de\/human-resources\/2023-12-12\/erster-hr-tag-suedostschweiz-in-chur\/","og_locale":"de_DE","og_type":"article","og_title":"Erster HR-Tag S\u00fcdostschweiz in Chur","og_description":"Am 7. M\u00e4rz 2024 findet im GKB-Auditorium in Chur der erste HR-Tag S\u00fcdostschweiz statt.","og_url":"https:\/\/www.organisator.ch\/de\/human-resources\/2023-12-12\/erster-hr-tag-suedostschweiz-in-chur\/","og_site_name":"Organisator","article_publisher":"https:\/\/www.facebook.com\/OrganisatorFachmagazin","article_published_time":"2023-12-12T07:49:10+00:00","article_modified_time":"2023-12-13T09:57:13+00:00","og_image":[{"width":680,"height":456,"url":"https:\/\/www.organisator.ch\/wp-content\/uploads\/2023\/12\/HR-Tag_Bild1_ps.jpg","type":"image\/jpeg"}],"author":"Adelisa Kalajdzini","twitter_card":"summary_large_image","twitter_title":"Erster HR-Tag S\u00fcdostschweiz in Chur","twitter_description":"Am 7. M\u00e4rz 2024 findet im #GKB-Auditorium in #Chur der erste #HR-Tag #S\u00fcdostschweiz statt.","twitter_image":"https:\/\/www.organisator.ch\/wp-content\/uploads\/2023\/12\/HR-Tag_Bild1_ps.jpg","schema":{"@context":"https:\/\/schema.org","@graph":[{"@type":"Article","@id":"https:\/\/www.organisator.ch\/human-resources\/2023-12-12\/erster-hr-tag-suedostschweiz-in-chur\/#article","isPartOf":{"@id":"https:\/\/www.organisator.ch\/human-resources\/2023-12-12\/erster-hr-tag-suedostschweiz-in-chur\/"},"author":{"name":"Adelisa Kalajdzini","@id":"https:\/\/www.organisator.ch\/#\/schema\/person\/2e1314a2172123f874db408d8911d3f3"},"headline":"Erster HR-Tag S\u00fcdostschweiz in Chur","datePublished":"2023-12-12T07:49:10+00:00","dateModified":"2023-12-13T09:57:13+00:00","mainEntityOfPage":{"@id":"https:\/\/www.organisator.ch\/human-resources\/2023-12-12\/erster-hr-tag-suedostschweiz-in-chur\/"},"wordCount":476,"publisher":{"@id":"https:\/\/www.organisator.ch\/#organization"},"image":{"@id":"https:\/\/www.organisator.ch\/human-resources\/2023-12-12\/erster-hr-tag-suedostschweiz-in-chur\/#primaryimage"},"thumbnailUrl":"https:\/\/www.organisator.ch\/wp-content\/uploads\/2023\/12\/HR-Tag_Bild1_ps.jpg","keywords":["Human Resources","Personaltag","Schweiz","Unternehmen","Veranstaltungen"],"articleSection":["HUMAN RESOURCES"],"inLanguage":"de"},{"@type":"WebPage","@id":"https:\/\/www.organisator.ch\/human-resources\/2023-12-12\/erster-hr-tag-suedostschweiz-in-chur\/","url":"https:\/\/www.organisator.ch\/human-resources\/2023-12-12\/erster-hr-tag-suedostschweiz-in-chur\/","name":"Erster HR-Tag S\u00fcdostschweiz in Chur - Organisator","isPartOf":{"@id":"https:\/\/www.organisator.ch\/#website"},"primaryImageOfPage":{"@id":"https:\/\/www.organisator.ch\/human-resources\/2023-12-12\/erster-hr-tag-suedostschweiz-in-chur\/#primaryimage"},"image":{"@id":"https:\/\/www.organisator.ch\/human-resources\/2023-12-12\/erster-hr-tag-suedostschweiz-in-chur\/#primaryimage"},"thumbnailUrl":"https:\/\/www.organisator.ch\/wp-content\/uploads\/2023\/12\/HR-Tag_Bild1_ps.jpg","datePublished":"2023-12-12T07:49:10+00:00","dateModified":"2023-12-13T09:57:13+00:00","description":"Am 7. M\u00e4rz 2024 findet im GKB-Auditorium in Chur der erste HR-Tag S\u00fcdostschweiz statt.","breadcrumb":{"@id":"https:\/\/www.organisator.ch\/human-resources\/2023-12-12\/erster-hr-tag-suedostschweiz-in-chur\/#breadcrumb"},"inLanguage":"de","potentialAction":[{"@type":"ReadAction","target":["https:\/\/www.organisator.ch\/human-resources\/2023-12-12\/erster-hr-tag-suedostschweiz-in-chur\/"]}]},{"@type":"ImageObject","inLanguage":"de","@id":"https:\/\/www.organisator.ch\/human-resources\/2023-12-12\/erster-hr-tag-suedostschweiz-in-chur\/#primaryimage","url":"https:\/\/www.organisator.ch\/wp-content\/uploads\/2023\/12\/HR-Tag_Bild1_ps.jpg","contentUrl":"https:\/\/www.organisator.ch\/wp-content\/uploads\/2023\/12\/HR-Tag_Bild1_ps.jpg","width":680,"height":456,"caption":"Der erste HR-Tag S\u00fcdostschweiz findet am 7. M\u00e4rz 2024, im GKB-Auditorium in Chur statt. (Bild: www.depositphotos.com)"},{"@type":"BreadcrumbList","@id":"https:\/\/www.organisator.ch\/human-resources\/2023-12-12\/erster-hr-tag-suedostschweiz-in-chur\/#breadcrumb","itemListElement":[{"@type":"ListItem","position":1,"name":"Home","item":"https:\/\/www.organisator.ch\/"},{"@type":"ListItem","position":2,"name":"Erster HR-Tag S\u00fcdostschweiz in Chur"}]},{"@type":"WebSite","@id":"https:\/\/www.organisator.ch\/#website","url":"https:\/\/www.organisator.ch\/","name":"Organisator","description":"Kompetent. Praxisnah. Der ORGANISATOR bereitet in 10 Ausgaben pro Jahr die wesentlichen Themen f\u00fcr F\u00fchrungskr\u00e4fte von KMU auf.","publisher":{"@id":"https:\/\/www.organisator.ch\/#organization"},"potentialAction":[{"@type":"SearchAction","target":{"@type":"EntryPoint","urlTemplate":"https:\/\/www.organisator.ch\/?s={search_term_string}"},"query-input":{"@type":"PropertyValueSpecification","valueRequired":true,"valueName":"search_term_string"}}],"inLanguage":"de"},{"@type":"Organization","@id":"https:\/\/www.organisator.ch\/#organization","name":"Organisator","url":"https:\/\/www.organisator.ch\/","logo":{"@type":"ImageObject","inLanguage":"de","@id":"https:\/\/www.organisator.ch\/#\/schema\/logo\/image\/","url":"https:\/\/www.organisator.ch\/wp-content\/uploads\/2022\/01\/Logo_Organisator_Website.png","contentUrl":"https:\/\/www.organisator.ch\/wp-content\/uploads\/2022\/01\/Logo_Organisator_Website.png","width":800,"height":77,"caption":"Organisator"},"image":{"@id":"https:\/\/www.organisator.ch\/#\/schema\/logo\/image\/"},"sameAs":["https:\/\/www.facebook.com\/OrganisatorFachmagazin","https:\/\/www.linkedin.com\/showcase\/organisator-das-magazin-fr-kmu","https:\/\/www.xing.com\/news\/pages\/organisator-ch-695","https:\/\/www.youtube.com\/channel\/UCGP2Sq0iWaZwT3BdIAQFYpw"]},{"@type":"Person","@id":"https:\/\/www.organisator.ch\/#\/schema\/person\/2e1314a2172123f874db408d8911d3f3","name":"Adelisa Kalajdzini","image":{"@type":"ImageObject","inLanguage":"de","@id":"https:\/\/secure.gravatar.com\/avatar\/09a397c22ac58cad6f160ee8306348599df9df58a8ede73696226897b9fa4b24?s=96&d=mm&r=g","url":"https:\/\/secure.gravatar.com\/avatar\/09a397c22ac58cad6f160ee8306348599df9df58a8ede73696226897b9fa4b24?s=96&d=mm&r=g","contentUrl":"https:\/\/secure.gravatar.com\/avatar\/09a397c22ac58cad6f160ee8306348599df9df58a8ede73696226897b9fa4b24?s=96&d=mm&r=g","caption":"Adelisa Kalajdzini"},"url":"https:\/\/www.organisator.ch\/de\/author\/adelisa-kalajdzini\/"}]}},"_links":{"self":[{"href":"https:\/\/www.organisator.ch\/de\/wp-json\/wp\/v2\/posts\/23817","targetHints":{"allow":["GET"]}}],"collection":[{"href":"https:\/\/www.organisator.ch\/de\/wp-json\/wp\/v2\/posts"}],"about":[{"href":"https:\/\/www.organisator.ch\/de\/wp-json\/wp\/v2\/types\/post"}],"author":[{"embeddable":true,"href":"https:\/\/www.organisator.ch\/de\/wp-json\/wp\/v2\/users\/58"}],"replies":[{"embeddable":true,"href":"https:\/\/www.organisator.ch\/de\/wp-json\/wp\/v2\/comments?post=23817"}],"version-history":[{"count":9,"href":"https:\/\/www.organisator.ch\/de\/wp-json\/wp\/v2\/posts\/23817\/revisions"}],"predecessor-version":[{"id":23884,"href":"https:\/\/www.organisator.ch\/de\/wp-json\/wp\/v2\/posts\/23817\/revisions\/23884"}],"wp:featuredmedia":[{"embeddable":true,"href":"https:\/\/www.organisator.ch\/de\/wp-json\/wp\/v2\/media\/23819"}],"wp:attachment":[{"href":"https:\/\/www.organisator.ch\/de\/wp-json\/wp\/v2\/media?parent=23817"}],"wp:term":[{"taxonomy":"category","embeddable":true,"href":"https:\/\/www.organisator.ch\/de\/wp-json\/wp\/v2\/categories?post=23817"},{"taxonomy":"post_tag","embeddable":true,"href":"https:\/\/www.organisator.ch\/de\/wp-json\/wp\/v2\/tags?post=23817"}],"curies":[{"name":"wp","href":"https:\/\/api.w.org\/{rel}","templated":true}]}}