{"id":2382,"date":"2017-09-01T09:26:41","date_gmt":"2017-09-01T07:26:41","guid":{"rendered":"https:\/\/www.organisator.ch\/?p=2382"},"modified":"2017-09-01T09:26:41","modified_gmt":"2017-09-01T07:26:41","slug":"die-sieben-handlungsfelder-der-digitalisierung","status":"publish","type":"post","link":"https:\/\/www.organisator.ch\/de\/management\/2017-09-01\/die-sieben-handlungsfelder-der-digitalisierung\/","title":{"rendered":"Die sieben Handlungsfelder der Digitalisierung"},"content":{"rendered":"<figure id=\"attachment_2383\" aria-describedby=\"caption-attachment-2383\" style=\"width: 640px\" class=\"wp-caption alignnone\"><img loading=\"lazy\" decoding=\"async\" class=\"size-full wp-image-2383\" src=\"https:\/\/www.organisator.ch\/wp-content\/uploads\/2017\/09\/Die-sieben-Handlungsfelder-der-Digitalisierung_Organisator.jpg\" alt=\"\" width=\"640\" height=\"427\" srcset=\"https:\/\/www.organisator.ch\/wp-content\/uploads\/2017\/09\/Die-sieben-Handlungsfelder-der-Digitalisierung_Organisator.jpg 640w, https:\/\/www.organisator.ch\/wp-content\/uploads\/2017\/09\/Die-sieben-Handlungsfelder-der-Digitalisierung_Organisator-16x12.jpg 16w, https:\/\/www.organisator.ch\/wp-content\/uploads\/2017\/09\/Die-sieben-Handlungsfelder-der-Digitalisierung_Organisator-262x175.jpg 262w, https:\/\/www.organisator.ch\/wp-content\/uploads\/2017\/09\/Die-sieben-Handlungsfelder-der-Digitalisierung_Organisator-525x350.jpg 525w, https:\/\/www.organisator.ch\/wp-content\/uploads\/2017\/09\/Die-sieben-Handlungsfelder-der-Digitalisierung_Organisator-300x200.jpg 300w\" sizes=\"auto, (max-width: 640px) 100vw, 640px\" \/><figcaption id=\"caption-attachment-2383\" class=\"wp-caption-text\">&#8222;Total digital&#8220; am Digital Summit f\u00fcr KMU: Doch wo liegen die entscheidenden Handlungsfelder der Digitalisierung? Eine Studie lieferte erste Antworten. (Foto: Pressedienst Digital Summit)<\/figcaption><\/figure>\n<p>Der erste Digital Summit f\u00fcr KMU war mit \u00fcber 550 Teilnehmenden restlos ausgebucht. Dies zeigte, wie hoch der Informationsbedarf von kleineren und mittleren Unternehmen im Zusammenhang mit der digitalen Transformation nach wie vor ist. Der Anlass bot den Besuchern neben 20 Keynotes 42 Lernwerkst\u00e4tten zu den unterschiedlichsten Themen rund um die Digitalisierung.<\/p>\n<h2>Der wahre Gehalt der Digitalisierung<\/h2>\n<p>Wie es um die digitale Transformation in KMU steht untersuchte auch die FHNW im Auftrag von Postfinance. Im November dieses Jahres sollen die detaillierten Ergebnisse ver\u00f6ffentlicht werden. Die Autoren der Studie, Dr. Marc K. Peter (FHNW) und Patrik Vonlanthen (Postfinance), pr\u00e4sentierten den Anwesenden aber schon mal erste Resultate. Sie schickten voraus, dass immer noch viele Unternehmen vergessen, worum es bei der digitalen Transformation grunds\u00e4tzlich geht: n\u00e4mlich im digitalen Zeitalter eine wettbewerbsf\u00e4hige Position zu finden. Ein Ziel der Studie bestand darin, den Unternehmen Handlungsfelder der Digitalisierung aufzuzeigen.<\/p>\n<h2>Viele Aktivit\u00e4ten, wenig Zufriedenheit<\/h2>\n<p>Die Befragung einer repr\u00e4sentativen Stichprobe von KMU zeigte, dass bereits viele Unternehmen Technologien und Prozesse f\u00fcr einen besseren Kundennutzen einsetzen. F\u00fcr 85 der Befragten hat die digitale Transformation konkrete Auswirkungen, 70 Prozent haben entsprechend konkrete Projekte in der Pipeline. Erstaunlich ist allerdings: Nur 30 Prozent zeigen sich mit dem Fortgang und den Entwicklungen der Digitalisierung auch wirklich zufrieden.<\/p>\n<p>Die Studie f\u00f6rderte auch zu Tage, als wie wichtig Unternehmen ihre Kultur bewerten. Vor allem F\u00fchrungskr\u00e4fte m\u00fcssten innovativer werden und mehr auf intrinsische Motivation ihrer Angestellten setzen. Von den Mitarbeitenden wird zudem erwartet, dass sie neue Arbeitsformen besser annehmen m\u00fcssen.<\/p>\n<h2>Sieben Handlungsfelder der Digitalisierung und Empfehlungen<\/h2>\n<p>Aus den Ergebnissen leiteten die Studienautoren die folgenden sieben Handlungsfelder der Digitalisierung ab:<\/p>\n<ol>\n<li>Konstante Kundenorientierung<\/li>\n<li>Neue Strategien und Gesch\u00e4ftsmodelle<\/li>\n<li>Neue Ans\u00e4tze in F\u00fchrung und Kultur<\/li>\n<li>Optimierte Arbeitsabl\u00e4ufe<\/li>\n<li>Digitales Marketing<\/li>\n<li>Neue Technologien wie z.B. Internet of Things<\/li>\n<li>Cloud &amp; Daten, d.h. moderne IT-Infrastruktur<\/li>\n<\/ol>\n<p>Als Empfehlungen legten die beiden Referenten den Zuh\u00f6rern folgende Punkte ans Herz:<\/p>\n<ul>\n<li>Maturit\u00e4tsmodelle (wie z.B. jenes der Universit\u00e4t St.Gallen) sollen genutzt werden, um den \u201edigitalen Reifegrad\u201c des eigenen Unternehmens zu erschliessen<\/li>\n<li>Die oben erw\u00e4hnten sieben Handlungsfelder sollen genutzt werden, um die eigene Transformation in die Wege zu leiten<\/li>\n<li>Priorit\u00e4ten definieren und einen Plan bzw. eine Strategie entwickeln<\/li>\n<li>Barrieren und Risiken identifizieren und minimieren<\/li>\n<li>Einen machbaren Projektumfang definieren<\/li>\n<li>Mit Partnern zusammenarbeiten<\/li>\n<\/ul>\n<p>Weitere Informationen sind erh\u00e4ltlich \u00fcber <a href=\"http:\/\/www.kmu-transformation.ch\">www.kmu-transformation.ch<\/a>.<\/p>\n","protected":false},"excerpt":{"rendered":"<p>Der erste Digital Summit f\u00fcr KMU war mit \u00fcber 550 Teilnehmenden restlos ausgebucht. Dies zeigte, wie hoch der Informationsbedarf von kleineren und mittleren Unternehmen im Zusammenhang mit der digitalen Transformation nach wie vor ist. Der Anlass bot den Besuchern neben 20 Keynotes 42 Lernwerkst\u00e4tten zu den unterschiedlichsten Themen rund um die Digitalisierung. Der wahre Gehalt [&hellip;]<\/p>\n","protected":false},"author":4,"featured_media":2383,"comment_status":"open","ping_status":"open","sticky":false,"template":"","format":"standard","meta":{"_acf_changed":false,"_yoast_wpseo_focuskw":"Handlungsfelder der Digitalisierung","_yoast_wpseo_metadesc":"Am 1. Digital Summit f\u00fcr KMU stiess vor allem die Pr\u00e4sentation einer noch unver\u00f6ffentlichten Studie der Fachhochschule Nordwestschweiz FHNW auf Interesse.","articlekey":"","footnotes":""},"categories":[28],"tags":[156,193,286,496],"class_list":["post-2382","post","type-post","status-publish","format-standard","has-post-thumbnail","hentry","category-management","tag-digitalisierung","tag-fachkongressfachmesse","tag-it","tag-unternehmensfuehrung"],"acf":[],"yoast_head":"<!-- This site is optimized with the Yoast SEO plugin v27.5 - https:\/\/yoast.com\/product\/yoast-seo-wordpress\/ -->\n<title>Die sieben Handlungsfelder der Digitalisierung - Organisator<\/title>\n<meta name=\"description\" content=\"Am 1. Digital Summit f\u00fcr KMU stiess vor allem die Pr\u00e4sentation einer noch unver\u00f6ffentlichten Studie der Fachhochschule Nordwestschweiz FHNW auf Interesse.\" \/>\n<meta name=\"robots\" content=\"index, follow, max-snippet:-1, max-image-preview:large, max-video-preview:-1\" \/>\n<link rel=\"canonical\" href=\"https:\/\/www.organisator.ch\/de\/management\/2017-09-01\/die-sieben-handlungsfelder-der-digitalisierung\/\" \/>\n<meta property=\"og:locale\" content=\"de_DE\" \/>\n<meta property=\"og:type\" content=\"article\" \/>\n<meta property=\"og:title\" content=\"Die sieben Handlungsfelder der Digitalisierung\" \/>\n<meta property=\"og:description\" content=\"Am Digital Summit f\u00fcr KMU stiess vor allem die Pr\u00e4sentation einer noch unver\u00f6ffentlichten Studie der Fachhochschule Nordwestschweiz #FHNW auf Interesse.\" \/>\n<meta property=\"og:url\" content=\"https:\/\/www.organisator.ch\/de\/management\/2017-09-01\/die-sieben-handlungsfelder-der-digitalisierung\/\" \/>\n<meta property=\"og:site_name\" content=\"Organisator\" \/>\n<meta property=\"article:publisher\" content=\"https:\/\/www.facebook.com\/OrganisatorFachmagazin\" \/>\n<meta property=\"article:published_time\" content=\"2017-09-01T07:26:41+00:00\" \/>\n<meta property=\"og:image\" content=\"https:\/\/www.organisator.ch\/wp-content\/uploads\/2017\/09\/Die-sieben-Handlungsfelder-der-Digitalisierung_Organisator.jpg\" \/>\n\t<meta property=\"og:image:width\" content=\"640\" \/>\n\t<meta property=\"og:image:height\" content=\"427\" \/>\n\t<meta property=\"og:image:type\" content=\"image\/jpeg\" \/>\n<meta name=\"author\" content=\"thomas.berner\" \/>\n<meta name=\"twitter:card\" content=\"summary_large_image\" \/>\n<meta name=\"twitter:title\" content=\"Die sieben #Handlungsfelder der #Digitalisierung #DigitalSummitKMU\" \/>\n<meta name=\"twitter:description\" content=\"Am Digital Summit f\u00fcr KMU stiess vor allem die Pr\u00e4sentation einer noch unver\u00f6ffentlichten Studie der Fachhochschule Nordwestschweiz #FHNW auf Interesse.\" \/>\n<meta name=\"twitter:image\" content=\"https:\/\/www.organisator.ch\/wp-content\/uploads\/2017\/09\/Die-sieben-Handlungsfelder-der-Digitalisierung_Organisator.jpg\" \/>\n<script type=\"application\/ld+json\" class=\"yoast-schema-graph\">{\"@context\":\"https:\\\/\\\/schema.org\",\"@graph\":[{\"@type\":\"Article\",\"@id\":\"https:\\\/\\\/www.organisator.ch\\\/management\\\/2017-09-01\\\/die-sieben-handlungsfelder-der-digitalisierung\\\/#article\",\"isPartOf\":{\"@id\":\"https:\\\/\\\/www.organisator.ch\\\/management\\\/2017-09-01\\\/die-sieben-handlungsfelder-der-digitalisierung\\\/\"},\"author\":{\"name\":\"thomas.berner\",\"@id\":\"https:\\\/\\\/www.organisator.ch\\\/#\\\/schema\\\/person\\\/6f650f90b2842cd4c0cc334b4e36f67e\"},\"headline\":\"Die sieben Handlungsfelder der Digitalisierung\",\"datePublished\":\"2017-09-01T07:26:41+00:00\",\"mainEntityOfPage\":{\"@id\":\"https:\\\/\\\/www.organisator.ch\\\/management\\\/2017-09-01\\\/die-sieben-handlungsfelder-der-digitalisierung\\\/\"},\"wordCount\":432,\"commentCount\":0,\"publisher\":{\"@id\":\"https:\\\/\\\/www.organisator.ch\\\/#organization\"},\"image\":{\"@id\":\"https:\\\/\\\/www.organisator.ch\\\/management\\\/2017-09-01\\\/die-sieben-handlungsfelder-der-digitalisierung\\\/#primaryimage\"},\"thumbnailUrl\":\"https:\\\/\\\/www.organisator.ch\\\/wp-content\\\/uploads\\\/2017\\\/09\\\/Die-sieben-Handlungsfelder-der-Digitalisierung_Organisator.jpg\",\"keywords\":[\"Digitalisierung\",\"Fachkongress\\\/Fachmesse\",\"IT\",\"Unternehmensf\u00fchrung\"],\"articleSection\":[\"MANAGEMENT\"],\"inLanguage\":\"de\"},{\"@type\":\"WebPage\",\"@id\":\"https:\\\/\\\/www.organisator.ch\\\/management\\\/2017-09-01\\\/die-sieben-handlungsfelder-der-digitalisierung\\\/\",\"url\":\"https:\\\/\\\/www.organisator.ch\\\/management\\\/2017-09-01\\\/die-sieben-handlungsfelder-der-digitalisierung\\\/\",\"name\":\"Die sieben Handlungsfelder der Digitalisierung - Organisator\",\"isPartOf\":{\"@id\":\"https:\\\/\\\/www.organisator.ch\\\/#website\"},\"primaryImageOfPage\":{\"@id\":\"https:\\\/\\\/www.organisator.ch\\\/management\\\/2017-09-01\\\/die-sieben-handlungsfelder-der-digitalisierung\\\/#primaryimage\"},\"image\":{\"@id\":\"https:\\\/\\\/www.organisator.ch\\\/management\\\/2017-09-01\\\/die-sieben-handlungsfelder-der-digitalisierung\\\/#primaryimage\"},\"thumbnailUrl\":\"https:\\\/\\\/www.organisator.ch\\\/wp-content\\\/uploads\\\/2017\\\/09\\\/Die-sieben-Handlungsfelder-der-Digitalisierung_Organisator.jpg\",\"datePublished\":\"2017-09-01T07:26:41+00:00\",\"description\":\"Am 1. Digital Summit f\u00fcr KMU stiess vor allem die Pr\u00e4sentation einer noch unver\u00f6ffentlichten Studie der Fachhochschule Nordwestschweiz FHNW auf Interesse.\",\"breadcrumb\":{\"@id\":\"https:\\\/\\\/www.organisator.ch\\\/management\\\/2017-09-01\\\/die-sieben-handlungsfelder-der-digitalisierung\\\/#breadcrumb\"},\"inLanguage\":\"de\",\"potentialAction\":[{\"@type\":\"ReadAction\",\"target\":[\"https:\\\/\\\/www.organisator.ch\\\/management\\\/2017-09-01\\\/die-sieben-handlungsfelder-der-digitalisierung\\\/\"]}]},{\"@type\":\"ImageObject\",\"inLanguage\":\"de\",\"@id\":\"https:\\\/\\\/www.organisator.ch\\\/management\\\/2017-09-01\\\/die-sieben-handlungsfelder-der-digitalisierung\\\/#primaryimage\",\"url\":\"https:\\\/\\\/www.organisator.ch\\\/wp-content\\\/uploads\\\/2017\\\/09\\\/Die-sieben-Handlungsfelder-der-Digitalisierung_Organisator.jpg\",\"contentUrl\":\"https:\\\/\\\/www.organisator.ch\\\/wp-content\\\/uploads\\\/2017\\\/09\\\/Die-sieben-Handlungsfelder-der-Digitalisierung_Organisator.jpg\",\"width\":640,\"height\":427,\"caption\":\"\\\"Total digital\\\" am Digital Summit f\u00fcr KMU: Doch wo liegen die entscheidenden Handlungsfelder der Digitalisierung? Eine Studie lieferte erste Antworten. (Foto: Pressedienst Digital Summit)\"},{\"@type\":\"BreadcrumbList\",\"@id\":\"https:\\\/\\\/www.organisator.ch\\\/management\\\/2017-09-01\\\/die-sieben-handlungsfelder-der-digitalisierung\\\/#breadcrumb\",\"itemListElement\":[{\"@type\":\"ListItem\",\"position\":1,\"name\":\"Home\",\"item\":\"https:\\\/\\\/www.organisator.ch\\\/\"},{\"@type\":\"ListItem\",\"position\":2,\"name\":\"Die sieben Handlungsfelder der Digitalisierung\"}]},{\"@type\":\"WebSite\",\"@id\":\"https:\\\/\\\/www.organisator.ch\\\/#website\",\"url\":\"https:\\\/\\\/www.organisator.ch\\\/\",\"name\":\"Organisator\",\"description\":\"Kompetent. Praxisnah. Der ORGANISATOR bereitet in 10 Ausgaben pro Jahr die wesentlichen Themen f\u00fcr F\u00fchrungskr\u00e4fte von KMU auf.\",\"publisher\":{\"@id\":\"https:\\\/\\\/www.organisator.ch\\\/#organization\"},\"potentialAction\":[{\"@type\":\"SearchAction\",\"target\":{\"@type\":\"EntryPoint\",\"urlTemplate\":\"https:\\\/\\\/www.organisator.ch\\\/?s={search_term_string}\"},\"query-input\":{\"@type\":\"PropertyValueSpecification\",\"valueRequired\":true,\"valueName\":\"search_term_string\"}}],\"inLanguage\":\"de\"},{\"@type\":\"Organization\",\"@id\":\"https:\\\/\\\/www.organisator.ch\\\/#organization\",\"name\":\"Organisator\",\"url\":\"https:\\\/\\\/www.organisator.ch\\\/\",\"logo\":{\"@type\":\"ImageObject\",\"inLanguage\":\"de\",\"@id\":\"https:\\\/\\\/www.organisator.ch\\\/#\\\/schema\\\/logo\\\/image\\\/\",\"url\":\"https:\\\/\\\/www.organisator.ch\\\/wp-content\\\/uploads\\\/2022\\\/01\\\/Logo_Organisator_Website.png\",\"contentUrl\":\"https:\\\/\\\/www.organisator.ch\\\/wp-content\\\/uploads\\\/2022\\\/01\\\/Logo_Organisator_Website.png\",\"width\":800,\"height\":77,\"caption\":\"Organisator\"},\"image\":{\"@id\":\"https:\\\/\\\/www.organisator.ch\\\/#\\\/schema\\\/logo\\\/image\\\/\"},\"sameAs\":[\"https:\\\/\\\/www.facebook.com\\\/OrganisatorFachmagazin\",\"https:\\\/\\\/www.linkedin.com\\\/showcase\\\/organisator-das-magazin-fr-kmu\",\"https:\\\/\\\/www.xing.com\\\/news\\\/pages\\\/organisator-ch-695\",\"https:\\\/\\\/www.youtube.com\\\/channel\\\/UCGP2Sq0iWaZwT3BdIAQFYpw\"]},{\"@type\":\"Person\",\"@id\":\"https:\\\/\\\/www.organisator.ch\\\/#\\\/schema\\\/person\\\/6f650f90b2842cd4c0cc334b4e36f67e\",\"name\":\"thomas.berner\",\"image\":{\"@type\":\"ImageObject\",\"inLanguage\":\"de\",\"@id\":\"https:\\\/\\\/secure.gravatar.com\\\/avatar\\\/ac5001d2a36cb6c6cd3e50789007ffca834b477b74a2144564522e944eabff61?s=96&d=mm&r=g\",\"url\":\"https:\\\/\\\/secure.gravatar.com\\\/avatar\\\/ac5001d2a36cb6c6cd3e50789007ffca834b477b74a2144564522e944eabff61?s=96&d=mm&r=g\",\"contentUrl\":\"https:\\\/\\\/secure.gravatar.com\\\/avatar\\\/ac5001d2a36cb6c6cd3e50789007ffca834b477b74a2144564522e944eabff61?s=96&d=mm&r=g\",\"caption\":\"thomas.berner\"},\"url\":\"https:\\\/\\\/www.organisator.ch\\\/de\\\/author\\\/thomas-berner\\\/\"}]}<\/script>\n<!-- \/ Yoast SEO plugin. -->","yoast_head_json":{"title":"Die sieben Handlungsfelder der Digitalisierung - Organisator","description":"Am 1. Digital Summit f\u00fcr KMU stiess vor allem die Pr\u00e4sentation einer noch unver\u00f6ffentlichten Studie der Fachhochschule Nordwestschweiz FHNW auf Interesse.","robots":{"index":"index","follow":"follow","max-snippet":"max-snippet:-1","max-image-preview":"max-image-preview:large","max-video-preview":"max-video-preview:-1"},"canonical":"https:\/\/www.organisator.ch\/de\/management\/2017-09-01\/die-sieben-handlungsfelder-der-digitalisierung\/","og_locale":"de_DE","og_type":"article","og_title":"Die sieben Handlungsfelder der Digitalisierung","og_description":"Am Digital Summit f\u00fcr KMU stiess vor allem die Pr\u00e4sentation einer noch unver\u00f6ffentlichten Studie der Fachhochschule Nordwestschweiz #FHNW auf Interesse.","og_url":"https:\/\/www.organisator.ch\/de\/management\/2017-09-01\/die-sieben-handlungsfelder-der-digitalisierung\/","og_site_name":"Organisator","article_publisher":"https:\/\/www.facebook.com\/OrganisatorFachmagazin","article_published_time":"2017-09-01T07:26:41+00:00","og_image":[{"width":640,"height":427,"url":"https:\/\/www.organisator.ch\/wp-content\/uploads\/2017\/09\/Die-sieben-Handlungsfelder-der-Digitalisierung_Organisator.jpg","type":"image\/jpeg"}],"author":"thomas.berner","twitter_card":"summary_large_image","twitter_title":"Die sieben #Handlungsfelder der #Digitalisierung #DigitalSummitKMU","twitter_description":"Am Digital Summit f\u00fcr KMU stiess vor allem die Pr\u00e4sentation einer noch unver\u00f6ffentlichten Studie der Fachhochschule Nordwestschweiz #FHNW auf Interesse.","twitter_image":"https:\/\/www.organisator.ch\/wp-content\/uploads\/2017\/09\/Die-sieben-Handlungsfelder-der-Digitalisierung_Organisator.jpg","schema":{"@context":"https:\/\/schema.org","@graph":[{"@type":"Article","@id":"https:\/\/www.organisator.ch\/management\/2017-09-01\/die-sieben-handlungsfelder-der-digitalisierung\/#article","isPartOf":{"@id":"https:\/\/www.organisator.ch\/management\/2017-09-01\/die-sieben-handlungsfelder-der-digitalisierung\/"},"author":{"name":"thomas.berner","@id":"https:\/\/www.organisator.ch\/#\/schema\/person\/6f650f90b2842cd4c0cc334b4e36f67e"},"headline":"Die sieben Handlungsfelder der Digitalisierung","datePublished":"2017-09-01T07:26:41+00:00","mainEntityOfPage":{"@id":"https:\/\/www.organisator.ch\/management\/2017-09-01\/die-sieben-handlungsfelder-der-digitalisierung\/"},"wordCount":432,"commentCount":0,"publisher":{"@id":"https:\/\/www.organisator.ch\/#organization"},"image":{"@id":"https:\/\/www.organisator.ch\/management\/2017-09-01\/die-sieben-handlungsfelder-der-digitalisierung\/#primaryimage"},"thumbnailUrl":"https:\/\/www.organisator.ch\/wp-content\/uploads\/2017\/09\/Die-sieben-Handlungsfelder-der-Digitalisierung_Organisator.jpg","keywords":["Digitalisierung","Fachkongress\/Fachmesse","IT","Unternehmensf\u00fchrung"],"articleSection":["MANAGEMENT"],"inLanguage":"de"},{"@type":"WebPage","@id":"https:\/\/www.organisator.ch\/management\/2017-09-01\/die-sieben-handlungsfelder-der-digitalisierung\/","url":"https:\/\/www.organisator.ch\/management\/2017-09-01\/die-sieben-handlungsfelder-der-digitalisierung\/","name":"Die sieben Handlungsfelder der Digitalisierung - Organisator","isPartOf":{"@id":"https:\/\/www.organisator.ch\/#website"},"primaryImageOfPage":{"@id":"https:\/\/www.organisator.ch\/management\/2017-09-01\/die-sieben-handlungsfelder-der-digitalisierung\/#primaryimage"},"image":{"@id":"https:\/\/www.organisator.ch\/management\/2017-09-01\/die-sieben-handlungsfelder-der-digitalisierung\/#primaryimage"},"thumbnailUrl":"https:\/\/www.organisator.ch\/wp-content\/uploads\/2017\/09\/Die-sieben-Handlungsfelder-der-Digitalisierung_Organisator.jpg","datePublished":"2017-09-01T07:26:41+00:00","description":"Am 1. Digital Summit f\u00fcr KMU stiess vor allem die Pr\u00e4sentation einer noch unver\u00f6ffentlichten Studie der Fachhochschule Nordwestschweiz FHNW auf Interesse.","breadcrumb":{"@id":"https:\/\/www.organisator.ch\/management\/2017-09-01\/die-sieben-handlungsfelder-der-digitalisierung\/#breadcrumb"},"inLanguage":"de","potentialAction":[{"@type":"ReadAction","target":["https:\/\/www.organisator.ch\/management\/2017-09-01\/die-sieben-handlungsfelder-der-digitalisierung\/"]}]},{"@type":"ImageObject","inLanguage":"de","@id":"https:\/\/www.organisator.ch\/management\/2017-09-01\/die-sieben-handlungsfelder-der-digitalisierung\/#primaryimage","url":"https:\/\/www.organisator.ch\/wp-content\/uploads\/2017\/09\/Die-sieben-Handlungsfelder-der-Digitalisierung_Organisator.jpg","contentUrl":"https:\/\/www.organisator.ch\/wp-content\/uploads\/2017\/09\/Die-sieben-Handlungsfelder-der-Digitalisierung_Organisator.jpg","width":640,"height":427,"caption":"\"Total digital\" am Digital Summit f\u00fcr KMU: Doch wo liegen die entscheidenden Handlungsfelder der Digitalisierung? Eine Studie lieferte erste Antworten. (Foto: Pressedienst Digital Summit)"},{"@type":"BreadcrumbList","@id":"https:\/\/www.organisator.ch\/management\/2017-09-01\/die-sieben-handlungsfelder-der-digitalisierung\/#breadcrumb","itemListElement":[{"@type":"ListItem","position":1,"name":"Home","item":"https:\/\/www.organisator.ch\/"},{"@type":"ListItem","position":2,"name":"Die sieben Handlungsfelder der Digitalisierung"}]},{"@type":"WebSite","@id":"https:\/\/www.organisator.ch\/#website","url":"https:\/\/www.organisator.ch\/","name":"Organisator","description":"Kompetent. Praxisnah. Der ORGANISATOR bereitet in 10 Ausgaben pro Jahr die wesentlichen Themen f\u00fcr F\u00fchrungskr\u00e4fte von KMU auf.","publisher":{"@id":"https:\/\/www.organisator.ch\/#organization"},"potentialAction":[{"@type":"SearchAction","target":{"@type":"EntryPoint","urlTemplate":"https:\/\/www.organisator.ch\/?s={search_term_string}"},"query-input":{"@type":"PropertyValueSpecification","valueRequired":true,"valueName":"search_term_string"}}],"inLanguage":"de"},{"@type":"Organization","@id":"https:\/\/www.organisator.ch\/#organization","name":"Organisator","url":"https:\/\/www.organisator.ch\/","logo":{"@type":"ImageObject","inLanguage":"de","@id":"https:\/\/www.organisator.ch\/#\/schema\/logo\/image\/","url":"https:\/\/www.organisator.ch\/wp-content\/uploads\/2022\/01\/Logo_Organisator_Website.png","contentUrl":"https:\/\/www.organisator.ch\/wp-content\/uploads\/2022\/01\/Logo_Organisator_Website.png","width":800,"height":77,"caption":"Organisator"},"image":{"@id":"https:\/\/www.organisator.ch\/#\/schema\/logo\/image\/"},"sameAs":["https:\/\/www.facebook.com\/OrganisatorFachmagazin","https:\/\/www.linkedin.com\/showcase\/organisator-das-magazin-fr-kmu","https:\/\/www.xing.com\/news\/pages\/organisator-ch-695","https:\/\/www.youtube.com\/channel\/UCGP2Sq0iWaZwT3BdIAQFYpw"]},{"@type":"Person","@id":"https:\/\/www.organisator.ch\/#\/schema\/person\/6f650f90b2842cd4c0cc334b4e36f67e","name":"thomas.berner","image":{"@type":"ImageObject","inLanguage":"de","@id":"https:\/\/secure.gravatar.com\/avatar\/ac5001d2a36cb6c6cd3e50789007ffca834b477b74a2144564522e944eabff61?s=96&d=mm&r=g","url":"https:\/\/secure.gravatar.com\/avatar\/ac5001d2a36cb6c6cd3e50789007ffca834b477b74a2144564522e944eabff61?s=96&d=mm&r=g","contentUrl":"https:\/\/secure.gravatar.com\/avatar\/ac5001d2a36cb6c6cd3e50789007ffca834b477b74a2144564522e944eabff61?s=96&d=mm&r=g","caption":"thomas.berner"},"url":"https:\/\/www.organisator.ch\/de\/author\/thomas-berner\/"}]}},"_links":{"self":[{"href":"https:\/\/www.organisator.ch\/de\/wp-json\/wp\/v2\/posts\/2382","targetHints":{"allow":["GET"]}}],"collection":[{"href":"https:\/\/www.organisator.ch\/de\/wp-json\/wp\/v2\/posts"}],"about":[{"href":"https:\/\/www.organisator.ch\/de\/wp-json\/wp\/v2\/types\/post"}],"author":[{"embeddable":true,"href":"https:\/\/www.organisator.ch\/de\/wp-json\/wp\/v2\/users\/4"}],"replies":[{"embeddable":true,"href":"https:\/\/www.organisator.ch\/de\/wp-json\/wp\/v2\/comments?post=2382"}],"version-history":[{"count":0,"href":"https:\/\/www.organisator.ch\/de\/wp-json\/wp\/v2\/posts\/2382\/revisions"}],"wp:featuredmedia":[{"embeddable":true,"href":"https:\/\/www.organisator.ch\/de\/wp-json\/wp\/v2\/media\/2383"}],"wp:attachment":[{"href":"https:\/\/www.organisator.ch\/de\/wp-json\/wp\/v2\/media?parent=2382"}],"wp:term":[{"taxonomy":"category","embeddable":true,"href":"https:\/\/www.organisator.ch\/de\/wp-json\/wp\/v2\/categories?post=2382"},{"taxonomy":"post_tag","embeddable":true,"href":"https:\/\/www.organisator.ch\/de\/wp-json\/wp\/v2\/tags?post=2382"}],"curies":[{"name":"wp","href":"https:\/\/api.w.org\/{rel}","templated":true}]}}