{"id":23897,"date":"2023-12-14T13:27:06","date_gmt":"2023-12-14T12:27:06","guid":{"rendered":"https:\/\/www.organisator.ch\/?p=23897"},"modified":"2023-12-14T13:43:08","modified_gmt":"2023-12-14T12:43:08","slug":"venture-leaders-2024-schweizer-startups-beim-mwc-barcelona","status":"publish","type":"post","link":"https:\/\/www.organisator.ch\/de\/operational-excellence\/2023-12-14\/venture-leaders-2024-schweizer-startups-beim-mwc-barcelona\/","title":{"rendered":"Venture Leaders 2024: Schweizer Startups beim MWC Barcelona"},"content":{"rendered":"<figure id=\"attachment_23899\" class=\"wp-caption alignnone\" style=\"width: 680px;\" aria-describedby=\"caption-attachment-23899\"><img class=\"wp-image-23899 size-full\" src=\"https:\/\/www.organisator.ch\/wp-content\/uploads\/2023\/12\/Venturelab_ps-552084_1280.jpg\" sizes=\"(max-width: 680px) 100vw, 680px\" srcset=\"https:\/\/www.organisator.ch\/wp-content\/uploads\/2023\/12\/Venturelab_ps-552084_1280.jpg 680w, https:\/\/www.organisator.ch\/wp-content\/uploads\/2023\/12\/Venturelab_ps-552084_1280-16x12.jpg 16w, https:\/\/www.organisator.ch\/wp-content\/uploads\/2023\/12\/Venturelab_ps-552084_1280-375x281.jpg 375w, https:\/\/www.organisator.ch\/wp-content\/uploads\/2023\/12\/Venturelab_ps-552084_1280-468x350.jpg 468w\" alt=\"\" width=\"680\" height=\"509\" \/>\r\n<figcaption id=\"caption-attachment-23899\" class=\"wp-caption-text\">Zehn neue Mitglieder des Schweizer Nationalen Startup-Teams werden die Schweiz auf dem Mobile World Congress in Barcelona vertreten. (Bild: www.pixabay.com)<\/figcaption>\r\n<\/figure>\r\n<p>Venturelab organisiert seit 19 Jahren internationale Roadshows f\u00fcr das Schweizer Nationale Startup-Team. Diese Roadshows bieten eine Plattform f\u00fcr entschlossene Unternehmer und ihre vielversprechenden Startups, um sie mit Experten, Investoren und potenziellen Kunden in wichtigen Technologiezentren auf der ganzen Welt zu vernetzen, darunter das Silicon Valley, Boston, China, Barcelona, M\u00fcnchen und London. Venture Leaders Mobile wird von Venturelab organisiert und von Huawei, Swisscom und Vischer unterst\u00fctzt.<\/p>\r\n<p>Nach der Pr\u00fcfung von \u00fcber 100 Bewerbungen w\u00e4hlte eine Jury professioneller Investoren und Experten f\u00fcr mobile Technologie zehn Connectivity-Startups aus, um an der Venture Leaders Mobile 2024-Roadshow in Barcelona teilzunehmen. Die innovativen Connectivity-Startups decken Sektoren ab, die von Drohnenlieferung \u00fcber Cybersicherheit und Blockchains bis hin zu k\u00fcnstlicher Intelligenz oder vernetzten Plattformen reichen, um mit Fahrern in Kontakt zu treten. \u201eDie innovative Bandbreite der zehn Venture Leaders Mobile 2024 ist beeindruckend: Die Startups sind Experten in verschiedenen Bereichen, zeigen aber alle die Qualit\u00e4t der Schweizer Deeptech-Innovation\u201c, kommentierte Jordi Montserrat, Managing Partner bei Venturelab.\u201c Wir freuen uns sehr darauf, am Mobile World Congress und der 4YFN-Konferenz teilzunehmen und ihnen dabei zu helfen, den Grundstein f\u00fcr globalen Erfolg zu legen.\u201c<\/p>\r\n<p>Die Roadshow zielt darauf ab, die Expansion der Startups zu beschleunigen und ihnen beim Aufbau globaler Gesch\u00e4ftsnetzwerke zu helfen. Der Zeitplan der Venture Leaders f\u00fcr den Mobile World Congress (MWC) \u2013 das weltweit gr\u00f6sste und wichtigste Event der Mobilfunkbranche \u2013 umfasst den Besuch der Hauptmesse und Treffen mit erstklassigen Investoren, Branchenf\u00fchrern und potenziellen Kunden bei mehreren Schl\u00fcsselveranstaltungen des MWC, darunter die 4YFN-Startup-Konferenz. Die Venture Leaders Mobile werden ausserdem an exklusiven Networking- und Pitch-Veranstaltungen und am zweiten Venturelab-Segelwettbewerb teilnehmen.<\/p>\r\n<p>\u201eEs ist schwer zu beschreiben, wie sehr uns dieses Programm geholfen hat, unsere n\u00e4chsten Schritte zu planen. Networking, Pressepr\u00e4senz, Investor-Kontakte: Wir hatten alles. Vielen Dank an das gesamte Team von Venture Leaders Mobile\u201c, kommentierte Ma\u00ebl Fabien, CEO von Biped \u2013 einem der zehn Unternehmer, die an Venture Leaders Mobile 2023 teilgenommen haben.<\/p>\r\n<p>Die Venture Leaders Mobile 2024: 4screen\u00a0(Z\u00fcrich), Ancora.ai\u00a0(Z\u00fcrich), GraphEnergyTech (Jura), Hypergate Zero (Papers) Zug, irmos technologies\u00a0(Z\u00fcrich), Onocoy association + onocoy Services (Zug), Rapidata (Z\u00fcrich), Rigi Tech\u00a0(Waadt), RTDT Laboratories (Z\u00fcrich), Swistor\u00a0(Lausanne).<\/p>\r\n<p><em>Quelle: <a href=\"https:\/\/www.venturelab.swiss\/\">www.venturelab.swiss<\/a><\/em><\/p>","protected":false},"excerpt":{"rendered":"<p>Die zehn Venture Leaders Mobile 2024 bereiten sich darauf vor, ihre Startups auf die globale B\u00fchne zu bringen: Die neuesten Mitglieder des Schweizer Nationalen Startup-Teams werden nach Barcelona reisen, um am Mobile World Congress teilzunehmen und ihre St\u00e4nde auf der 4YFN-Startup-Konferenz vom 26. bis 29. Februar 2024 einzurichten. <\/p>\n","protected":false},"author":58,"featured_media":23899,"comment_status":"closed","ping_status":"closed","sticky":false,"template":"","format":"standard","meta":{"_acf_changed":false,"_yoast_wpseo_focuskw":"Barcelona","_yoast_wpseo_metadesc":"Die neuesten Mitglieder des Schweizer Nationalen Startup-Teams werden nach Barcelona reisen, um am Mobile World Congress teilzunehmen.","articlekey":"","footnotes":""},"categories":[582],"tags":[1555,424,451,4038],"class_list":["post-23897","post","type-post","status-publish","format-standard","has-post-thumbnail","hentry","category-operational-excellence","tag-kongress","tag-schweiz","tag-startups","tag-venture-leaders"],"acf":[],"yoast_head":"<!-- This site is optimized with the Yoast SEO plugin v27.5 - https:\/\/yoast.com\/product\/yoast-seo-wordpress\/ -->\n<title>Venture Leaders 2024: Schweizer Startups beim MWC Barcelona - Organisator<\/title>\n<meta name=\"description\" content=\"Die neuesten Mitglieder des Schweizer Nationalen Startup-Teams werden nach Barcelona reisen, um am Mobile World Congress teilzunehmen.\" \/>\n<meta name=\"robots\" content=\"index, follow, max-snippet:-1, max-image-preview:large, max-video-preview:-1\" \/>\n<link rel=\"canonical\" href=\"https:\/\/www.organisator.ch\/de\/operational-excellence\/2023-12-14\/venture-leaders-2024-schweizer-startups-beim-mwc-barcelona\/\" \/>\n<meta property=\"og:locale\" content=\"de_DE\" \/>\n<meta property=\"og:type\" content=\"article\" \/>\n<meta property=\"og:title\" content=\"Venture Leaders 2024: Schweizer Startups beim MWC Barcelona\" \/>\n<meta property=\"og:description\" content=\"Die neuesten Mitglieder des Schweizer Nationalen Startup-Teams werden nach Barcelona reisen, um am Mobile World Congress teilzunehmen.\" \/>\n<meta property=\"og:url\" content=\"https:\/\/www.organisator.ch\/de\/operational-excellence\/2023-12-14\/venture-leaders-2024-schweizer-startups-beim-mwc-barcelona\/\" \/>\n<meta property=\"og:site_name\" content=\"Organisator\" \/>\n<meta property=\"article:publisher\" content=\"https:\/\/www.facebook.com\/OrganisatorFachmagazin\" \/>\n<meta property=\"article:published_time\" content=\"2023-12-14T12:27:06+00:00\" \/>\n<meta property=\"article:modified_time\" content=\"2023-12-14T12:43:08+00:00\" \/>\n<meta property=\"og:image\" content=\"https:\/\/www.organisator.ch\/wp-content\/uploads\/2023\/12\/Venturelab_ps-552084_1280.jpg\" \/>\n\t<meta property=\"og:image:width\" content=\"680\" \/>\n\t<meta property=\"og:image:height\" content=\"509\" \/>\n\t<meta property=\"og:image:type\" content=\"image\/jpeg\" \/>\n<meta name=\"author\" content=\"Adelisa Kalajdzini\" \/>\n<meta name=\"twitter:card\" content=\"summary_large_image\" \/>\n<meta name=\"twitter:title\" content=\"Venture Leaders 2024: Schweizer Startups beim MWC Barcelona\" \/>\n<meta name=\"twitter:description\" content=\"Die neuesten Mitglieder des Schweizer Nationalen #Startup-Teams werden nach #Barcelona reisen, um am #Mobile World Congress teilzunehmen.\" \/>\n<meta name=\"twitter:image\" content=\"https:\/\/www.organisator.ch\/wp-content\/uploads\/2023\/12\/Venturelab_ps-552084_1280.jpg\" \/>\n<script type=\"application\/ld+json\" class=\"yoast-schema-graph\">{\"@context\":\"https:\\\/\\\/schema.org\",\"@graph\":[{\"@type\":\"Article\",\"@id\":\"https:\\\/\\\/www.organisator.ch\\\/operational-excellence\\\/2023-12-14\\\/venture-leaders-2024-schweizer-startups-beim-mwc-barcelona\\\/#article\",\"isPartOf\":{\"@id\":\"https:\\\/\\\/www.organisator.ch\\\/operational-excellence\\\/2023-12-14\\\/venture-leaders-2024-schweizer-startups-beim-mwc-barcelona\\\/\"},\"author\":{\"name\":\"Adelisa Kalajdzini\",\"@id\":\"https:\\\/\\\/www.organisator.ch\\\/#\\\/schema\\\/person\\\/2e1314a2172123f874db408d8911d3f3\"},\"headline\":\"Venture Leaders 2024: Schweizer Startups beim MWC Barcelona\",\"datePublished\":\"2023-12-14T12:27:06+00:00\",\"dateModified\":\"2023-12-14T12:43:08+00:00\",\"mainEntityOfPage\":{\"@id\":\"https:\\\/\\\/www.organisator.ch\\\/operational-excellence\\\/2023-12-14\\\/venture-leaders-2024-schweizer-startups-beim-mwc-barcelona\\\/\"},\"wordCount\":394,\"publisher\":{\"@id\":\"https:\\\/\\\/www.organisator.ch\\\/#organization\"},\"image\":{\"@id\":\"https:\\\/\\\/www.organisator.ch\\\/operational-excellence\\\/2023-12-14\\\/venture-leaders-2024-schweizer-startups-beim-mwc-barcelona\\\/#primaryimage\"},\"thumbnailUrl\":\"https:\\\/\\\/www.organisator.ch\\\/wp-content\\\/uploads\\\/2023\\\/12\\\/Venturelab_ps-552084_1280.jpg\",\"keywords\":[\"Kongress\",\"Schweiz\",\"Startups\",\"Venture Leaders\"],\"articleSection\":[\"OPERATIONAL EXCELLENCE\"],\"inLanguage\":\"de\"},{\"@type\":\"WebPage\",\"@id\":\"https:\\\/\\\/www.organisator.ch\\\/operational-excellence\\\/2023-12-14\\\/venture-leaders-2024-schweizer-startups-beim-mwc-barcelona\\\/\",\"url\":\"https:\\\/\\\/www.organisator.ch\\\/operational-excellence\\\/2023-12-14\\\/venture-leaders-2024-schweizer-startups-beim-mwc-barcelona\\\/\",\"name\":\"Venture Leaders 2024: Schweizer Startups beim MWC Barcelona - Organisator\",\"isPartOf\":{\"@id\":\"https:\\\/\\\/www.organisator.ch\\\/#website\"},\"primaryImageOfPage\":{\"@id\":\"https:\\\/\\\/www.organisator.ch\\\/operational-excellence\\\/2023-12-14\\\/venture-leaders-2024-schweizer-startups-beim-mwc-barcelona\\\/#primaryimage\"},\"image\":{\"@id\":\"https:\\\/\\\/www.organisator.ch\\\/operational-excellence\\\/2023-12-14\\\/venture-leaders-2024-schweizer-startups-beim-mwc-barcelona\\\/#primaryimage\"},\"thumbnailUrl\":\"https:\\\/\\\/www.organisator.ch\\\/wp-content\\\/uploads\\\/2023\\\/12\\\/Venturelab_ps-552084_1280.jpg\",\"datePublished\":\"2023-12-14T12:27:06+00:00\",\"dateModified\":\"2023-12-14T12:43:08+00:00\",\"description\":\"Die neuesten Mitglieder des Schweizer Nationalen Startup-Teams werden nach Barcelona reisen, um am Mobile World Congress teilzunehmen.\",\"breadcrumb\":{\"@id\":\"https:\\\/\\\/www.organisator.ch\\\/operational-excellence\\\/2023-12-14\\\/venture-leaders-2024-schweizer-startups-beim-mwc-barcelona\\\/#breadcrumb\"},\"inLanguage\":\"de\",\"potentialAction\":[{\"@type\":\"ReadAction\",\"target\":[\"https:\\\/\\\/www.organisator.ch\\\/operational-excellence\\\/2023-12-14\\\/venture-leaders-2024-schweizer-startups-beim-mwc-barcelona\\\/\"]}]},{\"@type\":\"ImageObject\",\"inLanguage\":\"de\",\"@id\":\"https:\\\/\\\/www.organisator.ch\\\/operational-excellence\\\/2023-12-14\\\/venture-leaders-2024-schweizer-startups-beim-mwc-barcelona\\\/#primaryimage\",\"url\":\"https:\\\/\\\/www.organisator.ch\\\/wp-content\\\/uploads\\\/2023\\\/12\\\/Venturelab_ps-552084_1280.jpg\",\"contentUrl\":\"https:\\\/\\\/www.organisator.ch\\\/wp-content\\\/uploads\\\/2023\\\/12\\\/Venturelab_ps-552084_1280.jpg\",\"width\":680,\"height\":509,\"caption\":\"Zehn neue Mitglieder des Schweizer Nationalen Startup-Teams werden die Schweiz auf dem Mobile World Congress in Barcelona vertreten.\"},{\"@type\":\"BreadcrumbList\",\"@id\":\"https:\\\/\\\/www.organisator.ch\\\/operational-excellence\\\/2023-12-14\\\/venture-leaders-2024-schweizer-startups-beim-mwc-barcelona\\\/#breadcrumb\",\"itemListElement\":[{\"@type\":\"ListItem\",\"position\":1,\"name\":\"Home\",\"item\":\"https:\\\/\\\/www.organisator.ch\\\/\"},{\"@type\":\"ListItem\",\"position\":2,\"name\":\"Venture Leaders 2024: Schweizer Startups beim MWC Barcelona\"}]},{\"@type\":\"WebSite\",\"@id\":\"https:\\\/\\\/www.organisator.ch\\\/#website\",\"url\":\"https:\\\/\\\/www.organisator.ch\\\/\",\"name\":\"Organisator\",\"description\":\"Kompetent. Praxisnah. Der ORGANISATOR bereitet in 10 Ausgaben pro Jahr die wesentlichen Themen f\u00fcr F\u00fchrungskr\u00e4fte von KMU auf.\",\"publisher\":{\"@id\":\"https:\\\/\\\/www.organisator.ch\\\/#organization\"},\"potentialAction\":[{\"@type\":\"SearchAction\",\"target\":{\"@type\":\"EntryPoint\",\"urlTemplate\":\"https:\\\/\\\/www.organisator.ch\\\/?s={search_term_string}\"},\"query-input\":{\"@type\":\"PropertyValueSpecification\",\"valueRequired\":true,\"valueName\":\"search_term_string\"}}],\"inLanguage\":\"de\"},{\"@type\":\"Organization\",\"@id\":\"https:\\\/\\\/www.organisator.ch\\\/#organization\",\"name\":\"Organisator\",\"url\":\"https:\\\/\\\/www.organisator.ch\\\/\",\"logo\":{\"@type\":\"ImageObject\",\"inLanguage\":\"de\",\"@id\":\"https:\\\/\\\/www.organisator.ch\\\/#\\\/schema\\\/logo\\\/image\\\/\",\"url\":\"https:\\\/\\\/www.organisator.ch\\\/wp-content\\\/uploads\\\/2022\\\/01\\\/Logo_Organisator_Website.png\",\"contentUrl\":\"https:\\\/\\\/www.organisator.ch\\\/wp-content\\\/uploads\\\/2022\\\/01\\\/Logo_Organisator_Website.png\",\"width\":800,\"height\":77,\"caption\":\"Organisator\"},\"image\":{\"@id\":\"https:\\\/\\\/www.organisator.ch\\\/#\\\/schema\\\/logo\\\/image\\\/\"},\"sameAs\":[\"https:\\\/\\\/www.facebook.com\\\/OrganisatorFachmagazin\",\"https:\\\/\\\/www.linkedin.com\\\/showcase\\\/organisator-das-magazin-fr-kmu\",\"https:\\\/\\\/www.xing.com\\\/news\\\/pages\\\/organisator-ch-695\",\"https:\\\/\\\/www.youtube.com\\\/channel\\\/UCGP2Sq0iWaZwT3BdIAQFYpw\"]},{\"@type\":\"Person\",\"@id\":\"https:\\\/\\\/www.organisator.ch\\\/#\\\/schema\\\/person\\\/2e1314a2172123f874db408d8911d3f3\",\"name\":\"Adelisa Kalajdzini\",\"image\":{\"@type\":\"ImageObject\",\"inLanguage\":\"de\",\"@id\":\"https:\\\/\\\/secure.gravatar.com\\\/avatar\\\/09a397c22ac58cad6f160ee8306348599df9df58a8ede73696226897b9fa4b24?s=96&d=mm&r=g\",\"url\":\"https:\\\/\\\/secure.gravatar.com\\\/avatar\\\/09a397c22ac58cad6f160ee8306348599df9df58a8ede73696226897b9fa4b24?s=96&d=mm&r=g\",\"contentUrl\":\"https:\\\/\\\/secure.gravatar.com\\\/avatar\\\/09a397c22ac58cad6f160ee8306348599df9df58a8ede73696226897b9fa4b24?s=96&d=mm&r=g\",\"caption\":\"Adelisa Kalajdzini\"},\"url\":\"https:\\\/\\\/www.organisator.ch\\\/de\\\/author\\\/adelisa-kalajdzini\\\/\"}]}<\/script>\n<!-- \/ Yoast SEO plugin. -->","yoast_head_json":{"title":"Venture Leaders 2024: Schweizer Startups beim MWC Barcelona - Organisator","description":"Die neuesten Mitglieder des Schweizer Nationalen Startup-Teams werden nach Barcelona reisen, um am Mobile World Congress teilzunehmen.","robots":{"index":"index","follow":"follow","max-snippet":"max-snippet:-1","max-image-preview":"max-image-preview:large","max-video-preview":"max-video-preview:-1"},"canonical":"https:\/\/www.organisator.ch\/de\/operational-excellence\/2023-12-14\/venture-leaders-2024-schweizer-startups-beim-mwc-barcelona\/","og_locale":"de_DE","og_type":"article","og_title":"Venture Leaders 2024: Schweizer Startups beim MWC Barcelona","og_description":"Die neuesten Mitglieder des Schweizer Nationalen Startup-Teams werden nach Barcelona reisen, um am Mobile World Congress teilzunehmen.","og_url":"https:\/\/www.organisator.ch\/de\/operational-excellence\/2023-12-14\/venture-leaders-2024-schweizer-startups-beim-mwc-barcelona\/","og_site_name":"Organisator","article_publisher":"https:\/\/www.facebook.com\/OrganisatorFachmagazin","article_published_time":"2023-12-14T12:27:06+00:00","article_modified_time":"2023-12-14T12:43:08+00:00","og_image":[{"width":680,"height":509,"url":"https:\/\/www.organisator.ch\/wp-content\/uploads\/2023\/12\/Venturelab_ps-552084_1280.jpg","type":"image\/jpeg"}],"author":"Adelisa Kalajdzini","twitter_card":"summary_large_image","twitter_title":"Venture Leaders 2024: Schweizer Startups beim MWC Barcelona","twitter_description":"Die neuesten Mitglieder des Schweizer Nationalen #Startup-Teams werden nach #Barcelona reisen, um am #Mobile World Congress teilzunehmen.","twitter_image":"https:\/\/www.organisator.ch\/wp-content\/uploads\/2023\/12\/Venturelab_ps-552084_1280.jpg","schema":{"@context":"https:\/\/schema.org","@graph":[{"@type":"Article","@id":"https:\/\/www.organisator.ch\/operational-excellence\/2023-12-14\/venture-leaders-2024-schweizer-startups-beim-mwc-barcelona\/#article","isPartOf":{"@id":"https:\/\/www.organisator.ch\/operational-excellence\/2023-12-14\/venture-leaders-2024-schweizer-startups-beim-mwc-barcelona\/"},"author":{"name":"Adelisa Kalajdzini","@id":"https:\/\/www.organisator.ch\/#\/schema\/person\/2e1314a2172123f874db408d8911d3f3"},"headline":"Venture Leaders 2024: Schweizer Startups beim MWC Barcelona","datePublished":"2023-12-14T12:27:06+00:00","dateModified":"2023-12-14T12:43:08+00:00","mainEntityOfPage":{"@id":"https:\/\/www.organisator.ch\/operational-excellence\/2023-12-14\/venture-leaders-2024-schweizer-startups-beim-mwc-barcelona\/"},"wordCount":394,"publisher":{"@id":"https:\/\/www.organisator.ch\/#organization"},"image":{"@id":"https:\/\/www.organisator.ch\/operational-excellence\/2023-12-14\/venture-leaders-2024-schweizer-startups-beim-mwc-barcelona\/#primaryimage"},"thumbnailUrl":"https:\/\/www.organisator.ch\/wp-content\/uploads\/2023\/12\/Venturelab_ps-552084_1280.jpg","keywords":["Kongress","Schweiz","Startups","Venture Leaders"],"articleSection":["OPERATIONAL EXCELLENCE"],"inLanguage":"de"},{"@type":"WebPage","@id":"https:\/\/www.organisator.ch\/operational-excellence\/2023-12-14\/venture-leaders-2024-schweizer-startups-beim-mwc-barcelona\/","url":"https:\/\/www.organisator.ch\/operational-excellence\/2023-12-14\/venture-leaders-2024-schweizer-startups-beim-mwc-barcelona\/","name":"Venture Leaders 2024: Schweizer Startups beim MWC Barcelona - Organisator","isPartOf":{"@id":"https:\/\/www.organisator.ch\/#website"},"primaryImageOfPage":{"@id":"https:\/\/www.organisator.ch\/operational-excellence\/2023-12-14\/venture-leaders-2024-schweizer-startups-beim-mwc-barcelona\/#primaryimage"},"image":{"@id":"https:\/\/www.organisator.ch\/operational-excellence\/2023-12-14\/venture-leaders-2024-schweizer-startups-beim-mwc-barcelona\/#primaryimage"},"thumbnailUrl":"https:\/\/www.organisator.ch\/wp-content\/uploads\/2023\/12\/Venturelab_ps-552084_1280.jpg","datePublished":"2023-12-14T12:27:06+00:00","dateModified":"2023-12-14T12:43:08+00:00","description":"Die neuesten Mitglieder des Schweizer Nationalen Startup-Teams werden nach Barcelona reisen, um am Mobile World Congress teilzunehmen.","breadcrumb":{"@id":"https:\/\/www.organisator.ch\/operational-excellence\/2023-12-14\/venture-leaders-2024-schweizer-startups-beim-mwc-barcelona\/#breadcrumb"},"inLanguage":"de","potentialAction":[{"@type":"ReadAction","target":["https:\/\/www.organisator.ch\/operational-excellence\/2023-12-14\/venture-leaders-2024-schweizer-startups-beim-mwc-barcelona\/"]}]},{"@type":"ImageObject","inLanguage":"de","@id":"https:\/\/www.organisator.ch\/operational-excellence\/2023-12-14\/venture-leaders-2024-schweizer-startups-beim-mwc-barcelona\/#primaryimage","url":"https:\/\/www.organisator.ch\/wp-content\/uploads\/2023\/12\/Venturelab_ps-552084_1280.jpg","contentUrl":"https:\/\/www.organisator.ch\/wp-content\/uploads\/2023\/12\/Venturelab_ps-552084_1280.jpg","width":680,"height":509,"caption":"Zehn neue Mitglieder des Schweizer Nationalen Startup-Teams werden die Schweiz auf dem Mobile World Congress in Barcelona vertreten."},{"@type":"BreadcrumbList","@id":"https:\/\/www.organisator.ch\/operational-excellence\/2023-12-14\/venture-leaders-2024-schweizer-startups-beim-mwc-barcelona\/#breadcrumb","itemListElement":[{"@type":"ListItem","position":1,"name":"Home","item":"https:\/\/www.organisator.ch\/"},{"@type":"ListItem","position":2,"name":"Venture Leaders 2024: Schweizer Startups beim MWC Barcelona"}]},{"@type":"WebSite","@id":"https:\/\/www.organisator.ch\/#website","url":"https:\/\/www.organisator.ch\/","name":"Organisator","description":"Kompetent. Praxisnah. Der ORGANISATOR bereitet in 10 Ausgaben pro Jahr die wesentlichen Themen f\u00fcr F\u00fchrungskr\u00e4fte von KMU auf.","publisher":{"@id":"https:\/\/www.organisator.ch\/#organization"},"potentialAction":[{"@type":"SearchAction","target":{"@type":"EntryPoint","urlTemplate":"https:\/\/www.organisator.ch\/?s={search_term_string}"},"query-input":{"@type":"PropertyValueSpecification","valueRequired":true,"valueName":"search_term_string"}}],"inLanguage":"de"},{"@type":"Organization","@id":"https:\/\/www.organisator.ch\/#organization","name":"Organisator","url":"https:\/\/www.organisator.ch\/","logo":{"@type":"ImageObject","inLanguage":"de","@id":"https:\/\/www.organisator.ch\/#\/schema\/logo\/image\/","url":"https:\/\/www.organisator.ch\/wp-content\/uploads\/2022\/01\/Logo_Organisator_Website.png","contentUrl":"https:\/\/www.organisator.ch\/wp-content\/uploads\/2022\/01\/Logo_Organisator_Website.png","width":800,"height":77,"caption":"Organisator"},"image":{"@id":"https:\/\/www.organisator.ch\/#\/schema\/logo\/image\/"},"sameAs":["https:\/\/www.facebook.com\/OrganisatorFachmagazin","https:\/\/www.linkedin.com\/showcase\/organisator-das-magazin-fr-kmu","https:\/\/www.xing.com\/news\/pages\/organisator-ch-695","https:\/\/www.youtube.com\/channel\/UCGP2Sq0iWaZwT3BdIAQFYpw"]},{"@type":"Person","@id":"https:\/\/www.organisator.ch\/#\/schema\/person\/2e1314a2172123f874db408d8911d3f3","name":"Adelisa Kalajdzini","image":{"@type":"ImageObject","inLanguage":"de","@id":"https:\/\/secure.gravatar.com\/avatar\/09a397c22ac58cad6f160ee8306348599df9df58a8ede73696226897b9fa4b24?s=96&d=mm&r=g","url":"https:\/\/secure.gravatar.com\/avatar\/09a397c22ac58cad6f160ee8306348599df9df58a8ede73696226897b9fa4b24?s=96&d=mm&r=g","contentUrl":"https:\/\/secure.gravatar.com\/avatar\/09a397c22ac58cad6f160ee8306348599df9df58a8ede73696226897b9fa4b24?s=96&d=mm&r=g","caption":"Adelisa Kalajdzini"},"url":"https:\/\/www.organisator.ch\/de\/author\/adelisa-kalajdzini\/"}]}},"_links":{"self":[{"href":"https:\/\/www.organisator.ch\/de\/wp-json\/wp\/v2\/posts\/23897","targetHints":{"allow":["GET"]}}],"collection":[{"href":"https:\/\/www.organisator.ch\/de\/wp-json\/wp\/v2\/posts"}],"about":[{"href":"https:\/\/www.organisator.ch\/de\/wp-json\/wp\/v2\/types\/post"}],"author":[{"embeddable":true,"href":"https:\/\/www.organisator.ch\/de\/wp-json\/wp\/v2\/users\/58"}],"replies":[{"embeddable":true,"href":"https:\/\/www.organisator.ch\/de\/wp-json\/wp\/v2\/comments?post=23897"}],"version-history":[{"count":7,"href":"https:\/\/www.organisator.ch\/de\/wp-json\/wp\/v2\/posts\/23897\/revisions"}],"predecessor-version":[{"id":23914,"href":"https:\/\/www.organisator.ch\/de\/wp-json\/wp\/v2\/posts\/23897\/revisions\/23914"}],"wp:featuredmedia":[{"embeddable":true,"href":"https:\/\/www.organisator.ch\/de\/wp-json\/wp\/v2\/media\/23899"}],"wp:attachment":[{"href":"https:\/\/www.organisator.ch\/de\/wp-json\/wp\/v2\/media?parent=23897"}],"wp:term":[{"taxonomy":"category","embeddable":true,"href":"https:\/\/www.organisator.ch\/de\/wp-json\/wp\/v2\/categories?post=23897"},{"taxonomy":"post_tag","embeddable":true,"href":"https:\/\/www.organisator.ch\/de\/wp-json\/wp\/v2\/tags?post=23897"}],"curies":[{"name":"wp","href":"https:\/\/api.w.org\/{rel}","templated":true}]}}