{"id":2397,"date":"2019-08-27T17:20:25","date_gmt":"2019-08-27T15:20:25","guid":{"rendered":"https:\/\/www.umweltperspektiven.ch\/?p=2397"},"modified":"2022-02-09T11:06:52","modified_gmt":"2022-02-09T10:06:52","slug":"vernehmlassungsantwort-von-biovision","status":"publish","type":"post","link":"https:\/\/www.organisator.ch\/de\/sustainability\/2019-08-27\/vernehmlassungsantwort-von-biovision\/","title":{"rendered":"Vernehmlassungsantwort von Biovision"},"content":{"rendered":"<figure id=\"attachment_2398\" aria-describedby=\"caption-attachment-2398\" style=\"width: 640px\" class=\"wp-caption alignnone\"><img loading=\"lazy\" decoding=\"async\" class=\"size-full wp-image-2398\" src=\"\/\/www.umweltperspektiven.ch\/wp-content\/uploads\/2019\/08\/biovision-Schweiz-UP_Umwelt-Perspektiven.jpg\" alt=\"\" width=\"640\" height=\"427\" \/><figcaption id=\"caption-attachment-2398\" class=\"wp-caption-text\">Die Schweiz als international stark vernetztes Land ist von komplexen Herausforderungen wie Klimawandel direkt betroffen. (Bild: Unsplash)<\/figcaption><\/figure>\n<p>Biovision \u00e4ussert sich zur Umsetzung der Agenda 2030 f\u00fcr nachhaltige Entwicklung. Mit der Agenda 2030 als zentralem Referenzrahmen soll die Schweiz einen systemischen und vernetzten Ansatz verfolgen, in welchem der Kampf gegen Hunger, Armut und die Linderung von Not Priorit\u00e4t geniessen.<\/p>\n<p>So kann die Schweiz einen wichtigen Beitrag zu einer gerechten und nachhaltigen globalen Entwicklung leisten.<\/p>\n<p>Als Entwicklungsorganisation mit ganzheitlichem Ansatz und Fokus auf Nachhaltigkeit, Wissensvermittlung und \u00f6kologische Entwicklung sind f\u00fcr Biovision f\u00fcr die k\u00fcnftige internationale Zusammenarbeit der Schweiz insbesondere folgende Punkte von strategischer Bedeutung:<\/p>\n<ul>\n<li><em>Die IZA ist konsequent auf die Umsetzung der Agenda 2030 f\u00fcr nachhaltige Entwicklung auszurichten und mit einem systemischen und vernetzten Ansatz umzusetzen. M\u00f6gliche Synergien und Zielkonflikte zwischen einzelnen Themenfeldern m\u00fcssen im Sinne der Politikkoh\u00e4renz f\u00fcr\u00a0eine nachhaltige Entwicklung erkannt und genutzt bzw. vermieden werden. Nur wenn bei den Ursachen angesetzt wird \u2013 bspw. Zugang zu Land, Saatgut, Wissen sowie Marktungleichheiten, Klimawandel und Biodiversit\u00e4tsverlust, Nahrungsmittelverluste \u2013, k\u00f6nnen Hunger und Armut eliminiert und den betroffenen Menschen ein w\u00fcrdevolles Leben erm\u00f6glicht werden.<\/em><\/li>\n<li><em>Der Sonderbericht \u00fcber Klimawandel und Landsysteme des Weltklimarats von Anfang August hat gezeigt, dass der Transformation der Ern\u00e4hrungssysteme zur Eind\u00e4mmung der Klimakrise eine zentrale Rolle zukommt. Die Schweiz soll deshalb ihre Vorreiterrolle bei der Verbreitung von agrar\u00f6kologischen Methoden weltweit weiterf\u00fchren und ausbauen. Zudem soll die angewandte Erforschung agrar\u00f6kologischer Ans\u00e4tze mittels Aufbau innovativer Partnerschaften und gemeinsamer Lernprozesse zwischen Wissenschaft und Praxis in Entwicklungsl\u00e4ndern gest\u00e4rkt werden.<\/em><\/li>\n<li><em>Der Stellenwert der internationalen Zusammenarbeit der Schweiz muss sich auch in finanzieller Hinsicht niederschlagen. Daher verlangt Biovision vom Bundesrat, dass der Anteil der IZA am Nationaleinkommen angesichts der wiederholten Milliarden\u00fcbersch\u00fcsse in der Bundeskasse sowie der Finanzierungsl\u00fccke zur Erreichung der SDGs auf 0.7% erh\u00f6ht wird.<\/em><\/li>\n<\/ul>\n<p>Die Schweiz als international stark vernetztes Land ist von komplexen Herausforderungen wie Klimawandel, Bodendegradation, Armut, Konflikten, Migration und deren Auswirkungen direkt betroffen. Die Politik, Wirtschaft, Wissenschaft und Zivilgesellschaft sind mehr denn je gefordert, Entwicklungspfade auszuhandeln, welch den Wandel hin zur Nachhaltigkeit beschleunigen \u2013 global, aber auch in der Schweiz. Die Agenda 2030 bietet dazu den notwendigen Kompass. Das Erreichen der nachhaltigen Entwicklungsziele der UNO (SDGs) ist ein Gebot wirtschaftlicher Vernunft, sozialer Gerechtigkeit und \u00f6kologischer Verantwortung.<\/p>\n<p><em><span style=\"font-size: 10.5pt; font-family: 'Arial','sans-serif';\">Mehr \u00fcber die Biovision \u2013 Stiftung f\u00fcr \u00f6kologische Entwicklung finden Sie unter diesem Link: <\/span><\/em><span style=\"font-size: 10.5pt; font-family: 'Arial','sans-serif';\"><a href=\"\/\/www.biovision.ch\"><em>www.biovision.ch<\/em><\/a><\/span><\/p>\n<p>&nbsp;<\/p>\n","protected":false},"excerpt":{"rendered":"<p>Biovision \u00e4ussert sich zur Umsetzung der Agenda 2030 f\u00fcr nachhaltige Entwicklung. Mit der Agenda 2030 als zentralem Referenzrahmen soll die Schweiz einen systemischen und vernetzten Ansatz verfolgen, in welchem der Kampf gegen Hunger, Armut und die Linderung von Not Priorit\u00e4t geniessen. So kann die Schweiz einen wichtigen Beitrag zu einer gerechten und nachhaltigen globalen Entwicklung [&hellip;]<\/p>\n","protected":false},"author":5,"featured_media":9631,"comment_status":"open","ping_status":"open","sticky":false,"template":"","format":"standard","meta":{"_acf_changed":false,"_yoast_wpseo_focuskw":"Biovision","_yoast_wpseo_metadesc":"In ihrer Antwort auf die Botschaft des Bundesrats zur internationalen Zusammenarbeit (IZA) 2021 \u2013 2024 nimmt Biovision Stellung.","articlekey":"","footnotes":""},"categories":[580],"tags":[829,424,2460],"class_list":["post-2397","post","type-post","status-publish","format-standard","has-post-thumbnail","hentry","category-sustainability","tag-biodiversitaet","tag-schweiz","tag-vernehmlassung"],"acf":[],"yoast_head":"<!-- This site is optimized with the Yoast SEO plugin v27.4 - https:\/\/yoast.com\/product\/yoast-seo-wordpress\/ -->\n<title>Vernehmlassungsantwort von Biovision - Organisator<\/title>\n<meta name=\"description\" content=\"In ihrer Antwort auf die Botschaft des Bundesrats zur internationalen Zusammenarbeit (IZA) 2021 \u2013 2024 nimmt Biovision Stellung.\" \/>\n<meta name=\"robots\" content=\"index, follow, max-snippet:-1, max-image-preview:large, max-video-preview:-1\" \/>\n<link rel=\"canonical\" href=\"https:\/\/www.organisator.ch\/de\/sustainability\/2019-08-27\/vernehmlassungsantwort-von-biovision\/\" \/>\n<meta property=\"og:locale\" content=\"de_DE\" \/>\n<meta property=\"og:type\" content=\"article\" \/>\n<meta property=\"og:title\" content=\"Vernehmlassungsantwort von Biovision - Organisator\" \/>\n<meta property=\"og:description\" content=\"In ihrer Antwort auf die Botschaft des Bundesrats zur internationalen Zusammenarbeit (IZA) 2021 \u2013 2024 nimmt Biovision Stellung.\" \/>\n<meta property=\"og:url\" content=\"https:\/\/www.organisator.ch\/de\/sustainability\/2019-08-27\/vernehmlassungsantwort-von-biovision\/\" \/>\n<meta property=\"og:site_name\" content=\"Organisator\" \/>\n<meta property=\"article:publisher\" content=\"https:\/\/www.facebook.com\/OrganisatorFachmagazin\" \/>\n<meta property=\"article:published_time\" content=\"2019-08-27T15:20:25+00:00\" \/>\n<meta property=\"article:modified_time\" content=\"2022-02-09T10:06:52+00:00\" \/>\n<meta property=\"og:image\" content=\"https:\/\/www.organisator.ch\/wp-content\/uploads\/2019\/08\/biovision-Schweiz-UP_Umwelt-Perspektiven.jpg\" \/>\n\t<meta property=\"og:image:width\" content=\"640\" \/>\n\t<meta property=\"og:image:height\" content=\"427\" \/>\n\t<meta property=\"og:image:type\" content=\"image\/jpeg\" \/>\n<meta name=\"author\" content=\"michael.merz\" \/>\n<meta name=\"twitter:card\" content=\"summary_large_image\" \/>\n<script type=\"application\/ld+json\" class=\"yoast-schema-graph\">{\"@context\":\"https:\\\/\\\/schema.org\",\"@graph\":[{\"@type\":\"Article\",\"@id\":\"https:\\\/\\\/www.organisator.ch\\\/sustainability\\\/2019-08-27\\\/vernehmlassungsantwort-von-biovision\\\/#article\",\"isPartOf\":{\"@id\":\"https:\\\/\\\/www.organisator.ch\\\/sustainability\\\/2019-08-27\\\/vernehmlassungsantwort-von-biovision\\\/\"},\"author\":{\"name\":\"michael.merz\",\"@id\":\"https:\\\/\\\/www.organisator.ch\\\/#\\\/schema\\\/person\\\/134708ca9321c57b0362cceb7948ffbd\"},\"headline\":\"Vernehmlassungsantwort von Biovision\",\"datePublished\":\"2019-08-27T15:20:25+00:00\",\"dateModified\":\"2022-02-09T10:06:52+00:00\",\"mainEntityOfPage\":{\"@id\":\"https:\\\/\\\/www.organisator.ch\\\/sustainability\\\/2019-08-27\\\/vernehmlassungsantwort-von-biovision\\\/\"},\"wordCount\":410,\"commentCount\":0,\"publisher\":{\"@id\":\"https:\\\/\\\/www.organisator.ch\\\/#organization\"},\"image\":{\"@id\":\"https:\\\/\\\/www.organisator.ch\\\/sustainability\\\/2019-08-27\\\/vernehmlassungsantwort-von-biovision\\\/#primaryimage\"},\"thumbnailUrl\":\"https:\\\/\\\/www.organisator.ch\\\/wp-content\\\/uploads\\\/2019\\\/08\\\/biovision-Schweiz-UP_Umwelt-Perspektiven.jpg\",\"keywords\":[\"Biodiversit\u00e4t\",\"Schweiz\",\"Vernehmlassung\"],\"articleSection\":[\"SUSTAINABILITY\"],\"inLanguage\":\"de\"},{\"@type\":\"WebPage\",\"@id\":\"https:\\\/\\\/www.organisator.ch\\\/sustainability\\\/2019-08-27\\\/vernehmlassungsantwort-von-biovision\\\/\",\"url\":\"https:\\\/\\\/www.organisator.ch\\\/sustainability\\\/2019-08-27\\\/vernehmlassungsantwort-von-biovision\\\/\",\"name\":\"Vernehmlassungsantwort von Biovision - Organisator\",\"isPartOf\":{\"@id\":\"https:\\\/\\\/www.organisator.ch\\\/#website\"},\"primaryImageOfPage\":{\"@id\":\"https:\\\/\\\/www.organisator.ch\\\/sustainability\\\/2019-08-27\\\/vernehmlassungsantwort-von-biovision\\\/#primaryimage\"},\"image\":{\"@id\":\"https:\\\/\\\/www.organisator.ch\\\/sustainability\\\/2019-08-27\\\/vernehmlassungsantwort-von-biovision\\\/#primaryimage\"},\"thumbnailUrl\":\"https:\\\/\\\/www.organisator.ch\\\/wp-content\\\/uploads\\\/2019\\\/08\\\/biovision-Schweiz-UP_Umwelt-Perspektiven.jpg\",\"datePublished\":\"2019-08-27T15:20:25+00:00\",\"dateModified\":\"2022-02-09T10:06:52+00:00\",\"description\":\"In ihrer Antwort auf die Botschaft des Bundesrats zur internationalen Zusammenarbeit (IZA) 2021 \u2013 2024 nimmt Biovision Stellung.\",\"breadcrumb\":{\"@id\":\"https:\\\/\\\/www.organisator.ch\\\/sustainability\\\/2019-08-27\\\/vernehmlassungsantwort-von-biovision\\\/#breadcrumb\"},\"inLanguage\":\"de\",\"potentialAction\":[{\"@type\":\"ReadAction\",\"target\":[\"https:\\\/\\\/www.organisator.ch\\\/sustainability\\\/2019-08-27\\\/vernehmlassungsantwort-von-biovision\\\/\"]}]},{\"@type\":\"ImageObject\",\"inLanguage\":\"de\",\"@id\":\"https:\\\/\\\/www.organisator.ch\\\/sustainability\\\/2019-08-27\\\/vernehmlassungsantwort-von-biovision\\\/#primaryimage\",\"url\":\"https:\\\/\\\/www.organisator.ch\\\/wp-content\\\/uploads\\\/2019\\\/08\\\/biovision-Schweiz-UP_Umwelt-Perspektiven.jpg\",\"contentUrl\":\"https:\\\/\\\/www.organisator.ch\\\/wp-content\\\/uploads\\\/2019\\\/08\\\/biovision-Schweiz-UP_Umwelt-Perspektiven.jpg\",\"width\":640,\"height\":427,\"caption\":\"Die Schweiz als international stark vernetztes Land ist von komplexen Herausforderungen wie Klimawandel direkt betroffen. (Bild: Unsplash)\"},{\"@type\":\"BreadcrumbList\",\"@id\":\"https:\\\/\\\/www.organisator.ch\\\/sustainability\\\/2019-08-27\\\/vernehmlassungsantwort-von-biovision\\\/#breadcrumb\",\"itemListElement\":[{\"@type\":\"ListItem\",\"position\":1,\"name\":\"Home\",\"item\":\"https:\\\/\\\/www.organisator.ch\\\/\"},{\"@type\":\"ListItem\",\"position\":2,\"name\":\"Vernehmlassungsantwort von Biovision\"}]},{\"@type\":\"WebSite\",\"@id\":\"https:\\\/\\\/www.organisator.ch\\\/#website\",\"url\":\"https:\\\/\\\/www.organisator.ch\\\/\",\"name\":\"Organisator\",\"description\":\"Kompetent. Praxisnah. Der ORGANISATOR bereitet in 10 Ausgaben pro Jahr die wesentlichen Themen f\u00fcr F\u00fchrungskr\u00e4fte von KMU auf.\",\"publisher\":{\"@id\":\"https:\\\/\\\/www.organisator.ch\\\/#organization\"},\"potentialAction\":[{\"@type\":\"SearchAction\",\"target\":{\"@type\":\"EntryPoint\",\"urlTemplate\":\"https:\\\/\\\/www.organisator.ch\\\/?s={search_term_string}\"},\"query-input\":{\"@type\":\"PropertyValueSpecification\",\"valueRequired\":true,\"valueName\":\"search_term_string\"}}],\"inLanguage\":\"de\"},{\"@type\":\"Organization\",\"@id\":\"https:\\\/\\\/www.organisator.ch\\\/#organization\",\"name\":\"Organisator\",\"url\":\"https:\\\/\\\/www.organisator.ch\\\/\",\"logo\":{\"@type\":\"ImageObject\",\"inLanguage\":\"de\",\"@id\":\"https:\\\/\\\/www.organisator.ch\\\/#\\\/schema\\\/logo\\\/image\\\/\",\"url\":\"https:\\\/\\\/www.organisator.ch\\\/wp-content\\\/uploads\\\/2022\\\/01\\\/Logo_Organisator_Website.png\",\"contentUrl\":\"https:\\\/\\\/www.organisator.ch\\\/wp-content\\\/uploads\\\/2022\\\/01\\\/Logo_Organisator_Website.png\",\"width\":800,\"height\":77,\"caption\":\"Organisator\"},\"image\":{\"@id\":\"https:\\\/\\\/www.organisator.ch\\\/#\\\/schema\\\/logo\\\/image\\\/\"},\"sameAs\":[\"https:\\\/\\\/www.facebook.com\\\/OrganisatorFachmagazin\",\"https:\\\/\\\/www.linkedin.com\\\/showcase\\\/organisator-das-magazin-fr-kmu\",\"https:\\\/\\\/www.xing.com\\\/news\\\/pages\\\/organisator-ch-695\",\"https:\\\/\\\/www.youtube.com\\\/channel\\\/UCGP2Sq0iWaZwT3BdIAQFYpw\"]},{\"@type\":\"Person\",\"@id\":\"https:\\\/\\\/www.organisator.ch\\\/#\\\/schema\\\/person\\\/134708ca9321c57b0362cceb7948ffbd\",\"name\":\"michael.merz\",\"image\":{\"@type\":\"ImageObject\",\"inLanguage\":\"de\",\"@id\":\"https:\\\/\\\/secure.gravatar.com\\\/avatar\\\/?s=96&d=mm&r=g\",\"url\":\"https:\\\/\\\/secure.gravatar.com\\\/avatar\\\/?s=96&d=mm&r=g\",\"contentUrl\":\"https:\\\/\\\/secure.gravatar.com\\\/avatar\\\/?s=96&d=mm&r=g\",\"caption\":\"michael.merz\"},\"url\":\"https:\\\/\\\/www.organisator.ch\\\/de\\\/author\\\/michael-merz\\\/\"}]}<\/script>\n<!-- \/ Yoast SEO plugin. -->","yoast_head_json":{"title":"Vernehmlassungsantwort von Biovision - Organisator","description":"In ihrer Antwort auf die Botschaft des Bundesrats zur internationalen Zusammenarbeit (IZA) 2021 \u2013 2024 nimmt Biovision Stellung.","robots":{"index":"index","follow":"follow","max-snippet":"max-snippet:-1","max-image-preview":"max-image-preview:large","max-video-preview":"max-video-preview:-1"},"canonical":"https:\/\/www.organisator.ch\/de\/sustainability\/2019-08-27\/vernehmlassungsantwort-von-biovision\/","og_locale":"de_DE","og_type":"article","og_title":"Vernehmlassungsantwort von Biovision - Organisator","og_description":"In ihrer Antwort auf die Botschaft des Bundesrats zur internationalen Zusammenarbeit (IZA) 2021 \u2013 2024 nimmt Biovision Stellung.","og_url":"https:\/\/www.organisator.ch\/de\/sustainability\/2019-08-27\/vernehmlassungsantwort-von-biovision\/","og_site_name":"Organisator","article_publisher":"https:\/\/www.facebook.com\/OrganisatorFachmagazin","article_published_time":"2019-08-27T15:20:25+00:00","article_modified_time":"2022-02-09T10:06:52+00:00","og_image":[{"width":640,"height":427,"url":"https:\/\/www.organisator.ch\/wp-content\/uploads\/2019\/08\/biovision-Schweiz-UP_Umwelt-Perspektiven.jpg","type":"image\/jpeg"}],"author":"michael.merz","twitter_card":"summary_large_image","schema":{"@context":"https:\/\/schema.org","@graph":[{"@type":"Article","@id":"https:\/\/www.organisator.ch\/sustainability\/2019-08-27\/vernehmlassungsantwort-von-biovision\/#article","isPartOf":{"@id":"https:\/\/www.organisator.ch\/sustainability\/2019-08-27\/vernehmlassungsantwort-von-biovision\/"},"author":{"name":"michael.merz","@id":"https:\/\/www.organisator.ch\/#\/schema\/person\/134708ca9321c57b0362cceb7948ffbd"},"headline":"Vernehmlassungsantwort von Biovision","datePublished":"2019-08-27T15:20:25+00:00","dateModified":"2022-02-09T10:06:52+00:00","mainEntityOfPage":{"@id":"https:\/\/www.organisator.ch\/sustainability\/2019-08-27\/vernehmlassungsantwort-von-biovision\/"},"wordCount":410,"commentCount":0,"publisher":{"@id":"https:\/\/www.organisator.ch\/#organization"},"image":{"@id":"https:\/\/www.organisator.ch\/sustainability\/2019-08-27\/vernehmlassungsantwort-von-biovision\/#primaryimage"},"thumbnailUrl":"https:\/\/www.organisator.ch\/wp-content\/uploads\/2019\/08\/biovision-Schweiz-UP_Umwelt-Perspektiven.jpg","keywords":["Biodiversit\u00e4t","Schweiz","Vernehmlassung"],"articleSection":["SUSTAINABILITY"],"inLanguage":"de"},{"@type":"WebPage","@id":"https:\/\/www.organisator.ch\/sustainability\/2019-08-27\/vernehmlassungsantwort-von-biovision\/","url":"https:\/\/www.organisator.ch\/sustainability\/2019-08-27\/vernehmlassungsantwort-von-biovision\/","name":"Vernehmlassungsantwort von Biovision - Organisator","isPartOf":{"@id":"https:\/\/www.organisator.ch\/#website"},"primaryImageOfPage":{"@id":"https:\/\/www.organisator.ch\/sustainability\/2019-08-27\/vernehmlassungsantwort-von-biovision\/#primaryimage"},"image":{"@id":"https:\/\/www.organisator.ch\/sustainability\/2019-08-27\/vernehmlassungsantwort-von-biovision\/#primaryimage"},"thumbnailUrl":"https:\/\/www.organisator.ch\/wp-content\/uploads\/2019\/08\/biovision-Schweiz-UP_Umwelt-Perspektiven.jpg","datePublished":"2019-08-27T15:20:25+00:00","dateModified":"2022-02-09T10:06:52+00:00","description":"In ihrer Antwort auf die Botschaft des Bundesrats zur internationalen Zusammenarbeit (IZA) 2021 \u2013 2024 nimmt Biovision Stellung.","breadcrumb":{"@id":"https:\/\/www.organisator.ch\/sustainability\/2019-08-27\/vernehmlassungsantwort-von-biovision\/#breadcrumb"},"inLanguage":"de","potentialAction":[{"@type":"ReadAction","target":["https:\/\/www.organisator.ch\/sustainability\/2019-08-27\/vernehmlassungsantwort-von-biovision\/"]}]},{"@type":"ImageObject","inLanguage":"de","@id":"https:\/\/www.organisator.ch\/sustainability\/2019-08-27\/vernehmlassungsantwort-von-biovision\/#primaryimage","url":"https:\/\/www.organisator.ch\/wp-content\/uploads\/2019\/08\/biovision-Schweiz-UP_Umwelt-Perspektiven.jpg","contentUrl":"https:\/\/www.organisator.ch\/wp-content\/uploads\/2019\/08\/biovision-Schweiz-UP_Umwelt-Perspektiven.jpg","width":640,"height":427,"caption":"Die Schweiz als international stark vernetztes Land ist von komplexen Herausforderungen wie Klimawandel direkt betroffen. (Bild: Unsplash)"},{"@type":"BreadcrumbList","@id":"https:\/\/www.organisator.ch\/sustainability\/2019-08-27\/vernehmlassungsantwort-von-biovision\/#breadcrumb","itemListElement":[{"@type":"ListItem","position":1,"name":"Home","item":"https:\/\/www.organisator.ch\/"},{"@type":"ListItem","position":2,"name":"Vernehmlassungsantwort von Biovision"}]},{"@type":"WebSite","@id":"https:\/\/www.organisator.ch\/#website","url":"https:\/\/www.organisator.ch\/","name":"Organisator","description":"Kompetent. Praxisnah. Der ORGANISATOR bereitet in 10 Ausgaben pro Jahr die wesentlichen Themen f\u00fcr F\u00fchrungskr\u00e4fte von KMU auf.","publisher":{"@id":"https:\/\/www.organisator.ch\/#organization"},"potentialAction":[{"@type":"SearchAction","target":{"@type":"EntryPoint","urlTemplate":"https:\/\/www.organisator.ch\/?s={search_term_string}"},"query-input":{"@type":"PropertyValueSpecification","valueRequired":true,"valueName":"search_term_string"}}],"inLanguage":"de"},{"@type":"Organization","@id":"https:\/\/www.organisator.ch\/#organization","name":"Organisator","url":"https:\/\/www.organisator.ch\/","logo":{"@type":"ImageObject","inLanguage":"de","@id":"https:\/\/www.organisator.ch\/#\/schema\/logo\/image\/","url":"https:\/\/www.organisator.ch\/wp-content\/uploads\/2022\/01\/Logo_Organisator_Website.png","contentUrl":"https:\/\/www.organisator.ch\/wp-content\/uploads\/2022\/01\/Logo_Organisator_Website.png","width":800,"height":77,"caption":"Organisator"},"image":{"@id":"https:\/\/www.organisator.ch\/#\/schema\/logo\/image\/"},"sameAs":["https:\/\/www.facebook.com\/OrganisatorFachmagazin","https:\/\/www.linkedin.com\/showcase\/organisator-das-magazin-fr-kmu","https:\/\/www.xing.com\/news\/pages\/organisator-ch-695","https:\/\/www.youtube.com\/channel\/UCGP2Sq0iWaZwT3BdIAQFYpw"]},{"@type":"Person","@id":"https:\/\/www.organisator.ch\/#\/schema\/person\/134708ca9321c57b0362cceb7948ffbd","name":"michael.merz","image":{"@type":"ImageObject","inLanguage":"de","@id":"https:\/\/secure.gravatar.com\/avatar\/?s=96&d=mm&r=g","url":"https:\/\/secure.gravatar.com\/avatar\/?s=96&d=mm&r=g","contentUrl":"https:\/\/secure.gravatar.com\/avatar\/?s=96&d=mm&r=g","caption":"michael.merz"},"url":"https:\/\/www.organisator.ch\/de\/author\/michael-merz\/"}]}},"_links":{"self":[{"href":"https:\/\/www.organisator.ch\/de\/wp-json\/wp\/v2\/posts\/2397","targetHints":{"allow":["GET"]}}],"collection":[{"href":"https:\/\/www.organisator.ch\/de\/wp-json\/wp\/v2\/posts"}],"about":[{"href":"https:\/\/www.organisator.ch\/de\/wp-json\/wp\/v2\/types\/post"}],"author":[{"embeddable":true,"href":"https:\/\/www.organisator.ch\/de\/wp-json\/wp\/v2\/users\/5"}],"replies":[{"embeddable":true,"href":"https:\/\/www.organisator.ch\/de\/wp-json\/wp\/v2\/comments?post=2397"}],"version-history":[{"count":1,"href":"https:\/\/www.organisator.ch\/de\/wp-json\/wp\/v2\/posts\/2397\/revisions"}],"predecessor-version":[{"id":10695,"href":"https:\/\/www.organisator.ch\/de\/wp-json\/wp\/v2\/posts\/2397\/revisions\/10695"}],"wp:featuredmedia":[{"embeddable":true,"href":"https:\/\/www.organisator.ch\/de\/wp-json\/wp\/v2\/media\/9631"}],"wp:attachment":[{"href":"https:\/\/www.organisator.ch\/de\/wp-json\/wp\/v2\/media?parent=2397"}],"wp:term":[{"taxonomy":"category","embeddable":true,"href":"https:\/\/www.organisator.ch\/de\/wp-json\/wp\/v2\/categories?post=2397"},{"taxonomy":"post_tag","embeddable":true,"href":"https:\/\/www.organisator.ch\/de\/wp-json\/wp\/v2\/tags?post=2397"}],"curies":[{"name":"wp","href":"https:\/\/api.w.org\/{rel}","templated":true}]}}