{"id":23988,"date":"2023-12-18T14:09:42","date_gmt":"2023-12-18T13:09:42","guid":{"rendered":"https:\/\/www.organisator.ch\/?p=23988"},"modified":"2023-12-18T14:40:20","modified_gmt":"2023-12-18T13:40:20","slug":"daniel-bloch-wird-schirmherr-des-svc-espace-mittelland","status":"publish","type":"post","link":"https:\/\/www.organisator.ch\/de\/management\/2023-12-18\/daniel-bloch-wird-schirmherr-des-svc-espace-mittelland\/","title":{"rendered":"Daniel Bloch wird Schirmherr des SVC Espace Mittelland"},"content":{"rendered":"<figure id=\"attachment_23989\" class=\"wp-caption alignnone\" style=\"width: 680px;\" aria-describedby=\"caption-attachment-23989\"><img class=\"size-full wp-image-23989\" src=\"https:\/\/www.organisator.ch\/wp-content\/uploads\/2023\/12\/Daniel_Bloch_SVC_EM_ps.jpg\" sizes=\"(max-width: 680px) 100vw, 680px\" srcset=\"https:\/\/www.organisator.ch\/wp-content\/uploads\/2023\/12\/Daniel_Bloch_SVC_EM_ps.jpg 680w, https:\/\/www.organisator.ch\/wp-content\/uploads\/2023\/12\/Daniel_Bloch_SVC_EM_ps-16x12.jpg 16w, https:\/\/www.organisator.ch\/wp-content\/uploads\/2023\/12\/Daniel_Bloch_SVC_EM_ps-375x282.jpg 375w, https:\/\/www.organisator.ch\/wp-content\/uploads\/2023\/12\/Daniel_Bloch_SVC_EM_ps-466x350.jpg 466w\" alt=\"\" width=\"680\" height=\"511\" \/>\r\n<figcaption id=\"caption-attachment-23989\" class=\"wp-caption-text\">In der Funktion als Schirmherr des SVC Espace Mittelland folgt Daniel Bloch nun auf Rudolf St\u00e4mpfli, ehemaliger Pr\u00e4sident des Arbeitgeberverbandes. (Bild: www.svc.swiss)<\/figcaption>\r\n<\/figure>\r\n<p>Daniel Bloch, CEO und Mitinhaber von Chocolats Camille Bloch SA, engagiert sich seit vielen Jahren auch als Vize-Pr\u00e4sident von Chocosuisse und Vorstandsmitglied von economiesuisse f\u00fcr die KMU und das Unternehmertum in der Schweiz.<\/p>\r\n<p>Daniel Bloch leitet in dritter Generation das Schweizer Familienunternehmen Chocolats Camille Bloch SA in Courtelary \u2013 mit seinen bekannten Marken Ragusa und Torino. Der Unternehmer war auch selber schon Finalist am Prix SVC Espace Mittelland: Im Jahr 2015 wurde er als Preistr\u00e4ger im 2. Rang ausgezeichnet.<\/p>\r\n<p>In der Funktion als Schirmherr der Preisverleihung folgt Daniel Bloch nun auf Rudolf St\u00e4mpfli von der gleichnamigen Berner Druckerei- und Verlagsgruppe.<\/p>\r\n<p>\u00abDer Prix SVC ist eine der renommiertesten Auszeichnungen f\u00fcr KMU. Es ist wichtig, dass man diese unternehmerischen Leistungen und die Innovationskraft unserer Wirtschaft immer wieder sichtbar macht. Ich freue mich, diese gute Sache insk\u00fcnftig als Schirmherr zu unterst\u00fctzen\u00bb erkl\u00e4rt Daniel Bloch. Er wird in seiner neuen Rolle auch Mitglied des SVC Ehrenpatronats.<\/p>\r\n<p><em>Quelle: <a href=\"http:\/\/www.svc.swiss\/\">www.svc.swiss<\/a><\/em><\/p>","protected":false},"excerpt":{"rendered":"<p>In der Schirmherrschaft des SVC Espace Mittelland kommt es zu einer Rochade: Schokoladenunternehmer Daniel Bloch wird diese ehrenamtliche Funktion ab 2024 \u00fcbernehmen. Er folgt auf Rudolf St\u00e4mpfli, ehemaliger Pr\u00e4sident des Arbeitgeberverbandes, welcher diese Aufgabe w\u00e4hrend \u00fcber 10 Jahren wahrgenommen hatte.<\/p>\n","protected":false},"author":58,"featured_media":23989,"comment_status":"closed","ping_status":"closed","sticky":false,"template":"","format":"standard","meta":{"_acf_changed":false,"_yoast_wpseo_focuskw":"Daniel Bloch","_yoast_wpseo_metadesc":"In der Schirmherrschaft des SVC Espace Mittelland kommt es zu einer Rochade: Daniel Bloch wird diese Funktion ab 2024 \u00fcbernehmen.","articlekey":"","footnotes":""},"categories":[28],"tags":[334,391,424,492],"class_list":["post-23988","post","type-post","status-publish","format-standard","has-post-thumbnail","hentry","category-management","tag-management","tag-prix-svc-espace-mittelland","tag-schweiz","tag-unternehmen"],"acf":[],"yoast_head":"<!-- This site is optimized with the Yoast SEO plugin v27.4 - https:\/\/yoast.com\/product\/yoast-seo-wordpress\/ -->\n<title>Daniel Bloch wird Schirmherr des SVC Espace Mittelland - Organisator<\/title>\n<meta name=\"description\" content=\"In der Schirmherrschaft des SVC Espace Mittelland kommt es zu einer Rochade: Daniel Bloch wird diese Funktion ab 2024 \u00fcbernehmen.\" \/>\n<meta name=\"robots\" content=\"index, follow, max-snippet:-1, max-image-preview:large, max-video-preview:-1\" \/>\n<link rel=\"canonical\" href=\"https:\/\/www.organisator.ch\/de\/management\/2023-12-18\/daniel-bloch-wird-schirmherr-des-svc-espace-mittelland\/\" \/>\n<meta property=\"og:locale\" content=\"de_DE\" \/>\n<meta property=\"og:type\" content=\"article\" \/>\n<meta property=\"og:title\" content=\"Daniel Bloch wird Schirmherr des SVC Espace Mittelland\" \/>\n<meta property=\"og:description\" content=\"In der Schirmherrschaft des SVC Espace Mittelland kommt es zu einer Rochade: Daniel Bloch wird diese Funktion ab 2024 \u00fcbernehmen.\" \/>\n<meta property=\"og:url\" content=\"https:\/\/www.organisator.ch\/de\/management\/2023-12-18\/daniel-bloch-wird-schirmherr-des-svc-espace-mittelland\/\" \/>\n<meta property=\"og:site_name\" content=\"Organisator\" \/>\n<meta property=\"article:publisher\" content=\"https:\/\/www.facebook.com\/OrganisatorFachmagazin\" \/>\n<meta property=\"article:published_time\" content=\"2023-12-18T13:09:42+00:00\" \/>\n<meta property=\"article:modified_time\" content=\"2023-12-18T13:40:20+00:00\" \/>\n<meta property=\"og:image\" content=\"https:\/\/www.organisator.ch\/wp-content\/uploads\/2023\/12\/Daniel_Bloch_SVC_EM_ps.jpg\" \/>\n\t<meta property=\"og:image:width\" content=\"680\" \/>\n\t<meta property=\"og:image:height\" content=\"511\" \/>\n\t<meta property=\"og:image:type\" content=\"image\/jpeg\" \/>\n<meta name=\"author\" content=\"Adelisa Kalajdzini\" \/>\n<meta name=\"twitter:card\" content=\"summary_large_image\" \/>\n<meta name=\"twitter:title\" content=\"Daniel Bloch wird Schirmherr des SVC Espace Mittelland\" \/>\n<meta name=\"twitter:description\" content=\"In der #Schirmherrschaft des #SVC Espace Mittelland kommt es zu einer Rochade: #Daniel #Bloch wird diese Funktion ab 2024 \u00fcbernehmen.\" \/>\n<meta name=\"twitter:image\" content=\"https:\/\/www.organisator.ch\/wp-content\/uploads\/2023\/12\/Daniel_Bloch_SVC_EM_ps.jpg\" \/>\n<script type=\"application\/ld+json\" class=\"yoast-schema-graph\">{\"@context\":\"https:\\\/\\\/schema.org\",\"@graph\":[{\"@type\":\"Article\",\"@id\":\"https:\\\/\\\/www.organisator.ch\\\/management\\\/2023-12-18\\\/daniel-bloch-wird-schirmherr-des-svc-espace-mittelland\\\/#article\",\"isPartOf\":{\"@id\":\"https:\\\/\\\/www.organisator.ch\\\/management\\\/2023-12-18\\\/daniel-bloch-wird-schirmherr-des-svc-espace-mittelland\\\/\"},\"author\":{\"name\":\"Adelisa Kalajdzini\",\"@id\":\"https:\\\/\\\/www.organisator.ch\\\/#\\\/schema\\\/person\\\/2e1314a2172123f874db408d8911d3f3\"},\"headline\":\"Daniel Bloch wird Schirmherr des SVC Espace Mittelland\",\"datePublished\":\"2023-12-18T13:09:42+00:00\",\"dateModified\":\"2023-12-18T13:40:20+00:00\",\"mainEntityOfPage\":{\"@id\":\"https:\\\/\\\/www.organisator.ch\\\/management\\\/2023-12-18\\\/daniel-bloch-wird-schirmherr-des-svc-espace-mittelland\\\/\"},\"wordCount\":195,\"publisher\":{\"@id\":\"https:\\\/\\\/www.organisator.ch\\\/#organization\"},\"image\":{\"@id\":\"https:\\\/\\\/www.organisator.ch\\\/management\\\/2023-12-18\\\/daniel-bloch-wird-schirmherr-des-svc-espace-mittelland\\\/#primaryimage\"},\"thumbnailUrl\":\"https:\\\/\\\/www.organisator.ch\\\/wp-content\\\/uploads\\\/2023\\\/12\\\/Daniel_Bloch_SVC_EM_ps.jpg\",\"keywords\":[\"Management\",\"Prix SVC Espace Mittelland\",\"Schweiz\",\"Unternehmen\"],\"articleSection\":[\"MANAGEMENT\"],\"inLanguage\":\"de\"},{\"@type\":\"WebPage\",\"@id\":\"https:\\\/\\\/www.organisator.ch\\\/management\\\/2023-12-18\\\/daniel-bloch-wird-schirmherr-des-svc-espace-mittelland\\\/\",\"url\":\"https:\\\/\\\/www.organisator.ch\\\/management\\\/2023-12-18\\\/daniel-bloch-wird-schirmherr-des-svc-espace-mittelland\\\/\",\"name\":\"Daniel Bloch wird Schirmherr des SVC Espace Mittelland - Organisator\",\"isPartOf\":{\"@id\":\"https:\\\/\\\/www.organisator.ch\\\/#website\"},\"primaryImageOfPage\":{\"@id\":\"https:\\\/\\\/www.organisator.ch\\\/management\\\/2023-12-18\\\/daniel-bloch-wird-schirmherr-des-svc-espace-mittelland\\\/#primaryimage\"},\"image\":{\"@id\":\"https:\\\/\\\/www.organisator.ch\\\/management\\\/2023-12-18\\\/daniel-bloch-wird-schirmherr-des-svc-espace-mittelland\\\/#primaryimage\"},\"thumbnailUrl\":\"https:\\\/\\\/www.organisator.ch\\\/wp-content\\\/uploads\\\/2023\\\/12\\\/Daniel_Bloch_SVC_EM_ps.jpg\",\"datePublished\":\"2023-12-18T13:09:42+00:00\",\"dateModified\":\"2023-12-18T13:40:20+00:00\",\"description\":\"In der Schirmherrschaft des SVC Espace Mittelland kommt es zu einer Rochade: Daniel Bloch wird diese Funktion ab 2024 \u00fcbernehmen.\",\"breadcrumb\":{\"@id\":\"https:\\\/\\\/www.organisator.ch\\\/management\\\/2023-12-18\\\/daniel-bloch-wird-schirmherr-des-svc-espace-mittelland\\\/#breadcrumb\"},\"inLanguage\":\"de\",\"potentialAction\":[{\"@type\":\"ReadAction\",\"target\":[\"https:\\\/\\\/www.organisator.ch\\\/management\\\/2023-12-18\\\/daniel-bloch-wird-schirmherr-des-svc-espace-mittelland\\\/\"]}]},{\"@type\":\"ImageObject\",\"inLanguage\":\"de\",\"@id\":\"https:\\\/\\\/www.organisator.ch\\\/management\\\/2023-12-18\\\/daniel-bloch-wird-schirmherr-des-svc-espace-mittelland\\\/#primaryimage\",\"url\":\"https:\\\/\\\/www.organisator.ch\\\/wp-content\\\/uploads\\\/2023\\\/12\\\/Daniel_Bloch_SVC_EM_ps.jpg\",\"contentUrl\":\"https:\\\/\\\/www.organisator.ch\\\/wp-content\\\/uploads\\\/2023\\\/12\\\/Daniel_Bloch_SVC_EM_ps.jpg\",\"width\":680,\"height\":511,\"caption\":\"In der Funktion als Schirmherr des SVC Espace Mittelland folgt Daniel Bloch nun auf Rudolf St\u00e4mpfli, ehemaliger Pr\u00e4sident des Arbeitgeberverbandes. (Bild: www.svc.swiss)\"},{\"@type\":\"BreadcrumbList\",\"@id\":\"https:\\\/\\\/www.organisator.ch\\\/management\\\/2023-12-18\\\/daniel-bloch-wird-schirmherr-des-svc-espace-mittelland\\\/#breadcrumb\",\"itemListElement\":[{\"@type\":\"ListItem\",\"position\":1,\"name\":\"Home\",\"item\":\"https:\\\/\\\/www.organisator.ch\\\/\"},{\"@type\":\"ListItem\",\"position\":2,\"name\":\"Daniel Bloch wird Schirmherr des SVC Espace Mittelland\"}]},{\"@type\":\"WebSite\",\"@id\":\"https:\\\/\\\/www.organisator.ch\\\/#website\",\"url\":\"https:\\\/\\\/www.organisator.ch\\\/\",\"name\":\"Organisator\",\"description\":\"Kompetent. Praxisnah. Der ORGANISATOR bereitet in 10 Ausgaben pro Jahr die wesentlichen Themen f\u00fcr F\u00fchrungskr\u00e4fte von KMU auf.\",\"publisher\":{\"@id\":\"https:\\\/\\\/www.organisator.ch\\\/#organization\"},\"potentialAction\":[{\"@type\":\"SearchAction\",\"target\":{\"@type\":\"EntryPoint\",\"urlTemplate\":\"https:\\\/\\\/www.organisator.ch\\\/?s={search_term_string}\"},\"query-input\":{\"@type\":\"PropertyValueSpecification\",\"valueRequired\":true,\"valueName\":\"search_term_string\"}}],\"inLanguage\":\"de\"},{\"@type\":\"Organization\",\"@id\":\"https:\\\/\\\/www.organisator.ch\\\/#organization\",\"name\":\"Organisator\",\"url\":\"https:\\\/\\\/www.organisator.ch\\\/\",\"logo\":{\"@type\":\"ImageObject\",\"inLanguage\":\"de\",\"@id\":\"https:\\\/\\\/www.organisator.ch\\\/#\\\/schema\\\/logo\\\/image\\\/\",\"url\":\"https:\\\/\\\/www.organisator.ch\\\/wp-content\\\/uploads\\\/2022\\\/01\\\/Logo_Organisator_Website.png\",\"contentUrl\":\"https:\\\/\\\/www.organisator.ch\\\/wp-content\\\/uploads\\\/2022\\\/01\\\/Logo_Organisator_Website.png\",\"width\":800,\"height\":77,\"caption\":\"Organisator\"},\"image\":{\"@id\":\"https:\\\/\\\/www.organisator.ch\\\/#\\\/schema\\\/logo\\\/image\\\/\"},\"sameAs\":[\"https:\\\/\\\/www.facebook.com\\\/OrganisatorFachmagazin\",\"https:\\\/\\\/www.linkedin.com\\\/showcase\\\/organisator-das-magazin-fr-kmu\",\"https:\\\/\\\/www.xing.com\\\/news\\\/pages\\\/organisator-ch-695\",\"https:\\\/\\\/www.youtube.com\\\/channel\\\/UCGP2Sq0iWaZwT3BdIAQFYpw\"]},{\"@type\":\"Person\",\"@id\":\"https:\\\/\\\/www.organisator.ch\\\/#\\\/schema\\\/person\\\/2e1314a2172123f874db408d8911d3f3\",\"name\":\"Adelisa Kalajdzini\",\"image\":{\"@type\":\"ImageObject\",\"inLanguage\":\"de\",\"@id\":\"https:\\\/\\\/secure.gravatar.com\\\/avatar\\\/09a397c22ac58cad6f160ee8306348599df9df58a8ede73696226897b9fa4b24?s=96&d=mm&r=g\",\"url\":\"https:\\\/\\\/secure.gravatar.com\\\/avatar\\\/09a397c22ac58cad6f160ee8306348599df9df58a8ede73696226897b9fa4b24?s=96&d=mm&r=g\",\"contentUrl\":\"https:\\\/\\\/secure.gravatar.com\\\/avatar\\\/09a397c22ac58cad6f160ee8306348599df9df58a8ede73696226897b9fa4b24?s=96&d=mm&r=g\",\"caption\":\"Adelisa Kalajdzini\"},\"url\":\"https:\\\/\\\/www.organisator.ch\\\/de\\\/author\\\/adelisa-kalajdzini\\\/\"}]}<\/script>\n<!-- \/ Yoast SEO plugin. -->","yoast_head_json":{"title":"Daniel Bloch wird Schirmherr des SVC Espace Mittelland - Organisator","description":"In der Schirmherrschaft des SVC Espace Mittelland kommt es zu einer Rochade: Daniel Bloch wird diese Funktion ab 2024 \u00fcbernehmen.","robots":{"index":"index","follow":"follow","max-snippet":"max-snippet:-1","max-image-preview":"max-image-preview:large","max-video-preview":"max-video-preview:-1"},"canonical":"https:\/\/www.organisator.ch\/de\/management\/2023-12-18\/daniel-bloch-wird-schirmherr-des-svc-espace-mittelland\/","og_locale":"de_DE","og_type":"article","og_title":"Daniel Bloch wird Schirmherr des SVC Espace Mittelland","og_description":"In der Schirmherrschaft des SVC Espace Mittelland kommt es zu einer Rochade: Daniel Bloch wird diese Funktion ab 2024 \u00fcbernehmen.","og_url":"https:\/\/www.organisator.ch\/de\/management\/2023-12-18\/daniel-bloch-wird-schirmherr-des-svc-espace-mittelland\/","og_site_name":"Organisator","article_publisher":"https:\/\/www.facebook.com\/OrganisatorFachmagazin","article_published_time":"2023-12-18T13:09:42+00:00","article_modified_time":"2023-12-18T13:40:20+00:00","og_image":[{"width":680,"height":511,"url":"https:\/\/www.organisator.ch\/wp-content\/uploads\/2023\/12\/Daniel_Bloch_SVC_EM_ps.jpg","type":"image\/jpeg"}],"author":"Adelisa Kalajdzini","twitter_card":"summary_large_image","twitter_title":"Daniel Bloch wird Schirmherr des SVC Espace Mittelland","twitter_description":"In der #Schirmherrschaft des #SVC Espace Mittelland kommt es zu einer Rochade: #Daniel #Bloch wird diese Funktion ab 2024 \u00fcbernehmen.","twitter_image":"https:\/\/www.organisator.ch\/wp-content\/uploads\/2023\/12\/Daniel_Bloch_SVC_EM_ps.jpg","schema":{"@context":"https:\/\/schema.org","@graph":[{"@type":"Article","@id":"https:\/\/www.organisator.ch\/management\/2023-12-18\/daniel-bloch-wird-schirmherr-des-svc-espace-mittelland\/#article","isPartOf":{"@id":"https:\/\/www.organisator.ch\/management\/2023-12-18\/daniel-bloch-wird-schirmherr-des-svc-espace-mittelland\/"},"author":{"name":"Adelisa Kalajdzini","@id":"https:\/\/www.organisator.ch\/#\/schema\/person\/2e1314a2172123f874db408d8911d3f3"},"headline":"Daniel Bloch wird Schirmherr des SVC Espace Mittelland","datePublished":"2023-12-18T13:09:42+00:00","dateModified":"2023-12-18T13:40:20+00:00","mainEntityOfPage":{"@id":"https:\/\/www.organisator.ch\/management\/2023-12-18\/daniel-bloch-wird-schirmherr-des-svc-espace-mittelland\/"},"wordCount":195,"publisher":{"@id":"https:\/\/www.organisator.ch\/#organization"},"image":{"@id":"https:\/\/www.organisator.ch\/management\/2023-12-18\/daniel-bloch-wird-schirmherr-des-svc-espace-mittelland\/#primaryimage"},"thumbnailUrl":"https:\/\/www.organisator.ch\/wp-content\/uploads\/2023\/12\/Daniel_Bloch_SVC_EM_ps.jpg","keywords":["Management","Prix SVC Espace Mittelland","Schweiz","Unternehmen"],"articleSection":["MANAGEMENT"],"inLanguage":"de"},{"@type":"WebPage","@id":"https:\/\/www.organisator.ch\/management\/2023-12-18\/daniel-bloch-wird-schirmherr-des-svc-espace-mittelland\/","url":"https:\/\/www.organisator.ch\/management\/2023-12-18\/daniel-bloch-wird-schirmherr-des-svc-espace-mittelland\/","name":"Daniel Bloch wird Schirmherr des SVC Espace Mittelland - Organisator","isPartOf":{"@id":"https:\/\/www.organisator.ch\/#website"},"primaryImageOfPage":{"@id":"https:\/\/www.organisator.ch\/management\/2023-12-18\/daniel-bloch-wird-schirmherr-des-svc-espace-mittelland\/#primaryimage"},"image":{"@id":"https:\/\/www.organisator.ch\/management\/2023-12-18\/daniel-bloch-wird-schirmherr-des-svc-espace-mittelland\/#primaryimage"},"thumbnailUrl":"https:\/\/www.organisator.ch\/wp-content\/uploads\/2023\/12\/Daniel_Bloch_SVC_EM_ps.jpg","datePublished":"2023-12-18T13:09:42+00:00","dateModified":"2023-12-18T13:40:20+00:00","description":"In der Schirmherrschaft des SVC Espace Mittelland kommt es zu einer Rochade: Daniel Bloch wird diese Funktion ab 2024 \u00fcbernehmen.","breadcrumb":{"@id":"https:\/\/www.organisator.ch\/management\/2023-12-18\/daniel-bloch-wird-schirmherr-des-svc-espace-mittelland\/#breadcrumb"},"inLanguage":"de","potentialAction":[{"@type":"ReadAction","target":["https:\/\/www.organisator.ch\/management\/2023-12-18\/daniel-bloch-wird-schirmherr-des-svc-espace-mittelland\/"]}]},{"@type":"ImageObject","inLanguage":"de","@id":"https:\/\/www.organisator.ch\/management\/2023-12-18\/daniel-bloch-wird-schirmherr-des-svc-espace-mittelland\/#primaryimage","url":"https:\/\/www.organisator.ch\/wp-content\/uploads\/2023\/12\/Daniel_Bloch_SVC_EM_ps.jpg","contentUrl":"https:\/\/www.organisator.ch\/wp-content\/uploads\/2023\/12\/Daniel_Bloch_SVC_EM_ps.jpg","width":680,"height":511,"caption":"In der Funktion als Schirmherr des SVC Espace Mittelland folgt Daniel Bloch nun auf Rudolf St\u00e4mpfli, ehemaliger Pr\u00e4sident des Arbeitgeberverbandes. (Bild: www.svc.swiss)"},{"@type":"BreadcrumbList","@id":"https:\/\/www.organisator.ch\/management\/2023-12-18\/daniel-bloch-wird-schirmherr-des-svc-espace-mittelland\/#breadcrumb","itemListElement":[{"@type":"ListItem","position":1,"name":"Home","item":"https:\/\/www.organisator.ch\/"},{"@type":"ListItem","position":2,"name":"Daniel Bloch wird Schirmherr des SVC Espace Mittelland"}]},{"@type":"WebSite","@id":"https:\/\/www.organisator.ch\/#website","url":"https:\/\/www.organisator.ch\/","name":"Organisator","description":"Kompetent. Praxisnah. Der ORGANISATOR bereitet in 10 Ausgaben pro Jahr die wesentlichen Themen f\u00fcr F\u00fchrungskr\u00e4fte von KMU auf.","publisher":{"@id":"https:\/\/www.organisator.ch\/#organization"},"potentialAction":[{"@type":"SearchAction","target":{"@type":"EntryPoint","urlTemplate":"https:\/\/www.organisator.ch\/?s={search_term_string}"},"query-input":{"@type":"PropertyValueSpecification","valueRequired":true,"valueName":"search_term_string"}}],"inLanguage":"de"},{"@type":"Organization","@id":"https:\/\/www.organisator.ch\/#organization","name":"Organisator","url":"https:\/\/www.organisator.ch\/","logo":{"@type":"ImageObject","inLanguage":"de","@id":"https:\/\/www.organisator.ch\/#\/schema\/logo\/image\/","url":"https:\/\/www.organisator.ch\/wp-content\/uploads\/2022\/01\/Logo_Organisator_Website.png","contentUrl":"https:\/\/www.organisator.ch\/wp-content\/uploads\/2022\/01\/Logo_Organisator_Website.png","width":800,"height":77,"caption":"Organisator"},"image":{"@id":"https:\/\/www.organisator.ch\/#\/schema\/logo\/image\/"},"sameAs":["https:\/\/www.facebook.com\/OrganisatorFachmagazin","https:\/\/www.linkedin.com\/showcase\/organisator-das-magazin-fr-kmu","https:\/\/www.xing.com\/news\/pages\/organisator-ch-695","https:\/\/www.youtube.com\/channel\/UCGP2Sq0iWaZwT3BdIAQFYpw"]},{"@type":"Person","@id":"https:\/\/www.organisator.ch\/#\/schema\/person\/2e1314a2172123f874db408d8911d3f3","name":"Adelisa Kalajdzini","image":{"@type":"ImageObject","inLanguage":"de","@id":"https:\/\/secure.gravatar.com\/avatar\/09a397c22ac58cad6f160ee8306348599df9df58a8ede73696226897b9fa4b24?s=96&d=mm&r=g","url":"https:\/\/secure.gravatar.com\/avatar\/09a397c22ac58cad6f160ee8306348599df9df58a8ede73696226897b9fa4b24?s=96&d=mm&r=g","contentUrl":"https:\/\/secure.gravatar.com\/avatar\/09a397c22ac58cad6f160ee8306348599df9df58a8ede73696226897b9fa4b24?s=96&d=mm&r=g","caption":"Adelisa Kalajdzini"},"url":"https:\/\/www.organisator.ch\/de\/author\/adelisa-kalajdzini\/"}]}},"_links":{"self":[{"href":"https:\/\/www.organisator.ch\/de\/wp-json\/wp\/v2\/posts\/23988","targetHints":{"allow":["GET"]}}],"collection":[{"href":"https:\/\/www.organisator.ch\/de\/wp-json\/wp\/v2\/posts"}],"about":[{"href":"https:\/\/www.organisator.ch\/de\/wp-json\/wp\/v2\/types\/post"}],"author":[{"embeddable":true,"href":"https:\/\/www.organisator.ch\/de\/wp-json\/wp\/v2\/users\/58"}],"replies":[{"embeddable":true,"href":"https:\/\/www.organisator.ch\/de\/wp-json\/wp\/v2\/comments?post=23988"}],"version-history":[{"count":5,"href":"https:\/\/www.organisator.ch\/de\/wp-json\/wp\/v2\/posts\/23988\/revisions"}],"predecessor-version":[{"id":23994,"href":"https:\/\/www.organisator.ch\/de\/wp-json\/wp\/v2\/posts\/23988\/revisions\/23994"}],"wp:featuredmedia":[{"embeddable":true,"href":"https:\/\/www.organisator.ch\/de\/wp-json\/wp\/v2\/media\/23989"}],"wp:attachment":[{"href":"https:\/\/www.organisator.ch\/de\/wp-json\/wp\/v2\/media?parent=23988"}],"wp:term":[{"taxonomy":"category","embeddable":true,"href":"https:\/\/www.organisator.ch\/de\/wp-json\/wp\/v2\/categories?post=23988"},{"taxonomy":"post_tag","embeddable":true,"href":"https:\/\/www.organisator.ch\/de\/wp-json\/wp\/v2\/tags?post=23988"}],"curies":[{"name":"wp","href":"https:\/\/api.w.org\/{rel}","templated":true}]}}