{"id":2401,"date":"2017-09-08T08:15:29","date_gmt":"2017-09-08T06:15:29","guid":{"rendered":"https:\/\/www.organisator.ch\/?p=2401"},"modified":"2017-09-08T08:15:29","modified_gmt":"2017-09-08T06:15:29","slug":"kmu-monitor-2017-machen-sie-mit-bei-unserer-umfrage","status":"publish","type":"post","link":"https:\/\/www.organisator.ch\/de\/allgemein\/2017-09-08\/kmu-monitor-2017-machen-sie-mit-bei-unserer-umfrage\/","title":{"rendered":"KMU-Monitor 2017: Machen Sie mit bei unserer Umfrage!"},"content":{"rendered":"<figure id=\"attachment_2402\" aria-describedby=\"caption-attachment-2402\" style=\"width: 640px\" class=\"wp-caption alignnone\"><img loading=\"lazy\" decoding=\"async\" class=\"size-full wp-image-2402\" src=\"https:\/\/www.organisator.ch\/wp-content\/uploads\/2017\/09\/KMU-Monitor_2017.jpg\" alt=\"\" width=\"640\" height=\"426\" srcset=\"https:\/\/www.organisator.ch\/wp-content\/uploads\/2017\/09\/KMU-Monitor_2017.jpg 640w, https:\/\/www.organisator.ch\/wp-content\/uploads\/2017\/09\/KMU-Monitor_2017-16x12.jpg 16w, https:\/\/www.organisator.ch\/wp-content\/uploads\/2017\/09\/KMU-Monitor_2017-263x175.jpg 263w, https:\/\/www.organisator.ch\/wp-content\/uploads\/2017\/09\/KMU-Monitor_2017-526x350.jpg 526w, https:\/\/www.organisator.ch\/wp-content\/uploads\/2017\/09\/KMU-Monitor_2017-300x200.jpg 300w\" sizes=\"auto, (max-width: 640px) 100vw, 640px\" \/><figcaption id=\"caption-attachment-2402\" class=\"wp-caption-text\">Wagen Sie einen Ausblick und beteiligen Sie sich an der Umfrage f\u00fcr den KMU-Monitor 2017! Das Ziel: Eine kleine Analyse des aktuellen Umfelds, in dem sich KMU derzeit bewegen.\u00a0(Bild: Fotolia.com)<\/figcaption><\/figure>\n<p>Die Spatzen pfeifen es von den D\u00e4chern: Die Schweizer Wirtschaft zieht an. Doch\u00a0gilt das auch f\u00fcr Ihr KMU? Mit welchen Herausforderungen sind Sie konfrontiert? Was bringt der Digitale Wandel? Wo m\u00fcssen\u00a0bzw. wollen Sie investieren?\u00a0Sagen Sie es uns in einer kleinen Umfrage f\u00fcr unseren diesj\u00e4hrigen KMU-Monitor, einer Sonderpublikation des ORGANISATOR. Die Antworten aus dieser Online-Umfrage sollen ein Stimmungsbild ergeben und einen Ausblick auf gegenw\u00e4rtige und kommende Herausforderungen von KMU erlauben.<\/p>\n<p>Nehmen Sie sich also gerne ein paar Minuten Zeit und beantworten unsere Fragen. Die Ergebnisse werden in der erw\u00e4hnten Sonderpublikation &#8222;KMU-Monitor 2017&#8220; zusammengetragen und kommentiert. Das Sonderheft erscheint als Beilage zur Oktober-Ausgabe des ORGANISATOR und wird auch am Schweizer KMU-Tag vom 27. Oktober verteilt.<\/p>\n<p><a href=\"https:\/\/de.surveymonkey.com\/r\/DJGZ2ZK\"><strong>Hier geht es zur Umfrage<\/strong>\u00a0&gt;&gt; <\/a><\/p>\n","protected":false},"excerpt":{"rendered":"<p>Die Spatzen pfeifen es von den D\u00e4chern: Die Schweizer Wirtschaft zieht an. Doch\u00a0gilt das auch f\u00fcr Ihr KMU? Mit welchen Herausforderungen sind Sie konfrontiert? Was bringt der Digitale Wandel? Wo m\u00fcssen\u00a0bzw. wollen Sie investieren?\u00a0Sagen Sie es uns in einer kleinen Umfrage f\u00fcr unseren diesj\u00e4hrigen KMU-Monitor, einer Sonderpublikation des ORGANISATOR. Die Antworten aus dieser Online-Umfrage sollen [&hellip;]<\/p>\n","protected":false},"author":4,"featured_media":2402,"comment_status":"open","ping_status":"open","sticky":false,"template":"","format":"standard","meta":{"_acf_changed":false,"_yoast_wpseo_focuskw":"KMU-Monitor 2017","_yoast_wpseo_metadesc":"Die Erhebung f\u00fcr die j\u00e4hrliche Umfrage f\u00fcr den KMU-Monitor l\u00e4uft: Machen Sie mit und tragen Sie zu einer Analyse der Stimmung unter Schweizer KMU bei.","articlekey":"","footnotes":""},"categories":[1],"tags":[303,459,487,508],"class_list":["post-2401","post","type-post","status-publish","format-standard","has-post-thumbnail","hentry","category-allgemein","tag-kmu-monitor","tag-studie","tag-umfrage","tag-vermischtes"],"acf":[],"yoast_head":"<!-- This site is optimized with the Yoast SEO plugin v27.4 - https:\/\/yoast.com\/product\/yoast-seo-wordpress\/ -->\n<title>KMU-Monitor 2017: Machen Sie mit bei unserer Umfrage! - Organisator<\/title>\n<meta name=\"description\" content=\"Die Erhebung f\u00fcr die j\u00e4hrliche Umfrage f\u00fcr den KMU-Monitor l\u00e4uft: Machen Sie mit und tragen Sie zu einer Analyse der Stimmung unter Schweizer KMU bei.\" \/>\n<meta name=\"robots\" content=\"index, follow, max-snippet:-1, max-image-preview:large, max-video-preview:-1\" \/>\n<link rel=\"canonical\" href=\"https:\/\/www.organisator.ch\/de\/allgemein\/2017-09-08\/kmu-monitor-2017-machen-sie-mit-bei-unserer-umfrage\/\" \/>\n<meta property=\"og:locale\" content=\"de_DE\" \/>\n<meta property=\"og:type\" content=\"article\" \/>\n<meta property=\"og:title\" content=\"KMU-Monitor 2017: Machen Sie mit bei unserer Umfrage!\" \/>\n<meta property=\"og:description\" content=\"Die Erhebung f\u00fcr die j\u00e4hrliche Umfrage f\u00fcr den #KMU-Monitor l\u00e4uft: Machen Sie mit und tragen Sie zu einer Analyse der Stimmung unter Schweizer KMU bei.\" \/>\n<meta property=\"og:url\" content=\"https:\/\/www.organisator.ch\/de\/allgemein\/2017-09-08\/kmu-monitor-2017-machen-sie-mit-bei-unserer-umfrage\/\" \/>\n<meta property=\"og:site_name\" content=\"Organisator\" \/>\n<meta property=\"article:publisher\" content=\"https:\/\/www.facebook.com\/OrganisatorFachmagazin\" \/>\n<meta property=\"article:published_time\" content=\"2017-09-08T06:15:29+00:00\" \/>\n<meta property=\"og:image\" content=\"https:\/\/www.organisator.ch\/wp-content\/uploads\/2017\/09\/KMU-Monitor_2017.jpg\" \/>\n\t<meta property=\"og:image:width\" content=\"640\" \/>\n\t<meta property=\"og:image:height\" content=\"426\" \/>\n\t<meta property=\"og:image:type\" content=\"image\/jpeg\" \/>\n<meta name=\"author\" content=\"thomas.berner\" \/>\n<meta name=\"twitter:card\" content=\"summary_large_image\" \/>\n<meta name=\"twitter:title\" content=\"#KMU-Monitor 2017: Machen Sie mit bei unserer Umfrage!\" \/>\n<meta name=\"twitter:description\" content=\"Die Erhebung f\u00fcr die j\u00e4hrliche Umfrage f\u00fcr den #KMU-Monitor l\u00e4uft: Machen Sie mit und tragen Sie zu einer Analyse der Stimmung unter Schweizer KMU bei.\" \/>\n<meta name=\"twitter:image\" content=\"https:\/\/www.organisator.ch\/wp-content\/uploads\/2017\/09\/KMU-Monitor_2017.jpg\" \/>\n<script type=\"application\/ld+json\" class=\"yoast-schema-graph\">{\"@context\":\"https:\\\/\\\/schema.org\",\"@graph\":[{\"@type\":\"Article\",\"@id\":\"https:\\\/\\\/www.organisator.ch\\\/fr\\\/general\\\/2017-09-08\\\/kmu-monitor-2017-machen-sie-mit-bei-unserer-umfrage\\\/#article\",\"isPartOf\":{\"@id\":\"https:\\\/\\\/www.organisator.ch\\\/fr\\\/general\\\/2017-09-08\\\/kmu-monitor-2017-machen-sie-mit-bei-unserer-umfrage\\\/\"},\"author\":{\"name\":\"thomas.berner\",\"@id\":\"https:\\\/\\\/www.organisator.ch\\\/#\\\/schema\\\/person\\\/6f650f90b2842cd4c0cc334b4e36f67e\"},\"headline\":\"KMU-Monitor 2017: Machen Sie mit bei unserer Umfrage!\",\"datePublished\":\"2017-09-08T06:15:29+00:00\",\"mainEntityOfPage\":{\"@id\":\"https:\\\/\\\/www.organisator.ch\\\/fr\\\/general\\\/2017-09-08\\\/kmu-monitor-2017-machen-sie-mit-bei-unserer-umfrage\\\/\"},\"wordCount\":174,\"commentCount\":0,\"publisher\":{\"@id\":\"https:\\\/\\\/www.organisator.ch\\\/#organization\"},\"image\":{\"@id\":\"https:\\\/\\\/www.organisator.ch\\\/fr\\\/general\\\/2017-09-08\\\/kmu-monitor-2017-machen-sie-mit-bei-unserer-umfrage\\\/#primaryimage\"},\"thumbnailUrl\":\"https:\\\/\\\/www.organisator.ch\\\/wp-content\\\/uploads\\\/2017\\\/09\\\/KMU-Monitor_2017.jpg\",\"keywords\":[\"KMU-Monitor\",\"Studie\",\"Umfrage\",\"Vermischtes\"],\"inLanguage\":\"de\"},{\"@type\":\"WebPage\",\"@id\":\"https:\\\/\\\/www.organisator.ch\\\/fr\\\/general\\\/2017-09-08\\\/kmu-monitor-2017-machen-sie-mit-bei-unserer-umfrage\\\/\",\"url\":\"https:\\\/\\\/www.organisator.ch\\\/fr\\\/general\\\/2017-09-08\\\/kmu-monitor-2017-machen-sie-mit-bei-unserer-umfrage\\\/\",\"name\":\"KMU-Monitor 2017: Machen Sie mit bei unserer Umfrage! - Organisator\",\"isPartOf\":{\"@id\":\"https:\\\/\\\/www.organisator.ch\\\/#website\"},\"primaryImageOfPage\":{\"@id\":\"https:\\\/\\\/www.organisator.ch\\\/fr\\\/general\\\/2017-09-08\\\/kmu-monitor-2017-machen-sie-mit-bei-unserer-umfrage\\\/#primaryimage\"},\"image\":{\"@id\":\"https:\\\/\\\/www.organisator.ch\\\/fr\\\/general\\\/2017-09-08\\\/kmu-monitor-2017-machen-sie-mit-bei-unserer-umfrage\\\/#primaryimage\"},\"thumbnailUrl\":\"https:\\\/\\\/www.organisator.ch\\\/wp-content\\\/uploads\\\/2017\\\/09\\\/KMU-Monitor_2017.jpg\",\"datePublished\":\"2017-09-08T06:15:29+00:00\",\"description\":\"Die Erhebung f\u00fcr die j\u00e4hrliche Umfrage f\u00fcr den KMU-Monitor l\u00e4uft: Machen Sie mit und tragen Sie zu einer Analyse der Stimmung unter Schweizer KMU bei.\",\"breadcrumb\":{\"@id\":\"https:\\\/\\\/www.organisator.ch\\\/fr\\\/general\\\/2017-09-08\\\/kmu-monitor-2017-machen-sie-mit-bei-unserer-umfrage\\\/#breadcrumb\"},\"inLanguage\":\"de\",\"potentialAction\":[{\"@type\":\"ReadAction\",\"target\":[\"https:\\\/\\\/www.organisator.ch\\\/fr\\\/general\\\/2017-09-08\\\/kmu-monitor-2017-machen-sie-mit-bei-unserer-umfrage\\\/\"]}]},{\"@type\":\"ImageObject\",\"inLanguage\":\"de\",\"@id\":\"https:\\\/\\\/www.organisator.ch\\\/fr\\\/general\\\/2017-09-08\\\/kmu-monitor-2017-machen-sie-mit-bei-unserer-umfrage\\\/#primaryimage\",\"url\":\"https:\\\/\\\/www.organisator.ch\\\/wp-content\\\/uploads\\\/2017\\\/09\\\/KMU-Monitor_2017.jpg\",\"contentUrl\":\"https:\\\/\\\/www.organisator.ch\\\/wp-content\\\/uploads\\\/2017\\\/09\\\/KMU-Monitor_2017.jpg\",\"width\":640,\"height\":426,\"caption\":\"Wagen Sie einen Ausblick und beteiligen Sie sich an der Umfrage f\u00fcr den KMU-Monitor 2017! (Bild: Fotolia.com)\"},{\"@type\":\"BreadcrumbList\",\"@id\":\"https:\\\/\\\/www.organisator.ch\\\/fr\\\/general\\\/2017-09-08\\\/kmu-monitor-2017-machen-sie-mit-bei-unserer-umfrage\\\/#breadcrumb\",\"itemListElement\":[{\"@type\":\"ListItem\",\"position\":1,\"name\":\"Home\",\"item\":\"https:\\\/\\\/www.organisator.ch\\\/\"},{\"@type\":\"ListItem\",\"position\":2,\"name\":\"KMU-Monitor 2017: Machen Sie mit bei unserer Umfrage!\"}]},{\"@type\":\"WebSite\",\"@id\":\"https:\\\/\\\/www.organisator.ch\\\/#website\",\"url\":\"https:\\\/\\\/www.organisator.ch\\\/\",\"name\":\"Organisator\",\"description\":\"Kompetent. Praxisnah. Der ORGANISATOR bereitet in 10 Ausgaben pro Jahr die wesentlichen Themen f\u00fcr F\u00fchrungskr\u00e4fte von KMU auf.\",\"publisher\":{\"@id\":\"https:\\\/\\\/www.organisator.ch\\\/#organization\"},\"potentialAction\":[{\"@type\":\"SearchAction\",\"target\":{\"@type\":\"EntryPoint\",\"urlTemplate\":\"https:\\\/\\\/www.organisator.ch\\\/?s={search_term_string}\"},\"query-input\":{\"@type\":\"PropertyValueSpecification\",\"valueRequired\":true,\"valueName\":\"search_term_string\"}}],\"inLanguage\":\"de\"},{\"@type\":\"Organization\",\"@id\":\"https:\\\/\\\/www.organisator.ch\\\/#organization\",\"name\":\"Organisator\",\"url\":\"https:\\\/\\\/www.organisator.ch\\\/\",\"logo\":{\"@type\":\"ImageObject\",\"inLanguage\":\"de\",\"@id\":\"https:\\\/\\\/www.organisator.ch\\\/#\\\/schema\\\/logo\\\/image\\\/\",\"url\":\"https:\\\/\\\/www.organisator.ch\\\/wp-content\\\/uploads\\\/2022\\\/01\\\/Logo_Organisator_Website.png\",\"contentUrl\":\"https:\\\/\\\/www.organisator.ch\\\/wp-content\\\/uploads\\\/2022\\\/01\\\/Logo_Organisator_Website.png\",\"width\":800,\"height\":77,\"caption\":\"Organisator\"},\"image\":{\"@id\":\"https:\\\/\\\/www.organisator.ch\\\/#\\\/schema\\\/logo\\\/image\\\/\"},\"sameAs\":[\"https:\\\/\\\/www.facebook.com\\\/OrganisatorFachmagazin\",\"https:\\\/\\\/www.linkedin.com\\\/showcase\\\/organisator-das-magazin-fr-kmu\",\"https:\\\/\\\/www.xing.com\\\/news\\\/pages\\\/organisator-ch-695\",\"https:\\\/\\\/www.youtube.com\\\/channel\\\/UCGP2Sq0iWaZwT3BdIAQFYpw\"]},{\"@type\":\"Person\",\"@id\":\"https:\\\/\\\/www.organisator.ch\\\/#\\\/schema\\\/person\\\/6f650f90b2842cd4c0cc334b4e36f67e\",\"name\":\"thomas.berner\",\"image\":{\"@type\":\"ImageObject\",\"inLanguage\":\"de\",\"@id\":\"https:\\\/\\\/secure.gravatar.com\\\/avatar\\\/ac5001d2a36cb6c6cd3e50789007ffca834b477b74a2144564522e944eabff61?s=96&d=mm&r=g\",\"url\":\"https:\\\/\\\/secure.gravatar.com\\\/avatar\\\/ac5001d2a36cb6c6cd3e50789007ffca834b477b74a2144564522e944eabff61?s=96&d=mm&r=g\",\"contentUrl\":\"https:\\\/\\\/secure.gravatar.com\\\/avatar\\\/ac5001d2a36cb6c6cd3e50789007ffca834b477b74a2144564522e944eabff61?s=96&d=mm&r=g\",\"caption\":\"thomas.berner\"},\"url\":\"https:\\\/\\\/www.organisator.ch\\\/de\\\/author\\\/thomas-berner\\\/\"}]}<\/script>\n<!-- \/ Yoast SEO plugin. -->","yoast_head_json":{"title":"KMU-Monitor 2017: Machen Sie mit bei unserer Umfrage! - Organisator","description":"Die Erhebung f\u00fcr die j\u00e4hrliche Umfrage f\u00fcr den KMU-Monitor l\u00e4uft: Machen Sie mit und tragen Sie zu einer Analyse der Stimmung unter Schweizer KMU bei.","robots":{"index":"index","follow":"follow","max-snippet":"max-snippet:-1","max-image-preview":"max-image-preview:large","max-video-preview":"max-video-preview:-1"},"canonical":"https:\/\/www.organisator.ch\/de\/allgemein\/2017-09-08\/kmu-monitor-2017-machen-sie-mit-bei-unserer-umfrage\/","og_locale":"de_DE","og_type":"article","og_title":"KMU-Monitor 2017: Machen Sie mit bei unserer Umfrage!","og_description":"Die Erhebung f\u00fcr die j\u00e4hrliche Umfrage f\u00fcr den #KMU-Monitor l\u00e4uft: Machen Sie mit und tragen Sie zu einer Analyse der Stimmung unter Schweizer KMU bei.","og_url":"https:\/\/www.organisator.ch\/de\/allgemein\/2017-09-08\/kmu-monitor-2017-machen-sie-mit-bei-unserer-umfrage\/","og_site_name":"Organisator","article_publisher":"https:\/\/www.facebook.com\/OrganisatorFachmagazin","article_published_time":"2017-09-08T06:15:29+00:00","og_image":[{"width":640,"height":426,"url":"https:\/\/www.organisator.ch\/wp-content\/uploads\/2017\/09\/KMU-Monitor_2017.jpg","type":"image\/jpeg"}],"author":"thomas.berner","twitter_card":"summary_large_image","twitter_title":"#KMU-Monitor 2017: Machen Sie mit bei unserer Umfrage!","twitter_description":"Die Erhebung f\u00fcr die j\u00e4hrliche Umfrage f\u00fcr den #KMU-Monitor l\u00e4uft: Machen Sie mit und tragen Sie zu einer Analyse der Stimmung unter Schweizer KMU bei.","twitter_image":"https:\/\/www.organisator.ch\/wp-content\/uploads\/2017\/09\/KMU-Monitor_2017.jpg","schema":{"@context":"https:\/\/schema.org","@graph":[{"@type":"Article","@id":"https:\/\/www.organisator.ch\/fr\/general\/2017-09-08\/kmu-monitor-2017-machen-sie-mit-bei-unserer-umfrage\/#article","isPartOf":{"@id":"https:\/\/www.organisator.ch\/fr\/general\/2017-09-08\/kmu-monitor-2017-machen-sie-mit-bei-unserer-umfrage\/"},"author":{"name":"thomas.berner","@id":"https:\/\/www.organisator.ch\/#\/schema\/person\/6f650f90b2842cd4c0cc334b4e36f67e"},"headline":"KMU-Monitor 2017: Machen Sie mit bei unserer Umfrage!","datePublished":"2017-09-08T06:15:29+00:00","mainEntityOfPage":{"@id":"https:\/\/www.organisator.ch\/fr\/general\/2017-09-08\/kmu-monitor-2017-machen-sie-mit-bei-unserer-umfrage\/"},"wordCount":174,"commentCount":0,"publisher":{"@id":"https:\/\/www.organisator.ch\/#organization"},"image":{"@id":"https:\/\/www.organisator.ch\/fr\/general\/2017-09-08\/kmu-monitor-2017-machen-sie-mit-bei-unserer-umfrage\/#primaryimage"},"thumbnailUrl":"https:\/\/www.organisator.ch\/wp-content\/uploads\/2017\/09\/KMU-Monitor_2017.jpg","keywords":["KMU-Monitor","Studie","Umfrage","Vermischtes"],"inLanguage":"de"},{"@type":"WebPage","@id":"https:\/\/www.organisator.ch\/fr\/general\/2017-09-08\/kmu-monitor-2017-machen-sie-mit-bei-unserer-umfrage\/","url":"https:\/\/www.organisator.ch\/fr\/general\/2017-09-08\/kmu-monitor-2017-machen-sie-mit-bei-unserer-umfrage\/","name":"KMU-Monitor 2017: Machen Sie mit bei unserer Umfrage! - Organisator","isPartOf":{"@id":"https:\/\/www.organisator.ch\/#website"},"primaryImageOfPage":{"@id":"https:\/\/www.organisator.ch\/fr\/general\/2017-09-08\/kmu-monitor-2017-machen-sie-mit-bei-unserer-umfrage\/#primaryimage"},"image":{"@id":"https:\/\/www.organisator.ch\/fr\/general\/2017-09-08\/kmu-monitor-2017-machen-sie-mit-bei-unserer-umfrage\/#primaryimage"},"thumbnailUrl":"https:\/\/www.organisator.ch\/wp-content\/uploads\/2017\/09\/KMU-Monitor_2017.jpg","datePublished":"2017-09-08T06:15:29+00:00","description":"Die Erhebung f\u00fcr die j\u00e4hrliche Umfrage f\u00fcr den KMU-Monitor l\u00e4uft: Machen Sie mit und tragen Sie zu einer Analyse der Stimmung unter Schweizer KMU bei.","breadcrumb":{"@id":"https:\/\/www.organisator.ch\/fr\/general\/2017-09-08\/kmu-monitor-2017-machen-sie-mit-bei-unserer-umfrage\/#breadcrumb"},"inLanguage":"de","potentialAction":[{"@type":"ReadAction","target":["https:\/\/www.organisator.ch\/fr\/general\/2017-09-08\/kmu-monitor-2017-machen-sie-mit-bei-unserer-umfrage\/"]}]},{"@type":"ImageObject","inLanguage":"de","@id":"https:\/\/www.organisator.ch\/fr\/general\/2017-09-08\/kmu-monitor-2017-machen-sie-mit-bei-unserer-umfrage\/#primaryimage","url":"https:\/\/www.organisator.ch\/wp-content\/uploads\/2017\/09\/KMU-Monitor_2017.jpg","contentUrl":"https:\/\/www.organisator.ch\/wp-content\/uploads\/2017\/09\/KMU-Monitor_2017.jpg","width":640,"height":426,"caption":"Wagen Sie einen Ausblick und beteiligen Sie sich an der Umfrage f\u00fcr den KMU-Monitor 2017! (Bild: Fotolia.com)"},{"@type":"BreadcrumbList","@id":"https:\/\/www.organisator.ch\/fr\/general\/2017-09-08\/kmu-monitor-2017-machen-sie-mit-bei-unserer-umfrage\/#breadcrumb","itemListElement":[{"@type":"ListItem","position":1,"name":"Home","item":"https:\/\/www.organisator.ch\/"},{"@type":"ListItem","position":2,"name":"KMU-Monitor 2017: Machen Sie mit bei unserer Umfrage!"}]},{"@type":"WebSite","@id":"https:\/\/www.organisator.ch\/#website","url":"https:\/\/www.organisator.ch\/","name":"Organisator","description":"Kompetent. Praxisnah. Der ORGANISATOR bereitet in 10 Ausgaben pro Jahr die wesentlichen Themen f\u00fcr F\u00fchrungskr\u00e4fte von KMU auf.","publisher":{"@id":"https:\/\/www.organisator.ch\/#organization"},"potentialAction":[{"@type":"SearchAction","target":{"@type":"EntryPoint","urlTemplate":"https:\/\/www.organisator.ch\/?s={search_term_string}"},"query-input":{"@type":"PropertyValueSpecification","valueRequired":true,"valueName":"search_term_string"}}],"inLanguage":"de"},{"@type":"Organization","@id":"https:\/\/www.organisator.ch\/#organization","name":"Organisator","url":"https:\/\/www.organisator.ch\/","logo":{"@type":"ImageObject","inLanguage":"de","@id":"https:\/\/www.organisator.ch\/#\/schema\/logo\/image\/","url":"https:\/\/www.organisator.ch\/wp-content\/uploads\/2022\/01\/Logo_Organisator_Website.png","contentUrl":"https:\/\/www.organisator.ch\/wp-content\/uploads\/2022\/01\/Logo_Organisator_Website.png","width":800,"height":77,"caption":"Organisator"},"image":{"@id":"https:\/\/www.organisator.ch\/#\/schema\/logo\/image\/"},"sameAs":["https:\/\/www.facebook.com\/OrganisatorFachmagazin","https:\/\/www.linkedin.com\/showcase\/organisator-das-magazin-fr-kmu","https:\/\/www.xing.com\/news\/pages\/organisator-ch-695","https:\/\/www.youtube.com\/channel\/UCGP2Sq0iWaZwT3BdIAQFYpw"]},{"@type":"Person","@id":"https:\/\/www.organisator.ch\/#\/schema\/person\/6f650f90b2842cd4c0cc334b4e36f67e","name":"thomas.berner","image":{"@type":"ImageObject","inLanguage":"de","@id":"https:\/\/secure.gravatar.com\/avatar\/ac5001d2a36cb6c6cd3e50789007ffca834b477b74a2144564522e944eabff61?s=96&d=mm&r=g","url":"https:\/\/secure.gravatar.com\/avatar\/ac5001d2a36cb6c6cd3e50789007ffca834b477b74a2144564522e944eabff61?s=96&d=mm&r=g","contentUrl":"https:\/\/secure.gravatar.com\/avatar\/ac5001d2a36cb6c6cd3e50789007ffca834b477b74a2144564522e944eabff61?s=96&d=mm&r=g","caption":"thomas.berner"},"url":"https:\/\/www.organisator.ch\/de\/author\/thomas-berner\/"}]}},"_links":{"self":[{"href":"https:\/\/www.organisator.ch\/de\/wp-json\/wp\/v2\/posts\/2401","targetHints":{"allow":["GET"]}}],"collection":[{"href":"https:\/\/www.organisator.ch\/de\/wp-json\/wp\/v2\/posts"}],"about":[{"href":"https:\/\/www.organisator.ch\/de\/wp-json\/wp\/v2\/types\/post"}],"author":[{"embeddable":true,"href":"https:\/\/www.organisator.ch\/de\/wp-json\/wp\/v2\/users\/4"}],"replies":[{"embeddable":true,"href":"https:\/\/www.organisator.ch\/de\/wp-json\/wp\/v2\/comments?post=2401"}],"version-history":[{"count":0,"href":"https:\/\/www.organisator.ch\/de\/wp-json\/wp\/v2\/posts\/2401\/revisions"}],"wp:featuredmedia":[{"embeddable":true,"href":"https:\/\/www.organisator.ch\/de\/wp-json\/wp\/v2\/media\/2402"}],"wp:attachment":[{"href":"https:\/\/www.organisator.ch\/de\/wp-json\/wp\/v2\/media?parent=2401"}],"wp:term":[{"taxonomy":"category","embeddable":true,"href":"https:\/\/www.organisator.ch\/de\/wp-json\/wp\/v2\/categories?post=2401"},{"taxonomy":"post_tag","embeddable":true,"href":"https:\/\/www.organisator.ch\/de\/wp-json\/wp\/v2\/tags?post=2401"}],"curies":[{"name":"wp","href":"https:\/\/api.w.org\/{rel}","templated":true}]}}