{"id":2412,"date":"2017-09-11T10:22:29","date_gmt":"2017-09-11T08:22:29","guid":{"rendered":"https:\/\/www.organisator.ch\/?p=2412"},"modified":"2017-09-11T10:22:29","modified_gmt":"2017-09-11T08:22:29","slug":"von-erschrockenen-goldfischen-am-networking-tag-2017","status":"publish","type":"post","link":"https:\/\/www.organisator.ch\/de\/allgemein\/2017-09-11\/von-erschrockenen-goldfischen-am-networking-tag-2017\/","title":{"rendered":"Von erschrockenen Goldfischen am Networking-Tag 2017"},"content":{"rendered":"<figure id=\"attachment_2413\" aria-describedby=\"caption-attachment-2413\" style=\"width: 640px\" class=\"wp-caption alignnone\"><img loading=\"lazy\" decoding=\"async\" class=\"size-full wp-image-2413\" src=\"https:\/\/www.organisator.ch\/wp-content\/uploads\/2017\/09\/Von-erschrockenen-Goldfischen-am-Networking-Tag-2017-1_Organisator.jpg\" alt=\"\" width=\"640\" height=\"427\" srcset=\"https:\/\/www.organisator.ch\/wp-content\/uploads\/2017\/09\/Von-erschrockenen-Goldfischen-am-Networking-Tag-2017-1_Organisator.jpg 640w, https:\/\/www.organisator.ch\/wp-content\/uploads\/2017\/09\/Von-erschrockenen-Goldfischen-am-Networking-Tag-2017-1_Organisator-16x12.jpg 16w, https:\/\/www.organisator.ch\/wp-content\/uploads\/2017\/09\/Von-erschrockenen-Goldfischen-am-Networking-Tag-2017-1_Organisator-262x175.jpg 262w, https:\/\/www.organisator.ch\/wp-content\/uploads\/2017\/09\/Von-erschrockenen-Goldfischen-am-Networking-Tag-2017-1_Organisator-525x350.jpg 525w, https:\/\/www.organisator.ch\/wp-content\/uploads\/2017\/09\/Von-erschrockenen-Goldfischen-am-Networking-Tag-2017-1_Organisator-300x200.jpg 300w\" sizes=\"auto, (max-width: 640px) 100vw, 640px\" \/><figcaption id=\"caption-attachment-2413\" class=\"wp-caption-text\">Inputgespr\u00e4ch am Networking-Tag 2017: Philosoph Philipp Tingler und Historikerin Ute Frevert (im Gespr\u00e4ch mit Moderatorin Claudia L\u00e4sser) waren sich nicht immer einig. (Foto: PD FHS Alumni)<\/figcaption><\/figure>\n<p>Die heutige Gesellschaft k\u00e4mpft gegen das alternde \u00c4ussere, spritzt sich faltenfrei, korrigiert die vermeintlichen Ungereimtheiten und entledigt sich der Fettp\u00f6lsterchen. Woher kommt dieser Traum, ewig zu leben? Ewig jung bleiben zu wollen? Das fragt sich nicht nur Sebastian W\u00f6rwag, der Rektor der Fachhochschule St.Gallen, am 8. September 2017 in der Olma Halle, sondern auch die rund 700 Teilnehmenden des 13. Networking-Tages der FHS Alumni. Denn das Thema lautet: \u00abForever Young\u00bb. \u00abDie Idee dazu entstand letzten Sommer bei einer Wanderung auf die Alp Sigel. Ich k\u00e4mpfte mich regelrecht hoch und mir wurde bewusst: Der Geist bewegt sich vorw\u00e4rts, der K\u00f6rper leider r\u00fcckw\u00e4rts. Geholfen hat mir schliesslich das Lied von Alphaville: Forever young\u00bb, sagt Sigmar Willi, Leiter der FHS Alumni.<\/p>\n<h2><strong>Die ewige Jugend tr\u00e4gt ein Einheitsgesicht<\/strong><\/h2>\n<p>\u00abDer heutige Mensch akzeptiert das Schicksal nicht mehr \u2013 das Schicksal des Alterns\u00bb, findet Philipp Tingler, Philosoph und Wirtschaftswissenschaftler. Vielmehr verst\u00fcnde er sich als Selbstsch\u00f6pfer, als Homokreator. Man akzeptiere seine grosse Nase nicht mehr, sondern korrigiere sie. Und so nehme das westliche Einheitsgesicht seinen Lauf: kleine Nase, grosser Mund, nach hinten gezogenes Gesicht. \u00abDie sehen alle aus wie erschrockene Goldfische.\u00bb Man lasse sich vom Tsunami bearbeiteter Bilder mitreissen, im Sinne von: Ich werde zwar \u00e4lter, muss aber nicht so aussehen. Dabei scheine die Menschheit zu vergessen: \u00abAuch wenn wir 85 sind und wie 40 aussehen, wir fallen irgendwann tot um\u00bb, so Tingler. Ute Frevert, Direktorin am Max-Planck-Institut f\u00fcr Bildungsforschung, gibt ihm diesbez\u00fcglich recht. Sie erz\u00e4hlt von ihrer Freundin, die in den USA lebt. Eine Frau um die 70, die sich entscheidet, fortan kein Botox mehr zu spritzen und die Haare grau zu lassen. Doch sie l\u00f6st damit in ihrem Umfeld einen Sturm der Entr\u00fcstung aus. \u00abFr\u00fcher war die Jugend nicht \u00fcberall gesch\u00e4tzt, es kam ganz auf die Umst\u00e4nde an. Erst im 19. Jahrhundert kam das Jungsein zutage, allerdings nur bei den M\u00e4nnern und in h\u00f6heren Schichten\u00bb, so die Historikerin. Die ersten Verj\u00fcngungsoperationen seien Anfang des 20. Jahrhunderts \u00fcberliefert worden, jedoch ohne sichtbare Erfolge, schmunzelt sie. \u00abHeute bedeutet Jugend, selbstbestimmend und unabh\u00e4ngig zu sein, geistig wie k\u00f6rperlich.\u00bb<\/p>\n<h2><strong>Zur\u00fcckbesinnen: Mehr Sein als Haben<\/strong><\/h2>\n<p>Ehe man sich versieht, kommt die \u00abMidlife-Crisis\u00bb. Das weiss die Entwicklungspsychologin Pasqualina Perrig-Chiello nur zu gut. \u00abIn der Mitte des Lebens sind wir noch nicht alt, aber auch nicht mehr jung. Es ist die Zeit, die am krisenanf\u00e4lligsten ist.\u00bb Man stecke mit seiner Lebenszufriedenheit ganz unten, durchlebe pers\u00f6nliche, famili\u00e4re oder berufliche Ver\u00e4nderungen. Oft auch alles auf einmal. F\u00fchle sich \u00fcberlastet, von Jungen ver- oder bedr\u00e4ngt und stehe an der Schwelle eines wichtigen biografischen \u00dcbergangs. Eine grosse Herausforderung, mit der viele nicht klarkommen w\u00fcrden. Doch sie ermuntert die Teilnehmenden im Saal: Ab 49 gehe es wieder aufw\u00e4rts, das w\u00fcrden zahlreiche Studien belegen. Es sei die beste Zeit, um neue Weichen zu stellen. Sich selbst wieder zu entfalten. Und sich statt \u00fcbers Haben zu definieren, wieder aufs Sein zu konzentrieren.<\/p>\n<figure id=\"attachment_2414\" aria-describedby=\"caption-attachment-2414\" style=\"width: 640px\" class=\"wp-caption alignnone\"><img loading=\"lazy\" decoding=\"async\" class=\"size-full wp-image-2414\" src=\"https:\/\/www.organisator.ch\/wp-content\/uploads\/2017\/09\/Von-erschrockenen-Goldfischen-am-Networking-Tag-2017-2_Organisator.jpg\" alt=\"\" width=\"640\" height=\"278\" srcset=\"https:\/\/www.organisator.ch\/wp-content\/uploads\/2017\/09\/Von-erschrockenen-Goldfischen-am-Networking-Tag-2017-2_Organisator.jpg 640w, https:\/\/www.organisator.ch\/wp-content\/uploads\/2017\/09\/Von-erschrockenen-Goldfischen-am-Networking-Tag-2017-2_Organisator-16x7.jpg 16w, https:\/\/www.organisator.ch\/wp-content\/uploads\/2017\/09\/Von-erschrockenen-Goldfischen-am-Networking-Tag-2017-2_Organisator-375x163.jpg 375w, https:\/\/www.organisator.ch\/wp-content\/uploads\/2017\/09\/Von-erschrockenen-Goldfischen-am-Networking-Tag-2017-2_Organisator-300x130.jpg 300w\" sizes=\"auto, (max-width: 640px) 100vw, 640px\" \/><figcaption id=\"caption-attachment-2414\" class=\"wp-caption-text\">CEO Marc Stoffel wurde von seinen Mitarbeitenden in sein Amt gew\u00e4hlt. Im Podium erkl\u00e4rt er Moderatorin Claudia L\u00e4sser und den beiden CEOs Caroline Forster und Alexander von Witzleben (v.r.n.l.), was f\u00fcr ihn moderne F\u00fchrung bedeutet. (Bild: PD FHS Alumni)<\/figcaption><\/figure>\n<h2><strong>Die Jugendlichkeit im Management<\/strong><\/h2>\n<p>Bleibt noch die Frage: Leiten junge F\u00fchrungskr\u00e4fte anders? \u00abVor 30 Jahren habe ich anders entschieden als heute. N\u00e4mlich mit viel mehr Sturm und Drang. Der Vorteil heute: Ich kann Menschen besser einsch\u00e4tzen\u00bb, sagt Alexander von Witzleben, CEO der Arbonia AG. Caroline Forster von der Forster Rohner Gruppe erinnert sich, wie sie mit 27 Jahren, zusammen mit ihrem Bruder, die Firma des Vaters \u00fcbernahm. Sie sei damals noch naiv gewesen, habe einfach gemacht, ohne lange zu \u00fcberlegen. Heute spiele die Erfahrung mit. Experimentierfreudig ist der Dritte in der Talkrunde: Marc Stoffel, CEO der Haufe-umantis AG (siehe auch <a href=\"https:\/\/www.organisator.ch\/wp-content\/uploads\/2017\/09\/2017_07-08-10.pdf\">Interview in Ausgabe 7-8\/2017 des ORGANISATOR<\/a>). In seiner Firma wird jede F\u00fchrungsperson nach einem Jahr von der gesamten Belegschaft wieder- oder abgew\u00e4hlt, mittels anonymer Abstimmung per App. \u00abJedes Produkt und Unternehmen hat ein Ablaufdatum. Deshalb m\u00fcssen wir uns immer wieder hinterfragen und beweglich bleiben.\u00bb<\/p>\n<h2><strong>Aktivit\u00e4t \u2013 f\u00fcr ein langes Leben<\/strong><\/h2>\n<p>Das ist auch das Stichwort von Beat Villiger, dem Arzt und Manager, dem die Spitzensportler \u00fcber viele Jahre vertrauten. Er imponiert mit unglaublichen Studien, wie beispielsweise, dass mediterranes Essen die beste Ern\u00e4hrung sei und jede Di\u00e4t \u00fcbertreffe oder dass etwas Speck am Knochen im Alter ein entscheidender \u00dcberlebensfaktor sei. Das effektivste Medikament f\u00fcr ein langes Leben sei jedoch, sich regelm\u00e4ssig zu bewegen. Sein Rat lautet sodann: \u00abVerzichten Sie nicht auf Lifestyle. Trinken Sie jeden Tag 2dl Rotwein, aber nicht mehr. Sie m\u00fcssen nicht auf das Ungesunde verzichten, solange Sie das Gesunde nicht beiseitelassen. Und denken Sie an die Aktivit\u00e4t.\u00bb<\/p>\n<figure id=\"attachment_2415\" aria-describedby=\"caption-attachment-2415\" style=\"width: 640px\" class=\"wp-caption alignnone\"><img loading=\"lazy\" decoding=\"async\" class=\"size-full wp-image-2415\" src=\"https:\/\/www.organisator.ch\/wp-content\/uploads\/2017\/09\/Von-erschrockenen-Goldfischen-am-Networking-Tag-2017-3_Organisator.jpg\" alt=\"\" width=\"640\" height=\"427\" srcset=\"https:\/\/www.organisator.ch\/wp-content\/uploads\/2017\/09\/Von-erschrockenen-Goldfischen-am-Networking-Tag-2017-3_Organisator.jpg 640w, https:\/\/www.organisator.ch\/wp-content\/uploads\/2017\/09\/Von-erschrockenen-Goldfischen-am-Networking-Tag-2017-3_Organisator-16x12.jpg 16w, https:\/\/www.organisator.ch\/wp-content\/uploads\/2017\/09\/Von-erschrockenen-Goldfischen-am-Networking-Tag-2017-3_Organisator-262x175.jpg 262w, https:\/\/www.organisator.ch\/wp-content\/uploads\/2017\/09\/Von-erschrockenen-Goldfischen-am-Networking-Tag-2017-3_Organisator-525x350.jpg 525w, https:\/\/www.organisator.ch\/wp-content\/uploads\/2017\/09\/Von-erschrockenen-Goldfischen-am-Networking-Tag-2017-3_Organisator-300x200.jpg 300w\" sizes=\"auto, (max-width: 640px) 100vw, 640px\" \/><figcaption id=\"caption-attachment-2415\" class=\"wp-caption-text\">Der Networking-Tag 2017 bot nebst vielf\u00e4ltigem Programm auch Raum f\u00fcrs pers\u00f6nliche Gespr\u00e4ch \u2013 das wurde in den Pausen und an der Party am Abend genutzt. (Bild: PD FHS Alumni)<\/figcaption><\/figure>\n<h2><strong>Networking-Tag 2017: Frischenzellenkur f\u00fcr den Geist<\/strong><\/h2>\n<p>Das muss man den Networkern nicht zweimal sagen, schon nippen sie guten Gewissens am Glas Wein, schlemmen am Forever-Young-Buffet und versuchen ihr Gl\u00fcck im Alpha-Casino. Die Jugend zur\u00fcckzugewinnen, wird schwierig. Doch dank der Referierenden will das vermutlich auch niemand mehr. Stattdessen erinnert man sich: \u00abMehr Sein als Haben. Das ist mir vom heutigen Tag am meisten geblieben\u00bb, so Marcel Thoma, Leiter Sportamt der Stadt St.Gallen. Oder wie W\u00f6rwag zu sagen pflegt: \u00abDer endliche Moment erf\u00fcllt uns viel mehr als ein ewig dauernder Moment. Deshalb sollten wir das Jetzt auskosten. Und wenn eine Frischzellenkur, dann nur f\u00fcr den Geist.\u00bb<\/p>\n<p><em>Weitere Informationen: <a href=\"http:\/\/www.networkingtag.ch\/\">http:\/\/www.networkingtag.ch\/<\/a><\/em><\/p>\n","protected":false},"excerpt":{"rendered":"<p>Die heutige Gesellschaft k\u00e4mpft gegen das alternde \u00c4ussere, spritzt sich faltenfrei, korrigiert die vermeintlichen Ungereimtheiten und entledigt sich der Fettp\u00f6lsterchen. Woher kommt dieser Traum, ewig zu leben? Ewig jung bleiben zu wollen? Das fragt sich nicht nur Sebastian W\u00f6rwag, der Rektor der Fachhochschule St.Gallen, am 8. September 2017 in der Olma Halle, sondern auch die [&hellip;]<\/p>\n","protected":false},"author":4,"featured_media":2413,"comment_status":"open","ping_status":"open","sticky":false,"template":"","format":"standard","meta":{"_acf_changed":false,"_yoast_wpseo_focuskw":"Networking-Tag 2017","_yoast_wpseo_metadesc":"Jugend ist allgegenw\u00e4rtig. Auch bei den \u00c4lteren. Ist das ein Ph\u00e4nomen des 21. Jahrhunderts? Damit befasste sich der Networking-Tag 2017 in St. Gallen.","articlekey":"","footnotes":""},"categories":[1],"tags":[294,502,508],"class_list":["post-2412","post","type-post","status-publish","format-standard","has-post-thumbnail","hentry","category-allgemein","tag-karriere","tag-veranstaltungen","tag-vermischtes"],"acf":[],"yoast_head":"<!-- This site is optimized with the Yoast SEO plugin v27.5 - https:\/\/yoast.com\/product\/yoast-seo-wordpress\/ -->\n<title>Von erschrockenen Goldfischen am Networking-Tag 2017 - Organisator<\/title>\n<meta name=\"description\" content=\"Jugend ist allgegenw\u00e4rtig. Auch bei den \u00c4lteren. Ist das ein Ph\u00e4nomen des 21. Jahrhunderts? Damit befasste sich der Networking-Tag 2017 in St. Gallen.\" \/>\n<meta name=\"robots\" content=\"index, follow, max-snippet:-1, max-image-preview:large, max-video-preview:-1\" \/>\n<link rel=\"canonical\" href=\"https:\/\/www.organisator.ch\/de\/allgemein\/2017-09-11\/von-erschrockenen-goldfischen-am-networking-tag-2017\/\" \/>\n<meta property=\"og:locale\" content=\"de_DE\" \/>\n<meta property=\"og:type\" content=\"article\" \/>\n<meta property=\"og:title\" content=\"Von erschrockenen Goldfischen am Networking-Tag 2017\" \/>\n<meta property=\"og:description\" content=\"#Jugend ist allgegenw\u00e4rtig. Auch bei den \u00c4lteren. Ist das ein Ph\u00e4nomen des 21. Jahrhunderts? Antworten darauf gab es am #Networking-Tag 2017 der Ehemaligen-Organisation der Fachhochschule St.Gallen, FHS Alumni.\" \/>\n<meta property=\"og:url\" content=\"https:\/\/www.organisator.ch\/de\/allgemein\/2017-09-11\/von-erschrockenen-goldfischen-am-networking-tag-2017\/\" \/>\n<meta property=\"og:site_name\" content=\"Organisator\" \/>\n<meta property=\"article:publisher\" content=\"https:\/\/www.facebook.com\/OrganisatorFachmagazin\" \/>\n<meta property=\"article:published_time\" content=\"2017-09-11T08:22:29+00:00\" \/>\n<meta property=\"og:image\" content=\"https:\/\/www.organisator.ch\/wp-content\/uploads\/2017\/09\/Von-erschrockenen-Goldfischen-am-Networking-Tag-2017-1_Organisator.jpg\" \/>\n\t<meta property=\"og:image:width\" content=\"640\" \/>\n\t<meta property=\"og:image:height\" content=\"427\" \/>\n\t<meta property=\"og:image:type\" content=\"image\/jpeg\" \/>\n<meta name=\"author\" content=\"thomas.berner\" \/>\n<meta name=\"twitter:card\" content=\"summary_large_image\" \/>\n<meta name=\"twitter:title\" content=\"Von erschrockenen Goldfischen am #Networking-Tag 2017\" \/>\n<meta name=\"twitter:description\" content=\"#Jugend ist allgegenw\u00e4rtig. Auch bei den \u00c4lteren. Ist das ein Ph\u00e4nomen des 21. Jahrhunderts? Antworten darauf gab es am #Networking-Tag 2017 der Ehemaligen-Organisation der Fachhochschule St.Gallen, FHS Alumni.\" \/>\n<meta name=\"twitter:image\" content=\"https:\/\/www.organisator.ch\/wp-content\/uploads\/2017\/09\/Von-erschrockenen-Goldfischen-am-Networking-Tag-2017-1_Organisator.jpg\" \/>\n<script type=\"application\/ld+json\" class=\"yoast-schema-graph\">{\"@context\":\"https:\\\/\\\/schema.org\",\"@graph\":[{\"@type\":\"Article\",\"@id\":\"https:\\\/\\\/www.organisator.ch\\\/de\\\/allgemein\\\/2017-09-11\\\/von-erschrockenen-goldfischen-am-networking-tag-2017\\\/#article\",\"isPartOf\":{\"@id\":\"https:\\\/\\\/www.organisator.ch\\\/de\\\/allgemein\\\/2017-09-11\\\/von-erschrockenen-goldfischen-am-networking-tag-2017\\\/\"},\"author\":{\"name\":\"thomas.berner\",\"@id\":\"https:\\\/\\\/www.organisator.ch\\\/#\\\/schema\\\/person\\\/6f650f90b2842cd4c0cc334b4e36f67e\"},\"headline\":\"Von erschrockenen Goldfischen am Networking-Tag 2017\",\"datePublished\":\"2017-09-11T08:22:29+00:00\",\"mainEntityOfPage\":{\"@id\":\"https:\\\/\\\/www.organisator.ch\\\/de\\\/allgemein\\\/2017-09-11\\\/von-erschrockenen-goldfischen-am-networking-tag-2017\\\/\"},\"wordCount\":1006,\"commentCount\":0,\"publisher\":{\"@id\":\"https:\\\/\\\/www.organisator.ch\\\/#organization\"},\"image\":{\"@id\":\"https:\\\/\\\/www.organisator.ch\\\/de\\\/allgemein\\\/2017-09-11\\\/von-erschrockenen-goldfischen-am-networking-tag-2017\\\/#primaryimage\"},\"thumbnailUrl\":\"https:\\\/\\\/www.organisator.ch\\\/wp-content\\\/uploads\\\/2017\\\/09\\\/Von-erschrockenen-Goldfischen-am-Networking-Tag-2017-1_Organisator.jpg\",\"keywords\":[\"Karriere\",\"Veranstaltungen\",\"Vermischtes\"],\"inLanguage\":\"de\"},{\"@type\":\"WebPage\",\"@id\":\"https:\\\/\\\/www.organisator.ch\\\/de\\\/allgemein\\\/2017-09-11\\\/von-erschrockenen-goldfischen-am-networking-tag-2017\\\/\",\"url\":\"https:\\\/\\\/www.organisator.ch\\\/de\\\/allgemein\\\/2017-09-11\\\/von-erschrockenen-goldfischen-am-networking-tag-2017\\\/\",\"name\":\"Von erschrockenen Goldfischen am Networking-Tag 2017 - Organisator\",\"isPartOf\":{\"@id\":\"https:\\\/\\\/www.organisator.ch\\\/#website\"},\"primaryImageOfPage\":{\"@id\":\"https:\\\/\\\/www.organisator.ch\\\/de\\\/allgemein\\\/2017-09-11\\\/von-erschrockenen-goldfischen-am-networking-tag-2017\\\/#primaryimage\"},\"image\":{\"@id\":\"https:\\\/\\\/www.organisator.ch\\\/de\\\/allgemein\\\/2017-09-11\\\/von-erschrockenen-goldfischen-am-networking-tag-2017\\\/#primaryimage\"},\"thumbnailUrl\":\"https:\\\/\\\/www.organisator.ch\\\/wp-content\\\/uploads\\\/2017\\\/09\\\/Von-erschrockenen-Goldfischen-am-Networking-Tag-2017-1_Organisator.jpg\",\"datePublished\":\"2017-09-11T08:22:29+00:00\",\"description\":\"Jugend ist allgegenw\u00e4rtig. Auch bei den \u00c4lteren. Ist das ein Ph\u00e4nomen des 21. Jahrhunderts? Damit befasste sich der Networking-Tag 2017 in St. Gallen.\",\"breadcrumb\":{\"@id\":\"https:\\\/\\\/www.organisator.ch\\\/de\\\/allgemein\\\/2017-09-11\\\/von-erschrockenen-goldfischen-am-networking-tag-2017\\\/#breadcrumb\"},\"inLanguage\":\"de\",\"potentialAction\":[{\"@type\":\"ReadAction\",\"target\":[\"https:\\\/\\\/www.organisator.ch\\\/de\\\/allgemein\\\/2017-09-11\\\/von-erschrockenen-goldfischen-am-networking-tag-2017\\\/\"]}]},{\"@type\":\"ImageObject\",\"inLanguage\":\"de\",\"@id\":\"https:\\\/\\\/www.organisator.ch\\\/de\\\/allgemein\\\/2017-09-11\\\/von-erschrockenen-goldfischen-am-networking-tag-2017\\\/#primaryimage\",\"url\":\"https:\\\/\\\/www.organisator.ch\\\/wp-content\\\/uploads\\\/2017\\\/09\\\/Von-erschrockenen-Goldfischen-am-Networking-Tag-2017-1_Organisator.jpg\",\"contentUrl\":\"https:\\\/\\\/www.organisator.ch\\\/wp-content\\\/uploads\\\/2017\\\/09\\\/Von-erschrockenen-Goldfischen-am-Networking-Tag-2017-1_Organisator.jpg\",\"width\":640,\"height\":427,\"caption\":\"Inputgespr\u00e4ch am Networking-Tag 2017: Philosoph Philipp Tingler und Historikerin Ute Frevert (im Gespr\u00e4ch mit Moderatorin Claudia L\u00e4sser) waren sich nicht immer einig. (Foto: PD FHS Alumni)\"},{\"@type\":\"BreadcrumbList\",\"@id\":\"https:\\\/\\\/www.organisator.ch\\\/de\\\/allgemein\\\/2017-09-11\\\/von-erschrockenen-goldfischen-am-networking-tag-2017\\\/#breadcrumb\",\"itemListElement\":[{\"@type\":\"ListItem\",\"position\":1,\"name\":\"Home\",\"item\":\"https:\\\/\\\/www.organisator.ch\\\/\"},{\"@type\":\"ListItem\",\"position\":2,\"name\":\"Von erschrockenen Goldfischen am Networking-Tag 2017\"}]},{\"@type\":\"WebSite\",\"@id\":\"https:\\\/\\\/www.organisator.ch\\\/#website\",\"url\":\"https:\\\/\\\/www.organisator.ch\\\/\",\"name\":\"Organisator\",\"description\":\"Kompetent. Praxisnah. Der ORGANISATOR bereitet in 10 Ausgaben pro Jahr die wesentlichen Themen f\u00fcr F\u00fchrungskr\u00e4fte von KMU auf.\",\"publisher\":{\"@id\":\"https:\\\/\\\/www.organisator.ch\\\/#organization\"},\"potentialAction\":[{\"@type\":\"SearchAction\",\"target\":{\"@type\":\"EntryPoint\",\"urlTemplate\":\"https:\\\/\\\/www.organisator.ch\\\/?s={search_term_string}\"},\"query-input\":{\"@type\":\"PropertyValueSpecification\",\"valueRequired\":true,\"valueName\":\"search_term_string\"}}],\"inLanguage\":\"de\"},{\"@type\":\"Organization\",\"@id\":\"https:\\\/\\\/www.organisator.ch\\\/#organization\",\"name\":\"Organisator\",\"url\":\"https:\\\/\\\/www.organisator.ch\\\/\",\"logo\":{\"@type\":\"ImageObject\",\"inLanguage\":\"de\",\"@id\":\"https:\\\/\\\/www.organisator.ch\\\/#\\\/schema\\\/logo\\\/image\\\/\",\"url\":\"https:\\\/\\\/www.organisator.ch\\\/wp-content\\\/uploads\\\/2022\\\/01\\\/Logo_Organisator_Website.png\",\"contentUrl\":\"https:\\\/\\\/www.organisator.ch\\\/wp-content\\\/uploads\\\/2022\\\/01\\\/Logo_Organisator_Website.png\",\"width\":800,\"height\":77,\"caption\":\"Organisator\"},\"image\":{\"@id\":\"https:\\\/\\\/www.organisator.ch\\\/#\\\/schema\\\/logo\\\/image\\\/\"},\"sameAs\":[\"https:\\\/\\\/www.facebook.com\\\/OrganisatorFachmagazin\",\"https:\\\/\\\/www.linkedin.com\\\/showcase\\\/organisator-das-magazin-fr-kmu\",\"https:\\\/\\\/www.xing.com\\\/news\\\/pages\\\/organisator-ch-695\",\"https:\\\/\\\/www.youtube.com\\\/channel\\\/UCGP2Sq0iWaZwT3BdIAQFYpw\"]},{\"@type\":\"Person\",\"@id\":\"https:\\\/\\\/www.organisator.ch\\\/#\\\/schema\\\/person\\\/6f650f90b2842cd4c0cc334b4e36f67e\",\"name\":\"thomas.berner\",\"image\":{\"@type\":\"ImageObject\",\"inLanguage\":\"de\",\"@id\":\"https:\\\/\\\/secure.gravatar.com\\\/avatar\\\/ac5001d2a36cb6c6cd3e50789007ffca834b477b74a2144564522e944eabff61?s=96&d=mm&r=g\",\"url\":\"https:\\\/\\\/secure.gravatar.com\\\/avatar\\\/ac5001d2a36cb6c6cd3e50789007ffca834b477b74a2144564522e944eabff61?s=96&d=mm&r=g\",\"contentUrl\":\"https:\\\/\\\/secure.gravatar.com\\\/avatar\\\/ac5001d2a36cb6c6cd3e50789007ffca834b477b74a2144564522e944eabff61?s=96&d=mm&r=g\",\"caption\":\"thomas.berner\"},\"url\":\"https:\\\/\\\/www.organisator.ch\\\/de\\\/author\\\/thomas-berner\\\/\"}]}<\/script>\n<!-- \/ Yoast SEO plugin. -->","yoast_head_json":{"title":"Von erschrockenen Goldfischen am Networking-Tag 2017 - Organisator","description":"Jugend ist allgegenw\u00e4rtig. Auch bei den \u00c4lteren. Ist das ein Ph\u00e4nomen des 21. Jahrhunderts? Damit befasste sich der Networking-Tag 2017 in St. Gallen.","robots":{"index":"index","follow":"follow","max-snippet":"max-snippet:-1","max-image-preview":"max-image-preview:large","max-video-preview":"max-video-preview:-1"},"canonical":"https:\/\/www.organisator.ch\/de\/allgemein\/2017-09-11\/von-erschrockenen-goldfischen-am-networking-tag-2017\/","og_locale":"de_DE","og_type":"article","og_title":"Von erschrockenen Goldfischen am Networking-Tag 2017","og_description":"#Jugend ist allgegenw\u00e4rtig. Auch bei den \u00c4lteren. Ist das ein Ph\u00e4nomen des 21. Jahrhunderts? Antworten darauf gab es am #Networking-Tag 2017 der Ehemaligen-Organisation der Fachhochschule St.Gallen, FHS Alumni.","og_url":"https:\/\/www.organisator.ch\/de\/allgemein\/2017-09-11\/von-erschrockenen-goldfischen-am-networking-tag-2017\/","og_site_name":"Organisator","article_publisher":"https:\/\/www.facebook.com\/OrganisatorFachmagazin","article_published_time":"2017-09-11T08:22:29+00:00","og_image":[{"width":640,"height":427,"url":"https:\/\/www.organisator.ch\/wp-content\/uploads\/2017\/09\/Von-erschrockenen-Goldfischen-am-Networking-Tag-2017-1_Organisator.jpg","type":"image\/jpeg"}],"author":"thomas.berner","twitter_card":"summary_large_image","twitter_title":"Von erschrockenen Goldfischen am #Networking-Tag 2017","twitter_description":"#Jugend ist allgegenw\u00e4rtig. Auch bei den \u00c4lteren. Ist das ein Ph\u00e4nomen des 21. Jahrhunderts? Antworten darauf gab es am #Networking-Tag 2017 der Ehemaligen-Organisation der Fachhochschule St.Gallen, FHS Alumni.","twitter_image":"https:\/\/www.organisator.ch\/wp-content\/uploads\/2017\/09\/Von-erschrockenen-Goldfischen-am-Networking-Tag-2017-1_Organisator.jpg","schema":{"@context":"https:\/\/schema.org","@graph":[{"@type":"Article","@id":"https:\/\/www.organisator.ch\/de\/allgemein\/2017-09-11\/von-erschrockenen-goldfischen-am-networking-tag-2017\/#article","isPartOf":{"@id":"https:\/\/www.organisator.ch\/de\/allgemein\/2017-09-11\/von-erschrockenen-goldfischen-am-networking-tag-2017\/"},"author":{"name":"thomas.berner","@id":"https:\/\/www.organisator.ch\/#\/schema\/person\/6f650f90b2842cd4c0cc334b4e36f67e"},"headline":"Von erschrockenen Goldfischen am Networking-Tag 2017","datePublished":"2017-09-11T08:22:29+00:00","mainEntityOfPage":{"@id":"https:\/\/www.organisator.ch\/de\/allgemein\/2017-09-11\/von-erschrockenen-goldfischen-am-networking-tag-2017\/"},"wordCount":1006,"commentCount":0,"publisher":{"@id":"https:\/\/www.organisator.ch\/#organization"},"image":{"@id":"https:\/\/www.organisator.ch\/de\/allgemein\/2017-09-11\/von-erschrockenen-goldfischen-am-networking-tag-2017\/#primaryimage"},"thumbnailUrl":"https:\/\/www.organisator.ch\/wp-content\/uploads\/2017\/09\/Von-erschrockenen-Goldfischen-am-Networking-Tag-2017-1_Organisator.jpg","keywords":["Karriere","Veranstaltungen","Vermischtes"],"inLanguage":"de"},{"@type":"WebPage","@id":"https:\/\/www.organisator.ch\/de\/allgemein\/2017-09-11\/von-erschrockenen-goldfischen-am-networking-tag-2017\/","url":"https:\/\/www.organisator.ch\/de\/allgemein\/2017-09-11\/von-erschrockenen-goldfischen-am-networking-tag-2017\/","name":"Von erschrockenen Goldfischen am Networking-Tag 2017 - Organisator","isPartOf":{"@id":"https:\/\/www.organisator.ch\/#website"},"primaryImageOfPage":{"@id":"https:\/\/www.organisator.ch\/de\/allgemein\/2017-09-11\/von-erschrockenen-goldfischen-am-networking-tag-2017\/#primaryimage"},"image":{"@id":"https:\/\/www.organisator.ch\/de\/allgemein\/2017-09-11\/von-erschrockenen-goldfischen-am-networking-tag-2017\/#primaryimage"},"thumbnailUrl":"https:\/\/www.organisator.ch\/wp-content\/uploads\/2017\/09\/Von-erschrockenen-Goldfischen-am-Networking-Tag-2017-1_Organisator.jpg","datePublished":"2017-09-11T08:22:29+00:00","description":"Jugend ist allgegenw\u00e4rtig. Auch bei den \u00c4lteren. Ist das ein Ph\u00e4nomen des 21. Jahrhunderts? Damit befasste sich der Networking-Tag 2017 in St. Gallen.","breadcrumb":{"@id":"https:\/\/www.organisator.ch\/de\/allgemein\/2017-09-11\/von-erschrockenen-goldfischen-am-networking-tag-2017\/#breadcrumb"},"inLanguage":"de","potentialAction":[{"@type":"ReadAction","target":["https:\/\/www.organisator.ch\/de\/allgemein\/2017-09-11\/von-erschrockenen-goldfischen-am-networking-tag-2017\/"]}]},{"@type":"ImageObject","inLanguage":"de","@id":"https:\/\/www.organisator.ch\/de\/allgemein\/2017-09-11\/von-erschrockenen-goldfischen-am-networking-tag-2017\/#primaryimage","url":"https:\/\/www.organisator.ch\/wp-content\/uploads\/2017\/09\/Von-erschrockenen-Goldfischen-am-Networking-Tag-2017-1_Organisator.jpg","contentUrl":"https:\/\/www.organisator.ch\/wp-content\/uploads\/2017\/09\/Von-erschrockenen-Goldfischen-am-Networking-Tag-2017-1_Organisator.jpg","width":640,"height":427,"caption":"Inputgespr\u00e4ch am Networking-Tag 2017: Philosoph Philipp Tingler und Historikerin Ute Frevert (im Gespr\u00e4ch mit Moderatorin Claudia L\u00e4sser) waren sich nicht immer einig. (Foto: PD FHS Alumni)"},{"@type":"BreadcrumbList","@id":"https:\/\/www.organisator.ch\/de\/allgemein\/2017-09-11\/von-erschrockenen-goldfischen-am-networking-tag-2017\/#breadcrumb","itemListElement":[{"@type":"ListItem","position":1,"name":"Home","item":"https:\/\/www.organisator.ch\/"},{"@type":"ListItem","position":2,"name":"Von erschrockenen Goldfischen am Networking-Tag 2017"}]},{"@type":"WebSite","@id":"https:\/\/www.organisator.ch\/#website","url":"https:\/\/www.organisator.ch\/","name":"Organisator","description":"Kompetent. Praxisnah. Der ORGANISATOR bereitet in 10 Ausgaben pro Jahr die wesentlichen Themen f\u00fcr F\u00fchrungskr\u00e4fte von KMU auf.","publisher":{"@id":"https:\/\/www.organisator.ch\/#organization"},"potentialAction":[{"@type":"SearchAction","target":{"@type":"EntryPoint","urlTemplate":"https:\/\/www.organisator.ch\/?s={search_term_string}"},"query-input":{"@type":"PropertyValueSpecification","valueRequired":true,"valueName":"search_term_string"}}],"inLanguage":"de"},{"@type":"Organization","@id":"https:\/\/www.organisator.ch\/#organization","name":"Organisator","url":"https:\/\/www.organisator.ch\/","logo":{"@type":"ImageObject","inLanguage":"de","@id":"https:\/\/www.organisator.ch\/#\/schema\/logo\/image\/","url":"https:\/\/www.organisator.ch\/wp-content\/uploads\/2022\/01\/Logo_Organisator_Website.png","contentUrl":"https:\/\/www.organisator.ch\/wp-content\/uploads\/2022\/01\/Logo_Organisator_Website.png","width":800,"height":77,"caption":"Organisator"},"image":{"@id":"https:\/\/www.organisator.ch\/#\/schema\/logo\/image\/"},"sameAs":["https:\/\/www.facebook.com\/OrganisatorFachmagazin","https:\/\/www.linkedin.com\/showcase\/organisator-das-magazin-fr-kmu","https:\/\/www.xing.com\/news\/pages\/organisator-ch-695","https:\/\/www.youtube.com\/channel\/UCGP2Sq0iWaZwT3BdIAQFYpw"]},{"@type":"Person","@id":"https:\/\/www.organisator.ch\/#\/schema\/person\/6f650f90b2842cd4c0cc334b4e36f67e","name":"thomas.berner","image":{"@type":"ImageObject","inLanguage":"de","@id":"https:\/\/secure.gravatar.com\/avatar\/ac5001d2a36cb6c6cd3e50789007ffca834b477b74a2144564522e944eabff61?s=96&d=mm&r=g","url":"https:\/\/secure.gravatar.com\/avatar\/ac5001d2a36cb6c6cd3e50789007ffca834b477b74a2144564522e944eabff61?s=96&d=mm&r=g","contentUrl":"https:\/\/secure.gravatar.com\/avatar\/ac5001d2a36cb6c6cd3e50789007ffca834b477b74a2144564522e944eabff61?s=96&d=mm&r=g","caption":"thomas.berner"},"url":"https:\/\/www.organisator.ch\/de\/author\/thomas-berner\/"}]}},"_links":{"self":[{"href":"https:\/\/www.organisator.ch\/de\/wp-json\/wp\/v2\/posts\/2412","targetHints":{"allow":["GET"]}}],"collection":[{"href":"https:\/\/www.organisator.ch\/de\/wp-json\/wp\/v2\/posts"}],"about":[{"href":"https:\/\/www.organisator.ch\/de\/wp-json\/wp\/v2\/types\/post"}],"author":[{"embeddable":true,"href":"https:\/\/www.organisator.ch\/de\/wp-json\/wp\/v2\/users\/4"}],"replies":[{"embeddable":true,"href":"https:\/\/www.organisator.ch\/de\/wp-json\/wp\/v2\/comments?post=2412"}],"version-history":[{"count":0,"href":"https:\/\/www.organisator.ch\/de\/wp-json\/wp\/v2\/posts\/2412\/revisions"}],"wp:featuredmedia":[{"embeddable":true,"href":"https:\/\/www.organisator.ch\/de\/wp-json\/wp\/v2\/media\/2413"}],"wp:attachment":[{"href":"https:\/\/www.organisator.ch\/de\/wp-json\/wp\/v2\/media?parent=2412"}],"wp:term":[{"taxonomy":"category","embeddable":true,"href":"https:\/\/www.organisator.ch\/de\/wp-json\/wp\/v2\/categories?post=2412"},{"taxonomy":"post_tag","embeddable":true,"href":"https:\/\/www.organisator.ch\/de\/wp-json\/wp\/v2\/tags?post=2412"}],"curies":[{"name":"wp","href":"https:\/\/api.w.org\/{rel}","templated":true}]}}