{"id":2418,"date":"2019-09-02T16:11:31","date_gmt":"2019-09-02T14:11:31","guid":{"rendered":"https:\/\/www.umweltperspektiven.ch\/?p=2418"},"modified":"2022-02-09T11:10:04","modified_gmt":"2022-02-09T10:10:04","slug":"tedx-trifft-auf-hwz","status":"publish","type":"post","link":"https:\/\/www.organisator.ch\/de\/sustainability\/2019-09-02\/tedx-trifft-auf-hwz\/","title":{"rendered":"TEDx trifft auf HWZ"},"content":{"rendered":"<figure id=\"attachment_2419\" aria-describedby=\"caption-attachment-2419\" style=\"width: 680px\" class=\"wp-caption alignnone\"><img loading=\"lazy\" decoding=\"async\" class=\"wp-image-2419 size-medium\" src=\"\/\/www.umweltperspektiven.ch\/wp-content\/uploads\/2019\/09\/HWZ-Manuel-P-Nappo_Sunnie-J-Groeneveld-MQ-Management-u-Qualitaeet.jpg\" alt=\"\" width=\"680\" height=\"381\" \/><figcaption id=\"caption-attachment-2419\" class=\"wp-caption-text\">Manuel P. Nappo und Sunnie J. Groeneveld freuen sich das neue TEDx Modul in ihren HWZ-Lehrgang integrieren zu k\u00f6nnen. (Bild: zVg)<\/figcaption><\/figure>\n<p>TED ist eine gemeinn\u00fctzige Organisation, die sich der Verbreitung von innovativen Ideen widmet. An den TED-Konferenzen sind f\u00fchrende Denker und Macher wie beispielsweise Elon Musk, Bill Gates oder Jane Goodall als Referenten eingeladen, um in 18 Minuten oder weniger ihre \u00abidea worth spreading\u00bb vorzustellen. TEDx ist eine Initiative von TED und erm\u00f6glicht Einzelpersonen und Gruppen lokale, selbst organisierte, unabh\u00e4ngige Veranstaltungen im TED Format weltweit durchzuf\u00fchren.<\/p>\n<p>Die Leitung des TEDxHWZ-Moduls im EMBA Programm \u00fcbernimmt kein geringerer als Urs Bucher, Mitgr\u00fcnder und aktueller Moderator von TEDxZurich. Sein Modulziel ist, dass die F\u00fchrungskr\u00e4fte nicht nur eine TEDxHWZ Konferenz als EMBA Klasse organisieren, sondern auch, dass jeder dank professionellen Speaker Coaching lernt, wie man einen inspirierenden Talk h\u00e4lt.<\/p>\n<p><strong>\u00a0<\/strong><strong>Was sind weitere Highlights des EMBA Digital Leadership? <\/strong><\/p>\n<p>Eine weitere Besonderheit des EMBA ist, dass die Masterarbeit, welche im zweiten und dritten Semester erstellt wird, aus einer praxisorientierten Innovation Challenge besteht. Konkret entwickeln die teilnehmenden F\u00fchrungskr\u00e4fte eine Idee f\u00fcr ein digitales Produkt oder eine Dienstleistung, die aus der eigenen Firma stammt oder auf einer eigenen Gesch\u00e4ftsidee basiert. In Workshops, Prototyping-Hackathons und Startup Coaching Sessions wird ein Businessplan, ein Prototyp und ein Pitchdeck erarbeitet und nach neun Monaten vor einer Jury von Experten gepitcht. Die Modulleitung hat Samuel Scheer inne, Tech-Unternehmer aus Israel und heute Startup Coach am Innovation and entrepreneurship Lab der ETH Z\u00fcrich.<\/p>\n<p>Weitere Dozierende sind unter anderem Prof. Dr. Claude Siegenthaler, der f\u00fcr den Aufbau des \u00abEntrepreneurial Leadership\u00bb Kurses am MTEC der ETH Z\u00fcrich bekannt ist, Stephanie Z\u00fcllig, langj\u00e4hrige internationale F\u00fchrungskraft bei Siemens, heute Unternehmerin und multiple Verwaltungsr\u00e4tin mit Digitalkompetenz im IT-, Ingenieur-, Sicherheitstechnik- und Sicherheitsdienstleistungssektor, HSG Prof. Dr. Marcus Sch\u00f6gel sowie Daniela Landherr, F\u00fchrungskraft mit globaler Verantwortung bei Google.<\/p>\n<p><strong>Executive MBA Digital Leadership<\/strong><\/p>\n<p>Die HWZ unter der Leitung von Sunnie J. Groeneveld und Manuel P. Nappo haben den EMBA in Digital Leadership geschaffen. Nun ist den beiden wenige Monate vor Beginn des Studienganges im Februar 2020 ein Coup gelungen: Ab 2020 startet die HWZ Hochschule f\u00fcr Wirtschaft Z\u00fcrich mit dem EMBA Digital Leadership ein einzigartiges, dreisemestriges Programm f\u00fcr F\u00fchrungskr\u00e4fte, die ihr Wissen \u00fcber digitale Technologien und neue F\u00fchrungsans\u00e4tze vertiefen und eine digitale Vision f\u00fcr ihr Unternehmen entwickeln wollen. Innovative und attraktive Elemente definieren in der Schweiz einen neuen Massstab f\u00fcr EMBA-Programme.<\/p>\n<p>Wer sein Unternehmen erfolgreich durch die digitale Transformation f\u00fchren will, braucht neue Skills und F\u00fchrungsans\u00e4tze. Dazu geh\u00f6ren ein fundiertes Verst\u00e4ndnis digitaler Technologien, Gesch\u00e4ftsmodelle und die F\u00e4higkeit, die Mitarbeitenden f\u00fcr eine digitale Vision zu begeistern und zu bef\u00e4higen. Im neuen EMBA Digital Leadership befassen sich die F\u00fchrungskr\u00e4fte mit Themen wie datenbasierte Entscheidungsfindung, Plattform-\u00d6konomie, Intrapreneurship und lernen in Innovations\u00f6kosystemen zu agieren und gemeinsam mit neuen Stakeholdern branchen\u00fcbergreifend zusammenzuarbeiten. Neben der Vermittlung eines fundierten digitalen Technologieverst\u00e4ndnisses wird gezielt auf die pers\u00f6nliche Entwicklung sowie die unternehmerische und kommunikative Kompetenz der Teilnehmenden gesetzt.<\/p>\n<p>Initiator und Studiengangsleiter Manuel P. Nappo studierte internationales Management an der Universit\u00e4t St. Gallen HSG. Nach verschiedenen Zwischenstationen in Unternehmen wie Red Bull und GroupM wurde Nappo 2010 von der HWZ Hochschule f\u00fcr Wirtschaft Z\u00fcrich als Studiengangsleiter des CAS Social Media Management engagiert. Seit 2014 ist er Leiter des MAS Digital Business und des Institute for Digital Business an der HWZ. Im selben Jahr wurde er von den Lesern der Zeitschrift Marketing &amp; Kommunikation zum \u201eVordenker des Jahres\u201c gew\u00e4hlt.<\/p>\n<p>Initiatorin und Studiengangsleiterin Sunnie J. Groeneveld ist Unternehmerin, Verwaltungsr\u00e4tin und Autorin. Sie hat die Beratungsfirma <a href=\"\/\/www.inspire925.com\/de\/\">Inspire 925<\/a> gegr\u00fcndet, war erste Gesch\u00e4ftsf\u00fchrerin der Standortinitiative <a href=\"\/\/digitalswitzerland.com\/\">digitalswitzerland<\/a> und sitzt inzwischen im Verwaltungsrat von drei mittelgrossen Schweizer Unternehmen im IT-, Ingenieur- und Mediensektor. Sie ist ebenfalls Autorin des Buches \u00abInspired at Work\u00bb (Versus Verlag), wurde zu den \u00abTop 100 Women in Business\u00bb gez\u00e4hlt und vom Wirtschaftsmagazin Forbes auf seine \u00ab30 under 30\u00bb Liste f\u00fcr den deutschsprachigen Raum gesetzt. Sie hat einen Abschluss in Economics von der Yale Universit\u00e4t.<\/p>\n<p><a href=\"\/\/www.fh-hwz.ch\">www.fh-hwz.ch<\/a><\/p>\n","protected":false},"excerpt":{"rendered":"<p>TED ist eine gemeinn\u00fctzige Organisation, die sich der Verbreitung von innovativen Ideen widmet. An den TED-Konferenzen sind f\u00fchrende Denker und Macher wie beispielsweise Elon Musk, Bill Gates oder Jane Goodall als Referenten eingeladen, um in 18 Minuten oder weniger ihre \u00abidea worth spreading\u00bb vorzustellen. TEDx ist eine Initiative von TED und erm\u00f6glicht Einzelpersonen und Gruppen [&hellip;]<\/p>\n","protected":false},"author":5,"featured_media":9634,"comment_status":"open","ping_status":"open","sticky":false,"template":"","format":"standard","meta":{"_acf_changed":false,"_yoast_wpseo_focuskw":"TED","_yoast_wpseo_metadesc":"Die in New York ans\u00e4ssige TED Organisation hat der HWZ eine offizielle TEDx-Lizenz \u00fcbertragen. Jetzt geh\u00f6rt TEDx offiziell zum Lehrplan der HWZ.","articlekey":"","footnotes":""},"categories":[580],"tags":[982,1382,2292,542],"class_list":["post-2418","post","type-post","status-publish","format-standard","has-post-thumbnail","hentry","category-sustainability","tag-digital-leadership","tag-hwz","tag-tedx","tag-zuerich"],"acf":[],"yoast_head":"<!-- This site is optimized with the Yoast SEO plugin v27.4 - https:\/\/yoast.com\/product\/yoast-seo-wordpress\/ -->\n<title>TEDx trifft auf HWZ - Organisator<\/title>\n<meta name=\"description\" content=\"Die in New York ans\u00e4ssige TED Organisation hat der HWZ eine offizielle TEDx-Lizenz \u00fcbertragen. Jetzt geh\u00f6rt TEDx offiziell zum Lehrplan der HWZ.\" \/>\n<meta name=\"robots\" content=\"index, follow, max-snippet:-1, max-image-preview:large, max-video-preview:-1\" \/>\n<link rel=\"canonical\" href=\"https:\/\/www.organisator.ch\/de\/sustainability\/2019-09-02\/tedx-trifft-auf-hwz\/\" \/>\n<meta property=\"og:locale\" content=\"de_DE\" \/>\n<meta property=\"og:type\" content=\"article\" \/>\n<meta property=\"og:title\" content=\"TEDx trifft auf HWZ - Organisator\" \/>\n<meta property=\"og:description\" content=\"Die in New York ans\u00e4ssige TED Organisation hat der HWZ eine offizielle TEDx-Lizenz \u00fcbertragen. Jetzt geh\u00f6rt TEDx offiziell zum Lehrplan der HWZ.\" \/>\n<meta property=\"og:url\" content=\"https:\/\/www.organisator.ch\/de\/sustainability\/2019-09-02\/tedx-trifft-auf-hwz\/\" \/>\n<meta property=\"og:site_name\" content=\"Organisator\" \/>\n<meta property=\"article:publisher\" content=\"https:\/\/www.facebook.com\/OrganisatorFachmagazin\" \/>\n<meta property=\"article:published_time\" content=\"2019-09-02T14:11:31+00:00\" \/>\n<meta property=\"article:modified_time\" content=\"2022-02-09T10:10:04+00:00\" \/>\n<meta property=\"og:image\" content=\"https:\/\/www.organisator.ch\/wp-content\/uploads\/2019\/09\/HWZ-Manuel-P-Nappo_Sunnie-J-Groeneveld-MQ-Management-u-Qualitaeet-scaled.jpg\" \/>\n\t<meta property=\"og:image:width\" content=\"2560\" \/>\n\t<meta property=\"og:image:height\" content=\"1434\" \/>\n\t<meta property=\"og:image:type\" content=\"image\/jpeg\" \/>\n<meta name=\"author\" content=\"michael.merz\" \/>\n<meta name=\"twitter:card\" content=\"summary_large_image\" \/>\n<script type=\"application\/ld+json\" class=\"yoast-schema-graph\">{\"@context\":\"https:\\\/\\\/schema.org\",\"@graph\":[{\"@type\":\"Article\",\"@id\":\"https:\\\/\\\/www.organisator.ch\\\/sustainability\\\/2019-09-02\\\/tedx-trifft-auf-hwz\\\/#article\",\"isPartOf\":{\"@id\":\"https:\\\/\\\/www.organisator.ch\\\/sustainability\\\/2019-09-02\\\/tedx-trifft-auf-hwz\\\/\"},\"author\":{\"name\":\"michael.merz\",\"@id\":\"https:\\\/\\\/www.organisator.ch\\\/#\\\/schema\\\/person\\\/134708ca9321c57b0362cceb7948ffbd\"},\"headline\":\"TEDx trifft auf HWZ\",\"datePublished\":\"2019-09-02T14:11:31+00:00\",\"dateModified\":\"2022-02-09T10:10:04+00:00\",\"mainEntityOfPage\":{\"@id\":\"https:\\\/\\\/www.organisator.ch\\\/sustainability\\\/2019-09-02\\\/tedx-trifft-auf-hwz\\\/\"},\"wordCount\":704,\"commentCount\":0,\"publisher\":{\"@id\":\"https:\\\/\\\/www.organisator.ch\\\/#organization\"},\"image\":{\"@id\":\"https:\\\/\\\/www.organisator.ch\\\/sustainability\\\/2019-09-02\\\/tedx-trifft-auf-hwz\\\/#primaryimage\"},\"thumbnailUrl\":\"https:\\\/\\\/www.organisator.ch\\\/wp-content\\\/uploads\\\/2019\\\/09\\\/HWZ-Manuel-P-Nappo_Sunnie-J-Groeneveld-MQ-Management-u-Qualitaeet-scaled.jpg\",\"keywords\":[\"Digital Leadership\",\"HWZ\",\"TEDx\",\"Z\u00fcrich\"],\"articleSection\":[\"SUSTAINABILITY\"],\"inLanguage\":\"de\"},{\"@type\":\"WebPage\",\"@id\":\"https:\\\/\\\/www.organisator.ch\\\/sustainability\\\/2019-09-02\\\/tedx-trifft-auf-hwz\\\/\",\"url\":\"https:\\\/\\\/www.organisator.ch\\\/sustainability\\\/2019-09-02\\\/tedx-trifft-auf-hwz\\\/\",\"name\":\"TEDx trifft auf HWZ - Organisator\",\"isPartOf\":{\"@id\":\"https:\\\/\\\/www.organisator.ch\\\/#website\"},\"primaryImageOfPage\":{\"@id\":\"https:\\\/\\\/www.organisator.ch\\\/sustainability\\\/2019-09-02\\\/tedx-trifft-auf-hwz\\\/#primaryimage\"},\"image\":{\"@id\":\"https:\\\/\\\/www.organisator.ch\\\/sustainability\\\/2019-09-02\\\/tedx-trifft-auf-hwz\\\/#primaryimage\"},\"thumbnailUrl\":\"https:\\\/\\\/www.organisator.ch\\\/wp-content\\\/uploads\\\/2019\\\/09\\\/HWZ-Manuel-P-Nappo_Sunnie-J-Groeneveld-MQ-Management-u-Qualitaeet-scaled.jpg\",\"datePublished\":\"2019-09-02T14:11:31+00:00\",\"dateModified\":\"2022-02-09T10:10:04+00:00\",\"description\":\"Die in New York ans\u00e4ssige TED Organisation hat der HWZ eine offizielle TEDx-Lizenz \u00fcbertragen. Jetzt geh\u00f6rt TEDx offiziell zum Lehrplan der HWZ.\",\"breadcrumb\":{\"@id\":\"https:\\\/\\\/www.organisator.ch\\\/sustainability\\\/2019-09-02\\\/tedx-trifft-auf-hwz\\\/#breadcrumb\"},\"inLanguage\":\"de\",\"potentialAction\":[{\"@type\":\"ReadAction\",\"target\":[\"https:\\\/\\\/www.organisator.ch\\\/sustainability\\\/2019-09-02\\\/tedx-trifft-auf-hwz\\\/\"]}]},{\"@type\":\"ImageObject\",\"inLanguage\":\"de\",\"@id\":\"https:\\\/\\\/www.organisator.ch\\\/sustainability\\\/2019-09-02\\\/tedx-trifft-auf-hwz\\\/#primaryimage\",\"url\":\"https:\\\/\\\/www.organisator.ch\\\/wp-content\\\/uploads\\\/2019\\\/09\\\/HWZ-Manuel-P-Nappo_Sunnie-J-Groeneveld-MQ-Management-u-Qualitaeet-scaled.jpg\",\"contentUrl\":\"https:\\\/\\\/www.organisator.ch\\\/wp-content\\\/uploads\\\/2019\\\/09\\\/HWZ-Manuel-P-Nappo_Sunnie-J-Groeneveld-MQ-Management-u-Qualitaeet-scaled.jpg\",\"width\":2560,\"height\":1434,\"caption\":\"Manuel P. Nappo und Sunnie J. Gorneveld freuen sich das neue TEDx Modul in ihren HWZ-Lehrgang integrieren zu k\u00f6nnen. (Bild: zVg)\"},{\"@type\":\"BreadcrumbList\",\"@id\":\"https:\\\/\\\/www.organisator.ch\\\/sustainability\\\/2019-09-02\\\/tedx-trifft-auf-hwz\\\/#breadcrumb\",\"itemListElement\":[{\"@type\":\"ListItem\",\"position\":1,\"name\":\"Home\",\"item\":\"https:\\\/\\\/www.organisator.ch\\\/\"},{\"@type\":\"ListItem\",\"position\":2,\"name\":\"TEDx trifft auf HWZ\"}]},{\"@type\":\"WebSite\",\"@id\":\"https:\\\/\\\/www.organisator.ch\\\/#website\",\"url\":\"https:\\\/\\\/www.organisator.ch\\\/\",\"name\":\"Organisator\",\"description\":\"Kompetent. Praxisnah. Der ORGANISATOR bereitet in 10 Ausgaben pro Jahr die wesentlichen Themen f\u00fcr F\u00fchrungskr\u00e4fte von KMU auf.\",\"publisher\":{\"@id\":\"https:\\\/\\\/www.organisator.ch\\\/#organization\"},\"potentialAction\":[{\"@type\":\"SearchAction\",\"target\":{\"@type\":\"EntryPoint\",\"urlTemplate\":\"https:\\\/\\\/www.organisator.ch\\\/?s={search_term_string}\"},\"query-input\":{\"@type\":\"PropertyValueSpecification\",\"valueRequired\":true,\"valueName\":\"search_term_string\"}}],\"inLanguage\":\"de\"},{\"@type\":\"Organization\",\"@id\":\"https:\\\/\\\/www.organisator.ch\\\/#organization\",\"name\":\"Organisator\",\"url\":\"https:\\\/\\\/www.organisator.ch\\\/\",\"logo\":{\"@type\":\"ImageObject\",\"inLanguage\":\"de\",\"@id\":\"https:\\\/\\\/www.organisator.ch\\\/#\\\/schema\\\/logo\\\/image\\\/\",\"url\":\"https:\\\/\\\/www.organisator.ch\\\/wp-content\\\/uploads\\\/2022\\\/01\\\/Logo_Organisator_Website.png\",\"contentUrl\":\"https:\\\/\\\/www.organisator.ch\\\/wp-content\\\/uploads\\\/2022\\\/01\\\/Logo_Organisator_Website.png\",\"width\":800,\"height\":77,\"caption\":\"Organisator\"},\"image\":{\"@id\":\"https:\\\/\\\/www.organisator.ch\\\/#\\\/schema\\\/logo\\\/image\\\/\"},\"sameAs\":[\"https:\\\/\\\/www.facebook.com\\\/OrganisatorFachmagazin\",\"https:\\\/\\\/www.linkedin.com\\\/showcase\\\/organisator-das-magazin-fr-kmu\",\"https:\\\/\\\/www.xing.com\\\/news\\\/pages\\\/organisator-ch-695\",\"https:\\\/\\\/www.youtube.com\\\/channel\\\/UCGP2Sq0iWaZwT3BdIAQFYpw\"]},{\"@type\":\"Person\",\"@id\":\"https:\\\/\\\/www.organisator.ch\\\/#\\\/schema\\\/person\\\/134708ca9321c57b0362cceb7948ffbd\",\"name\":\"michael.merz\",\"image\":{\"@type\":\"ImageObject\",\"inLanguage\":\"de\",\"@id\":\"https:\\\/\\\/secure.gravatar.com\\\/avatar\\\/?s=96&d=mm&r=g\",\"url\":\"https:\\\/\\\/secure.gravatar.com\\\/avatar\\\/?s=96&d=mm&r=g\",\"contentUrl\":\"https:\\\/\\\/secure.gravatar.com\\\/avatar\\\/?s=96&d=mm&r=g\",\"caption\":\"michael.merz\"},\"url\":\"https:\\\/\\\/www.organisator.ch\\\/de\\\/author\\\/michael-merz\\\/\"}]}<\/script>\n<!-- \/ Yoast SEO plugin. -->","yoast_head_json":{"title":"TEDx trifft auf HWZ - Organisator","description":"Die in New York ans\u00e4ssige TED Organisation hat der HWZ eine offizielle TEDx-Lizenz \u00fcbertragen. Jetzt geh\u00f6rt TEDx offiziell zum Lehrplan der HWZ.","robots":{"index":"index","follow":"follow","max-snippet":"max-snippet:-1","max-image-preview":"max-image-preview:large","max-video-preview":"max-video-preview:-1"},"canonical":"https:\/\/www.organisator.ch\/de\/sustainability\/2019-09-02\/tedx-trifft-auf-hwz\/","og_locale":"de_DE","og_type":"article","og_title":"TEDx trifft auf HWZ - Organisator","og_description":"Die in New York ans\u00e4ssige TED Organisation hat der HWZ eine offizielle TEDx-Lizenz \u00fcbertragen. Jetzt geh\u00f6rt TEDx offiziell zum Lehrplan der HWZ.","og_url":"https:\/\/www.organisator.ch\/de\/sustainability\/2019-09-02\/tedx-trifft-auf-hwz\/","og_site_name":"Organisator","article_publisher":"https:\/\/www.facebook.com\/OrganisatorFachmagazin","article_published_time":"2019-09-02T14:11:31+00:00","article_modified_time":"2022-02-09T10:10:04+00:00","og_image":[{"width":2560,"height":1434,"url":"https:\/\/www.organisator.ch\/wp-content\/uploads\/2019\/09\/HWZ-Manuel-P-Nappo_Sunnie-J-Groeneveld-MQ-Management-u-Qualitaeet-scaled.jpg","type":"image\/jpeg"}],"author":"michael.merz","twitter_card":"summary_large_image","schema":{"@context":"https:\/\/schema.org","@graph":[{"@type":"Article","@id":"https:\/\/www.organisator.ch\/sustainability\/2019-09-02\/tedx-trifft-auf-hwz\/#article","isPartOf":{"@id":"https:\/\/www.organisator.ch\/sustainability\/2019-09-02\/tedx-trifft-auf-hwz\/"},"author":{"name":"michael.merz","@id":"https:\/\/www.organisator.ch\/#\/schema\/person\/134708ca9321c57b0362cceb7948ffbd"},"headline":"TEDx trifft auf HWZ","datePublished":"2019-09-02T14:11:31+00:00","dateModified":"2022-02-09T10:10:04+00:00","mainEntityOfPage":{"@id":"https:\/\/www.organisator.ch\/sustainability\/2019-09-02\/tedx-trifft-auf-hwz\/"},"wordCount":704,"commentCount":0,"publisher":{"@id":"https:\/\/www.organisator.ch\/#organization"},"image":{"@id":"https:\/\/www.organisator.ch\/sustainability\/2019-09-02\/tedx-trifft-auf-hwz\/#primaryimage"},"thumbnailUrl":"https:\/\/www.organisator.ch\/wp-content\/uploads\/2019\/09\/HWZ-Manuel-P-Nappo_Sunnie-J-Groeneveld-MQ-Management-u-Qualitaeet-scaled.jpg","keywords":["Digital Leadership","HWZ","TEDx","Z\u00fcrich"],"articleSection":["SUSTAINABILITY"],"inLanguage":"de"},{"@type":"WebPage","@id":"https:\/\/www.organisator.ch\/sustainability\/2019-09-02\/tedx-trifft-auf-hwz\/","url":"https:\/\/www.organisator.ch\/sustainability\/2019-09-02\/tedx-trifft-auf-hwz\/","name":"TEDx trifft auf HWZ - Organisator","isPartOf":{"@id":"https:\/\/www.organisator.ch\/#website"},"primaryImageOfPage":{"@id":"https:\/\/www.organisator.ch\/sustainability\/2019-09-02\/tedx-trifft-auf-hwz\/#primaryimage"},"image":{"@id":"https:\/\/www.organisator.ch\/sustainability\/2019-09-02\/tedx-trifft-auf-hwz\/#primaryimage"},"thumbnailUrl":"https:\/\/www.organisator.ch\/wp-content\/uploads\/2019\/09\/HWZ-Manuel-P-Nappo_Sunnie-J-Groeneveld-MQ-Management-u-Qualitaeet-scaled.jpg","datePublished":"2019-09-02T14:11:31+00:00","dateModified":"2022-02-09T10:10:04+00:00","description":"Die in New York ans\u00e4ssige TED Organisation hat der HWZ eine offizielle TEDx-Lizenz \u00fcbertragen. Jetzt geh\u00f6rt TEDx offiziell zum Lehrplan der HWZ.","breadcrumb":{"@id":"https:\/\/www.organisator.ch\/sustainability\/2019-09-02\/tedx-trifft-auf-hwz\/#breadcrumb"},"inLanguage":"de","potentialAction":[{"@type":"ReadAction","target":["https:\/\/www.organisator.ch\/sustainability\/2019-09-02\/tedx-trifft-auf-hwz\/"]}]},{"@type":"ImageObject","inLanguage":"de","@id":"https:\/\/www.organisator.ch\/sustainability\/2019-09-02\/tedx-trifft-auf-hwz\/#primaryimage","url":"https:\/\/www.organisator.ch\/wp-content\/uploads\/2019\/09\/HWZ-Manuel-P-Nappo_Sunnie-J-Groeneveld-MQ-Management-u-Qualitaeet-scaled.jpg","contentUrl":"https:\/\/www.organisator.ch\/wp-content\/uploads\/2019\/09\/HWZ-Manuel-P-Nappo_Sunnie-J-Groeneveld-MQ-Management-u-Qualitaeet-scaled.jpg","width":2560,"height":1434,"caption":"Manuel P. Nappo und Sunnie J. Gorneveld freuen sich das neue TEDx Modul in ihren HWZ-Lehrgang integrieren zu k\u00f6nnen. (Bild: zVg)"},{"@type":"BreadcrumbList","@id":"https:\/\/www.organisator.ch\/sustainability\/2019-09-02\/tedx-trifft-auf-hwz\/#breadcrumb","itemListElement":[{"@type":"ListItem","position":1,"name":"Home","item":"https:\/\/www.organisator.ch\/"},{"@type":"ListItem","position":2,"name":"TEDx trifft auf HWZ"}]},{"@type":"WebSite","@id":"https:\/\/www.organisator.ch\/#website","url":"https:\/\/www.organisator.ch\/","name":"Organisator","description":"Kompetent. Praxisnah. Der ORGANISATOR bereitet in 10 Ausgaben pro Jahr die wesentlichen Themen f\u00fcr F\u00fchrungskr\u00e4fte von KMU auf.","publisher":{"@id":"https:\/\/www.organisator.ch\/#organization"},"potentialAction":[{"@type":"SearchAction","target":{"@type":"EntryPoint","urlTemplate":"https:\/\/www.organisator.ch\/?s={search_term_string}"},"query-input":{"@type":"PropertyValueSpecification","valueRequired":true,"valueName":"search_term_string"}}],"inLanguage":"de"},{"@type":"Organization","@id":"https:\/\/www.organisator.ch\/#organization","name":"Organisator","url":"https:\/\/www.organisator.ch\/","logo":{"@type":"ImageObject","inLanguage":"de","@id":"https:\/\/www.organisator.ch\/#\/schema\/logo\/image\/","url":"https:\/\/www.organisator.ch\/wp-content\/uploads\/2022\/01\/Logo_Organisator_Website.png","contentUrl":"https:\/\/www.organisator.ch\/wp-content\/uploads\/2022\/01\/Logo_Organisator_Website.png","width":800,"height":77,"caption":"Organisator"},"image":{"@id":"https:\/\/www.organisator.ch\/#\/schema\/logo\/image\/"},"sameAs":["https:\/\/www.facebook.com\/OrganisatorFachmagazin","https:\/\/www.linkedin.com\/showcase\/organisator-das-magazin-fr-kmu","https:\/\/www.xing.com\/news\/pages\/organisator-ch-695","https:\/\/www.youtube.com\/channel\/UCGP2Sq0iWaZwT3BdIAQFYpw"]},{"@type":"Person","@id":"https:\/\/www.organisator.ch\/#\/schema\/person\/134708ca9321c57b0362cceb7948ffbd","name":"michael.merz","image":{"@type":"ImageObject","inLanguage":"de","@id":"https:\/\/secure.gravatar.com\/avatar\/?s=96&d=mm&r=g","url":"https:\/\/secure.gravatar.com\/avatar\/?s=96&d=mm&r=g","contentUrl":"https:\/\/secure.gravatar.com\/avatar\/?s=96&d=mm&r=g","caption":"michael.merz"},"url":"https:\/\/www.organisator.ch\/de\/author\/michael-merz\/"}]}},"_links":{"self":[{"href":"https:\/\/www.organisator.ch\/de\/wp-json\/wp\/v2\/posts\/2418","targetHints":{"allow":["GET"]}}],"collection":[{"href":"https:\/\/www.organisator.ch\/de\/wp-json\/wp\/v2\/posts"}],"about":[{"href":"https:\/\/www.organisator.ch\/de\/wp-json\/wp\/v2\/types\/post"}],"author":[{"embeddable":true,"href":"https:\/\/www.organisator.ch\/de\/wp-json\/wp\/v2\/users\/5"}],"replies":[{"embeddable":true,"href":"https:\/\/www.organisator.ch\/de\/wp-json\/wp\/v2\/comments?post=2418"}],"version-history":[{"count":1,"href":"https:\/\/www.organisator.ch\/de\/wp-json\/wp\/v2\/posts\/2418\/revisions"}],"predecessor-version":[{"id":10883,"href":"https:\/\/www.organisator.ch\/de\/wp-json\/wp\/v2\/posts\/2418\/revisions\/10883"}],"wp:featuredmedia":[{"embeddable":true,"href":"https:\/\/www.organisator.ch\/de\/wp-json\/wp\/v2\/media\/9634"}],"wp:attachment":[{"href":"https:\/\/www.organisator.ch\/de\/wp-json\/wp\/v2\/media?parent=2418"}],"wp:term":[{"taxonomy":"category","embeddable":true,"href":"https:\/\/www.organisator.ch\/de\/wp-json\/wp\/v2\/categories?post=2418"},{"taxonomy":"post_tag","embeddable":true,"href":"https:\/\/www.organisator.ch\/de\/wp-json\/wp\/v2\/tags?post=2418"}],"curies":[{"name":"wp","href":"https:\/\/api.w.org\/{rel}","templated":true}]}}