{"id":2419,"date":"2017-09-11T11:08:20","date_gmt":"2017-09-11T09:08:20","guid":{"rendered":"https:\/\/www.organisator.ch\/?p=2419"},"modified":"2017-09-11T11:08:20","modified_gmt":"2017-09-11T09:08:20","slug":"visionaere-stehen-immer-wieder-auf","status":"publish","type":"post","link":"https:\/\/www.organisator.ch\/de\/management\/2017-09-11\/visionaere-stehen-immer-wieder-auf\/","title":{"rendered":"Vision\u00e4re stehen immer wieder auf"},"content":{"rendered":"<figure id=\"attachment_2421\" aria-describedby=\"caption-attachment-2421\" style=\"width: 640px\" class=\"wp-caption alignnone\"><img loading=\"lazy\" decoding=\"async\" class=\"size-full wp-image-2421\" src=\"https:\/\/www.organisator.ch\/wp-content\/uploads\/2017\/09\/Visionaere-stehen-immer-wieder-auf_Organisator.jpg\" alt=\"\" width=\"640\" height=\"360\" srcset=\"https:\/\/www.organisator.ch\/wp-content\/uploads\/2017\/09\/Visionaere-stehen-immer-wieder-auf_Organisator.jpg 640w, https:\/\/www.organisator.ch\/wp-content\/uploads\/2017\/09\/Visionaere-stehen-immer-wieder-auf_Organisator-16x9.jpg 16w, https:\/\/www.organisator.ch\/wp-content\/uploads\/2017\/09\/Visionaere-stehen-immer-wieder-auf_Organisator-311x175.jpg 311w, https:\/\/www.organisator.ch\/wp-content\/uploads\/2017\/09\/Visionaere-stehen-immer-wieder-auf_Organisator-622x350.jpg 622w, https:\/\/www.organisator.ch\/wp-content\/uploads\/2017\/09\/Visionaere-stehen-immer-wieder-auf_Organisator-300x169.jpg 300w\" sizes=\"auto, (max-width: 640px) 100vw, 640px\" \/><figcaption id=\"caption-attachment-2421\" class=\"wp-caption-text\">Unternehmer und Vision\u00e4re: Die Teilnehmer des KMU Swiss Podium vom 7. September 2017. (Bild: KMU Swiss)<\/figcaption><\/figure>\n<p>Ein spannendes Thema hat am Donnerstag, 7. September 2017,\u00a0\u00fcber 300 Wirtschaftsvertreter an das KMU SWISS Podium in den Campussaal nach Brugg-Windisch gelockt. In drei Referaten und einem Podiumsgespr\u00e4ch gaben erfolgreiche Unternehmer Einblick in ihre Karrieren und berichteten dar\u00fcber, was es braucht, um eine Vision zu verwirklichen. Stellvertretend f\u00fcr alle war die Aussage von Robert Nussbaumer: \u00abVision\u00e4re stehen immer wieder auf. Es gilt: Durchhalten. Dranbleiben. Gewinnen.\u00bb<\/p>\n<h2><strong>Vision\u00e4re heben sich ab<\/strong><\/h2>\n<p>Der Keynote-Speaker, Trainer und Autor Robert Nussbaumer ist \u00fcberzeugt, dass Vision\u00e4re ein \u00abDurchhalte-Gen\u00bb besitzen m\u00fcssen. Er betonte im ersten Referat, es gen\u00fcge nicht, einen Traum zu haben, man m\u00fcsse auch aktiv werden. Doch viele h\u00e4tten Angst vor dem Scheitern, vor H\u00fcrden, die es zu meistern gilt, oder sie seien zu wenig motiviert. Dem stimmte der zweite Referent Roland Brack (Brack.ch) zu und f\u00fcgte bei, dass es f\u00fcr die Umsetzung einer Vision viel Mut ben\u00f6tigt: \u00abIch wurde bei meinen gr\u00f6ssten Entscheidungen anf\u00e4nglich immer f\u00fcr verr\u00fcckt gehalten.\u00bb Er belieferte zuerst vom Dachboden des Elternhauses aus Kunden mit Elektronikartikel. Inzwischen arbeiten 550 Mitarbeitende in seiner Firma, und der Onlineshop f\u00fchrt 150`000 Artikel im Sortiment. Dass man mit Visionen buchst\u00e4blich abheben kann, zeigte Oliver Furrer im letzten Referat. Der mehrfache Weltmeister und Rekordhalter im Fallschirmspringen n\u00e4hert sich Schritt f\u00fcr Schritt seinem Traum vom \u00abFliegen wie ein Vogel\u00bb. Neben seiner T\u00e4tigkeit als CCO der Fluggesellschaft SkyWork in Bern springt er am Wochenende mit einem sogenannten Wingsuit von Felskanten und hilft beim Verbessern des Fl\u00fcgelanzugs mit.<\/p>\n<h2><strong>Spass und Leidenschaft f\u00fcr eine Sache<\/strong><\/h2>\n<p>Im zweiten Teil des KMU SWISS Podium begr\u00fcsste die Moderatorin Tamara Sedmak als erstes den legend\u00e4ren Hausi Leutenegger auf der B\u00fchne. \u00c4usserst unterhaltsam erz\u00e4hlte der Viererbob-Olympiasieger, Filmschauspieler und Gr\u00fcnder der Hans Leutenegger AG, wie er in seiner Karriere nie \u00ablinks noch rechts\u00bb geschaut habe und stets seinen Weg gegangen sei. Seine Firma besch\u00e4ftigt heute rund 1\u2019000 Mitarbeitende. Leutenegger riet den Teilnehmenden zu einem freundlichen Umgang mit den Menschen, ein offenes Ohr f\u00fcr die Anliegen der Mitarbeitenden zu haben und ihnen zu vertrauen. Ausserdem soll ein Unternehmer offen und kommunikativ sein und immer nach vorne schauen.<\/p>\n<p>Ebenfalls den Sprung vom Sport in die Wirtschaft schaffte Marc Gianola. Der vierfache Hockey-Schweizermeister und OK-Pr\u00e4sident des Spengler Cup Davos sieht bei Spitzensportlern gute Voraussetzungen, um Visionen zu realisieren. Sportler m\u00fcssen ehrgeizig, zielstrebig und beharrlich sein, um sich in einem harten Umfeld durchsetzen zu k\u00f6nnen. Zum abschliessenden Podiumsgespr\u00e4ch stiessen nochmals Robert Nussbaumer und Oliver Furrer dazu. Angeregt diskutierten alle \u00fcber vision\u00e4res Verhalten und unterstrichen, dass es nebst einer Vision vor allem Spass und Leidenschaft f\u00fcr die Sache brauche. Diese verhelfen zum notwendigen Durchhalteverm\u00f6gen, wenn es einmal nicht nach Wunsch laufe. Schliesslich f\u00e4llt jeder einmal auf die Nase, das geh\u00f6re dazu.<\/p>\n<h2><strong>\u00a0<\/strong><strong>Kontakte kn\u00fcpfen<\/strong><\/h2>\n<p>Das KMU SWISS Podium, das traditionsgem\u00e4ss einmal j\u00e4hrlich im September stattfindet, lebt nicht nur von den Referaten und dem Podiumsgespr\u00e4ch. Ebenso wichtig sind f\u00fcr die F\u00fchrungskr\u00e4fte und Unternehmer die Begegnungen in den Pausen, an den St\u00e4nden der 35 Aussteller oder beim anschliessenden Abendessen. Dort werden wertvolle Kontakte gekn\u00fcpft und gepflegt. Die G\u00e4ste philosophieren \u00fcber Visionen und wer weiss, vielleicht wird die eine oder andere Idee umgesetzt. Auf jeden Fall gilt auch hier: dranbleiben!<\/p>\n<p><em>Weitere Informationen: <a href=\"http:\/\/www.kmuswiss.ch\">KMU Swiss<\/a><\/em><\/p>\n","protected":false},"excerpt":{"rendered":"<p>Ein spannendes Thema hat am Donnerstag, 7. September 2017,\u00a0\u00fcber 300 Wirtschaftsvertreter an das KMU SWISS Podium in den Campussaal nach Brugg-Windisch gelockt. In drei Referaten und einem Podiumsgespr\u00e4ch gaben erfolgreiche Unternehmer Einblick in ihre Karrieren und berichteten dar\u00fcber, was es braucht, um eine Vision zu verwirklichen. Stellvertretend f\u00fcr alle war die Aussage von Robert Nussbaumer: [&hellip;]<\/p>\n","protected":false},"author":4,"featured_media":2421,"comment_status":"open","ping_status":"open","sticky":false,"template":"","format":"standard","meta":{"_acf_changed":false,"_yoast_wpseo_focuskw":"Vision\u00e4re","_yoast_wpseo_metadesc":"Am KMU SWISS Podium in Brugg-Windisch erz\u00e4hlten Unternehmer und Vision\u00e4re wie Roland Brack (Brack.ch) oder Hausi Leutenegger von ihrem Weg zum Erfolg.","articlekey":"","footnotes":""},"categories":[28],"tags":[335,492,502,508],"class_list":["post-2419","post","type-post","status-publish","format-standard","has-post-thumbnail","hentry","category-management","tag-management-und-unternehmensfuehrung","tag-unternehmen","tag-veranstaltungen","tag-vermischtes"],"acf":[],"yoast_head":"<!-- This site is optimized with the Yoast SEO plugin v27.4 - https:\/\/yoast.com\/product\/yoast-seo-wordpress\/ -->\n<title>Vision\u00e4re stehen immer wieder auf - Organisator<\/title>\n<meta name=\"description\" content=\"Am KMU SWISS Podium in Brugg-Windisch erz\u00e4hlten Unternehmer und Vision\u00e4re wie Roland Brack (Brack.ch) oder Hausi Leutenegger von ihrem Weg zum Erfolg.\" \/>\n<meta name=\"robots\" content=\"index, follow, max-snippet:-1, max-image-preview:large, max-video-preview:-1\" \/>\n<link rel=\"canonical\" href=\"https:\/\/www.organisator.ch\/de\/management\/2017-09-11\/visionaere-stehen-immer-wieder-auf\/\" \/>\n<meta property=\"og:locale\" content=\"de_DE\" \/>\n<meta property=\"og:type\" content=\"article\" \/>\n<meta property=\"og:title\" content=\"Vision\u00e4re stehen immer wieder auf\" \/>\n<meta property=\"og:description\" content=\"Am KMU SWISS Podium in Brugg-Windisch vom 7. September 2017 ist das Thema \u201eVision\u00e4res Verhalten\u201c auf grosses Interesse gestossen.\" \/>\n<meta property=\"og:url\" content=\"https:\/\/www.organisator.ch\/de\/management\/2017-09-11\/visionaere-stehen-immer-wieder-auf\/\" \/>\n<meta property=\"og:site_name\" content=\"Organisator\" \/>\n<meta property=\"article:publisher\" content=\"https:\/\/www.facebook.com\/OrganisatorFachmagazin\" \/>\n<meta property=\"article:published_time\" content=\"2017-09-11T09:08:20+00:00\" \/>\n<meta property=\"og:image\" content=\"https:\/\/www.organisator.ch\/wp-content\/uploads\/2017\/09\/Visionaere-stehen-immer-wieder-auf_Organisator.jpg\" \/>\n\t<meta property=\"og:image:width\" content=\"640\" \/>\n\t<meta property=\"og:image:height\" content=\"360\" \/>\n\t<meta property=\"og:image:type\" content=\"image\/jpeg\" \/>\n<meta name=\"author\" content=\"thomas.berner\" \/>\n<meta name=\"twitter:card\" content=\"summary_large_image\" \/>\n<meta name=\"twitter:title\" content=\"#Vision\u00e4re stehen immer wieder auf\" \/>\n<meta name=\"twitter:description\" content=\"Am KMU SWISS Podium in Brugg-Windisch vom 7. September 2017 ist das Thema \u201eVision\u00e4res Verhalten\u201c auf grosses Interesse gestossen.\" \/>\n<meta name=\"twitter:image\" content=\"https:\/\/www.organisator.ch\/wp-content\/uploads\/2017\/09\/Vision\u00e4re-stehen-immer-wieder-auf_Organisator.jpg\" \/>\n<script type=\"application\/ld+json\" class=\"yoast-schema-graph\">{\"@context\":\"https:\\\/\\\/schema.org\",\"@graph\":[{\"@type\":\"Article\",\"@id\":\"https:\\\/\\\/www.organisator.ch\\\/management\\\/2017-09-11\\\/visionaere-stehen-immer-wieder-auf\\\/#article\",\"isPartOf\":{\"@id\":\"https:\\\/\\\/www.organisator.ch\\\/management\\\/2017-09-11\\\/visionaere-stehen-immer-wieder-auf\\\/\"},\"author\":{\"name\":\"thomas.berner\",\"@id\":\"https:\\\/\\\/www.organisator.ch\\\/#\\\/schema\\\/person\\\/6f650f90b2842cd4c0cc334b4e36f67e\"},\"headline\":\"Vision\u00e4re stehen immer wieder auf\",\"datePublished\":\"2017-09-11T09:08:20+00:00\",\"mainEntityOfPage\":{\"@id\":\"https:\\\/\\\/www.organisator.ch\\\/management\\\/2017-09-11\\\/visionaere-stehen-immer-wieder-auf\\\/\"},\"wordCount\":593,\"commentCount\":0,\"publisher\":{\"@id\":\"https:\\\/\\\/www.organisator.ch\\\/#organization\"},\"image\":{\"@id\":\"https:\\\/\\\/www.organisator.ch\\\/management\\\/2017-09-11\\\/visionaere-stehen-immer-wieder-auf\\\/#primaryimage\"},\"thumbnailUrl\":\"https:\\\/\\\/www.organisator.ch\\\/wp-content\\\/uploads\\\/2017\\\/09\\\/Visionaere-stehen-immer-wieder-auf_Organisator.jpg\",\"keywords\":[\"Management und Unternehmensf\u00fchrung\",\"Unternehmen\",\"Veranstaltungen\",\"Vermischtes\"],\"articleSection\":[\"MANAGEMENT\"],\"inLanguage\":\"de\"},{\"@type\":\"WebPage\",\"@id\":\"https:\\\/\\\/www.organisator.ch\\\/management\\\/2017-09-11\\\/visionaere-stehen-immer-wieder-auf\\\/\",\"url\":\"https:\\\/\\\/www.organisator.ch\\\/management\\\/2017-09-11\\\/visionaere-stehen-immer-wieder-auf\\\/\",\"name\":\"Vision\u00e4re stehen immer wieder auf - Organisator\",\"isPartOf\":{\"@id\":\"https:\\\/\\\/www.organisator.ch\\\/#website\"},\"primaryImageOfPage\":{\"@id\":\"https:\\\/\\\/www.organisator.ch\\\/management\\\/2017-09-11\\\/visionaere-stehen-immer-wieder-auf\\\/#primaryimage\"},\"image\":{\"@id\":\"https:\\\/\\\/www.organisator.ch\\\/management\\\/2017-09-11\\\/visionaere-stehen-immer-wieder-auf\\\/#primaryimage\"},\"thumbnailUrl\":\"https:\\\/\\\/www.organisator.ch\\\/wp-content\\\/uploads\\\/2017\\\/09\\\/Visionaere-stehen-immer-wieder-auf_Organisator.jpg\",\"datePublished\":\"2017-09-11T09:08:20+00:00\",\"description\":\"Am KMU SWISS Podium in Brugg-Windisch erz\u00e4hlten Unternehmer und Vision\u00e4re wie Roland Brack (Brack.ch) oder Hausi Leutenegger von ihrem Weg zum Erfolg.\",\"breadcrumb\":{\"@id\":\"https:\\\/\\\/www.organisator.ch\\\/management\\\/2017-09-11\\\/visionaere-stehen-immer-wieder-auf\\\/#breadcrumb\"},\"inLanguage\":\"de\",\"potentialAction\":[{\"@type\":\"ReadAction\",\"target\":[\"https:\\\/\\\/www.organisator.ch\\\/management\\\/2017-09-11\\\/visionaere-stehen-immer-wieder-auf\\\/\"]}]},{\"@type\":\"ImageObject\",\"inLanguage\":\"de\",\"@id\":\"https:\\\/\\\/www.organisator.ch\\\/management\\\/2017-09-11\\\/visionaere-stehen-immer-wieder-auf\\\/#primaryimage\",\"url\":\"https:\\\/\\\/www.organisator.ch\\\/wp-content\\\/uploads\\\/2017\\\/09\\\/Visionaere-stehen-immer-wieder-auf_Organisator.jpg\",\"contentUrl\":\"https:\\\/\\\/www.organisator.ch\\\/wp-content\\\/uploads\\\/2017\\\/09\\\/Visionaere-stehen-immer-wieder-auf_Organisator.jpg\",\"width\":640,\"height\":360,\"caption\":\"Unternehmer und Vision\u00e4re: Die Teilnehmer des KMU Swiss Podium vom 7. September 2017. (Bild: KMU Swiss)\"},{\"@type\":\"BreadcrumbList\",\"@id\":\"https:\\\/\\\/www.organisator.ch\\\/management\\\/2017-09-11\\\/visionaere-stehen-immer-wieder-auf\\\/#breadcrumb\",\"itemListElement\":[{\"@type\":\"ListItem\",\"position\":1,\"name\":\"Home\",\"item\":\"https:\\\/\\\/www.organisator.ch\\\/\"},{\"@type\":\"ListItem\",\"position\":2,\"name\":\"Vision\u00e4re stehen immer wieder auf\"}]},{\"@type\":\"WebSite\",\"@id\":\"https:\\\/\\\/www.organisator.ch\\\/#website\",\"url\":\"https:\\\/\\\/www.organisator.ch\\\/\",\"name\":\"Organisator\",\"description\":\"Kompetent. Praxisnah. Der ORGANISATOR bereitet in 10 Ausgaben pro Jahr die wesentlichen Themen f\u00fcr F\u00fchrungskr\u00e4fte von KMU auf.\",\"publisher\":{\"@id\":\"https:\\\/\\\/www.organisator.ch\\\/#organization\"},\"potentialAction\":[{\"@type\":\"SearchAction\",\"target\":{\"@type\":\"EntryPoint\",\"urlTemplate\":\"https:\\\/\\\/www.organisator.ch\\\/?s={search_term_string}\"},\"query-input\":{\"@type\":\"PropertyValueSpecification\",\"valueRequired\":true,\"valueName\":\"search_term_string\"}}],\"inLanguage\":\"de\"},{\"@type\":\"Organization\",\"@id\":\"https:\\\/\\\/www.organisator.ch\\\/#organization\",\"name\":\"Organisator\",\"url\":\"https:\\\/\\\/www.organisator.ch\\\/\",\"logo\":{\"@type\":\"ImageObject\",\"inLanguage\":\"de\",\"@id\":\"https:\\\/\\\/www.organisator.ch\\\/#\\\/schema\\\/logo\\\/image\\\/\",\"url\":\"https:\\\/\\\/www.organisator.ch\\\/wp-content\\\/uploads\\\/2022\\\/01\\\/Logo_Organisator_Website.png\",\"contentUrl\":\"https:\\\/\\\/www.organisator.ch\\\/wp-content\\\/uploads\\\/2022\\\/01\\\/Logo_Organisator_Website.png\",\"width\":800,\"height\":77,\"caption\":\"Organisator\"},\"image\":{\"@id\":\"https:\\\/\\\/www.organisator.ch\\\/#\\\/schema\\\/logo\\\/image\\\/\"},\"sameAs\":[\"https:\\\/\\\/www.facebook.com\\\/OrganisatorFachmagazin\",\"https:\\\/\\\/www.linkedin.com\\\/showcase\\\/organisator-das-magazin-fr-kmu\",\"https:\\\/\\\/www.xing.com\\\/news\\\/pages\\\/organisator-ch-695\",\"https:\\\/\\\/www.youtube.com\\\/channel\\\/UCGP2Sq0iWaZwT3BdIAQFYpw\"]},{\"@type\":\"Person\",\"@id\":\"https:\\\/\\\/www.organisator.ch\\\/#\\\/schema\\\/person\\\/6f650f90b2842cd4c0cc334b4e36f67e\",\"name\":\"thomas.berner\",\"image\":{\"@type\":\"ImageObject\",\"inLanguage\":\"de\",\"@id\":\"https:\\\/\\\/secure.gravatar.com\\\/avatar\\\/ac5001d2a36cb6c6cd3e50789007ffca834b477b74a2144564522e944eabff61?s=96&d=mm&r=g\",\"url\":\"https:\\\/\\\/secure.gravatar.com\\\/avatar\\\/ac5001d2a36cb6c6cd3e50789007ffca834b477b74a2144564522e944eabff61?s=96&d=mm&r=g\",\"contentUrl\":\"https:\\\/\\\/secure.gravatar.com\\\/avatar\\\/ac5001d2a36cb6c6cd3e50789007ffca834b477b74a2144564522e944eabff61?s=96&d=mm&r=g\",\"caption\":\"thomas.berner\"},\"url\":\"https:\\\/\\\/www.organisator.ch\\\/de\\\/author\\\/thomas-berner\\\/\"}]}<\/script>\n<!-- \/ Yoast SEO plugin. -->","yoast_head_json":{"title":"Vision\u00e4re stehen immer wieder auf - Organisator","description":"Am KMU SWISS Podium in Brugg-Windisch erz\u00e4hlten Unternehmer und Vision\u00e4re wie Roland Brack (Brack.ch) oder Hausi Leutenegger von ihrem Weg zum Erfolg.","robots":{"index":"index","follow":"follow","max-snippet":"max-snippet:-1","max-image-preview":"max-image-preview:large","max-video-preview":"max-video-preview:-1"},"canonical":"https:\/\/www.organisator.ch\/de\/management\/2017-09-11\/visionaere-stehen-immer-wieder-auf\/","og_locale":"de_DE","og_type":"article","og_title":"Vision\u00e4re stehen immer wieder auf","og_description":"Am KMU SWISS Podium in Brugg-Windisch vom 7. September 2017 ist das Thema \u201eVision\u00e4res Verhalten\u201c auf grosses Interesse gestossen.","og_url":"https:\/\/www.organisator.ch\/de\/management\/2017-09-11\/visionaere-stehen-immer-wieder-auf\/","og_site_name":"Organisator","article_publisher":"https:\/\/www.facebook.com\/OrganisatorFachmagazin","article_published_time":"2017-09-11T09:08:20+00:00","og_image":[{"width":640,"height":360,"url":"https:\/\/www.organisator.ch\/wp-content\/uploads\/2017\/09\/Visionaere-stehen-immer-wieder-auf_Organisator.jpg","type":"image\/jpeg"}],"author":"thomas.berner","twitter_card":"summary_large_image","twitter_title":"#Vision\u00e4re stehen immer wieder auf","twitter_description":"Am KMU SWISS Podium in Brugg-Windisch vom 7. September 2017 ist das Thema \u201eVision\u00e4res Verhalten\u201c auf grosses Interesse gestossen.","twitter_image":"https:\/\/www.organisator.ch\/wp-content\/uploads\/2017\/09\/Vision\u00e4re-stehen-immer-wieder-auf_Organisator.jpg","schema":{"@context":"https:\/\/schema.org","@graph":[{"@type":"Article","@id":"https:\/\/www.organisator.ch\/management\/2017-09-11\/visionaere-stehen-immer-wieder-auf\/#article","isPartOf":{"@id":"https:\/\/www.organisator.ch\/management\/2017-09-11\/visionaere-stehen-immer-wieder-auf\/"},"author":{"name":"thomas.berner","@id":"https:\/\/www.organisator.ch\/#\/schema\/person\/6f650f90b2842cd4c0cc334b4e36f67e"},"headline":"Vision\u00e4re stehen immer wieder auf","datePublished":"2017-09-11T09:08:20+00:00","mainEntityOfPage":{"@id":"https:\/\/www.organisator.ch\/management\/2017-09-11\/visionaere-stehen-immer-wieder-auf\/"},"wordCount":593,"commentCount":0,"publisher":{"@id":"https:\/\/www.organisator.ch\/#organization"},"image":{"@id":"https:\/\/www.organisator.ch\/management\/2017-09-11\/visionaere-stehen-immer-wieder-auf\/#primaryimage"},"thumbnailUrl":"https:\/\/www.organisator.ch\/wp-content\/uploads\/2017\/09\/Visionaere-stehen-immer-wieder-auf_Organisator.jpg","keywords":["Management und Unternehmensf\u00fchrung","Unternehmen","Veranstaltungen","Vermischtes"],"articleSection":["MANAGEMENT"],"inLanguage":"de"},{"@type":"WebPage","@id":"https:\/\/www.organisator.ch\/management\/2017-09-11\/visionaere-stehen-immer-wieder-auf\/","url":"https:\/\/www.organisator.ch\/management\/2017-09-11\/visionaere-stehen-immer-wieder-auf\/","name":"Vision\u00e4re stehen immer wieder auf - Organisator","isPartOf":{"@id":"https:\/\/www.organisator.ch\/#website"},"primaryImageOfPage":{"@id":"https:\/\/www.organisator.ch\/management\/2017-09-11\/visionaere-stehen-immer-wieder-auf\/#primaryimage"},"image":{"@id":"https:\/\/www.organisator.ch\/management\/2017-09-11\/visionaere-stehen-immer-wieder-auf\/#primaryimage"},"thumbnailUrl":"https:\/\/www.organisator.ch\/wp-content\/uploads\/2017\/09\/Visionaere-stehen-immer-wieder-auf_Organisator.jpg","datePublished":"2017-09-11T09:08:20+00:00","description":"Am KMU SWISS Podium in Brugg-Windisch erz\u00e4hlten Unternehmer und Vision\u00e4re wie Roland Brack (Brack.ch) oder Hausi Leutenegger von ihrem Weg zum Erfolg.","breadcrumb":{"@id":"https:\/\/www.organisator.ch\/management\/2017-09-11\/visionaere-stehen-immer-wieder-auf\/#breadcrumb"},"inLanguage":"de","potentialAction":[{"@type":"ReadAction","target":["https:\/\/www.organisator.ch\/management\/2017-09-11\/visionaere-stehen-immer-wieder-auf\/"]}]},{"@type":"ImageObject","inLanguage":"de","@id":"https:\/\/www.organisator.ch\/management\/2017-09-11\/visionaere-stehen-immer-wieder-auf\/#primaryimage","url":"https:\/\/www.organisator.ch\/wp-content\/uploads\/2017\/09\/Visionaere-stehen-immer-wieder-auf_Organisator.jpg","contentUrl":"https:\/\/www.organisator.ch\/wp-content\/uploads\/2017\/09\/Visionaere-stehen-immer-wieder-auf_Organisator.jpg","width":640,"height":360,"caption":"Unternehmer und Vision\u00e4re: Die Teilnehmer des KMU Swiss Podium vom 7. September 2017. (Bild: KMU Swiss)"},{"@type":"BreadcrumbList","@id":"https:\/\/www.organisator.ch\/management\/2017-09-11\/visionaere-stehen-immer-wieder-auf\/#breadcrumb","itemListElement":[{"@type":"ListItem","position":1,"name":"Home","item":"https:\/\/www.organisator.ch\/"},{"@type":"ListItem","position":2,"name":"Vision\u00e4re stehen immer wieder auf"}]},{"@type":"WebSite","@id":"https:\/\/www.organisator.ch\/#website","url":"https:\/\/www.organisator.ch\/","name":"Organisator","description":"Kompetent. Praxisnah. Der ORGANISATOR bereitet in 10 Ausgaben pro Jahr die wesentlichen Themen f\u00fcr F\u00fchrungskr\u00e4fte von KMU auf.","publisher":{"@id":"https:\/\/www.organisator.ch\/#organization"},"potentialAction":[{"@type":"SearchAction","target":{"@type":"EntryPoint","urlTemplate":"https:\/\/www.organisator.ch\/?s={search_term_string}"},"query-input":{"@type":"PropertyValueSpecification","valueRequired":true,"valueName":"search_term_string"}}],"inLanguage":"de"},{"@type":"Organization","@id":"https:\/\/www.organisator.ch\/#organization","name":"Organisator","url":"https:\/\/www.organisator.ch\/","logo":{"@type":"ImageObject","inLanguage":"de","@id":"https:\/\/www.organisator.ch\/#\/schema\/logo\/image\/","url":"https:\/\/www.organisator.ch\/wp-content\/uploads\/2022\/01\/Logo_Organisator_Website.png","contentUrl":"https:\/\/www.organisator.ch\/wp-content\/uploads\/2022\/01\/Logo_Organisator_Website.png","width":800,"height":77,"caption":"Organisator"},"image":{"@id":"https:\/\/www.organisator.ch\/#\/schema\/logo\/image\/"},"sameAs":["https:\/\/www.facebook.com\/OrganisatorFachmagazin","https:\/\/www.linkedin.com\/showcase\/organisator-das-magazin-fr-kmu","https:\/\/www.xing.com\/news\/pages\/organisator-ch-695","https:\/\/www.youtube.com\/channel\/UCGP2Sq0iWaZwT3BdIAQFYpw"]},{"@type":"Person","@id":"https:\/\/www.organisator.ch\/#\/schema\/person\/6f650f90b2842cd4c0cc334b4e36f67e","name":"thomas.berner","image":{"@type":"ImageObject","inLanguage":"de","@id":"https:\/\/secure.gravatar.com\/avatar\/ac5001d2a36cb6c6cd3e50789007ffca834b477b74a2144564522e944eabff61?s=96&d=mm&r=g","url":"https:\/\/secure.gravatar.com\/avatar\/ac5001d2a36cb6c6cd3e50789007ffca834b477b74a2144564522e944eabff61?s=96&d=mm&r=g","contentUrl":"https:\/\/secure.gravatar.com\/avatar\/ac5001d2a36cb6c6cd3e50789007ffca834b477b74a2144564522e944eabff61?s=96&d=mm&r=g","caption":"thomas.berner"},"url":"https:\/\/www.organisator.ch\/de\/author\/thomas-berner\/"}]}},"_links":{"self":[{"href":"https:\/\/www.organisator.ch\/de\/wp-json\/wp\/v2\/posts\/2419","targetHints":{"allow":["GET"]}}],"collection":[{"href":"https:\/\/www.organisator.ch\/de\/wp-json\/wp\/v2\/posts"}],"about":[{"href":"https:\/\/www.organisator.ch\/de\/wp-json\/wp\/v2\/types\/post"}],"author":[{"embeddable":true,"href":"https:\/\/www.organisator.ch\/de\/wp-json\/wp\/v2\/users\/4"}],"replies":[{"embeddable":true,"href":"https:\/\/www.organisator.ch\/de\/wp-json\/wp\/v2\/comments?post=2419"}],"version-history":[{"count":0,"href":"https:\/\/www.organisator.ch\/de\/wp-json\/wp\/v2\/posts\/2419\/revisions"}],"wp:featuredmedia":[{"embeddable":true,"href":"https:\/\/www.organisator.ch\/de\/wp-json\/wp\/v2\/media\/2421"}],"wp:attachment":[{"href":"https:\/\/www.organisator.ch\/de\/wp-json\/wp\/v2\/media?parent=2419"}],"wp:term":[{"taxonomy":"category","embeddable":true,"href":"https:\/\/www.organisator.ch\/de\/wp-json\/wp\/v2\/categories?post=2419"},{"taxonomy":"post_tag","embeddable":true,"href":"https:\/\/www.organisator.ch\/de\/wp-json\/wp\/v2\/tags?post=2419"}],"curies":[{"name":"wp","href":"https:\/\/api.w.org\/{rel}","templated":true}]}}