{"id":24197,"date":"2024-01-10T09:25:04","date_gmt":"2024-01-10T08:25:04","guid":{"rendered":"https:\/\/www.organisator.ch\/?p=24197"},"modified":"2024-01-10T09:25:04","modified_gmt":"2024-01-10T08:25:04","slug":"green-business-switzerland-kooperiert-neu-mit-ringier-medien-schweiz-und-impact-gstaad","status":"publish","type":"post","link":"https:\/\/www.organisator.ch\/de\/sustainability\/2024-01-10\/green-business-switzerland-kooperiert-neu-mit-ringier-medien-schweiz-und-impact-gstaad\/","title":{"rendered":"Green Business Switzerland kooperiert neu mit Ringier Medien Schweiz und Impact Gstaad"},"content":{"rendered":"<figure id=\"attachment_24199\" aria-describedby=\"caption-attachment-24199\" style=\"width: 680px\" class=\"wp-caption alignnone\"><img loading=\"lazy\" decoding=\"async\" class=\"size-full wp-image-24199\" src=\"https:\/\/www.organisator.ch\/wp-content\/uploads\/2024\/01\/Green-Business-Switzerland-kooperiert-neu-mit-Ringier-Medien-Schweiz-und-Impact-Gstaad_Organisator.jpg\" alt=\"\" width=\"680\" height=\"453\" srcset=\"https:\/\/www.organisator.ch\/wp-content\/uploads\/2024\/01\/Green-Business-Switzerland-kooperiert-neu-mit-Ringier-Medien-Schweiz-und-Impact-Gstaad_Organisator.jpg 680w, https:\/\/www.organisator.ch\/wp-content\/uploads\/2024\/01\/Green-Business-Switzerland-kooperiert-neu-mit-Ringier-Medien-Schweiz-und-Impact-Gstaad_Organisator-18x12.jpg 18w, https:\/\/www.organisator.ch\/wp-content\/uploads\/2024\/01\/Green-Business-Switzerland-kooperiert-neu-mit-Ringier-Medien-Schweiz-und-Impact-Gstaad_Organisator-375x250.jpg 375w, https:\/\/www.organisator.ch\/wp-content\/uploads\/2024\/01\/Green-Business-Switzerland-kooperiert-neu-mit-Ringier-Medien-Schweiz-und-Impact-Gstaad_Organisator-525x350.jpg 525w\" sizes=\"auto, (max-width: 680px) 100vw, 680px\" \/><figcaption id=\"caption-attachment-24199\" class=\"wp-caption-text\">Director Green Business Switzerland C\u00e9dric Habermacher und Jurypr\u00e4sidentin Green Business Award Doris Leuthard bringen Vorbilder zum Leuchten. (Bild: zVg \/ Green Business)<\/figcaption><\/figure>\n<p>Die Zeichen mehren sich: Um unseren Planeten steht es f\u00fcnf vor zw\u00f6lf. Immer notwendiger wird deshalb entschlossenes und sofortiges Handeln. Das wissen im Prinzip alle, es fallen viele sch\u00f6ne Worte und Absichtserkl\u00e4rungen, doch kaum Taten &#8211; weder seitens der Politik noch seitens der Konsument\/-innen. Mehr noch: <a href=\"https:\/\/www.organisator.ch\/de\/sustainability\/2023-12-08\/ccpi-2024-die-schweiz-schafft-es-nicht-in-die-top-20\/\">Im Klimaschutz-Ranking f\u00e4llt die Schweiz immer mehr zur\u00fcck<\/a>. Green Business Switzerland hingegen ist \u00fcberzeugt: Die Wirtschaft ist Teil der L\u00f6sung und hat den gr\u00f6ssten Hebel \u2013 weil sie schnell ist und international skalieren kann. Der Green Business Award zeichnet aus diesem Grund unternehmerische L\u00f6sungen aus, die \u00f6kologischen Impact mit \u00f6konomischem Erfolg verbinden. Eine neue Kooperation soll diesen Absichten nun zus\u00e4tzlichen Schub verleihen: \u00abDank zwei neuen Partnerschaften mit Ringier Medien Schweiz und Impact Gstaad k\u00f6nnen wir den wichtigsten Nachhaltigkeitspreis der Schweiz weiter st\u00e4rken\u00bb, freut sich C\u00e9dric Habermacher, Director von Green Business Switzerland.<\/p>\n<h3>H\u00f6here Bekanntheit und bessere Chance auf Scale-Up-Finanzierungen<\/h3>\n<p>Das grosse Schweizer Medienhaus r\u00fcckt mit ihrer Plattform\u00a0Green Circle nachhaltige Unternehmen ins nationale Rampenlicht. Und die\u00a0Finalisten des Green Business Award erhalten die M\u00f6glichkeit, sich und ihre L\u00f6sungen am Impact Circle Event des Vereins Impact Gstaad vorzustellen. Unter dem Motto \u00abFrom little Gstaad to the big world\u00bb will die Initiative Impact Gstaad an ihren Events Nachhaltigkeitsvision\u00e4r\/-innen mit potenziellen Investor\/-innen zusammenbringen. Manuel Linder, Pr\u00e4sident des Vereinsvorstands, sagt \u00fcber die Zusammenarbeit: \u00abDamit \u00f6kologische L\u00f6sungen einen echten Unterschied f\u00fcr den Planeten machen, m\u00fcssen sie international wachsen. Daf\u00fcr die n\u00f6tige Finanzierung zu finden, war in der Schweiz bislang sehr schwer. Gemeinsam mit dem Green Business Award wollen wir diese L\u00fccke schliessen.\u00bb<\/p>\n<h3><strong>Hochkar\u00e4tiger Auswahlprozess bleibt<\/strong><strong><br \/>\n<\/strong><\/h3>\n<p>Der Auswahlprozess f\u00fcr die sechste Durchf\u00fchrung des Green Business Award bleibt mehrstufig und einmalig, um jedes Jahr die besten Schweizer L\u00f6sungen zu finden. Alt-Bundesr\u00e4tin Doris Leuthard ist Jurypr\u00e4sidentin und \u00fcberzeugt: \u00abDer Award ist so wichtig, weil die Wirtschaft Vorbilder braucht. Wir machen jene bekannt, die wirklich einen Unterschied machen und helfen ihnen, ihre L\u00f6sungen m\u00f6glichst global zu verbreiten.\u00bb In der ersten Phase des Auswahlprozesses nominieren rund 20 nationale Scouts aus Wirtschaft und Umweltschutz die besten L\u00f6sungen ihrer Branche f\u00fcr den Award. Daraus zeichnet eine interdisziplin\u00e4r zusammengesetzte Fachjury die f\u00fcnf besten L\u00f6sungen mit dem Label Green Business Excellence aus. Diese f\u00fcnf Firmen pr\u00e4sentieren sich mit einem Pitch vor der Hauptjury. Dieser Jury geh\u00f6ren neben Pr\u00e4sidentin Doris Leuthard 14 weitere bekannte Pers\u00f6nlichkeiten an, u.a. Reto Knutti (ETH-Professor in Klimaphysik), Betrand Piccard (Solar Impulse), Roberto Cirillo (CEO der Schweizerischen Post) und Wirtschaftsjournalistin und Unternehmerin Patrizia Laeri. Drei dieser f\u00fcnf Firmen werden zu Finalisten des Green Business Award gek\u00fcrt, wovon wiederum ein Unternehmen am 14. Februar 2025 im Rahmen des Impact Circles von Impact Gstaad die begehrte Auszeichnung verliehen bekommt.<\/p>\n<p>Green Business Switzerland ist eine Kooperation zentraler Akteure aus Wirtschaft und Umweltschutz. Dahinter stehen u.a. Go for Impact, das BAFU, economiesuisse, \u00f6bu, Pusch, die Schweizerische Umweltstiftung, Scienceindustries, Swissmem, Swiss Textiles und der WWF Schweiz.<\/p>\n<p><em><a href=\"https:\/\/greenbusiness.ch\/\">Quelle und weitere Informationen<\/a><\/em><\/p>\n","protected":false},"excerpt":{"rendered":"<p>Der Green Business Award zeichnet seit 2019 Unternehmen aus, die Nachhaltigkeit und wirtschaftlichen Erfolg verbinden. Dank einer neuen Zusammenarbeit mit Ringier Medien Schweiz und Impact Gstaad soll der Preis einen h\u00f6heren Stellenwert und eine breitere Resonanz erhalten.<\/p>\n","protected":false},"author":4,"featured_media":24199,"comment_status":"closed","ping_status":"closed","sticky":false,"template":"","format":"standard","meta":{"_acf_changed":false,"_yoast_wpseo_focuskw":"Green Business Switzerland","_yoast_wpseo_metadesc":"Green Business Switzerland spannt mit Ringier Medien Schweiz und Impact Gstaad zusammen \u2013 f\u00fcr eine nachhaltige Wirtschaft.","articlekey":"","footnotes":""},"categories":[580],"tags":[66,339,1677,358],"class_list":["post-24197","post","type-post","status-publish","format-standard","has-post-thumbnail","hentry","category-sustainability","tag-awards","tag-marketing","tag-medien","tag-nachhaltige-wirtschaft"],"acf":[],"yoast_head":"<!-- This site is optimized with the Yoast SEO plugin v27.5 - https:\/\/yoast.com\/product\/yoast-seo-wordpress\/ -->\n<title>Green Business Switzerland kooperiert neu mit Ringier Medien Schweiz und Impact Gstaad - Organisator<\/title>\n<meta name=\"description\" content=\"Green Business Switzerland spannt mit Ringier Medien Schweiz und Impact Gstaad zusammen \u2013 f\u00fcr eine nachhaltige Wirtschaft.\" \/>\n<meta name=\"robots\" content=\"index, follow, max-snippet:-1, max-image-preview:large, max-video-preview:-1\" \/>\n<link rel=\"canonical\" href=\"https:\/\/www.organisator.ch\/de\/sustainability\/2024-01-10\/green-business-switzerland-kooperiert-neu-mit-ringier-medien-schweiz-und-impact-gstaad\/\" \/>\n<meta property=\"og:locale\" content=\"de_DE\" \/>\n<meta property=\"og:type\" content=\"article\" \/>\n<meta property=\"og:title\" content=\"Green Business Switzerland kooperiert neu mit Ringier Medien Schweiz und Impact Gstaad\" \/>\n<meta property=\"og:description\" content=\"Green Business Switzerland spannt mit Ringier Medien Schweiz und Impact Gstaad zusammen \u2013 f\u00fcr eine nachhaltige Wirtschaft.\" \/>\n<meta property=\"og:url\" content=\"https:\/\/www.organisator.ch\/de\/sustainability\/2024-01-10\/green-business-switzerland-kooperiert-neu-mit-ringier-medien-schweiz-und-impact-gstaad\/\" \/>\n<meta property=\"og:site_name\" content=\"Organisator\" \/>\n<meta property=\"article:publisher\" content=\"https:\/\/www.facebook.com\/OrganisatorFachmagazin\" \/>\n<meta property=\"article:published_time\" content=\"2024-01-10T08:25:04+00:00\" \/>\n<meta property=\"og:image\" content=\"https:\/\/www.organisator.ch\/wp-content\/uploads\/2024\/01\/Green-Business-Switzerland-kooperiert-neu-mit-Ringier-Medien-Schweiz-und-Impact-Gstaad_Organisator.jpg\" \/>\n\t<meta property=\"og:image:width\" content=\"680\" \/>\n\t<meta property=\"og:image:height\" content=\"453\" \/>\n\t<meta property=\"og:image:type\" content=\"image\/jpeg\" \/>\n<meta name=\"author\" content=\"thomas.berner\" \/>\n<meta name=\"twitter:card\" content=\"summary_large_image\" \/>\n<meta name=\"twitter:title\" content=\"#GreenBusinessSwitzerland kooperiert neu mit #Ringier Medien Schweiz und Impact Gstaad\" \/>\n<meta name=\"twitter:description\" content=\"#GreenBusinessSwitzerland spannt mit #Ringier Medien Schweiz und #ImpactGstaad zusammen \u2013 f\u00fcr eine nachhaltige Wirtschaft.\" \/>\n<meta name=\"twitter:image\" content=\"https:\/\/www.organisator.ch\/wp-content\/uploads\/2024\/01\/Green-Business-Switzerland-kooperiert-neu-mit-Ringier-Medien-Schweiz-und-Impact-Gstaad_Organisator.jpg\" \/>\n<script type=\"application\/ld+json\" class=\"yoast-schema-graph\">{\"@context\":\"https:\\\/\\\/schema.org\",\"@graph\":[{\"@type\":\"Article\",\"@id\":\"https:\\\/\\\/www.organisator.ch\\\/sustainability\\\/2024-01-10\\\/green-business-switzerland-kooperiert-neu-mit-ringier-medien-schweiz-und-impact-gstaad\\\/#article\",\"isPartOf\":{\"@id\":\"https:\\\/\\\/www.organisator.ch\\\/sustainability\\\/2024-01-10\\\/green-business-switzerland-kooperiert-neu-mit-ringier-medien-schweiz-und-impact-gstaad\\\/\"},\"author\":{\"name\":\"thomas.berner\",\"@id\":\"https:\\\/\\\/www.organisator.ch\\\/#\\\/schema\\\/person\\\/6f650f90b2842cd4c0cc334b4e36f67e\"},\"headline\":\"Green Business Switzerland kooperiert neu mit Ringier Medien Schweiz und Impact Gstaad\",\"datePublished\":\"2024-01-10T08:25:04+00:00\",\"mainEntityOfPage\":{\"@id\":\"https:\\\/\\\/www.organisator.ch\\\/sustainability\\\/2024-01-10\\\/green-business-switzerland-kooperiert-neu-mit-ringier-medien-schweiz-und-impact-gstaad\\\/\"},\"wordCount\":556,\"publisher\":{\"@id\":\"https:\\\/\\\/www.organisator.ch\\\/#organization\"},\"image\":{\"@id\":\"https:\\\/\\\/www.organisator.ch\\\/sustainability\\\/2024-01-10\\\/green-business-switzerland-kooperiert-neu-mit-ringier-medien-schweiz-und-impact-gstaad\\\/#primaryimage\"},\"thumbnailUrl\":\"https:\\\/\\\/www.organisator.ch\\\/wp-content\\\/uploads\\\/2024\\\/01\\\/Green-Business-Switzerland-kooperiert-neu-mit-Ringier-Medien-Schweiz-und-Impact-Gstaad_Organisator.jpg\",\"keywords\":[\"Awards\",\"Marketing\",\"Medien\",\"Nachhaltige Wirtschaft\"],\"articleSection\":[\"SUSTAINABILITY\"],\"inLanguage\":\"de\"},{\"@type\":\"WebPage\",\"@id\":\"https:\\\/\\\/www.organisator.ch\\\/sustainability\\\/2024-01-10\\\/green-business-switzerland-kooperiert-neu-mit-ringier-medien-schweiz-und-impact-gstaad\\\/\",\"url\":\"https:\\\/\\\/www.organisator.ch\\\/sustainability\\\/2024-01-10\\\/green-business-switzerland-kooperiert-neu-mit-ringier-medien-schweiz-und-impact-gstaad\\\/\",\"name\":\"Green Business Switzerland kooperiert neu mit Ringier Medien Schweiz und Impact Gstaad - Organisator\",\"isPartOf\":{\"@id\":\"https:\\\/\\\/www.organisator.ch\\\/#website\"},\"primaryImageOfPage\":{\"@id\":\"https:\\\/\\\/www.organisator.ch\\\/sustainability\\\/2024-01-10\\\/green-business-switzerland-kooperiert-neu-mit-ringier-medien-schweiz-und-impact-gstaad\\\/#primaryimage\"},\"image\":{\"@id\":\"https:\\\/\\\/www.organisator.ch\\\/sustainability\\\/2024-01-10\\\/green-business-switzerland-kooperiert-neu-mit-ringier-medien-schweiz-und-impact-gstaad\\\/#primaryimage\"},\"thumbnailUrl\":\"https:\\\/\\\/www.organisator.ch\\\/wp-content\\\/uploads\\\/2024\\\/01\\\/Green-Business-Switzerland-kooperiert-neu-mit-Ringier-Medien-Schweiz-und-Impact-Gstaad_Organisator.jpg\",\"datePublished\":\"2024-01-10T08:25:04+00:00\",\"description\":\"Green Business Switzerland spannt mit Ringier Medien Schweiz und Impact Gstaad zusammen \u2013 f\u00fcr eine nachhaltige Wirtschaft.\",\"breadcrumb\":{\"@id\":\"https:\\\/\\\/www.organisator.ch\\\/sustainability\\\/2024-01-10\\\/green-business-switzerland-kooperiert-neu-mit-ringier-medien-schweiz-und-impact-gstaad\\\/#breadcrumb\"},\"inLanguage\":\"de\",\"potentialAction\":[{\"@type\":\"ReadAction\",\"target\":[\"https:\\\/\\\/www.organisator.ch\\\/sustainability\\\/2024-01-10\\\/green-business-switzerland-kooperiert-neu-mit-ringier-medien-schweiz-und-impact-gstaad\\\/\"]}]},{\"@type\":\"ImageObject\",\"inLanguage\":\"de\",\"@id\":\"https:\\\/\\\/www.organisator.ch\\\/sustainability\\\/2024-01-10\\\/green-business-switzerland-kooperiert-neu-mit-ringier-medien-schweiz-und-impact-gstaad\\\/#primaryimage\",\"url\":\"https:\\\/\\\/www.organisator.ch\\\/wp-content\\\/uploads\\\/2024\\\/01\\\/Green-Business-Switzerland-kooperiert-neu-mit-Ringier-Medien-Schweiz-und-Impact-Gstaad_Organisator.jpg\",\"contentUrl\":\"https:\\\/\\\/www.organisator.ch\\\/wp-content\\\/uploads\\\/2024\\\/01\\\/Green-Business-Switzerland-kooperiert-neu-mit-Ringier-Medien-Schweiz-und-Impact-Gstaad_Organisator.jpg\",\"width\":680,\"height\":453,\"caption\":\"Director Green Business Switzerland C\u00e9dric Habermacher und Jurypr\u00e4sidentin Green Business Award Doris Leuthard bringen Vorbilder zum Leuchten. (Bild: zVg \\\/ Green Business)\"},{\"@type\":\"BreadcrumbList\",\"@id\":\"https:\\\/\\\/www.organisator.ch\\\/sustainability\\\/2024-01-10\\\/green-business-switzerland-kooperiert-neu-mit-ringier-medien-schweiz-und-impact-gstaad\\\/#breadcrumb\",\"itemListElement\":[{\"@type\":\"ListItem\",\"position\":1,\"name\":\"Home\",\"item\":\"https:\\\/\\\/www.organisator.ch\\\/\"},{\"@type\":\"ListItem\",\"position\":2,\"name\":\"Green Business Switzerland kooperiert neu mit Ringier Medien Schweiz und Impact Gstaad\"}]},{\"@type\":\"WebSite\",\"@id\":\"https:\\\/\\\/www.organisator.ch\\\/#website\",\"url\":\"https:\\\/\\\/www.organisator.ch\\\/\",\"name\":\"Organisator\",\"description\":\"Kompetent. Praxisnah. Der ORGANISATOR bereitet in 10 Ausgaben pro Jahr die wesentlichen Themen f\u00fcr F\u00fchrungskr\u00e4fte von KMU auf.\",\"publisher\":{\"@id\":\"https:\\\/\\\/www.organisator.ch\\\/#organization\"},\"potentialAction\":[{\"@type\":\"SearchAction\",\"target\":{\"@type\":\"EntryPoint\",\"urlTemplate\":\"https:\\\/\\\/www.organisator.ch\\\/?s={search_term_string}\"},\"query-input\":{\"@type\":\"PropertyValueSpecification\",\"valueRequired\":true,\"valueName\":\"search_term_string\"}}],\"inLanguage\":\"de\"},{\"@type\":\"Organization\",\"@id\":\"https:\\\/\\\/www.organisator.ch\\\/#organization\",\"name\":\"Organisator\",\"url\":\"https:\\\/\\\/www.organisator.ch\\\/\",\"logo\":{\"@type\":\"ImageObject\",\"inLanguage\":\"de\",\"@id\":\"https:\\\/\\\/www.organisator.ch\\\/#\\\/schema\\\/logo\\\/image\\\/\",\"url\":\"https:\\\/\\\/www.organisator.ch\\\/wp-content\\\/uploads\\\/2022\\\/01\\\/Logo_Organisator_Website.png\",\"contentUrl\":\"https:\\\/\\\/www.organisator.ch\\\/wp-content\\\/uploads\\\/2022\\\/01\\\/Logo_Organisator_Website.png\",\"width\":800,\"height\":77,\"caption\":\"Organisator\"},\"image\":{\"@id\":\"https:\\\/\\\/www.organisator.ch\\\/#\\\/schema\\\/logo\\\/image\\\/\"},\"sameAs\":[\"https:\\\/\\\/www.facebook.com\\\/OrganisatorFachmagazin\",\"https:\\\/\\\/www.linkedin.com\\\/showcase\\\/organisator-das-magazin-fr-kmu\",\"https:\\\/\\\/www.xing.com\\\/news\\\/pages\\\/organisator-ch-695\",\"https:\\\/\\\/www.youtube.com\\\/channel\\\/UCGP2Sq0iWaZwT3BdIAQFYpw\"]},{\"@type\":\"Person\",\"@id\":\"https:\\\/\\\/www.organisator.ch\\\/#\\\/schema\\\/person\\\/6f650f90b2842cd4c0cc334b4e36f67e\",\"name\":\"thomas.berner\",\"image\":{\"@type\":\"ImageObject\",\"inLanguage\":\"de\",\"@id\":\"https:\\\/\\\/secure.gravatar.com\\\/avatar\\\/ac5001d2a36cb6c6cd3e50789007ffca834b477b74a2144564522e944eabff61?s=96&d=mm&r=g\",\"url\":\"https:\\\/\\\/secure.gravatar.com\\\/avatar\\\/ac5001d2a36cb6c6cd3e50789007ffca834b477b74a2144564522e944eabff61?s=96&d=mm&r=g\",\"contentUrl\":\"https:\\\/\\\/secure.gravatar.com\\\/avatar\\\/ac5001d2a36cb6c6cd3e50789007ffca834b477b74a2144564522e944eabff61?s=96&d=mm&r=g\",\"caption\":\"thomas.berner\"},\"url\":\"https:\\\/\\\/www.organisator.ch\\\/de\\\/author\\\/thomas-berner\\\/\"}]}<\/script>\n<!-- \/ Yoast SEO plugin. -->","yoast_head_json":{"title":"Green Business Switzerland kooperiert neu mit Ringier Medien Schweiz und Impact Gstaad - Organisator","description":"Green Business Switzerland spannt mit Ringier Medien Schweiz und Impact Gstaad zusammen \u2013 f\u00fcr eine nachhaltige Wirtschaft.","robots":{"index":"index","follow":"follow","max-snippet":"max-snippet:-1","max-image-preview":"max-image-preview:large","max-video-preview":"max-video-preview:-1"},"canonical":"https:\/\/www.organisator.ch\/de\/sustainability\/2024-01-10\/green-business-switzerland-kooperiert-neu-mit-ringier-medien-schweiz-und-impact-gstaad\/","og_locale":"de_DE","og_type":"article","og_title":"Green Business Switzerland kooperiert neu mit Ringier Medien Schweiz und Impact Gstaad","og_description":"Green Business Switzerland spannt mit Ringier Medien Schweiz und Impact Gstaad zusammen \u2013 f\u00fcr eine nachhaltige Wirtschaft.","og_url":"https:\/\/www.organisator.ch\/de\/sustainability\/2024-01-10\/green-business-switzerland-kooperiert-neu-mit-ringier-medien-schweiz-und-impact-gstaad\/","og_site_name":"Organisator","article_publisher":"https:\/\/www.facebook.com\/OrganisatorFachmagazin","article_published_time":"2024-01-10T08:25:04+00:00","og_image":[{"width":680,"height":453,"url":"https:\/\/www.organisator.ch\/wp-content\/uploads\/2024\/01\/Green-Business-Switzerland-kooperiert-neu-mit-Ringier-Medien-Schweiz-und-Impact-Gstaad_Organisator.jpg","type":"image\/jpeg"}],"author":"thomas.berner","twitter_card":"summary_large_image","twitter_title":"#GreenBusinessSwitzerland kooperiert neu mit #Ringier Medien Schweiz und Impact Gstaad","twitter_description":"#GreenBusinessSwitzerland spannt mit #Ringier Medien Schweiz und #ImpactGstaad zusammen \u2013 f\u00fcr eine nachhaltige Wirtschaft.","twitter_image":"https:\/\/www.organisator.ch\/wp-content\/uploads\/2024\/01\/Green-Business-Switzerland-kooperiert-neu-mit-Ringier-Medien-Schweiz-und-Impact-Gstaad_Organisator.jpg","schema":{"@context":"https:\/\/schema.org","@graph":[{"@type":"Article","@id":"https:\/\/www.organisator.ch\/sustainability\/2024-01-10\/green-business-switzerland-kooperiert-neu-mit-ringier-medien-schweiz-und-impact-gstaad\/#article","isPartOf":{"@id":"https:\/\/www.organisator.ch\/sustainability\/2024-01-10\/green-business-switzerland-kooperiert-neu-mit-ringier-medien-schweiz-und-impact-gstaad\/"},"author":{"name":"thomas.berner","@id":"https:\/\/www.organisator.ch\/#\/schema\/person\/6f650f90b2842cd4c0cc334b4e36f67e"},"headline":"Green Business Switzerland kooperiert neu mit Ringier Medien Schweiz und Impact Gstaad","datePublished":"2024-01-10T08:25:04+00:00","mainEntityOfPage":{"@id":"https:\/\/www.organisator.ch\/sustainability\/2024-01-10\/green-business-switzerland-kooperiert-neu-mit-ringier-medien-schweiz-und-impact-gstaad\/"},"wordCount":556,"publisher":{"@id":"https:\/\/www.organisator.ch\/#organization"},"image":{"@id":"https:\/\/www.organisator.ch\/sustainability\/2024-01-10\/green-business-switzerland-kooperiert-neu-mit-ringier-medien-schweiz-und-impact-gstaad\/#primaryimage"},"thumbnailUrl":"https:\/\/www.organisator.ch\/wp-content\/uploads\/2024\/01\/Green-Business-Switzerland-kooperiert-neu-mit-Ringier-Medien-Schweiz-und-Impact-Gstaad_Organisator.jpg","keywords":["Awards","Marketing","Medien","Nachhaltige Wirtschaft"],"articleSection":["SUSTAINABILITY"],"inLanguage":"de"},{"@type":"WebPage","@id":"https:\/\/www.organisator.ch\/sustainability\/2024-01-10\/green-business-switzerland-kooperiert-neu-mit-ringier-medien-schweiz-und-impact-gstaad\/","url":"https:\/\/www.organisator.ch\/sustainability\/2024-01-10\/green-business-switzerland-kooperiert-neu-mit-ringier-medien-schweiz-und-impact-gstaad\/","name":"Green Business Switzerland kooperiert neu mit Ringier Medien Schweiz und Impact Gstaad - Organisator","isPartOf":{"@id":"https:\/\/www.organisator.ch\/#website"},"primaryImageOfPage":{"@id":"https:\/\/www.organisator.ch\/sustainability\/2024-01-10\/green-business-switzerland-kooperiert-neu-mit-ringier-medien-schweiz-und-impact-gstaad\/#primaryimage"},"image":{"@id":"https:\/\/www.organisator.ch\/sustainability\/2024-01-10\/green-business-switzerland-kooperiert-neu-mit-ringier-medien-schweiz-und-impact-gstaad\/#primaryimage"},"thumbnailUrl":"https:\/\/www.organisator.ch\/wp-content\/uploads\/2024\/01\/Green-Business-Switzerland-kooperiert-neu-mit-Ringier-Medien-Schweiz-und-Impact-Gstaad_Organisator.jpg","datePublished":"2024-01-10T08:25:04+00:00","description":"Green Business Switzerland spannt mit Ringier Medien Schweiz und Impact Gstaad zusammen \u2013 f\u00fcr eine nachhaltige Wirtschaft.","breadcrumb":{"@id":"https:\/\/www.organisator.ch\/sustainability\/2024-01-10\/green-business-switzerland-kooperiert-neu-mit-ringier-medien-schweiz-und-impact-gstaad\/#breadcrumb"},"inLanguage":"de","potentialAction":[{"@type":"ReadAction","target":["https:\/\/www.organisator.ch\/sustainability\/2024-01-10\/green-business-switzerland-kooperiert-neu-mit-ringier-medien-schweiz-und-impact-gstaad\/"]}]},{"@type":"ImageObject","inLanguage":"de","@id":"https:\/\/www.organisator.ch\/sustainability\/2024-01-10\/green-business-switzerland-kooperiert-neu-mit-ringier-medien-schweiz-und-impact-gstaad\/#primaryimage","url":"https:\/\/www.organisator.ch\/wp-content\/uploads\/2024\/01\/Green-Business-Switzerland-kooperiert-neu-mit-Ringier-Medien-Schweiz-und-Impact-Gstaad_Organisator.jpg","contentUrl":"https:\/\/www.organisator.ch\/wp-content\/uploads\/2024\/01\/Green-Business-Switzerland-kooperiert-neu-mit-Ringier-Medien-Schweiz-und-Impact-Gstaad_Organisator.jpg","width":680,"height":453,"caption":"Director Green Business Switzerland C\u00e9dric Habermacher und Jurypr\u00e4sidentin Green Business Award Doris Leuthard bringen Vorbilder zum Leuchten. (Bild: zVg \/ Green Business)"},{"@type":"BreadcrumbList","@id":"https:\/\/www.organisator.ch\/sustainability\/2024-01-10\/green-business-switzerland-kooperiert-neu-mit-ringier-medien-schweiz-und-impact-gstaad\/#breadcrumb","itemListElement":[{"@type":"ListItem","position":1,"name":"Home","item":"https:\/\/www.organisator.ch\/"},{"@type":"ListItem","position":2,"name":"Green Business Switzerland kooperiert neu mit Ringier Medien Schweiz und Impact Gstaad"}]},{"@type":"WebSite","@id":"https:\/\/www.organisator.ch\/#website","url":"https:\/\/www.organisator.ch\/","name":"Organisator","description":"Kompetent. Praxisnah. Der ORGANISATOR bereitet in 10 Ausgaben pro Jahr die wesentlichen Themen f\u00fcr F\u00fchrungskr\u00e4fte von KMU auf.","publisher":{"@id":"https:\/\/www.organisator.ch\/#organization"},"potentialAction":[{"@type":"SearchAction","target":{"@type":"EntryPoint","urlTemplate":"https:\/\/www.organisator.ch\/?s={search_term_string}"},"query-input":{"@type":"PropertyValueSpecification","valueRequired":true,"valueName":"search_term_string"}}],"inLanguage":"de"},{"@type":"Organization","@id":"https:\/\/www.organisator.ch\/#organization","name":"Organisator","url":"https:\/\/www.organisator.ch\/","logo":{"@type":"ImageObject","inLanguage":"de","@id":"https:\/\/www.organisator.ch\/#\/schema\/logo\/image\/","url":"https:\/\/www.organisator.ch\/wp-content\/uploads\/2022\/01\/Logo_Organisator_Website.png","contentUrl":"https:\/\/www.organisator.ch\/wp-content\/uploads\/2022\/01\/Logo_Organisator_Website.png","width":800,"height":77,"caption":"Organisator"},"image":{"@id":"https:\/\/www.organisator.ch\/#\/schema\/logo\/image\/"},"sameAs":["https:\/\/www.facebook.com\/OrganisatorFachmagazin","https:\/\/www.linkedin.com\/showcase\/organisator-das-magazin-fr-kmu","https:\/\/www.xing.com\/news\/pages\/organisator-ch-695","https:\/\/www.youtube.com\/channel\/UCGP2Sq0iWaZwT3BdIAQFYpw"]},{"@type":"Person","@id":"https:\/\/www.organisator.ch\/#\/schema\/person\/6f650f90b2842cd4c0cc334b4e36f67e","name":"thomas.berner","image":{"@type":"ImageObject","inLanguage":"de","@id":"https:\/\/secure.gravatar.com\/avatar\/ac5001d2a36cb6c6cd3e50789007ffca834b477b74a2144564522e944eabff61?s=96&d=mm&r=g","url":"https:\/\/secure.gravatar.com\/avatar\/ac5001d2a36cb6c6cd3e50789007ffca834b477b74a2144564522e944eabff61?s=96&d=mm&r=g","contentUrl":"https:\/\/secure.gravatar.com\/avatar\/ac5001d2a36cb6c6cd3e50789007ffca834b477b74a2144564522e944eabff61?s=96&d=mm&r=g","caption":"thomas.berner"},"url":"https:\/\/www.organisator.ch\/de\/author\/thomas-berner\/"}]}},"_links":{"self":[{"href":"https:\/\/www.organisator.ch\/de\/wp-json\/wp\/v2\/posts\/24197","targetHints":{"allow":["GET"]}}],"collection":[{"href":"https:\/\/www.organisator.ch\/de\/wp-json\/wp\/v2\/posts"}],"about":[{"href":"https:\/\/www.organisator.ch\/de\/wp-json\/wp\/v2\/types\/post"}],"author":[{"embeddable":true,"href":"https:\/\/www.organisator.ch\/de\/wp-json\/wp\/v2\/users\/4"}],"replies":[{"embeddable":true,"href":"https:\/\/www.organisator.ch\/de\/wp-json\/wp\/v2\/comments?post=24197"}],"version-history":[{"count":5,"href":"https:\/\/www.organisator.ch\/de\/wp-json\/wp\/v2\/posts\/24197\/revisions"}],"predecessor-version":[{"id":24259,"href":"https:\/\/www.organisator.ch\/de\/wp-json\/wp\/v2\/posts\/24197\/revisions\/24259"}],"wp:featuredmedia":[{"embeddable":true,"href":"https:\/\/www.organisator.ch\/de\/wp-json\/wp\/v2\/media\/24199"}],"wp:attachment":[{"href":"https:\/\/www.organisator.ch\/de\/wp-json\/wp\/v2\/media?parent=24197"}],"wp:term":[{"taxonomy":"category","embeddable":true,"href":"https:\/\/www.organisator.ch\/de\/wp-json\/wp\/v2\/categories?post=24197"},{"taxonomy":"post_tag","embeddable":true,"href":"https:\/\/www.organisator.ch\/de\/wp-json\/wp\/v2\/tags?post=24197"}],"curies":[{"name":"wp","href":"https:\/\/api.w.org\/{rel}","templated":true}]}}