{"id":243,"date":"2016-04-08T09:20:23","date_gmt":"2016-04-08T07:20:23","guid":{"rendered":"http:\/\/dev.organisator.ch\/?p=243"},"modified":"2016-04-08T09:20:23","modified_gmt":"2016-04-08T07:20:23","slug":"die-gesuendesten-arbeitgeber-der-schweiz","status":"publish","type":"post","link":"https:\/\/www.organisator.ch\/de\/human-resources\/fit_im_job\/2016-04-08\/die-gesuendesten-arbeitgeber-der-schweiz\/","title":{"rendered":"Die ges\u00fcndesten Arbeitgeber der Schweiz"},"content":{"rendered":"<figure id=\"attachment_244\" aria-describedby=\"caption-attachment-244\" style=\"width: 448px\" class=\"wp-caption alignnone\"><img loading=\"lazy\" decoding=\"async\" class=\"size-full wp-image-244\" src=\"https:\/\/www.organisator.ch\/wp-content\/uploads\/2016\/12\/Die-gesuendesten-Arbeitgeber-der-Schweiz-organisator.jpg\" alt=\"\" width=\"448\" height=\"299\" srcset=\"https:\/\/www.organisator.ch\/wp-content\/uploads\/2016\/12\/Die-gesuendesten-Arbeitgeber-der-Schweiz-organisator.jpg 448w, https:\/\/www.organisator.ch\/wp-content\/uploads\/2016\/12\/Die-gesuendesten-Arbeitgeber-der-Schweiz-organisator-16x12.jpg 16w, https:\/\/www.organisator.ch\/wp-content\/uploads\/2016\/12\/Die-gesuendesten-Arbeitgeber-der-Schweiz-organisator-262x175.jpg 262w, https:\/\/www.organisator.ch\/wp-content\/uploads\/2016\/12\/Die-gesuendesten-Arbeitgeber-der-Schweiz-organisator-300x200.jpg 300w\" sizes=\"auto, (max-width: 448px) 100vw, 448px\" \/><figcaption id=\"caption-attachment-244\" class=\"wp-caption-text\">Kununu hat die Arbeitsbedingungen in der Gesundheitsbranche bewertet. (Bild: Fotolia.com)<\/figcaption><\/figure>\n<p>Mit \u00fcber 1.144.000 anonymen Bewertungen zu 253.000 Unternehmen ist kununu die gr\u00f6\u00dfte Arbeitgeber-Bewertungsplattform im deutschsprachigen Raum. Basierend auf diesen Daten hat kununu nun die beliebtesten Arbeitgeber der Gesundheitsbranche in der Schweiz eruiert. Ausschlaggebend f\u00fcr die Platzierung war die Gesamtbewertung, zudem wurde eine bestimmte Mindestzahl an Bewertungen vorausgesetzt.<\/p>\n<p><strong>Platz 1: Psychiatrische Dienste Graub\u00fcnden (PDGR)<\/strong><\/p>\n<p>Den ersten Platz sichern sich mit einem kununu Score von 4,27 Punkten die Psychiatrische Dienste Graub\u00fcnden (PDGR). Hier sind alle in guten H\u00e4nden: Mitarbeiter des Psychiatrie Kompetenzzentrums bescheinigen der Gesch\u00e4ftsleitung ein \u201evorbildliches und faires Verhalten\u201c. Gelobt werden zudem der starke Kollegenzusammenhalt, das ausgepr\u00e4gte Umwelt- \/Sozialbewusstsein sowie der tadellose Umgang mit Kollegen 45+. Benefits wie flexible Arbeitszeit, Homeoffice, Kinderbetreuung, Schmackhaftes aus der Kantine und Mitarbeiterevents runden das Wohlf\u00fchl-Angebot ab.<\/p>\n<p><strong>Platz 2: globegarden Childcare Centers<\/strong><\/p>\n<p>Hier bl\u00fchen nicht nur die Kleinsten auf: Mit einem kununu Score von 4,09 Punkten schnappt sich globegarden Childcare Centers den zweiten Rankingplatz. Der \u00fcberregionale Tr\u00e4ger von Kindertagesst\u00e4tten und -g\u00e4rten wartet mit einem starken Kollegenzusammenhalt auf. Das hei\u00dft konkret: \u201eEs gibt viele interne Weiterbildungsanl\u00e4sse oder Teamanl\u00e4sse bei uns, und ich kann eigentlich bei allen Fragen jemanden anrufen\u201c. Eine betriebliche Altersvorsorge, Coachings und Mitarbeiterrabatte machen das Arbeiten noch angenehmer. Im Ergebnis: \u201eEin wahnsinnig stimulierendes und positives Arbeitsumfeld\u201c.<\/p>\n<p><strong>Platz 3: Pflegezentren Stadt Z\u00fcrich<\/strong><\/p>\n<p>Von Menschen f\u00fcr Menschen: Bei den Pflegezentren Stadt Z\u00fcrich wird vertrauensvoller Umgang gro\u00dfgeschrieben. Was f\u00fcr die Beziehung zwischen Pflegern und Patienten gilt, zeigt sich scheinbar in nahezu allen Ecken und Winkeln jener Einrichtungen. Kollegen sind allzeit \u201eengagiert und hilfsbereit\u201c, der Umgang ist \u201eehrlich, offen und direkt\u201c. Coachings, Mitarbeiterrabatte und -events steigern zus\u00e4tzlich die Zufriedenheit der Mitarbeiter. Summa summarum gibt es einen kununu Score von 3,66 der 5 m\u00f6glichen Punkte \u2013 und damit den dritten Platz.<\/p>\n<p><strong>Die Schlusslichter<\/strong><\/p>\n<p>Unterhalb des Branchendurchschnitts und damit auf den hinteren Rankingpl\u00e4tzen landen Medgate mit einem kununu Score von 2,98 Punkten und die Kantonsspital Baden AG mit einem kununu Score von 2,84. Den Abschluss bildet Familea mit einem kununu Score von 2,41 Punkten. Nachholbedarf haben die Schlusslichter \u00fcberwiegend in Sachen Kommunikation und Vorgesetztenverhalten.<\/p>\n<p><a href=\"http:\/\/www.kununu.com\" target=\"_blank\" data-cke-saved-href=\"http:\/\/www.kununu.com\" rel=\"noopener\"><em>http:\/\/www.kununu.com<\/em><\/a><\/p>\n","protected":false},"excerpt":{"rendered":"<p>Mit \u00fcber 1.144.000 anonymen Bewertungen zu 253.000 Unternehmen ist kununu die gr\u00f6\u00dfte Arbeitgeber-Bewertungsplattform im deutschsprachigen Raum. Basierend auf diesen Daten hat kununu nun die beliebtesten Arbeitgeber der Gesundheitsbranche in der Schweiz eruiert. Ausschlaggebend f\u00fcr die Platzierung war die Gesamtbewertung, zudem wurde eine bestimmte Mindestzahl an Bewertungen vorausgesetzt. Platz 1: Psychiatrische Dienste Graub\u00fcnden (PDGR) Den ersten [&hellip;]<\/p>\n","protected":false},"author":1,"featured_media":244,"comment_status":"open","ping_status":"open","sticky":false,"template":"","format":"standard","meta":{"_acf_changed":false,"_yoast_wpseo_focuskw":"ges\u00fcndesten Arbeitgeber","_yoast_wpseo_metadesc":"Die Gesundheitsbranche geh\u00f6rt zu den wichtigsten Besch\u00e4ftigungszweigen \u00fcberhaupt und auch in Krisenzeiten sind Tausende neue Stellen geplant.","articlekey":"","footnotes":""},"categories":[25],"tags":[77,208,492],"class_list":["post-243","post","type-post","status-publish","format-standard","has-post-thumbnail","hentry","category-fit_im_job","tag-betriebliches-gesundheitsmanagement","tag-fit-im-job","tag-unternehmen"],"acf":[],"yoast_head":"<!-- This site is optimized with the Yoast SEO plugin v27.4 - https:\/\/yoast.com\/product\/yoast-seo-wordpress\/ -->\n<title>Die ges\u00fcndesten Arbeitgeber der Schweiz - Organisator<\/title>\n<meta name=\"description\" content=\"Die Gesundheitsbranche geh\u00f6rt zu den wichtigsten Besch\u00e4ftigungszweigen \u00fcberhaupt und auch in Krisenzeiten sind Tausende neue Stellen geplant.\" \/>\n<meta name=\"robots\" content=\"index, follow, max-snippet:-1, max-image-preview:large, max-video-preview:-1\" \/>\n<link rel=\"canonical\" href=\"https:\/\/www.organisator.ch\/de\/human-resources\/fit_im_job\/2016-04-08\/die-gesuendesten-arbeitgeber-der-schweiz\/\" \/>\n<meta property=\"og:locale\" content=\"de_DE\" \/>\n<meta property=\"og:type\" content=\"article\" \/>\n<meta property=\"og:title\" content=\"Die ges\u00fcndesten Arbeitgeber der Schweiz\" \/>\n<meta property=\"og:description\" content=\"Wie gesund ist die Gesundheitsbranche eigentlich f\u00fcr ihre Angestellten? Die Branche geh\u00f6rt zu den wichtigsten Besch\u00e4ftigungszweigen \u00fcberhaupt und auch in Krisenzeiten sind Tausende neue Stellen geplant. So gross das \u201eEntwicklungspotenzial\u201c ist, \u00fcber das sich die Politiker freuen, so hoch sind auch die Belastungen f\u00fcr die Arbeitnehmer. Wo die Arbeitsbedingungen am besten sind, zeigt das aktuelle Ranking von kununu.\" \/>\n<meta property=\"og:url\" content=\"https:\/\/www.organisator.ch\/de\/human-resources\/fit_im_job\/2016-04-08\/die-gesuendesten-arbeitgeber-der-schweiz\/\" \/>\n<meta property=\"og:site_name\" content=\"Organisator\" \/>\n<meta property=\"article:publisher\" content=\"https:\/\/www.facebook.com\/OrganisatorFachmagazin\" \/>\n<meta property=\"article:published_time\" content=\"2016-04-08T07:20:23+00:00\" \/>\n<meta name=\"author\" content=\"admin\" \/>\n<meta name=\"twitter:card\" content=\"summary_large_image\" \/>\n<meta name=\"twitter:image\" content=\"https:\/\/www.organisator.ch\/wp-content\/uploads\/2016\/12\/Die-gesuendesten-Arbeitgeber-der-Schweiz-organisator.jpg\" \/>\n<script type=\"application\/ld+json\" class=\"yoast-schema-graph\">{\"@context\":\"https:\\\/\\\/schema.org\",\"@graph\":[{\"@type\":\"Article\",\"@id\":\"https:\\\/\\\/www.organisator.ch\\\/human-resources\\\/fit_im_job\\\/2016-04-08\\\/die-gesuendesten-arbeitgeber-der-schweiz\\\/#article\",\"isPartOf\":{\"@id\":\"https:\\\/\\\/www.organisator.ch\\\/human-resources\\\/fit_im_job\\\/2016-04-08\\\/die-gesuendesten-arbeitgeber-der-schweiz\\\/\"},\"author\":{\"name\":\"admin\",\"@id\":\"https:\\\/\\\/www.organisator.ch\\\/#\\\/schema\\\/person\\\/aa2bace6c5c5aad60102004a50c4eb1c\"},\"headline\":\"Die ges\u00fcndesten Arbeitgeber der Schweiz\",\"datePublished\":\"2016-04-08T07:20:23+00:00\",\"mainEntityOfPage\":{\"@id\":\"https:\\\/\\\/www.organisator.ch\\\/human-resources\\\/fit_im_job\\\/2016-04-08\\\/die-gesuendesten-arbeitgeber-der-schweiz\\\/\"},\"wordCount\":370,\"commentCount\":0,\"publisher\":{\"@id\":\"https:\\\/\\\/www.organisator.ch\\\/#organization\"},\"image\":{\"@id\":\"https:\\\/\\\/www.organisator.ch\\\/human-resources\\\/fit_im_job\\\/2016-04-08\\\/die-gesuendesten-arbeitgeber-der-schweiz\\\/#primaryimage\"},\"thumbnailUrl\":\"https:\\\/\\\/www.organisator.ch\\\/wp-content\\\/uploads\\\/2016\\\/12\\\/Die-gesuendesten-Arbeitgeber-der-Schweiz-organisator.jpg\",\"keywords\":[\"Betriebliches Gesundheitsmanagement\",\"Fit im Job\",\"Unternehmen\"],\"articleSection\":[\"FIT IM JOB\"],\"inLanguage\":\"de\"},{\"@type\":\"WebPage\",\"@id\":\"https:\\\/\\\/www.organisator.ch\\\/human-resources\\\/fit_im_job\\\/2016-04-08\\\/die-gesuendesten-arbeitgeber-der-schweiz\\\/\",\"url\":\"https:\\\/\\\/www.organisator.ch\\\/human-resources\\\/fit_im_job\\\/2016-04-08\\\/die-gesuendesten-arbeitgeber-der-schweiz\\\/\",\"name\":\"Die ges\u00fcndesten Arbeitgeber der Schweiz - Organisator\",\"isPartOf\":{\"@id\":\"https:\\\/\\\/www.organisator.ch\\\/#website\"},\"primaryImageOfPage\":{\"@id\":\"https:\\\/\\\/www.organisator.ch\\\/human-resources\\\/fit_im_job\\\/2016-04-08\\\/die-gesuendesten-arbeitgeber-der-schweiz\\\/#primaryimage\"},\"image\":{\"@id\":\"https:\\\/\\\/www.organisator.ch\\\/human-resources\\\/fit_im_job\\\/2016-04-08\\\/die-gesuendesten-arbeitgeber-der-schweiz\\\/#primaryimage\"},\"thumbnailUrl\":\"https:\\\/\\\/www.organisator.ch\\\/wp-content\\\/uploads\\\/2016\\\/12\\\/Die-gesuendesten-Arbeitgeber-der-Schweiz-organisator.jpg\",\"datePublished\":\"2016-04-08T07:20:23+00:00\",\"description\":\"Die Gesundheitsbranche geh\u00f6rt zu den wichtigsten Besch\u00e4ftigungszweigen \u00fcberhaupt und auch in Krisenzeiten sind Tausende neue Stellen geplant.\",\"breadcrumb\":{\"@id\":\"https:\\\/\\\/www.organisator.ch\\\/human-resources\\\/fit_im_job\\\/2016-04-08\\\/die-gesuendesten-arbeitgeber-der-schweiz\\\/#breadcrumb\"},\"inLanguage\":\"de\",\"potentialAction\":[{\"@type\":\"ReadAction\",\"target\":[\"https:\\\/\\\/www.organisator.ch\\\/human-resources\\\/fit_im_job\\\/2016-04-08\\\/die-gesuendesten-arbeitgeber-der-schweiz\\\/\"]}]},{\"@type\":\"ImageObject\",\"inLanguage\":\"de\",\"@id\":\"https:\\\/\\\/www.organisator.ch\\\/human-resources\\\/fit_im_job\\\/2016-04-08\\\/die-gesuendesten-arbeitgeber-der-schweiz\\\/#primaryimage\",\"url\":\"https:\\\/\\\/www.organisator.ch\\\/wp-content\\\/uploads\\\/2016\\\/12\\\/Die-gesuendesten-Arbeitgeber-der-Schweiz-organisator.jpg\",\"contentUrl\":\"https:\\\/\\\/www.organisator.ch\\\/wp-content\\\/uploads\\\/2016\\\/12\\\/Die-gesuendesten-Arbeitgeber-der-Schweiz-organisator.jpg\",\"width\":448,\"height\":299,\"caption\":\"Kununu hat die Arbeitsbedingungen in der Gesundheitsbranche bewertet. (Bild: Fotolia.com)\"},{\"@type\":\"BreadcrumbList\",\"@id\":\"https:\\\/\\\/www.organisator.ch\\\/human-resources\\\/fit_im_job\\\/2016-04-08\\\/die-gesuendesten-arbeitgeber-der-schweiz\\\/#breadcrumb\",\"itemListElement\":[{\"@type\":\"ListItem\",\"position\":1,\"name\":\"Home\",\"item\":\"https:\\\/\\\/www.organisator.ch\\\/\"},{\"@type\":\"ListItem\",\"position\":2,\"name\":\"Die ges\u00fcndesten Arbeitgeber der Schweiz\"}]},{\"@type\":\"WebSite\",\"@id\":\"https:\\\/\\\/www.organisator.ch\\\/#website\",\"url\":\"https:\\\/\\\/www.organisator.ch\\\/\",\"name\":\"Organisator\",\"description\":\"Kompetent. Praxisnah. Der ORGANISATOR bereitet in 10 Ausgaben pro Jahr die wesentlichen Themen f\u00fcr F\u00fchrungskr\u00e4fte von KMU auf.\",\"publisher\":{\"@id\":\"https:\\\/\\\/www.organisator.ch\\\/#organization\"},\"potentialAction\":[{\"@type\":\"SearchAction\",\"target\":{\"@type\":\"EntryPoint\",\"urlTemplate\":\"https:\\\/\\\/www.organisator.ch\\\/?s={search_term_string}\"},\"query-input\":{\"@type\":\"PropertyValueSpecification\",\"valueRequired\":true,\"valueName\":\"search_term_string\"}}],\"inLanguage\":\"de\"},{\"@type\":\"Organization\",\"@id\":\"https:\\\/\\\/www.organisator.ch\\\/#organization\",\"name\":\"Organisator\",\"url\":\"https:\\\/\\\/www.organisator.ch\\\/\",\"logo\":{\"@type\":\"ImageObject\",\"inLanguage\":\"de\",\"@id\":\"https:\\\/\\\/www.organisator.ch\\\/#\\\/schema\\\/logo\\\/image\\\/\",\"url\":\"https:\\\/\\\/www.organisator.ch\\\/wp-content\\\/uploads\\\/2022\\\/01\\\/Logo_Organisator_Website.png\",\"contentUrl\":\"https:\\\/\\\/www.organisator.ch\\\/wp-content\\\/uploads\\\/2022\\\/01\\\/Logo_Organisator_Website.png\",\"width\":800,\"height\":77,\"caption\":\"Organisator\"},\"image\":{\"@id\":\"https:\\\/\\\/www.organisator.ch\\\/#\\\/schema\\\/logo\\\/image\\\/\"},\"sameAs\":[\"https:\\\/\\\/www.facebook.com\\\/OrganisatorFachmagazin\",\"https:\\\/\\\/www.linkedin.com\\\/showcase\\\/organisator-das-magazin-fr-kmu\",\"https:\\\/\\\/www.xing.com\\\/news\\\/pages\\\/organisator-ch-695\",\"https:\\\/\\\/www.youtube.com\\\/channel\\\/UCGP2Sq0iWaZwT3BdIAQFYpw\"]},{\"@type\":\"Person\",\"@id\":\"https:\\\/\\\/www.organisator.ch\\\/#\\\/schema\\\/person\\\/aa2bace6c5c5aad60102004a50c4eb1c\",\"name\":\"admin\",\"image\":{\"@type\":\"ImageObject\",\"inLanguage\":\"de\",\"@id\":\"https:\\\/\\\/secure.gravatar.com\\\/avatar\\\/ae2f4d718e6c49043e314ce431e7e645d646302a24a5ef5a8bc8e3f5a032e319?s=96&d=mm&r=g\",\"url\":\"https:\\\/\\\/secure.gravatar.com\\\/avatar\\\/ae2f4d718e6c49043e314ce431e7e645d646302a24a5ef5a8bc8e3f5a032e319?s=96&d=mm&r=g\",\"contentUrl\":\"https:\\\/\\\/secure.gravatar.com\\\/avatar\\\/ae2f4d718e6c49043e314ce431e7e645d646302a24a5ef5a8bc8e3f5a032e319?s=96&d=mm&r=g\",\"caption\":\"admin\"},\"sameAs\":[\"https:\\\/\\\/www.organisator.ch\"],\"url\":\"https:\\\/\\\/www.organisator.ch\\\/de\\\/author\\\/admin\\\/\"}]}<\/script>\n<!-- \/ Yoast SEO plugin. -->","yoast_head_json":{"title":"Die ges\u00fcndesten Arbeitgeber der Schweiz - Organisator","description":"Die Gesundheitsbranche geh\u00f6rt zu den wichtigsten Besch\u00e4ftigungszweigen \u00fcberhaupt und auch in Krisenzeiten sind Tausende neue Stellen geplant.","robots":{"index":"index","follow":"follow","max-snippet":"max-snippet:-1","max-image-preview":"max-image-preview:large","max-video-preview":"max-video-preview:-1"},"canonical":"https:\/\/www.organisator.ch\/de\/human-resources\/fit_im_job\/2016-04-08\/die-gesuendesten-arbeitgeber-der-schweiz\/","og_locale":"de_DE","og_type":"article","og_title":"Die ges\u00fcndesten Arbeitgeber der Schweiz","og_description":"Wie gesund ist die Gesundheitsbranche eigentlich f\u00fcr ihre Angestellten? Die Branche geh\u00f6rt zu den wichtigsten Besch\u00e4ftigungszweigen \u00fcberhaupt und auch in Krisenzeiten sind Tausende neue Stellen geplant. So gross das \u201eEntwicklungspotenzial\u201c ist, \u00fcber das sich die Politiker freuen, so hoch sind auch die Belastungen f\u00fcr die Arbeitnehmer. Wo die Arbeitsbedingungen am besten sind, zeigt das aktuelle Ranking von kununu.","og_url":"https:\/\/www.organisator.ch\/de\/human-resources\/fit_im_job\/2016-04-08\/die-gesuendesten-arbeitgeber-der-schweiz\/","og_site_name":"Organisator","article_publisher":"https:\/\/www.facebook.com\/OrganisatorFachmagazin","article_published_time":"2016-04-08T07:20:23+00:00","author":"admin","twitter_card":"summary_large_image","twitter_image":"https:\/\/www.organisator.ch\/wp-content\/uploads\/2016\/12\/Die-gesuendesten-Arbeitgeber-der-Schweiz-organisator.jpg","schema":{"@context":"https:\/\/schema.org","@graph":[{"@type":"Article","@id":"https:\/\/www.organisator.ch\/human-resources\/fit_im_job\/2016-04-08\/die-gesuendesten-arbeitgeber-der-schweiz\/#article","isPartOf":{"@id":"https:\/\/www.organisator.ch\/human-resources\/fit_im_job\/2016-04-08\/die-gesuendesten-arbeitgeber-der-schweiz\/"},"author":{"name":"admin","@id":"https:\/\/www.organisator.ch\/#\/schema\/person\/aa2bace6c5c5aad60102004a50c4eb1c"},"headline":"Die ges\u00fcndesten Arbeitgeber der Schweiz","datePublished":"2016-04-08T07:20:23+00:00","mainEntityOfPage":{"@id":"https:\/\/www.organisator.ch\/human-resources\/fit_im_job\/2016-04-08\/die-gesuendesten-arbeitgeber-der-schweiz\/"},"wordCount":370,"commentCount":0,"publisher":{"@id":"https:\/\/www.organisator.ch\/#organization"},"image":{"@id":"https:\/\/www.organisator.ch\/human-resources\/fit_im_job\/2016-04-08\/die-gesuendesten-arbeitgeber-der-schweiz\/#primaryimage"},"thumbnailUrl":"https:\/\/www.organisator.ch\/wp-content\/uploads\/2016\/12\/Die-gesuendesten-Arbeitgeber-der-Schweiz-organisator.jpg","keywords":["Betriebliches Gesundheitsmanagement","Fit im Job","Unternehmen"],"articleSection":["FIT IM JOB"],"inLanguage":"de"},{"@type":"WebPage","@id":"https:\/\/www.organisator.ch\/human-resources\/fit_im_job\/2016-04-08\/die-gesuendesten-arbeitgeber-der-schweiz\/","url":"https:\/\/www.organisator.ch\/human-resources\/fit_im_job\/2016-04-08\/die-gesuendesten-arbeitgeber-der-schweiz\/","name":"Die ges\u00fcndesten Arbeitgeber der Schweiz - Organisator","isPartOf":{"@id":"https:\/\/www.organisator.ch\/#website"},"primaryImageOfPage":{"@id":"https:\/\/www.organisator.ch\/human-resources\/fit_im_job\/2016-04-08\/die-gesuendesten-arbeitgeber-der-schweiz\/#primaryimage"},"image":{"@id":"https:\/\/www.organisator.ch\/human-resources\/fit_im_job\/2016-04-08\/die-gesuendesten-arbeitgeber-der-schweiz\/#primaryimage"},"thumbnailUrl":"https:\/\/www.organisator.ch\/wp-content\/uploads\/2016\/12\/Die-gesuendesten-Arbeitgeber-der-Schweiz-organisator.jpg","datePublished":"2016-04-08T07:20:23+00:00","description":"Die Gesundheitsbranche geh\u00f6rt zu den wichtigsten Besch\u00e4ftigungszweigen \u00fcberhaupt und auch in Krisenzeiten sind Tausende neue Stellen geplant.","breadcrumb":{"@id":"https:\/\/www.organisator.ch\/human-resources\/fit_im_job\/2016-04-08\/die-gesuendesten-arbeitgeber-der-schweiz\/#breadcrumb"},"inLanguage":"de","potentialAction":[{"@type":"ReadAction","target":["https:\/\/www.organisator.ch\/human-resources\/fit_im_job\/2016-04-08\/die-gesuendesten-arbeitgeber-der-schweiz\/"]}]},{"@type":"ImageObject","inLanguage":"de","@id":"https:\/\/www.organisator.ch\/human-resources\/fit_im_job\/2016-04-08\/die-gesuendesten-arbeitgeber-der-schweiz\/#primaryimage","url":"https:\/\/www.organisator.ch\/wp-content\/uploads\/2016\/12\/Die-gesuendesten-Arbeitgeber-der-Schweiz-organisator.jpg","contentUrl":"https:\/\/www.organisator.ch\/wp-content\/uploads\/2016\/12\/Die-gesuendesten-Arbeitgeber-der-Schweiz-organisator.jpg","width":448,"height":299,"caption":"Kununu hat die Arbeitsbedingungen in der Gesundheitsbranche bewertet. (Bild: Fotolia.com)"},{"@type":"BreadcrumbList","@id":"https:\/\/www.organisator.ch\/human-resources\/fit_im_job\/2016-04-08\/die-gesuendesten-arbeitgeber-der-schweiz\/#breadcrumb","itemListElement":[{"@type":"ListItem","position":1,"name":"Home","item":"https:\/\/www.organisator.ch\/"},{"@type":"ListItem","position":2,"name":"Die ges\u00fcndesten Arbeitgeber der Schweiz"}]},{"@type":"WebSite","@id":"https:\/\/www.organisator.ch\/#website","url":"https:\/\/www.organisator.ch\/","name":"Organisator","description":"Kompetent. Praxisnah. Der ORGANISATOR bereitet in 10 Ausgaben pro Jahr die wesentlichen Themen f\u00fcr F\u00fchrungskr\u00e4fte von KMU auf.","publisher":{"@id":"https:\/\/www.organisator.ch\/#organization"},"potentialAction":[{"@type":"SearchAction","target":{"@type":"EntryPoint","urlTemplate":"https:\/\/www.organisator.ch\/?s={search_term_string}"},"query-input":{"@type":"PropertyValueSpecification","valueRequired":true,"valueName":"search_term_string"}}],"inLanguage":"de"},{"@type":"Organization","@id":"https:\/\/www.organisator.ch\/#organization","name":"Organisator","url":"https:\/\/www.organisator.ch\/","logo":{"@type":"ImageObject","inLanguage":"de","@id":"https:\/\/www.organisator.ch\/#\/schema\/logo\/image\/","url":"https:\/\/www.organisator.ch\/wp-content\/uploads\/2022\/01\/Logo_Organisator_Website.png","contentUrl":"https:\/\/www.organisator.ch\/wp-content\/uploads\/2022\/01\/Logo_Organisator_Website.png","width":800,"height":77,"caption":"Organisator"},"image":{"@id":"https:\/\/www.organisator.ch\/#\/schema\/logo\/image\/"},"sameAs":["https:\/\/www.facebook.com\/OrganisatorFachmagazin","https:\/\/www.linkedin.com\/showcase\/organisator-das-magazin-fr-kmu","https:\/\/www.xing.com\/news\/pages\/organisator-ch-695","https:\/\/www.youtube.com\/channel\/UCGP2Sq0iWaZwT3BdIAQFYpw"]},{"@type":"Person","@id":"https:\/\/www.organisator.ch\/#\/schema\/person\/aa2bace6c5c5aad60102004a50c4eb1c","name":"admin","image":{"@type":"ImageObject","inLanguage":"de","@id":"https:\/\/secure.gravatar.com\/avatar\/ae2f4d718e6c49043e314ce431e7e645d646302a24a5ef5a8bc8e3f5a032e319?s=96&d=mm&r=g","url":"https:\/\/secure.gravatar.com\/avatar\/ae2f4d718e6c49043e314ce431e7e645d646302a24a5ef5a8bc8e3f5a032e319?s=96&d=mm&r=g","contentUrl":"https:\/\/secure.gravatar.com\/avatar\/ae2f4d718e6c49043e314ce431e7e645d646302a24a5ef5a8bc8e3f5a032e319?s=96&d=mm&r=g","caption":"admin"},"sameAs":["https:\/\/www.organisator.ch"],"url":"https:\/\/www.organisator.ch\/de\/author\/admin\/"}]}},"_links":{"self":[{"href":"https:\/\/www.organisator.ch\/de\/wp-json\/wp\/v2\/posts\/243","targetHints":{"allow":["GET"]}}],"collection":[{"href":"https:\/\/www.organisator.ch\/de\/wp-json\/wp\/v2\/posts"}],"about":[{"href":"https:\/\/www.organisator.ch\/de\/wp-json\/wp\/v2\/types\/post"}],"author":[{"embeddable":true,"href":"https:\/\/www.organisator.ch\/de\/wp-json\/wp\/v2\/users\/1"}],"replies":[{"embeddable":true,"href":"https:\/\/www.organisator.ch\/de\/wp-json\/wp\/v2\/comments?post=243"}],"version-history":[{"count":0,"href":"https:\/\/www.organisator.ch\/de\/wp-json\/wp\/v2\/posts\/243\/revisions"}],"wp:featuredmedia":[{"embeddable":true,"href":"https:\/\/www.organisator.ch\/de\/wp-json\/wp\/v2\/media\/244"}],"wp:attachment":[{"href":"https:\/\/www.organisator.ch\/de\/wp-json\/wp\/v2\/media?parent=243"}],"wp:term":[{"taxonomy":"category","embeddable":true,"href":"https:\/\/www.organisator.ch\/de\/wp-json\/wp\/v2\/categories?post=243"},{"taxonomy":"post_tag","embeddable":true,"href":"https:\/\/www.organisator.ch\/de\/wp-json\/wp\/v2\/tags?post=243"}],"curies":[{"name":"wp","href":"https:\/\/api.w.org\/{rel}","templated":true}]}}