{"id":24330,"date":"2024-01-16T13:37:42","date_gmt":"2024-01-16T12:37:42","guid":{"rendered":"https:\/\/www.organisator.ch\/?p=24330"},"modified":"2024-01-16T14:33:49","modified_gmt":"2024-01-16T13:33:49","slug":"servicenow-dino-minichiello-ist-neuer-country-manager-switzerland","status":"publish","type":"post","link":"https:\/\/www.organisator.ch\/de\/management\/2024-01-16\/servicenow-dino-minichiello-ist-neuer-country-manager-switzerland\/","title":{"rendered":"ServiceNow: Dino Minichiello ist neuer Country Manager Switzerland"},"content":{"rendered":"<figure id=\"attachment_24332\" class=\"wp-caption alignnone\" style=\"width: 679px;\" aria-describedby=\"caption-attachment-24332\"><img class=\"wp-image-24332 size-full\" src=\"https:\/\/www.organisator.ch\/wp-content\/uploads\/2024\/01\/ServiceNow_Bil1_ps-e1705397598424.jpg\" sizes=\"(max-width: 679px) 100vw, 679px\" srcset=\"https:\/\/www.organisator.ch\/wp-content\/uploads\/2024\/01\/ServiceNow_Bil1_ps-e1705397598424.jpg 679w, https:\/\/www.organisator.ch\/wp-content\/uploads\/2024\/01\/ServiceNow_Bil1_ps-e1705397598424-12x12.jpg 12w, https:\/\/www.organisator.ch\/wp-content\/uploads\/2024\/01\/ServiceNow_Bil1_ps-e1705397598424-312x300.jpg 312w, https:\/\/www.organisator.ch\/wp-content\/uploads\/2024\/01\/ServiceNow_Bil1_ps-e1705397598424-364x350.jpg 364w\" alt=\"\" width=\"679\" height=\"653\" \/>\r\n<figcaption id=\"caption-attachment-24332\" class=\"wp-caption-text\">Dino Minichiello \u2013 Neuer Country Manager Switzerland bei ServiceNow. (Bild: www.servicenow.com)<\/figcaption>\r\n<\/figure>\r\n<p>Dino Minichiello ist seit 2014 ein fester Bestandteil von ServiceNow in der Schweiz und hat das Team mit aufgebaut und weiterentwickelt. Seit 2018 verantwortet er als Sales Director die Bereiche Manufacturing, Public Sector, Telecommunication und Services und ist Teil der Gesch\u00e4ftsleitung Schweiz. Insgesamt blickt Minichiello auf mehr als 20 Jahre Branchenerfahrung zur\u00fcck und war in verschiedenen Vertriebs- und Beratungsfunktionen in Unternehmen wie CA Technologies, Symantec oder Veritas t\u00e4tig.<\/p>\r\n<p>\u201eIch freue mich sehr auf meine neuen Aufgaben und m\u00f6chte auf der grossartigen Arbeit, die das Schweizer Team in den letzten Jahren geleistet hat, weiter aufbauen\u201c, kommentiert Dino Minichiello. \u201eGemeinsam wollen wir mit unseren Partnern und Kunden wachsen und die Now Platform nutzen, um mit unseren cloudbasierten, digitalen Workflows die Arbeit und das Kunden- und Mitarbeitererlebnis f\u00fcr alle zu verbessern. \u201c<\/p>\r\n<p>\u201eWir freuen uns sehr, Dino Minichiello zum Country Manager Switzerland bef\u00f6rdern zu k\u00f6nnen. Ich bin \u00fcberzeugt, dass er das Team ServiceNow Schweiz, in dem er einer der ersten Mitarbeiter war, k\u00fcnftig zu noch mehr Erfolg f\u00fchren wird\u201c, sagt Alain Badoux, Area VP Alps and CEE bei ServiceNow.<\/p>\r\n<figure id=\"attachment_24335\" class=\"wp-caption alignnone\" style=\"width: 654px;\" aria-describedby=\"caption-attachment-24335\"><img class=\"wp-image-24335 size-full\" src=\"https:\/\/www.organisator.ch\/wp-content\/uploads\/2024\/01\/ServiceNow_Bild2_ps-e1705397697120.jpg\" sizes=\"(max-width: 654px) 100vw, 654px\" srcset=\"https:\/\/www.organisator.ch\/wp-content\/uploads\/2024\/01\/ServiceNow_Bild2_ps-e1705397697120.jpg 654w, https:\/\/www.organisator.ch\/wp-content\/uploads\/2024\/01\/ServiceNow_Bild2_ps-e1705397697120-11x12.jpg 11w, https:\/\/www.organisator.ch\/wp-content\/uploads\/2024\/01\/ServiceNow_Bild2_ps-e1705397697120-284x300.jpg 284w, https:\/\/www.organisator.ch\/wp-content\/uploads\/2024\/01\/ServiceNow_Bild2_ps-e1705397697120-331x350.jpg 331w\" alt=\"\" width=\"654\" height=\"691\" \/>\r\n<figcaption id=\"caption-attachment-24335\" class=\"wp-caption-text\">Alain Badoux \u00fcbernimmt eine neue Rolle als Area Vice President und verantwortet k\u00fcnftig die Regionen Schweiz, \u00d6sterreich und Central Eastern Europe (CEE). (Bild: www.servicenow.com)<\/figcaption>\r\n<\/figure>\r\n<p>\u201cMit Dinos umfassenden Netzwerk und der Unterst\u00fctzung eines kompetenten Teams werden wir unsere Pr\u00e4senz in der Schweiz weiter ausbauen, um Innovationen voranzutreiben und unseren gesch\u00e4tzten Kunden erstklassige L\u00f6sungen zu liefern\u201c, sagt Markus Ehrle, Vice President and General Manager EMEA Central bei ServiceNow. \u201cIch m\u00f6chte mich auch bei Alain Badoux f\u00fcr sein Engagement beim Aufbau von ServiceNow Schweiz in den letzten Jahren bedanken und ihm zu seiner neuen Rolle als Verantwortlicher f\u00fcr die Schweiz, \u00d6sterreich und die CEE-M\u00e4rkte gratulieren.\u201d<\/p>\r\n<p><em>Quelle: <a href=\"http:\/\/www.servicenow.com\/\">www.servicenow.com<\/a><\/em><\/p>","protected":false},"excerpt":{"rendered":"<p>Seit dem 1. Januar 2024 ist Dino Minichiello neuer Country Manager Switzerland bei ServiceNow, der Spezialistin f\u00fcr digitale Arbeitsabl\u00e4ufe. Als Verantwortlicher f\u00fcr den Schweizer Markt wird Minichiello f\u00fcr das Schweizer Gesch\u00e4ftswachstum sowie die Partner- und Kundenorganisation verantwortlich sein. Er \u00fcbernimmt die Position von Alain Badoux, der eine neue, erweiterte Rolle als Area Vice President \u00fcbernimmt und k\u00fcnftig die Regionen Schweiz, \u00d6sterreich und Central Eastern Europe (CEE) verantwortet.<\/p>\n","protected":false},"author":58,"featured_media":24332,"comment_status":"closed","ping_status":"closed","sticky":false,"template":"","format":"standard","meta":{"_acf_changed":false,"_yoast_wpseo_focuskw":"Dino Minichiello","_yoast_wpseo_metadesc":"Seit dem 1. Januar 2024 ist Dino Minichiello neuer Country Manager Switzerland bei ServiceNow, der Spezialistin f\u00fcr digitale Arbeitsabl\u00e4ufe.","articlekey":"","footnotes":""},"categories":[28],"tags":[334,338,424,492],"class_list":["post-24330","post","type-post","status-publish","format-standard","has-post-thumbnail","hentry","category-management","tag-management","tag-manager","tag-schweiz","tag-unternehmen"],"acf":[],"yoast_head":"<!-- This site is optimized with the Yoast SEO plugin v27.4 - https:\/\/yoast.com\/product\/yoast-seo-wordpress\/ -->\n<title>ServiceNow: Dino Minichiello ist neuer Country Manager Switzerland - Organisator<\/title>\n<meta name=\"description\" content=\"Seit dem 1. Januar 2024 ist Dino Minichiello neuer Country Manager Switzerland bei ServiceNow, der Spezialistin f\u00fcr digitale Arbeitsabl\u00e4ufe.\" \/>\n<meta name=\"robots\" content=\"index, follow, max-snippet:-1, max-image-preview:large, max-video-preview:-1\" \/>\n<link rel=\"canonical\" href=\"https:\/\/www.organisator.ch\/de\/management\/2024-01-16\/servicenow-dino-minichiello-ist-neuer-country-manager-switzerland\/\" \/>\n<meta property=\"og:locale\" content=\"de_DE\" \/>\n<meta property=\"og:type\" content=\"article\" \/>\n<meta property=\"og:title\" content=\"ServiceNow: Dino Minichiello ist neuer Country Manager Switzerland\" \/>\n<meta property=\"og:description\" content=\"Seit dem 1. Januar 2024 ist Dino Minichiello neuer Country Manager Switzerland bei ServiceNow, der Spezialistin f\u00fcr digitale Arbeitsabl\u00e4ufe.\" \/>\n<meta property=\"og:url\" content=\"https:\/\/www.organisator.ch\/de\/management\/2024-01-16\/servicenow-dino-minichiello-ist-neuer-country-manager-switzerland\/\" \/>\n<meta property=\"og:site_name\" content=\"Organisator\" \/>\n<meta property=\"article:publisher\" content=\"https:\/\/www.facebook.com\/OrganisatorFachmagazin\" \/>\n<meta property=\"article:published_time\" content=\"2024-01-16T12:37:42+00:00\" \/>\n<meta property=\"article:modified_time\" content=\"2024-01-16T13:33:49+00:00\" \/>\n<meta property=\"og:image\" content=\"https:\/\/www.organisator.ch\/wp-content\/uploads\/2024\/01\/ServiceNow_Bil1_ps-e1705397598424.jpg\" \/>\n\t<meta property=\"og:image:width\" content=\"679\" \/>\n\t<meta property=\"og:image:height\" content=\"653\" \/>\n\t<meta property=\"og:image:type\" content=\"image\/jpeg\" \/>\n<meta name=\"author\" content=\"Adelisa Kalajdzini\" \/>\n<meta name=\"twitter:card\" content=\"summary_large_image\" \/>\n<meta name=\"twitter:title\" content=\"ServiceNow: Dino Minichiello ist neuer Country Manager Switzerland\" \/>\n<meta name=\"twitter:description\" content=\"Seit dem 1. Januar 2024 ist #Dino #Minichiello neuer #Country #Manager Switzerland bei #ServiceNow, der Spezialistin f\u00fcr digitale Arbeitsabl\u00e4ufe.\" \/>\n<meta name=\"twitter:image\" content=\"https:\/\/www.organisator.ch\/wp-content\/uploads\/2024\/01\/ServiceNow_Bil1_ps-e1705397598424.jpg\" \/>\n<script type=\"application\/ld+json\" class=\"yoast-schema-graph\">{\"@context\":\"https:\\\/\\\/schema.org\",\"@graph\":[{\"@type\":\"Article\",\"@id\":\"https:\\\/\\\/www.organisator.ch\\\/management\\\/2024-01-16\\\/servicenow-dino-minichiello-ist-neuer-country-manager-switzerland\\\/#article\",\"isPartOf\":{\"@id\":\"https:\\\/\\\/www.organisator.ch\\\/management\\\/2024-01-16\\\/servicenow-dino-minichiello-ist-neuer-country-manager-switzerland\\\/\"},\"author\":{\"name\":\"Adelisa Kalajdzini\",\"@id\":\"https:\\\/\\\/www.organisator.ch\\\/#\\\/schema\\\/person\\\/2e1314a2172123f874db408d8911d3f3\"},\"headline\":\"ServiceNow: Dino Minichiello ist neuer Country Manager Switzerland\",\"datePublished\":\"2024-01-16T12:37:42+00:00\",\"dateModified\":\"2024-01-16T13:33:49+00:00\",\"mainEntityOfPage\":{\"@id\":\"https:\\\/\\\/www.organisator.ch\\\/management\\\/2024-01-16\\\/servicenow-dino-minichiello-ist-neuer-country-manager-switzerland\\\/\"},\"wordCount\":318,\"publisher\":{\"@id\":\"https:\\\/\\\/www.organisator.ch\\\/#organization\"},\"image\":{\"@id\":\"https:\\\/\\\/www.organisator.ch\\\/management\\\/2024-01-16\\\/servicenow-dino-minichiello-ist-neuer-country-manager-switzerland\\\/#primaryimage\"},\"thumbnailUrl\":\"https:\\\/\\\/www.organisator.ch\\\/wp-content\\\/uploads\\\/2024\\\/01\\\/ServiceNow_Bil1_ps-e1705397598424.jpg\",\"keywords\":[\"Management\",\"Manager\",\"Schweiz\",\"Unternehmen\"],\"articleSection\":[\"MANAGEMENT\"],\"inLanguage\":\"de\"},{\"@type\":\"WebPage\",\"@id\":\"https:\\\/\\\/www.organisator.ch\\\/management\\\/2024-01-16\\\/servicenow-dino-minichiello-ist-neuer-country-manager-switzerland\\\/\",\"url\":\"https:\\\/\\\/www.organisator.ch\\\/management\\\/2024-01-16\\\/servicenow-dino-minichiello-ist-neuer-country-manager-switzerland\\\/\",\"name\":\"ServiceNow: Dino Minichiello ist neuer Country Manager Switzerland - Organisator\",\"isPartOf\":{\"@id\":\"https:\\\/\\\/www.organisator.ch\\\/#website\"},\"primaryImageOfPage\":{\"@id\":\"https:\\\/\\\/www.organisator.ch\\\/management\\\/2024-01-16\\\/servicenow-dino-minichiello-ist-neuer-country-manager-switzerland\\\/#primaryimage\"},\"image\":{\"@id\":\"https:\\\/\\\/www.organisator.ch\\\/management\\\/2024-01-16\\\/servicenow-dino-minichiello-ist-neuer-country-manager-switzerland\\\/#primaryimage\"},\"thumbnailUrl\":\"https:\\\/\\\/www.organisator.ch\\\/wp-content\\\/uploads\\\/2024\\\/01\\\/ServiceNow_Bil1_ps-e1705397598424.jpg\",\"datePublished\":\"2024-01-16T12:37:42+00:00\",\"dateModified\":\"2024-01-16T13:33:49+00:00\",\"description\":\"Seit dem 1. Januar 2024 ist Dino Minichiello neuer Country Manager Switzerland bei ServiceNow, der Spezialistin f\u00fcr digitale Arbeitsabl\u00e4ufe.\",\"breadcrumb\":{\"@id\":\"https:\\\/\\\/www.organisator.ch\\\/management\\\/2024-01-16\\\/servicenow-dino-minichiello-ist-neuer-country-manager-switzerland\\\/#breadcrumb\"},\"inLanguage\":\"de\",\"potentialAction\":[{\"@type\":\"ReadAction\",\"target\":[\"https:\\\/\\\/www.organisator.ch\\\/management\\\/2024-01-16\\\/servicenow-dino-minichiello-ist-neuer-country-manager-switzerland\\\/\"]}]},{\"@type\":\"ImageObject\",\"inLanguage\":\"de\",\"@id\":\"https:\\\/\\\/www.organisator.ch\\\/management\\\/2024-01-16\\\/servicenow-dino-minichiello-ist-neuer-country-manager-switzerland\\\/#primaryimage\",\"url\":\"https:\\\/\\\/www.organisator.ch\\\/wp-content\\\/uploads\\\/2024\\\/01\\\/ServiceNow_Bil1_ps-e1705397598424.jpg\",\"contentUrl\":\"https:\\\/\\\/www.organisator.ch\\\/wp-content\\\/uploads\\\/2024\\\/01\\\/ServiceNow_Bil1_ps-e1705397598424.jpg\",\"width\":679,\"height\":653,\"caption\":\"Dino Minichiello - Neuer Country Manager Switzerland bei ServiceNow. (Bild: www.servicenow.com)\"},{\"@type\":\"BreadcrumbList\",\"@id\":\"https:\\\/\\\/www.organisator.ch\\\/management\\\/2024-01-16\\\/servicenow-dino-minichiello-ist-neuer-country-manager-switzerland\\\/#breadcrumb\",\"itemListElement\":[{\"@type\":\"ListItem\",\"position\":1,\"name\":\"Home\",\"item\":\"https:\\\/\\\/www.organisator.ch\\\/\"},{\"@type\":\"ListItem\",\"position\":2,\"name\":\"ServiceNow: Dino Minichiello ist neuer Country Manager Switzerland\"}]},{\"@type\":\"WebSite\",\"@id\":\"https:\\\/\\\/www.organisator.ch\\\/#website\",\"url\":\"https:\\\/\\\/www.organisator.ch\\\/\",\"name\":\"Organisator\",\"description\":\"Kompetent. Praxisnah. Der ORGANISATOR bereitet in 10 Ausgaben pro Jahr die wesentlichen Themen f\u00fcr F\u00fchrungskr\u00e4fte von KMU auf.\",\"publisher\":{\"@id\":\"https:\\\/\\\/www.organisator.ch\\\/#organization\"},\"potentialAction\":[{\"@type\":\"SearchAction\",\"target\":{\"@type\":\"EntryPoint\",\"urlTemplate\":\"https:\\\/\\\/www.organisator.ch\\\/?s={search_term_string}\"},\"query-input\":{\"@type\":\"PropertyValueSpecification\",\"valueRequired\":true,\"valueName\":\"search_term_string\"}}],\"inLanguage\":\"de\"},{\"@type\":\"Organization\",\"@id\":\"https:\\\/\\\/www.organisator.ch\\\/#organization\",\"name\":\"Organisator\",\"url\":\"https:\\\/\\\/www.organisator.ch\\\/\",\"logo\":{\"@type\":\"ImageObject\",\"inLanguage\":\"de\",\"@id\":\"https:\\\/\\\/www.organisator.ch\\\/#\\\/schema\\\/logo\\\/image\\\/\",\"url\":\"https:\\\/\\\/www.organisator.ch\\\/wp-content\\\/uploads\\\/2022\\\/01\\\/Logo_Organisator_Website.png\",\"contentUrl\":\"https:\\\/\\\/www.organisator.ch\\\/wp-content\\\/uploads\\\/2022\\\/01\\\/Logo_Organisator_Website.png\",\"width\":800,\"height\":77,\"caption\":\"Organisator\"},\"image\":{\"@id\":\"https:\\\/\\\/www.organisator.ch\\\/#\\\/schema\\\/logo\\\/image\\\/\"},\"sameAs\":[\"https:\\\/\\\/www.facebook.com\\\/OrganisatorFachmagazin\",\"https:\\\/\\\/www.linkedin.com\\\/showcase\\\/organisator-das-magazin-fr-kmu\",\"https:\\\/\\\/www.xing.com\\\/news\\\/pages\\\/organisator-ch-695\",\"https:\\\/\\\/www.youtube.com\\\/channel\\\/UCGP2Sq0iWaZwT3BdIAQFYpw\"]},{\"@type\":\"Person\",\"@id\":\"https:\\\/\\\/www.organisator.ch\\\/#\\\/schema\\\/person\\\/2e1314a2172123f874db408d8911d3f3\",\"name\":\"Adelisa Kalajdzini\",\"image\":{\"@type\":\"ImageObject\",\"inLanguage\":\"de\",\"@id\":\"https:\\\/\\\/secure.gravatar.com\\\/avatar\\\/09a397c22ac58cad6f160ee8306348599df9df58a8ede73696226897b9fa4b24?s=96&d=mm&r=g\",\"url\":\"https:\\\/\\\/secure.gravatar.com\\\/avatar\\\/09a397c22ac58cad6f160ee8306348599df9df58a8ede73696226897b9fa4b24?s=96&d=mm&r=g\",\"contentUrl\":\"https:\\\/\\\/secure.gravatar.com\\\/avatar\\\/09a397c22ac58cad6f160ee8306348599df9df58a8ede73696226897b9fa4b24?s=96&d=mm&r=g\",\"caption\":\"Adelisa Kalajdzini\"},\"url\":\"https:\\\/\\\/www.organisator.ch\\\/de\\\/author\\\/adelisa-kalajdzini\\\/\"}]}<\/script>\n<!-- \/ Yoast SEO plugin. -->","yoast_head_json":{"title":"ServiceNow: Dino Minichiello ist neuer Country Manager Switzerland - Organisator","description":"Seit dem 1. Januar 2024 ist Dino Minichiello neuer Country Manager Switzerland bei ServiceNow, der Spezialistin f\u00fcr digitale Arbeitsabl\u00e4ufe.","robots":{"index":"index","follow":"follow","max-snippet":"max-snippet:-1","max-image-preview":"max-image-preview:large","max-video-preview":"max-video-preview:-1"},"canonical":"https:\/\/www.organisator.ch\/de\/management\/2024-01-16\/servicenow-dino-minichiello-ist-neuer-country-manager-switzerland\/","og_locale":"de_DE","og_type":"article","og_title":"ServiceNow: Dino Minichiello ist neuer Country Manager Switzerland","og_description":"Seit dem 1. Januar 2024 ist Dino Minichiello neuer Country Manager Switzerland bei ServiceNow, der Spezialistin f\u00fcr digitale Arbeitsabl\u00e4ufe.","og_url":"https:\/\/www.organisator.ch\/de\/management\/2024-01-16\/servicenow-dino-minichiello-ist-neuer-country-manager-switzerland\/","og_site_name":"Organisator","article_publisher":"https:\/\/www.facebook.com\/OrganisatorFachmagazin","article_published_time":"2024-01-16T12:37:42+00:00","article_modified_time":"2024-01-16T13:33:49+00:00","og_image":[{"width":679,"height":653,"url":"https:\/\/www.organisator.ch\/wp-content\/uploads\/2024\/01\/ServiceNow_Bil1_ps-e1705397598424.jpg","type":"image\/jpeg"}],"author":"Adelisa Kalajdzini","twitter_card":"summary_large_image","twitter_title":"ServiceNow: Dino Minichiello ist neuer Country Manager Switzerland","twitter_description":"Seit dem 1. Januar 2024 ist #Dino #Minichiello neuer #Country #Manager Switzerland bei #ServiceNow, der Spezialistin f\u00fcr digitale Arbeitsabl\u00e4ufe.","twitter_image":"https:\/\/www.organisator.ch\/wp-content\/uploads\/2024\/01\/ServiceNow_Bil1_ps-e1705397598424.jpg","schema":{"@context":"https:\/\/schema.org","@graph":[{"@type":"Article","@id":"https:\/\/www.organisator.ch\/management\/2024-01-16\/servicenow-dino-minichiello-ist-neuer-country-manager-switzerland\/#article","isPartOf":{"@id":"https:\/\/www.organisator.ch\/management\/2024-01-16\/servicenow-dino-minichiello-ist-neuer-country-manager-switzerland\/"},"author":{"name":"Adelisa Kalajdzini","@id":"https:\/\/www.organisator.ch\/#\/schema\/person\/2e1314a2172123f874db408d8911d3f3"},"headline":"ServiceNow: Dino Minichiello ist neuer Country Manager Switzerland","datePublished":"2024-01-16T12:37:42+00:00","dateModified":"2024-01-16T13:33:49+00:00","mainEntityOfPage":{"@id":"https:\/\/www.organisator.ch\/management\/2024-01-16\/servicenow-dino-minichiello-ist-neuer-country-manager-switzerland\/"},"wordCount":318,"publisher":{"@id":"https:\/\/www.organisator.ch\/#organization"},"image":{"@id":"https:\/\/www.organisator.ch\/management\/2024-01-16\/servicenow-dino-minichiello-ist-neuer-country-manager-switzerland\/#primaryimage"},"thumbnailUrl":"https:\/\/www.organisator.ch\/wp-content\/uploads\/2024\/01\/ServiceNow_Bil1_ps-e1705397598424.jpg","keywords":["Management","Manager","Schweiz","Unternehmen"],"articleSection":["MANAGEMENT"],"inLanguage":"de"},{"@type":"WebPage","@id":"https:\/\/www.organisator.ch\/management\/2024-01-16\/servicenow-dino-minichiello-ist-neuer-country-manager-switzerland\/","url":"https:\/\/www.organisator.ch\/management\/2024-01-16\/servicenow-dino-minichiello-ist-neuer-country-manager-switzerland\/","name":"ServiceNow: Dino Minichiello ist neuer Country Manager Switzerland - Organisator","isPartOf":{"@id":"https:\/\/www.organisator.ch\/#website"},"primaryImageOfPage":{"@id":"https:\/\/www.organisator.ch\/management\/2024-01-16\/servicenow-dino-minichiello-ist-neuer-country-manager-switzerland\/#primaryimage"},"image":{"@id":"https:\/\/www.organisator.ch\/management\/2024-01-16\/servicenow-dino-minichiello-ist-neuer-country-manager-switzerland\/#primaryimage"},"thumbnailUrl":"https:\/\/www.organisator.ch\/wp-content\/uploads\/2024\/01\/ServiceNow_Bil1_ps-e1705397598424.jpg","datePublished":"2024-01-16T12:37:42+00:00","dateModified":"2024-01-16T13:33:49+00:00","description":"Seit dem 1. Januar 2024 ist Dino Minichiello neuer Country Manager Switzerland bei ServiceNow, der Spezialistin f\u00fcr digitale Arbeitsabl\u00e4ufe.","breadcrumb":{"@id":"https:\/\/www.organisator.ch\/management\/2024-01-16\/servicenow-dino-minichiello-ist-neuer-country-manager-switzerland\/#breadcrumb"},"inLanguage":"de","potentialAction":[{"@type":"ReadAction","target":["https:\/\/www.organisator.ch\/management\/2024-01-16\/servicenow-dino-minichiello-ist-neuer-country-manager-switzerland\/"]}]},{"@type":"ImageObject","inLanguage":"de","@id":"https:\/\/www.organisator.ch\/management\/2024-01-16\/servicenow-dino-minichiello-ist-neuer-country-manager-switzerland\/#primaryimage","url":"https:\/\/www.organisator.ch\/wp-content\/uploads\/2024\/01\/ServiceNow_Bil1_ps-e1705397598424.jpg","contentUrl":"https:\/\/www.organisator.ch\/wp-content\/uploads\/2024\/01\/ServiceNow_Bil1_ps-e1705397598424.jpg","width":679,"height":653,"caption":"Dino Minichiello - Neuer Country Manager Switzerland bei ServiceNow. (Bild: www.servicenow.com)"},{"@type":"BreadcrumbList","@id":"https:\/\/www.organisator.ch\/management\/2024-01-16\/servicenow-dino-minichiello-ist-neuer-country-manager-switzerland\/#breadcrumb","itemListElement":[{"@type":"ListItem","position":1,"name":"Home","item":"https:\/\/www.organisator.ch\/"},{"@type":"ListItem","position":2,"name":"ServiceNow: Dino Minichiello ist neuer Country Manager Switzerland"}]},{"@type":"WebSite","@id":"https:\/\/www.organisator.ch\/#website","url":"https:\/\/www.organisator.ch\/","name":"Organisator","description":"Kompetent. Praxisnah. Der ORGANISATOR bereitet in 10 Ausgaben pro Jahr die wesentlichen Themen f\u00fcr F\u00fchrungskr\u00e4fte von KMU auf.","publisher":{"@id":"https:\/\/www.organisator.ch\/#organization"},"potentialAction":[{"@type":"SearchAction","target":{"@type":"EntryPoint","urlTemplate":"https:\/\/www.organisator.ch\/?s={search_term_string}"},"query-input":{"@type":"PropertyValueSpecification","valueRequired":true,"valueName":"search_term_string"}}],"inLanguage":"de"},{"@type":"Organization","@id":"https:\/\/www.organisator.ch\/#organization","name":"Organisator","url":"https:\/\/www.organisator.ch\/","logo":{"@type":"ImageObject","inLanguage":"de","@id":"https:\/\/www.organisator.ch\/#\/schema\/logo\/image\/","url":"https:\/\/www.organisator.ch\/wp-content\/uploads\/2022\/01\/Logo_Organisator_Website.png","contentUrl":"https:\/\/www.organisator.ch\/wp-content\/uploads\/2022\/01\/Logo_Organisator_Website.png","width":800,"height":77,"caption":"Organisator"},"image":{"@id":"https:\/\/www.organisator.ch\/#\/schema\/logo\/image\/"},"sameAs":["https:\/\/www.facebook.com\/OrganisatorFachmagazin","https:\/\/www.linkedin.com\/showcase\/organisator-das-magazin-fr-kmu","https:\/\/www.xing.com\/news\/pages\/organisator-ch-695","https:\/\/www.youtube.com\/channel\/UCGP2Sq0iWaZwT3BdIAQFYpw"]},{"@type":"Person","@id":"https:\/\/www.organisator.ch\/#\/schema\/person\/2e1314a2172123f874db408d8911d3f3","name":"Adelisa Kalajdzini","image":{"@type":"ImageObject","inLanguage":"de","@id":"https:\/\/secure.gravatar.com\/avatar\/09a397c22ac58cad6f160ee8306348599df9df58a8ede73696226897b9fa4b24?s=96&d=mm&r=g","url":"https:\/\/secure.gravatar.com\/avatar\/09a397c22ac58cad6f160ee8306348599df9df58a8ede73696226897b9fa4b24?s=96&d=mm&r=g","contentUrl":"https:\/\/secure.gravatar.com\/avatar\/09a397c22ac58cad6f160ee8306348599df9df58a8ede73696226897b9fa4b24?s=96&d=mm&r=g","caption":"Adelisa Kalajdzini"},"url":"https:\/\/www.organisator.ch\/de\/author\/adelisa-kalajdzini\/"}]}},"_links":{"self":[{"href":"https:\/\/www.organisator.ch\/de\/wp-json\/wp\/v2\/posts\/24330","targetHints":{"allow":["GET"]}}],"collection":[{"href":"https:\/\/www.organisator.ch\/de\/wp-json\/wp\/v2\/posts"}],"about":[{"href":"https:\/\/www.organisator.ch\/de\/wp-json\/wp\/v2\/types\/post"}],"author":[{"embeddable":true,"href":"https:\/\/www.organisator.ch\/de\/wp-json\/wp\/v2\/users\/58"}],"replies":[{"embeddable":true,"href":"https:\/\/www.organisator.ch\/de\/wp-json\/wp\/v2\/comments?post=24330"}],"version-history":[{"count":10,"href":"https:\/\/www.organisator.ch\/de\/wp-json\/wp\/v2\/posts\/24330\/revisions"}],"predecessor-version":[{"id":24363,"href":"https:\/\/www.organisator.ch\/de\/wp-json\/wp\/v2\/posts\/24330\/revisions\/24363"}],"wp:featuredmedia":[{"embeddable":true,"href":"https:\/\/www.organisator.ch\/de\/wp-json\/wp\/v2\/media\/24332"}],"wp:attachment":[{"href":"https:\/\/www.organisator.ch\/de\/wp-json\/wp\/v2\/media?parent=24330"}],"wp:term":[{"taxonomy":"category","embeddable":true,"href":"https:\/\/www.organisator.ch\/de\/wp-json\/wp\/v2\/categories?post=24330"},{"taxonomy":"post_tag","embeddable":true,"href":"https:\/\/www.organisator.ch\/de\/wp-json\/wp\/v2\/tags?post=24330"}],"curies":[{"name":"wp","href":"https:\/\/api.w.org\/{rel}","templated":true}]}}