{"id":24408,"date":"2024-01-18T20:28:31","date_gmt":"2024-01-18T19:28:31","guid":{"rendered":"https:\/\/www.organisator.ch\/?p=24408"},"modified":"2024-02-01T09:15:14","modified_gmt":"2024-02-01T08:15:14","slug":"swiss-arbeitgeber-award-2024-die-besten-schweizer-arbeitgeber-gekuert","status":"publish","type":"post","link":"https:\/\/www.organisator.ch\/de\/human-resources\/2024-01-18\/swiss-arbeitgeber-award-2024-die-besten-schweizer-arbeitgeber-gekuert\/","title":{"rendered":"Swiss Arbeitgeber Award 2024: Die besten Schweizer Arbeitgeber gek\u00fcrt"},"content":{"rendered":"<figure id=\"attachment_24444\" aria-describedby=\"caption-attachment-24444\" style=\"width: 680px\" class=\"wp-caption alignnone\"><img loading=\"lazy\" decoding=\"async\" class=\"size-full wp-image-24444\" src=\"https:\/\/www.organisator.ch\/wp-content\/uploads\/2024\/01\/Swiss-Arbeitgeber-Award-2024-Die-besten-Schweizer-Arbeitgeber-gekuert_Organisator.jpg\" alt=\"\" width=\"680\" height=\"628\" srcset=\"https:\/\/www.organisator.ch\/wp-content\/uploads\/2024\/01\/Swiss-Arbeitgeber-Award-2024-Die-besten-Schweizer-Arbeitgeber-gekuert_Organisator.jpg 680w, https:\/\/www.organisator.ch\/wp-content\/uploads\/2024\/01\/Swiss-Arbeitgeber-Award-2024-Die-besten-Schweizer-Arbeitgeber-gekuert_Organisator-13x12.jpg 13w, https:\/\/www.organisator.ch\/wp-content\/uploads\/2024\/01\/Swiss-Arbeitgeber-Award-2024-Die-besten-Schweizer-Arbeitgeber-gekuert_Organisator-325x300.jpg 325w, https:\/\/www.organisator.ch\/wp-content\/uploads\/2024\/01\/Swiss-Arbeitgeber-Award-2024-Die-besten-Schweizer-Arbeitgeber-gekuert_Organisator-379x350.jpg 379w\" sizes=\"auto, (max-width: 680px) 100vw, 680px\" \/><figcaption id=\"caption-attachment-24444\" class=\"wp-caption-text\">Logo des Swiss Arbeitgeber Award, der am 18. Januar 2024 zum 23. Mal vergeben worden ist.<\/figcaption><\/figure>\n<p>Der Swiss Arbeitgeber Award ist die repr\u00e4sentativste Verleihung zur Ermittlung der Arbeitgeberattraktivit\u00e4t in der Schweiz. Ausschlaggebend f\u00fcr diese Auszeichnung sind die detaillierten Bewertungen der Mitarbeitenden eines Unternehmens. Der durch das unabh\u00e4ngige Befragungs- und Beratungsunternehmen icommit GmbH wissenschaftlich entwickelte Fragebogen besteht aus rund 60 Fragen und wurde durchschnittlich von 76% aller Besch\u00e4ftigten eines Unternehmens ausgef\u00fcllt. Insgesamt wurden 48 Unternehmen pr\u00e4miert und weitere 35 Unternehmen erhielten ein Qualit\u00e4ts-Siegel. Letztere Unternehmen haben den Schweizer Benchmark in mindestens einer der Zielgr\u00f6ssen \u2013 Gesamtzufriedenheit mit der Arbeitssituation, Commitment oder Keine Resignation \u2013 \u00fcbertroffen, z\u00e4hlen aber nicht zu den besten Arbeitgebern der Schweiz und werden daher in den Ranglisten nicht aufgef\u00fchrt.<\/p>\n<h3><strong>Die besten Arbeitgeber 2023<\/strong><\/h3>\n<p>Am Wettbewerb um den Swiss Arbeitgeber Award teilgenommen haben insgesamt 153 Unternehmen mit zusammen fast 43000 Mitarbeitenden, die den Fragebogen ausgef\u00fcllt haben (zum Vergleich: <a href=\"https:\/\/www.organisator.ch\/de\/human-resources\/2022-11-18\/das-sind-die-besten-schweizer-arbeitgeber-2022\/\">Im Vorjahr waren es 145 Unternehmen mit etwas mehr als 42000 ausgewerteten Fragebogen<\/a>). Aufgeteilt wurden die Unternehmen nach folgenden Gr\u00f6ssenkategorien: Grosse Unternehmen (1000 und mehr Mitarbeitende), mittelgrosse Unternehmen 1 (250 bis 999 Mitarbeitende), mittelgrosse Unternehmen 2 (100 bis 249 Mitarbeitende) und kleine Unternehmen (50 bis 99 Mitarbeitende). Und das sind nun die Gewinner und Ranglisten:<\/p>\n<p><strong>Grosse Unternehmen (13 Teilnehmer):<\/strong><\/p>\n<ol>\n<li>Liechtensteinische Landesbank AG<\/li>\n<li>Berner Kantonalbank AG<\/li>\n<li>Schweizer Paraplegiker-Gruppe<\/li>\n<\/ol>\n<p><strong>Mittelgrosse Unternehmen 1 (48 Teilnehmer):<\/strong><\/p>\n<ol>\n<li>Schlagenhauf Gruppe<\/li>\n<li>Bossard AG<\/li>\n<li>D\u00e4twyler Schweiz AG<\/li>\n<\/ol>\n<p><strong>Mittelgrosse Unternehmen 2 (58 Teilnehmer):<\/strong><\/p>\n<ol>\n<li>Spectren AG \/ Almacasa<\/li>\n<li>Finanzmarktaufsicht (FMA) Liechtenstein<\/li>\n<li>Stanserhorn-Bahn-Aktiengesellschaft<\/li>\n<\/ol>\n<p><strong>Kleine Unternehmen (34 Teilnehmer):<\/strong><\/p>\n<ol>\n<li>Chestonag Automation AG<\/li>\n<li>KAESER Kompressoren AG<\/li>\n<li>BORM-INFORMATIK AG<\/li>\n<\/ol>\n<p>Angesprochen auf den R\u00fccklauf sagt Sven B\u00fchler, Inhaber von icommit: \u00abEs ist immer wieder erstaunlich, wie stabil die Teilnahmequote ist. Sie hat bisher immer zwischen 75 und 77 Prozent gelegen. Als Faktor spielt dabei eine Rolle, dass die Umfrage digital durchgef\u00fchrt wird, das ist sehr benutzerfreundlich. Nur noch wenige Antworten werden analog abgegeben. Und ebenfalls stellen wir fest, dass j\u00fcngere Mitarbeitende eher bereit sind, ein Feedback abzugeben.\u00bb<\/p>\n<p>Gleichwohl scheinen die 153 teilnehmenden Unternehmen wenig zu sein im Verh\u00e4ltnis zur Grundgesamtheit von \u00fcber 600&#8217;000 Firmen in der Schweiz. Und auch der Anteil \u00abKleine Unternehmen\u00bb m\u00fcsste &#8211; statistisch gesehen &#8211; h\u00f6her sein. Dazu Sven B\u00fchler: \u00abIn der Tat liegt die Zahl der teilnehmenden Unternehmen immer um 150 herum. Den Hauptteil machen dabei Unternehmen mit 250 bis 1000 Mitarbeitenden aus. Gr\u00f6ssere Unternehmen bilden eine Minderheit.\u00bb Die Zahl von fast 43000 ausgewerteten Fragebogen erlaubt dennoch eine \u00e4usserst valide Beurteilung und erm\u00f6glicht ein differenziertes Bild der Arbeitswelt.<\/p>\n<h3><strong>Hohe Zufriedenheit bei Banken, Unzufriedenheit in Pflege und Bildung<\/strong><\/h3>\n<p>Was sind nun die Kernelemente der Befragung? Die Mitarbeitenden bewerten ihren Arbeitgeber in s\u00e4mtlichen f\u00fcr die Zufriedenheit und das Commitment wesentlichen Bereichen der Arbeitswelt. Diese drei Dimensionen der Arbeitssituation haben \u00fcber alle teilnehmenden Unternehmen betrachtet den gr\u00f6ssten Einfluss auf das Commitment der Mitarbeitenden:<\/p>\n<ol>\n<li><strong>Unternehmensstrategie<\/strong>, d.h. die Mitarbeitenden m\u00f6chten wissen, wohin sich das Unternehmen entwickelt<\/li>\n<li><strong>Einbindung der Mitarbeitenden<\/strong>, d.h. die Mitarbeitenden m\u00f6chten miteinbezogen werden und ausreichende Entscheidungsfreiheit haben<\/li>\n<li><strong>Arbeitsinhalt<\/strong>, d.h. die Mitarbeitenden m\u00f6chten ihre Kenntnisse und F\u00e4higkeiten einsetzen k\u00f6nnen<\/li>\n<\/ol>\n<p>Der Branchenvergleich zeigt, dass das Commitment zum Unternehmen und die Zufriedenheit mit der Arbeitssituation in den Branchen Informatik, Kantonalbanken und Handel am h\u00f6chsten sind. Die tiefsten Bewertungen messen wir bei Hochschulen, im Gesundheitswesen (Psychiatrien und Akutspit\u00e4lern) sowie im \u00f6ffentlichen Verkehr. Ein positiver Trend ist dabei in den Branchen Informatik und Kantonalbanken deutlich erkennbar. Ein negativer Trend beim \u00f6ffentlichen Verkehr.<\/p>\n<p>Wie erkl\u00e4rt Sven B\u00fchler dieses Ergebnis, zumal gerade der Bankensektor mit den Ereignissen rund um die CS \u00f6ffentlich etwas in Verruf geraten ist? \u00abBemerkenswert ist in der Tat, dass dieses Jahr viele Finanzdienstleister ausgezeichnet werden konnten. \u00c4hnlich war es 2009, als die grosse Finanzkrise die Bankenwelt ersch\u00fctterte\u00bb, so B\u00fchler. \u00abIn solchen Situationen hilft der Vergleich mit anderen Unternehmen derselben Branche, denen es schlecht geht \u2013 wenn etwa ein Konkurrent Konkurs geht oder einen Imageverlust erleidet, erkennt der Mitarbeitende, dass der eigene Arbeitgeber doch sehr gut ist. Man ist gl\u00fccklich, dort arbeiten zu d\u00fcrfen. Festzustellen ist zudem, dass die Sicherheit des Arbeitsplatzes etwas st\u00e4rker ins Bewusstsein r\u00fcckt und an Bedeutung gewinnt; Hinzu kommt, dass die Unternehmen der drei erw\u00e4hnten Branchen in sich recht homogen bez\u00fcglich der Mitarbeitendenstruktur sind und Gesch\u00e4ftsmodelle betreiben, mit denen sich immer noch viel Geld verdienen l\u00e4sst und damit Investitionen in attraktive Arbeitswelten besser erm\u00f6glicht.\u00bb Das tiefe Commitment im Bildungs- und Gesundheitssektor h\u00e4ngt gewiss auch mit den Problemen rund um den Arbeitskr\u00e4ftemangel zusammen. \u00abAuch wenn Personal fehlt oder krankheitsbeding ausf\u00e4llt, muss in diesen Branchen der Betrieb trotzdem laufen, so dass h\u00e4ufig viel \u00dcberstunden geleistet werden m\u00fcssen. In solchen Situationen leidet dann auch die Work-Life-Balance und die Lohnwahrnehmung. Zudem steigt durch die Digitalisierung der Arbeitsdruck. Der \u00f6ffentliche Sektor verf\u00fcgt hier generell \u00fcber weniger starke Hebel wie andere Branchen\u00bb, f\u00fchrt Sven B\u00fchler aus.<\/p>\n<h3><strong>Zwei Sonderpreise am Swiss Arbeitgeber Award<\/strong><\/h3>\n<p>Neben der Verleihung der Awards an die Besten in ihrer Kategorie vergab der Verband HR Swiss zudem einen Preis f\u00fcr ein innovatives Arbeitsweltenprojekt, das sich positiv auf das Commitment im Unternehmen auswirkt. Der Sieger dieses Innovationspreises f\u00fcr eine moderne Arbeitswelt 2024 geht an Spectren AG \/ Almacasa mit ihrem zukunftsweisenden Projekt: Almacasa-Dialog. Dieses Projekt \u00fcberzeugt durch die St\u00e4rkung der Pers\u00f6nlichkeit der Mitarbeitenden, damit sie in einer sich wandelnden Welt mit grossen beruflichen Herausforderungen bestm\u00f6glich bestehen. Der Almacasa-Dialog spricht Aspekte an, die den Mitarbeitenden aller Stufen und kulturellen Hintergr\u00fcnde helfen, sich ihrer <em>selbst bewusst zu werden<\/em> und somit mehr <em>Selbst Bewusst Sein <\/em>zu entwickeln. Das ist unerl\u00e4sslich im Umgang mit anspruchsvollen Bewohnersituationen, aber auch mit Angeh\u00f6rigen und anderen am Pflegeprozess Beteiligten. Die entwickelten Gespr\u00e4chsleitf\u00e4den sind nach den Dimensionen \u00abLiebe zum Menschen\u00bb, \u00abAchtsamkeit\u00bb, \u00abEigenverantwortung\u00bb, \u00abVerbindlichkeit\u00bb, \u00abFachliches Wissen\u00bb und \u00abSelbstreflexion\u00bb strukturiert und enthalten Hinweise, Tipps und Erl\u00e4uterungen zur gemeinsamen Bearbeitung dieser abstrakten Begriffe. Bereits nach einem Jahr wird festgestellt, dass gegenseitiges wertsch\u00e4tzendes Feedback deutlich zugenommen hat.<\/p>\n<p>Der Schweizerische Arbeitgeberverband vergab einen weiteren Sonderpreis f\u00fcr dasjenige Unternehmen, das die beste Verbesserung ihrer Arbeitswelt im Vergleich zur letzten Mitarbeitendenbefragung erzielen konnte. Der Aufsteiger des Jahres 2024 sind die Rigi Bahnen AG.<\/p>\n<h3><strong>Auch Top-Arbeitgeber: Nicht auf den Lorbeeren ausruhen<\/strong><\/h3>\n<p>In Anbetracht der diesj\u00e4hrigen Ergebnisse: Wo ortet Sven B\u00fchler bei den Unternehmen den gr\u00f6ssten Handlungsbedarf, um noch bessere Arbeitgeber zu werden? \u00abDie Mitarbeitenden w\u00fcnschen sich in dieser komplexen und unsicheren Zeit vom Arbeitgeber Berechenbarkeit, Sicherheit und Klarheit. Eine klare und glaubw\u00fcrdige Strategie mit einer klaren Ausrichtung auf einen Fixstern, den man erreichen will, unterst\u00fctzt dabei sehr und ist sinnstiftend.\u00bb, so der klare Appell von Sven B\u00fchler. Hilfreich ist auch eine stabile, gut kommunizierende Gesch\u00e4ftsleitung; viele Wechsel sorgen f\u00fcr Unsicherheit. \u00abUnd da sind auch die vielen Transformationen, welche Unternehmen vornehmen m\u00fcssen. Wie glaubw\u00fcrdig diese vermittelt und umgesetzt werden, ist f\u00fcr das Mitarbeiter-Engagement entscheidend. Und nicht zu untersch\u00e4tzen ist auch, wie die Lohnsituation bzw. -gerechtigkeit im Unternehmen wahrgenommen wird\u00bb, erg\u00e4nzt er. Mitarbeitende w\u00fcnschen sich zudem viel Freiraum. Das sei aber nicht gleichbedeutend mit der \u00dcbernahme von mehr Verantwortung, warnt Sven B\u00fchler. \u00abHinzu kommt eine generell in der Gesellschaft wahrgenommene immer st\u00e4rkere Polarisierung von Meinungen. Erfolgreiche Firmen schaffen es, diese Polarisierung abzuschw\u00e4chen. Sie schaffen ein Wir-Gef\u00fchl, einen gemeinsamen Weg und das Bewusstsein, dass das Unternehmen nur dann zukunftsf\u00e4hig ist, wenn jeder Mitarbeitende sich engagiert. F\u00fcr F\u00fchrungskr\u00e4fte gilt es dabei, alle Mitarbeitende ins Boot zu holen.\u00bb Und als finalen Appell richtet Sven B\u00fchler folgendes an die Arbeitgeber: \u00abMitarbeitende stehen im Zentrum und m\u00fcssen sich in die Verantwortung nehmen, die Kunden zu begeistern.\u00bb<\/p>\n<p><a href=\"https:\/\/swissarbeitgeberaward.ch\/\"><em>Weitere Informationen und vollst\u00e4ndige Ranglisten<\/em><\/a><\/p>\n","protected":false},"excerpt":{"rendered":"<p>Am 18. Januar 2024 fand im Lake Side in Z\u00fcrich die Verleihung des 23. Swiss Arbeitgeber Awards statt. Die dahinter stehende Umfrage ist mit 42&#8217;909 Teilnehmenden aus 153 Unternehmen in der Schweiz und dem F\u00fcrstentum Liechtenstein die gr\u00f6sste Schweizer Mitarbeiterbefragung. Aus den Umfrageergebnissen wurden nun die besten Arbeitgeber in der jeweiligen Kategorie ermittelt und ausgezeichnet. Auch zwei Sonderpreise wurden vergeben.<\/p>\n","protected":false},"author":4,"featured_media":24444,"comment_status":"closed","ping_status":"closed","sticky":false,"template":"","format":"standard","meta":{"_acf_changed":false,"_yoast_wpseo_focuskw":"Swiss Arbeitgeber Award","_yoast_wpseo_metadesc":"Am 18. Januar 2024 wurde im Lake Side in Z\u00fcrich zum 23. Mal der Swiss Arbeitgeber Award verliehen. Auch zwei Sonderpreise wurden vergeben.","articlekey":"","footnotes":""},"categories":[579],"tags":[4029,66,254,459],"class_list":["post-24408","post","type-post","status-publish","format-standard","has-post-thumbnail","hentry","category-human-resources","tag-arbeitgeber","tag-awards","tag-hrm","tag-studie"],"acf":[],"yoast_head":"<!-- This site is optimized with the Yoast SEO plugin v27.5 - https:\/\/yoast.com\/product\/yoast-seo-wordpress\/ -->\n<title>Swiss Arbeitgeber Award 2024: Die besten Schweizer Arbeitgeber gek\u00fcrt - Organisator<\/title>\n<meta name=\"description\" content=\"Am 18. Januar 2024 wurde im Lake Side in Z\u00fcrich zum 23. Mal der Swiss Arbeitgeber Award verliehen. Auch zwei Sonderpreise wurden vergeben.\" \/>\n<meta name=\"robots\" content=\"index, follow, max-snippet:-1, max-image-preview:large, max-video-preview:-1\" \/>\n<link rel=\"canonical\" href=\"https:\/\/www.organisator.ch\/de\/human-resources\/2024-01-18\/swiss-arbeitgeber-award-2024-die-besten-schweizer-arbeitgeber-gekuert\/\" \/>\n<meta property=\"og:locale\" content=\"de_DE\" \/>\n<meta property=\"og:type\" content=\"article\" \/>\n<meta property=\"og:title\" content=\"Swiss Arbeitgeber Award 2024: Die besten Schweizer Arbeitgeber gek\u00fcrt\" \/>\n<meta property=\"og:description\" content=\"Am 18. Januar 2024 wurde im Lake Side in Z\u00fcrich zum 23. Mal der Swiss Arbeitgeber Award verliehen. Auch zwei Sonderpreise wurden vergeben.\" \/>\n<meta property=\"og:url\" content=\"https:\/\/www.organisator.ch\/de\/human-resources\/2024-01-18\/swiss-arbeitgeber-award-2024-die-besten-schweizer-arbeitgeber-gekuert\/\" \/>\n<meta property=\"og:site_name\" content=\"Organisator\" \/>\n<meta property=\"article:publisher\" content=\"https:\/\/www.facebook.com\/OrganisatorFachmagazin\" \/>\n<meta property=\"article:published_time\" content=\"2024-01-18T19:28:31+00:00\" \/>\n<meta property=\"article:modified_time\" content=\"2024-02-01T08:15:14+00:00\" \/>\n<meta property=\"og:image\" content=\"https:\/\/www.organisator.ch\/wp-content\/uploads\/2024\/01\/Swiss-Arbeitgeber-Award-2024-Die-besten-Schweizer-Arbeitgeber-gekuert_Organisator.jpg\" \/>\n\t<meta property=\"og:image:width\" content=\"680\" \/>\n\t<meta property=\"og:image:height\" content=\"628\" \/>\n\t<meta property=\"og:image:type\" content=\"image\/jpeg\" \/>\n<meta name=\"author\" content=\"thomas.berner\" \/>\n<meta name=\"twitter:card\" content=\"summary_large_image\" \/>\n<meta name=\"twitter:title\" content=\"Swiss #Arbeitgeber Award 2024: Die besten Schweizer #Arbeitgeber gek\u00fcrt\" \/>\n<meta name=\"twitter:description\" content=\"Am 18. Januar 2024 wurde im Lake Side in Z\u00fcrich zum 23. Mal der #SwissArbeitgeberAward verliehen. Auch zwei Sonderpreise wurden vergeben.\" \/>\n<meta name=\"twitter:image\" content=\"https:\/\/www.organisator.ch\/wp-content\/uploads\/2024\/01\/Swiss-Arbeitgeber-Award-2024-Die-besten-Schweizer-Arbeitgeber-gekuert_Organisator.jpg\" \/>\n<script type=\"application\/ld+json\" class=\"yoast-schema-graph\">{\"@context\":\"https:\\\/\\\/schema.org\",\"@graph\":[{\"@type\":\"Article\",\"@id\":\"https:\\\/\\\/www.organisator.ch\\\/human-resources\\\/2024-01-18\\\/swiss-arbeitgeber-award-2024-die-besten-schweizer-arbeitgeber-gekuert\\\/#article\",\"isPartOf\":{\"@id\":\"https:\\\/\\\/www.organisator.ch\\\/human-resources\\\/2024-01-18\\\/swiss-arbeitgeber-award-2024-die-besten-schweizer-arbeitgeber-gekuert\\\/\"},\"author\":{\"name\":\"thomas.berner\",\"@id\":\"https:\\\/\\\/www.organisator.ch\\\/#\\\/schema\\\/person\\\/6f650f90b2842cd4c0cc334b4e36f67e\"},\"headline\":\"Swiss Arbeitgeber Award 2024: Die besten Schweizer Arbeitgeber gek\u00fcrt\",\"datePublished\":\"2024-01-18T19:28:31+00:00\",\"dateModified\":\"2024-02-01T08:15:14+00:00\",\"mainEntityOfPage\":{\"@id\":\"https:\\\/\\\/www.organisator.ch\\\/human-resources\\\/2024-01-18\\\/swiss-arbeitgeber-award-2024-die-besten-schweizer-arbeitgeber-gekuert\\\/\"},\"wordCount\":1276,\"publisher\":{\"@id\":\"https:\\\/\\\/www.organisator.ch\\\/#organization\"},\"image\":{\"@id\":\"https:\\\/\\\/www.organisator.ch\\\/human-resources\\\/2024-01-18\\\/swiss-arbeitgeber-award-2024-die-besten-schweizer-arbeitgeber-gekuert\\\/#primaryimage\"},\"thumbnailUrl\":\"https:\\\/\\\/www.organisator.ch\\\/wp-content\\\/uploads\\\/2024\\\/01\\\/Swiss-Arbeitgeber-Award-2024-Die-besten-Schweizer-Arbeitgeber-gekuert_Organisator.jpg\",\"keywords\":[\"Arbeitgeber\",\"Awards\",\"HRM\",\"Studie\"],\"articleSection\":[\"HUMAN RESOURCES\"],\"inLanguage\":\"de\"},{\"@type\":\"WebPage\",\"@id\":\"https:\\\/\\\/www.organisator.ch\\\/human-resources\\\/2024-01-18\\\/swiss-arbeitgeber-award-2024-die-besten-schweizer-arbeitgeber-gekuert\\\/\",\"url\":\"https:\\\/\\\/www.organisator.ch\\\/human-resources\\\/2024-01-18\\\/swiss-arbeitgeber-award-2024-die-besten-schweizer-arbeitgeber-gekuert\\\/\",\"name\":\"Swiss Arbeitgeber Award 2024: Die besten Schweizer Arbeitgeber gek\u00fcrt - Organisator\",\"isPartOf\":{\"@id\":\"https:\\\/\\\/www.organisator.ch\\\/#website\"},\"primaryImageOfPage\":{\"@id\":\"https:\\\/\\\/www.organisator.ch\\\/human-resources\\\/2024-01-18\\\/swiss-arbeitgeber-award-2024-die-besten-schweizer-arbeitgeber-gekuert\\\/#primaryimage\"},\"image\":{\"@id\":\"https:\\\/\\\/www.organisator.ch\\\/human-resources\\\/2024-01-18\\\/swiss-arbeitgeber-award-2024-die-besten-schweizer-arbeitgeber-gekuert\\\/#primaryimage\"},\"thumbnailUrl\":\"https:\\\/\\\/www.organisator.ch\\\/wp-content\\\/uploads\\\/2024\\\/01\\\/Swiss-Arbeitgeber-Award-2024-Die-besten-Schweizer-Arbeitgeber-gekuert_Organisator.jpg\",\"datePublished\":\"2024-01-18T19:28:31+00:00\",\"dateModified\":\"2024-02-01T08:15:14+00:00\",\"description\":\"Am 18. Januar 2024 wurde im Lake Side in Z\u00fcrich zum 23. Mal der Swiss Arbeitgeber Award verliehen. Auch zwei Sonderpreise wurden vergeben.\",\"breadcrumb\":{\"@id\":\"https:\\\/\\\/www.organisator.ch\\\/human-resources\\\/2024-01-18\\\/swiss-arbeitgeber-award-2024-die-besten-schweizer-arbeitgeber-gekuert\\\/#breadcrumb\"},\"inLanguage\":\"de\",\"potentialAction\":[{\"@type\":\"ReadAction\",\"target\":[\"https:\\\/\\\/www.organisator.ch\\\/human-resources\\\/2024-01-18\\\/swiss-arbeitgeber-award-2024-die-besten-schweizer-arbeitgeber-gekuert\\\/\"]}]},{\"@type\":\"ImageObject\",\"inLanguage\":\"de\",\"@id\":\"https:\\\/\\\/www.organisator.ch\\\/human-resources\\\/2024-01-18\\\/swiss-arbeitgeber-award-2024-die-besten-schweizer-arbeitgeber-gekuert\\\/#primaryimage\",\"url\":\"https:\\\/\\\/www.organisator.ch\\\/wp-content\\\/uploads\\\/2024\\\/01\\\/Swiss-Arbeitgeber-Award-2024-Die-besten-Schweizer-Arbeitgeber-gekuert_Organisator.jpg\",\"contentUrl\":\"https:\\\/\\\/www.organisator.ch\\\/wp-content\\\/uploads\\\/2024\\\/01\\\/Swiss-Arbeitgeber-Award-2024-Die-besten-Schweizer-Arbeitgeber-gekuert_Organisator.jpg\",\"width\":680,\"height\":628,\"caption\":\"Logo des Swiss Arbeitgeber Award.\"},{\"@type\":\"BreadcrumbList\",\"@id\":\"https:\\\/\\\/www.organisator.ch\\\/human-resources\\\/2024-01-18\\\/swiss-arbeitgeber-award-2024-die-besten-schweizer-arbeitgeber-gekuert\\\/#breadcrumb\",\"itemListElement\":[{\"@type\":\"ListItem\",\"position\":1,\"name\":\"Home\",\"item\":\"https:\\\/\\\/www.organisator.ch\\\/\"},{\"@type\":\"ListItem\",\"position\":2,\"name\":\"Swiss Arbeitgeber Award 2024: Die besten Schweizer Arbeitgeber gek\u00fcrt\"}]},{\"@type\":\"WebSite\",\"@id\":\"https:\\\/\\\/www.organisator.ch\\\/#website\",\"url\":\"https:\\\/\\\/www.organisator.ch\\\/\",\"name\":\"Organisator\",\"description\":\"Kompetent. Praxisnah. Der ORGANISATOR bereitet in 10 Ausgaben pro Jahr die wesentlichen Themen f\u00fcr F\u00fchrungskr\u00e4fte von KMU auf.\",\"publisher\":{\"@id\":\"https:\\\/\\\/www.organisator.ch\\\/#organization\"},\"potentialAction\":[{\"@type\":\"SearchAction\",\"target\":{\"@type\":\"EntryPoint\",\"urlTemplate\":\"https:\\\/\\\/www.organisator.ch\\\/?s={search_term_string}\"},\"query-input\":{\"@type\":\"PropertyValueSpecification\",\"valueRequired\":true,\"valueName\":\"search_term_string\"}}],\"inLanguage\":\"de\"},{\"@type\":\"Organization\",\"@id\":\"https:\\\/\\\/www.organisator.ch\\\/#organization\",\"name\":\"Organisator\",\"url\":\"https:\\\/\\\/www.organisator.ch\\\/\",\"logo\":{\"@type\":\"ImageObject\",\"inLanguage\":\"de\",\"@id\":\"https:\\\/\\\/www.organisator.ch\\\/#\\\/schema\\\/logo\\\/image\\\/\",\"url\":\"https:\\\/\\\/www.organisator.ch\\\/wp-content\\\/uploads\\\/2022\\\/01\\\/Logo_Organisator_Website.png\",\"contentUrl\":\"https:\\\/\\\/www.organisator.ch\\\/wp-content\\\/uploads\\\/2022\\\/01\\\/Logo_Organisator_Website.png\",\"width\":800,\"height\":77,\"caption\":\"Organisator\"},\"image\":{\"@id\":\"https:\\\/\\\/www.organisator.ch\\\/#\\\/schema\\\/logo\\\/image\\\/\"},\"sameAs\":[\"https:\\\/\\\/www.facebook.com\\\/OrganisatorFachmagazin\",\"https:\\\/\\\/www.linkedin.com\\\/showcase\\\/organisator-das-magazin-fr-kmu\",\"https:\\\/\\\/www.xing.com\\\/news\\\/pages\\\/organisator-ch-695\",\"https:\\\/\\\/www.youtube.com\\\/channel\\\/UCGP2Sq0iWaZwT3BdIAQFYpw\"]},{\"@type\":\"Person\",\"@id\":\"https:\\\/\\\/www.organisator.ch\\\/#\\\/schema\\\/person\\\/6f650f90b2842cd4c0cc334b4e36f67e\",\"name\":\"thomas.berner\",\"image\":{\"@type\":\"ImageObject\",\"inLanguage\":\"de\",\"@id\":\"https:\\\/\\\/secure.gravatar.com\\\/avatar\\\/ac5001d2a36cb6c6cd3e50789007ffca834b477b74a2144564522e944eabff61?s=96&d=mm&r=g\",\"url\":\"https:\\\/\\\/secure.gravatar.com\\\/avatar\\\/ac5001d2a36cb6c6cd3e50789007ffca834b477b74a2144564522e944eabff61?s=96&d=mm&r=g\",\"contentUrl\":\"https:\\\/\\\/secure.gravatar.com\\\/avatar\\\/ac5001d2a36cb6c6cd3e50789007ffca834b477b74a2144564522e944eabff61?s=96&d=mm&r=g\",\"caption\":\"thomas.berner\"},\"url\":\"https:\\\/\\\/www.organisator.ch\\\/de\\\/author\\\/thomas-berner\\\/\"}]}<\/script>\n<!-- \/ Yoast SEO plugin. -->","yoast_head_json":{"title":"Swiss Arbeitgeber Award 2024: Die besten Schweizer Arbeitgeber gek\u00fcrt - Organisator","description":"Am 18. Januar 2024 wurde im Lake Side in Z\u00fcrich zum 23. Mal der Swiss Arbeitgeber Award verliehen. Auch zwei Sonderpreise wurden vergeben.","robots":{"index":"index","follow":"follow","max-snippet":"max-snippet:-1","max-image-preview":"max-image-preview:large","max-video-preview":"max-video-preview:-1"},"canonical":"https:\/\/www.organisator.ch\/de\/human-resources\/2024-01-18\/swiss-arbeitgeber-award-2024-die-besten-schweizer-arbeitgeber-gekuert\/","og_locale":"de_DE","og_type":"article","og_title":"Swiss Arbeitgeber Award 2024: Die besten Schweizer Arbeitgeber gek\u00fcrt","og_description":"Am 18. Januar 2024 wurde im Lake Side in Z\u00fcrich zum 23. Mal der Swiss Arbeitgeber Award verliehen. Auch zwei Sonderpreise wurden vergeben.","og_url":"https:\/\/www.organisator.ch\/de\/human-resources\/2024-01-18\/swiss-arbeitgeber-award-2024-die-besten-schweizer-arbeitgeber-gekuert\/","og_site_name":"Organisator","article_publisher":"https:\/\/www.facebook.com\/OrganisatorFachmagazin","article_published_time":"2024-01-18T19:28:31+00:00","article_modified_time":"2024-02-01T08:15:14+00:00","og_image":[{"width":680,"height":628,"url":"https:\/\/www.organisator.ch\/wp-content\/uploads\/2024\/01\/Swiss-Arbeitgeber-Award-2024-Die-besten-Schweizer-Arbeitgeber-gekuert_Organisator.jpg","type":"image\/jpeg"}],"author":"thomas.berner","twitter_card":"summary_large_image","twitter_title":"Swiss #Arbeitgeber Award 2024: Die besten Schweizer #Arbeitgeber gek\u00fcrt","twitter_description":"Am 18. Januar 2024 wurde im Lake Side in Z\u00fcrich zum 23. Mal der #SwissArbeitgeberAward verliehen. Auch zwei Sonderpreise wurden vergeben.","twitter_image":"https:\/\/www.organisator.ch\/wp-content\/uploads\/2024\/01\/Swiss-Arbeitgeber-Award-2024-Die-besten-Schweizer-Arbeitgeber-gekuert_Organisator.jpg","schema":{"@context":"https:\/\/schema.org","@graph":[{"@type":"Article","@id":"https:\/\/www.organisator.ch\/human-resources\/2024-01-18\/swiss-arbeitgeber-award-2024-die-besten-schweizer-arbeitgeber-gekuert\/#article","isPartOf":{"@id":"https:\/\/www.organisator.ch\/human-resources\/2024-01-18\/swiss-arbeitgeber-award-2024-die-besten-schweizer-arbeitgeber-gekuert\/"},"author":{"name":"thomas.berner","@id":"https:\/\/www.organisator.ch\/#\/schema\/person\/6f650f90b2842cd4c0cc334b4e36f67e"},"headline":"Swiss Arbeitgeber Award 2024: Die besten Schweizer Arbeitgeber gek\u00fcrt","datePublished":"2024-01-18T19:28:31+00:00","dateModified":"2024-02-01T08:15:14+00:00","mainEntityOfPage":{"@id":"https:\/\/www.organisator.ch\/human-resources\/2024-01-18\/swiss-arbeitgeber-award-2024-die-besten-schweizer-arbeitgeber-gekuert\/"},"wordCount":1276,"publisher":{"@id":"https:\/\/www.organisator.ch\/#organization"},"image":{"@id":"https:\/\/www.organisator.ch\/human-resources\/2024-01-18\/swiss-arbeitgeber-award-2024-die-besten-schweizer-arbeitgeber-gekuert\/#primaryimage"},"thumbnailUrl":"https:\/\/www.organisator.ch\/wp-content\/uploads\/2024\/01\/Swiss-Arbeitgeber-Award-2024-Die-besten-Schweizer-Arbeitgeber-gekuert_Organisator.jpg","keywords":["Arbeitgeber","Awards","HRM","Studie"],"articleSection":["HUMAN RESOURCES"],"inLanguage":"de"},{"@type":"WebPage","@id":"https:\/\/www.organisator.ch\/human-resources\/2024-01-18\/swiss-arbeitgeber-award-2024-die-besten-schweizer-arbeitgeber-gekuert\/","url":"https:\/\/www.organisator.ch\/human-resources\/2024-01-18\/swiss-arbeitgeber-award-2024-die-besten-schweizer-arbeitgeber-gekuert\/","name":"Swiss Arbeitgeber Award 2024: Die besten Schweizer Arbeitgeber gek\u00fcrt - Organisator","isPartOf":{"@id":"https:\/\/www.organisator.ch\/#website"},"primaryImageOfPage":{"@id":"https:\/\/www.organisator.ch\/human-resources\/2024-01-18\/swiss-arbeitgeber-award-2024-die-besten-schweizer-arbeitgeber-gekuert\/#primaryimage"},"image":{"@id":"https:\/\/www.organisator.ch\/human-resources\/2024-01-18\/swiss-arbeitgeber-award-2024-die-besten-schweizer-arbeitgeber-gekuert\/#primaryimage"},"thumbnailUrl":"https:\/\/www.organisator.ch\/wp-content\/uploads\/2024\/01\/Swiss-Arbeitgeber-Award-2024-Die-besten-Schweizer-Arbeitgeber-gekuert_Organisator.jpg","datePublished":"2024-01-18T19:28:31+00:00","dateModified":"2024-02-01T08:15:14+00:00","description":"Am 18. Januar 2024 wurde im Lake Side in Z\u00fcrich zum 23. Mal der Swiss Arbeitgeber Award verliehen. Auch zwei Sonderpreise wurden vergeben.","breadcrumb":{"@id":"https:\/\/www.organisator.ch\/human-resources\/2024-01-18\/swiss-arbeitgeber-award-2024-die-besten-schweizer-arbeitgeber-gekuert\/#breadcrumb"},"inLanguage":"de","potentialAction":[{"@type":"ReadAction","target":["https:\/\/www.organisator.ch\/human-resources\/2024-01-18\/swiss-arbeitgeber-award-2024-die-besten-schweizer-arbeitgeber-gekuert\/"]}]},{"@type":"ImageObject","inLanguage":"de","@id":"https:\/\/www.organisator.ch\/human-resources\/2024-01-18\/swiss-arbeitgeber-award-2024-die-besten-schweizer-arbeitgeber-gekuert\/#primaryimage","url":"https:\/\/www.organisator.ch\/wp-content\/uploads\/2024\/01\/Swiss-Arbeitgeber-Award-2024-Die-besten-Schweizer-Arbeitgeber-gekuert_Organisator.jpg","contentUrl":"https:\/\/www.organisator.ch\/wp-content\/uploads\/2024\/01\/Swiss-Arbeitgeber-Award-2024-Die-besten-Schweizer-Arbeitgeber-gekuert_Organisator.jpg","width":680,"height":628,"caption":"Logo des Swiss Arbeitgeber Award."},{"@type":"BreadcrumbList","@id":"https:\/\/www.organisator.ch\/human-resources\/2024-01-18\/swiss-arbeitgeber-award-2024-die-besten-schweizer-arbeitgeber-gekuert\/#breadcrumb","itemListElement":[{"@type":"ListItem","position":1,"name":"Home","item":"https:\/\/www.organisator.ch\/"},{"@type":"ListItem","position":2,"name":"Swiss Arbeitgeber Award 2024: Die besten Schweizer Arbeitgeber gek\u00fcrt"}]},{"@type":"WebSite","@id":"https:\/\/www.organisator.ch\/#website","url":"https:\/\/www.organisator.ch\/","name":"Organisator","description":"Kompetent. Praxisnah. Der ORGANISATOR bereitet in 10 Ausgaben pro Jahr die wesentlichen Themen f\u00fcr F\u00fchrungskr\u00e4fte von KMU auf.","publisher":{"@id":"https:\/\/www.organisator.ch\/#organization"},"potentialAction":[{"@type":"SearchAction","target":{"@type":"EntryPoint","urlTemplate":"https:\/\/www.organisator.ch\/?s={search_term_string}"},"query-input":{"@type":"PropertyValueSpecification","valueRequired":true,"valueName":"search_term_string"}}],"inLanguage":"de"},{"@type":"Organization","@id":"https:\/\/www.organisator.ch\/#organization","name":"Organisator","url":"https:\/\/www.organisator.ch\/","logo":{"@type":"ImageObject","inLanguage":"de","@id":"https:\/\/www.organisator.ch\/#\/schema\/logo\/image\/","url":"https:\/\/www.organisator.ch\/wp-content\/uploads\/2022\/01\/Logo_Organisator_Website.png","contentUrl":"https:\/\/www.organisator.ch\/wp-content\/uploads\/2022\/01\/Logo_Organisator_Website.png","width":800,"height":77,"caption":"Organisator"},"image":{"@id":"https:\/\/www.organisator.ch\/#\/schema\/logo\/image\/"},"sameAs":["https:\/\/www.facebook.com\/OrganisatorFachmagazin","https:\/\/www.linkedin.com\/showcase\/organisator-das-magazin-fr-kmu","https:\/\/www.xing.com\/news\/pages\/organisator-ch-695","https:\/\/www.youtube.com\/channel\/UCGP2Sq0iWaZwT3BdIAQFYpw"]},{"@type":"Person","@id":"https:\/\/www.organisator.ch\/#\/schema\/person\/6f650f90b2842cd4c0cc334b4e36f67e","name":"thomas.berner","image":{"@type":"ImageObject","inLanguage":"de","@id":"https:\/\/secure.gravatar.com\/avatar\/ac5001d2a36cb6c6cd3e50789007ffca834b477b74a2144564522e944eabff61?s=96&d=mm&r=g","url":"https:\/\/secure.gravatar.com\/avatar\/ac5001d2a36cb6c6cd3e50789007ffca834b477b74a2144564522e944eabff61?s=96&d=mm&r=g","contentUrl":"https:\/\/secure.gravatar.com\/avatar\/ac5001d2a36cb6c6cd3e50789007ffca834b477b74a2144564522e944eabff61?s=96&d=mm&r=g","caption":"thomas.berner"},"url":"https:\/\/www.organisator.ch\/de\/author\/thomas-berner\/"}]}},"_links":{"self":[{"href":"https:\/\/www.organisator.ch\/de\/wp-json\/wp\/v2\/posts\/24408","targetHints":{"allow":["GET"]}}],"collection":[{"href":"https:\/\/www.organisator.ch\/de\/wp-json\/wp\/v2\/posts"}],"about":[{"href":"https:\/\/www.organisator.ch\/de\/wp-json\/wp\/v2\/types\/post"}],"author":[{"embeddable":true,"href":"https:\/\/www.organisator.ch\/de\/wp-json\/wp\/v2\/users\/4"}],"replies":[{"embeddable":true,"href":"https:\/\/www.organisator.ch\/de\/wp-json\/wp\/v2\/comments?post=24408"}],"version-history":[{"count":9,"href":"https:\/\/www.organisator.ch\/de\/wp-json\/wp\/v2\/posts\/24408\/revisions"}],"predecessor-version":[{"id":24727,"href":"https:\/\/www.organisator.ch\/de\/wp-json\/wp\/v2\/posts\/24408\/revisions\/24727"}],"wp:featuredmedia":[{"embeddable":true,"href":"https:\/\/www.organisator.ch\/de\/wp-json\/wp\/v2\/media\/24444"}],"wp:attachment":[{"href":"https:\/\/www.organisator.ch\/de\/wp-json\/wp\/v2\/media?parent=24408"}],"wp:term":[{"taxonomy":"category","embeddable":true,"href":"https:\/\/www.organisator.ch\/de\/wp-json\/wp\/v2\/categories?post=24408"},{"taxonomy":"post_tag","embeddable":true,"href":"https:\/\/www.organisator.ch\/de\/wp-json\/wp\/v2\/tags?post=24408"}],"curies":[{"name":"wp","href":"https:\/\/api.w.org\/{rel}","templated":true}]}}