{"id":24451,"date":"2024-01-22T08:26:27","date_gmt":"2024-01-22T07:26:27","guid":{"rendered":"https:\/\/www.organisator.ch\/?p=24451"},"modified":"2024-01-22T09:29:52","modified_gmt":"2024-01-22T08:29:52","slug":"sef-2024-gemeinsam-in-eine-erfolgreiche-zukunft","status":"publish","type":"post","link":"https:\/\/www.organisator.ch\/de\/human-resources\/2024-01-22\/sef-2024-gemeinsam-in-eine-erfolgreiche-zukunft\/","title":{"rendered":"SEF 2024: Gemeinsam in eine erfolgreiche Zukunft"},"content":{"rendered":"<figure id=\"attachment_24453\" class=\"wp-caption alignnone\" style=\"width: 680px;\" aria-describedby=\"caption-attachment-24453\"><img class=\"size-full wp-image-24453\" src=\"https:\/\/www.organisator.ch\/wp-content\/uploads\/2024\/01\/SEF_Bild1_ps.jpg\" sizes=\"(max-width: 680px) 100vw, 680px\" srcset=\"https:\/\/www.organisator.ch\/wp-content\/uploads\/2024\/01\/SEF_Bild1_ps.jpg 680w, https:\/\/www.organisator.ch\/wp-content\/uploads\/2024\/01\/SEF_Bild1_ps-18x12.jpg 18w, https:\/\/www.organisator.ch\/wp-content\/uploads\/2024\/01\/SEF_Bild1_ps-375x250.jpg 375w, https:\/\/www.organisator.ch\/wp-content\/uploads\/2024\/01\/SEF_Bild1_ps-525x350.jpg 525w\" alt=\"\" width=\"680\" height=\"453\" \/>\r\n<figcaption id=\"caption-attachment-24453\" class=\"wp-caption-text\">Der diesj\u00e4hrige Swiss Economic Forum (SEF) mit dem Motto \u00abWhen the going gets tough\u00bb findet am 6. Und 7. Juni in Interlaken statt. (Bild: www.swisseconomic.ch)<\/figcaption>\r\n<\/figure>\r\n<p>Gerade in diesen sich stets wandelnden Zeiten sind Unternehmer, politische Entscheidungstr\u00e4ger und Wissenschaftler besonders gefordert, sich Gedanken zur Rolle der Schweiz in der Welt sowie zur St\u00e4rkung und Erhaltung der Wettbewerbsf\u00e4higkeit der Wirtschaft zu machen.<\/p>\r\n<p>Wie f\u00fchrt man heute erfolgreich ein Unternehmen mit dauernd wechselnden Rahmenbedingungen in Zukunft? Wie macht man Politik, wenn jedes Jahr eine neue Krise hinzukommt? Am diesj\u00e4hrigen SEF werden genau diese zentralen Themen zwischen Teilnehmenden und Referenten beleuchtet. Ziel ist es gemeinsam nach Antworten zu suchen, wie die Schweiz ihre Innovationskraft nutzen kann und wie mit langfristigen und nachhaltigen Strategien ihre Wirtschaft erfolgreich in die n\u00e4chste Generation gef\u00fchrt werden kann.<\/p>\r\n<p>Er\u00f6ffnet wird das diesj\u00e4hrige SEF von der Bundespr\u00e4sidentin Viola Amherd. Es folgt ein spannendes Programm mit nationalen und internationalen Referentinnen und Referenten \u2013 Pers\u00f6nlichkeiten aus Wirtschaft, Politik und Wissenschaft:<\/p>\r\n<ul>\r\n\t<li>Sanna Marin, Ehemalige Ministerpr\u00e4sidentin Finnlands (2019-2023)<\/li>\r\n\t<li>Nassim Nicholas Taleb, amerikanischer \u00d6konom und Trendanalyst<\/li>\r\n\t<li>Beatrice Weder di Mauro, Pr\u00e4sidentin Centre for Economic Policy Research (CEPR), Professorin Geneva Graduate Institute und INSEAD<\/li>\r\n\t<li>Georges Kern, CEO Breitling SA<\/li>\r\n\t<li>Nationalrat Simon Michel, CEO und Verwaltungsrat Ypsomed Gruppe<\/li>\r\n\t<li>Anders Indset, Wirtschaftsphilosoph und Autor<\/li>\r\n\t<li>Lia W\u00e4lti, Profi-Fussballerin<\/li>\r\n\t<li>Yalda Hakim, Award Winning BBC Journalist<\/li>\r\n<\/ul>\r\n<p>Neben einem vielf\u00e4ltigen Rahmenprogramm wird auch in diesem Jahr der Swiss Economic Award, der Preis f\u00fcr junge Unternehmen in der Schweiz, am SEF verliehen.<\/p>\r\n<p><em>Quelle und weitere Informationen: <a href=\"http:\/\/www.swisseconomic.ch\/\">www.swisseconomic.ch<\/a><\/em><\/p>","protected":false},"excerpt":{"rendered":"<p>Am 6. und 7. Juni 2024 findet in Interlaken die 26. Ausgabe des Swiss Economic Forum (SEF) statt. Standhaftigkeit, Charakterst\u00e4rke und Entschlossenheit sind gefragt, um dem diesj\u00e4hrigen SEF-Motto die Stirn zu bieten: When the going gets tough.<\/p>\n","protected":false},"author":58,"featured_media":24453,"comment_status":"closed","ping_status":"closed","sticky":false,"template":"","format":"standard","meta":{"_acf_changed":false,"_yoast_wpseo_focuskw":"SEF","_yoast_wpseo_metadesc":"Am 6. und 7. Juni 2024 findet in Interlaken die 26. Ausgabe des Swiss Economic Forum (SEF) mit dem Motto \"When the going gets tough\" statt.","articlekey":"","footnotes":""},"categories":[579],"tags":[65,221,424,2255,492],"class_list":["post-24451","post","type-post","status-publish","format-standard","has-post-thumbnail","hentry","category-human-resources","tag-award","tag-forum","tag-schweiz","tag-swiss-economic-forum","tag-unternehmen"],"acf":[],"yoast_head":"<!-- This site is optimized with the Yoast SEO plugin v27.4 - https:\/\/yoast.com\/product\/yoast-seo-wordpress\/ -->\n<title>SEF 2024: Gemeinsam in eine erfolgreiche Zukunft - Organisator<\/title>\n<meta name=\"description\" content=\"Am 6. und 7. Juni 2024 findet in Interlaken die 26. Ausgabe des Swiss Economic Forum (SEF) mit dem Motto &quot;When the going gets tough&quot; statt.\" \/>\n<meta name=\"robots\" content=\"index, follow, max-snippet:-1, max-image-preview:large, max-video-preview:-1\" \/>\n<link rel=\"canonical\" href=\"https:\/\/www.organisator.ch\/de\/human-resources\/2024-01-22\/sef-2024-gemeinsam-in-eine-erfolgreiche-zukunft\/\" \/>\n<meta property=\"og:locale\" content=\"de_DE\" \/>\n<meta property=\"og:type\" content=\"article\" \/>\n<meta property=\"og:title\" content=\"SEF 2024: Gemeinsam in eine erfolgreiche Zukunft\" \/>\n<meta property=\"og:description\" content=\"Am 6. und 7. Juni 2024 findet in Interlaken die 26. Ausgabe des Swiss Economic Forum (SEF) mit dem Motto &quot;When the going gets tough&quot; statt.\" \/>\n<meta property=\"og:url\" content=\"https:\/\/www.organisator.ch\/de\/human-resources\/2024-01-22\/sef-2024-gemeinsam-in-eine-erfolgreiche-zukunft\/\" \/>\n<meta property=\"og:site_name\" content=\"Organisator\" \/>\n<meta property=\"article:publisher\" content=\"https:\/\/www.facebook.com\/OrganisatorFachmagazin\" \/>\n<meta property=\"article:published_time\" content=\"2024-01-22T07:26:27+00:00\" \/>\n<meta property=\"article:modified_time\" content=\"2024-01-22T08:29:52+00:00\" \/>\n<meta property=\"og:image\" content=\"https:\/\/www.organisator.ch\/wp-content\/uploads\/2024\/01\/SEF_Bild1_ps.jpg\" \/>\n\t<meta property=\"og:image:width\" content=\"680\" \/>\n\t<meta property=\"og:image:height\" content=\"453\" \/>\n\t<meta property=\"og:image:type\" content=\"image\/jpeg\" \/>\n<meta name=\"author\" content=\"Adelisa Kalajdzini\" \/>\n<meta name=\"twitter:card\" content=\"summary_large_image\" \/>\n<meta name=\"twitter:title\" content=\"SEF 2024: Gemeinsam in eine erfolgreiche Zukunft\" \/>\n<meta name=\"twitter:description\" content=\"Am 6. und 7. Juni 2024 findet in Interlaken die #26. Ausgabe des #Swiss Economic Forum #(SEF) mit dem Motto &quot;When the going gets tough&quot; statt.\" \/>\n<meta name=\"twitter:image\" content=\"https:\/\/www.organisator.ch\/wp-content\/uploads\/2024\/01\/SEF_Bild1_ps.jpg\" \/>\n<script type=\"application\/ld+json\" class=\"yoast-schema-graph\">{\"@context\":\"https:\\\/\\\/schema.org\",\"@graph\":[{\"@type\":\"Article\",\"@id\":\"https:\\\/\\\/www.organisator.ch\\\/human-resources\\\/2024-01-22\\\/sef-2024-gemeinsam-in-eine-erfolgreiche-zukunft\\\/#article\",\"isPartOf\":{\"@id\":\"https:\\\/\\\/www.organisator.ch\\\/human-resources\\\/2024-01-22\\\/sef-2024-gemeinsam-in-eine-erfolgreiche-zukunft\\\/\"},\"author\":{\"name\":\"Adelisa Kalajdzini\",\"@id\":\"https:\\\/\\\/www.organisator.ch\\\/#\\\/schema\\\/person\\\/2e1314a2172123f874db408d8911d3f3\"},\"headline\":\"SEF 2024: Gemeinsam in eine erfolgreiche Zukunft\",\"datePublished\":\"2024-01-22T07:26:27+00:00\",\"dateModified\":\"2024-01-22T08:29:52+00:00\",\"mainEntityOfPage\":{\"@id\":\"https:\\\/\\\/www.organisator.ch\\\/human-resources\\\/2024-01-22\\\/sef-2024-gemeinsam-in-eine-erfolgreiche-zukunft\\\/\"},\"wordCount\":268,\"publisher\":{\"@id\":\"https:\\\/\\\/www.organisator.ch\\\/#organization\"},\"image\":{\"@id\":\"https:\\\/\\\/www.organisator.ch\\\/human-resources\\\/2024-01-22\\\/sef-2024-gemeinsam-in-eine-erfolgreiche-zukunft\\\/#primaryimage\"},\"thumbnailUrl\":\"https:\\\/\\\/www.organisator.ch\\\/wp-content\\\/uploads\\\/2024\\\/01\\\/SEF_Bild1_ps.jpg\",\"keywords\":[\"Award\",\"Forum\",\"Schweiz\",\"Swiss Economic Forum\",\"Unternehmen\"],\"articleSection\":[\"HUMAN RESOURCES\"],\"inLanguage\":\"de\"},{\"@type\":\"WebPage\",\"@id\":\"https:\\\/\\\/www.organisator.ch\\\/human-resources\\\/2024-01-22\\\/sef-2024-gemeinsam-in-eine-erfolgreiche-zukunft\\\/\",\"url\":\"https:\\\/\\\/www.organisator.ch\\\/human-resources\\\/2024-01-22\\\/sef-2024-gemeinsam-in-eine-erfolgreiche-zukunft\\\/\",\"name\":\"SEF 2024: Gemeinsam in eine erfolgreiche Zukunft - Organisator\",\"isPartOf\":{\"@id\":\"https:\\\/\\\/www.organisator.ch\\\/#website\"},\"primaryImageOfPage\":{\"@id\":\"https:\\\/\\\/www.organisator.ch\\\/human-resources\\\/2024-01-22\\\/sef-2024-gemeinsam-in-eine-erfolgreiche-zukunft\\\/#primaryimage\"},\"image\":{\"@id\":\"https:\\\/\\\/www.organisator.ch\\\/human-resources\\\/2024-01-22\\\/sef-2024-gemeinsam-in-eine-erfolgreiche-zukunft\\\/#primaryimage\"},\"thumbnailUrl\":\"https:\\\/\\\/www.organisator.ch\\\/wp-content\\\/uploads\\\/2024\\\/01\\\/SEF_Bild1_ps.jpg\",\"datePublished\":\"2024-01-22T07:26:27+00:00\",\"dateModified\":\"2024-01-22T08:29:52+00:00\",\"description\":\"Am 6. und 7. Juni 2024 findet in Interlaken die 26. Ausgabe des Swiss Economic Forum (SEF) mit dem Motto \\\"When the going gets tough\\\" statt.\",\"breadcrumb\":{\"@id\":\"https:\\\/\\\/www.organisator.ch\\\/human-resources\\\/2024-01-22\\\/sef-2024-gemeinsam-in-eine-erfolgreiche-zukunft\\\/#breadcrumb\"},\"inLanguage\":\"de\",\"potentialAction\":[{\"@type\":\"ReadAction\",\"target\":[\"https:\\\/\\\/www.organisator.ch\\\/human-resources\\\/2024-01-22\\\/sef-2024-gemeinsam-in-eine-erfolgreiche-zukunft\\\/\"]}]},{\"@type\":\"ImageObject\",\"inLanguage\":\"de\",\"@id\":\"https:\\\/\\\/www.organisator.ch\\\/human-resources\\\/2024-01-22\\\/sef-2024-gemeinsam-in-eine-erfolgreiche-zukunft\\\/#primaryimage\",\"url\":\"https:\\\/\\\/www.organisator.ch\\\/wp-content\\\/uploads\\\/2024\\\/01\\\/SEF_Bild1_ps.jpg\",\"contentUrl\":\"https:\\\/\\\/www.organisator.ch\\\/wp-content\\\/uploads\\\/2024\\\/01\\\/SEF_Bild1_ps.jpg\",\"width\":680,\"height\":453,\"caption\":\"Der diesj\u00e4hrige Swiss Economic Forum (SEF) mit dem Motto \u00abWhen the going gets tough\u00bb findet am 6. Und 7. Juni in Interlaken statt. (Bild: www.swisseconomic.ch)\"},{\"@type\":\"BreadcrumbList\",\"@id\":\"https:\\\/\\\/www.organisator.ch\\\/human-resources\\\/2024-01-22\\\/sef-2024-gemeinsam-in-eine-erfolgreiche-zukunft\\\/#breadcrumb\",\"itemListElement\":[{\"@type\":\"ListItem\",\"position\":1,\"name\":\"Home\",\"item\":\"https:\\\/\\\/www.organisator.ch\\\/\"},{\"@type\":\"ListItem\",\"position\":2,\"name\":\"SEF 2024: Gemeinsam in eine erfolgreiche Zukunft\"}]},{\"@type\":\"WebSite\",\"@id\":\"https:\\\/\\\/www.organisator.ch\\\/#website\",\"url\":\"https:\\\/\\\/www.organisator.ch\\\/\",\"name\":\"Organisator\",\"description\":\"Kompetent. Praxisnah. Der ORGANISATOR bereitet in 10 Ausgaben pro Jahr die wesentlichen Themen f\u00fcr F\u00fchrungskr\u00e4fte von KMU auf.\",\"publisher\":{\"@id\":\"https:\\\/\\\/www.organisator.ch\\\/#organization\"},\"potentialAction\":[{\"@type\":\"SearchAction\",\"target\":{\"@type\":\"EntryPoint\",\"urlTemplate\":\"https:\\\/\\\/www.organisator.ch\\\/?s={search_term_string}\"},\"query-input\":{\"@type\":\"PropertyValueSpecification\",\"valueRequired\":true,\"valueName\":\"search_term_string\"}}],\"inLanguage\":\"de\"},{\"@type\":\"Organization\",\"@id\":\"https:\\\/\\\/www.organisator.ch\\\/#organization\",\"name\":\"Organisator\",\"url\":\"https:\\\/\\\/www.organisator.ch\\\/\",\"logo\":{\"@type\":\"ImageObject\",\"inLanguage\":\"de\",\"@id\":\"https:\\\/\\\/www.organisator.ch\\\/#\\\/schema\\\/logo\\\/image\\\/\",\"url\":\"https:\\\/\\\/www.organisator.ch\\\/wp-content\\\/uploads\\\/2022\\\/01\\\/Logo_Organisator_Website.png\",\"contentUrl\":\"https:\\\/\\\/www.organisator.ch\\\/wp-content\\\/uploads\\\/2022\\\/01\\\/Logo_Organisator_Website.png\",\"width\":800,\"height\":77,\"caption\":\"Organisator\"},\"image\":{\"@id\":\"https:\\\/\\\/www.organisator.ch\\\/#\\\/schema\\\/logo\\\/image\\\/\"},\"sameAs\":[\"https:\\\/\\\/www.facebook.com\\\/OrganisatorFachmagazin\",\"https:\\\/\\\/www.linkedin.com\\\/showcase\\\/organisator-das-magazin-fr-kmu\",\"https:\\\/\\\/www.xing.com\\\/news\\\/pages\\\/organisator-ch-695\",\"https:\\\/\\\/www.youtube.com\\\/channel\\\/UCGP2Sq0iWaZwT3BdIAQFYpw\"]},{\"@type\":\"Person\",\"@id\":\"https:\\\/\\\/www.organisator.ch\\\/#\\\/schema\\\/person\\\/2e1314a2172123f874db408d8911d3f3\",\"name\":\"Adelisa Kalajdzini\",\"image\":{\"@type\":\"ImageObject\",\"inLanguage\":\"de\",\"@id\":\"https:\\\/\\\/secure.gravatar.com\\\/avatar\\\/09a397c22ac58cad6f160ee8306348599df9df58a8ede73696226897b9fa4b24?s=96&d=mm&r=g\",\"url\":\"https:\\\/\\\/secure.gravatar.com\\\/avatar\\\/09a397c22ac58cad6f160ee8306348599df9df58a8ede73696226897b9fa4b24?s=96&d=mm&r=g\",\"contentUrl\":\"https:\\\/\\\/secure.gravatar.com\\\/avatar\\\/09a397c22ac58cad6f160ee8306348599df9df58a8ede73696226897b9fa4b24?s=96&d=mm&r=g\",\"caption\":\"Adelisa Kalajdzini\"},\"url\":\"https:\\\/\\\/www.organisator.ch\\\/de\\\/author\\\/adelisa-kalajdzini\\\/\"}]}<\/script>\n<!-- \/ Yoast SEO plugin. -->","yoast_head_json":{"title":"SEF 2024: Gemeinsam in eine erfolgreiche Zukunft - Organisator","description":"Am 6. und 7. Juni 2024 findet in Interlaken die 26. Ausgabe des Swiss Economic Forum (SEF) mit dem Motto \"When the going gets tough\" statt.","robots":{"index":"index","follow":"follow","max-snippet":"max-snippet:-1","max-image-preview":"max-image-preview:large","max-video-preview":"max-video-preview:-1"},"canonical":"https:\/\/www.organisator.ch\/de\/human-resources\/2024-01-22\/sef-2024-gemeinsam-in-eine-erfolgreiche-zukunft\/","og_locale":"de_DE","og_type":"article","og_title":"SEF 2024: Gemeinsam in eine erfolgreiche Zukunft","og_description":"Am 6. und 7. Juni 2024 findet in Interlaken die 26. Ausgabe des Swiss Economic Forum (SEF) mit dem Motto \"When the going gets tough\" statt.","og_url":"https:\/\/www.organisator.ch\/de\/human-resources\/2024-01-22\/sef-2024-gemeinsam-in-eine-erfolgreiche-zukunft\/","og_site_name":"Organisator","article_publisher":"https:\/\/www.facebook.com\/OrganisatorFachmagazin","article_published_time":"2024-01-22T07:26:27+00:00","article_modified_time":"2024-01-22T08:29:52+00:00","og_image":[{"width":680,"height":453,"url":"https:\/\/www.organisator.ch\/wp-content\/uploads\/2024\/01\/SEF_Bild1_ps.jpg","type":"image\/jpeg"}],"author":"Adelisa Kalajdzini","twitter_card":"summary_large_image","twitter_title":"SEF 2024: Gemeinsam in eine erfolgreiche Zukunft","twitter_description":"Am 6. und 7. Juni 2024 findet in Interlaken die #26. Ausgabe des #Swiss Economic Forum #(SEF) mit dem Motto \"When the going gets tough\" statt.","twitter_image":"https:\/\/www.organisator.ch\/wp-content\/uploads\/2024\/01\/SEF_Bild1_ps.jpg","schema":{"@context":"https:\/\/schema.org","@graph":[{"@type":"Article","@id":"https:\/\/www.organisator.ch\/human-resources\/2024-01-22\/sef-2024-gemeinsam-in-eine-erfolgreiche-zukunft\/#article","isPartOf":{"@id":"https:\/\/www.organisator.ch\/human-resources\/2024-01-22\/sef-2024-gemeinsam-in-eine-erfolgreiche-zukunft\/"},"author":{"name":"Adelisa Kalajdzini","@id":"https:\/\/www.organisator.ch\/#\/schema\/person\/2e1314a2172123f874db408d8911d3f3"},"headline":"SEF 2024: Gemeinsam in eine erfolgreiche Zukunft","datePublished":"2024-01-22T07:26:27+00:00","dateModified":"2024-01-22T08:29:52+00:00","mainEntityOfPage":{"@id":"https:\/\/www.organisator.ch\/human-resources\/2024-01-22\/sef-2024-gemeinsam-in-eine-erfolgreiche-zukunft\/"},"wordCount":268,"publisher":{"@id":"https:\/\/www.organisator.ch\/#organization"},"image":{"@id":"https:\/\/www.organisator.ch\/human-resources\/2024-01-22\/sef-2024-gemeinsam-in-eine-erfolgreiche-zukunft\/#primaryimage"},"thumbnailUrl":"https:\/\/www.organisator.ch\/wp-content\/uploads\/2024\/01\/SEF_Bild1_ps.jpg","keywords":["Award","Forum","Schweiz","Swiss Economic Forum","Unternehmen"],"articleSection":["HUMAN RESOURCES"],"inLanguage":"de"},{"@type":"WebPage","@id":"https:\/\/www.organisator.ch\/human-resources\/2024-01-22\/sef-2024-gemeinsam-in-eine-erfolgreiche-zukunft\/","url":"https:\/\/www.organisator.ch\/human-resources\/2024-01-22\/sef-2024-gemeinsam-in-eine-erfolgreiche-zukunft\/","name":"SEF 2024: Gemeinsam in eine erfolgreiche Zukunft - Organisator","isPartOf":{"@id":"https:\/\/www.organisator.ch\/#website"},"primaryImageOfPage":{"@id":"https:\/\/www.organisator.ch\/human-resources\/2024-01-22\/sef-2024-gemeinsam-in-eine-erfolgreiche-zukunft\/#primaryimage"},"image":{"@id":"https:\/\/www.organisator.ch\/human-resources\/2024-01-22\/sef-2024-gemeinsam-in-eine-erfolgreiche-zukunft\/#primaryimage"},"thumbnailUrl":"https:\/\/www.organisator.ch\/wp-content\/uploads\/2024\/01\/SEF_Bild1_ps.jpg","datePublished":"2024-01-22T07:26:27+00:00","dateModified":"2024-01-22T08:29:52+00:00","description":"Am 6. und 7. Juni 2024 findet in Interlaken die 26. Ausgabe des Swiss Economic Forum (SEF) mit dem Motto \"When the going gets tough\" statt.","breadcrumb":{"@id":"https:\/\/www.organisator.ch\/human-resources\/2024-01-22\/sef-2024-gemeinsam-in-eine-erfolgreiche-zukunft\/#breadcrumb"},"inLanguage":"de","potentialAction":[{"@type":"ReadAction","target":["https:\/\/www.organisator.ch\/human-resources\/2024-01-22\/sef-2024-gemeinsam-in-eine-erfolgreiche-zukunft\/"]}]},{"@type":"ImageObject","inLanguage":"de","@id":"https:\/\/www.organisator.ch\/human-resources\/2024-01-22\/sef-2024-gemeinsam-in-eine-erfolgreiche-zukunft\/#primaryimage","url":"https:\/\/www.organisator.ch\/wp-content\/uploads\/2024\/01\/SEF_Bild1_ps.jpg","contentUrl":"https:\/\/www.organisator.ch\/wp-content\/uploads\/2024\/01\/SEF_Bild1_ps.jpg","width":680,"height":453,"caption":"Der diesj\u00e4hrige Swiss Economic Forum (SEF) mit dem Motto \u00abWhen the going gets tough\u00bb findet am 6. Und 7. Juni in Interlaken statt. (Bild: www.swisseconomic.ch)"},{"@type":"BreadcrumbList","@id":"https:\/\/www.organisator.ch\/human-resources\/2024-01-22\/sef-2024-gemeinsam-in-eine-erfolgreiche-zukunft\/#breadcrumb","itemListElement":[{"@type":"ListItem","position":1,"name":"Home","item":"https:\/\/www.organisator.ch\/"},{"@type":"ListItem","position":2,"name":"SEF 2024: Gemeinsam in eine erfolgreiche Zukunft"}]},{"@type":"WebSite","@id":"https:\/\/www.organisator.ch\/#website","url":"https:\/\/www.organisator.ch\/","name":"Organisator","description":"Kompetent. Praxisnah. Der ORGANISATOR bereitet in 10 Ausgaben pro Jahr die wesentlichen Themen f\u00fcr F\u00fchrungskr\u00e4fte von KMU auf.","publisher":{"@id":"https:\/\/www.organisator.ch\/#organization"},"potentialAction":[{"@type":"SearchAction","target":{"@type":"EntryPoint","urlTemplate":"https:\/\/www.organisator.ch\/?s={search_term_string}"},"query-input":{"@type":"PropertyValueSpecification","valueRequired":true,"valueName":"search_term_string"}}],"inLanguage":"de"},{"@type":"Organization","@id":"https:\/\/www.organisator.ch\/#organization","name":"Organisator","url":"https:\/\/www.organisator.ch\/","logo":{"@type":"ImageObject","inLanguage":"de","@id":"https:\/\/www.organisator.ch\/#\/schema\/logo\/image\/","url":"https:\/\/www.organisator.ch\/wp-content\/uploads\/2022\/01\/Logo_Organisator_Website.png","contentUrl":"https:\/\/www.organisator.ch\/wp-content\/uploads\/2022\/01\/Logo_Organisator_Website.png","width":800,"height":77,"caption":"Organisator"},"image":{"@id":"https:\/\/www.organisator.ch\/#\/schema\/logo\/image\/"},"sameAs":["https:\/\/www.facebook.com\/OrganisatorFachmagazin","https:\/\/www.linkedin.com\/showcase\/organisator-das-magazin-fr-kmu","https:\/\/www.xing.com\/news\/pages\/organisator-ch-695","https:\/\/www.youtube.com\/channel\/UCGP2Sq0iWaZwT3BdIAQFYpw"]},{"@type":"Person","@id":"https:\/\/www.organisator.ch\/#\/schema\/person\/2e1314a2172123f874db408d8911d3f3","name":"Adelisa Kalajdzini","image":{"@type":"ImageObject","inLanguage":"de","@id":"https:\/\/secure.gravatar.com\/avatar\/09a397c22ac58cad6f160ee8306348599df9df58a8ede73696226897b9fa4b24?s=96&d=mm&r=g","url":"https:\/\/secure.gravatar.com\/avatar\/09a397c22ac58cad6f160ee8306348599df9df58a8ede73696226897b9fa4b24?s=96&d=mm&r=g","contentUrl":"https:\/\/secure.gravatar.com\/avatar\/09a397c22ac58cad6f160ee8306348599df9df58a8ede73696226897b9fa4b24?s=96&d=mm&r=g","caption":"Adelisa Kalajdzini"},"url":"https:\/\/www.organisator.ch\/de\/author\/adelisa-kalajdzini\/"}]}},"_links":{"self":[{"href":"https:\/\/www.organisator.ch\/de\/wp-json\/wp\/v2\/posts\/24451","targetHints":{"allow":["GET"]}}],"collection":[{"href":"https:\/\/www.organisator.ch\/de\/wp-json\/wp\/v2\/posts"}],"about":[{"href":"https:\/\/www.organisator.ch\/de\/wp-json\/wp\/v2\/types\/post"}],"author":[{"embeddable":true,"href":"https:\/\/www.organisator.ch\/de\/wp-json\/wp\/v2\/users\/58"}],"replies":[{"embeddable":true,"href":"https:\/\/www.organisator.ch\/de\/wp-json\/wp\/v2\/comments?post=24451"}],"version-history":[{"count":5,"href":"https:\/\/www.organisator.ch\/de\/wp-json\/wp\/v2\/posts\/24451\/revisions"}],"predecessor-version":[{"id":24482,"href":"https:\/\/www.organisator.ch\/de\/wp-json\/wp\/v2\/posts\/24451\/revisions\/24482"}],"wp:featuredmedia":[{"embeddable":true,"href":"https:\/\/www.organisator.ch\/de\/wp-json\/wp\/v2\/media\/24453"}],"wp:attachment":[{"href":"https:\/\/www.organisator.ch\/de\/wp-json\/wp\/v2\/media?parent=24451"}],"wp:term":[{"taxonomy":"category","embeddable":true,"href":"https:\/\/www.organisator.ch\/de\/wp-json\/wp\/v2\/categories?post=24451"},{"taxonomy":"post_tag","embeddable":true,"href":"https:\/\/www.organisator.ch\/de\/wp-json\/wp\/v2\/tags?post=24451"}],"curies":[{"name":"wp","href":"https:\/\/api.w.org\/{rel}","templated":true}]}}