{"id":24455,"date":"2024-01-19T18:21:44","date_gmt":"2024-01-19T17:21:44","guid":{"rendered":"https:\/\/www.organisator.ch\/?p=24455"},"modified":"2024-02-01T09:14:42","modified_gmt":"2024-02-01T08:14:42","slug":"die-furrerfrey-ag-ist-preistraegerin-des-phoenix-award-2023","status":"publish","type":"post","link":"https:\/\/www.organisator.ch\/de\/management\/2024-01-19\/die-furrerfrey-ag-ist-preistraegerin-des-phoenix-award-2023\/","title":{"rendered":"Die Furrer+Frey AG ist Preistr\u00e4gerin des Phoenix Award 2023"},"content":{"rendered":"<figure id=\"attachment_24456\" aria-describedby=\"caption-attachment-24456\" style=\"width: 680px\" class=\"wp-caption alignnone\"><img loading=\"lazy\" decoding=\"async\" class=\"size-full wp-image-24456\" src=\"https:\/\/www.organisator.ch\/wp-content\/uploads\/2024\/01\/Die-FurrerFrey-AG-ist-Preistraegerin-des-Phoenix-Award-2023_Organisator.jpg\" alt=\"\" width=\"680\" height=\"482\" srcset=\"https:\/\/www.organisator.ch\/wp-content\/uploads\/2024\/01\/Die-FurrerFrey-AG-ist-Preistraegerin-des-Phoenix-Award-2023_Organisator.jpg 680w, https:\/\/www.organisator.ch\/wp-content\/uploads\/2024\/01\/Die-FurrerFrey-AG-ist-Preistraegerin-des-Phoenix-Award-2023_Organisator-18x12.jpg 18w, https:\/\/www.organisator.ch\/wp-content\/uploads\/2024\/01\/Die-FurrerFrey-AG-ist-Preistraegerin-des-Phoenix-Award-2023_Organisator-375x266.jpg 375w, https:\/\/www.organisator.ch\/wp-content\/uploads\/2024\/01\/Die-FurrerFrey-AG-ist-Preistraegerin-des-Phoenix-Award-2023_Organisator-494x350.jpg 494w\" sizes=\"auto, (max-width: 680px) 100vw, 680px\" \/><figcaption id=\"caption-attachment-24456\" class=\"wp-caption-text\">Zwei Generationen des Familienunternehmens Furrer+Frey AG nahmen den Phoenix Award 2023 f\u00fcr langfristiges Schweizer Unternehmertum entgegen. V.l.n.r.: Martin Godel, stellvertretender Direktionsleiter der Standortf\u00f6rderung und Leiter KMU-Politik beim SECO, Carla Kaufmann, Vizepr\u00e4sidentin Schweizer Dachverband f\u00fcr Unternehmensnachfolge \u2013 CHDU, Rico Furrer, CEO Furrer+Frey AG, Beat Furrer, Gesch\u00e4ftsleitungsmitglied Furrer+Frey AG, Laudator und Mitglied Jury-Beirat Armin Baumann, CEO KMU SWISS AG, und Nationalrat Dominik Blunschy. (Foto: Schweizer Dachverband f\u00fcr Unternehmensnachfolge \u2013 CHDU)<\/figcaption><\/figure>\n<p>Der zum vierten Mal verliehene Phoenix Award f\u00fcr langfristiges Unternehmertum geht erneut an ein Berner Unternehmen: Nach der <a href=\"https:\/\/www.organisator.ch\/de\/management\/2023-01-13\/die-blaser-cafe-ag-mit-dem-phoenix-award-2022-ausgezeichnet\/\">Blaser Caf\u00e9 AG 2022<\/a> wurde die Furrer+Frey AG am 19. Januar 2024 geehrt. Beat Furrer, Mitglied der Gesch\u00e4ftsleitung und Vertreter der dritten Generation des Familienunternehmens, und sein Sohn Rico Furrer, CEO nahmen den Preis pers\u00f6nlich entgegen. Die Auszeichnung bildet einen gelungenen Abschluss des Jubil\u00e4umsjahres 2023, in dem das Unternehmen sein 100-j\u00e4hriges Bestehen feierte. Die Preistr\u00e4gerurkunde \u00fcberreichte Carla Kaufmann, Vizepr\u00e4sidentin des CHDU, gemeinsam mit Laudator Armin Baumann, Mitglied des Phoenix Award Jury-Beirats und CEO der KMU SWISS AG. Er w\u00fcrdigte das Unternehmen in seiner Laudatio unter anderem mit diesen Worten: \u00abIch w\u00fcnschte mir, dass es vermehrt Firmen gibt wie die Furrer+Frey AG. \u00dcber 100 Jahre als Unternehmen erfolgreich zu agieren ist ph\u00e4nomenal, ber\u00fccksichtigt man, dass heute von f\u00fcnf Neugr\u00fcndungen nur eine Firma das f\u00fcnfte Jahr \u00fcberlebt.\u00bb<\/p>\n<p>Seine pers\u00f6nlichen Gl\u00fcckw\u00fcnsche anl\u00e4sslich der Auszeichnung \u00fcberbrachte dar\u00fcber hinaus Nationalrat Dominik Blunschy. \u00abMit der erfolgreichen Unternehmensnachfolge bis in die vierte Generation hat die Furrer+Frey AG einen nachhaltigen Beitrag zum Innovations- und Wirtschaftsstandort Schweiz geleistet. Das Unternehmen steht sinnbildlich f\u00fcr unsere KMUs, die das Herz und der Motor der Schweizer Wirtschaft sind\u00bb, res\u00fcmierte er. Auch Martin Godel, stellvertretender Direktionsleiter der Standortf\u00f6rderung und Leiter KMU-Politik beim SECO, gratulierte den Preistr\u00e4gern am Berner Firmenhauptsitz.<\/p>\n<h3>Erfolgreiche Firmennachfolgen ins Rampenlicht r\u00fccken<\/h3>\n<p>Der <a href=\"https:\/\/impulswerk.us10.list-manage.com\/track\/click?u=c6a56467d013139377a7ad4e3&amp;id=a4ccb03f79&amp;e=dec83a6326\">Phoenix Award<\/a> f\u00fcr langfristiges Schweizer Unternehmertum wird seit 2020 j\u00e4hrlich vergeben. Die Auszeichnung ehrt Schweizer KMU, die ihre Nachfolgeregelung seit mindestens einem Jahrhundert meistern. Sie erhalten damit die Sichtbarkeit und die B\u00fchne, die sie verdienen. KMU, die \u00fcber so lange Zeit f\u00fcr ihre Nachfolge erfolgreich gesorgt haben, mussten in der Regel bereits mehrere Krisen wie Weltkriege und Wirtschaftskrisen \u00fcberwinden und sich wie der \u00abPhoenix aus der Asche\u00bb neu erheben. Auch Furrer+Frey erlebte dies, etwa beim zu fr\u00fchen Tod von Firmengr\u00fcnder Emil Furrer oder beim Ausscheiden der zweiten Gr\u00fcnderfamilie. Trotz allem erwies sich das Unternehmen immer wieder als resilient.<\/p>\n<p>Im Fokus als potenzielle Preistr\u00e4ger stehen jeweils Schweizer KMU, die im jeweiligen Jahr 100 Jahre alt werden oder 100 Jahre im Schweizer Handelsregister eingetragen sind. Aus diesen Unternehmen ermitteln eine Fach-Jury und ein Jury-Beirat mit Vertreter\/-innen aus Wissenschaft, Unternehmertum und Medien in einem mehrstufigen Verfahren den Preistr\u00e4ger des Phoenix Award. Im Fokus der Bewertung stehen dabei die Innovations- und Disruptionsf\u00e4higkeit, die Teamleistung sowie der gesellschaftliche und volkswirtschaftliche Beitrag der Unternehmen. In diesem Sinne erwies sich Furrer+Frey als w\u00fcrdiger Kandidat f\u00fcr den diesj\u00e4hrigen Phoenix Award.<\/p>\n<h3><strong>Mit Mut, Fachkompetenz und Innovationskraft die Jury \u00fcberzeugt<\/strong><\/h3>\n<p>Vom Zwei-Mann Ingenieurb\u00fcro, gegr\u00fcndet in Bern von den Ingenieuren Emil Furrer und Arnold Frey im Jahr 1923, zu einer der international f\u00fchrenden Anbieterinnen von Fahrleitungssystemen f\u00fcr den \u00f6ffentlichen Verkehr. Das Fundament f\u00fcr diese Erfolgsgeschichte bilden unternehmerischer Mut, Fachkompetenz und eine starke Mission: Die Bahnen bei der Elektrifikation unterst\u00fctzen und Freileitungsarbeiten ausf\u00fchren. Damit gewannen die beiden Firmengr\u00fcnder vor 100 Jahren ihren ersten Auftrag von der SBB, die noch heute Kundin der Furrer+Frey AG ist. Ebenso \u00fcberzeugten diese F\u00e4higkeiten, die sich seitdem wie ein roter Faden durch die Entwicklung des Unternehmens ziehen, Jury und Jury-Beirat des Phoenix Award. Sie fassen die Preisw\u00fcrdigkeit des Unternehmens unter anderem in diesen Punkten zusammen:<\/p>\n<ul>\n<li>Die konsequente Ausrichtung auf die Kernkompetenz Fahrleitungsbau und Elektrifizierung der \u00f6ffentlichen Mobilit\u00e4t.<\/li>\n<li>Die Innovationskraft, die sich in verschiedenen Entwicklungen und Projekten manifestiert und Basis f\u00fcr die internationale Expansion legte, beispielsweise:\n<ul>\n<li>1984 die Entwicklung des Deckenstromschienensystems, dessen erstmalige Befahrung mit 302 km\/h im Jahr 2014 einen Weltrekord erzielte.<\/li>\n<li>Selbst entwickelte Fahrleitungssysteme, die seit 2003 Schweizer Standard bei den Privatbahnen sind.<\/li>\n<li>Projekte wie der Zimmerberg- und der Ceneri-Basistunnel, das Tram Bern West, die Limmattalbahn und diverse weitere Grossprojekte.<\/li>\n<\/ul>\n<\/li>\n<li>Die Nachfolgef\u00e4higkeit mit der F\u00fchrung des Familienunternehmens in der vierten Generation.<\/li>\n<li>Das nachhaltige Gesch\u00e4ftsmodell der Firma, womit es fortlaufend einen Beitrag zur Dekarbonisierung des \u00f6ffentlichen Verkehrs leistet.<\/li>\n<li>Die Finanzierung des Wachstums aus weitgehend eigenen Mitteln, um sich die unternehmerische Unabh\u00e4ngigkeit zu bewahren.<\/li>\n<li>Der Teamgeist und das grosse Engagement f\u00fcr die Mitarbeitenden durch Wertsch\u00e4tzung und Weitergabe des Know-hows.<\/li>\n<\/ul>\n<h3><strong>Mit etwas Gl\u00fcck und den richtigen Mitarbeitenden<\/strong><\/h3>\n<p>Seit 1991 ist die Furrer+Frey AG international t\u00e4tig und gr\u00fcndete zwischenzeitlich Tochtergesellschaften in Italien, Grossbritannien, China, Deutschland und Indien mit insgesamt 340 Mitarbeitenden. Dass deren Engagement zu den entscheidenden Erfolgsfaktoren geh\u00f6rt, ist im Bewusstsein der Furrer-Generationen bis heute fest verankert. Das spiegelt sich auch in der Danksagung von Beat und Rico Furrer: \u00abWir freuen uns sehr \u00fcber den Phoenix Award und sehen ihn sowohl als W\u00fcrdigung unseres erfolgreichen unternehmerischen Handelns wie auch als grosse Wertsch\u00e4tzung f\u00fcr unsere Mitarbeitenden. Denn es sind sie, denen wir es, nebst eigenem Fleiss, Bescheidenheit, Gewissenhaftigkeit und einer Prise Gl\u00fcck, zu verdanken haben, dass es unsere Firma heute noch gibt. Zudem st\u00e4rkt dieser Award die Bedeutung der Unternehmensnachfolge f\u00fcr die Vielfalt unserer Schweizer KMU-Landschaft und den Werkplatz Schweiz, was wir sehr begr\u00fcssen.\u00bb<\/p>\n<p><em>Quelle: <a href=\"https:\/\/www.chdu.ch\/\">Schweizer Dachverband f\u00fcr Unternehmensnachfolge CHDU<\/a>. <a href=\"https:\/\/www.furrerfrey.ch\/de\/furrerfrey\/wir.html\">Weitere Informationen zum Preistr\u00e4ger<\/a><\/em><\/p>\n","protected":false},"excerpt":{"rendered":"<p>Ausgezeichnet f\u00fcr langfristiges Schweizer Unternehmertum: 100 Jahre Erfolgsgeschichte im Fahrleitungsbau verdienen eine entsprechende W\u00fcrdigung. Am 19. Januar 2024 erhielt die Furrer+Frey AG den Phoenix Award 2023 f\u00fcr langfristiges Schweizer Unternehmertum, verliehen vom Schweizer Dachverband f\u00fcr Unternehmensnachfolge \u2013 CHDU. <\/p>\n","protected":false},"author":4,"featured_media":24456,"comment_status":"closed","ping_status":"closed","sticky":false,"template":"","format":"standard","meta":{"_acf_changed":false,"_yoast_wpseo_focuskw":"Furrer+Frey","_yoast_wpseo_metadesc":"Am 19. Januar 2024 erhielt die Furrer+Frey AG den Phoenix Award 2023 f\u00fcr langfristiges Schweizer Unternehmertum.","articlekey":"","footnotes":""},"categories":[28],"tags":[66,207,335,492],"class_list":["post-24455","post","type-post","status-publish","format-standard","has-post-thumbnail","hentry","category-management","tag-awards","tag-firmennachfolge","tag-management-und-unternehmensfuehrung","tag-unternehmen"],"acf":[],"yoast_head":"<!-- This site is optimized with the Yoast SEO plugin v27.5 - https:\/\/yoast.com\/product\/yoast-seo-wordpress\/ -->\n<title>Die Furrer+Frey AG ist Preistr\u00e4gerin des Phoenix Award 2023 - Organisator<\/title>\n<meta name=\"description\" content=\"Am 19. Januar 2024 erhielt die Furrer+Frey AG den Phoenix Award 2023 f\u00fcr langfristiges Schweizer Unternehmertum.\" \/>\n<meta name=\"robots\" content=\"index, follow, max-snippet:-1, max-image-preview:large, max-video-preview:-1\" \/>\n<link rel=\"canonical\" href=\"https:\/\/www.organisator.ch\/de\/management\/2024-01-19\/die-furrerfrey-ag-ist-preistraegerin-des-phoenix-award-2023\/\" \/>\n<meta property=\"og:locale\" content=\"de_DE\" \/>\n<meta property=\"og:type\" content=\"article\" \/>\n<meta property=\"og:title\" content=\"Die Furrer+Frey AG ist Preistr\u00e4gerin des Phoenix Award 2023\" \/>\n<meta property=\"og:description\" content=\"Am 19. Januar 2024 erhielt die Furrer+Frey AG den Phoenix Award 2023 f\u00fcr langfristiges Schweizer Unternehmertum.\" \/>\n<meta property=\"og:url\" content=\"https:\/\/www.organisator.ch\/de\/management\/2024-01-19\/die-furrerfrey-ag-ist-preistraegerin-des-phoenix-award-2023\/\" \/>\n<meta property=\"og:site_name\" content=\"Organisator\" \/>\n<meta property=\"article:publisher\" content=\"https:\/\/www.facebook.com\/OrganisatorFachmagazin\" \/>\n<meta property=\"article:published_time\" content=\"2024-01-19T17:21:44+00:00\" \/>\n<meta property=\"article:modified_time\" content=\"2024-02-01T08:14:42+00:00\" \/>\n<meta property=\"og:image\" content=\"https:\/\/www.organisator.ch\/wp-content\/uploads\/2024\/01\/Die-FurrerFrey-AG-ist-Preistraegerin-des-Phoenix-Award-2023_Organisator.jpg\" \/>\n\t<meta property=\"og:image:width\" content=\"680\" \/>\n\t<meta property=\"og:image:height\" content=\"482\" \/>\n\t<meta property=\"og:image:type\" content=\"image\/jpeg\" \/>\n<meta name=\"author\" content=\"thomas.berner\" \/>\n<meta name=\"twitter:card\" content=\"summary_large_image\" \/>\n<meta name=\"twitter:title\" content=\"Die #Furrer+Frey AG ist Preistr\u00e4gerin des Phoenix Award 2023\" \/>\n<meta name=\"twitter:description\" content=\"Am 19. Januar 2024 erhielt die #Furrer+Frey AG den #Phoenix Award 2023 f\u00fcr langfristiges Schweizer Unternehmertum.\" \/>\n<meta name=\"twitter:image\" content=\"https:\/\/www.organisator.ch\/wp-content\/uploads\/2024\/01\/Die-FurrerFrey-AG-ist-Preistraegerin-des-Phoenix-Award-2023_Organisator.jpg\" \/>\n<script type=\"application\/ld+json\" class=\"yoast-schema-graph\">{\"@context\":\"https:\\\/\\\/schema.org\",\"@graph\":[{\"@type\":\"Article\",\"@id\":\"https:\\\/\\\/www.organisator.ch\\\/management\\\/2024-01-19\\\/die-furrerfrey-ag-ist-preistraegerin-des-phoenix-award-2023\\\/#article\",\"isPartOf\":{\"@id\":\"https:\\\/\\\/www.organisator.ch\\\/management\\\/2024-01-19\\\/die-furrerfrey-ag-ist-preistraegerin-des-phoenix-award-2023\\\/\"},\"author\":{\"name\":\"thomas.berner\",\"@id\":\"https:\\\/\\\/www.organisator.ch\\\/#\\\/schema\\\/person\\\/6f650f90b2842cd4c0cc334b4e36f67e\"},\"headline\":\"Die Furrer+Frey AG ist Preistr\u00e4gerin des Phoenix Award 2023\",\"datePublished\":\"2024-01-19T17:21:44+00:00\",\"dateModified\":\"2024-02-01T08:14:42+00:00\",\"mainEntityOfPage\":{\"@id\":\"https:\\\/\\\/www.organisator.ch\\\/management\\\/2024-01-19\\\/die-furrerfrey-ag-ist-preistraegerin-des-phoenix-award-2023\\\/\"},\"wordCount\":949,\"publisher\":{\"@id\":\"https:\\\/\\\/www.organisator.ch\\\/#organization\"},\"image\":{\"@id\":\"https:\\\/\\\/www.organisator.ch\\\/management\\\/2024-01-19\\\/die-furrerfrey-ag-ist-preistraegerin-des-phoenix-award-2023\\\/#primaryimage\"},\"thumbnailUrl\":\"https:\\\/\\\/www.organisator.ch\\\/wp-content\\\/uploads\\\/2024\\\/01\\\/Die-FurrerFrey-AG-ist-Preistraegerin-des-Phoenix-Award-2023_Organisator.jpg\",\"keywords\":[\"Awards\",\"Firmennachfolge\",\"Management und Unternehmensf\u00fchrung\",\"Unternehmen\"],\"articleSection\":[\"MANAGEMENT\"],\"inLanguage\":\"de\"},{\"@type\":\"WebPage\",\"@id\":\"https:\\\/\\\/www.organisator.ch\\\/management\\\/2024-01-19\\\/die-furrerfrey-ag-ist-preistraegerin-des-phoenix-award-2023\\\/\",\"url\":\"https:\\\/\\\/www.organisator.ch\\\/management\\\/2024-01-19\\\/die-furrerfrey-ag-ist-preistraegerin-des-phoenix-award-2023\\\/\",\"name\":\"Die Furrer+Frey AG ist Preistr\u00e4gerin des Phoenix Award 2023 - Organisator\",\"isPartOf\":{\"@id\":\"https:\\\/\\\/www.organisator.ch\\\/#website\"},\"primaryImageOfPage\":{\"@id\":\"https:\\\/\\\/www.organisator.ch\\\/management\\\/2024-01-19\\\/die-furrerfrey-ag-ist-preistraegerin-des-phoenix-award-2023\\\/#primaryimage\"},\"image\":{\"@id\":\"https:\\\/\\\/www.organisator.ch\\\/management\\\/2024-01-19\\\/die-furrerfrey-ag-ist-preistraegerin-des-phoenix-award-2023\\\/#primaryimage\"},\"thumbnailUrl\":\"https:\\\/\\\/www.organisator.ch\\\/wp-content\\\/uploads\\\/2024\\\/01\\\/Die-FurrerFrey-AG-ist-Preistraegerin-des-Phoenix-Award-2023_Organisator.jpg\",\"datePublished\":\"2024-01-19T17:21:44+00:00\",\"dateModified\":\"2024-02-01T08:14:42+00:00\",\"description\":\"Am 19. Januar 2024 erhielt die Furrer+Frey AG den Phoenix Award 2023 f\u00fcr langfristiges Schweizer Unternehmertum.\",\"breadcrumb\":{\"@id\":\"https:\\\/\\\/www.organisator.ch\\\/management\\\/2024-01-19\\\/die-furrerfrey-ag-ist-preistraegerin-des-phoenix-award-2023\\\/#breadcrumb\"},\"inLanguage\":\"de\",\"potentialAction\":[{\"@type\":\"ReadAction\",\"target\":[\"https:\\\/\\\/www.organisator.ch\\\/management\\\/2024-01-19\\\/die-furrerfrey-ag-ist-preistraegerin-des-phoenix-award-2023\\\/\"]}]},{\"@type\":\"ImageObject\",\"inLanguage\":\"de\",\"@id\":\"https:\\\/\\\/www.organisator.ch\\\/management\\\/2024-01-19\\\/die-furrerfrey-ag-ist-preistraegerin-des-phoenix-award-2023\\\/#primaryimage\",\"url\":\"https:\\\/\\\/www.organisator.ch\\\/wp-content\\\/uploads\\\/2024\\\/01\\\/Die-FurrerFrey-AG-ist-Preistraegerin-des-Phoenix-Award-2023_Organisator.jpg\",\"contentUrl\":\"https:\\\/\\\/www.organisator.ch\\\/wp-content\\\/uploads\\\/2024\\\/01\\\/Die-FurrerFrey-AG-ist-Preistraegerin-des-Phoenix-Award-2023_Organisator.jpg\",\"width\":680,\"height\":482,\"caption\":\"Zwei Generationen des Familienunternehmens Furrer+Frey AG nahmen den Phoenix Award 2023 f\u00fcr langfristiges Schweizer Unternehmertum entgegen. vlnr.: Martin Godel, stellvertretender Direktionsleiter der Standortf\u00f6rderung und Leiter KMU-Politik beim SECO, Carla Kaufmann, Vizepr\u00e4sidentin Schweizer Dachverband f\u00fcr Unternehmensnachfolge \u2013 CHDU, Rico Furrer, CEO Furrer+Frey AG, Beat Furrer, Gesch\u00e4ftsleitungsmitglied Furrer+Frey AG, Laudator und Mitglied Jury-Beirat Armin Baumann, CEO KMU SWISS AG, und Nationalrat Dominik Blunschy. (Foto: Schweizer Dachverband f\u00fcr Unternehmensnachfolge \u2013 CHDU)\"},{\"@type\":\"BreadcrumbList\",\"@id\":\"https:\\\/\\\/www.organisator.ch\\\/management\\\/2024-01-19\\\/die-furrerfrey-ag-ist-preistraegerin-des-phoenix-award-2023\\\/#breadcrumb\",\"itemListElement\":[{\"@type\":\"ListItem\",\"position\":1,\"name\":\"Home\",\"item\":\"https:\\\/\\\/www.organisator.ch\\\/\"},{\"@type\":\"ListItem\",\"position\":2,\"name\":\"Die Furrer+Frey AG ist Preistr\u00e4gerin des Phoenix Award 2023\"}]},{\"@type\":\"WebSite\",\"@id\":\"https:\\\/\\\/www.organisator.ch\\\/#website\",\"url\":\"https:\\\/\\\/www.organisator.ch\\\/\",\"name\":\"Organisator\",\"description\":\"Kompetent. Praxisnah. Der ORGANISATOR bereitet in 10 Ausgaben pro Jahr die wesentlichen Themen f\u00fcr F\u00fchrungskr\u00e4fte von KMU auf.\",\"publisher\":{\"@id\":\"https:\\\/\\\/www.organisator.ch\\\/#organization\"},\"potentialAction\":[{\"@type\":\"SearchAction\",\"target\":{\"@type\":\"EntryPoint\",\"urlTemplate\":\"https:\\\/\\\/www.organisator.ch\\\/?s={search_term_string}\"},\"query-input\":{\"@type\":\"PropertyValueSpecification\",\"valueRequired\":true,\"valueName\":\"search_term_string\"}}],\"inLanguage\":\"de\"},{\"@type\":\"Organization\",\"@id\":\"https:\\\/\\\/www.organisator.ch\\\/#organization\",\"name\":\"Organisator\",\"url\":\"https:\\\/\\\/www.organisator.ch\\\/\",\"logo\":{\"@type\":\"ImageObject\",\"inLanguage\":\"de\",\"@id\":\"https:\\\/\\\/www.organisator.ch\\\/#\\\/schema\\\/logo\\\/image\\\/\",\"url\":\"https:\\\/\\\/www.organisator.ch\\\/wp-content\\\/uploads\\\/2022\\\/01\\\/Logo_Organisator_Website.png\",\"contentUrl\":\"https:\\\/\\\/www.organisator.ch\\\/wp-content\\\/uploads\\\/2022\\\/01\\\/Logo_Organisator_Website.png\",\"width\":800,\"height\":77,\"caption\":\"Organisator\"},\"image\":{\"@id\":\"https:\\\/\\\/www.organisator.ch\\\/#\\\/schema\\\/logo\\\/image\\\/\"},\"sameAs\":[\"https:\\\/\\\/www.facebook.com\\\/OrganisatorFachmagazin\",\"https:\\\/\\\/www.linkedin.com\\\/showcase\\\/organisator-das-magazin-fr-kmu\",\"https:\\\/\\\/www.xing.com\\\/news\\\/pages\\\/organisator-ch-695\",\"https:\\\/\\\/www.youtube.com\\\/channel\\\/UCGP2Sq0iWaZwT3BdIAQFYpw\"]},{\"@type\":\"Person\",\"@id\":\"https:\\\/\\\/www.organisator.ch\\\/#\\\/schema\\\/person\\\/6f650f90b2842cd4c0cc334b4e36f67e\",\"name\":\"thomas.berner\",\"image\":{\"@type\":\"ImageObject\",\"inLanguage\":\"de\",\"@id\":\"https:\\\/\\\/secure.gravatar.com\\\/avatar\\\/ac5001d2a36cb6c6cd3e50789007ffca834b477b74a2144564522e944eabff61?s=96&d=mm&r=g\",\"url\":\"https:\\\/\\\/secure.gravatar.com\\\/avatar\\\/ac5001d2a36cb6c6cd3e50789007ffca834b477b74a2144564522e944eabff61?s=96&d=mm&r=g\",\"contentUrl\":\"https:\\\/\\\/secure.gravatar.com\\\/avatar\\\/ac5001d2a36cb6c6cd3e50789007ffca834b477b74a2144564522e944eabff61?s=96&d=mm&r=g\",\"caption\":\"thomas.berner\"},\"url\":\"https:\\\/\\\/www.organisator.ch\\\/de\\\/author\\\/thomas-berner\\\/\"}]}<\/script>\n<!-- \/ Yoast SEO plugin. -->","yoast_head_json":{"title":"Die Furrer+Frey AG ist Preistr\u00e4gerin des Phoenix Award 2023 - Organisator","description":"Am 19. Januar 2024 erhielt die Furrer+Frey AG den Phoenix Award 2023 f\u00fcr langfristiges Schweizer Unternehmertum.","robots":{"index":"index","follow":"follow","max-snippet":"max-snippet:-1","max-image-preview":"max-image-preview:large","max-video-preview":"max-video-preview:-1"},"canonical":"https:\/\/www.organisator.ch\/de\/management\/2024-01-19\/die-furrerfrey-ag-ist-preistraegerin-des-phoenix-award-2023\/","og_locale":"de_DE","og_type":"article","og_title":"Die Furrer+Frey AG ist Preistr\u00e4gerin des Phoenix Award 2023","og_description":"Am 19. Januar 2024 erhielt die Furrer+Frey AG den Phoenix Award 2023 f\u00fcr langfristiges Schweizer Unternehmertum.","og_url":"https:\/\/www.organisator.ch\/de\/management\/2024-01-19\/die-furrerfrey-ag-ist-preistraegerin-des-phoenix-award-2023\/","og_site_name":"Organisator","article_publisher":"https:\/\/www.facebook.com\/OrganisatorFachmagazin","article_published_time":"2024-01-19T17:21:44+00:00","article_modified_time":"2024-02-01T08:14:42+00:00","og_image":[{"width":680,"height":482,"url":"https:\/\/www.organisator.ch\/wp-content\/uploads\/2024\/01\/Die-FurrerFrey-AG-ist-Preistraegerin-des-Phoenix-Award-2023_Organisator.jpg","type":"image\/jpeg"}],"author":"thomas.berner","twitter_card":"summary_large_image","twitter_title":"Die #Furrer+Frey AG ist Preistr\u00e4gerin des Phoenix Award 2023","twitter_description":"Am 19. Januar 2024 erhielt die #Furrer+Frey AG den #Phoenix Award 2023 f\u00fcr langfristiges Schweizer Unternehmertum.","twitter_image":"https:\/\/www.organisator.ch\/wp-content\/uploads\/2024\/01\/Die-FurrerFrey-AG-ist-Preistraegerin-des-Phoenix-Award-2023_Organisator.jpg","schema":{"@context":"https:\/\/schema.org","@graph":[{"@type":"Article","@id":"https:\/\/www.organisator.ch\/management\/2024-01-19\/die-furrerfrey-ag-ist-preistraegerin-des-phoenix-award-2023\/#article","isPartOf":{"@id":"https:\/\/www.organisator.ch\/management\/2024-01-19\/die-furrerfrey-ag-ist-preistraegerin-des-phoenix-award-2023\/"},"author":{"name":"thomas.berner","@id":"https:\/\/www.organisator.ch\/#\/schema\/person\/6f650f90b2842cd4c0cc334b4e36f67e"},"headline":"Die Furrer+Frey AG ist Preistr\u00e4gerin des Phoenix Award 2023","datePublished":"2024-01-19T17:21:44+00:00","dateModified":"2024-02-01T08:14:42+00:00","mainEntityOfPage":{"@id":"https:\/\/www.organisator.ch\/management\/2024-01-19\/die-furrerfrey-ag-ist-preistraegerin-des-phoenix-award-2023\/"},"wordCount":949,"publisher":{"@id":"https:\/\/www.organisator.ch\/#organization"},"image":{"@id":"https:\/\/www.organisator.ch\/management\/2024-01-19\/die-furrerfrey-ag-ist-preistraegerin-des-phoenix-award-2023\/#primaryimage"},"thumbnailUrl":"https:\/\/www.organisator.ch\/wp-content\/uploads\/2024\/01\/Die-FurrerFrey-AG-ist-Preistraegerin-des-Phoenix-Award-2023_Organisator.jpg","keywords":["Awards","Firmennachfolge","Management und Unternehmensf\u00fchrung","Unternehmen"],"articleSection":["MANAGEMENT"],"inLanguage":"de"},{"@type":"WebPage","@id":"https:\/\/www.organisator.ch\/management\/2024-01-19\/die-furrerfrey-ag-ist-preistraegerin-des-phoenix-award-2023\/","url":"https:\/\/www.organisator.ch\/management\/2024-01-19\/die-furrerfrey-ag-ist-preistraegerin-des-phoenix-award-2023\/","name":"Die Furrer+Frey AG ist Preistr\u00e4gerin des Phoenix Award 2023 - Organisator","isPartOf":{"@id":"https:\/\/www.organisator.ch\/#website"},"primaryImageOfPage":{"@id":"https:\/\/www.organisator.ch\/management\/2024-01-19\/die-furrerfrey-ag-ist-preistraegerin-des-phoenix-award-2023\/#primaryimage"},"image":{"@id":"https:\/\/www.organisator.ch\/management\/2024-01-19\/die-furrerfrey-ag-ist-preistraegerin-des-phoenix-award-2023\/#primaryimage"},"thumbnailUrl":"https:\/\/www.organisator.ch\/wp-content\/uploads\/2024\/01\/Die-FurrerFrey-AG-ist-Preistraegerin-des-Phoenix-Award-2023_Organisator.jpg","datePublished":"2024-01-19T17:21:44+00:00","dateModified":"2024-02-01T08:14:42+00:00","description":"Am 19. Januar 2024 erhielt die Furrer+Frey AG den Phoenix Award 2023 f\u00fcr langfristiges Schweizer Unternehmertum.","breadcrumb":{"@id":"https:\/\/www.organisator.ch\/management\/2024-01-19\/die-furrerfrey-ag-ist-preistraegerin-des-phoenix-award-2023\/#breadcrumb"},"inLanguage":"de","potentialAction":[{"@type":"ReadAction","target":["https:\/\/www.organisator.ch\/management\/2024-01-19\/die-furrerfrey-ag-ist-preistraegerin-des-phoenix-award-2023\/"]}]},{"@type":"ImageObject","inLanguage":"de","@id":"https:\/\/www.organisator.ch\/management\/2024-01-19\/die-furrerfrey-ag-ist-preistraegerin-des-phoenix-award-2023\/#primaryimage","url":"https:\/\/www.organisator.ch\/wp-content\/uploads\/2024\/01\/Die-FurrerFrey-AG-ist-Preistraegerin-des-Phoenix-Award-2023_Organisator.jpg","contentUrl":"https:\/\/www.organisator.ch\/wp-content\/uploads\/2024\/01\/Die-FurrerFrey-AG-ist-Preistraegerin-des-Phoenix-Award-2023_Organisator.jpg","width":680,"height":482,"caption":"Zwei Generationen des Familienunternehmens Furrer+Frey AG nahmen den Phoenix Award 2023 f\u00fcr langfristiges Schweizer Unternehmertum entgegen. vlnr.: Martin Godel, stellvertretender Direktionsleiter der Standortf\u00f6rderung und Leiter KMU-Politik beim SECO, Carla Kaufmann, Vizepr\u00e4sidentin Schweizer Dachverband f\u00fcr Unternehmensnachfolge \u2013 CHDU, Rico Furrer, CEO Furrer+Frey AG, Beat Furrer, Gesch\u00e4ftsleitungsmitglied Furrer+Frey AG, Laudator und Mitglied Jury-Beirat Armin Baumann, CEO KMU SWISS AG, und Nationalrat Dominik Blunschy. (Foto: Schweizer Dachverband f\u00fcr Unternehmensnachfolge \u2013 CHDU)"},{"@type":"BreadcrumbList","@id":"https:\/\/www.organisator.ch\/management\/2024-01-19\/die-furrerfrey-ag-ist-preistraegerin-des-phoenix-award-2023\/#breadcrumb","itemListElement":[{"@type":"ListItem","position":1,"name":"Home","item":"https:\/\/www.organisator.ch\/"},{"@type":"ListItem","position":2,"name":"Die Furrer+Frey AG ist Preistr\u00e4gerin des Phoenix Award 2023"}]},{"@type":"WebSite","@id":"https:\/\/www.organisator.ch\/#website","url":"https:\/\/www.organisator.ch\/","name":"Organisator","description":"Kompetent. Praxisnah. Der ORGANISATOR bereitet in 10 Ausgaben pro Jahr die wesentlichen Themen f\u00fcr F\u00fchrungskr\u00e4fte von KMU auf.","publisher":{"@id":"https:\/\/www.organisator.ch\/#organization"},"potentialAction":[{"@type":"SearchAction","target":{"@type":"EntryPoint","urlTemplate":"https:\/\/www.organisator.ch\/?s={search_term_string}"},"query-input":{"@type":"PropertyValueSpecification","valueRequired":true,"valueName":"search_term_string"}}],"inLanguage":"de"},{"@type":"Organization","@id":"https:\/\/www.organisator.ch\/#organization","name":"Organisator","url":"https:\/\/www.organisator.ch\/","logo":{"@type":"ImageObject","inLanguage":"de","@id":"https:\/\/www.organisator.ch\/#\/schema\/logo\/image\/","url":"https:\/\/www.organisator.ch\/wp-content\/uploads\/2022\/01\/Logo_Organisator_Website.png","contentUrl":"https:\/\/www.organisator.ch\/wp-content\/uploads\/2022\/01\/Logo_Organisator_Website.png","width":800,"height":77,"caption":"Organisator"},"image":{"@id":"https:\/\/www.organisator.ch\/#\/schema\/logo\/image\/"},"sameAs":["https:\/\/www.facebook.com\/OrganisatorFachmagazin","https:\/\/www.linkedin.com\/showcase\/organisator-das-magazin-fr-kmu","https:\/\/www.xing.com\/news\/pages\/organisator-ch-695","https:\/\/www.youtube.com\/channel\/UCGP2Sq0iWaZwT3BdIAQFYpw"]},{"@type":"Person","@id":"https:\/\/www.organisator.ch\/#\/schema\/person\/6f650f90b2842cd4c0cc334b4e36f67e","name":"thomas.berner","image":{"@type":"ImageObject","inLanguage":"de","@id":"https:\/\/secure.gravatar.com\/avatar\/ac5001d2a36cb6c6cd3e50789007ffca834b477b74a2144564522e944eabff61?s=96&d=mm&r=g","url":"https:\/\/secure.gravatar.com\/avatar\/ac5001d2a36cb6c6cd3e50789007ffca834b477b74a2144564522e944eabff61?s=96&d=mm&r=g","contentUrl":"https:\/\/secure.gravatar.com\/avatar\/ac5001d2a36cb6c6cd3e50789007ffca834b477b74a2144564522e944eabff61?s=96&d=mm&r=g","caption":"thomas.berner"},"url":"https:\/\/www.organisator.ch\/de\/author\/thomas-berner\/"}]}},"_links":{"self":[{"href":"https:\/\/www.organisator.ch\/de\/wp-json\/wp\/v2\/posts\/24455","targetHints":{"allow":["GET"]}}],"collection":[{"href":"https:\/\/www.organisator.ch\/de\/wp-json\/wp\/v2\/posts"}],"about":[{"href":"https:\/\/www.organisator.ch\/de\/wp-json\/wp\/v2\/types\/post"}],"author":[{"embeddable":true,"href":"https:\/\/www.organisator.ch\/de\/wp-json\/wp\/v2\/users\/4"}],"replies":[{"embeddable":true,"href":"https:\/\/www.organisator.ch\/de\/wp-json\/wp\/v2\/comments?post=24455"}],"version-history":[{"count":10,"href":"https:\/\/www.organisator.ch\/de\/wp-json\/wp\/v2\/posts\/24455\/revisions"}],"predecessor-version":[{"id":24465,"href":"https:\/\/www.organisator.ch\/de\/wp-json\/wp\/v2\/posts\/24455\/revisions\/24465"}],"wp:featuredmedia":[{"embeddable":true,"href":"https:\/\/www.organisator.ch\/de\/wp-json\/wp\/v2\/media\/24456"}],"wp:attachment":[{"href":"https:\/\/www.organisator.ch\/de\/wp-json\/wp\/v2\/media?parent=24455"}],"wp:term":[{"taxonomy":"category","embeddable":true,"href":"https:\/\/www.organisator.ch\/de\/wp-json\/wp\/v2\/categories?post=24455"},{"taxonomy":"post_tag","embeddable":true,"href":"https:\/\/www.organisator.ch\/de\/wp-json\/wp\/v2\/tags?post=24455"}],"curies":[{"name":"wp","href":"https:\/\/api.w.org\/{rel}","templated":true}]}}