{"id":2447,"date":"2017-09-15T15:14:16","date_gmt":"2017-09-15T13:14:16","guid":{"rendered":"https:\/\/www.organisator.ch\/?p=2447"},"modified":"2017-09-15T15:14:16","modified_gmt":"2017-09-15T13:14:16","slug":"business-day-der-schlagabtausch-und-die-einigkeit-ohne-digitalisierung-geht-es-nicht","status":"publish","type":"post","link":"https:\/\/www.organisator.ch\/de\/management\/2017-09-15\/business-day-der-schlagabtausch-und-die-einigkeit-ohne-digitalisierung-geht-es-nicht\/","title":{"rendered":"Business Day: Der Schlagabtausch und die Einigkeit \u2013 ohne Digitalisierung geht es nicht"},"content":{"rendered":"<figure id=\"attachment_2449\" aria-describedby=\"caption-attachment-2449\" style=\"width: 640px\" class=\"wp-caption alignnone\"><img loading=\"lazy\" decoding=\"async\" class=\"size-full wp-image-2449\" src=\"https:\/\/www.organisator.ch\/wp-content\/uploads\/2017\/09\/Business-Day-Der-Schlagabtausch-und-die-Einigkeit-ohne-Digitalisierung-geht-es-nicht-1_Organisator.jpg\" alt=\"\" width=\"640\" height=\"427\" srcset=\"https:\/\/www.organisator.ch\/wp-content\/uploads\/2017\/09\/Business-Day-Der-Schlagabtausch-und-die-Einigkeit-ohne-Digitalisierung-geht-es-nicht-1_Organisator.jpg 640w, https:\/\/www.organisator.ch\/wp-content\/uploads\/2017\/09\/Business-Day-Der-Schlagabtausch-und-die-Einigkeit-ohne-Digitalisierung-geht-es-nicht-1_Organisator-16x12.jpg 16w, https:\/\/www.organisator.ch\/wp-content\/uploads\/2017\/09\/Business-Day-Der-Schlagabtausch-und-die-Einigkeit-ohne-Digitalisierung-geht-es-nicht-1_Organisator-262x175.jpg 262w, https:\/\/www.organisator.ch\/wp-content\/uploads\/2017\/09\/Business-Day-Der-Schlagabtausch-und-die-Einigkeit-ohne-Digitalisierung-geht-es-nicht-1_Organisator-525x350.jpg 525w, https:\/\/www.organisator.ch\/wp-content\/uploads\/2017\/09\/Business-Day-Der-Schlagabtausch-und-die-Einigkeit-ohne-Digitalisierung-geht-es-nicht-1_Organisator-300x200.jpg 300w\" sizes=\"auto, (max-width: 640px) 100vw, 640px\" \/><figcaption id=\"caption-attachment-2449\" class=\"wp-caption-text\">Der Business Day von Swissmechanic bot spannende Podiumsdiskussionen, hier etwa mit Patrick Berhalter (ganz links), Andreas Rauch und Otto Hofstetter (rechts, verdeckt). (Bild: zVg Swissmechanic)<\/figcaption><\/figure>\n<p>Der Auftakt am diesj\u00e4hrigen Business Day\u00a0war kritisch und politisch: Der Swissmechanic Pr\u00e4sident Roland Goethe forderte: 1) Die Mobilisierung der Gesch\u00e4ftsbanken f\u00fcr KMU. 2) Die Liberalisierung des Finanzmarktes durch die Gleichberechtigung der FinTech als Alternative zu den Gesch\u00e4ftsbanken. 3) Eine realistische und faire Chance f\u00fcr diejenigen KMU, welche durch einen Kredit als Anschubinvestition die H\u00fcrde Digitalisierung und Automation \u00fcberwinden k\u00f6nnen. \u201eAuf der einen Seite ist das Geld in der Schweiz reichlich vorhanden. Auch private Investoren und Institutionen w\u00fcrden gerne zu guten Zinsen anlegen. Auf der anderen Seite gibt es KMU, die dieses Geld n\u00f6tig brauchen und gewillt sind, daf\u00fcr Zinsen zu zahlen. Daf\u00fcr brauchen unsere Familienunternehmen neue, digitale, wirtschaftliche L\u00f6sungen, denn es ist ein Strukturproblem des Kapitalmarktes. Das Geld kommt nicht mehr zu denjenigen, welche es brauchen, und die Anleger bekommen zu wenig Zinsen. Nicht nur in der Industrie muss ein Strukturwandel stattfinden\u201c. Nach diesem politischem Auftakt gliederte sich die Veranstaltung in drei Podien: Innovation, Umsetzung und Finanzierung, mit mehr als unterschiedlichen Vertretern.<\/p>\n<h2>Marketing 4.0 am Business Day<\/h2>\n<p>Das erste Forum des Business Days er\u00f6ffnete die Studie und das Praxisprojekt von Herrn Prof. Peter Jaeschke von der Fachhochschule St. Gallen mit der Swissmechanic. Er betonte, dass KMU klar definierte und kommunizierte Ziele brauchen, um erfolgreich zu sein, sowohl bei der Implementierung als auch bei der Finanzierung. Ausserdem stellte er das gemeinsame Projekt DigiNav vor, welches KMU mithilfe von Umfragen und Studien bei dem neuen Sprung ins kalte Wasser der Industrie 4.0 helfen soll. Zusammengefasst muss die Firmenkultur auf Ver\u00e4nderung eingestellt sein. &#8222;Ideen bekommen kann nicht verordnet werden, nur gef\u00f6rdert&#8220;. Um eben diese Firmenkultur drehte es sich auch dem Vortrag von Otto Hofstetter, CEO\u00a0der Hofstetter AG. Er beschrieb den Einfluss von Werbung auf die Gesellschaft und wie die Digitalisierung auch das Marketing beeinflusst. In diesem Zusammenhang beschrieb er Marketing 4.0 und stellte klar, dass sein Unternehmen 0,6 &#8211; 0,7 % des Umsatzes wieder in die Werbung f\u00fcr neue Gesch\u00e4fte direkt reinvestiert. Ein Praxisbeispiel angewandter Werbung bot Smovie. Eine Firma die Imagefilme per Natel anbietet, die ein jeder selber drehen kann. Diese Podiumsdiskussion bot zusammengefasst folgende Statements: Patrick Berhalter, CEO Berhalter AG, Digital Expert der Swissmechanic: &#8222;Man muss Plattformen ganzheitlich optimieren. Wenn man da nicht mitmacht, dann bleibt man liegen.&#8220;\u00a0Andreas Rauch, von GF Fischer betonte: &#8222;Die ganze Organisation muss funktionieren, wenn man das Kundenvertrauen aus der realen in die digitale Welt transformieren will.&#8220; Diese beiden Aussagen fassen die allgemeine Auffassung zur Firmenkultur zusammen: Der Mensch ist und muss Basis der digitalen Transformation sein- ohne diese Verbindung bleibt die Digitalisierung sinn- und nutzlos.<\/p>\n<h2>&#8222;Ohne Daten sind wir nix&#8220;<\/h2>\n<p>Das anschliessende Forum wurde von\u00a0CVP-Pr\u00e4sident Gerhard Pfister eingeleitet. In seiner Rede sprach er partei\u00fcbergreifend \u00fcber die Probleme der Kreditklemme und der Verbindung von Wissen, Tradition und Beruf. Bei der Kreditklemme stellte er klar, dass zwar gen\u00fcgend Geld in der Schweiz vorhanden sei, jedoch nicht bei den richtigen, n\u00e4mlich den KMU, ank\u00e4me. In diesem Sinne stellte er auch die Idee eines KMU-Fonds vor und pl\u00e4dierte f\u00fcr eine Finanzhilfe f\u00fcr gewerbeorientierte B\u00fcrgschaftsgenossenschaften.<\/p>\n<p>Herr Wisard von der Tectris AG berichtete, wie die Fabrik seines Unternehmens im Juli komplett abbrannte und die Digitalisierung respektive das Speichern von Daten den Wiederaufbau nicht nur extrem vereinfachte, sondern Bedingung f\u00fcr dessen Fortbestand an sich war. Er ist der \u00dcberzeugung, dass Daten mehr wert sind, als Maschinen, weil sie nur dadurch einen Recoveryplan entwerfen konnten und so auch ohne ihren Maschinenpark \u00fcberleben bzw. die Maschinen nachkaufen konnten \u2013 die Daten nicht. Sch\u00f6n zusammengefasst von Herrn Wisard: &#8222;Ohne Daten sind wir nix!&#8220;<\/p>\n<p>Einig ist man, dass die Unternehmenskultur eine enorm wichtige Rolle spielt und damit einhergehend Teamarbeit und Zusammenhalt. Dies vor allem, weil sich Anforderungen an Mitarbeitende immer schneller und rasanter entwickeln.<\/p>\n<figure id=\"attachment_2450\" aria-describedby=\"caption-attachment-2450\" style=\"width: 640px\" class=\"wp-caption alignnone\"><img loading=\"lazy\" decoding=\"async\" class=\"size-full wp-image-2450\" src=\"https:\/\/www.organisator.ch\/wp-content\/uploads\/2017\/09\/Business-Day-Der-Schlagabtausch-und-die-Einigkeit-ohne-Digitalisierung-geht-es-nicht-2_Organisator.jpg\" alt=\"\" width=\"640\" height=\"427\" srcset=\"https:\/\/www.organisator.ch\/wp-content\/uploads\/2017\/09\/Business-Day-Der-Schlagabtausch-und-die-Einigkeit-ohne-Digitalisierung-geht-es-nicht-2_Organisator.jpg 640w, https:\/\/www.organisator.ch\/wp-content\/uploads\/2017\/09\/Business-Day-Der-Schlagabtausch-und-die-Einigkeit-ohne-Digitalisierung-geht-es-nicht-2_Organisator-16x12.jpg 16w, https:\/\/www.organisator.ch\/wp-content\/uploads\/2017\/09\/Business-Day-Der-Schlagabtausch-und-die-Einigkeit-ohne-Digitalisierung-geht-es-nicht-2_Organisator-262x175.jpg 262w, https:\/\/www.organisator.ch\/wp-content\/uploads\/2017\/09\/Business-Day-Der-Schlagabtausch-und-die-Einigkeit-ohne-Digitalisierung-geht-es-nicht-2_Organisator-525x350.jpg 525w, https:\/\/www.organisator.ch\/wp-content\/uploads\/2017\/09\/Business-Day-Der-Schlagabtausch-und-die-Einigkeit-ohne-Digitalisierung-geht-es-nicht-2_Organisator-300x200.jpg 300w\" sizes=\"auto, (max-width: 640px) 100vw, 640px\" \/><figcaption id=\"caption-attachment-2450\" class=\"wp-caption-text\">CVP-Parteipr\u00e4sident Gerhard Pfister am Business Day. (Bild: zVg Swissmechanic)<\/figcaption><\/figure>\n<h2>Gegen die Kreditklemme<\/h2>\n<p>Die abschliessende Runde am Business Day\u00a0er\u00f6ffnete FDP-St\u00e4nderat Ruedi Noser. Er stellte zun\u00e4chst\u00a0die Finanzierung von Digitalisierung als riesiges Problem dar, auch weil er durch die digitale Verf\u00fcgbarkeit von Daten Raubkopie bef\u00fcrchtete. Des Weiteren betonte er, dass er bei den Finanzierungsproblemen eher die KMU in die Pflicht nehmen wolle. Viele h\u00e4tten keinen vern\u00fcnftigen Business Plan oder wollten Finanzierung f\u00fcr Projekte, die sie selber nicht finanzieren w\u00fcrden. Er hob jedoch hervor, dass er die Regulierung der Banken als eine der Hauptursache sieht f\u00fcr die mangelnde Kreditvergabe an KMU. Er f\u00fchrte Probleme wie die Standortfrage auf und stellte klar, dass L\u00f6sungen mit den Mitteln des Marktes zu suchen seien. In diesem Sinn nannte er die Idee eines Fonds auch idiotisch.<\/p>\n<p>Daraufhin kam Alwin Meyer von swisspeers. Er stellte das Prinzip des Crowdsourcing und den daraus entstandenen Crowdlending etc. vor. Er erkl\u00e4rte wie diese Methoden mittels Plattformen wie swisspeers genutzt werden k\u00f6nnen, um die KMU-Finanzierung anzukurbeln oder in seinen Worten: &#8222;Wir wollen den illiquiden KMU-Kreditmarkt wieder liquide kriegen&#8220;. Des Weiteren sah er auch den sog. Investitionsimperativ, den er so beschrieb: &#8222;Bei Digitalisierung habe ich einmal die Chance. Entweder ich bin dabei oder nicht.&#8220; Er erkl\u00e4rte auch, wie swisspeers aufgrund des Losgr\u00f6ssenproblems der Banken so erfolgreich sein kann und weswegen das gut f\u00fcr Investoren ist: Rendite und Diversifikation.<\/p>\n<p>Zu der abschliessenden Podiumsrunde kam noch\u00a0Attilio Zanetti von der SNB dazu. Es entwickelte sich\u00a0ein interessanter Schlagabtausch zwischen den Herren Zanetti, Noser und Meyer. Hauptthema war dabei die Regulierung der Banken und die Sinnhaftigkeit von Banken. W\u00e4hrend Ruedi Noser am liebsten keine Regulierung mehr h\u00e4tte, bestand\u00a0Alwin Meyer eher auf eine moderatere L\u00f6sung und einen Ausbau der FinTech.\u00a0Attilio Zanetti nahm auch in der Diskussion h\u00e4ufig die neutrale Position der Notenbank ein und betonte die Wichtigkeit von Regularien zum Erhalt unserer Wirtschaft nach der Finanzkrise.<\/p>\n<p><a href=\"http:\/\/www.swissmechanic.ch\"><em>www.swissmechanic.ch<\/em><\/a><\/p>\n","protected":false},"excerpt":{"rendered":"<p>Der Auftakt am diesj\u00e4hrigen Business Day\u00a0war kritisch und politisch: Der Swissmechanic Pr\u00e4sident Roland Goethe forderte: 1) Die Mobilisierung der Gesch\u00e4ftsbanken f\u00fcr KMU. 2) Die Liberalisierung des Finanzmarktes durch die Gleichberechtigung der FinTech als Alternative zu den Gesch\u00e4ftsbanken. 3) Eine realistische und faire Chance f\u00fcr diejenigen KMU, welche durch einen Kredit als Anschubinvestition die H\u00fcrde Digitalisierung [&hellip;]<\/p>\n","protected":false},"author":4,"featured_media":2449,"comment_status":"open","ping_status":"open","sticky":false,"template":"","format":"standard","meta":{"_acf_changed":false,"_yoast_wpseo_focuskw":"Business Day","_yoast_wpseo_metadesc":"Am 14. September fand in Luzern der 2. Business Day der Swissmechanic statt. Thema: Die Gefahren und Chancen der Digitalisierung und von Industrie 4.0.","articlekey":"","footnotes":""},"categories":[28],"tags":[156,335,502,503,531],"class_list":["post-2447","post","type-post","status-publish","format-standard","has-post-thumbnail","hentry","category-management","tag-digitalisierung","tag-management-und-unternehmensfuehrung","tag-veranstaltungen","tag-verbaende","tag-wirtschaftspolitik"],"acf":[],"yoast_head":"<!-- This site is optimized with the Yoast SEO plugin v27.5 - https:\/\/yoast.com\/product\/yoast-seo-wordpress\/ -->\n<title>Business Day: Der Schlagabtausch und die Einigkeit \u2013 ohne Digitalisierung geht es nicht - Organisator<\/title>\n<meta name=\"description\" content=\"Am 14. September fand in Luzern der 2. Business Day der Swissmechanic statt. Thema: Die Gefahren und Chancen der Digitalisierung und von Industrie 4.0.\" \/>\n<meta name=\"robots\" content=\"index, follow, max-snippet:-1, max-image-preview:large, max-video-preview:-1\" \/>\n<link rel=\"canonical\" href=\"https:\/\/www.organisator.ch\/de\/management\/2017-09-15\/business-day-der-schlagabtausch-und-die-einigkeit-ohne-digitalisierung-geht-es-nicht\/\" \/>\n<meta property=\"og:locale\" content=\"de_DE\" \/>\n<meta property=\"og:type\" content=\"article\" \/>\n<meta property=\"og:title\" content=\"Business Day: Der Schlagabtausch und die Einigkeit \u2013 ohne Digitalisierung geht es nicht\" \/>\n<meta property=\"og:description\" content=\"Am 14. September fand in Luzern der 2. Business Day der #Swissmechanic statt. Mehr als dreimal so viele Besucher kamen, um sich \u00fcber die Gefahren und Chancen der #Digitalisierung und der #Industrie-4.0 zu informieren.\" \/>\n<meta property=\"og:url\" content=\"https:\/\/www.organisator.ch\/de\/management\/2017-09-15\/business-day-der-schlagabtausch-und-die-einigkeit-ohne-digitalisierung-geht-es-nicht\/\" \/>\n<meta property=\"og:site_name\" content=\"Organisator\" \/>\n<meta property=\"article:publisher\" content=\"https:\/\/www.facebook.com\/OrganisatorFachmagazin\" \/>\n<meta property=\"article:published_time\" content=\"2017-09-15T13:14:16+00:00\" \/>\n<meta property=\"og:image\" content=\"https:\/\/www.organisator.ch\/wp-content\/uploads\/2017\/09\/Business-Day-Der-Schlagabtausch-und-die-Einigkeit-ohne-Digitalisierung-geht-es-nicht-1_Organisator.jpg\" \/>\n\t<meta property=\"og:image:width\" content=\"640\" \/>\n\t<meta property=\"og:image:height\" content=\"427\" \/>\n\t<meta property=\"og:image:type\" content=\"image\/jpeg\" \/>\n<meta name=\"author\" content=\"thomas.berner\" \/>\n<meta name=\"twitter:card\" content=\"summary_large_image\" \/>\n<meta name=\"twitter:title\" content=\"#BusinessDay: Der Schlagabtausch und die Einigkeit \u2013 ohne #Digitalisierung geht es nicht\" \/>\n<meta name=\"twitter:description\" content=\"Am 14. September fand in Luzern der 2. Business Day der #Swissmechanic statt. Mehr als dreimal so viele Besucher kamen, um sich \u00fcber die Gefahren und Chancen der #Digitalisierung und der #Industrie-4.0 zu informieren.\" \/>\n<meta name=\"twitter:image\" content=\"https:\/\/www.organisator.ch\/wp-content\/uploads\/2017\/09\/Business-Day-Der-Schlagabtausch-und-die-Einigkeit-ohne-Digitalisierung-geht-es-nicht-1_Organisator.jpg\" \/>\n<script type=\"application\/ld+json\" class=\"yoast-schema-graph\">{\"@context\":\"https:\\\/\\\/schema.org\",\"@graph\":[{\"@type\":\"Article\",\"@id\":\"https:\\\/\\\/www.organisator.ch\\\/management\\\/2017-09-15\\\/business-day-der-schlagabtausch-und-die-einigkeit-ohne-digitalisierung-geht-es-nicht\\\/#article\",\"isPartOf\":{\"@id\":\"https:\\\/\\\/www.organisator.ch\\\/management\\\/2017-09-15\\\/business-day-der-schlagabtausch-und-die-einigkeit-ohne-digitalisierung-geht-es-nicht\\\/\"},\"author\":{\"name\":\"thomas.berner\",\"@id\":\"https:\\\/\\\/www.organisator.ch\\\/#\\\/schema\\\/person\\\/6f650f90b2842cd4c0cc334b4e36f67e\"},\"headline\":\"Business Day: Der Schlagabtausch und die Einigkeit \u2013 ohne Digitalisierung geht es nicht\",\"datePublished\":\"2017-09-15T13:14:16+00:00\",\"mainEntityOfPage\":{\"@id\":\"https:\\\/\\\/www.organisator.ch\\\/management\\\/2017-09-15\\\/business-day-der-schlagabtausch-und-die-einigkeit-ohne-digitalisierung-geht-es-nicht\\\/\"},\"wordCount\":1018,\"commentCount\":0,\"publisher\":{\"@id\":\"https:\\\/\\\/www.organisator.ch\\\/#organization\"},\"image\":{\"@id\":\"https:\\\/\\\/www.organisator.ch\\\/management\\\/2017-09-15\\\/business-day-der-schlagabtausch-und-die-einigkeit-ohne-digitalisierung-geht-es-nicht\\\/#primaryimage\"},\"thumbnailUrl\":\"https:\\\/\\\/www.organisator.ch\\\/wp-content\\\/uploads\\\/2017\\\/09\\\/Business-Day-Der-Schlagabtausch-und-die-Einigkeit-ohne-Digitalisierung-geht-es-nicht-1_Organisator.jpg\",\"keywords\":[\"Digitalisierung\",\"Management und Unternehmensf\u00fchrung\",\"Veranstaltungen\",\"Verb\u00e4nde\",\"Wirtschaftspolitik\"],\"articleSection\":[\"MANAGEMENT\"],\"inLanguage\":\"de\"},{\"@type\":\"WebPage\",\"@id\":\"https:\\\/\\\/www.organisator.ch\\\/management\\\/2017-09-15\\\/business-day-der-schlagabtausch-und-die-einigkeit-ohne-digitalisierung-geht-es-nicht\\\/\",\"url\":\"https:\\\/\\\/www.organisator.ch\\\/management\\\/2017-09-15\\\/business-day-der-schlagabtausch-und-die-einigkeit-ohne-digitalisierung-geht-es-nicht\\\/\",\"name\":\"Business Day: Der Schlagabtausch und die Einigkeit \u2013 ohne Digitalisierung geht es nicht - Organisator\",\"isPartOf\":{\"@id\":\"https:\\\/\\\/www.organisator.ch\\\/#website\"},\"primaryImageOfPage\":{\"@id\":\"https:\\\/\\\/www.organisator.ch\\\/management\\\/2017-09-15\\\/business-day-der-schlagabtausch-und-die-einigkeit-ohne-digitalisierung-geht-es-nicht\\\/#primaryimage\"},\"image\":{\"@id\":\"https:\\\/\\\/www.organisator.ch\\\/management\\\/2017-09-15\\\/business-day-der-schlagabtausch-und-die-einigkeit-ohne-digitalisierung-geht-es-nicht\\\/#primaryimage\"},\"thumbnailUrl\":\"https:\\\/\\\/www.organisator.ch\\\/wp-content\\\/uploads\\\/2017\\\/09\\\/Business-Day-Der-Schlagabtausch-und-die-Einigkeit-ohne-Digitalisierung-geht-es-nicht-1_Organisator.jpg\",\"datePublished\":\"2017-09-15T13:14:16+00:00\",\"description\":\"Am 14. September fand in Luzern der 2. Business Day der Swissmechanic statt. Thema: Die Gefahren und Chancen der Digitalisierung und von Industrie 4.0.\",\"breadcrumb\":{\"@id\":\"https:\\\/\\\/www.organisator.ch\\\/management\\\/2017-09-15\\\/business-day-der-schlagabtausch-und-die-einigkeit-ohne-digitalisierung-geht-es-nicht\\\/#breadcrumb\"},\"inLanguage\":\"de\",\"potentialAction\":[{\"@type\":\"ReadAction\",\"target\":[\"https:\\\/\\\/www.organisator.ch\\\/management\\\/2017-09-15\\\/business-day-der-schlagabtausch-und-die-einigkeit-ohne-digitalisierung-geht-es-nicht\\\/\"]}]},{\"@type\":\"ImageObject\",\"inLanguage\":\"de\",\"@id\":\"https:\\\/\\\/www.organisator.ch\\\/management\\\/2017-09-15\\\/business-day-der-schlagabtausch-und-die-einigkeit-ohne-digitalisierung-geht-es-nicht\\\/#primaryimage\",\"url\":\"https:\\\/\\\/www.organisator.ch\\\/wp-content\\\/uploads\\\/2017\\\/09\\\/Business-Day-Der-Schlagabtausch-und-die-Einigkeit-ohne-Digitalisierung-geht-es-nicht-1_Organisator.jpg\",\"contentUrl\":\"https:\\\/\\\/www.organisator.ch\\\/wp-content\\\/uploads\\\/2017\\\/09\\\/Business-Day-Der-Schlagabtausch-und-die-Einigkeit-ohne-Digitalisierung-geht-es-nicht-1_Organisator.jpg\",\"width\":640,\"height\":427,\"caption\":\"Der Business Day von Swissmechanic bot spannende Podiumsdiskussionen, hier etwa mit Patrick Berhalter (ganz links), Andreas Rauch und Otto Hofstetter (rechts, verdeckt). (Bild: zVg Swissmechanic)\"},{\"@type\":\"BreadcrumbList\",\"@id\":\"https:\\\/\\\/www.organisator.ch\\\/management\\\/2017-09-15\\\/business-day-der-schlagabtausch-und-die-einigkeit-ohne-digitalisierung-geht-es-nicht\\\/#breadcrumb\",\"itemListElement\":[{\"@type\":\"ListItem\",\"position\":1,\"name\":\"Home\",\"item\":\"https:\\\/\\\/www.organisator.ch\\\/\"},{\"@type\":\"ListItem\",\"position\":2,\"name\":\"Business Day: Der Schlagabtausch und die Einigkeit \u2013 ohne Digitalisierung geht es nicht\"}]},{\"@type\":\"WebSite\",\"@id\":\"https:\\\/\\\/www.organisator.ch\\\/#website\",\"url\":\"https:\\\/\\\/www.organisator.ch\\\/\",\"name\":\"Organisator\",\"description\":\"Kompetent. Praxisnah. Der ORGANISATOR bereitet in 10 Ausgaben pro Jahr die wesentlichen Themen f\u00fcr F\u00fchrungskr\u00e4fte von KMU auf.\",\"publisher\":{\"@id\":\"https:\\\/\\\/www.organisator.ch\\\/#organization\"},\"potentialAction\":[{\"@type\":\"SearchAction\",\"target\":{\"@type\":\"EntryPoint\",\"urlTemplate\":\"https:\\\/\\\/www.organisator.ch\\\/?s={search_term_string}\"},\"query-input\":{\"@type\":\"PropertyValueSpecification\",\"valueRequired\":true,\"valueName\":\"search_term_string\"}}],\"inLanguage\":\"de\"},{\"@type\":\"Organization\",\"@id\":\"https:\\\/\\\/www.organisator.ch\\\/#organization\",\"name\":\"Organisator\",\"url\":\"https:\\\/\\\/www.organisator.ch\\\/\",\"logo\":{\"@type\":\"ImageObject\",\"inLanguage\":\"de\",\"@id\":\"https:\\\/\\\/www.organisator.ch\\\/#\\\/schema\\\/logo\\\/image\\\/\",\"url\":\"https:\\\/\\\/www.organisator.ch\\\/wp-content\\\/uploads\\\/2022\\\/01\\\/Logo_Organisator_Website.png\",\"contentUrl\":\"https:\\\/\\\/www.organisator.ch\\\/wp-content\\\/uploads\\\/2022\\\/01\\\/Logo_Organisator_Website.png\",\"width\":800,\"height\":77,\"caption\":\"Organisator\"},\"image\":{\"@id\":\"https:\\\/\\\/www.organisator.ch\\\/#\\\/schema\\\/logo\\\/image\\\/\"},\"sameAs\":[\"https:\\\/\\\/www.facebook.com\\\/OrganisatorFachmagazin\",\"https:\\\/\\\/www.linkedin.com\\\/showcase\\\/organisator-das-magazin-fr-kmu\",\"https:\\\/\\\/www.xing.com\\\/news\\\/pages\\\/organisator-ch-695\",\"https:\\\/\\\/www.youtube.com\\\/channel\\\/UCGP2Sq0iWaZwT3BdIAQFYpw\"]},{\"@type\":\"Person\",\"@id\":\"https:\\\/\\\/www.organisator.ch\\\/#\\\/schema\\\/person\\\/6f650f90b2842cd4c0cc334b4e36f67e\",\"name\":\"thomas.berner\",\"image\":{\"@type\":\"ImageObject\",\"inLanguage\":\"de\",\"@id\":\"https:\\\/\\\/secure.gravatar.com\\\/avatar\\\/ac5001d2a36cb6c6cd3e50789007ffca834b477b74a2144564522e944eabff61?s=96&d=mm&r=g\",\"url\":\"https:\\\/\\\/secure.gravatar.com\\\/avatar\\\/ac5001d2a36cb6c6cd3e50789007ffca834b477b74a2144564522e944eabff61?s=96&d=mm&r=g\",\"contentUrl\":\"https:\\\/\\\/secure.gravatar.com\\\/avatar\\\/ac5001d2a36cb6c6cd3e50789007ffca834b477b74a2144564522e944eabff61?s=96&d=mm&r=g\",\"caption\":\"thomas.berner\"},\"url\":\"https:\\\/\\\/www.organisator.ch\\\/de\\\/author\\\/thomas-berner\\\/\"}]}<\/script>\n<!-- \/ Yoast SEO plugin. -->","yoast_head_json":{"title":"Business Day: Der Schlagabtausch und die Einigkeit \u2013 ohne Digitalisierung geht es nicht - Organisator","description":"Am 14. September fand in Luzern der 2. Business Day der Swissmechanic statt. Thema: Die Gefahren und Chancen der Digitalisierung und von Industrie 4.0.","robots":{"index":"index","follow":"follow","max-snippet":"max-snippet:-1","max-image-preview":"max-image-preview:large","max-video-preview":"max-video-preview:-1"},"canonical":"https:\/\/www.organisator.ch\/de\/management\/2017-09-15\/business-day-der-schlagabtausch-und-die-einigkeit-ohne-digitalisierung-geht-es-nicht\/","og_locale":"de_DE","og_type":"article","og_title":"Business Day: Der Schlagabtausch und die Einigkeit \u2013 ohne Digitalisierung geht es nicht","og_description":"Am 14. September fand in Luzern der 2. Business Day der #Swissmechanic statt. Mehr als dreimal so viele Besucher kamen, um sich \u00fcber die Gefahren und Chancen der #Digitalisierung und der #Industrie-4.0 zu informieren.","og_url":"https:\/\/www.organisator.ch\/de\/management\/2017-09-15\/business-day-der-schlagabtausch-und-die-einigkeit-ohne-digitalisierung-geht-es-nicht\/","og_site_name":"Organisator","article_publisher":"https:\/\/www.facebook.com\/OrganisatorFachmagazin","article_published_time":"2017-09-15T13:14:16+00:00","og_image":[{"width":640,"height":427,"url":"https:\/\/www.organisator.ch\/wp-content\/uploads\/2017\/09\/Business-Day-Der-Schlagabtausch-und-die-Einigkeit-ohne-Digitalisierung-geht-es-nicht-1_Organisator.jpg","type":"image\/jpeg"}],"author":"thomas.berner","twitter_card":"summary_large_image","twitter_title":"#BusinessDay: Der Schlagabtausch und die Einigkeit \u2013 ohne #Digitalisierung geht es nicht","twitter_description":"Am 14. September fand in Luzern der 2. Business Day der #Swissmechanic statt. Mehr als dreimal so viele Besucher kamen, um sich \u00fcber die Gefahren und Chancen der #Digitalisierung und der #Industrie-4.0 zu informieren.","twitter_image":"https:\/\/www.organisator.ch\/wp-content\/uploads\/2017\/09\/Business-Day-Der-Schlagabtausch-und-die-Einigkeit-ohne-Digitalisierung-geht-es-nicht-1_Organisator.jpg","schema":{"@context":"https:\/\/schema.org","@graph":[{"@type":"Article","@id":"https:\/\/www.organisator.ch\/management\/2017-09-15\/business-day-der-schlagabtausch-und-die-einigkeit-ohne-digitalisierung-geht-es-nicht\/#article","isPartOf":{"@id":"https:\/\/www.organisator.ch\/management\/2017-09-15\/business-day-der-schlagabtausch-und-die-einigkeit-ohne-digitalisierung-geht-es-nicht\/"},"author":{"name":"thomas.berner","@id":"https:\/\/www.organisator.ch\/#\/schema\/person\/6f650f90b2842cd4c0cc334b4e36f67e"},"headline":"Business Day: Der Schlagabtausch und die Einigkeit \u2013 ohne Digitalisierung geht es nicht","datePublished":"2017-09-15T13:14:16+00:00","mainEntityOfPage":{"@id":"https:\/\/www.organisator.ch\/management\/2017-09-15\/business-day-der-schlagabtausch-und-die-einigkeit-ohne-digitalisierung-geht-es-nicht\/"},"wordCount":1018,"commentCount":0,"publisher":{"@id":"https:\/\/www.organisator.ch\/#organization"},"image":{"@id":"https:\/\/www.organisator.ch\/management\/2017-09-15\/business-day-der-schlagabtausch-und-die-einigkeit-ohne-digitalisierung-geht-es-nicht\/#primaryimage"},"thumbnailUrl":"https:\/\/www.organisator.ch\/wp-content\/uploads\/2017\/09\/Business-Day-Der-Schlagabtausch-und-die-Einigkeit-ohne-Digitalisierung-geht-es-nicht-1_Organisator.jpg","keywords":["Digitalisierung","Management und Unternehmensf\u00fchrung","Veranstaltungen","Verb\u00e4nde","Wirtschaftspolitik"],"articleSection":["MANAGEMENT"],"inLanguage":"de"},{"@type":"WebPage","@id":"https:\/\/www.organisator.ch\/management\/2017-09-15\/business-day-der-schlagabtausch-und-die-einigkeit-ohne-digitalisierung-geht-es-nicht\/","url":"https:\/\/www.organisator.ch\/management\/2017-09-15\/business-day-der-schlagabtausch-und-die-einigkeit-ohne-digitalisierung-geht-es-nicht\/","name":"Business Day: Der Schlagabtausch und die Einigkeit \u2013 ohne Digitalisierung geht es nicht - Organisator","isPartOf":{"@id":"https:\/\/www.organisator.ch\/#website"},"primaryImageOfPage":{"@id":"https:\/\/www.organisator.ch\/management\/2017-09-15\/business-day-der-schlagabtausch-und-die-einigkeit-ohne-digitalisierung-geht-es-nicht\/#primaryimage"},"image":{"@id":"https:\/\/www.organisator.ch\/management\/2017-09-15\/business-day-der-schlagabtausch-und-die-einigkeit-ohne-digitalisierung-geht-es-nicht\/#primaryimage"},"thumbnailUrl":"https:\/\/www.organisator.ch\/wp-content\/uploads\/2017\/09\/Business-Day-Der-Schlagabtausch-und-die-Einigkeit-ohne-Digitalisierung-geht-es-nicht-1_Organisator.jpg","datePublished":"2017-09-15T13:14:16+00:00","description":"Am 14. September fand in Luzern der 2. Business Day der Swissmechanic statt. Thema: Die Gefahren und Chancen der Digitalisierung und von Industrie 4.0.","breadcrumb":{"@id":"https:\/\/www.organisator.ch\/management\/2017-09-15\/business-day-der-schlagabtausch-und-die-einigkeit-ohne-digitalisierung-geht-es-nicht\/#breadcrumb"},"inLanguage":"de","potentialAction":[{"@type":"ReadAction","target":["https:\/\/www.organisator.ch\/management\/2017-09-15\/business-day-der-schlagabtausch-und-die-einigkeit-ohne-digitalisierung-geht-es-nicht\/"]}]},{"@type":"ImageObject","inLanguage":"de","@id":"https:\/\/www.organisator.ch\/management\/2017-09-15\/business-day-der-schlagabtausch-und-die-einigkeit-ohne-digitalisierung-geht-es-nicht\/#primaryimage","url":"https:\/\/www.organisator.ch\/wp-content\/uploads\/2017\/09\/Business-Day-Der-Schlagabtausch-und-die-Einigkeit-ohne-Digitalisierung-geht-es-nicht-1_Organisator.jpg","contentUrl":"https:\/\/www.organisator.ch\/wp-content\/uploads\/2017\/09\/Business-Day-Der-Schlagabtausch-und-die-Einigkeit-ohne-Digitalisierung-geht-es-nicht-1_Organisator.jpg","width":640,"height":427,"caption":"Der Business Day von Swissmechanic bot spannende Podiumsdiskussionen, hier etwa mit Patrick Berhalter (ganz links), Andreas Rauch und Otto Hofstetter (rechts, verdeckt). (Bild: zVg Swissmechanic)"},{"@type":"BreadcrumbList","@id":"https:\/\/www.organisator.ch\/management\/2017-09-15\/business-day-der-schlagabtausch-und-die-einigkeit-ohne-digitalisierung-geht-es-nicht\/#breadcrumb","itemListElement":[{"@type":"ListItem","position":1,"name":"Home","item":"https:\/\/www.organisator.ch\/"},{"@type":"ListItem","position":2,"name":"Business Day: Der Schlagabtausch und die Einigkeit \u2013 ohne Digitalisierung geht es nicht"}]},{"@type":"WebSite","@id":"https:\/\/www.organisator.ch\/#website","url":"https:\/\/www.organisator.ch\/","name":"Organisator","description":"Kompetent. Praxisnah. Der ORGANISATOR bereitet in 10 Ausgaben pro Jahr die wesentlichen Themen f\u00fcr F\u00fchrungskr\u00e4fte von KMU auf.","publisher":{"@id":"https:\/\/www.organisator.ch\/#organization"},"potentialAction":[{"@type":"SearchAction","target":{"@type":"EntryPoint","urlTemplate":"https:\/\/www.organisator.ch\/?s={search_term_string}"},"query-input":{"@type":"PropertyValueSpecification","valueRequired":true,"valueName":"search_term_string"}}],"inLanguage":"de"},{"@type":"Organization","@id":"https:\/\/www.organisator.ch\/#organization","name":"Organisator","url":"https:\/\/www.organisator.ch\/","logo":{"@type":"ImageObject","inLanguage":"de","@id":"https:\/\/www.organisator.ch\/#\/schema\/logo\/image\/","url":"https:\/\/www.organisator.ch\/wp-content\/uploads\/2022\/01\/Logo_Organisator_Website.png","contentUrl":"https:\/\/www.organisator.ch\/wp-content\/uploads\/2022\/01\/Logo_Organisator_Website.png","width":800,"height":77,"caption":"Organisator"},"image":{"@id":"https:\/\/www.organisator.ch\/#\/schema\/logo\/image\/"},"sameAs":["https:\/\/www.facebook.com\/OrganisatorFachmagazin","https:\/\/www.linkedin.com\/showcase\/organisator-das-magazin-fr-kmu","https:\/\/www.xing.com\/news\/pages\/organisator-ch-695","https:\/\/www.youtube.com\/channel\/UCGP2Sq0iWaZwT3BdIAQFYpw"]},{"@type":"Person","@id":"https:\/\/www.organisator.ch\/#\/schema\/person\/6f650f90b2842cd4c0cc334b4e36f67e","name":"thomas.berner","image":{"@type":"ImageObject","inLanguage":"de","@id":"https:\/\/secure.gravatar.com\/avatar\/ac5001d2a36cb6c6cd3e50789007ffca834b477b74a2144564522e944eabff61?s=96&d=mm&r=g","url":"https:\/\/secure.gravatar.com\/avatar\/ac5001d2a36cb6c6cd3e50789007ffca834b477b74a2144564522e944eabff61?s=96&d=mm&r=g","contentUrl":"https:\/\/secure.gravatar.com\/avatar\/ac5001d2a36cb6c6cd3e50789007ffca834b477b74a2144564522e944eabff61?s=96&d=mm&r=g","caption":"thomas.berner"},"url":"https:\/\/www.organisator.ch\/de\/author\/thomas-berner\/"}]}},"_links":{"self":[{"href":"https:\/\/www.organisator.ch\/de\/wp-json\/wp\/v2\/posts\/2447","targetHints":{"allow":["GET"]}}],"collection":[{"href":"https:\/\/www.organisator.ch\/de\/wp-json\/wp\/v2\/posts"}],"about":[{"href":"https:\/\/www.organisator.ch\/de\/wp-json\/wp\/v2\/types\/post"}],"author":[{"embeddable":true,"href":"https:\/\/www.organisator.ch\/de\/wp-json\/wp\/v2\/users\/4"}],"replies":[{"embeddable":true,"href":"https:\/\/www.organisator.ch\/de\/wp-json\/wp\/v2\/comments?post=2447"}],"version-history":[{"count":0,"href":"https:\/\/www.organisator.ch\/de\/wp-json\/wp\/v2\/posts\/2447\/revisions"}],"wp:featuredmedia":[{"embeddable":true,"href":"https:\/\/www.organisator.ch\/de\/wp-json\/wp\/v2\/media\/2449"}],"wp:attachment":[{"href":"https:\/\/www.organisator.ch\/de\/wp-json\/wp\/v2\/media?parent=2447"}],"wp:term":[{"taxonomy":"category","embeddable":true,"href":"https:\/\/www.organisator.ch\/de\/wp-json\/wp\/v2\/categories?post=2447"},{"taxonomy":"post_tag","embeddable":true,"href":"https:\/\/www.organisator.ch\/de\/wp-json\/wp\/v2\/tags?post=2447"}],"curies":[{"name":"wp","href":"https:\/\/api.w.org\/{rel}","templated":true}]}}