{"id":24554,"date":"2024-01-24T13:37:41","date_gmt":"2024-01-24T12:37:41","guid":{"rendered":"https:\/\/www.organisator.ch\/?p=24554"},"modified":"2024-01-24T13:37:41","modified_gmt":"2024-01-24T12:37:41","slug":"ebl-startet-1-gw-erneuerbare-energie-fonds-mit-ueber-100-mio-eur-fuer-europas-energiewende","status":"publish","type":"post","link":"https:\/\/www.organisator.ch\/de\/sustainability\/2024-01-24\/ebl-startet-1-gw-erneuerbare-energie-fonds-mit-ueber-100-mio-eur-fuer-europas-energiewende\/","title":{"rendered":"EBL startet 1 GW Erneuerbare-Energie-Fonds mit \u00fcber 100 Mio. EUR f\u00fcr Europas Energiewende"},"content":{"rendered":"<figure id=\"attachment_24556\" aria-describedby=\"caption-attachment-24556\" style=\"width: 680px\" class=\"wp-caption alignnone\"><img loading=\"lazy\" decoding=\"async\" class=\"size-full wp-image-24556\" src=\"https:\/\/www.organisator.ch\/wp-content\/uploads\/2024\/01\/EBL_Bild1_ps.jpg\" alt=\"\" width=\"680\" height=\"452\" srcset=\"https:\/\/www.organisator.ch\/wp-content\/uploads\/2024\/01\/EBL_Bild1_ps.jpg 680w, https:\/\/www.organisator.ch\/wp-content\/uploads\/2024\/01\/EBL_Bild1_ps-18x12.jpg 18w, https:\/\/www.organisator.ch\/wp-content\/uploads\/2024\/01\/EBL_Bild1_ps-375x249.jpg 375w, https:\/\/www.organisator.ch\/wp-content\/uploads\/2024\/01\/EBL_Bild1_ps-527x350.jpg 527w\" sizes=\"auto, (max-width: 680px) 100vw, 680px\" \/><figcaption id=\"caption-attachment-24556\" class=\"wp-caption-text\">Die EBL macht einen bedeutenden Schritt auf ihrem Weg zur Etablierung eines 1-Gigawatt-Fondsportfolios in Stromproduktion aus erneuerbaren Energiequellen. (Bild: www.depositphotos.com)<\/figcaption><\/figure>\n<p>Dominique Becht, Leiter Fachstelle Wertschriften bei der Stiftung Abendrot, begr\u00fcndet die Entscheidung f\u00fcr ein Investment: &#8222;Die EBL legt wie wir den Fokus auf langfristige Werte. Sie ist als Industriepartnerin \u00e4usserst glaubw\u00fcrdig und als Energieversorgerin in der Region verwurzelt. Wir sind \u00fcberzeugt, dass dies eine vorteilhafte und nachhaltige Investitionsm\u00f6glichkeit f\u00fcr unsere Pensionskasse ist&#8220;. CEO der EBL Tobias Andrist, betont auch: &#8222;Unser langfristiges Engagement f\u00fcr die Energiewende und unsere Partnerschaften mit professionellen und institutionellen Investoren machen uns zu einer vertrauensw\u00fcrdigen Anlaufstelle f\u00fcr nachhaltige Investitionen im Energiesektor. Wir planen, beim zweiten Closing im Jahr 2024 weitere 50 bis 100 Millionen EUR anzunehmen, und laden qualifizierte Investoren herzlich dazu ein, Teil dieser wegweisenden Initiative zu werden&#8220;.\u00a0<\/p>\n<p>Die EBL wird als Initiatorin selbst mit einem Anteil von 10-20% am Eigenkapital beteiligt sein. Geplant sind Investitionen in 20-25 baureife Projekte in den Bereichen Solarenergie, Onshore-Windkraft und Energiespeicherung, wobei der Schwerpunkt auf mittelgrosse PV-Freifl\u00e4chen in Deutschland und Spanien liegt. Durch die Konzentration auf nachhaltige Technologien erf\u00fcllt der Infrastrukturfonds die Anforderungen der EU-Offenlegungsverordnung zu nachhaltigen Finanzierungen (SFDR) und leistet somit einen wertvollen Beitrag zum Ziel des Pariser Abkommens der UN-Klimakonferenz, die globale Erw\u00e4rmung zu begrenzen.<\/p>\n<p>Beim ersten Closing des Fonds wurden bereits Zusagen von Ankerinvestoren in H\u00f6he von \u00fcber 100 Millionen EUR verzeichnet. Diese Mittel werden umgehend durch die EBL Infrastruktur Management AG in entsprechende Investitionen umgesetzt. Zudem geht die EBL weiter in Vorleistung und investiert als Gruppe weitere 110 Millionen EUR in eine speziell dem Fonds gewidmete Entwicklungspipeline. 1 GW dieser Pipeline wurde bereits gesichert.\u00a0<\/p>\n<p>Die EBL steht seit 1898 f\u00fcr Versorgungsicherheit und setzt sich seit \u00fcber einem Jahrzehnt entschieden f\u00fcr eine \u00f6kologische Energiegewinnung ein. Neben der Energieversorgung im Baselbiet und anderen Kantonen, betreibt EBL RES Kraftwerke im Kanton, in der Schweiz und im europ\u00e4ischen Ausland. Mit dem Bau eines CSP-Kraftwerks in Spanien investiert die EBL zusammen mit weiteren qualifizierten Schweizer Investoren seit 2010 in erneuerbare Energien. Die im Jahr 2012 gegr\u00fcndete EBL Fernw\u00e4rme AG hat in f\u00fcnf Schweizer Fernw\u00e4rmesysteme investiert und dabei 49 Millionen Schweizer Franken eingeworben. Die EBL Wind Invest AG hat 117 Millionen EUR von sechs weiteren Schweizer Investoren eingeworben und diese in 14 Onshore-Windparks mit 130 MW in Deutschland investiert. Die grosse Erfahrung im Portfolio-Management hat die EBL dazu veranlasst, weiter zu denken und die EBL-Tochter EBL Infrastruktur Management AG anfangs 2023 als Verwalterin von Kollektivverm\u00f6gen von der FINMA bewilligen zu lassen.\u00a0<\/p>\n<p><em>Quelle: <a href=\"https:\/\/www.ebl.ch\/de\/\">www.ebl.ch<\/a><\/em><\/p>\n","protected":false},"excerpt":{"rendered":"<p>Die Energieversorgerin EBL (Genossenschaft Elektra Baselland) hat einen bedeutenden Schritt auf ihrem Weg zur Etablierung eines 1-Gigawatt-Fondsportfolios in Stromproduktion aus erneuerbaren Energiequellen (Renewable Energy Sources, RES) gemacht. In einer erfolgreichen ersten Finanzierungsrunde des ESG Art. 9 RES-Infrastrukturfonds konnte das Unternehmen bereits \u00fcber 100 Millionen EUR f\u00fcr dieses Vorhaben sichern. <\/p>\n","protected":false},"author":58,"featured_media":24556,"comment_status":"closed","ping_status":"closed","sticky":false,"template":"","format":"standard","meta":{"_acf_changed":false,"_yoast_wpseo_focuskw":"EBL","_yoast_wpseo_metadesc":"Die EBL macht einen bedeutenden Schritt auf ihrem Weg zur Etablierung eines 1-Gigawatt-Fondsportfolios in Stromproduktion aus erneuerbaren Energiequellen.","articlekey":"","footnotes":""},"categories":[580],"tags":[1098,1787,492],"class_list":["post-24554","post","type-post","status-publish","format-standard","has-post-thumbnail","hentry","category-sustainability","tag-enerneuerbare-energie","tag-nachhaltigkeit","tag-unternehmen"],"acf":[],"yoast_head":"<!-- This site is optimized with the Yoast SEO plugin v27.4 - https:\/\/yoast.com\/product\/yoast-seo-wordpress\/ -->\n<title>EBL startet 1 GW Erneuerbare-Energie-Fonds mit \u00fcber 100 Mio. EUR f\u00fcr Europas Energiewende - Organisator<\/title>\n<meta name=\"description\" content=\"Die EBL macht einen bedeutenden Schritt auf ihrem Weg zur Etablierung eines 1-Gigawatt-Fondsportfolios in Stromproduktion aus erneuerbaren Energiequellen.\" \/>\n<meta name=\"robots\" content=\"index, follow, max-snippet:-1, max-image-preview:large, max-video-preview:-1\" \/>\n<link rel=\"canonical\" href=\"https:\/\/www.organisator.ch\/de\/sustainability\/2024-01-24\/ebl-startet-1-gw-erneuerbare-energie-fonds-mit-ueber-100-mio-eur-fuer-europas-energiewende\/\" \/>\n<meta property=\"og:locale\" content=\"de_DE\" \/>\n<meta property=\"og:type\" content=\"article\" \/>\n<meta property=\"og:title\" content=\"EBL startet 1 GW Erneuerbare-Energie-Fonds mit \u00fcber 100 Mio. EUR f\u00fcr Europas Energiewende\" \/>\n<meta property=\"og:description\" content=\"Die EBL macht einen bedeutenden Schritt auf ihrem Weg zur Etablierung eines 1-Gigawatt-Fondsportfolios in Stromproduktion aus erneuerbaren Energiequellen.\" \/>\n<meta property=\"og:url\" content=\"https:\/\/www.organisator.ch\/de\/sustainability\/2024-01-24\/ebl-startet-1-gw-erneuerbare-energie-fonds-mit-ueber-100-mio-eur-fuer-europas-energiewende\/\" \/>\n<meta property=\"og:site_name\" content=\"Organisator\" \/>\n<meta property=\"article:publisher\" content=\"https:\/\/www.facebook.com\/OrganisatorFachmagazin\" \/>\n<meta property=\"article:published_time\" content=\"2024-01-24T12:37:41+00:00\" \/>\n<meta property=\"og:image\" content=\"https:\/\/www.organisator.ch\/wp-content\/uploads\/2024\/01\/EBL_Bild1_ps.jpg\" \/>\n\t<meta property=\"og:image:width\" content=\"680\" \/>\n\t<meta property=\"og:image:height\" content=\"452\" \/>\n\t<meta property=\"og:image:type\" content=\"image\/jpeg\" \/>\n<meta name=\"author\" content=\"Adelisa Kalajdzini\" \/>\n<meta name=\"twitter:card\" content=\"summary_large_image\" \/>\n<meta name=\"twitter:title\" content=\"EBL startet 1 GW Erneuerbare-Energie-Fonds mit \u00fcber 100 Mio. EUR f\u00fcr Europas Energiewende\" \/>\n<meta name=\"twitter:description\" content=\"Die #EBL macht einen bedeutenden Schritt auf ihrem Weg zur Etablierung eines #1-Gigawatt-Fondsportfolios in #Stromproduktion aus erneuerbaren #Energiequellen.\" \/>\n<meta name=\"twitter:image\" content=\"https:\/\/www.organisator.ch\/wp-content\/uploads\/2024\/01\/EBL_Bild1_ps.jpg\" \/>\n<script type=\"application\/ld+json\" class=\"yoast-schema-graph\">{\"@context\":\"https:\\\/\\\/schema.org\",\"@graph\":[{\"@type\":\"Article\",\"@id\":\"https:\\\/\\\/www.organisator.ch\\\/sustainability\\\/2024-01-24\\\/ebl-startet-1-gw-erneuerbare-energie-fonds-mit-ueber-100-mio-eur-fuer-europas-energiewende\\\/#article\",\"isPartOf\":{\"@id\":\"https:\\\/\\\/www.organisator.ch\\\/sustainability\\\/2024-01-24\\\/ebl-startet-1-gw-erneuerbare-energie-fonds-mit-ueber-100-mio-eur-fuer-europas-energiewende\\\/\"},\"author\":{\"name\":\"Adelisa Kalajdzini\",\"@id\":\"https:\\\/\\\/www.organisator.ch\\\/#\\\/schema\\\/person\\\/2e1314a2172123f874db408d8911d3f3\"},\"headline\":\"EBL startet 1 GW Erneuerbare-Energie-Fonds mit \u00fcber 100 Mio. EUR f\u00fcr Europas Energiewende\",\"datePublished\":\"2024-01-24T12:37:41+00:00\",\"mainEntityOfPage\":{\"@id\":\"https:\\\/\\\/www.organisator.ch\\\/sustainability\\\/2024-01-24\\\/ebl-startet-1-gw-erneuerbare-energie-fonds-mit-ueber-100-mio-eur-fuer-europas-energiewende\\\/\"},\"wordCount\":440,\"publisher\":{\"@id\":\"https:\\\/\\\/www.organisator.ch\\\/#organization\"},\"image\":{\"@id\":\"https:\\\/\\\/www.organisator.ch\\\/sustainability\\\/2024-01-24\\\/ebl-startet-1-gw-erneuerbare-energie-fonds-mit-ueber-100-mio-eur-fuer-europas-energiewende\\\/#primaryimage\"},\"thumbnailUrl\":\"https:\\\/\\\/www.organisator.ch\\\/wp-content\\\/uploads\\\/2024\\\/01\\\/EBL_Bild1_ps.jpg\",\"keywords\":[\"Enerneuerbare Energie\",\"Nachhaltigkeit\",\"Unternehmen\"],\"articleSection\":[\"SUSTAINABILITY\"],\"inLanguage\":\"de\"},{\"@type\":\"WebPage\",\"@id\":\"https:\\\/\\\/www.organisator.ch\\\/sustainability\\\/2024-01-24\\\/ebl-startet-1-gw-erneuerbare-energie-fonds-mit-ueber-100-mio-eur-fuer-europas-energiewende\\\/\",\"url\":\"https:\\\/\\\/www.organisator.ch\\\/sustainability\\\/2024-01-24\\\/ebl-startet-1-gw-erneuerbare-energie-fonds-mit-ueber-100-mio-eur-fuer-europas-energiewende\\\/\",\"name\":\"EBL startet 1 GW Erneuerbare-Energie-Fonds mit \u00fcber 100 Mio. EUR f\u00fcr Europas Energiewende - Organisator\",\"isPartOf\":{\"@id\":\"https:\\\/\\\/www.organisator.ch\\\/#website\"},\"primaryImageOfPage\":{\"@id\":\"https:\\\/\\\/www.organisator.ch\\\/sustainability\\\/2024-01-24\\\/ebl-startet-1-gw-erneuerbare-energie-fonds-mit-ueber-100-mio-eur-fuer-europas-energiewende\\\/#primaryimage\"},\"image\":{\"@id\":\"https:\\\/\\\/www.organisator.ch\\\/sustainability\\\/2024-01-24\\\/ebl-startet-1-gw-erneuerbare-energie-fonds-mit-ueber-100-mio-eur-fuer-europas-energiewende\\\/#primaryimage\"},\"thumbnailUrl\":\"https:\\\/\\\/www.organisator.ch\\\/wp-content\\\/uploads\\\/2024\\\/01\\\/EBL_Bild1_ps.jpg\",\"datePublished\":\"2024-01-24T12:37:41+00:00\",\"description\":\"Die EBL macht einen bedeutenden Schritt auf ihrem Weg zur Etablierung eines 1-Gigawatt-Fondsportfolios in Stromproduktion aus erneuerbaren Energiequellen.\",\"breadcrumb\":{\"@id\":\"https:\\\/\\\/www.organisator.ch\\\/sustainability\\\/2024-01-24\\\/ebl-startet-1-gw-erneuerbare-energie-fonds-mit-ueber-100-mio-eur-fuer-europas-energiewende\\\/#breadcrumb\"},\"inLanguage\":\"de\",\"potentialAction\":[{\"@type\":\"ReadAction\",\"target\":[\"https:\\\/\\\/www.organisator.ch\\\/sustainability\\\/2024-01-24\\\/ebl-startet-1-gw-erneuerbare-energie-fonds-mit-ueber-100-mio-eur-fuer-europas-energiewende\\\/\"]}]},{\"@type\":\"ImageObject\",\"inLanguage\":\"de\",\"@id\":\"https:\\\/\\\/www.organisator.ch\\\/sustainability\\\/2024-01-24\\\/ebl-startet-1-gw-erneuerbare-energie-fonds-mit-ueber-100-mio-eur-fuer-europas-energiewende\\\/#primaryimage\",\"url\":\"https:\\\/\\\/www.organisator.ch\\\/wp-content\\\/uploads\\\/2024\\\/01\\\/EBL_Bild1_ps.jpg\",\"contentUrl\":\"https:\\\/\\\/www.organisator.ch\\\/wp-content\\\/uploads\\\/2024\\\/01\\\/EBL_Bild1_ps.jpg\",\"width\":680,\"height\":452,\"caption\":\"Die EBL macht einen bedeutenden Schritt auf ihrem Weg zur Etablierung eines 1-Gigawatt-Fondsportfolios in Stromproduktion aus erneuerbaren Energiequellen. (Bild: www.depositphotos.com)\"},{\"@type\":\"BreadcrumbList\",\"@id\":\"https:\\\/\\\/www.organisator.ch\\\/sustainability\\\/2024-01-24\\\/ebl-startet-1-gw-erneuerbare-energie-fonds-mit-ueber-100-mio-eur-fuer-europas-energiewende\\\/#breadcrumb\",\"itemListElement\":[{\"@type\":\"ListItem\",\"position\":1,\"name\":\"Home\",\"item\":\"https:\\\/\\\/www.organisator.ch\\\/\"},{\"@type\":\"ListItem\",\"position\":2,\"name\":\"EBL startet 1 GW Erneuerbare-Energie-Fonds mit \u00fcber 100 Mio. EUR f\u00fcr Europas Energiewende\"}]},{\"@type\":\"WebSite\",\"@id\":\"https:\\\/\\\/www.organisator.ch\\\/#website\",\"url\":\"https:\\\/\\\/www.organisator.ch\\\/\",\"name\":\"Organisator\",\"description\":\"Kompetent. Praxisnah. Der ORGANISATOR bereitet in 10 Ausgaben pro Jahr die wesentlichen Themen f\u00fcr F\u00fchrungskr\u00e4fte von KMU auf.\",\"publisher\":{\"@id\":\"https:\\\/\\\/www.organisator.ch\\\/#organization\"},\"potentialAction\":[{\"@type\":\"SearchAction\",\"target\":{\"@type\":\"EntryPoint\",\"urlTemplate\":\"https:\\\/\\\/www.organisator.ch\\\/?s={search_term_string}\"},\"query-input\":{\"@type\":\"PropertyValueSpecification\",\"valueRequired\":true,\"valueName\":\"search_term_string\"}}],\"inLanguage\":\"de\"},{\"@type\":\"Organization\",\"@id\":\"https:\\\/\\\/www.organisator.ch\\\/#organization\",\"name\":\"Organisator\",\"url\":\"https:\\\/\\\/www.organisator.ch\\\/\",\"logo\":{\"@type\":\"ImageObject\",\"inLanguage\":\"de\",\"@id\":\"https:\\\/\\\/www.organisator.ch\\\/#\\\/schema\\\/logo\\\/image\\\/\",\"url\":\"https:\\\/\\\/www.organisator.ch\\\/wp-content\\\/uploads\\\/2022\\\/01\\\/Logo_Organisator_Website.png\",\"contentUrl\":\"https:\\\/\\\/www.organisator.ch\\\/wp-content\\\/uploads\\\/2022\\\/01\\\/Logo_Organisator_Website.png\",\"width\":800,\"height\":77,\"caption\":\"Organisator\"},\"image\":{\"@id\":\"https:\\\/\\\/www.organisator.ch\\\/#\\\/schema\\\/logo\\\/image\\\/\"},\"sameAs\":[\"https:\\\/\\\/www.facebook.com\\\/OrganisatorFachmagazin\",\"https:\\\/\\\/www.linkedin.com\\\/showcase\\\/organisator-das-magazin-fr-kmu\",\"https:\\\/\\\/www.xing.com\\\/news\\\/pages\\\/organisator-ch-695\",\"https:\\\/\\\/www.youtube.com\\\/channel\\\/UCGP2Sq0iWaZwT3BdIAQFYpw\"]},{\"@type\":\"Person\",\"@id\":\"https:\\\/\\\/www.organisator.ch\\\/#\\\/schema\\\/person\\\/2e1314a2172123f874db408d8911d3f3\",\"name\":\"Adelisa Kalajdzini\",\"image\":{\"@type\":\"ImageObject\",\"inLanguage\":\"de\",\"@id\":\"https:\\\/\\\/secure.gravatar.com\\\/avatar\\\/09a397c22ac58cad6f160ee8306348599df9df58a8ede73696226897b9fa4b24?s=96&d=mm&r=g\",\"url\":\"https:\\\/\\\/secure.gravatar.com\\\/avatar\\\/09a397c22ac58cad6f160ee8306348599df9df58a8ede73696226897b9fa4b24?s=96&d=mm&r=g\",\"contentUrl\":\"https:\\\/\\\/secure.gravatar.com\\\/avatar\\\/09a397c22ac58cad6f160ee8306348599df9df58a8ede73696226897b9fa4b24?s=96&d=mm&r=g\",\"caption\":\"Adelisa Kalajdzini\"},\"url\":\"https:\\\/\\\/www.organisator.ch\\\/de\\\/author\\\/adelisa-kalajdzini\\\/\"}]}<\/script>\n<!-- \/ Yoast SEO plugin. -->","yoast_head_json":{"title":"EBL startet 1 GW Erneuerbare-Energie-Fonds mit \u00fcber 100 Mio. EUR f\u00fcr Europas Energiewende - Organisator","description":"Die EBL macht einen bedeutenden Schritt auf ihrem Weg zur Etablierung eines 1-Gigawatt-Fondsportfolios in Stromproduktion aus erneuerbaren Energiequellen.","robots":{"index":"index","follow":"follow","max-snippet":"max-snippet:-1","max-image-preview":"max-image-preview:large","max-video-preview":"max-video-preview:-1"},"canonical":"https:\/\/www.organisator.ch\/de\/sustainability\/2024-01-24\/ebl-startet-1-gw-erneuerbare-energie-fonds-mit-ueber-100-mio-eur-fuer-europas-energiewende\/","og_locale":"de_DE","og_type":"article","og_title":"EBL startet 1 GW Erneuerbare-Energie-Fonds mit \u00fcber 100 Mio. EUR f\u00fcr Europas Energiewende","og_description":"Die EBL macht einen bedeutenden Schritt auf ihrem Weg zur Etablierung eines 1-Gigawatt-Fondsportfolios in Stromproduktion aus erneuerbaren Energiequellen.","og_url":"https:\/\/www.organisator.ch\/de\/sustainability\/2024-01-24\/ebl-startet-1-gw-erneuerbare-energie-fonds-mit-ueber-100-mio-eur-fuer-europas-energiewende\/","og_site_name":"Organisator","article_publisher":"https:\/\/www.facebook.com\/OrganisatorFachmagazin","article_published_time":"2024-01-24T12:37:41+00:00","og_image":[{"width":680,"height":452,"url":"https:\/\/www.organisator.ch\/wp-content\/uploads\/2024\/01\/EBL_Bild1_ps.jpg","type":"image\/jpeg"}],"author":"Adelisa Kalajdzini","twitter_card":"summary_large_image","twitter_title":"EBL startet 1 GW Erneuerbare-Energie-Fonds mit \u00fcber 100 Mio. EUR f\u00fcr Europas Energiewende","twitter_description":"Die #EBL macht einen bedeutenden Schritt auf ihrem Weg zur Etablierung eines #1-Gigawatt-Fondsportfolios in #Stromproduktion aus erneuerbaren #Energiequellen.","twitter_image":"https:\/\/www.organisator.ch\/wp-content\/uploads\/2024\/01\/EBL_Bild1_ps.jpg","schema":{"@context":"https:\/\/schema.org","@graph":[{"@type":"Article","@id":"https:\/\/www.organisator.ch\/sustainability\/2024-01-24\/ebl-startet-1-gw-erneuerbare-energie-fonds-mit-ueber-100-mio-eur-fuer-europas-energiewende\/#article","isPartOf":{"@id":"https:\/\/www.organisator.ch\/sustainability\/2024-01-24\/ebl-startet-1-gw-erneuerbare-energie-fonds-mit-ueber-100-mio-eur-fuer-europas-energiewende\/"},"author":{"name":"Adelisa Kalajdzini","@id":"https:\/\/www.organisator.ch\/#\/schema\/person\/2e1314a2172123f874db408d8911d3f3"},"headline":"EBL startet 1 GW Erneuerbare-Energie-Fonds mit \u00fcber 100 Mio. EUR f\u00fcr Europas Energiewende","datePublished":"2024-01-24T12:37:41+00:00","mainEntityOfPage":{"@id":"https:\/\/www.organisator.ch\/sustainability\/2024-01-24\/ebl-startet-1-gw-erneuerbare-energie-fonds-mit-ueber-100-mio-eur-fuer-europas-energiewende\/"},"wordCount":440,"publisher":{"@id":"https:\/\/www.organisator.ch\/#organization"},"image":{"@id":"https:\/\/www.organisator.ch\/sustainability\/2024-01-24\/ebl-startet-1-gw-erneuerbare-energie-fonds-mit-ueber-100-mio-eur-fuer-europas-energiewende\/#primaryimage"},"thumbnailUrl":"https:\/\/www.organisator.ch\/wp-content\/uploads\/2024\/01\/EBL_Bild1_ps.jpg","keywords":["Enerneuerbare Energie","Nachhaltigkeit","Unternehmen"],"articleSection":["SUSTAINABILITY"],"inLanguage":"de"},{"@type":"WebPage","@id":"https:\/\/www.organisator.ch\/sustainability\/2024-01-24\/ebl-startet-1-gw-erneuerbare-energie-fonds-mit-ueber-100-mio-eur-fuer-europas-energiewende\/","url":"https:\/\/www.organisator.ch\/sustainability\/2024-01-24\/ebl-startet-1-gw-erneuerbare-energie-fonds-mit-ueber-100-mio-eur-fuer-europas-energiewende\/","name":"EBL startet 1 GW Erneuerbare-Energie-Fonds mit \u00fcber 100 Mio. EUR f\u00fcr Europas Energiewende - Organisator","isPartOf":{"@id":"https:\/\/www.organisator.ch\/#website"},"primaryImageOfPage":{"@id":"https:\/\/www.organisator.ch\/sustainability\/2024-01-24\/ebl-startet-1-gw-erneuerbare-energie-fonds-mit-ueber-100-mio-eur-fuer-europas-energiewende\/#primaryimage"},"image":{"@id":"https:\/\/www.organisator.ch\/sustainability\/2024-01-24\/ebl-startet-1-gw-erneuerbare-energie-fonds-mit-ueber-100-mio-eur-fuer-europas-energiewende\/#primaryimage"},"thumbnailUrl":"https:\/\/www.organisator.ch\/wp-content\/uploads\/2024\/01\/EBL_Bild1_ps.jpg","datePublished":"2024-01-24T12:37:41+00:00","description":"Die EBL macht einen bedeutenden Schritt auf ihrem Weg zur Etablierung eines 1-Gigawatt-Fondsportfolios in Stromproduktion aus erneuerbaren Energiequellen.","breadcrumb":{"@id":"https:\/\/www.organisator.ch\/sustainability\/2024-01-24\/ebl-startet-1-gw-erneuerbare-energie-fonds-mit-ueber-100-mio-eur-fuer-europas-energiewende\/#breadcrumb"},"inLanguage":"de","potentialAction":[{"@type":"ReadAction","target":["https:\/\/www.organisator.ch\/sustainability\/2024-01-24\/ebl-startet-1-gw-erneuerbare-energie-fonds-mit-ueber-100-mio-eur-fuer-europas-energiewende\/"]}]},{"@type":"ImageObject","inLanguage":"de","@id":"https:\/\/www.organisator.ch\/sustainability\/2024-01-24\/ebl-startet-1-gw-erneuerbare-energie-fonds-mit-ueber-100-mio-eur-fuer-europas-energiewende\/#primaryimage","url":"https:\/\/www.organisator.ch\/wp-content\/uploads\/2024\/01\/EBL_Bild1_ps.jpg","contentUrl":"https:\/\/www.organisator.ch\/wp-content\/uploads\/2024\/01\/EBL_Bild1_ps.jpg","width":680,"height":452,"caption":"Die EBL macht einen bedeutenden Schritt auf ihrem Weg zur Etablierung eines 1-Gigawatt-Fondsportfolios in Stromproduktion aus erneuerbaren Energiequellen. (Bild: www.depositphotos.com)"},{"@type":"BreadcrumbList","@id":"https:\/\/www.organisator.ch\/sustainability\/2024-01-24\/ebl-startet-1-gw-erneuerbare-energie-fonds-mit-ueber-100-mio-eur-fuer-europas-energiewende\/#breadcrumb","itemListElement":[{"@type":"ListItem","position":1,"name":"Home","item":"https:\/\/www.organisator.ch\/"},{"@type":"ListItem","position":2,"name":"EBL startet 1 GW Erneuerbare-Energie-Fonds mit \u00fcber 100 Mio. EUR f\u00fcr Europas Energiewende"}]},{"@type":"WebSite","@id":"https:\/\/www.organisator.ch\/#website","url":"https:\/\/www.organisator.ch\/","name":"Organisator","description":"Kompetent. Praxisnah. Der ORGANISATOR bereitet in 10 Ausgaben pro Jahr die wesentlichen Themen f\u00fcr F\u00fchrungskr\u00e4fte von KMU auf.","publisher":{"@id":"https:\/\/www.organisator.ch\/#organization"},"potentialAction":[{"@type":"SearchAction","target":{"@type":"EntryPoint","urlTemplate":"https:\/\/www.organisator.ch\/?s={search_term_string}"},"query-input":{"@type":"PropertyValueSpecification","valueRequired":true,"valueName":"search_term_string"}}],"inLanguage":"de"},{"@type":"Organization","@id":"https:\/\/www.organisator.ch\/#organization","name":"Organisator","url":"https:\/\/www.organisator.ch\/","logo":{"@type":"ImageObject","inLanguage":"de","@id":"https:\/\/www.organisator.ch\/#\/schema\/logo\/image\/","url":"https:\/\/www.organisator.ch\/wp-content\/uploads\/2022\/01\/Logo_Organisator_Website.png","contentUrl":"https:\/\/www.organisator.ch\/wp-content\/uploads\/2022\/01\/Logo_Organisator_Website.png","width":800,"height":77,"caption":"Organisator"},"image":{"@id":"https:\/\/www.organisator.ch\/#\/schema\/logo\/image\/"},"sameAs":["https:\/\/www.facebook.com\/OrganisatorFachmagazin","https:\/\/www.linkedin.com\/showcase\/organisator-das-magazin-fr-kmu","https:\/\/www.xing.com\/news\/pages\/organisator-ch-695","https:\/\/www.youtube.com\/channel\/UCGP2Sq0iWaZwT3BdIAQFYpw"]},{"@type":"Person","@id":"https:\/\/www.organisator.ch\/#\/schema\/person\/2e1314a2172123f874db408d8911d3f3","name":"Adelisa Kalajdzini","image":{"@type":"ImageObject","inLanguage":"de","@id":"https:\/\/secure.gravatar.com\/avatar\/09a397c22ac58cad6f160ee8306348599df9df58a8ede73696226897b9fa4b24?s=96&d=mm&r=g","url":"https:\/\/secure.gravatar.com\/avatar\/09a397c22ac58cad6f160ee8306348599df9df58a8ede73696226897b9fa4b24?s=96&d=mm&r=g","contentUrl":"https:\/\/secure.gravatar.com\/avatar\/09a397c22ac58cad6f160ee8306348599df9df58a8ede73696226897b9fa4b24?s=96&d=mm&r=g","caption":"Adelisa Kalajdzini"},"url":"https:\/\/www.organisator.ch\/de\/author\/adelisa-kalajdzini\/"}]}},"_links":{"self":[{"href":"https:\/\/www.organisator.ch\/de\/wp-json\/wp\/v2\/posts\/24554","targetHints":{"allow":["GET"]}}],"collection":[{"href":"https:\/\/www.organisator.ch\/de\/wp-json\/wp\/v2\/posts"}],"about":[{"href":"https:\/\/www.organisator.ch\/de\/wp-json\/wp\/v2\/types\/post"}],"author":[{"embeddable":true,"href":"https:\/\/www.organisator.ch\/de\/wp-json\/wp\/v2\/users\/58"}],"replies":[{"embeddable":true,"href":"https:\/\/www.organisator.ch\/de\/wp-json\/wp\/v2\/comments?post=24554"}],"version-history":[{"count":6,"href":"https:\/\/www.organisator.ch\/de\/wp-json\/wp\/v2\/posts\/24554\/revisions"}],"predecessor-version":[{"id":24579,"href":"https:\/\/www.organisator.ch\/de\/wp-json\/wp\/v2\/posts\/24554\/revisions\/24579"}],"wp:featuredmedia":[{"embeddable":true,"href":"https:\/\/www.organisator.ch\/de\/wp-json\/wp\/v2\/media\/24556"}],"wp:attachment":[{"href":"https:\/\/www.organisator.ch\/de\/wp-json\/wp\/v2\/media?parent=24554"}],"wp:term":[{"taxonomy":"category","embeddable":true,"href":"https:\/\/www.organisator.ch\/de\/wp-json\/wp\/v2\/categories?post=24554"},{"taxonomy":"post_tag","embeddable":true,"href":"https:\/\/www.organisator.ch\/de\/wp-json\/wp\/v2\/tags?post=24554"}],"curies":[{"name":"wp","href":"https:\/\/api.w.org\/{rel}","templated":true}]}}